{"id":129304,"date":"2025-05-27T14:28:09","date_gmt":"2025-05-27T13:28:09","guid":{"rendered":"https:\/\/helloproject.es\/vigilancia\/el-74-de-los-espanoles-califican-su-salud-entre-buena-y-muy-buena\/"},"modified":"2025-05-27T14:28:09","modified_gmt":"2025-05-27T13:28:09","slug":"el-74-de-los-espanoles-califican-su-salud-entre-buena-y-muy-buena","status":"publish","type":"post","link":"https:\/\/helloproject.es\/vigilancia\/el-74-de-los-espanoles-califican-su-salud-entre-buena-y-muy-buena\/","title":{"rendered":"El 74 % de los espa\u00f1oles califican su salud entre buena y muy buena"},"content":{"rendered":"<p>El Ministerio de Sanidad y el Instituto Nacional de Estad\u00edstica (INE) han publicado los resultados preliminares de\u00a0<a href=\"https:\/\/www.sanidad.gob.es\/estadEstudios\/estadisticas\/encuestaNacional\/\" target=\"_blank\">Encuesta de\u00a0Salud de Espa\u00f1a (ESdE) 2023<\/a>, que recoge datos clave sobre el estado de salud, uso de servicios sanitarios y determinantes sociales de la salud de la poblaci\u00f3n residente en todo el territorio nacional.<\/p>\n<p>Desde que se inici\u00f3 la serie hist\u00f3rica de esta encuesta en Espa\u00f1a en 1987, la percepci\u00f3n sobre la salud ha experimentado una evoluci\u00f3n positiva y sostenida. En ese a\u00f1o, el porcentaje de poblaci\u00f3n que declaraba tener una salud buena o muy buena era del 65 %, mientras que en 2023 alcanz\u00f3 el 74 %, a pesar del notable envejecimiento de la poblaci\u00f3n.<\/p>\n<p>Los datos reflejan no solo un aumento en la esperanza de vida, sino tambi\u00e9n en los a\u00f1os vividos con buena percepci\u00f3n de salud<\/p>\n<p>Esta mejora se observa en todos los grupos de edad: por ejemplo, en las personas de 45 a 54 a\u00f1os, la percepci\u00f3n positiva ha pasado del 63 % en 1987 al 72 % en 2023; en el grupo de 65 a 74 a\u00f1os, del 40 % al 59 %; y en los mayores de 75 a\u00f1os, del 37% al 40 %.<\/p>\n<p>Esto evidencia que incluso entre los m\u00e1s mayores se han registrado avances. Los datos reflejan no solo un aumento en la esperanza de vida, sino tambi\u00e9n en los a\u00f1os vividos con buena percepci\u00f3n de salud, lo cual apunta a mejoras efectivas en calidad de vida, prevenci\u00f3n y atenci\u00f3n sanitaria en Espa\u00f1a durante las \u00faltimas d\u00e9cadas.<\/p>\n<p><a><\/a><\/p>\n<h2>Diferencias\u00a0por edad, sexo y clase social<\/h2>\n<p>El 74 % de los espa\u00f1oles valora su salud como buena o muy buena, aunque persisten diferencias por edad, sexo y clase social. Los hombres (78 %) declaran un mejor estado de salud que las mujeres (70 %). La percepci\u00f3n positiva disminuye con la edad del 94% en menores de 5 a\u00f1os al 38 % en mayores de 85.<\/p>\n<p>Las enfermedades cr\u00f3nicas como la hipertensi\u00f3n, el colesterol alto y el dolor de espalda cr\u00f3nico son los problemas m\u00e1s frecuentes entre los adultos.<\/p>\n<p>La hipertensi\u00f3n, el colesterol alto y el dolor de espalda cr\u00f3nico son los problemas m\u00e1s frecuentes entre los adultos<\/p>\n<p>En cuanto a\u00a0la salud mental el 29,8 % de la poblaci\u00f3n adulta presenta sintomatolog\u00eda depresiva, una cifra que es considerablemente mayor en mujeres (35,1%) que en hombres (24,4 %).<\/p>\n<p>Las diferencias se acent\u00faan con la edad y los indicadores muestran un deterioro del bienestar emocional respecto a ediciones anteriores: 20,4 % en 2014 al 24,4 % en 2019. Adem\u00e1s, las mujeres presentan una mayor prevalencia de trastornos como depresi\u00f3n y ansiedad.<\/p>\n<p>Por otro lado, el 41,6 % de las personas mayores de 65 a\u00f1os sufre limitaciones de movilidad, y un 16,8 % de la poblaci\u00f3n de 55 a\u00f1os o m\u00e1s tiene dificultades para realizar actividades b\u00e1sicas de la vida diaria. Asimismo, en el grupo de mayores de 65 a\u00f1os, un 36,3 % declara tener problemas de audici\u00f3n, un 28,8 % deterioro cognitivo y un 23,2 % limitaciones visuales.<\/p>\n<p>En relaci\u00f3n al uso de servicios sanitarios, el 82,4 % de la poblaci\u00f3n acudi\u00f3 al m\u00e9dico en el \u00faltimo a\u00f1o, un dato que se mantiene alto y constante. Adem\u00e1s, el 23% acudi\u00f3 a urgencias, el 6,8% fue hospitalizado y el 6,7% recibi\u00f3 atenci\u00f3n en hospital de d\u00eda. Los mayores y personas con enfermedades cr\u00f3nicas son quienes m\u00e1s utilizan estos servicios.<\/p>\n<p><a><\/a><\/p>\n<h2>Mayor obesidad pero menos sedentarismo<\/h2>\n<p>Los h\u00e1bitos de vida relacionados con la alimentaci\u00f3n y la actividad f\u00edsica han mostrado cambios importantes en las \u00faltimas d\u00e9cadas. Los datos de la ESdE 2023 permiten observar mejoras en algunos indicadores clave, aunque persisten desigualdades que condicionan estos avances.<\/p>\n<p>El consumo diario de fruta y verdura ha mostrado una evoluci\u00f3n positiva desde los a\u00f1os 2000, especialmente en las mujeres. En 2001, solo el 50 % de los hombres y el 56 % de las mujeres com\u00edan fruta diariamente; en 2023, estas cifras se sit\u00faan en el 63,9% y 69,6% respectivamente, con un incremento sostenido a lo largo del tiempo.<\/p>\n<p>El consumo diario de verdura tambi\u00e9n ha mejorado, de 27% en hombres y 38,5% en mujeres en 2001 a 52,3% y 74,1% en 2023. A pesar de este progreso, el acceso y la frecuencia siguen marcados por el nivel socioecon\u00f3mico: los grupos m\u00e1s desfavorecidos consumen significativamente menos productos frescos que los de clases altas.<\/p>\n<p>La prevalencia del sobrepeso y la obesidad en adultos ha aumentado desde 1987, aunque parece haber empezado a estabilizarse en los \u00faltimos a\u00f1os<\/p>\n<p>La prevalencia del sobrepeso y la obesidad en adultos ha aumentado desde 1987, aunque parece haber empezado a estabilizarse en los \u00faltimos a\u00f1os. En 1987, el 45,3% de los hombres y el 33,5% de las mujeres ten\u00edan sobrepeso u obesidad.<\/p>\n<p>En 2023, estas cifras se sit\u00faan en el 62,2% para hombres y 48% para mujeres. Aunque la tendencia general es de incremento, en la \u00faltima d\u00e9cada se observa una ligera desaceleraci\u00f3n, especialmente en mujeres.<\/p>\n<p>En la infancia, la situaci\u00f3n ha evolucionado de forma similar: el sobrepeso y la obesidad infantil, que alcanzaron picos del 32% en los a\u00f1os 2000, se sit\u00faan ahora en torno al 28%, lo que indica cierta contenci\u00f3n del problema, aunque persisten fuertes desigualdades sociales.<\/p>\n<p>El sedentarismo en el tiempo libre ha experimentado una mejor\u00eda clara desde 2014<\/p>\n<p>El sedentarismo en el tiempo libre ha experimentado una mejor\u00eda clara desde 2014. En ese a\u00f1o, el 46,6% de las mujeres y el 35,9% de los hombres declaraban no realizar ninguna actividad f\u00edsica en su tiempo libre. En 2023, esas cifras han descendido a 32,6% en mujeres y 25,3% en hombres, lo que sugiere un cambio positivo en la conciencia sobre la importancia del ejercicio.<\/p>\n<p><a><\/a><\/p>\n<h2>Menor consumo de tabaco y alcohol<\/h2>\n<p>El consumo diario de tabaco ha disminuido notablemente en las \u00faltimas tres d\u00e9cadas. En 1993, el 32,1 % de la poblaci\u00f3n fumaba a diario; en 2023, esta cifra se reduce al 17 %. Esta mejora es especialmente destacable en hombres j\u00f3venes: en el grupo de 15 a 24 a\u00f1os, la tasa de fumadores diarios ha pasado de m\u00e1s del 40% en 1995 a menos del 14% en la actualidad.<\/p>\n<p>La tasa de fumadores diarios ha pasado de m\u00e1s del 40 % en 1995 a menos del 14 % en la actualidad.<\/p>\n<p>El consumo de alcohol tambi\u00e9n muestra un decrecimiento general. En 2006, el 64,8% de los hombres y el 46,4% de las mujeres beb\u00edan de forma habitual (al menos una vez a la semana). En 2023, estas cifras han descendido al 52,4% y 40,8% respectivamente. Y en relaci\u00f3n con el consumo diario, este se ha reducido del 20% en hombres en 2011 a alrededor del 12% en 2023. De hecho, en mujeres, ha bajado de forma m\u00e1s marcada a\u00fan, de cerca del 7 % a menos del 4 % actual.<\/p>","protected":false},"excerpt":{"rendered":"<p>El Ministerio de Sanidad y el Instituto Nacional de Estad\u00edstica (INE) han publicado los resultados preliminares de\u00a0Encuesta de\u00a0Salud de Espa\u00f1a (ESdE) 2023, que recoge datos clave sobre el estado de salud, uso de servicios sanitarios y determinantes sociales de la salud de la poblaci\u00f3n residente en todo el territorio nacional. Desde que se inici\u00f3 la [&hellip;]<\/p>\n","protected":false},"author":5,"featured_media":0,"comment_status":"","ping_status":"","sticky":false,"template":"","format":"standard","meta":{"site-sidebar-layout":"default","site-content-layout":"","ast-site-content-layout":"default","site-content-style":"default","site-sidebar-style":"default","ast-global-header-display":"","ast-banner-title-visibility":"","ast-main-header-display":"","ast-hfb-above-header-display":"","ast-hfb-below-header-display":"","ast-hfb-mobile-header-display":"","site-post-title":"","ast-breadcrumbs-content":"","ast-featured-img":"","footer-sml-layout":"","ast-disable-related-posts":"","theme-transparent-header-meta":"","adv-header-id-meta":"","stick-header-meta":"","header-above-stick-meta":"","header-main-stick-meta":"","header-below-stick-meta":"","astra-migrate-meta-layouts":"default","ast-page-background-enabled":"default","ast-page-background-meta":{"desktop":{"background-color":"var(--ast-global-color-4)","background-image":"","background-repeat":"repeat","background-position":"center center","background-size":"auto","background-attachment":"scroll","background-type":"","background-media":"","overlay-type":"","overlay-color":"","overlay-opacity":"","overlay-gradient":""},"tablet":{"background-color":"","background-image":"","background-repeat":"repeat","background-position":"center center","background-size":"auto","background-attachment":"scroll","background-type":"","background-media":"","overlay-type":"","overlay-color":"","overlay-opacity":"","overlay-gradient":""},"mobile":{"background-color":"","background-image":"","background-repeat":"repeat","background-position":"center center","background-size":"auto","background-attachment":"scroll","background-type":"","background-media":"","overlay-type":"","overlay-color":"","overlay-opacity":"","overlay-gradient":""}},"ast-content-background-meta":{"desktop":{"background-color":"var(--ast-global-color-5)","background-image":"","background-repeat":"repeat","background-position":"center center","background-size":"auto","background-attachment":"scroll","background-type":"","background-media":"","overlay-type":"","overlay-color":"","overlay-opacity":"","overlay-gradient":""},"tablet":{"background-color":"var(--ast-global-color-5)","background-image":"","background-repeat":"repeat","background-position":"center center","background-size":"auto","background-attachment":"scroll","background-type":"","background-media":"","overlay-type":"","overlay-color":"","overlay-opacity":"","overlay-gradient":""},"mobile":{"background-color":"var(--ast-global-color-5)","background-image":"","background-repeat":"repeat","background-position":"center center","background-size":"auto","background-attachment":"scroll","background-type":"","background-media":"","overlay-type":"","overlay-color":"","overlay-opacity":"","overlay-gradient":""}},"footnotes":""},"categories":[5],"tags":[],"class_list":["post-129304","post","type-post","status-publish","format-standard","hentry","category-noticias"],"yoast_head":"<!-- This site is optimized with the Yoast SEO Premium plugin v20.9 (Yoast SEO v27.4) - https:\/\/yoast.com\/product\/yoast-seo-premium-wordpress\/ -->\n<title>El 74 % de los espa\u00f1oles califican su salud entre buena y muy buena - bip4ex<\/title>\n<meta name=\"robots\" content=\"index, follow, max-snippet:-1, max-image-preview:large, max-video-preview:-1\" \/>\n<link rel=\"canonical\" href=\"https:\/\/helloproject.es\/vigilancia\/el-74-de-los-espanoles-califican-su-salud-entre-buena-y-muy-buena\/\" \/>\n<meta property=\"og:locale\" content=\"es_ES\" \/>\n<meta property=\"og:type\" content=\"article\" \/>\n<meta property=\"og:title\" content=\"El 74 % de los espa\u00f1oles califican su salud entre buena y muy buena\" \/>\n<meta property=\"og:description\" content=\"El Ministerio de Sanidad y el Instituto Nacional de Estad\u00edstica (INE) han publicado los resultados preliminares de\u00a0Encuesta de\u00a0Salud de Espa\u00f1a (ESdE) 2023, que recoge datos clave sobre el estado de salud, uso de servicios sanitarios y determinantes sociales de la salud de la poblaci\u00f3n residente en todo el territorio nacional. Desde que se inici\u00f3 la [&hellip;]\" \/>\n<meta property=\"og:url\" content=\"https:\/\/helloproject.es\/vigilancia\/el-74-de-los-espanoles-califican-su-salud-entre-buena-y-muy-buena\/\" \/>\n<meta property=\"og:site_name\" content=\"bip4ex\" \/>\n<meta property=\"article:published_time\" content=\"2025-05-27T13:28:09+00:00\" \/>\n<meta name=\"author\" content=\"Luis Miguel Mej\u00edas Ramos\" \/>\n<meta name=\"twitter:card\" content=\"summary_large_image\" \/>\n<meta name=\"twitter:label1\" content=\"Escrito por\" \/>\n\t<meta name=\"twitter:data1\" content=\"Luis Miguel Mej\u00edas Ramos\" \/>\n\t<meta name=\"twitter:label2\" content=\"Tiempo de lectura\" \/>\n\t<meta name=\"twitter:data2\" content=\"5 minutos\" \/>\n<script type=\"application\/ld+json\" class=\"yoast-schema-graph\">{\"@context\":\"https:\\\/\\\/schema.org\",\"@graph\":[{\"@type\":\"Article\",\"@id\":\"https:\\\/\\\/helloproject.es\\\/vigilancia\\\/el-74-de-los-espanoles-califican-su-salud-entre-buena-y-muy-buena\\\/#article\",\"isPartOf\":{\"@id\":\"https:\\\/\\\/helloproject.es\\\/vigilancia\\\/el-74-de-los-espanoles-califican-su-salud-entre-buena-y-muy-buena\\\/\"},\"author\":{\"name\":\"Luis Miguel Mej\u00edas Ramos\",\"@id\":\"https:\\\/\\\/helloproject.es\\\/vigilancia\\\/#\\\/schema\\\/person\\\/3767b0619d59a11570372c821f8619ca\"},\"headline\":\"El 74 % de los espa\u00f1oles califican su salud entre buena y muy buena\",\"datePublished\":\"2025-05-27T13:28:09+00:00\",\"mainEntityOfPage\":{\"@id\":\"https:\\\/\\\/helloproject.es\\\/vigilancia\\\/el-74-de-los-espanoles-califican-su-salud-entre-buena-y-muy-buena\\\/\"},\"wordCount\":1100,\"publisher\":{\"@id\":\"https:\\\/\\\/helloproject.es\\\/vigilancia\\\/#organization\"},\"articleSection\":[\"Noticias\"],\"inLanguage\":\"es\"},{\"@type\":\"WebPage\",\"@id\":\"https:\\\/\\\/helloproject.es\\\/vigilancia\\\/el-74-de-los-espanoles-califican-su-salud-entre-buena-y-muy-buena\\\/\",\"url\":\"https:\\\/\\\/helloproject.es\\\/vigilancia\\\/el-74-de-los-espanoles-califican-su-salud-entre-buena-y-muy-buena\\\/\",\"name\":\"El 74 % de los espa\u00f1oles califican su salud entre buena y muy buena - bip4ex\",\"isPartOf\":{\"@id\":\"https:\\\/\\\/helloproject.es\\\/vigilancia\\\/#website\"},\"datePublished\":\"2025-05-27T13:28:09+00:00\",\"breadcrumb\":{\"@id\":\"https:\\\/\\\/helloproject.es\\\/vigilancia\\\/el-74-de-los-espanoles-califican-su-salud-entre-buena-y-muy-buena\\\/#breadcrumb\"},\"inLanguage\":\"es\",\"potentialAction\":[{\"@type\":\"ReadAction\",\"target\":[\"https:\\\/\\\/helloproject.es\\\/vigilancia\\\/el-74-de-los-espanoles-califican-su-salud-entre-buena-y-muy-buena\\\/\"]}]},{\"@type\":\"BreadcrumbList\",\"@id\":\"https:\\\/\\\/helloproject.es\\\/vigilancia\\\/el-74-de-los-espanoles-califican-su-salud-entre-buena-y-muy-buena\\\/#breadcrumb\",\"itemListElement\":[{\"@type\":\"ListItem\",\"position\":1,\"name\":\"Home\",\"item\":\"https:\\\/\\\/helloproject.es\\\/vigilancia\\\/\"},{\"@type\":\"ListItem\",\"position\":2,\"name\":\"El 74 % de los espa\u00f1oles califican su salud entre buena y muy buena\"}]},{\"@type\":\"WebSite\",\"@id\":\"https:\\\/\\\/helloproject.es\\\/vigilancia\\\/#website\",\"url\":\"https:\\\/\\\/helloproject.es\\\/vigilancia\\\/\",\"name\":\"bip4ex\",\"description\":\"Vigilancia Tecnol\u00f3gica\",\"publisher\":{\"@id\":\"https:\\\/\\\/helloproject.es\\\/vigilancia\\\/#organization\"},\"potentialAction\":[{\"@type\":\"SearchAction\",\"target\":{\"@type\":\"EntryPoint\",\"urlTemplate\":\"https:\\\/\\\/helloproject.es\\\/vigilancia\\\/?s={search_term_string}\"},\"query-input\":{\"@type\":\"PropertyValueSpecification\",\"valueRequired\":true,\"valueName\":\"search_term_string\"}}],\"inLanguage\":\"es\"},{\"@type\":\"Organization\",\"@id\":\"https:\\\/\\\/helloproject.es\\\/vigilancia\\\/#organization\",\"name\":\"Helloproject.es\",\"url\":\"https:\\\/\\\/helloproject.es\\\/vigilancia\\\/\",\"logo\":{\"@type\":\"ImageObject\",\"inLanguage\":\"es\",\"@id\":\"https:\\\/\\\/helloproject.es\\\/vigilancia\\\/#\\\/schema\\\/logo\\\/image\\\/\",\"url\":\"https:\\\/\\\/helloproject.es\\\/vigilancia\\\/wp-content\\\/uploads\\\/2023\\\/07\\\/bip4ex.png\",\"contentUrl\":\"https:\\\/\\\/helloproject.es\\\/vigilancia\\\/wp-content\\\/uploads\\\/2023\\\/07\\\/bip4ex.png\",\"width\":322,\"height\":365,\"caption\":\"Helloproject.es\"},\"image\":{\"@id\":\"https:\\\/\\\/helloproject.es\\\/vigilancia\\\/#\\\/schema\\\/logo\\\/image\\\/\"}},{\"@type\":\"Person\",\"@id\":\"https:\\\/\\\/helloproject.es\\\/vigilancia\\\/#\\\/schema\\\/person\\\/3767b0619d59a11570372c821f8619ca\",\"name\":\"Luis Miguel Mej\u00edas Ramos\",\"url\":\"https:\\\/\\\/helloproject.es\\\/vigilancia\\\/author\\\/luismi\\\/\"}]}<\/script>\n<!-- \/ Yoast SEO Premium plugin. -->","yoast_head_json":{"title":"El 74 % de los espa\u00f1oles califican su salud entre buena y muy buena - bip4ex","robots":{"index":"index","follow":"follow","max-snippet":"max-snippet:-1","max-image-preview":"max-image-preview:large","max-video-preview":"max-video-preview:-1"},"canonical":"https:\/\/helloproject.es\/vigilancia\/el-74-de-los-espanoles-califican-su-salud-entre-buena-y-muy-buena\/","og_locale":"es_ES","og_type":"article","og_title":"El 74 % de los espa\u00f1oles califican su salud entre buena y muy buena","og_description":"El Ministerio de Sanidad y el Instituto Nacional de Estad\u00edstica (INE) han publicado los resultados preliminares de\u00a0Encuesta de\u00a0Salud de Espa\u00f1a (ESdE) 2023, que recoge datos clave sobre el estado de salud, uso de servicios sanitarios y determinantes sociales de la salud de la poblaci\u00f3n residente en todo el territorio nacional. Desde que se inici\u00f3 la [&hellip;]","og_url":"https:\/\/helloproject.es\/vigilancia\/el-74-de-los-espanoles-califican-su-salud-entre-buena-y-muy-buena\/","og_site_name":"bip4ex","article_published_time":"2025-05-27T13:28:09+00:00","author":"Luis Miguel Mej\u00edas Ramos","twitter_card":"summary_large_image","twitter_misc":{"Escrito por":"Luis Miguel Mej\u00edas Ramos","Tiempo de lectura":"5 minutos"},"schema":{"@context":"https:\/\/schema.org","@graph":[{"@type":"Article","@id":"https:\/\/helloproject.es\/vigilancia\/el-74-de-los-espanoles-califican-su-salud-entre-buena-y-muy-buena\/#article","isPartOf":{"@id":"https:\/\/helloproject.es\/vigilancia\/el-74-de-los-espanoles-califican-su-salud-entre-buena-y-muy-buena\/"},"author":{"name":"Luis Miguel Mej\u00edas Ramos","@id":"https:\/\/helloproject.es\/vigilancia\/#\/schema\/person\/3767b0619d59a11570372c821f8619ca"},"headline":"El 74 % de los espa\u00f1oles califican su salud entre buena y muy buena","datePublished":"2025-05-27T13:28:09+00:00","mainEntityOfPage":{"@id":"https:\/\/helloproject.es\/vigilancia\/el-74-de-los-espanoles-califican-su-salud-entre-buena-y-muy-buena\/"},"wordCount":1100,"publisher":{"@id":"https:\/\/helloproject.es\/vigilancia\/#organization"},"articleSection":["Noticias"],"inLanguage":"es"},{"@type":"WebPage","@id":"https:\/\/helloproject.es\/vigilancia\/el-74-de-los-espanoles-califican-su-salud-entre-buena-y-muy-buena\/","url":"https:\/\/helloproject.es\/vigilancia\/el-74-de-los-espanoles-califican-su-salud-entre-buena-y-muy-buena\/","name":"El 74 % de los espa\u00f1oles califican su salud entre buena y muy buena - bip4ex","isPartOf":{"@id":"https:\/\/helloproject.es\/vigilancia\/#website"},"datePublished":"2025-05-27T13:28:09+00:00","breadcrumb":{"@id":"https:\/\/helloproject.es\/vigilancia\/el-74-de-los-espanoles-califican-su-salud-entre-buena-y-muy-buena\/#breadcrumb"},"inLanguage":"es","potentialAction":[{"@type":"ReadAction","target":["https:\/\/helloproject.es\/vigilancia\/el-74-de-los-espanoles-califican-su-salud-entre-buena-y-muy-buena\/"]}]},{"@type":"BreadcrumbList","@id":"https:\/\/helloproject.es\/vigilancia\/el-74-de-los-espanoles-califican-su-salud-entre-buena-y-muy-buena\/#breadcrumb","itemListElement":[{"@type":"ListItem","position":1,"name":"Home","item":"https:\/\/helloproject.es\/vigilancia\/"},{"@type":"ListItem","position":2,"name":"El 74 % de los espa\u00f1oles califican su salud entre buena y muy buena"}]},{"@type":"WebSite","@id":"https:\/\/helloproject.es\/vigilancia\/#website","url":"https:\/\/helloproject.es\/vigilancia\/","name":"bip4ex","description":"Vigilancia Tecnol\u00f3gica","publisher":{"@id":"https:\/\/helloproject.es\/vigilancia\/#organization"},"potentialAction":[{"@type":"SearchAction","target":{"@type":"EntryPoint","urlTemplate":"https:\/\/helloproject.es\/vigilancia\/?s={search_term_string}"},"query-input":{"@type":"PropertyValueSpecification","valueRequired":true,"valueName":"search_term_string"}}],"inLanguage":"es"},{"@type":"Organization","@id":"https:\/\/helloproject.es\/vigilancia\/#organization","name":"Helloproject.es","url":"https:\/\/helloproject.es\/vigilancia\/","logo":{"@type":"ImageObject","inLanguage":"es","@id":"https:\/\/helloproject.es\/vigilancia\/#\/schema\/logo\/image\/","url":"https:\/\/helloproject.es\/vigilancia\/wp-content\/uploads\/2023\/07\/bip4ex.png","contentUrl":"https:\/\/helloproject.es\/vigilancia\/wp-content\/uploads\/2023\/07\/bip4ex.png","width":322,"height":365,"caption":"Helloproject.es"},"image":{"@id":"https:\/\/helloproject.es\/vigilancia\/#\/schema\/logo\/image\/"}},{"@type":"Person","@id":"https:\/\/helloproject.es\/vigilancia\/#\/schema\/person\/3767b0619d59a11570372c821f8619ca","name":"Luis Miguel Mej\u00edas Ramos","url":"https:\/\/helloproject.es\/vigilancia\/author\/luismi\/"}]}},"_links":{"self":[{"href":"https:\/\/helloproject.es\/vigilancia\/wp-json\/wp\/v2\/posts\/129304","targetHints":{"allow":["GET"]}}],"collection":[{"href":"https:\/\/helloproject.es\/vigilancia\/wp-json\/wp\/v2\/posts"}],"about":[{"href":"https:\/\/helloproject.es\/vigilancia\/wp-json\/wp\/v2\/types\/post"}],"author":[{"embeddable":true,"href":"https:\/\/helloproject.es\/vigilancia\/wp-json\/wp\/v2\/users\/5"}],"replies":[{"embeddable":true,"href":"https:\/\/helloproject.es\/vigilancia\/wp-json\/wp\/v2\/comments?post=129304"}],"version-history":[{"count":0,"href":"https:\/\/helloproject.es\/vigilancia\/wp-json\/wp\/v2\/posts\/129304\/revisions"}],"wp:attachment":[{"href":"https:\/\/helloproject.es\/vigilancia\/wp-json\/wp\/v2\/media?parent=129304"}],"wp:term":[{"taxonomy":"category","embeddable":true,"href":"https:\/\/helloproject.es\/vigilancia\/wp-json\/wp\/v2\/categories?post=129304"},{"taxonomy":"post_tag","embeddable":true,"href":"https:\/\/helloproject.es\/vigilancia\/wp-json\/wp\/v2\/tags?post=129304"}],"curies":[{"name":"wp","href":"https:\/\/api.w.org\/{rel}","templated":true}]}}