{"id":129359,"date":"2025-05-28T16:17:21","date_gmt":"2025-05-28T15:17:21","guid":{"rendered":"https:\/\/helloproject.es\/vigilancia\/plan-industrial-y-tecnologico-para-la-seguridad-y-la-defensa-oportunidades-para-la-innovacion-empresarial\/"},"modified":"2025-05-28T16:17:21","modified_gmt":"2025-05-28T15:17:21","slug":"plan-industrial-y-tecnologico-para-la-seguridad-y-la-defensa-oportunidades-para-la-innovacion-empresarial","status":"publish","type":"post","link":"https:\/\/helloproject.es\/vigilancia\/plan-industrial-y-tecnologico-para-la-seguridad-y-la-defensa-oportunidades-para-la-innovacion-empresarial\/","title":{"rendered":"Plan Industrial y Tecnol\u00f3gico para la Seguridad y la Defensa: Oportunidades para la Innovaci\u00f3n Empresarial"},"content":{"rendered":"<p><span class=\"large\">El Plan Industrial y Tecnol\u00f3gico para la Seguridad y la Defensa representa un <strong>salto estrat\u00e9gico para la industria espa\u00f1ola en un contexto de cambio geopol\u00edtico,<\/strong> avance tecnol\u00f3gico acelerado y necesidad de autonom\u00eda estrat\u00e9gica. Este plan, alineado con los compromisos de la UE y la OTAN, refuerza la inversi\u00f3n p\u00fablica hasta alcanzar el 2% del PIB en 2025, <strong>movilizando m\u00e1s de 10.000 millones de euros<\/strong> para modernizar capacidades, impulsar la innovaci\u00f3n y fortalecer el tejido industrial nacional.<\/span><\/p>\n<h2><strong>Ejes estrat\u00e9gicos y oportunidades tecnol\u00f3gicas<\/strong><\/h2>\n<p>El plan se articula en torno a cinco ejes:<\/p>\n<ol>\n<li>La modernizaci\u00f3n de las Fuerzas Armadas<\/li>\n<li>El refuerzo de la ciberseguridad y las telecomunicaciones<\/li>\n<li>El desarrollo de nuevas capacidades de defensa<\/li>\n<li>La gesti\u00f3n de emergencias e impulso a la Innovaci\u00f3n tecnol\u00f3gica<\/li>\n<li>La reindustrializaci\u00f3n<\/li>\n<\/ol>\n<p>En la propuesta lanzada por el Gobierno espa\u00f1ol, destacan el enfoque en tecnolog\u00edas disruptivas como la <strong>Inteligencia Artificial, los sistemas aut\u00f3nomos, la sens\u00f3rica avanzada, las comunicaciones seguras y las aplicaciones duales<\/strong> que, sin duda, generan sinergias entre los \u00e1mbitos civil y militar.<\/p>\n<p>La<strong> colaboraci\u00f3n p\u00fablico-privada y la implicaci\u00f3n activa de pymes y centros tecnol\u00f3gicos<\/strong> son fundamentales para el desarrollo del sector. En ese sentido, el programa <a href=\"https:\/\/www.ayming.es\/buscador-de-ayudas\/programa-coincidente-tecnologias-militares\/\">COINCIDENTE<\/a>, gestionado por el Ministerio de Defensa, financia proyectos innovadores con funcionalidad militar en \u00e1reas estrat\u00e9gicas como bater\u00edas estructurales, generaci\u00f3n de datos sint\u00e9ticos para Inteligencia Artificial y sistemas de neutralizaci\u00f3n antia\u00e9rea. La cofinanciaci\u00f3n puede alcanzar hasta el 80%, dependiendo del grado de innovaci\u00f3n, de relevancia tecnol\u00f3gica y el tama\u00f1o de la empresa, facilitando as\u00ed el impulso de tecnolog\u00edas duales y el fortalecimiento del tejido industrial nacional.<\/p>\n<h3><strong>Impacto econ\u00f3mico y proyecci\u00f3n internacional de la I+D en seguridad y defensa<\/strong><\/h3>\n<p>Teniendo en cuenta que el 85% del sector est\u00e1 formado por pymes, hay que incidir en que este plan supone una <strong>oportunidad para acceder a financiaci\u00f3n, desarrollar capacidades diferenciales y posicionarse en cadenas de valor globales.<\/strong> La inversi\u00f3n prevista no solo moderniza la defensa, sino que impulsa la Transferencia Tecnol\u00f3gica a sectores civiles, fomenta el empleo cualificado y refuerza la autonom\u00eda estrat\u00e9gica de Espa\u00f1a y Europa.<\/p>\n<h4><strong>Innovaci\u00f3n en seguridad y defensa: convierte el desaf\u00edo en fortaleza<\/strong><\/h4>\n<p>En un entorno tan exigente como el de la seguridad y defensa, para convertir los desaf\u00edos en fortalezas, impulsar las tecnolog\u00edas transformadoras y asegurar el \u00e9xito a largo plazo es necesaria una estrategia s\u00f3lida de financiaci\u00f3n de la innovaci\u00f3n. Solo as\u00ed las organizaciones podr\u00e1n evolucionar con agilidad, crecer de forma sostenible y reforzar su competitividad en un sector clave para el futuro.<\/p>\n<p>En Ayming acompa\u00f1amos a las empresas de defensa y seguridad en la<strong> identificaci\u00f3n de oportunidades,<\/strong> la gesti\u00f3n de ayudas y subvenciones y la optimizaci\u00f3n de proyectos de I+D en defensa y seguridad. Nuestro conocimiento t\u00e9cnico y experiencia internacional nos permite maximizar el retorno de la inversi\u00f3n en Innovaci\u00f3n, asegurar el cumplimiento normativo y facilitar la integraci\u00f3n en consorcios y programas colaborativos.<\/p>\n<p>A trav\u00e9s de nuestro conocimiento t\u00e9cnico y experiencia internacional, te aportamos valor en:<\/p>\n<ul>\n<li>Gesti\u00f3n integral de la estrategia de financiaci\u00f3n de la Innovaci\u00f3n.<\/li>\n<li>Dinamizaci\u00f3n de consorcios empresariales y proyectos colaborativos de I+D.<\/li>\n<li>Optimizaci\u00f3n de la fiscalidad para mejorar la rentabilidad y la liquidez.<\/li>\n<li>Identificaci\u00f3n de riesgos fiscales en Espa\u00f1a y en el extranjero y optimizaci\u00f3n del coste financiero que supone el IVA.<\/li>\n<li>Cumplimiento de las obligaciones declarativas a efectos de IVA que se deriven de las operaciones llevadas a cabo en el extranjero.<\/li>\n<li>Consultor\u00eda y asesor\u00eda en cumplimiento normativo en materia de impuestos especiales y aduanas.<\/li>\n<\/ul>\n<p><span class=\"large\">\u00bfHablamos?<\/span><\/p>\n<p><em>Por <a href=\"https:\/\/www.linkedin.com\/in\/donia-razazi-756378a\/?original_referer=https%3A%2F%2Fwww.google.com%2F&amp;originalSubdomain=es\">Donia Razazi<\/a>, Senior Industry Expert en Ayming Espa\u00f1a<\/em><\/p>\n\n<div class=\"gf_browser_unknown gform_wrapper gform_legacy_markup_wrapper gform-theme--no-framework\" data-form-theme=\"legacy\" data-form-index=\"0\">\n<div class=\"gform_heading\">\n<h3 class=\"gform_title\">Cont\u00e1ctanos<\/h3>\n<p class=\"gform_description\">\n<\/p><\/div>\n<div class=\"gform-body gform_body\">\n<ul class=\"gform_fields left_label form_sublabel_below description_below validation_below\">\n<li class=\"gfield gfield--type-text gfield--input-type-text gfield_contains_required field_sublabel_below gfield--no-description field_description_below field_validation_below gfield_visibility_visible\" data-js-reload=\"field_1_1\"><label class=\"gfield_label gform-field-label\" for=\"input_1_1\">Nombre<span class=\"gfield_required\"><span class=\"gfield_required gfield_required_asterisk\">*<\/span><\/span><\/label>\n<div class=\"ginput_container ginput_container_text\"><\/div>\n<\/li>\n<li class=\"gfield gfield--type-text gfield--input-type-text gfield_contains_required field_sublabel_below gfield--no-description field_description_below field_validation_below gfield_visibility_visible\" data-js-reload=\"field_1_2\"><label class=\"gfield_label gform-field-label\" for=\"input_1_2\">Apellido<span class=\"gfield_required\"><span class=\"gfield_required gfield_required_asterisk\">*<\/span><\/span><\/label>\n<div class=\"ginput_container ginput_container_text\"><\/div>\n<\/li>\n<li class=\"gfield gfield--type-text gfield--input-type-text gfield_contains_required field_sublabel_below gfield--no-description field_description_below field_validation_below gfield_visibility_visible\" data-js-reload=\"field_1_3\"><label class=\"gfield_label gform-field-label\" for=\"input_1_3\">Empresa<span class=\"gfield_required\"><span class=\"gfield_required gfield_required_asterisk\">*<\/span><\/span><\/label>\n<div class=\"ginput_container ginput_container_text\"><\/div>\n<\/li>\n<li class=\"gfield gfield--type-text gfield--input-type-text gfield_contains_required field_sublabel_below gfield--no-description field_description_below field_validation_below gfield_visibility_visible\" data-js-reload=\"field_1_4\"><label class=\"gfield_label gform-field-label\" for=\"input_1_4\">Cargo<span class=\"gfield_required\"><span class=\"gfield_required gfield_required_asterisk\">*<\/span><\/span><\/label>\n<div class=\"ginput_container ginput_container_text\"><\/div>\n<\/li>\n<li class=\"gfield gfield--type-email gfield--input-type-email gfield_contains_required field_sublabel_below gfield--no-description field_description_below field_validation_below gfield_visibility_visible\" data-js-reload=\"field_1_5\"><label class=\"gfield_label gform-field-label\" for=\"input_1_5\">Email empresa<span class=\"gfield_required\"><span class=\"gfield_required gfield_required_asterisk\">*<\/span><\/span><\/label>\n<div class=\"ginput_container ginput_container_email\"><\/div>\n<\/li>\n<li class=\"gfield gfield--type-phone gfield--input-type-phone gfield_contains_required field_sublabel_below gfield--no-description field_description_below field_validation_below gfield_visibility_visible\" data-js-reload=\"field_1_6\"><label class=\"gfield_label gform-field-label\" for=\"input_1_6\">Tel\u00e9fono<span class=\"gfield_required\"><span class=\"gfield_required gfield_required_asterisk\">*<\/span><\/span><\/label>\n<div class=\"ginput_container ginput_container_phone\"><\/div>\n<\/li>\n<li class=\"gfield gfield--type-text gfield--input-type-text gfield--width-full gfield_contains_required field_sublabel_below gfield--no-description field_description_below field_validation_below gfield_visibility_visible\" data-js-reload=\"field_1_18\"><label class=\"gfield_label gform-field-label\" for=\"input_1_18\">\u00bfCu\u00e1nto pagas de IBI actualmente? (En \u20ac)<span class=\"gfield_required\"><span class=\"gfield_required gfield_required_asterisk\">*<\/span><\/span><\/label>\n<div class=\"ginput_container ginput_container_text\"><\/div>\n<\/li>\n<li class=\"gfield gfield--type-textarea gfield--input-type-textarea gfield_contains_required field_sublabel_below gfield--no-description field_description_below field_validation_below gfield_visibility_visible\" data-js-reload=\"field_1_8\"><label class=\"gfield_label gform-field-label\" for=\"input_1_8\">\u00bfC\u00f3mo te podemos ayudar?<span class=\"gfield_required\"><span class=\"gfield_required gfield_required_asterisk\">*<\/span><\/span><\/label>\n<div class=\"ginput_container ginput_container_textarea\"><textarea name=\"input_8\" class=\"textarea medium\" rows=\"10\" cols=\"50\"><\/textarea><\/div>\n<\/li>\n<li class=\"gfield gfield--type-radio gfield--type-choice gfield--input-type-radio gfield--width-full gfield_contains_required field_sublabel_below gfield--no-description field_description_below hidden_label field_validation_below gfield_visibility_visible\" data-js-reload=\"field_1_16\"><label class=\"gfield_label gform-field-label\">optin<span class=\"gfield_required\"><span class=\"gfield_required gfield_required_asterisk\">*<\/span><\/span><\/label>\n<div class=\"ginput_container ginput_container_radio\">\n<ul class=\"gfield_radio\">\n<li class=\"gchoice gchoice_1_16_0\">\n<p>\t\t\t\t<label for=\"choice_1_16_0\" class=\"gform-field-label gform-field-label--type-inline\">Deseo recibir comunicaciones electr\u00f3nicas sobre servicios relacionados con Ayming, como ayudas y eventos informativos<\/label>\n\t\t\t<\/p><\/li>\n<li class=\"gchoice gchoice_1_16_1\">\n<p>\t\t\t\t<label for=\"choice_1_16_1\" class=\"gform-field-label gform-field-label--type-inline\">No quiero recibir este tipo de mensajes<\/label>\n\t\t\t<\/p><\/li>\n<\/ul>\n<\/div>\n<\/li>\n<li class=\"gfield gfield--type-captcha gfield--input-type-captcha field_sublabel_below gfield--no-description field_description_below field_validation_below gfield_visibility_visible\" data-js-reload=\"field_1_10\"><label class=\"gfield_label gform-field-label screen-reader-text\" for=\"input_1_10\"><\/label>\n<div class=\"ginput_container ginput_recaptcha\" data-sitekey=\"6LfZZ9YZAAAAAPOeKzyGH-AXftxGwWD2a8L8bwCX\" data-theme=\"light\" data-tabindex=\"0\" data-badge=\"\"><\/div>\n<\/li>\n<li class=\"gfield gfield--type-hidden gfield--input-type-hidden gform_hidden field_sublabel_below gfield--no-description field_description_below field_validation_below gfield_visibility_visible\" data-js-reload=\"field_1_11\">\n<div class=\"ginput_container ginput_container_text\"><\/div>\n<\/li>\n<li class=\"gfield gfield--type-hidden gfield--input-type-hidden gform_hidden field_sublabel_below gfield--no-description field_description_below field_validation_below gfield_visibility_visible\" data-js-reload=\"field_1_12\">\n<div class=\"ginput_container ginput_container_text\"><\/div>\n<\/li>\n<li class=\"gfield gfield--type-hidden gfield--input-type-hidden gform_hidden field_sublabel_below gfield--no-description field_description_below field_validation_below gfield_visibility_visible\" data-js-reload=\"field_1_13\">\n<div class=\"ginput_container ginput_container_text\"><\/div>\n<\/li>\n<li class=\"gfield gfield--type-hidden gfield--input-type-hidden gform_hidden field_sublabel_below gfield--no-description field_description_below field_validation_below gfield_visibility_visible\" data-js-reload=\"field_1_14\">\n<div class=\"ginput_container ginput_container_text\"><\/div>\n<\/li>\n<li class=\"gfield gfield--type-hidden gfield--input-type-hidden gfield--width-full gform_hidden field_sublabel_below gfield--no-description field_description_below field_validation_below gfield_visibility_visible\" data-js-reload=\"field_1_15\">\n<div class=\"ginput_container ginput_container_text\"><\/div>\n<\/li>\n<\/ul>\n<\/div>\n<div class=\"gform-footer gform_footer left_label\">\n<p>Consulta nuestra Pol\u00edtica de Privacidad y T\u00e9rminos y Condiciones al final de esta p\u00e1gina.<\/p>\n<\/div>\n<\/div>\n<p>j<\/p>\n<p>The post <a href=\"https:\/\/www.ayming.es\/insights-y-noticias\/noticias\/plan-industrial-tecnologico-id-seguridad-defensa\/\">Plan Industrial y Tecnol\u00f3gico para la Seguridad y la Defensa: Oportunidades para la Innovaci\u00f3n Empresarial<\/a> appeared first on <a href=\"https:\/\/www.ayming.es\/\">Ayming Espa\u00f1a<\/a>.<\/p>","protected":false},"excerpt":{"rendered":"<p>El Plan Industrial y Tecnol\u00f3gico para la Seguridad y la Defensa representa un salto estrat\u00e9gico para la industria espa\u00f1ola en un contexto de cambio geopol\u00edtico, avance tecnol\u00f3gico acelerado y necesidad de autonom\u00eda estrat\u00e9gica. Este plan, alineado con los compromisos de la UE y la OTAN, refuerza la inversi\u00f3n p\u00fablica hasta alcanzar el 2% del PIB [&hellip;]<\/p>\n","protected":false},"author":5,"featured_media":0,"comment_status":"","ping_status":"","sticky":false,"template":"","format":"standard","meta":{"site-sidebar-layout":"default","site-content-layout":"","ast-site-content-layout":"default","site-content-style":"default","site-sidebar-style":"default","ast-global-header-display":"","ast-banner-title-visibility":"","ast-main-header-display":"","ast-hfb-above-header-display":"","ast-hfb-below-header-display":"","ast-hfb-mobile-header-display":"","site-post-title":"","ast-breadcrumbs-content":"","ast-featured-img":"","footer-sml-layout":"","ast-disable-related-posts":"","theme-transparent-header-meta":"","adv-header-id-meta":"","stick-header-meta":"","header-above-stick-meta":"","header-main-stick-meta":"","header-below-stick-meta":"","astra-migrate-meta-layouts":"default","ast-page-background-enabled":"default","ast-page-background-meta":{"desktop":{"background-color":"var(--ast-global-color-4)","background-image":"","background-repeat":"repeat","background-position":"center center","background-size":"auto","background-attachment":"scroll","background-type":"","background-media":"","overlay-type":"","overlay-color":"","overlay-opacity":"","overlay-gradient":""},"tablet":{"background-color":"","background-image":"","background-repeat":"repeat","background-position":"center center","background-size":"auto","background-attachment":"scroll","background-type":"","background-media":"","overlay-type":"","overlay-color":"","overlay-opacity":"","overlay-gradient":""},"mobile":{"background-color":"","background-image":"","background-repeat":"repeat","background-position":"center center","background-size":"auto","background-attachment":"scroll","background-type":"","background-media":"","overlay-type":"","overlay-color":"","overlay-opacity":"","overlay-gradient":""}},"ast-content-background-meta":{"desktop":{"background-color":"var(--ast-global-color-5)","background-image":"","background-repeat":"repeat","background-position":"center center","background-size":"auto","background-attachment":"scroll","background-type":"","background-media":"","overlay-type":"","overlay-color":"","overlay-opacity":"","overlay-gradient":""},"tablet":{"background-color":"var(--ast-global-color-5)","background-image":"","background-repeat":"repeat","background-position":"center center","background-size":"auto","background-attachment":"scroll","background-type":"","background-media":"","overlay-type":"","overlay-color":"","overlay-opacity":"","overlay-gradient":""},"mobile":{"background-color":"var(--ast-global-color-5)","background-image":"","background-repeat":"repeat","background-position":"center center","background-size":"auto","background-attachment":"scroll","background-type":"","background-media":"","overlay-type":"","overlay-color":"","overlay-opacity":"","overlay-gradient":""}},"footnotes":""},"categories":[5],"tags":[],"class_list":["post-129359","post","type-post","status-publish","format-standard","hentry","category-noticias"],"yoast_head":"<!-- This site is optimized with the Yoast SEO Premium plugin v20.9 (Yoast SEO v27.4) - https:\/\/yoast.com\/product\/yoast-seo-premium-wordpress\/ -->\n<title>Plan Industrial y Tecnol\u00f3gico para la Seguridad y la Defensa: Oportunidades para la Innovaci\u00f3n Empresarial - bip4ex<\/title>\n<meta name=\"robots\" content=\"index, follow, max-snippet:-1, max-image-preview:large, max-video-preview:-1\" \/>\n<link rel=\"canonical\" href=\"https:\/\/helloproject.es\/vigilancia\/plan-industrial-y-tecnologico-para-la-seguridad-y-la-defensa-oportunidades-para-la-innovacion-empresarial\/\" \/>\n<meta property=\"og:locale\" content=\"es_ES\" \/>\n<meta property=\"og:type\" content=\"article\" \/>\n<meta property=\"og:title\" content=\"Plan Industrial y Tecnol\u00f3gico para la Seguridad y la Defensa: Oportunidades para la Innovaci\u00f3n Empresarial\" \/>\n<meta property=\"og:description\" content=\"El Plan Industrial y Tecnol\u00f3gico para la Seguridad y la Defensa representa un salto estrat\u00e9gico para la industria espa\u00f1ola en un contexto de cambio geopol\u00edtico, avance tecnol\u00f3gico acelerado y necesidad de autonom\u00eda estrat\u00e9gica. Este plan, alineado con los compromisos de la UE y la OTAN, refuerza la inversi\u00f3n p\u00fablica hasta alcanzar el 2% del PIB [&hellip;]\" \/>\n<meta property=\"og:url\" content=\"https:\/\/helloproject.es\/vigilancia\/plan-industrial-y-tecnologico-para-la-seguridad-y-la-defensa-oportunidades-para-la-innovacion-empresarial\/\" \/>\n<meta property=\"og:site_name\" content=\"bip4ex\" \/>\n<meta property=\"article:published_time\" content=\"2025-05-28T15:17:21+00:00\" \/>\n<meta name=\"author\" content=\"Luis Miguel Mej\u00edas Ramos\" \/>\n<meta name=\"twitter:card\" content=\"summary_large_image\" \/>\n<meta name=\"twitter:label1\" content=\"Escrito por\" \/>\n\t<meta name=\"twitter:data1\" content=\"Luis Miguel Mej\u00edas Ramos\" \/>\n\t<meta name=\"twitter:label2\" content=\"Tiempo de lectura\" \/>\n\t<meta name=\"twitter:data2\" content=\"4 minutos\" \/>\n<script type=\"application\/ld+json\" class=\"yoast-schema-graph\">{\"@context\":\"https:\\\/\\\/schema.org\",\"@graph\":[{\"@type\":\"Article\",\"@id\":\"https:\\\/\\\/helloproject.es\\\/vigilancia\\\/plan-industrial-y-tecnologico-para-la-seguridad-y-la-defensa-oportunidades-para-la-innovacion-empresarial\\\/#article\",\"isPartOf\":{\"@id\":\"https:\\\/\\\/helloproject.es\\\/vigilancia\\\/plan-industrial-y-tecnologico-para-la-seguridad-y-la-defensa-oportunidades-para-la-innovacion-empresarial\\\/\"},\"author\":{\"name\":\"Luis Miguel Mej\u00edas Ramos\",\"@id\":\"https:\\\/\\\/helloproject.es\\\/vigilancia\\\/#\\\/schema\\\/person\\\/3767b0619d59a11570372c821f8619ca\"},\"headline\":\"Plan Industrial y Tecnol\u00f3gico para la Seguridad y la Defensa: Oportunidades para la Innovaci\u00f3n Empresarial\",\"datePublished\":\"2025-05-28T15:17:21+00:00\",\"mainEntityOfPage\":{\"@id\":\"https:\\\/\\\/helloproject.es\\\/vigilancia\\\/plan-industrial-y-tecnologico-para-la-seguridad-y-la-defensa-oportunidades-para-la-innovacion-empresarial\\\/\"},\"wordCount\":749,\"publisher\":{\"@id\":\"https:\\\/\\\/helloproject.es\\\/vigilancia\\\/#organization\"},\"articleSection\":[\"Noticias\"],\"inLanguage\":\"es\"},{\"@type\":\"WebPage\",\"@id\":\"https:\\\/\\\/helloproject.es\\\/vigilancia\\\/plan-industrial-y-tecnologico-para-la-seguridad-y-la-defensa-oportunidades-para-la-innovacion-empresarial\\\/\",\"url\":\"https:\\\/\\\/helloproject.es\\\/vigilancia\\\/plan-industrial-y-tecnologico-para-la-seguridad-y-la-defensa-oportunidades-para-la-innovacion-empresarial\\\/\",\"name\":\"Plan Industrial y Tecnol\u00f3gico para la Seguridad y la Defensa: Oportunidades para la Innovaci\u00f3n Empresarial - bip4ex\",\"isPartOf\":{\"@id\":\"https:\\\/\\\/helloproject.es\\\/vigilancia\\\/#website\"},\"datePublished\":\"2025-05-28T15:17:21+00:00\",\"breadcrumb\":{\"@id\":\"https:\\\/\\\/helloproject.es\\\/vigilancia\\\/plan-industrial-y-tecnologico-para-la-seguridad-y-la-defensa-oportunidades-para-la-innovacion-empresarial\\\/#breadcrumb\"},\"inLanguage\":\"es\",\"potentialAction\":[{\"@type\":\"ReadAction\",\"target\":[\"https:\\\/\\\/helloproject.es\\\/vigilancia\\\/plan-industrial-y-tecnologico-para-la-seguridad-y-la-defensa-oportunidades-para-la-innovacion-empresarial\\\/\"]}]},{\"@type\":\"BreadcrumbList\",\"@id\":\"https:\\\/\\\/helloproject.es\\\/vigilancia\\\/plan-industrial-y-tecnologico-para-la-seguridad-y-la-defensa-oportunidades-para-la-innovacion-empresarial\\\/#breadcrumb\",\"itemListElement\":[{\"@type\":\"ListItem\",\"position\":1,\"name\":\"Home\",\"item\":\"https:\\\/\\\/helloproject.es\\\/vigilancia\\\/\"},{\"@type\":\"ListItem\",\"position\":2,\"name\":\"Plan Industrial y Tecnol\u00f3gico para la Seguridad y la Defensa: Oportunidades para la Innovaci\u00f3n Empresarial\"}]},{\"@type\":\"WebSite\",\"@id\":\"https:\\\/\\\/helloproject.es\\\/vigilancia\\\/#website\",\"url\":\"https:\\\/\\\/helloproject.es\\\/vigilancia\\\/\",\"name\":\"bip4ex\",\"description\":\"Vigilancia Tecnol\u00f3gica\",\"publisher\":{\"@id\":\"https:\\\/\\\/helloproject.es\\\/vigilancia\\\/#organization\"},\"potentialAction\":[{\"@type\":\"SearchAction\",\"target\":{\"@type\":\"EntryPoint\",\"urlTemplate\":\"https:\\\/\\\/helloproject.es\\\/vigilancia\\\/?s={search_term_string}\"},\"query-input\":{\"@type\":\"PropertyValueSpecification\",\"valueRequired\":true,\"valueName\":\"search_term_string\"}}],\"inLanguage\":\"es\"},{\"@type\":\"Organization\",\"@id\":\"https:\\\/\\\/helloproject.es\\\/vigilancia\\\/#organization\",\"name\":\"Helloproject.es\",\"url\":\"https:\\\/\\\/helloproject.es\\\/vigilancia\\\/\",\"logo\":{\"@type\":\"ImageObject\",\"inLanguage\":\"es\",\"@id\":\"https:\\\/\\\/helloproject.es\\\/vigilancia\\\/#\\\/schema\\\/logo\\\/image\\\/\",\"url\":\"https:\\\/\\\/helloproject.es\\\/vigilancia\\\/wp-content\\\/uploads\\\/2023\\\/07\\\/bip4ex.png\",\"contentUrl\":\"https:\\\/\\\/helloproject.es\\\/vigilancia\\\/wp-content\\\/uploads\\\/2023\\\/07\\\/bip4ex.png\",\"width\":322,\"height\":365,\"caption\":\"Helloproject.es\"},\"image\":{\"@id\":\"https:\\\/\\\/helloproject.es\\\/vigilancia\\\/#\\\/schema\\\/logo\\\/image\\\/\"}},{\"@type\":\"Person\",\"@id\":\"https:\\\/\\\/helloproject.es\\\/vigilancia\\\/#\\\/schema\\\/person\\\/3767b0619d59a11570372c821f8619ca\",\"name\":\"Luis Miguel Mej\u00edas Ramos\",\"url\":\"https:\\\/\\\/helloproject.es\\\/vigilancia\\\/author\\\/luismi\\\/\"}]}<\/script>\n<!-- \/ Yoast SEO Premium plugin. -->","yoast_head_json":{"title":"Plan Industrial y Tecnol\u00f3gico para la Seguridad y la Defensa: Oportunidades para la Innovaci\u00f3n Empresarial - bip4ex","robots":{"index":"index","follow":"follow","max-snippet":"max-snippet:-1","max-image-preview":"max-image-preview:large","max-video-preview":"max-video-preview:-1"},"canonical":"https:\/\/helloproject.es\/vigilancia\/plan-industrial-y-tecnologico-para-la-seguridad-y-la-defensa-oportunidades-para-la-innovacion-empresarial\/","og_locale":"es_ES","og_type":"article","og_title":"Plan Industrial y Tecnol\u00f3gico para la Seguridad y la Defensa: Oportunidades para la Innovaci\u00f3n Empresarial","og_description":"El Plan Industrial y Tecnol\u00f3gico para la Seguridad y la Defensa representa un salto estrat\u00e9gico para la industria espa\u00f1ola en un contexto de cambio geopol\u00edtico, avance tecnol\u00f3gico acelerado y necesidad de autonom\u00eda estrat\u00e9gica. Este plan, alineado con los compromisos de la UE y la OTAN, refuerza la inversi\u00f3n p\u00fablica hasta alcanzar el 2% del PIB [&hellip;]","og_url":"https:\/\/helloproject.es\/vigilancia\/plan-industrial-y-tecnologico-para-la-seguridad-y-la-defensa-oportunidades-para-la-innovacion-empresarial\/","og_site_name":"bip4ex","article_published_time":"2025-05-28T15:17:21+00:00","author":"Luis Miguel Mej\u00edas Ramos","twitter_card":"summary_large_image","twitter_misc":{"Escrito por":"Luis Miguel Mej\u00edas Ramos","Tiempo de lectura":"4 minutos"},"schema":{"@context":"https:\/\/schema.org","@graph":[{"@type":"Article","@id":"https:\/\/helloproject.es\/vigilancia\/plan-industrial-y-tecnologico-para-la-seguridad-y-la-defensa-oportunidades-para-la-innovacion-empresarial\/#article","isPartOf":{"@id":"https:\/\/helloproject.es\/vigilancia\/plan-industrial-y-tecnologico-para-la-seguridad-y-la-defensa-oportunidades-para-la-innovacion-empresarial\/"},"author":{"name":"Luis Miguel Mej\u00edas Ramos","@id":"https:\/\/helloproject.es\/vigilancia\/#\/schema\/person\/3767b0619d59a11570372c821f8619ca"},"headline":"Plan Industrial y Tecnol\u00f3gico para la Seguridad y la Defensa: Oportunidades para la Innovaci\u00f3n Empresarial","datePublished":"2025-05-28T15:17:21+00:00","mainEntityOfPage":{"@id":"https:\/\/helloproject.es\/vigilancia\/plan-industrial-y-tecnologico-para-la-seguridad-y-la-defensa-oportunidades-para-la-innovacion-empresarial\/"},"wordCount":749,"publisher":{"@id":"https:\/\/helloproject.es\/vigilancia\/#organization"},"articleSection":["Noticias"],"inLanguage":"es"},{"@type":"WebPage","@id":"https:\/\/helloproject.es\/vigilancia\/plan-industrial-y-tecnologico-para-la-seguridad-y-la-defensa-oportunidades-para-la-innovacion-empresarial\/","url":"https:\/\/helloproject.es\/vigilancia\/plan-industrial-y-tecnologico-para-la-seguridad-y-la-defensa-oportunidades-para-la-innovacion-empresarial\/","name":"Plan Industrial y Tecnol\u00f3gico para la Seguridad y la Defensa: Oportunidades para la Innovaci\u00f3n Empresarial - bip4ex","isPartOf":{"@id":"https:\/\/helloproject.es\/vigilancia\/#website"},"datePublished":"2025-05-28T15:17:21+00:00","breadcrumb":{"@id":"https:\/\/helloproject.es\/vigilancia\/plan-industrial-y-tecnologico-para-la-seguridad-y-la-defensa-oportunidades-para-la-innovacion-empresarial\/#breadcrumb"},"inLanguage":"es","potentialAction":[{"@type":"ReadAction","target":["https:\/\/helloproject.es\/vigilancia\/plan-industrial-y-tecnologico-para-la-seguridad-y-la-defensa-oportunidades-para-la-innovacion-empresarial\/"]}]},{"@type":"BreadcrumbList","@id":"https:\/\/helloproject.es\/vigilancia\/plan-industrial-y-tecnologico-para-la-seguridad-y-la-defensa-oportunidades-para-la-innovacion-empresarial\/#breadcrumb","itemListElement":[{"@type":"ListItem","position":1,"name":"Home","item":"https:\/\/helloproject.es\/vigilancia\/"},{"@type":"ListItem","position":2,"name":"Plan Industrial y Tecnol\u00f3gico para la Seguridad y la Defensa: Oportunidades para la Innovaci\u00f3n Empresarial"}]},{"@type":"WebSite","@id":"https:\/\/helloproject.es\/vigilancia\/#website","url":"https:\/\/helloproject.es\/vigilancia\/","name":"bip4ex","description":"Vigilancia Tecnol\u00f3gica","publisher":{"@id":"https:\/\/helloproject.es\/vigilancia\/#organization"},"potentialAction":[{"@type":"SearchAction","target":{"@type":"EntryPoint","urlTemplate":"https:\/\/helloproject.es\/vigilancia\/?s={search_term_string}"},"query-input":{"@type":"PropertyValueSpecification","valueRequired":true,"valueName":"search_term_string"}}],"inLanguage":"es"},{"@type":"Organization","@id":"https:\/\/helloproject.es\/vigilancia\/#organization","name":"Helloproject.es","url":"https:\/\/helloproject.es\/vigilancia\/","logo":{"@type":"ImageObject","inLanguage":"es","@id":"https:\/\/helloproject.es\/vigilancia\/#\/schema\/logo\/image\/","url":"https:\/\/helloproject.es\/vigilancia\/wp-content\/uploads\/2023\/07\/bip4ex.png","contentUrl":"https:\/\/helloproject.es\/vigilancia\/wp-content\/uploads\/2023\/07\/bip4ex.png","width":322,"height":365,"caption":"Helloproject.es"},"image":{"@id":"https:\/\/helloproject.es\/vigilancia\/#\/schema\/logo\/image\/"}},{"@type":"Person","@id":"https:\/\/helloproject.es\/vigilancia\/#\/schema\/person\/3767b0619d59a11570372c821f8619ca","name":"Luis Miguel Mej\u00edas Ramos","url":"https:\/\/helloproject.es\/vigilancia\/author\/luismi\/"}]}},"_links":{"self":[{"href":"https:\/\/helloproject.es\/vigilancia\/wp-json\/wp\/v2\/posts\/129359","targetHints":{"allow":["GET"]}}],"collection":[{"href":"https:\/\/helloproject.es\/vigilancia\/wp-json\/wp\/v2\/posts"}],"about":[{"href":"https:\/\/helloproject.es\/vigilancia\/wp-json\/wp\/v2\/types\/post"}],"author":[{"embeddable":true,"href":"https:\/\/helloproject.es\/vigilancia\/wp-json\/wp\/v2\/users\/5"}],"replies":[{"embeddable":true,"href":"https:\/\/helloproject.es\/vigilancia\/wp-json\/wp\/v2\/comments?post=129359"}],"version-history":[{"count":0,"href":"https:\/\/helloproject.es\/vigilancia\/wp-json\/wp\/v2\/posts\/129359\/revisions"}],"wp:attachment":[{"href":"https:\/\/helloproject.es\/vigilancia\/wp-json\/wp\/v2\/media?parent=129359"}],"wp:term":[{"taxonomy":"category","embeddable":true,"href":"https:\/\/helloproject.es\/vigilancia\/wp-json\/wp\/v2\/categories?post=129359"},{"taxonomy":"post_tag","embeddable":true,"href":"https:\/\/helloproject.es\/vigilancia\/wp-json\/wp\/v2\/tags?post=129359"}],"curies":[{"name":"wp","href":"https:\/\/api.w.org\/{rel}","templated":true}]}}