{"id":129375,"date":"2025-05-29T09:28:09","date_gmt":"2025-05-29T08:28:09","guid":{"rendered":"https:\/\/helloproject.es\/vigilancia\/detectan-un-objeto-cosmico-que-emite-senales-de-radio-y-rayos-x-en-la-via-lactea\/"},"modified":"2025-05-29T09:28:09","modified_gmt":"2025-05-29T08:28:09","slug":"detectan-un-objeto-cosmico-que-emite-senales-de-radio-y-rayos-x-en-la-via-lactea","status":"publish","type":"post","link":"https:\/\/helloproject.es\/vigilancia\/detectan-un-objeto-cosmico-que-emite-senales-de-radio-y-rayos-x-en-la-via-lactea\/","title":{"rendered":"Detectan un objeto c\u00f3smico que emite se\u00f1ales de radio y rayos X en la V\u00eda L\u00e1ctea"},"content":{"rendered":"<p>Un estudio internacional en el que participa el Instituto de Astrof\u00edsica de Andaluc\u00eda (IAA-CSIC) ha detectado por primera vez la emisi\u00f3n de rayos X en una fuente transitoria en radio de largo per\u00edodo, un hallazgo que podr\u00eda aportar nuevas pistas sobre el origen de se\u00f1ales misteriosas similares localizadas en otras zonas del cielo.<\/p>\n<p>Seg\u00fan el Instituto de Astrof\u00edsica de Andaluc\u00eda, con sede en Granada, una buena met\u00e1fora para describir el misterioso comportamiento de estos objetos transitorios de radio de largo periodo (LPT por sus siglas en ingl\u00e9s) ser\u00eda un faro en el espacio que se enciende durante dos minutos\u00a0\u2014con una luz tan potente que desaf\u00eda lo que se sabe hasta ahora\u2014 y luego permanece apagado durante m\u00e1s de 40 minutos, repitiendo este patr\u00f3n una y otra vez.<\/p>\n<p>Estos objetos astron\u00f3micos, descubiertos recientemente y cuya naturaleza sigue siendo un misterio, emiten breves pulsos de ondas de radio con intervalos regulares que pueden durar minutos u horas.<\/p>\n<p>\u00a0El Centro Internacional para la Investigaci\u00f3n en Radioastronom\u00eda descubri\u00f3 ASKAP J1832-0911 en la\u00a0V\u00eda L\u00e1ctea\u00a0a unos 15.000 a\u00f1os luz de la Tierra<\/p>\n<p>El estudio, publicado este mi\u00e9rcoles en la revista\u00a0Nature, ha descubierto en concreto un misterioso objeto c\u00f3smico llamado ASKAP J1832\u20130911 que emite se\u00f1ales de radio y rayos X de manera sincronizada cada 44 minutos.\u00a0<\/p>\n<p>Se trata de la primera vez que se detecta emisi\u00f3n de rayos X en un objeto de este tipo, explica Miguel P\u00e9rez-Torres, investigador del Instituto Andaluz de Astrof\u00edsica, para quien lo m\u00e1s sorprendente es que su comportamiento no se parece a nada conocido en nuestra galaxia: \u201cEs extremadamente brillante, var\u00eda mucho en intensidad y no encaja en las categor\u00edas tradicionales, como las estrellas de neutrones o las enanas blancas\u201d, afirma.<\/p>\n<p><a><\/a><\/p>\n<h2>En la V\u00eda L\u00e1ctea\u00a0<\/h2>\n<p>El equipo internacional, liderado por el Centro Internacional para la Investigaci\u00f3n en Radioastronom\u00eda, descubri\u00f3 ASKAP J1832-0911, situado en la V\u00eda L\u00e1ctea, a unos 15 000 a\u00f1os luz de la Tierra, con el radiotelescopio ASKAP, ubicado en Wajarri (Australia) y operado por CSIRO, la agencia nacional de ciencia del pa\u00eds.\u00a0<\/p>\n<p>El radiotelescopio ASKAP tiene un amplio campo de visi\u00f3n del\u00a0cielo nocturno, mientras que Chandra solo observa una fracci\u00f3n<\/p>\n<p>Las se\u00f1ales de radio se correlacionaron con pulsos de rayos X detectados por el Observatorio de Rayos X Chandra de la NASA, que casualmente observaba la misma regi\u00f3n del cielo.<\/p>\n<p>\u201cDescubrir que ASKAP J1832-0911 emit\u00eda rayos X fue como encontrar una aguja en un pajar\u201d, asegura el autor principal, Ziteng (Andy) Wang, del nodo de la Universidad de Curtin del ICRAR.\u00a0<\/p>\n<p>Seg\u00fan explica, el radiotelescopio ASKAP tiene un amplio campo de visi\u00f3n del cielo nocturno, mientras que Chandra solo observa una fracci\u00f3n, \u201cas\u00ed que fue una suerte que Chandra estuviera observando la misma zona del cielo nocturno al mismo tiempo\u201d, a\u00f1ade.<\/p>\n<p><a><\/a><\/p>\n<h2>Un desaf\u00edo para los astrof\u00edsicos<\/h2>\n<p>Los objetos transitorios de radio de largo periodo representan una categor\u00eda recientemente identificada de objetos astron\u00f3micos. Desde su descubrimiento en 2022 se han detectado apenas una decena de ellos en todo el cielo.<\/p>\n<p>Actualmente no existe una explicaci\u00f3n clara sobre qu\u00e9 causa estas se\u00f1ales ni por qu\u00e9 se \u2018encienden\u2019 y \u2018apagan\u2019 en intervalos tan largos, regulares e inusuales. Detectarlas tanto en rayos X como en ondas de radio podr\u00eda ayudar a los astr\u00f3nomos a identificar m\u00e1s casos y avanzar en su comprensi\u00f3n.<\/p>\n<p>No existe una explicaci\u00f3n clara sobre qu\u00e9 causa estas se\u00f1ales ni por qu\u00e9 se \u2018encienden\u2019 y \u2018apagan\u2019 en intervalos tan largos, regulares e inusuales<\/p>\n<p>Seg\u00fan la profesora Nanda Rea, segunda autora del estudio, encontrar uno de estos objetos apunta a la existencia de muchos m\u00e1s.\u00a0<\/p>\n<p>Este hallazgo tambi\u00e9n permite acotar las posibles explicaciones sobre qu\u00e9 tipo de objeto podr\u00eda ser. Dado que los rayos X tienen una energ\u00eda mucho mayor que las ondas de radio, cualquier teor\u00eda debe explicar ambos tipos de emisi\u00f3n, lo que proporciona una pista clave en un enigma a\u00fan sin resolver.<\/p>\n<p>\u201cEl objeto es miles de veces m\u00e1s luminoso de lo que cabr\u00eda esperar por su rotaci\u00f3n, lo que obliga a replantear algunos modelos f\u00edsicos\u201d, dice P\u00e9rez-Torres, que apunta a que podr\u00eda tratarse de un magnetar envejecido \u2014una estrella de neutrones con un campo magn\u00e9tico extremadamente intenso\u2014 o de una enana blanca supermagnetizada. Ambas opciones desaf\u00edan las teor\u00edas actuales, concluye.<\/p>\n<p>Referencia:\u00a0<\/p>\n<p>Ziteng Wang et al. \u201cDetection of X-ray emission from a bright long-period radio transient\u201d.\u00a0<a href=\"https:\/\/www.nature.com\/articles\/s41586-025-09077-w\" target=\"_blank\">Nature<\/a> (2025).<\/p>","protected":false},"excerpt":{"rendered":"<p>Un estudio internacional en el que participa el Instituto de Astrof\u00edsica de Andaluc\u00eda (IAA-CSIC) ha detectado por primera vez la emisi\u00f3n de rayos X en una fuente transitoria en radio de largo per\u00edodo, un hallazgo que podr\u00eda aportar nuevas pistas sobre el origen de se\u00f1ales misteriosas similares localizadas en otras zonas del cielo. Seg\u00fan el [&hellip;]<\/p>\n","protected":false},"author":5,"featured_media":0,"comment_status":"","ping_status":"","sticky":false,"template":"","format":"standard","meta":{"site-sidebar-layout":"default","site-content-layout":"","ast-site-content-layout":"default","site-content-style":"default","site-sidebar-style":"default","ast-global-header-display":"","ast-banner-title-visibility":"","ast-main-header-display":"","ast-hfb-above-header-display":"","ast-hfb-below-header-display":"","ast-hfb-mobile-header-display":"","site-post-title":"","ast-breadcrumbs-content":"","ast-featured-img":"","footer-sml-layout":"","ast-disable-related-posts":"","theme-transparent-header-meta":"","adv-header-id-meta":"","stick-header-meta":"","header-above-stick-meta":"","header-main-stick-meta":"","header-below-stick-meta":"","astra-migrate-meta-layouts":"default","ast-page-background-enabled":"default","ast-page-background-meta":{"desktop":{"background-color":"var(--ast-global-color-4)","background-image":"","background-repeat":"repeat","background-position":"center center","background-size":"auto","background-attachment":"scroll","background-type":"","background-media":"","overlay-type":"","overlay-color":"","overlay-opacity":"","overlay-gradient":""},"tablet":{"background-color":"","background-image":"","background-repeat":"repeat","background-position":"center center","background-size":"auto","background-attachment":"scroll","background-type":"","background-media":"","overlay-type":"","overlay-color":"","overlay-opacity":"","overlay-gradient":""},"mobile":{"background-color":"","background-image":"","background-repeat":"repeat","background-position":"center center","background-size":"auto","background-attachment":"scroll","background-type":"","background-media":"","overlay-type":"","overlay-color":"","overlay-opacity":"","overlay-gradient":""}},"ast-content-background-meta":{"desktop":{"background-color":"var(--ast-global-color-5)","background-image":"","background-repeat":"repeat","background-position":"center center","background-size":"auto","background-attachment":"scroll","background-type":"","background-media":"","overlay-type":"","overlay-color":"","overlay-opacity":"","overlay-gradient":""},"tablet":{"background-color":"var(--ast-global-color-5)","background-image":"","background-repeat":"repeat","background-position":"center center","background-size":"auto","background-attachment":"scroll","background-type":"","background-media":"","overlay-type":"","overlay-color":"","overlay-opacity":"","overlay-gradient":""},"mobile":{"background-color":"var(--ast-global-color-5)","background-image":"","background-repeat":"repeat","background-position":"center center","background-size":"auto","background-attachment":"scroll","background-type":"","background-media":"","overlay-type":"","overlay-color":"","overlay-opacity":"","overlay-gradient":""}},"footnotes":""},"categories":[5],"tags":[],"class_list":["post-129375","post","type-post","status-publish","format-standard","hentry","category-noticias"],"yoast_head":"<!-- This site is optimized with the Yoast SEO Premium plugin v20.9 (Yoast SEO v27.4) - https:\/\/yoast.com\/product\/yoast-seo-premium-wordpress\/ -->\n<title>Detectan un objeto c\u00f3smico que emite se\u00f1ales de radio y rayos X en la V\u00eda L\u00e1ctea - bip4ex<\/title>\n<meta name=\"robots\" content=\"index, follow, max-snippet:-1, max-image-preview:large, max-video-preview:-1\" \/>\n<link rel=\"canonical\" href=\"https:\/\/helloproject.es\/vigilancia\/detectan-un-objeto-cosmico-que-emite-senales-de-radio-y-rayos-x-en-la-via-lactea\/\" \/>\n<meta property=\"og:locale\" content=\"es_ES\" \/>\n<meta property=\"og:type\" content=\"article\" \/>\n<meta property=\"og:title\" content=\"Detectan un objeto c\u00f3smico que emite se\u00f1ales de radio y rayos X en la V\u00eda L\u00e1ctea\" \/>\n<meta property=\"og:description\" content=\"Un estudio internacional en el que participa el Instituto de Astrof\u00edsica de Andaluc\u00eda (IAA-CSIC) ha detectado por primera vez la emisi\u00f3n de rayos X en una fuente transitoria en radio de largo per\u00edodo, un hallazgo que podr\u00eda aportar nuevas pistas sobre el origen de se\u00f1ales misteriosas similares localizadas en otras zonas del cielo. Seg\u00fan el [&hellip;]\" \/>\n<meta property=\"og:url\" content=\"https:\/\/helloproject.es\/vigilancia\/detectan-un-objeto-cosmico-que-emite-senales-de-radio-y-rayos-x-en-la-via-lactea\/\" \/>\n<meta property=\"og:site_name\" content=\"bip4ex\" \/>\n<meta property=\"article:published_time\" content=\"2025-05-29T08:28:09+00:00\" \/>\n<meta name=\"author\" content=\"Luis Miguel Mej\u00edas Ramos\" \/>\n<meta name=\"twitter:card\" content=\"summary_large_image\" \/>\n<meta name=\"twitter:label1\" content=\"Escrito por\" \/>\n\t<meta name=\"twitter:data1\" content=\"Luis Miguel Mej\u00edas Ramos\" \/>\n\t<meta name=\"twitter:label2\" content=\"Tiempo de lectura\" \/>\n\t<meta name=\"twitter:data2\" content=\"4 minutos\" \/>\n<script type=\"application\/ld+json\" class=\"yoast-schema-graph\">{\"@context\":\"https:\\\/\\\/schema.org\",\"@graph\":[{\"@type\":\"Article\",\"@id\":\"https:\\\/\\\/helloproject.es\\\/vigilancia\\\/detectan-un-objeto-cosmico-que-emite-senales-de-radio-y-rayos-x-en-la-via-lactea\\\/#article\",\"isPartOf\":{\"@id\":\"https:\\\/\\\/helloproject.es\\\/vigilancia\\\/detectan-un-objeto-cosmico-que-emite-senales-de-radio-y-rayos-x-en-la-via-lactea\\\/\"},\"author\":{\"name\":\"Luis Miguel Mej\u00edas Ramos\",\"@id\":\"https:\\\/\\\/helloproject.es\\\/vigilancia\\\/#\\\/schema\\\/person\\\/3767b0619d59a11570372c821f8619ca\"},\"headline\":\"Detectan un objeto c\u00f3smico que emite se\u00f1ales de radio y rayos X en la V\u00eda L\u00e1ctea\",\"datePublished\":\"2025-05-29T08:28:09+00:00\",\"mainEntityOfPage\":{\"@id\":\"https:\\\/\\\/helloproject.es\\\/vigilancia\\\/detectan-un-objeto-cosmico-que-emite-senales-de-radio-y-rayos-x-en-la-via-lactea\\\/\"},\"wordCount\":806,\"publisher\":{\"@id\":\"https:\\\/\\\/helloproject.es\\\/vigilancia\\\/#organization\"},\"articleSection\":[\"Noticias\"],\"inLanguage\":\"es\"},{\"@type\":\"WebPage\",\"@id\":\"https:\\\/\\\/helloproject.es\\\/vigilancia\\\/detectan-un-objeto-cosmico-que-emite-senales-de-radio-y-rayos-x-en-la-via-lactea\\\/\",\"url\":\"https:\\\/\\\/helloproject.es\\\/vigilancia\\\/detectan-un-objeto-cosmico-que-emite-senales-de-radio-y-rayos-x-en-la-via-lactea\\\/\",\"name\":\"Detectan un objeto c\u00f3smico que emite se\u00f1ales de radio y rayos X en la V\u00eda L\u00e1ctea - bip4ex\",\"isPartOf\":{\"@id\":\"https:\\\/\\\/helloproject.es\\\/vigilancia\\\/#website\"},\"datePublished\":\"2025-05-29T08:28:09+00:00\",\"breadcrumb\":{\"@id\":\"https:\\\/\\\/helloproject.es\\\/vigilancia\\\/detectan-un-objeto-cosmico-que-emite-senales-de-radio-y-rayos-x-en-la-via-lactea\\\/#breadcrumb\"},\"inLanguage\":\"es\",\"potentialAction\":[{\"@type\":\"ReadAction\",\"target\":[\"https:\\\/\\\/helloproject.es\\\/vigilancia\\\/detectan-un-objeto-cosmico-que-emite-senales-de-radio-y-rayos-x-en-la-via-lactea\\\/\"]}]},{\"@type\":\"BreadcrumbList\",\"@id\":\"https:\\\/\\\/helloproject.es\\\/vigilancia\\\/detectan-un-objeto-cosmico-que-emite-senales-de-radio-y-rayos-x-en-la-via-lactea\\\/#breadcrumb\",\"itemListElement\":[{\"@type\":\"ListItem\",\"position\":1,\"name\":\"Home\",\"item\":\"https:\\\/\\\/helloproject.es\\\/vigilancia\\\/\"},{\"@type\":\"ListItem\",\"position\":2,\"name\":\"Detectan un objeto c\u00f3smico que emite se\u00f1ales de radio y rayos X en la V\u00eda L\u00e1ctea\"}]},{\"@type\":\"WebSite\",\"@id\":\"https:\\\/\\\/helloproject.es\\\/vigilancia\\\/#website\",\"url\":\"https:\\\/\\\/helloproject.es\\\/vigilancia\\\/\",\"name\":\"bip4ex\",\"description\":\"Vigilancia Tecnol\u00f3gica\",\"publisher\":{\"@id\":\"https:\\\/\\\/helloproject.es\\\/vigilancia\\\/#organization\"},\"potentialAction\":[{\"@type\":\"SearchAction\",\"target\":{\"@type\":\"EntryPoint\",\"urlTemplate\":\"https:\\\/\\\/helloproject.es\\\/vigilancia\\\/?s={search_term_string}\"},\"query-input\":{\"@type\":\"PropertyValueSpecification\",\"valueRequired\":true,\"valueName\":\"search_term_string\"}}],\"inLanguage\":\"es\"},{\"@type\":\"Organization\",\"@id\":\"https:\\\/\\\/helloproject.es\\\/vigilancia\\\/#organization\",\"name\":\"Helloproject.es\",\"url\":\"https:\\\/\\\/helloproject.es\\\/vigilancia\\\/\",\"logo\":{\"@type\":\"ImageObject\",\"inLanguage\":\"es\",\"@id\":\"https:\\\/\\\/helloproject.es\\\/vigilancia\\\/#\\\/schema\\\/logo\\\/image\\\/\",\"url\":\"https:\\\/\\\/helloproject.es\\\/vigilancia\\\/wp-content\\\/uploads\\\/2023\\\/07\\\/bip4ex.png\",\"contentUrl\":\"https:\\\/\\\/helloproject.es\\\/vigilancia\\\/wp-content\\\/uploads\\\/2023\\\/07\\\/bip4ex.png\",\"width\":322,\"height\":365,\"caption\":\"Helloproject.es\"},\"image\":{\"@id\":\"https:\\\/\\\/helloproject.es\\\/vigilancia\\\/#\\\/schema\\\/logo\\\/image\\\/\"}},{\"@type\":\"Person\",\"@id\":\"https:\\\/\\\/helloproject.es\\\/vigilancia\\\/#\\\/schema\\\/person\\\/3767b0619d59a11570372c821f8619ca\",\"name\":\"Luis Miguel Mej\u00edas Ramos\",\"url\":\"https:\\\/\\\/helloproject.es\\\/vigilancia\\\/author\\\/luismi\\\/\"}]}<\/script>\n<!-- \/ Yoast SEO Premium plugin. -->","yoast_head_json":{"title":"Detectan un objeto c\u00f3smico que emite se\u00f1ales de radio y rayos X en la V\u00eda L\u00e1ctea - bip4ex","robots":{"index":"index","follow":"follow","max-snippet":"max-snippet:-1","max-image-preview":"max-image-preview:large","max-video-preview":"max-video-preview:-1"},"canonical":"https:\/\/helloproject.es\/vigilancia\/detectan-un-objeto-cosmico-que-emite-senales-de-radio-y-rayos-x-en-la-via-lactea\/","og_locale":"es_ES","og_type":"article","og_title":"Detectan un objeto c\u00f3smico que emite se\u00f1ales de radio y rayos X en la V\u00eda L\u00e1ctea","og_description":"Un estudio internacional en el que participa el Instituto de Astrof\u00edsica de Andaluc\u00eda (IAA-CSIC) ha detectado por primera vez la emisi\u00f3n de rayos X en una fuente transitoria en radio de largo per\u00edodo, un hallazgo que podr\u00eda aportar nuevas pistas sobre el origen de se\u00f1ales misteriosas similares localizadas en otras zonas del cielo. Seg\u00fan el [&hellip;]","og_url":"https:\/\/helloproject.es\/vigilancia\/detectan-un-objeto-cosmico-que-emite-senales-de-radio-y-rayos-x-en-la-via-lactea\/","og_site_name":"bip4ex","article_published_time":"2025-05-29T08:28:09+00:00","author":"Luis Miguel Mej\u00edas Ramos","twitter_card":"summary_large_image","twitter_misc":{"Escrito por":"Luis Miguel Mej\u00edas Ramos","Tiempo de lectura":"4 minutos"},"schema":{"@context":"https:\/\/schema.org","@graph":[{"@type":"Article","@id":"https:\/\/helloproject.es\/vigilancia\/detectan-un-objeto-cosmico-que-emite-senales-de-radio-y-rayos-x-en-la-via-lactea\/#article","isPartOf":{"@id":"https:\/\/helloproject.es\/vigilancia\/detectan-un-objeto-cosmico-que-emite-senales-de-radio-y-rayos-x-en-la-via-lactea\/"},"author":{"name":"Luis Miguel Mej\u00edas Ramos","@id":"https:\/\/helloproject.es\/vigilancia\/#\/schema\/person\/3767b0619d59a11570372c821f8619ca"},"headline":"Detectan un objeto c\u00f3smico que emite se\u00f1ales de radio y rayos X en la V\u00eda L\u00e1ctea","datePublished":"2025-05-29T08:28:09+00:00","mainEntityOfPage":{"@id":"https:\/\/helloproject.es\/vigilancia\/detectan-un-objeto-cosmico-que-emite-senales-de-radio-y-rayos-x-en-la-via-lactea\/"},"wordCount":806,"publisher":{"@id":"https:\/\/helloproject.es\/vigilancia\/#organization"},"articleSection":["Noticias"],"inLanguage":"es"},{"@type":"WebPage","@id":"https:\/\/helloproject.es\/vigilancia\/detectan-un-objeto-cosmico-que-emite-senales-de-radio-y-rayos-x-en-la-via-lactea\/","url":"https:\/\/helloproject.es\/vigilancia\/detectan-un-objeto-cosmico-que-emite-senales-de-radio-y-rayos-x-en-la-via-lactea\/","name":"Detectan un objeto c\u00f3smico que emite se\u00f1ales de radio y rayos X en la V\u00eda L\u00e1ctea - bip4ex","isPartOf":{"@id":"https:\/\/helloproject.es\/vigilancia\/#website"},"datePublished":"2025-05-29T08:28:09+00:00","breadcrumb":{"@id":"https:\/\/helloproject.es\/vigilancia\/detectan-un-objeto-cosmico-que-emite-senales-de-radio-y-rayos-x-en-la-via-lactea\/#breadcrumb"},"inLanguage":"es","potentialAction":[{"@type":"ReadAction","target":["https:\/\/helloproject.es\/vigilancia\/detectan-un-objeto-cosmico-que-emite-senales-de-radio-y-rayos-x-en-la-via-lactea\/"]}]},{"@type":"BreadcrumbList","@id":"https:\/\/helloproject.es\/vigilancia\/detectan-un-objeto-cosmico-que-emite-senales-de-radio-y-rayos-x-en-la-via-lactea\/#breadcrumb","itemListElement":[{"@type":"ListItem","position":1,"name":"Home","item":"https:\/\/helloproject.es\/vigilancia\/"},{"@type":"ListItem","position":2,"name":"Detectan un objeto c\u00f3smico que emite se\u00f1ales de radio y rayos X en la V\u00eda L\u00e1ctea"}]},{"@type":"WebSite","@id":"https:\/\/helloproject.es\/vigilancia\/#website","url":"https:\/\/helloproject.es\/vigilancia\/","name":"bip4ex","description":"Vigilancia Tecnol\u00f3gica","publisher":{"@id":"https:\/\/helloproject.es\/vigilancia\/#organization"},"potentialAction":[{"@type":"SearchAction","target":{"@type":"EntryPoint","urlTemplate":"https:\/\/helloproject.es\/vigilancia\/?s={search_term_string}"},"query-input":{"@type":"PropertyValueSpecification","valueRequired":true,"valueName":"search_term_string"}}],"inLanguage":"es"},{"@type":"Organization","@id":"https:\/\/helloproject.es\/vigilancia\/#organization","name":"Helloproject.es","url":"https:\/\/helloproject.es\/vigilancia\/","logo":{"@type":"ImageObject","inLanguage":"es","@id":"https:\/\/helloproject.es\/vigilancia\/#\/schema\/logo\/image\/","url":"https:\/\/helloproject.es\/vigilancia\/wp-content\/uploads\/2023\/07\/bip4ex.png","contentUrl":"https:\/\/helloproject.es\/vigilancia\/wp-content\/uploads\/2023\/07\/bip4ex.png","width":322,"height":365,"caption":"Helloproject.es"},"image":{"@id":"https:\/\/helloproject.es\/vigilancia\/#\/schema\/logo\/image\/"}},{"@type":"Person","@id":"https:\/\/helloproject.es\/vigilancia\/#\/schema\/person\/3767b0619d59a11570372c821f8619ca","name":"Luis Miguel Mej\u00edas Ramos","url":"https:\/\/helloproject.es\/vigilancia\/author\/luismi\/"}]}},"_links":{"self":[{"href":"https:\/\/helloproject.es\/vigilancia\/wp-json\/wp\/v2\/posts\/129375","targetHints":{"allow":["GET"]}}],"collection":[{"href":"https:\/\/helloproject.es\/vigilancia\/wp-json\/wp\/v2\/posts"}],"about":[{"href":"https:\/\/helloproject.es\/vigilancia\/wp-json\/wp\/v2\/types\/post"}],"author":[{"embeddable":true,"href":"https:\/\/helloproject.es\/vigilancia\/wp-json\/wp\/v2\/users\/5"}],"replies":[{"embeddable":true,"href":"https:\/\/helloproject.es\/vigilancia\/wp-json\/wp\/v2\/comments?post=129375"}],"version-history":[{"count":0,"href":"https:\/\/helloproject.es\/vigilancia\/wp-json\/wp\/v2\/posts\/129375\/revisions"}],"wp:attachment":[{"href":"https:\/\/helloproject.es\/vigilancia\/wp-json\/wp\/v2\/media?parent=129375"}],"wp:term":[{"taxonomy":"category","embeddable":true,"href":"https:\/\/helloproject.es\/vigilancia\/wp-json\/wp\/v2\/categories?post=129375"},{"taxonomy":"post_tag","embeddable":true,"href":"https:\/\/helloproject.es\/vigilancia\/wp-json\/wp\/v2\/tags?post=129375"}],"curies":[{"name":"wp","href":"https:\/\/api.w.org\/{rel}","templated":true}]}}