{"id":129387,"date":"2025-05-29T10:28:15","date_gmt":"2025-05-29T09:28:15","guid":{"rendered":"https:\/\/helloproject.es\/vigilancia\/la-reduccion-del-periodo-de-congelacion-en-lagos-boreales-dispara-su-contribucion-a-la-crisis-climatica\/"},"modified":"2025-05-29T10:28:15","modified_gmt":"2025-05-29T09:28:15","slug":"la-reduccion-del-periodo-de-congelacion-en-lagos-boreales-dispara-su-contribucion-a-la-crisis-climatica","status":"publish","type":"post","link":"https:\/\/helloproject.es\/vigilancia\/la-reduccion-del-periodo-de-congelacion-en-lagos-boreales-dispara-su-contribucion-a-la-crisis-climatica\/","title":{"rendered":"La reducci\u00f3n del periodo de congelaci\u00f3n en lagos boreales dispara su contribuci\u00f3n a la crisis clim\u00e1tica"},"content":{"rendered":"<p>Los lagos absorben energ\u00eda y, a la vez, la van liberando, con el intercambio de calor entre el agua y el aire. La din\u00e1mica de este intercambio depende de distintos factores y uno importante es la capa de hielo que se crea en los de latitudes medias y altas. El hielo act\u00faa como aislante: refleja gran parte de la radiaci\u00f3n solar, mantiene la temperatura del agua y limita el intercambio de energ\u00eda entre el lago y el aire.<\/p>\n<p>No obstante, seg\u00fan el estudio cient\u00edfico publicado ahora en\u00a0<a href=\"https:\/\/www.nature.com\/articles\/s41467-025-59291-3\" target=\"_blank\">Nature Communications<\/a>, cada vez se congelan menos lagos y los que siguen congel\u00e1ndose lo hacen durante menos tiempo, lo que est\u00e1 contribuyendo significativamente al cambio clim\u00e1tico global.<\/p>\n<p>Los investigadores han evidenciado\u00a0que los lagos est\u00e1n liberando cada vez m\u00e1s calor al aire, sobre todo en las regiones norte del planeta como Canad\u00e1, Siberia o Escandinavia<\/p>\n<p>Los investigadores han evidenciado que los lagos est\u00e1n liberando cada vez m\u00e1s calor al aire, sobre todo en las regiones norte del planeta como Canad\u00e1, Siberia o Escandinavia. El factor clave es que, por la subida de temperaturas, su superficie se congela durante menos tiempo.<\/p>\n<p>Sin el hielo, absorben m\u00e1s energ\u00eda del sol y se calientan m\u00e1s y, a su vez, su calor escapa m\u00e1s f\u00e1cilmente hac\u00eda el aire, calent\u00e1ndolo y contribuyendo al acortamiento del periodo de congelaci\u00f3n. Es una especie de \u201ccirculo vicioso\u201d: sube la temperatura de estos lagos y ellos, a su turno, calientan cada vez m\u00e1s el aire.<\/p>\n<p><a><\/a><\/p>\n<h2>Cambios clim\u00e1ticos locales<\/h2>\n<p>Esta situaci\u00f3n no solo ayuda a explicar los cambios clim\u00e1ticos locales, que est\u00e1n ocurriendo en las regiones lacustres y que son m\u00e1s severos de lo que indicaban las proyecciones clim\u00e1ticas, sino que tambi\u00e9n influye notablemente en el clima mundial.\u00a0<\/p>\n<p>El estudio se ha realizado mediante modelizaci\u00f3n matem\u00e1tica, utilizando supercomputadoras. A partir de datos recopilados durante d\u00e9cadas por la comunidad cient\u00edfica, los investigadores han creado modelos representativos de lagos para obtener variables de importancia ambiental.<\/p>\n<p>El estudio se ha realizado mediante modelizaci\u00f3n matem\u00e1tica, utilizando supercomputadoras<\/p>\n<p>Este trabajo ha mostrado que la mayor aportaci\u00f3n a la subida de las emisiones de calor por parte de los lagos proviene de las latitudes medias y altas (casi dobla el promedio y aun se distancia m\u00e1s de las emisiones de los lagos tropicales). Tambi\u00e9n les ha permitido hacer proyecciones: este efecto se intensificar\u00eda un 7,5% de media para finales de este siglo.<\/p>\n<p>Daniel Mercado-Bett\u00edn, investigador del CEAB-CSIC que ha participado en el estudio, explica que \u201cesta investigaci\u00f3n revela que los lagos boreales est\u00e1n contribuyendo a acelerar el cambio global m\u00e1s de lo que se sab\u00eda. Adem\u00e1s, nos muestra su papel fundamental en el cambio clim\u00e1tico.<\/p>\n<p>Hay 1,4 millones de lagos en el mundo, de modo que el porcentaje de calor que emiten a la atmosfera puede ser potencialmente alto.\u00a0Sin embargo, este c\u00f3mputo no se ha tenido en cuenta en las proyecciones de aumento de temperatura\u201d.<\/p>\n<p>El equipo destaca la importancia que el Intergovernmental Panel on Climate Change (IPCC), uno de los organismos de referencia mundial en proyecciones clim\u00e1ticas, pueda incluir esta informaci\u00f3n en sus pr\u00f3ximos informes, mejorando as\u00ed las predicciones del clima.<\/p>\n<p>Referencia:<\/p>\n<p>R. Iestyn Woolway. \u00abEnhanced heating effect of lakes under global warming\u00bb. <a href=\"https:\/\/www.agenciasinc.es\/esl\/Noticias\/La-reduccion-del-periodo-de-congelacion-en-lagos-boreales-dispara-su-contribucion-a-la-crisis-climatica\" target=\"_blank\">Nat Commun<\/a>.<\/p>","protected":false},"excerpt":{"rendered":"<p>Los lagos absorben energ\u00eda y, a la vez, la van liberando, con el intercambio de calor entre el agua y el aire. La din\u00e1mica de este intercambio depende de distintos factores y uno importante es la capa de hielo que se crea en los de latitudes medias y altas. El hielo act\u00faa como aislante: refleja [&hellip;]<\/p>\n","protected":false},"author":5,"featured_media":0,"comment_status":"","ping_status":"","sticky":false,"template":"","format":"standard","meta":{"site-sidebar-layout":"default","site-content-layout":"","ast-site-content-layout":"default","site-content-style":"default","site-sidebar-style":"default","ast-global-header-display":"","ast-banner-title-visibility":"","ast-main-header-display":"","ast-hfb-above-header-display":"","ast-hfb-below-header-display":"","ast-hfb-mobile-header-display":"","site-post-title":"","ast-breadcrumbs-content":"","ast-featured-img":"","footer-sml-layout":"","ast-disable-related-posts":"","theme-transparent-header-meta":"","adv-header-id-meta":"","stick-header-meta":"","header-above-stick-meta":"","header-main-stick-meta":"","header-below-stick-meta":"","astra-migrate-meta-layouts":"default","ast-page-background-enabled":"default","ast-page-background-meta":{"desktop":{"background-color":"var(--ast-global-color-4)","background-image":"","background-repeat":"repeat","background-position":"center center","background-size":"auto","background-attachment":"scroll","background-type":"","background-media":"","overlay-type":"","overlay-color":"","overlay-opacity":"","overlay-gradient":""},"tablet":{"background-color":"","background-image":"","background-repeat":"repeat","background-position":"center center","background-size":"auto","background-attachment":"scroll","background-type":"","background-media":"","overlay-type":"","overlay-color":"","overlay-opacity":"","overlay-gradient":""},"mobile":{"background-color":"","background-image":"","background-repeat":"repeat","background-position":"center center","background-size":"auto","background-attachment":"scroll","background-type":"","background-media":"","overlay-type":"","overlay-color":"","overlay-opacity":"","overlay-gradient":""}},"ast-content-background-meta":{"desktop":{"background-color":"var(--ast-global-color-5)","background-image":"","background-repeat":"repeat","background-position":"center center","background-size":"auto","background-attachment":"scroll","background-type":"","background-media":"","overlay-type":"","overlay-color":"","overlay-opacity":"","overlay-gradient":""},"tablet":{"background-color":"var(--ast-global-color-5)","background-image":"","background-repeat":"repeat","background-position":"center center","background-size":"auto","background-attachment":"scroll","background-type":"","background-media":"","overlay-type":"","overlay-color":"","overlay-opacity":"","overlay-gradient":""},"mobile":{"background-color":"var(--ast-global-color-5)","background-image":"","background-repeat":"repeat","background-position":"center center","background-size":"auto","background-attachment":"scroll","background-type":"","background-media":"","overlay-type":"","overlay-color":"","overlay-opacity":"","overlay-gradient":""}},"footnotes":""},"categories":[5],"tags":[],"class_list":["post-129387","post","type-post","status-publish","format-standard","hentry","category-noticias"],"yoast_head":"<!-- This site is optimized with the Yoast SEO Premium plugin v20.9 (Yoast SEO v27.4) - https:\/\/yoast.com\/product\/yoast-seo-premium-wordpress\/ -->\n<title>La reducci\u00f3n del periodo de congelaci\u00f3n en lagos boreales dispara su contribuci\u00f3n a la crisis clim\u00e1tica - bip4ex<\/title>\n<meta name=\"robots\" content=\"index, follow, max-snippet:-1, max-image-preview:large, max-video-preview:-1\" \/>\n<link rel=\"canonical\" href=\"https:\/\/helloproject.es\/vigilancia\/la-reduccion-del-periodo-de-congelacion-en-lagos-boreales-dispara-su-contribucion-a-la-crisis-climatica\/\" \/>\n<meta property=\"og:locale\" content=\"es_ES\" \/>\n<meta property=\"og:type\" content=\"article\" \/>\n<meta property=\"og:title\" content=\"La reducci\u00f3n del periodo de congelaci\u00f3n en lagos boreales dispara su contribuci\u00f3n a la crisis clim\u00e1tica\" \/>\n<meta property=\"og:description\" content=\"Los lagos absorben energ\u00eda y, a la vez, la van liberando, con el intercambio de calor entre el agua y el aire. La din\u00e1mica de este intercambio depende de distintos factores y uno importante es la capa de hielo que se crea en los de latitudes medias y altas. El hielo act\u00faa como aislante: refleja [&hellip;]\" \/>\n<meta property=\"og:url\" content=\"https:\/\/helloproject.es\/vigilancia\/la-reduccion-del-periodo-de-congelacion-en-lagos-boreales-dispara-su-contribucion-a-la-crisis-climatica\/\" \/>\n<meta property=\"og:site_name\" content=\"bip4ex\" \/>\n<meta property=\"article:published_time\" content=\"2025-05-29T09:28:15+00:00\" \/>\n<meta name=\"author\" content=\"Luis Miguel Mej\u00edas Ramos\" \/>\n<meta name=\"twitter:card\" content=\"summary_large_image\" \/>\n<meta name=\"twitter:label1\" content=\"Escrito por\" \/>\n\t<meta name=\"twitter:data1\" content=\"Luis Miguel Mej\u00edas Ramos\" \/>\n\t<meta name=\"twitter:label2\" content=\"Tiempo de lectura\" \/>\n\t<meta name=\"twitter:data2\" content=\"3 minutos\" \/>\n<script type=\"application\/ld+json\" class=\"yoast-schema-graph\">{\"@context\":\"https:\\\/\\\/schema.org\",\"@graph\":[{\"@type\":\"Article\",\"@id\":\"https:\\\/\\\/helloproject.es\\\/vigilancia\\\/la-reduccion-del-periodo-de-congelacion-en-lagos-boreales-dispara-su-contribucion-a-la-crisis-climatica\\\/#article\",\"isPartOf\":{\"@id\":\"https:\\\/\\\/helloproject.es\\\/vigilancia\\\/la-reduccion-del-periodo-de-congelacion-en-lagos-boreales-dispara-su-contribucion-a-la-crisis-climatica\\\/\"},\"author\":{\"name\":\"Luis Miguel Mej\u00edas Ramos\",\"@id\":\"https:\\\/\\\/helloproject.es\\\/vigilancia\\\/#\\\/schema\\\/person\\\/3767b0619d59a11570372c821f8619ca\"},\"headline\":\"La reducci\u00f3n del periodo de congelaci\u00f3n en lagos boreales dispara su contribuci\u00f3n a la crisis clim\u00e1tica\",\"datePublished\":\"2025-05-29T09:28:15+00:00\",\"mainEntityOfPage\":{\"@id\":\"https:\\\/\\\/helloproject.es\\\/vigilancia\\\/la-reduccion-del-periodo-de-congelacion-en-lagos-boreales-dispara-su-contribucion-a-la-crisis-climatica\\\/\"},\"wordCount\":596,\"publisher\":{\"@id\":\"https:\\\/\\\/helloproject.es\\\/vigilancia\\\/#organization\"},\"articleSection\":[\"Noticias\"],\"inLanguage\":\"es\"},{\"@type\":\"WebPage\",\"@id\":\"https:\\\/\\\/helloproject.es\\\/vigilancia\\\/la-reduccion-del-periodo-de-congelacion-en-lagos-boreales-dispara-su-contribucion-a-la-crisis-climatica\\\/\",\"url\":\"https:\\\/\\\/helloproject.es\\\/vigilancia\\\/la-reduccion-del-periodo-de-congelacion-en-lagos-boreales-dispara-su-contribucion-a-la-crisis-climatica\\\/\",\"name\":\"La reducci\u00f3n del periodo de congelaci\u00f3n en lagos boreales dispara su contribuci\u00f3n a la crisis clim\u00e1tica - bip4ex\",\"isPartOf\":{\"@id\":\"https:\\\/\\\/helloproject.es\\\/vigilancia\\\/#website\"},\"datePublished\":\"2025-05-29T09:28:15+00:00\",\"breadcrumb\":{\"@id\":\"https:\\\/\\\/helloproject.es\\\/vigilancia\\\/la-reduccion-del-periodo-de-congelacion-en-lagos-boreales-dispara-su-contribucion-a-la-crisis-climatica\\\/#breadcrumb\"},\"inLanguage\":\"es\",\"potentialAction\":[{\"@type\":\"ReadAction\",\"target\":[\"https:\\\/\\\/helloproject.es\\\/vigilancia\\\/la-reduccion-del-periodo-de-congelacion-en-lagos-boreales-dispara-su-contribucion-a-la-crisis-climatica\\\/\"]}]},{\"@type\":\"BreadcrumbList\",\"@id\":\"https:\\\/\\\/helloproject.es\\\/vigilancia\\\/la-reduccion-del-periodo-de-congelacion-en-lagos-boreales-dispara-su-contribucion-a-la-crisis-climatica\\\/#breadcrumb\",\"itemListElement\":[{\"@type\":\"ListItem\",\"position\":1,\"name\":\"Home\",\"item\":\"https:\\\/\\\/helloproject.es\\\/vigilancia\\\/\"},{\"@type\":\"ListItem\",\"position\":2,\"name\":\"La reducci\u00f3n del periodo de congelaci\u00f3n en lagos boreales dispara su contribuci\u00f3n a la crisis clim\u00e1tica\"}]},{\"@type\":\"WebSite\",\"@id\":\"https:\\\/\\\/helloproject.es\\\/vigilancia\\\/#website\",\"url\":\"https:\\\/\\\/helloproject.es\\\/vigilancia\\\/\",\"name\":\"bip4ex\",\"description\":\"Vigilancia Tecnol\u00f3gica\",\"publisher\":{\"@id\":\"https:\\\/\\\/helloproject.es\\\/vigilancia\\\/#organization\"},\"potentialAction\":[{\"@type\":\"SearchAction\",\"target\":{\"@type\":\"EntryPoint\",\"urlTemplate\":\"https:\\\/\\\/helloproject.es\\\/vigilancia\\\/?s={search_term_string}\"},\"query-input\":{\"@type\":\"PropertyValueSpecification\",\"valueRequired\":true,\"valueName\":\"search_term_string\"}}],\"inLanguage\":\"es\"},{\"@type\":\"Organization\",\"@id\":\"https:\\\/\\\/helloproject.es\\\/vigilancia\\\/#organization\",\"name\":\"Helloproject.es\",\"url\":\"https:\\\/\\\/helloproject.es\\\/vigilancia\\\/\",\"logo\":{\"@type\":\"ImageObject\",\"inLanguage\":\"es\",\"@id\":\"https:\\\/\\\/helloproject.es\\\/vigilancia\\\/#\\\/schema\\\/logo\\\/image\\\/\",\"url\":\"https:\\\/\\\/helloproject.es\\\/vigilancia\\\/wp-content\\\/uploads\\\/2023\\\/07\\\/bip4ex.png\",\"contentUrl\":\"https:\\\/\\\/helloproject.es\\\/vigilancia\\\/wp-content\\\/uploads\\\/2023\\\/07\\\/bip4ex.png\",\"width\":322,\"height\":365,\"caption\":\"Helloproject.es\"},\"image\":{\"@id\":\"https:\\\/\\\/helloproject.es\\\/vigilancia\\\/#\\\/schema\\\/logo\\\/image\\\/\"}},{\"@type\":\"Person\",\"@id\":\"https:\\\/\\\/helloproject.es\\\/vigilancia\\\/#\\\/schema\\\/person\\\/3767b0619d59a11570372c821f8619ca\",\"name\":\"Luis Miguel Mej\u00edas Ramos\",\"url\":\"https:\\\/\\\/helloproject.es\\\/vigilancia\\\/author\\\/luismi\\\/\"}]}<\/script>\n<!-- \/ Yoast SEO Premium plugin. -->","yoast_head_json":{"title":"La reducci\u00f3n del periodo de congelaci\u00f3n en lagos boreales dispara su contribuci\u00f3n a la crisis clim\u00e1tica - bip4ex","robots":{"index":"index","follow":"follow","max-snippet":"max-snippet:-1","max-image-preview":"max-image-preview:large","max-video-preview":"max-video-preview:-1"},"canonical":"https:\/\/helloproject.es\/vigilancia\/la-reduccion-del-periodo-de-congelacion-en-lagos-boreales-dispara-su-contribucion-a-la-crisis-climatica\/","og_locale":"es_ES","og_type":"article","og_title":"La reducci\u00f3n del periodo de congelaci\u00f3n en lagos boreales dispara su contribuci\u00f3n a la crisis clim\u00e1tica","og_description":"Los lagos absorben energ\u00eda y, a la vez, la van liberando, con el intercambio de calor entre el agua y el aire. La din\u00e1mica de este intercambio depende de distintos factores y uno importante es la capa de hielo que se crea en los de latitudes medias y altas. El hielo act\u00faa como aislante: refleja [&hellip;]","og_url":"https:\/\/helloproject.es\/vigilancia\/la-reduccion-del-periodo-de-congelacion-en-lagos-boreales-dispara-su-contribucion-a-la-crisis-climatica\/","og_site_name":"bip4ex","article_published_time":"2025-05-29T09:28:15+00:00","author":"Luis Miguel Mej\u00edas Ramos","twitter_card":"summary_large_image","twitter_misc":{"Escrito por":"Luis Miguel Mej\u00edas Ramos","Tiempo de lectura":"3 minutos"},"schema":{"@context":"https:\/\/schema.org","@graph":[{"@type":"Article","@id":"https:\/\/helloproject.es\/vigilancia\/la-reduccion-del-periodo-de-congelacion-en-lagos-boreales-dispara-su-contribucion-a-la-crisis-climatica\/#article","isPartOf":{"@id":"https:\/\/helloproject.es\/vigilancia\/la-reduccion-del-periodo-de-congelacion-en-lagos-boreales-dispara-su-contribucion-a-la-crisis-climatica\/"},"author":{"name":"Luis Miguel Mej\u00edas Ramos","@id":"https:\/\/helloproject.es\/vigilancia\/#\/schema\/person\/3767b0619d59a11570372c821f8619ca"},"headline":"La reducci\u00f3n del periodo de congelaci\u00f3n en lagos boreales dispara su contribuci\u00f3n a la crisis clim\u00e1tica","datePublished":"2025-05-29T09:28:15+00:00","mainEntityOfPage":{"@id":"https:\/\/helloproject.es\/vigilancia\/la-reduccion-del-periodo-de-congelacion-en-lagos-boreales-dispara-su-contribucion-a-la-crisis-climatica\/"},"wordCount":596,"publisher":{"@id":"https:\/\/helloproject.es\/vigilancia\/#organization"},"articleSection":["Noticias"],"inLanguage":"es"},{"@type":"WebPage","@id":"https:\/\/helloproject.es\/vigilancia\/la-reduccion-del-periodo-de-congelacion-en-lagos-boreales-dispara-su-contribucion-a-la-crisis-climatica\/","url":"https:\/\/helloproject.es\/vigilancia\/la-reduccion-del-periodo-de-congelacion-en-lagos-boreales-dispara-su-contribucion-a-la-crisis-climatica\/","name":"La reducci\u00f3n del periodo de congelaci\u00f3n en lagos boreales dispara su contribuci\u00f3n a la crisis clim\u00e1tica - bip4ex","isPartOf":{"@id":"https:\/\/helloproject.es\/vigilancia\/#website"},"datePublished":"2025-05-29T09:28:15+00:00","breadcrumb":{"@id":"https:\/\/helloproject.es\/vigilancia\/la-reduccion-del-periodo-de-congelacion-en-lagos-boreales-dispara-su-contribucion-a-la-crisis-climatica\/#breadcrumb"},"inLanguage":"es","potentialAction":[{"@type":"ReadAction","target":["https:\/\/helloproject.es\/vigilancia\/la-reduccion-del-periodo-de-congelacion-en-lagos-boreales-dispara-su-contribucion-a-la-crisis-climatica\/"]}]},{"@type":"BreadcrumbList","@id":"https:\/\/helloproject.es\/vigilancia\/la-reduccion-del-periodo-de-congelacion-en-lagos-boreales-dispara-su-contribucion-a-la-crisis-climatica\/#breadcrumb","itemListElement":[{"@type":"ListItem","position":1,"name":"Home","item":"https:\/\/helloproject.es\/vigilancia\/"},{"@type":"ListItem","position":2,"name":"La reducci\u00f3n del periodo de congelaci\u00f3n en lagos boreales dispara su contribuci\u00f3n a la crisis clim\u00e1tica"}]},{"@type":"WebSite","@id":"https:\/\/helloproject.es\/vigilancia\/#website","url":"https:\/\/helloproject.es\/vigilancia\/","name":"bip4ex","description":"Vigilancia Tecnol\u00f3gica","publisher":{"@id":"https:\/\/helloproject.es\/vigilancia\/#organization"},"potentialAction":[{"@type":"SearchAction","target":{"@type":"EntryPoint","urlTemplate":"https:\/\/helloproject.es\/vigilancia\/?s={search_term_string}"},"query-input":{"@type":"PropertyValueSpecification","valueRequired":true,"valueName":"search_term_string"}}],"inLanguage":"es"},{"@type":"Organization","@id":"https:\/\/helloproject.es\/vigilancia\/#organization","name":"Helloproject.es","url":"https:\/\/helloproject.es\/vigilancia\/","logo":{"@type":"ImageObject","inLanguage":"es","@id":"https:\/\/helloproject.es\/vigilancia\/#\/schema\/logo\/image\/","url":"https:\/\/helloproject.es\/vigilancia\/wp-content\/uploads\/2023\/07\/bip4ex.png","contentUrl":"https:\/\/helloproject.es\/vigilancia\/wp-content\/uploads\/2023\/07\/bip4ex.png","width":322,"height":365,"caption":"Helloproject.es"},"image":{"@id":"https:\/\/helloproject.es\/vigilancia\/#\/schema\/logo\/image\/"}},{"@type":"Person","@id":"https:\/\/helloproject.es\/vigilancia\/#\/schema\/person\/3767b0619d59a11570372c821f8619ca","name":"Luis Miguel Mej\u00edas Ramos","url":"https:\/\/helloproject.es\/vigilancia\/author\/luismi\/"}]}},"_links":{"self":[{"href":"https:\/\/helloproject.es\/vigilancia\/wp-json\/wp\/v2\/posts\/129387","targetHints":{"allow":["GET"]}}],"collection":[{"href":"https:\/\/helloproject.es\/vigilancia\/wp-json\/wp\/v2\/posts"}],"about":[{"href":"https:\/\/helloproject.es\/vigilancia\/wp-json\/wp\/v2\/types\/post"}],"author":[{"embeddable":true,"href":"https:\/\/helloproject.es\/vigilancia\/wp-json\/wp\/v2\/users\/5"}],"replies":[{"embeddable":true,"href":"https:\/\/helloproject.es\/vigilancia\/wp-json\/wp\/v2\/comments?post=129387"}],"version-history":[{"count":0,"href":"https:\/\/helloproject.es\/vigilancia\/wp-json\/wp\/v2\/posts\/129387\/revisions"}],"wp:attachment":[{"href":"https:\/\/helloproject.es\/vigilancia\/wp-json\/wp\/v2\/media?parent=129387"}],"wp:term":[{"taxonomy":"category","embeddable":true,"href":"https:\/\/helloproject.es\/vigilancia\/wp-json\/wp\/v2\/categories?post=129387"},{"taxonomy":"post_tag","embeddable":true,"href":"https:\/\/helloproject.es\/vigilancia\/wp-json\/wp\/v2\/tags?post=129387"}],"curies":[{"name":"wp","href":"https:\/\/api.w.org\/{rel}","templated":true}]}}