{"id":129392,"date":"2025-05-29T15:28:21","date_gmt":"2025-05-29T14:28:21","guid":{"rendered":"https:\/\/helloproject.es\/vigilancia\/peligro-de-inundaciones-en-el-pueblo-suizo-de-blatten-tras-quedar-sepultado-por-una-avalancha\/"},"modified":"2025-05-29T15:28:21","modified_gmt":"2025-05-29T14:28:21","slug":"peligro-de-inundaciones-en-el-pueblo-suizo-de-blatten-tras-quedar-sepultado-por-una-avalancha","status":"publish","type":"post","link":"https:\/\/helloproject.es\/vigilancia\/peligro-de-inundaciones-en-el-pueblo-suizo-de-blatten-tras-quedar-sepultado-por-una-avalancha\/","title":{"rendered":"Peligro de inundaciones en el pueblo suizo de Blatten tras quedar sepultado por una avalancha"},"content":{"rendered":"<p>El valle del r\u00edo Lonza, en los Alpes suizos, contin\u00faa este jueves en estado de alerta un d\u00eda despu\u00e9s de que el colapso de un glaciar de sus monta\u00f1as sepultara el pueblo de Blatten, ya que el desastre ha embalsado las aguas en la zona y podr\u00eda causar inundaciones, lo que ha obligado a nuevas evacuaciones.<\/p>\n<p>Las autoridades del cant\u00f3n de Valais, donde ha ocurrido la cat\u00e1strofe, han ordenado la evacuaci\u00f3n de 16 personas en las localidades de Wiler y Kippel, tambi\u00e9n a orillas del Lonza, mientras estudian mediante drones la magnitud del lago que se ha formado y analizan la posibilidad de usar bombas de agua para reducir la presi\u00f3n de \u00e9sta, indic\u00f3 la televisi\u00f3n nacional suiza RTS.<\/p>\n<p>Analizan la posibilidad de usar bombas de agua para reducir la presi\u00f3n de \u00e9sta<\/p>\n<p>Entretanto contin\u00faan las labores de b\u00fasqueda de un desaparecido (un hombre de 64 a\u00f1os) tras la avalancha de piedras, barro y hielo que sepult\u00f3 el 90 % de Blatten, evacuada ya el 19 de mayo por el peligro inminente de que quedara sepultado.<\/p>\n<p><a><\/a><\/p>\n<h2>Perdida de hogares\u00a0<\/h2>\n<p>M\u00e1s de tres millones y medio de metros c\u00fabicos de tierra y rocas se han precipitado sobre el valle, un desastre de magnitud tal que fue registrado por la red sismol\u00f3gica de todo el pa\u00eds y pudo ser notado en diversas partes de la geograf\u00eda helv\u00e9tica, se\u00f1al\u00f3 RTS.<\/p>\n<p>Este desastre de tal magnitud \u00a0fue registrado por la red sismol\u00f3gica de todo el pa\u00eds y pudo ser notado en diversas partes de la geograf\u00eda helv\u00e9tica<\/p>\n<p>La atenci\u00f3n ahora se dirige a los 300 habitantes de Blatten que han perdido sus hogares, y a los que la evacuaci\u00f3n de emergencia hace 10 d\u00edas apenas les permiti\u00f3 recoger algunas de sus pertenencias.<\/p>\n<p>Cruz Roja y Caritas han anunciado una partida inicial de 400 000 francos suizos (425 000 euros) para ayudar a estas v\u00edctimas, que actualmente se alojan en apartamentos cercanos que les han ofrecido las autoridades o han sido acogidos por familiares y amigos.<\/p>\n<p><a><\/a><\/p>\n<h2>Monta\u00f1as afectadas por la crisis clim\u00e1tica<\/h2>\n<p>Varios expertos han alertado que el caso de Blatten es una llamada de atenci\u00f3n sobre las consecuencias del cambio clim\u00e1tico en las regiones de monta\u00f1a, donde zonas antes consideradas seguras podr\u00edan volverse inestables en los pr\u00f3ximos a\u00f1os.\u00a0<\/p>\n<p>Los Alpes suizos han llegado a perder un 10 % del agua de esas masas heladas\u00a0en apenas dos a\u00f1os\u00a0<\/p>\n<p>El glaciar de Birch, cuyo colapso ha causado el desastre natural, es uno de los muchos que est\u00e1 desapareciendo en una zona, los Alpes suizos, donde en apenas dos a\u00f1os se ha llegado a perder un 10 % del agua de esas masas heladas, seg\u00fan datos de la Organizaci\u00f3n Meteorol\u00f3gica Mundial (OMM).<\/p>","protected":false},"excerpt":{"rendered":"<p>El valle del r\u00edo Lonza, en los Alpes suizos, contin\u00faa este jueves en estado de alerta un d\u00eda despu\u00e9s de que el colapso de un glaciar de sus monta\u00f1as sepultara el pueblo de Blatten, ya que el desastre ha embalsado las aguas en la zona y podr\u00eda causar inundaciones, lo que ha obligado a nuevas [&hellip;]<\/p>\n","protected":false},"author":5,"featured_media":0,"comment_status":"","ping_status":"","sticky":false,"template":"","format":"standard","meta":{"site-sidebar-layout":"default","site-content-layout":"","ast-site-content-layout":"default","site-content-style":"default","site-sidebar-style":"default","ast-global-header-display":"","ast-banner-title-visibility":"","ast-main-header-display":"","ast-hfb-above-header-display":"","ast-hfb-below-header-display":"","ast-hfb-mobile-header-display":"","site-post-title":"","ast-breadcrumbs-content":"","ast-featured-img":"","footer-sml-layout":"","ast-disable-related-posts":"","theme-transparent-header-meta":"","adv-header-id-meta":"","stick-header-meta":"","header-above-stick-meta":"","header-main-stick-meta":"","header-below-stick-meta":"","astra-migrate-meta-layouts":"default","ast-page-background-enabled":"default","ast-page-background-meta":{"desktop":{"background-color":"var(--ast-global-color-4)","background-image":"","background-repeat":"repeat","background-position":"center center","background-size":"auto","background-attachment":"scroll","background-type":"","background-media":"","overlay-type":"","overlay-color":"","overlay-opacity":"","overlay-gradient":""},"tablet":{"background-color":"","background-image":"","background-repeat":"repeat","background-position":"center center","background-size":"auto","background-attachment":"scroll","background-type":"","background-media":"","overlay-type":"","overlay-color":"","overlay-opacity":"","overlay-gradient":""},"mobile":{"background-color":"","background-image":"","background-repeat":"repeat","background-position":"center center","background-size":"auto","background-attachment":"scroll","background-type":"","background-media":"","overlay-type":"","overlay-color":"","overlay-opacity":"","overlay-gradient":""}},"ast-content-background-meta":{"desktop":{"background-color":"var(--ast-global-color-5)","background-image":"","background-repeat":"repeat","background-position":"center center","background-size":"auto","background-attachment":"scroll","background-type":"","background-media":"","overlay-type":"","overlay-color":"","overlay-opacity":"","overlay-gradient":""},"tablet":{"background-color":"var(--ast-global-color-5)","background-image":"","background-repeat":"repeat","background-position":"center center","background-size":"auto","background-attachment":"scroll","background-type":"","background-media":"","overlay-type":"","overlay-color":"","overlay-opacity":"","overlay-gradient":""},"mobile":{"background-color":"var(--ast-global-color-5)","background-image":"","background-repeat":"repeat","background-position":"center center","background-size":"auto","background-attachment":"scroll","background-type":"","background-media":"","overlay-type":"","overlay-color":"","overlay-opacity":"","overlay-gradient":""}},"footnotes":""},"categories":[5],"tags":[],"class_list":["post-129392","post","type-post","status-publish","format-standard","hentry","category-noticias"],"yoast_head":"<!-- This site is optimized with the Yoast SEO Premium plugin v20.9 (Yoast SEO v27.4) - https:\/\/yoast.com\/product\/yoast-seo-premium-wordpress\/ -->\n<title>Peligro de inundaciones en el pueblo suizo de Blatten tras quedar sepultado por una avalancha - bip4ex<\/title>\n<meta name=\"robots\" content=\"index, follow, max-snippet:-1, max-image-preview:large, max-video-preview:-1\" \/>\n<link rel=\"canonical\" href=\"https:\/\/helloproject.es\/vigilancia\/peligro-de-inundaciones-en-el-pueblo-suizo-de-blatten-tras-quedar-sepultado-por-una-avalancha\/\" \/>\n<meta property=\"og:locale\" content=\"es_ES\" \/>\n<meta property=\"og:type\" content=\"article\" \/>\n<meta property=\"og:title\" content=\"Peligro de inundaciones en el pueblo suizo de Blatten tras quedar sepultado por una avalancha\" \/>\n<meta property=\"og:description\" content=\"El valle del r\u00edo Lonza, en los Alpes suizos, contin\u00faa este jueves en estado de alerta un d\u00eda despu\u00e9s de que el colapso de un glaciar de sus monta\u00f1as sepultara el pueblo de Blatten, ya que el desastre ha embalsado las aguas en la zona y podr\u00eda causar inundaciones, lo que ha obligado a nuevas [&hellip;]\" \/>\n<meta property=\"og:url\" content=\"https:\/\/helloproject.es\/vigilancia\/peligro-de-inundaciones-en-el-pueblo-suizo-de-blatten-tras-quedar-sepultado-por-una-avalancha\/\" \/>\n<meta property=\"og:site_name\" content=\"bip4ex\" \/>\n<meta property=\"article:published_time\" content=\"2025-05-29T14:28:21+00:00\" \/>\n<meta name=\"author\" content=\"Luis Miguel Mej\u00edas Ramos\" \/>\n<meta name=\"twitter:card\" content=\"summary_large_image\" \/>\n<meta name=\"twitter:label1\" content=\"Escrito por\" \/>\n\t<meta name=\"twitter:data1\" content=\"Luis Miguel Mej\u00edas Ramos\" \/>\n\t<meta name=\"twitter:label2\" content=\"Tiempo de lectura\" \/>\n\t<meta name=\"twitter:data2\" content=\"2 minutos\" \/>\n<script type=\"application\/ld+json\" class=\"yoast-schema-graph\">{\"@context\":\"https:\\\/\\\/schema.org\",\"@graph\":[{\"@type\":\"Article\",\"@id\":\"https:\\\/\\\/helloproject.es\\\/vigilancia\\\/peligro-de-inundaciones-en-el-pueblo-suizo-de-blatten-tras-quedar-sepultado-por-una-avalancha\\\/#article\",\"isPartOf\":{\"@id\":\"https:\\\/\\\/helloproject.es\\\/vigilancia\\\/peligro-de-inundaciones-en-el-pueblo-suizo-de-blatten-tras-quedar-sepultado-por-una-avalancha\\\/\"},\"author\":{\"name\":\"Luis Miguel Mej\u00edas Ramos\",\"@id\":\"https:\\\/\\\/helloproject.es\\\/vigilancia\\\/#\\\/schema\\\/person\\\/3767b0619d59a11570372c821f8619ca\"},\"headline\":\"Peligro de inundaciones en el pueblo suizo de Blatten tras quedar sepultado por una avalancha\",\"datePublished\":\"2025-05-29T14:28:21+00:00\",\"mainEntityOfPage\":{\"@id\":\"https:\\\/\\\/helloproject.es\\\/vigilancia\\\/peligro-de-inundaciones-en-el-pueblo-suizo-de-blatten-tras-quedar-sepultado-por-una-avalancha\\\/\"},\"wordCount\":490,\"publisher\":{\"@id\":\"https:\\\/\\\/helloproject.es\\\/vigilancia\\\/#organization\"},\"articleSection\":[\"Noticias\"],\"inLanguage\":\"es\"},{\"@type\":\"WebPage\",\"@id\":\"https:\\\/\\\/helloproject.es\\\/vigilancia\\\/peligro-de-inundaciones-en-el-pueblo-suizo-de-blatten-tras-quedar-sepultado-por-una-avalancha\\\/\",\"url\":\"https:\\\/\\\/helloproject.es\\\/vigilancia\\\/peligro-de-inundaciones-en-el-pueblo-suizo-de-blatten-tras-quedar-sepultado-por-una-avalancha\\\/\",\"name\":\"Peligro de inundaciones en el pueblo suizo de Blatten tras quedar sepultado por una avalancha - bip4ex\",\"isPartOf\":{\"@id\":\"https:\\\/\\\/helloproject.es\\\/vigilancia\\\/#website\"},\"datePublished\":\"2025-05-29T14:28:21+00:00\",\"breadcrumb\":{\"@id\":\"https:\\\/\\\/helloproject.es\\\/vigilancia\\\/peligro-de-inundaciones-en-el-pueblo-suizo-de-blatten-tras-quedar-sepultado-por-una-avalancha\\\/#breadcrumb\"},\"inLanguage\":\"es\",\"potentialAction\":[{\"@type\":\"ReadAction\",\"target\":[\"https:\\\/\\\/helloproject.es\\\/vigilancia\\\/peligro-de-inundaciones-en-el-pueblo-suizo-de-blatten-tras-quedar-sepultado-por-una-avalancha\\\/\"]}]},{\"@type\":\"BreadcrumbList\",\"@id\":\"https:\\\/\\\/helloproject.es\\\/vigilancia\\\/peligro-de-inundaciones-en-el-pueblo-suizo-de-blatten-tras-quedar-sepultado-por-una-avalancha\\\/#breadcrumb\",\"itemListElement\":[{\"@type\":\"ListItem\",\"position\":1,\"name\":\"Home\",\"item\":\"https:\\\/\\\/helloproject.es\\\/vigilancia\\\/\"},{\"@type\":\"ListItem\",\"position\":2,\"name\":\"Peligro de inundaciones en el pueblo suizo de Blatten tras quedar sepultado por una avalancha\"}]},{\"@type\":\"WebSite\",\"@id\":\"https:\\\/\\\/helloproject.es\\\/vigilancia\\\/#website\",\"url\":\"https:\\\/\\\/helloproject.es\\\/vigilancia\\\/\",\"name\":\"bip4ex\",\"description\":\"Vigilancia Tecnol\u00f3gica\",\"publisher\":{\"@id\":\"https:\\\/\\\/helloproject.es\\\/vigilancia\\\/#organization\"},\"potentialAction\":[{\"@type\":\"SearchAction\",\"target\":{\"@type\":\"EntryPoint\",\"urlTemplate\":\"https:\\\/\\\/helloproject.es\\\/vigilancia\\\/?s={search_term_string}\"},\"query-input\":{\"@type\":\"PropertyValueSpecification\",\"valueRequired\":true,\"valueName\":\"search_term_string\"}}],\"inLanguage\":\"es\"},{\"@type\":\"Organization\",\"@id\":\"https:\\\/\\\/helloproject.es\\\/vigilancia\\\/#organization\",\"name\":\"Helloproject.es\",\"url\":\"https:\\\/\\\/helloproject.es\\\/vigilancia\\\/\",\"logo\":{\"@type\":\"ImageObject\",\"inLanguage\":\"es\",\"@id\":\"https:\\\/\\\/helloproject.es\\\/vigilancia\\\/#\\\/schema\\\/logo\\\/image\\\/\",\"url\":\"https:\\\/\\\/helloproject.es\\\/vigilancia\\\/wp-content\\\/uploads\\\/2023\\\/07\\\/bip4ex.png\",\"contentUrl\":\"https:\\\/\\\/helloproject.es\\\/vigilancia\\\/wp-content\\\/uploads\\\/2023\\\/07\\\/bip4ex.png\",\"width\":322,\"height\":365,\"caption\":\"Helloproject.es\"},\"image\":{\"@id\":\"https:\\\/\\\/helloproject.es\\\/vigilancia\\\/#\\\/schema\\\/logo\\\/image\\\/\"}},{\"@type\":\"Person\",\"@id\":\"https:\\\/\\\/helloproject.es\\\/vigilancia\\\/#\\\/schema\\\/person\\\/3767b0619d59a11570372c821f8619ca\",\"name\":\"Luis Miguel Mej\u00edas Ramos\",\"url\":\"https:\\\/\\\/helloproject.es\\\/vigilancia\\\/author\\\/luismi\\\/\"}]}<\/script>\n<!-- \/ Yoast SEO Premium plugin. -->","yoast_head_json":{"title":"Peligro de inundaciones en el pueblo suizo de Blatten tras quedar sepultado por una avalancha - bip4ex","robots":{"index":"index","follow":"follow","max-snippet":"max-snippet:-1","max-image-preview":"max-image-preview:large","max-video-preview":"max-video-preview:-1"},"canonical":"https:\/\/helloproject.es\/vigilancia\/peligro-de-inundaciones-en-el-pueblo-suizo-de-blatten-tras-quedar-sepultado-por-una-avalancha\/","og_locale":"es_ES","og_type":"article","og_title":"Peligro de inundaciones en el pueblo suizo de Blatten tras quedar sepultado por una avalancha","og_description":"El valle del r\u00edo Lonza, en los Alpes suizos, contin\u00faa este jueves en estado de alerta un d\u00eda despu\u00e9s de que el colapso de un glaciar de sus monta\u00f1as sepultara el pueblo de Blatten, ya que el desastre ha embalsado las aguas en la zona y podr\u00eda causar inundaciones, lo que ha obligado a nuevas [&hellip;]","og_url":"https:\/\/helloproject.es\/vigilancia\/peligro-de-inundaciones-en-el-pueblo-suizo-de-blatten-tras-quedar-sepultado-por-una-avalancha\/","og_site_name":"bip4ex","article_published_time":"2025-05-29T14:28:21+00:00","author":"Luis Miguel Mej\u00edas Ramos","twitter_card":"summary_large_image","twitter_misc":{"Escrito por":"Luis Miguel Mej\u00edas Ramos","Tiempo de lectura":"2 minutos"},"schema":{"@context":"https:\/\/schema.org","@graph":[{"@type":"Article","@id":"https:\/\/helloproject.es\/vigilancia\/peligro-de-inundaciones-en-el-pueblo-suizo-de-blatten-tras-quedar-sepultado-por-una-avalancha\/#article","isPartOf":{"@id":"https:\/\/helloproject.es\/vigilancia\/peligro-de-inundaciones-en-el-pueblo-suizo-de-blatten-tras-quedar-sepultado-por-una-avalancha\/"},"author":{"name":"Luis Miguel Mej\u00edas Ramos","@id":"https:\/\/helloproject.es\/vigilancia\/#\/schema\/person\/3767b0619d59a11570372c821f8619ca"},"headline":"Peligro de inundaciones en el pueblo suizo de Blatten tras quedar sepultado por una avalancha","datePublished":"2025-05-29T14:28:21+00:00","mainEntityOfPage":{"@id":"https:\/\/helloproject.es\/vigilancia\/peligro-de-inundaciones-en-el-pueblo-suizo-de-blatten-tras-quedar-sepultado-por-una-avalancha\/"},"wordCount":490,"publisher":{"@id":"https:\/\/helloproject.es\/vigilancia\/#organization"},"articleSection":["Noticias"],"inLanguage":"es"},{"@type":"WebPage","@id":"https:\/\/helloproject.es\/vigilancia\/peligro-de-inundaciones-en-el-pueblo-suizo-de-blatten-tras-quedar-sepultado-por-una-avalancha\/","url":"https:\/\/helloproject.es\/vigilancia\/peligro-de-inundaciones-en-el-pueblo-suizo-de-blatten-tras-quedar-sepultado-por-una-avalancha\/","name":"Peligro de inundaciones en el pueblo suizo de Blatten tras quedar sepultado por una avalancha - bip4ex","isPartOf":{"@id":"https:\/\/helloproject.es\/vigilancia\/#website"},"datePublished":"2025-05-29T14:28:21+00:00","breadcrumb":{"@id":"https:\/\/helloproject.es\/vigilancia\/peligro-de-inundaciones-en-el-pueblo-suizo-de-blatten-tras-quedar-sepultado-por-una-avalancha\/#breadcrumb"},"inLanguage":"es","potentialAction":[{"@type":"ReadAction","target":["https:\/\/helloproject.es\/vigilancia\/peligro-de-inundaciones-en-el-pueblo-suizo-de-blatten-tras-quedar-sepultado-por-una-avalancha\/"]}]},{"@type":"BreadcrumbList","@id":"https:\/\/helloproject.es\/vigilancia\/peligro-de-inundaciones-en-el-pueblo-suizo-de-blatten-tras-quedar-sepultado-por-una-avalancha\/#breadcrumb","itemListElement":[{"@type":"ListItem","position":1,"name":"Home","item":"https:\/\/helloproject.es\/vigilancia\/"},{"@type":"ListItem","position":2,"name":"Peligro de inundaciones en el pueblo suizo de Blatten tras quedar sepultado por una avalancha"}]},{"@type":"WebSite","@id":"https:\/\/helloproject.es\/vigilancia\/#website","url":"https:\/\/helloproject.es\/vigilancia\/","name":"bip4ex","description":"Vigilancia Tecnol\u00f3gica","publisher":{"@id":"https:\/\/helloproject.es\/vigilancia\/#organization"},"potentialAction":[{"@type":"SearchAction","target":{"@type":"EntryPoint","urlTemplate":"https:\/\/helloproject.es\/vigilancia\/?s={search_term_string}"},"query-input":{"@type":"PropertyValueSpecification","valueRequired":true,"valueName":"search_term_string"}}],"inLanguage":"es"},{"@type":"Organization","@id":"https:\/\/helloproject.es\/vigilancia\/#organization","name":"Helloproject.es","url":"https:\/\/helloproject.es\/vigilancia\/","logo":{"@type":"ImageObject","inLanguage":"es","@id":"https:\/\/helloproject.es\/vigilancia\/#\/schema\/logo\/image\/","url":"https:\/\/helloproject.es\/vigilancia\/wp-content\/uploads\/2023\/07\/bip4ex.png","contentUrl":"https:\/\/helloproject.es\/vigilancia\/wp-content\/uploads\/2023\/07\/bip4ex.png","width":322,"height":365,"caption":"Helloproject.es"},"image":{"@id":"https:\/\/helloproject.es\/vigilancia\/#\/schema\/logo\/image\/"}},{"@type":"Person","@id":"https:\/\/helloproject.es\/vigilancia\/#\/schema\/person\/3767b0619d59a11570372c821f8619ca","name":"Luis Miguel Mej\u00edas Ramos","url":"https:\/\/helloproject.es\/vigilancia\/author\/luismi\/"}]}},"_links":{"self":[{"href":"https:\/\/helloproject.es\/vigilancia\/wp-json\/wp\/v2\/posts\/129392","targetHints":{"allow":["GET"]}}],"collection":[{"href":"https:\/\/helloproject.es\/vigilancia\/wp-json\/wp\/v2\/posts"}],"about":[{"href":"https:\/\/helloproject.es\/vigilancia\/wp-json\/wp\/v2\/types\/post"}],"author":[{"embeddable":true,"href":"https:\/\/helloproject.es\/vigilancia\/wp-json\/wp\/v2\/users\/5"}],"replies":[{"embeddable":true,"href":"https:\/\/helloproject.es\/vigilancia\/wp-json\/wp\/v2\/comments?post=129392"}],"version-history":[{"count":0,"href":"https:\/\/helloproject.es\/vigilancia\/wp-json\/wp\/v2\/posts\/129392\/revisions"}],"wp:attachment":[{"href":"https:\/\/helloproject.es\/vigilancia\/wp-json\/wp\/v2\/media?parent=129392"}],"wp:term":[{"taxonomy":"category","embeddable":true,"href":"https:\/\/helloproject.es\/vigilancia\/wp-json\/wp\/v2\/categories?post=129392"},{"taxonomy":"post_tag","embeddable":true,"href":"https:\/\/helloproject.es\/vigilancia\/wp-json\/wp\/v2\/tags?post=129392"}],"curies":[{"name":"wp","href":"https:\/\/api.w.org\/{rel}","templated":true}]}}