{"id":129393,"date":"2025-05-29T16:28:18","date_gmt":"2025-05-29T15:28:18","guid":{"rendered":"https:\/\/helloproject.es\/vigilancia\/un-tatuaje-electronico-mide-la-fatiga-mental-al-instante\/"},"modified":"2025-05-29T16:28:18","modified_gmt":"2025-05-29T15:28:18","slug":"un-tatuaje-electronico-mide-la-fatiga-mental-al-instante","status":"publish","type":"post","link":"https:\/\/helloproject.es\/vigilancia\/un-tatuaje-electronico-mide-la-fatiga-mental-al-instante\/","title":{"rendered":"Un tatuaje electr\u00f3nico mide la fatiga mental al instante"},"content":{"rendered":"<p>Esta semana se presenta en la revista Device, de Cell Press, un estudio liderado por la Universidad de Texas en Austin (UT Austin) que muestra un tatuaje electr\u00f3nico, inal\u00e1mbrico y no permanente. El e-tattoo, adherido en la frente, decodifica las ondas cerebrales para medir la tensi\u00f3n mental sin necesidad de equipos voluminosos.<\/p>\n<p>Seg\u00fan los autores, esta tecnolog\u00eda podr\u00eda rastrear la fatiga mental de trabajadores, como controladores a\u00e9reos y conductores de camiones, cuyos lapsos de concentraci\u00f3n pueden tener consecuencias graves.<\/p>\n<p>Esta tecnolog\u00eda podr\u00eda ayudar a rastrear la fatiga mental de trabajadores cuyos lapsos de concentraci\u00f3n pueden tener consecuencias graves<\/p>\n<p>\u201cLa tecnolog\u00eda se desarrolla m\u00e1s r\u00e1pido que la evoluci\u00f3n humana. Nuestra capacidad cerebral no puede seguir el ritmo y se sobrecarga con facilidad\u201d, dice <a href=\"https:\/\/www.ae.utexas.edu\/people\/faculty\/faculty-directory\/lu\" target=\"_blank\">Nanshu Lu<\/a>, l\u00edder del estudio y experta en bioelectr\u00f3nica y dispositivos port\u00e1tiles en UT Austin. \u201cExiste una carga mental \u00f3ptima para un rendimiento adecuado, que var\u00eda seg\u00fan la persona\u201d, afirma.<\/p>\n<p>Los autores indican que las personas rinden mejor en lo que describen como una \u2018zona cognitiva de Ricitos de Oro\u2019 (Goldilocks Principle), es decir, un punto de equilibrio donde la mente no est\u00e1 ni sobrecargada ni infraestimulada. Mantenerse dentro de ese\u00a0umbral favorece el rendimiento \u00f3ptimo.<\/p>\n<p><a><\/a><\/p>\n<h2>\u00cdndice de Carga de Tareas de la NASA<\/h2>\n<p>La evaluaci\u00f3n actual de la carga mental suele basarse en m\u00e9todos como el \u00cdndice de Carga de Tareas de la NASA, una encuesta larga y subjetiva que los participantes completan despu\u00e9s de realizar tareas.<\/p>\n<p>Seg\u00fan explica\u00a0Nanshu Lu\u00a0a\u00a0SINC, \u201cel e-tattoo es un parche fino, similar a la piel, que se adhiere a la frente y registra las se\u00f1ales el\u00e9ctricas del cerebro [EEG] y los ojos [EOG]. Captura patrones como los cambios en las ondas cerebrales y la actividad de parpadeo asociados al esfuerzo mental\u201d.<\/p>\n<p><img decoding=\"async\" src=\"https:\/\/www.agenciasinc.es\/bundles\/app\/images\/quotebefore.png\" \/><\/p>\n<p>Es un parche ultrafino y flexible que se adhiere a la frente para registrar se\u00f1ales el\u00e9ctricas cerebrales y oculares. Detecta patrones relacionados con el esfuerzo mental<\/p>\n<p> Nanshu Lu , l\u00edder del estudio (UT Austin)<br \/>\n<img decoding=\"async\" src=\"https:\/\/www.agenciasinc.es\/bundles\/app\/images\/quoteafter.png\" \/><\/p>\n<p>La investigadora agrega que, \u201ca diferencia de los sistemas convencionales, utiliza electrodos secos y el\u00e1sticos y un circuito inal\u00e1mbrico compacto, lo que elimina la necesidad de geles, diademas o cables\u201d.<\/p>\n<p>El nuevo tatuaje electr\u00f3nico se plantea como una alternativa para analizar la actividad el\u00e9ctrica del cerebro y el movimiento ocular. A diferencia de los gorros EEG, que son voluminosos, con cables colgantes y gel espeso, el e-tattoo es inal\u00e1mbrico, consta de un paquete de bater\u00edas liviano y sensores adhesivos tan delgados como el papel.<\/p>\n<p>Estos sensores presentan bucles y espirales onduladas, un dise\u00f1o que les permite estirarse y adaptarse a la piel para mayor comodidad y mejor se\u00f1al.<\/p>\n<p>\u201cLo importante no es solo medir bien, sino hacerlo con una herramienta que a la gente le resulte f\u00e1cil llevar puesta\u201d, comenta Lu a SINC. \u201cAl dise\u00f1ar el dispositivo, nos centramos en que fuera flexible, ligero y personalizado para ajustarse a cualquier rostro\u201d.<\/p>\n<p><a><\/a><\/p>\n<h2>Alta fidelidad y bajo nivel de ruido<\/h2>\n<p>Explica que \u201ct\u00e9cnicamente, el dispositivo ofrece se\u00f1ales de alta fidelidad y bajo nivel de ruido, con gran resistencia al movimiento. Funciona con potencia ultrabaja y requiere tasas m\u00ednimas de transmisi\u00f3n de datos\u201d.<\/p>\n<p><img decoding=\"async\" src=\"https:\/\/www.agenciasinc.es\/bundles\/app\/images\/quotebefore.png\" \/><\/p>\n<p>Al dise\u00f1ar el dispositivo, nos centramos en que fuera flexible, ligero y personalizado para ajustarse a cualquier rostro<\/p>\n<p>Nanshu Lu<br \/>\n<img decoding=\"async\" src=\"https:\/\/www.agenciasinc.es\/bundles\/app\/images\/quoteafter.png\" \/><\/p>\n<p>En la pr\u00e1ctica, prosigue, \u201ces ligero, desechable, f\u00e1cil de llevar y compatible con cascos o gafas, cualidades de las que carecen las configuraciones EEG existentes\u201d.<\/p>\n<p><a><\/a><\/p>\n<h2>En investigaci\u00f3n cognitiva y formaci\u00f3n<\/h2>\n<p>Seg\u00fan Lu, \u201cel e-tattoo ser\u00e1 \u00fatil en entornos de trabajo de alto riesgo, como la aviaci\u00f3n, la cirug\u00eda o la conducci\u00f3n de larga distancia, donde la monitorizaci\u00f3n de la tensi\u00f3n mental puede prevenir errores. Tambi\u00e9n tiene potencial en la investigaci\u00f3n cognitiva y en entornos de formaci\u00f3n\u201d.<\/p>\n<p>Los investigadores probaron el tatuaje en seis participantes que realizaron un reto de memoria con dificultad creciente. A medida que aumentaba la carga mental, los voluntarios mostraron mayor actividad en las ondas cerebrales theta y delta, lo que indica una mayor demanda cognitiva, mientras que la actividad alfa y beta disminu\u00eda, lo que se\u00f1ala fatiga mental.<\/p>\n<p>Probaron el sistema en seis participantes. Al aumentar la carga mental, la actividad de ondas theta y delta subi\u00f3, lo que indic\u00f3 mayor demanda cognitiva<\/p>\n<p>Los resultados indican que el dispositivo puede detectar cu\u00e1ndo el cerebro tiene dificultades. No se limita solo a eso: tambi\u00e9n puede anticipar la fatiga mental. Los autores entrenaron un modelo inform\u00e1tico para estimar la carga cerebral a partir de las se\u00f1ales del tatuaje electr\u00f3nico, y distinguieron con \u00e9xito entre distintos niveles de esfuerzo mental.<\/p>\n<p><a><\/a><\/p>\n<h2>Tambi\u00e9n una herramienta predictiva<\/h2>\n<p>\u201cEsta no es solo una herramienta de medici\u00f3n, sino tambi\u00e9n de predicci\u00f3n\u201d, declara Lu a SINC. \u201cNos interesa que pueda alertar antes de que el cerebro colapse por sobrecarga, algo clave en sectores donde la concentraci\u00f3n lo es todo\u201d.<\/p>\n<p>Destaca que, para que la tecnolog\u00eda est\u00e9 ampliamente disponible, todav\u00eda necesitan validar su rendimiento en entornos reales con poblaciones m\u00e1s amplias. \u201cEn el futuro, la incorporaci\u00f3n de la computaci\u00f3n perif\u00e9rica en el tatuaje y la provisi\u00f3n de informaci\u00f3n en tiempo real tambi\u00e9n ser\u00e1n muy valiosas para los usuarios finales\u201d.<\/p>\n<p>El coste del sistema es otra de sus ventajas. Seg\u00fan detallan los autores, un equipo EEG tradicional puede superar los 15 000 d\u00f3lares (unos 13 800 euros), mientras que los chips y el paquete de bater\u00edas del tatuaje electr\u00f3nico cuestan 200 d\u00f3lares (184 euros), y los sensores desechables, unos 20 d\u00f3lares (18,40 euros).<\/p>\n<p><img decoding=\"async\" src=\"https:\/\/www.agenciasinc.es\/bundles\/app\/images\/quotebefore.png\" \/><\/p>\n<p>Uno de mis deseos es convertir el tatuaje electr\u00f3nico en un producto que podamos usar en casa<\/p>\n<p><img decoding=\"async\" src=\"https:\/\/www.agenciasinc.es\/bundles\/app\/images\/quoteafter.png\" \/><\/p>\n<p>\u201cEl hecho de que sea barato lo hace mucho m\u00e1s accesible\u201d, dice el coautor Luis Sentis, de UT Austin. \u201cUno de mis deseos es convertir el tatuaje electr\u00f3nico en un producto que podamos usar en casa\u201d.<\/p>\n<p>Aunque el tatuaje electr\u00f3nico solo funciona sobre piel sin vello, los investigadores trabajan para combinarlo con sensores a base de tinta que funcionen sobre el cabello. Esto permitir\u00e1 cubrir toda la cabeza y lograr una monitorizaci\u00f3n cerebral m\u00e1s completa. A medida que los robots y la nueva tecnolog\u00eda se utilizan cada vez m\u00e1s en los lugares de trabajo y en los hogares, el equipo espera que esta tecnolog\u00eda mejore la comprensi\u00f3n de la interacci\u00f3n humano-m\u00e1quina.<\/p>\n<p>\u201cDurante mucho tiempo hemos monitorizado la salud f\u00edsica de los trabajadores, rastreando lesiones y esfuerzo muscular\u201d, dice Sentis. \u201cAhora tenemos la capacidad de monitorizar la tensi\u00f3n mental, que no se hab\u00eda rastreado. Esto podr\u00eda cambiar fundamentalmente la forma en que las organizaciones aseguran el bienestar general de su plantilla\u201d.<\/p>\n<p>Referencia:\u00a0<\/p>\n<p>Huh et al. \u201cA Wireless Forehead E-tattoo for Mental Workload Estimation\u201d.\u00a0<a href=\"http:\/\/cell.com\/device\/fulltext\/S2666-9986(25)00094-8\" target=\"_blank\">Device <\/a>(2025).<\/p>","protected":false},"excerpt":{"rendered":"<p>Esta semana se presenta en la revista Device, de Cell Press, un estudio liderado por la Universidad de Texas en Austin (UT Austin) que muestra un tatuaje electr\u00f3nico, inal\u00e1mbrico y no permanente. El e-tattoo, adherido en la frente, decodifica las ondas cerebrales para medir la tensi\u00f3n mental sin necesidad de equipos voluminosos. Seg\u00fan los autores, [&hellip;]<\/p>\n","protected":false},"author":5,"featured_media":0,"comment_status":"","ping_status":"","sticky":false,"template":"","format":"standard","meta":{"site-sidebar-layout":"default","site-content-layout":"","ast-site-content-layout":"default","site-content-style":"default","site-sidebar-style":"default","ast-global-header-display":"","ast-banner-title-visibility":"","ast-main-header-display":"","ast-hfb-above-header-display":"","ast-hfb-below-header-display":"","ast-hfb-mobile-header-display":"","site-post-title":"","ast-breadcrumbs-content":"","ast-featured-img":"","footer-sml-layout":"","ast-disable-related-posts":"","theme-transparent-header-meta":"","adv-header-id-meta":"","stick-header-meta":"","header-above-stick-meta":"","header-main-stick-meta":"","header-below-stick-meta":"","astra-migrate-meta-layouts":"default","ast-page-background-enabled":"default","ast-page-background-meta":{"desktop":{"background-color":"var(--ast-global-color-4)","background-image":"","background-repeat":"repeat","background-position":"center center","background-size":"auto","background-attachment":"scroll","background-type":"","background-media":"","overlay-type":"","overlay-color":"","overlay-opacity":"","overlay-gradient":""},"tablet":{"background-color":"","background-image":"","background-repeat":"repeat","background-position":"center center","background-size":"auto","background-attachment":"scroll","background-type":"","background-media":"","overlay-type":"","overlay-color":"","overlay-opacity":"","overlay-gradient":""},"mobile":{"background-color":"","background-image":"","background-repeat":"repeat","background-position":"center center","background-size":"auto","background-attachment":"scroll","background-type":"","background-media":"","overlay-type":"","overlay-color":"","overlay-opacity":"","overlay-gradient":""}},"ast-content-background-meta":{"desktop":{"background-color":"var(--ast-global-color-5)","background-image":"","background-repeat":"repeat","background-position":"center center","background-size":"auto","background-attachment":"scroll","background-type":"","background-media":"","overlay-type":"","overlay-color":"","overlay-opacity":"","overlay-gradient":""},"tablet":{"background-color":"var(--ast-global-color-5)","background-image":"","background-repeat":"repeat","background-position":"center center","background-size":"auto","background-attachment":"scroll","background-type":"","background-media":"","overlay-type":"","overlay-color":"","overlay-opacity":"","overlay-gradient":""},"mobile":{"background-color":"var(--ast-global-color-5)","background-image":"","background-repeat":"repeat","background-position":"center center","background-size":"auto","background-attachment":"scroll","background-type":"","background-media":"","overlay-type":"","overlay-color":"","overlay-opacity":"","overlay-gradient":""}},"footnotes":""},"categories":[5],"tags":[],"class_list":["post-129393","post","type-post","status-publish","format-standard","hentry","category-noticias"],"yoast_head":"<!-- This site is optimized with the Yoast SEO Premium plugin v20.9 (Yoast SEO v27.4) - https:\/\/yoast.com\/product\/yoast-seo-premium-wordpress\/ -->\n<title>Un tatuaje electr\u00f3nico mide la fatiga mental al instante - bip4ex<\/title>\n<meta name=\"robots\" content=\"index, follow, max-snippet:-1, max-image-preview:large, max-video-preview:-1\" \/>\n<link rel=\"canonical\" href=\"https:\/\/helloproject.es\/vigilancia\/un-tatuaje-electronico-mide-la-fatiga-mental-al-instante\/\" \/>\n<meta property=\"og:locale\" content=\"es_ES\" \/>\n<meta property=\"og:type\" content=\"article\" \/>\n<meta property=\"og:title\" content=\"Un tatuaje electr\u00f3nico mide la fatiga mental al instante\" \/>\n<meta property=\"og:description\" content=\"Esta semana se presenta en la revista Device, de Cell Press, un estudio liderado por la Universidad de Texas en Austin (UT Austin) que muestra un tatuaje electr\u00f3nico, inal\u00e1mbrico y no permanente. El e-tattoo, adherido en la frente, decodifica las ondas cerebrales para medir la tensi\u00f3n mental sin necesidad de equipos voluminosos. Seg\u00fan los autores, [&hellip;]\" \/>\n<meta property=\"og:url\" content=\"https:\/\/helloproject.es\/vigilancia\/un-tatuaje-electronico-mide-la-fatiga-mental-al-instante\/\" \/>\n<meta property=\"og:site_name\" content=\"bip4ex\" \/>\n<meta property=\"article:published_time\" content=\"2025-05-29T15:28:18+00:00\" \/>\n<meta property=\"og:image\" content=\"https:\/\/www.agenciasinc.es\/bundles\/app\/images\/quotebefore.png\" \/>\n<meta name=\"author\" content=\"Luis Miguel Mej\u00edas Ramos\" \/>\n<meta name=\"twitter:card\" content=\"summary_large_image\" \/>\n<meta name=\"twitter:label1\" content=\"Escrito por\" \/>\n\t<meta name=\"twitter:data1\" content=\"Luis Miguel Mej\u00edas Ramos\" \/>\n\t<meta name=\"twitter:label2\" content=\"Tiempo de lectura\" \/>\n\t<meta name=\"twitter:data2\" content=\"6 minutos\" \/>\n<script type=\"application\/ld+json\" class=\"yoast-schema-graph\">{\"@context\":\"https:\\\/\\\/schema.org\",\"@graph\":[{\"@type\":\"Article\",\"@id\":\"https:\\\/\\\/helloproject.es\\\/vigilancia\\\/un-tatuaje-electronico-mide-la-fatiga-mental-al-instante\\\/#article\",\"isPartOf\":{\"@id\":\"https:\\\/\\\/helloproject.es\\\/vigilancia\\\/un-tatuaje-electronico-mide-la-fatiga-mental-al-instante\\\/\"},\"author\":{\"name\":\"Luis Miguel Mej\u00edas Ramos\",\"@id\":\"https:\\\/\\\/helloproject.es\\\/vigilancia\\\/#\\\/schema\\\/person\\\/3767b0619d59a11570372c821f8619ca\"},\"headline\":\"Un tatuaje electr\u00f3nico mide la fatiga mental al instante\",\"datePublished\":\"2025-05-29T15:28:18+00:00\",\"mainEntityOfPage\":{\"@id\":\"https:\\\/\\\/helloproject.es\\\/vigilancia\\\/un-tatuaje-electronico-mide-la-fatiga-mental-al-instante\\\/\"},\"wordCount\":1184,\"publisher\":{\"@id\":\"https:\\\/\\\/helloproject.es\\\/vigilancia\\\/#organization\"},\"image\":{\"@id\":\"https:\\\/\\\/helloproject.es\\\/vigilancia\\\/un-tatuaje-electronico-mide-la-fatiga-mental-al-instante\\\/#primaryimage\"},\"thumbnailUrl\":\"https:\\\/\\\/www.agenciasinc.es\\\/bundles\\\/app\\\/images\\\/quotebefore.png\",\"articleSection\":[\"Noticias\"],\"inLanguage\":\"es\"},{\"@type\":\"WebPage\",\"@id\":\"https:\\\/\\\/helloproject.es\\\/vigilancia\\\/un-tatuaje-electronico-mide-la-fatiga-mental-al-instante\\\/\",\"url\":\"https:\\\/\\\/helloproject.es\\\/vigilancia\\\/un-tatuaje-electronico-mide-la-fatiga-mental-al-instante\\\/\",\"name\":\"Un tatuaje electr\u00f3nico mide la fatiga mental al instante - bip4ex\",\"isPartOf\":{\"@id\":\"https:\\\/\\\/helloproject.es\\\/vigilancia\\\/#website\"},\"primaryImageOfPage\":{\"@id\":\"https:\\\/\\\/helloproject.es\\\/vigilancia\\\/un-tatuaje-electronico-mide-la-fatiga-mental-al-instante\\\/#primaryimage\"},\"image\":{\"@id\":\"https:\\\/\\\/helloproject.es\\\/vigilancia\\\/un-tatuaje-electronico-mide-la-fatiga-mental-al-instante\\\/#primaryimage\"},\"thumbnailUrl\":\"https:\\\/\\\/www.agenciasinc.es\\\/bundles\\\/app\\\/images\\\/quotebefore.png\",\"datePublished\":\"2025-05-29T15:28:18+00:00\",\"breadcrumb\":{\"@id\":\"https:\\\/\\\/helloproject.es\\\/vigilancia\\\/un-tatuaje-electronico-mide-la-fatiga-mental-al-instante\\\/#breadcrumb\"},\"inLanguage\":\"es\",\"potentialAction\":[{\"@type\":\"ReadAction\",\"target\":[\"https:\\\/\\\/helloproject.es\\\/vigilancia\\\/un-tatuaje-electronico-mide-la-fatiga-mental-al-instante\\\/\"]}]},{\"@type\":\"ImageObject\",\"inLanguage\":\"es\",\"@id\":\"https:\\\/\\\/helloproject.es\\\/vigilancia\\\/un-tatuaje-electronico-mide-la-fatiga-mental-al-instante\\\/#primaryimage\",\"url\":\"https:\\\/\\\/www.agenciasinc.es\\\/bundles\\\/app\\\/images\\\/quotebefore.png\",\"contentUrl\":\"https:\\\/\\\/www.agenciasinc.es\\\/bundles\\\/app\\\/images\\\/quotebefore.png\"},{\"@type\":\"BreadcrumbList\",\"@id\":\"https:\\\/\\\/helloproject.es\\\/vigilancia\\\/un-tatuaje-electronico-mide-la-fatiga-mental-al-instante\\\/#breadcrumb\",\"itemListElement\":[{\"@type\":\"ListItem\",\"position\":1,\"name\":\"Home\",\"item\":\"https:\\\/\\\/helloproject.es\\\/vigilancia\\\/\"},{\"@type\":\"ListItem\",\"position\":2,\"name\":\"Un tatuaje electr\u00f3nico mide la fatiga mental al instante\"}]},{\"@type\":\"WebSite\",\"@id\":\"https:\\\/\\\/helloproject.es\\\/vigilancia\\\/#website\",\"url\":\"https:\\\/\\\/helloproject.es\\\/vigilancia\\\/\",\"name\":\"bip4ex\",\"description\":\"Vigilancia Tecnol\u00f3gica\",\"publisher\":{\"@id\":\"https:\\\/\\\/helloproject.es\\\/vigilancia\\\/#organization\"},\"potentialAction\":[{\"@type\":\"SearchAction\",\"target\":{\"@type\":\"EntryPoint\",\"urlTemplate\":\"https:\\\/\\\/helloproject.es\\\/vigilancia\\\/?s={search_term_string}\"},\"query-input\":{\"@type\":\"PropertyValueSpecification\",\"valueRequired\":true,\"valueName\":\"search_term_string\"}}],\"inLanguage\":\"es\"},{\"@type\":\"Organization\",\"@id\":\"https:\\\/\\\/helloproject.es\\\/vigilancia\\\/#organization\",\"name\":\"Helloproject.es\",\"url\":\"https:\\\/\\\/helloproject.es\\\/vigilancia\\\/\",\"logo\":{\"@type\":\"ImageObject\",\"inLanguage\":\"es\",\"@id\":\"https:\\\/\\\/helloproject.es\\\/vigilancia\\\/#\\\/schema\\\/logo\\\/image\\\/\",\"url\":\"https:\\\/\\\/helloproject.es\\\/vigilancia\\\/wp-content\\\/uploads\\\/2023\\\/07\\\/bip4ex.png\",\"contentUrl\":\"https:\\\/\\\/helloproject.es\\\/vigilancia\\\/wp-content\\\/uploads\\\/2023\\\/07\\\/bip4ex.png\",\"width\":322,\"height\":365,\"caption\":\"Helloproject.es\"},\"image\":{\"@id\":\"https:\\\/\\\/helloproject.es\\\/vigilancia\\\/#\\\/schema\\\/logo\\\/image\\\/\"}},{\"@type\":\"Person\",\"@id\":\"https:\\\/\\\/helloproject.es\\\/vigilancia\\\/#\\\/schema\\\/person\\\/3767b0619d59a11570372c821f8619ca\",\"name\":\"Luis Miguel Mej\u00edas Ramos\",\"url\":\"https:\\\/\\\/helloproject.es\\\/vigilancia\\\/author\\\/luismi\\\/\"}]}<\/script>\n<!-- \/ Yoast SEO Premium plugin. -->","yoast_head_json":{"title":"Un tatuaje electr\u00f3nico mide la fatiga mental al instante - bip4ex","robots":{"index":"index","follow":"follow","max-snippet":"max-snippet:-1","max-image-preview":"max-image-preview:large","max-video-preview":"max-video-preview:-1"},"canonical":"https:\/\/helloproject.es\/vigilancia\/un-tatuaje-electronico-mide-la-fatiga-mental-al-instante\/","og_locale":"es_ES","og_type":"article","og_title":"Un tatuaje electr\u00f3nico mide la fatiga mental al instante","og_description":"Esta semana se presenta en la revista Device, de Cell Press, un estudio liderado por la Universidad de Texas en Austin (UT Austin) que muestra un tatuaje electr\u00f3nico, inal\u00e1mbrico y no permanente. El e-tattoo, adherido en la frente, decodifica las ondas cerebrales para medir la tensi\u00f3n mental sin necesidad de equipos voluminosos. Seg\u00fan los autores, [&hellip;]","og_url":"https:\/\/helloproject.es\/vigilancia\/un-tatuaje-electronico-mide-la-fatiga-mental-al-instante\/","og_site_name":"bip4ex","article_published_time":"2025-05-29T15:28:18+00:00","og_image":[{"url":"https:\/\/www.agenciasinc.es\/bundles\/app\/images\/quotebefore.png","type":"","width":"","height":""}],"author":"Luis Miguel Mej\u00edas Ramos","twitter_card":"summary_large_image","twitter_misc":{"Escrito por":"Luis Miguel Mej\u00edas Ramos","Tiempo de lectura":"6 minutos"},"schema":{"@context":"https:\/\/schema.org","@graph":[{"@type":"Article","@id":"https:\/\/helloproject.es\/vigilancia\/un-tatuaje-electronico-mide-la-fatiga-mental-al-instante\/#article","isPartOf":{"@id":"https:\/\/helloproject.es\/vigilancia\/un-tatuaje-electronico-mide-la-fatiga-mental-al-instante\/"},"author":{"name":"Luis Miguel Mej\u00edas Ramos","@id":"https:\/\/helloproject.es\/vigilancia\/#\/schema\/person\/3767b0619d59a11570372c821f8619ca"},"headline":"Un tatuaje electr\u00f3nico mide la fatiga mental al instante","datePublished":"2025-05-29T15:28:18+00:00","mainEntityOfPage":{"@id":"https:\/\/helloproject.es\/vigilancia\/un-tatuaje-electronico-mide-la-fatiga-mental-al-instante\/"},"wordCount":1184,"publisher":{"@id":"https:\/\/helloproject.es\/vigilancia\/#organization"},"image":{"@id":"https:\/\/helloproject.es\/vigilancia\/un-tatuaje-electronico-mide-la-fatiga-mental-al-instante\/#primaryimage"},"thumbnailUrl":"https:\/\/www.agenciasinc.es\/bundles\/app\/images\/quotebefore.png","articleSection":["Noticias"],"inLanguage":"es"},{"@type":"WebPage","@id":"https:\/\/helloproject.es\/vigilancia\/un-tatuaje-electronico-mide-la-fatiga-mental-al-instante\/","url":"https:\/\/helloproject.es\/vigilancia\/un-tatuaje-electronico-mide-la-fatiga-mental-al-instante\/","name":"Un tatuaje electr\u00f3nico mide la fatiga mental al instante - bip4ex","isPartOf":{"@id":"https:\/\/helloproject.es\/vigilancia\/#website"},"primaryImageOfPage":{"@id":"https:\/\/helloproject.es\/vigilancia\/un-tatuaje-electronico-mide-la-fatiga-mental-al-instante\/#primaryimage"},"image":{"@id":"https:\/\/helloproject.es\/vigilancia\/un-tatuaje-electronico-mide-la-fatiga-mental-al-instante\/#primaryimage"},"thumbnailUrl":"https:\/\/www.agenciasinc.es\/bundles\/app\/images\/quotebefore.png","datePublished":"2025-05-29T15:28:18+00:00","breadcrumb":{"@id":"https:\/\/helloproject.es\/vigilancia\/un-tatuaje-electronico-mide-la-fatiga-mental-al-instante\/#breadcrumb"},"inLanguage":"es","potentialAction":[{"@type":"ReadAction","target":["https:\/\/helloproject.es\/vigilancia\/un-tatuaje-electronico-mide-la-fatiga-mental-al-instante\/"]}]},{"@type":"ImageObject","inLanguage":"es","@id":"https:\/\/helloproject.es\/vigilancia\/un-tatuaje-electronico-mide-la-fatiga-mental-al-instante\/#primaryimage","url":"https:\/\/www.agenciasinc.es\/bundles\/app\/images\/quotebefore.png","contentUrl":"https:\/\/www.agenciasinc.es\/bundles\/app\/images\/quotebefore.png"},{"@type":"BreadcrumbList","@id":"https:\/\/helloproject.es\/vigilancia\/un-tatuaje-electronico-mide-la-fatiga-mental-al-instante\/#breadcrumb","itemListElement":[{"@type":"ListItem","position":1,"name":"Home","item":"https:\/\/helloproject.es\/vigilancia\/"},{"@type":"ListItem","position":2,"name":"Un tatuaje electr\u00f3nico mide la fatiga mental al instante"}]},{"@type":"WebSite","@id":"https:\/\/helloproject.es\/vigilancia\/#website","url":"https:\/\/helloproject.es\/vigilancia\/","name":"bip4ex","description":"Vigilancia Tecnol\u00f3gica","publisher":{"@id":"https:\/\/helloproject.es\/vigilancia\/#organization"},"potentialAction":[{"@type":"SearchAction","target":{"@type":"EntryPoint","urlTemplate":"https:\/\/helloproject.es\/vigilancia\/?s={search_term_string}"},"query-input":{"@type":"PropertyValueSpecification","valueRequired":true,"valueName":"search_term_string"}}],"inLanguage":"es"},{"@type":"Organization","@id":"https:\/\/helloproject.es\/vigilancia\/#organization","name":"Helloproject.es","url":"https:\/\/helloproject.es\/vigilancia\/","logo":{"@type":"ImageObject","inLanguage":"es","@id":"https:\/\/helloproject.es\/vigilancia\/#\/schema\/logo\/image\/","url":"https:\/\/helloproject.es\/vigilancia\/wp-content\/uploads\/2023\/07\/bip4ex.png","contentUrl":"https:\/\/helloproject.es\/vigilancia\/wp-content\/uploads\/2023\/07\/bip4ex.png","width":322,"height":365,"caption":"Helloproject.es"},"image":{"@id":"https:\/\/helloproject.es\/vigilancia\/#\/schema\/logo\/image\/"}},{"@type":"Person","@id":"https:\/\/helloproject.es\/vigilancia\/#\/schema\/person\/3767b0619d59a11570372c821f8619ca","name":"Luis Miguel Mej\u00edas Ramos","url":"https:\/\/helloproject.es\/vigilancia\/author\/luismi\/"}]}},"_links":{"self":[{"href":"https:\/\/helloproject.es\/vigilancia\/wp-json\/wp\/v2\/posts\/129393","targetHints":{"allow":["GET"]}}],"collection":[{"href":"https:\/\/helloproject.es\/vigilancia\/wp-json\/wp\/v2\/posts"}],"about":[{"href":"https:\/\/helloproject.es\/vigilancia\/wp-json\/wp\/v2\/types\/post"}],"author":[{"embeddable":true,"href":"https:\/\/helloproject.es\/vigilancia\/wp-json\/wp\/v2\/users\/5"}],"replies":[{"embeddable":true,"href":"https:\/\/helloproject.es\/vigilancia\/wp-json\/wp\/v2\/comments?post=129393"}],"version-history":[{"count":0,"href":"https:\/\/helloproject.es\/vigilancia\/wp-json\/wp\/v2\/posts\/129393\/revisions"}],"wp:attachment":[{"href":"https:\/\/helloproject.es\/vigilancia\/wp-json\/wp\/v2\/media?parent=129393"}],"wp:term":[{"taxonomy":"category","embeddable":true,"href":"https:\/\/helloproject.es\/vigilancia\/wp-json\/wp\/v2\/categories?post=129393"},{"taxonomy":"post_tag","embeddable":true,"href":"https:\/\/helloproject.es\/vigilancia\/wp-json\/wp\/v2\/tags?post=129393"}],"curies":[{"name":"wp","href":"https:\/\/api.w.org\/{rel}","templated":true}]}}