{"id":129418,"date":"2025-05-30T09:28:19","date_gmt":"2025-05-30T08:28:19","guid":{"rendered":"https:\/\/helloproject.es\/vigilancia\/pediatras-espanoles-piden-una-respuesta-etica-ante-las-miles-de-muertes-de-ninos-por-hambre-en-gaza\/"},"modified":"2025-05-30T09:28:19","modified_gmt":"2025-05-30T08:28:19","slug":"pediatras-espanoles-piden-una-respuesta-etica-ante-las-miles-de-muertes-de-ninos-por-hambre-en-gaza","status":"publish","type":"post","link":"https:\/\/helloproject.es\/vigilancia\/pediatras-espanoles-piden-una-respuesta-etica-ante-las-miles-de-muertes-de-ninos-por-hambre-en-gaza\/","title":{"rendered":"Pediatras espa\u00f1oles piden una respuesta \u00e9tica ante las miles de muertes de ni\u00f1os por hambre en Gaza"},"content":{"rendered":"<p>La Asociaci\u00f3n Espa\u00f1ola de Pediatr\u00eda de Atenci\u00f3n Primaria (<a href=\"https:\/\/aepap.org\/\" target=\"_blank\">AEPap<\/a>), la Sociedad Espa\u00f1ola de Pediatr\u00eda Social (<a href=\"https:\/\/www.pediatriasocial.es\/\" target=\"_blank\">SEPS<\/a>) y el Comit\u00e9 de Bio\u00e9tica de la Asociaci\u00f3n Espa\u00f1ola de Pediatr\u00eda (<a href=\"http:\/\/aeped.es\/comite-bioetica\" target=\"_blank\">AEP<\/a>) han alzado la voz ante la\u00a0cat\u00e1strofe humanitaria que azota a la infancia en la Franja de Gaza.<\/p>\n<p>Las entidades denuncian que miles de ni\u00f1os y ni\u00f1as est\u00e1n muriendo a causa del hambre y la desnutrici\u00f3n severa, mientras el sistema sanitario permanece colapsado y la ayuda humanitaria sigue bloqueada.<\/p>\n<p>Las asociaciones denuncian que miles de ni\u00f1os y ni\u00f1as est\u00e1n muriendo a causa del hambre y la desnutrici\u00f3n severa, mientras el sistema sanitario permanece colapsado y la ayuda humanitaria sigue bloqueada<\/p>\n<p>Seg\u00fan datos recientes de Naciones Unidas, 1,94 millones de personas viven en niveles cr\u00edticos de inseguridad alimentaria en Gaza. De ellos, 244.000 est\u00e1n en situaci\u00f3n catastr\u00f3fica y m\u00e1s de 71.000 menores de cinco a\u00f1os podr\u00edan sufrir desnutrici\u00f3n aguda, incluyendo 14.000 en estado grave.<\/p>\n<p>En paralelo, el informe publicado por la revista cient\u00edfica The Lancet se\u00f1ala que Gaza registr\u00f3 en 2024 el mayor n\u00famero de ataques contra personal e infraestructuras sanitarias en el mundo, con m\u00e1s de 1 400 profesionales asesinados.<\/p>\n<p>Las organizaciones pedi\u00e1tricas consideran inadmisible que, en pleno siglo XXI, mueran ni\u00f1os por inanici\u00f3n cuando existe capacidad log\u00edstica para ofrecer asistencia.<\/p>\n<p>Las organizaciones pedi\u00e1tricas consideran inadmisible que, en pleno siglo XXI, mueran ni\u00f1os por inanici\u00f3n cuando existe capacidad log\u00edstica para ofrecer asistencia. Denuncian que impedir el acceso a alimentos, agua potable, medicamentos y atenci\u00f3n m\u00e9dica constituye una vulneraci\u00f3n directa de la Convenci\u00f3n sobre los Derechos del Ni\u00f1o y del Derecho Internacional Humanitario.<\/p>\n<p><a><\/a><\/p>\n<h2>Cifras estremecedoras<\/h2>\n<p>\u201cLa muerte por hambre no puede considerarse una consecuencia inevitable de un conflicto armado. Es violencia estructural y deliberada contra la infancia\u201d, afirman los portavoces de las entidades firmantes. \u201cCallar ante esta realidad ser\u00eda una forma de complicidad\u201d.<\/p>\n<p>Al menos 16 503 ni\u00f1os han perdido la vida desde el inicio de la ofensiva israel\u00ed en Gaza, seg\u00fan el Ministerio de Salud gazat\u00ed.<\/p>\n<p>Las cifras son estremecedoras: al menos 16 503 ni\u00f1os han perdido la vida desde el inicio de la ofensiva israel\u00ed en Gaza, seg\u00fan el Ministerio de Salud gazat\u00ed. De ellos, 916 eran menores de un a\u00f1o. Muchos nacieron en condiciones de guerra y han muerto antes de experimentar la paz.<\/p>\n<p>Las asociaciones reclaman medidas concretas y urgentes:<\/p>\n<p>Garantizar el acceso inmediato, seguro y sin restricciones a la ayuda humanitaria.<br \/>\nProteger las infraestructuras sanitarias y al personal m\u00e9dico.<br \/>\nCumplir con el marco legal internacional que protege los derechos de la infancia.<\/p>\n<p>Asimismo, apelan a la responsabilidad \u00e9tica y profesional de la comunidad m\u00e9dica y cient\u00edfica internacional, recordando que el sufrimiento infantil no puede normalizarse ni silenciarse.<\/p>\n<p>\u201cLa \u00e9tica m\u00e9dica nos obliga a alzar la voz; la conciencia humana, a no mirar hacia otro lado\u201d, concluyen los pediatras. Gaza no puede quedar fuera del compromiso global con la infancia.<\/p>","protected":false},"excerpt":{"rendered":"<p>La Asociaci\u00f3n Espa\u00f1ola de Pediatr\u00eda de Atenci\u00f3n Primaria (AEPap), la Sociedad Espa\u00f1ola de Pediatr\u00eda Social (SEPS) y el Comit\u00e9 de Bio\u00e9tica de la Asociaci\u00f3n Espa\u00f1ola de Pediatr\u00eda (AEP) han alzado la voz ante la\u00a0cat\u00e1strofe humanitaria que azota a la infancia en la Franja de Gaza. Las entidades denuncian que miles de ni\u00f1os y ni\u00f1as est\u00e1n [&hellip;]<\/p>\n","protected":false},"author":5,"featured_media":0,"comment_status":"","ping_status":"","sticky":false,"template":"","format":"standard","meta":{"site-sidebar-layout":"default","site-content-layout":"","ast-site-content-layout":"default","site-content-style":"default","site-sidebar-style":"default","ast-global-header-display":"","ast-banner-title-visibility":"","ast-main-header-display":"","ast-hfb-above-header-display":"","ast-hfb-below-header-display":"","ast-hfb-mobile-header-display":"","site-post-title":"","ast-breadcrumbs-content":"","ast-featured-img":"","footer-sml-layout":"","ast-disable-related-posts":"","theme-transparent-header-meta":"","adv-header-id-meta":"","stick-header-meta":"","header-above-stick-meta":"","header-main-stick-meta":"","header-below-stick-meta":"","astra-migrate-meta-layouts":"default","ast-page-background-enabled":"default","ast-page-background-meta":{"desktop":{"background-color":"var(--ast-global-color-4)","background-image":"","background-repeat":"repeat","background-position":"center center","background-size":"auto","background-attachment":"scroll","background-type":"","background-media":"","overlay-type":"","overlay-color":"","overlay-opacity":"","overlay-gradient":""},"tablet":{"background-color":"","background-image":"","background-repeat":"repeat","background-position":"center center","background-size":"auto","background-attachment":"scroll","background-type":"","background-media":"","overlay-type":"","overlay-color":"","overlay-opacity":"","overlay-gradient":""},"mobile":{"background-color":"","background-image":"","background-repeat":"repeat","background-position":"center center","background-size":"auto","background-attachment":"scroll","background-type":"","background-media":"","overlay-type":"","overlay-color":"","overlay-opacity":"","overlay-gradient":""}},"ast-content-background-meta":{"desktop":{"background-color":"var(--ast-global-color-5)","background-image":"","background-repeat":"repeat","background-position":"center center","background-size":"auto","background-attachment":"scroll","background-type":"","background-media":"","overlay-type":"","overlay-color":"","overlay-opacity":"","overlay-gradient":""},"tablet":{"background-color":"var(--ast-global-color-5)","background-image":"","background-repeat":"repeat","background-position":"center center","background-size":"auto","background-attachment":"scroll","background-type":"","background-media":"","overlay-type":"","overlay-color":"","overlay-opacity":"","overlay-gradient":""},"mobile":{"background-color":"var(--ast-global-color-5)","background-image":"","background-repeat":"repeat","background-position":"center center","background-size":"auto","background-attachment":"scroll","background-type":"","background-media":"","overlay-type":"","overlay-color":"","overlay-opacity":"","overlay-gradient":""}},"footnotes":""},"categories":[5],"tags":[],"class_list":["post-129418","post","type-post","status-publish","format-standard","hentry","category-noticias"],"yoast_head":"<!-- This site is optimized with the Yoast SEO Premium plugin v20.9 (Yoast SEO v27.4) - https:\/\/yoast.com\/product\/yoast-seo-premium-wordpress\/ -->\n<title>Pediatras espa\u00f1oles piden una respuesta \u00e9tica ante las miles de muertes de ni\u00f1os por hambre en Gaza - bip4ex<\/title>\n<meta name=\"robots\" content=\"index, follow, max-snippet:-1, max-image-preview:large, max-video-preview:-1\" \/>\n<link rel=\"canonical\" href=\"https:\/\/helloproject.es\/vigilancia\/pediatras-espanoles-piden-una-respuesta-etica-ante-las-miles-de-muertes-de-ninos-por-hambre-en-gaza\/\" \/>\n<meta property=\"og:locale\" content=\"es_ES\" \/>\n<meta property=\"og:type\" content=\"article\" \/>\n<meta property=\"og:title\" content=\"Pediatras espa\u00f1oles piden una respuesta \u00e9tica ante las miles de muertes de ni\u00f1os por hambre en Gaza\" \/>\n<meta property=\"og:description\" content=\"La Asociaci\u00f3n Espa\u00f1ola de Pediatr\u00eda de Atenci\u00f3n Primaria (AEPap), la Sociedad Espa\u00f1ola de Pediatr\u00eda Social (SEPS) y el Comit\u00e9 de Bio\u00e9tica de la Asociaci\u00f3n Espa\u00f1ola de Pediatr\u00eda (AEP) han alzado la voz ante la\u00a0cat\u00e1strofe humanitaria que azota a la infancia en la Franja de Gaza. Las entidades denuncian que miles de ni\u00f1os y ni\u00f1as est\u00e1n [&hellip;]\" \/>\n<meta property=\"og:url\" content=\"https:\/\/helloproject.es\/vigilancia\/pediatras-espanoles-piden-una-respuesta-etica-ante-las-miles-de-muertes-de-ninos-por-hambre-en-gaza\/\" \/>\n<meta property=\"og:site_name\" content=\"bip4ex\" \/>\n<meta property=\"article:published_time\" content=\"2025-05-30T08:28:19+00:00\" \/>\n<meta name=\"author\" content=\"Luis Miguel Mej\u00edas Ramos\" \/>\n<meta name=\"twitter:card\" content=\"summary_large_image\" \/>\n<meta name=\"twitter:label1\" content=\"Escrito por\" \/>\n\t<meta name=\"twitter:data1\" content=\"Luis Miguel Mej\u00edas Ramos\" \/>\n\t<meta name=\"twitter:label2\" content=\"Tiempo de lectura\" \/>\n\t<meta name=\"twitter:data2\" content=\"3 minutos\" \/>\n<script type=\"application\/ld+json\" class=\"yoast-schema-graph\">{\"@context\":\"https:\\\/\\\/schema.org\",\"@graph\":[{\"@type\":\"Article\",\"@id\":\"https:\\\/\\\/helloproject.es\\\/vigilancia\\\/pediatras-espanoles-piden-una-respuesta-etica-ante-las-miles-de-muertes-de-ninos-por-hambre-en-gaza\\\/#article\",\"isPartOf\":{\"@id\":\"https:\\\/\\\/helloproject.es\\\/vigilancia\\\/pediatras-espanoles-piden-una-respuesta-etica-ante-las-miles-de-muertes-de-ninos-por-hambre-en-gaza\\\/\"},\"author\":{\"name\":\"Luis Miguel Mej\u00edas Ramos\",\"@id\":\"https:\\\/\\\/helloproject.es\\\/vigilancia\\\/#\\\/schema\\\/person\\\/3767b0619d59a11570372c821f8619ca\"},\"headline\":\"Pediatras espa\u00f1oles piden una respuesta \u00e9tica ante las miles de muertes de ni\u00f1os por hambre en Gaza\",\"datePublished\":\"2025-05-30T08:28:19+00:00\",\"mainEntityOfPage\":{\"@id\":\"https:\\\/\\\/helloproject.es\\\/vigilancia\\\/pediatras-espanoles-piden-una-respuesta-etica-ante-las-miles-de-muertes-de-ninos-por-hambre-en-gaza\\\/\"},\"wordCount\":533,\"publisher\":{\"@id\":\"https:\\\/\\\/helloproject.es\\\/vigilancia\\\/#organization\"},\"articleSection\":[\"Noticias\"],\"inLanguage\":\"es\"},{\"@type\":\"WebPage\",\"@id\":\"https:\\\/\\\/helloproject.es\\\/vigilancia\\\/pediatras-espanoles-piden-una-respuesta-etica-ante-las-miles-de-muertes-de-ninos-por-hambre-en-gaza\\\/\",\"url\":\"https:\\\/\\\/helloproject.es\\\/vigilancia\\\/pediatras-espanoles-piden-una-respuesta-etica-ante-las-miles-de-muertes-de-ninos-por-hambre-en-gaza\\\/\",\"name\":\"Pediatras espa\u00f1oles piden una respuesta \u00e9tica ante las miles de muertes de ni\u00f1os por hambre en Gaza - bip4ex\",\"isPartOf\":{\"@id\":\"https:\\\/\\\/helloproject.es\\\/vigilancia\\\/#website\"},\"datePublished\":\"2025-05-30T08:28:19+00:00\",\"breadcrumb\":{\"@id\":\"https:\\\/\\\/helloproject.es\\\/vigilancia\\\/pediatras-espanoles-piden-una-respuesta-etica-ante-las-miles-de-muertes-de-ninos-por-hambre-en-gaza\\\/#breadcrumb\"},\"inLanguage\":\"es\",\"potentialAction\":[{\"@type\":\"ReadAction\",\"target\":[\"https:\\\/\\\/helloproject.es\\\/vigilancia\\\/pediatras-espanoles-piden-una-respuesta-etica-ante-las-miles-de-muertes-de-ninos-por-hambre-en-gaza\\\/\"]}]},{\"@type\":\"BreadcrumbList\",\"@id\":\"https:\\\/\\\/helloproject.es\\\/vigilancia\\\/pediatras-espanoles-piden-una-respuesta-etica-ante-las-miles-de-muertes-de-ninos-por-hambre-en-gaza\\\/#breadcrumb\",\"itemListElement\":[{\"@type\":\"ListItem\",\"position\":1,\"name\":\"Home\",\"item\":\"https:\\\/\\\/helloproject.es\\\/vigilancia\\\/\"},{\"@type\":\"ListItem\",\"position\":2,\"name\":\"Pediatras espa\u00f1oles piden una respuesta \u00e9tica ante las miles de muertes de ni\u00f1os por hambre en Gaza\"}]},{\"@type\":\"WebSite\",\"@id\":\"https:\\\/\\\/helloproject.es\\\/vigilancia\\\/#website\",\"url\":\"https:\\\/\\\/helloproject.es\\\/vigilancia\\\/\",\"name\":\"bip4ex\",\"description\":\"Vigilancia Tecnol\u00f3gica\",\"publisher\":{\"@id\":\"https:\\\/\\\/helloproject.es\\\/vigilancia\\\/#organization\"},\"potentialAction\":[{\"@type\":\"SearchAction\",\"target\":{\"@type\":\"EntryPoint\",\"urlTemplate\":\"https:\\\/\\\/helloproject.es\\\/vigilancia\\\/?s={search_term_string}\"},\"query-input\":{\"@type\":\"PropertyValueSpecification\",\"valueRequired\":true,\"valueName\":\"search_term_string\"}}],\"inLanguage\":\"es\"},{\"@type\":\"Organization\",\"@id\":\"https:\\\/\\\/helloproject.es\\\/vigilancia\\\/#organization\",\"name\":\"Helloproject.es\",\"url\":\"https:\\\/\\\/helloproject.es\\\/vigilancia\\\/\",\"logo\":{\"@type\":\"ImageObject\",\"inLanguage\":\"es\",\"@id\":\"https:\\\/\\\/helloproject.es\\\/vigilancia\\\/#\\\/schema\\\/logo\\\/image\\\/\",\"url\":\"https:\\\/\\\/helloproject.es\\\/vigilancia\\\/wp-content\\\/uploads\\\/2023\\\/07\\\/bip4ex.png\",\"contentUrl\":\"https:\\\/\\\/helloproject.es\\\/vigilancia\\\/wp-content\\\/uploads\\\/2023\\\/07\\\/bip4ex.png\",\"width\":322,\"height\":365,\"caption\":\"Helloproject.es\"},\"image\":{\"@id\":\"https:\\\/\\\/helloproject.es\\\/vigilancia\\\/#\\\/schema\\\/logo\\\/image\\\/\"}},{\"@type\":\"Person\",\"@id\":\"https:\\\/\\\/helloproject.es\\\/vigilancia\\\/#\\\/schema\\\/person\\\/3767b0619d59a11570372c821f8619ca\",\"name\":\"Luis Miguel Mej\u00edas Ramos\",\"url\":\"https:\\\/\\\/helloproject.es\\\/vigilancia\\\/author\\\/luismi\\\/\"}]}<\/script>\n<!-- \/ Yoast SEO Premium plugin. -->","yoast_head_json":{"title":"Pediatras espa\u00f1oles piden una respuesta \u00e9tica ante las miles de muertes de ni\u00f1os por hambre en Gaza - bip4ex","robots":{"index":"index","follow":"follow","max-snippet":"max-snippet:-1","max-image-preview":"max-image-preview:large","max-video-preview":"max-video-preview:-1"},"canonical":"https:\/\/helloproject.es\/vigilancia\/pediatras-espanoles-piden-una-respuesta-etica-ante-las-miles-de-muertes-de-ninos-por-hambre-en-gaza\/","og_locale":"es_ES","og_type":"article","og_title":"Pediatras espa\u00f1oles piden una respuesta \u00e9tica ante las miles de muertes de ni\u00f1os por hambre en Gaza","og_description":"La Asociaci\u00f3n Espa\u00f1ola de Pediatr\u00eda de Atenci\u00f3n Primaria (AEPap), la Sociedad Espa\u00f1ola de Pediatr\u00eda Social (SEPS) y el Comit\u00e9 de Bio\u00e9tica de la Asociaci\u00f3n Espa\u00f1ola de Pediatr\u00eda (AEP) han alzado la voz ante la\u00a0cat\u00e1strofe humanitaria que azota a la infancia en la Franja de Gaza. Las entidades denuncian que miles de ni\u00f1os y ni\u00f1as est\u00e1n [&hellip;]","og_url":"https:\/\/helloproject.es\/vigilancia\/pediatras-espanoles-piden-una-respuesta-etica-ante-las-miles-de-muertes-de-ninos-por-hambre-en-gaza\/","og_site_name":"bip4ex","article_published_time":"2025-05-30T08:28:19+00:00","author":"Luis Miguel Mej\u00edas Ramos","twitter_card":"summary_large_image","twitter_misc":{"Escrito por":"Luis Miguel Mej\u00edas Ramos","Tiempo de lectura":"3 minutos"},"schema":{"@context":"https:\/\/schema.org","@graph":[{"@type":"Article","@id":"https:\/\/helloproject.es\/vigilancia\/pediatras-espanoles-piden-una-respuesta-etica-ante-las-miles-de-muertes-de-ninos-por-hambre-en-gaza\/#article","isPartOf":{"@id":"https:\/\/helloproject.es\/vigilancia\/pediatras-espanoles-piden-una-respuesta-etica-ante-las-miles-de-muertes-de-ninos-por-hambre-en-gaza\/"},"author":{"name":"Luis Miguel Mej\u00edas Ramos","@id":"https:\/\/helloproject.es\/vigilancia\/#\/schema\/person\/3767b0619d59a11570372c821f8619ca"},"headline":"Pediatras espa\u00f1oles piden una respuesta \u00e9tica ante las miles de muertes de ni\u00f1os por hambre en Gaza","datePublished":"2025-05-30T08:28:19+00:00","mainEntityOfPage":{"@id":"https:\/\/helloproject.es\/vigilancia\/pediatras-espanoles-piden-una-respuesta-etica-ante-las-miles-de-muertes-de-ninos-por-hambre-en-gaza\/"},"wordCount":533,"publisher":{"@id":"https:\/\/helloproject.es\/vigilancia\/#organization"},"articleSection":["Noticias"],"inLanguage":"es"},{"@type":"WebPage","@id":"https:\/\/helloproject.es\/vigilancia\/pediatras-espanoles-piden-una-respuesta-etica-ante-las-miles-de-muertes-de-ninos-por-hambre-en-gaza\/","url":"https:\/\/helloproject.es\/vigilancia\/pediatras-espanoles-piden-una-respuesta-etica-ante-las-miles-de-muertes-de-ninos-por-hambre-en-gaza\/","name":"Pediatras espa\u00f1oles piden una respuesta \u00e9tica ante las miles de muertes de ni\u00f1os por hambre en Gaza - bip4ex","isPartOf":{"@id":"https:\/\/helloproject.es\/vigilancia\/#website"},"datePublished":"2025-05-30T08:28:19+00:00","breadcrumb":{"@id":"https:\/\/helloproject.es\/vigilancia\/pediatras-espanoles-piden-una-respuesta-etica-ante-las-miles-de-muertes-de-ninos-por-hambre-en-gaza\/#breadcrumb"},"inLanguage":"es","potentialAction":[{"@type":"ReadAction","target":["https:\/\/helloproject.es\/vigilancia\/pediatras-espanoles-piden-una-respuesta-etica-ante-las-miles-de-muertes-de-ninos-por-hambre-en-gaza\/"]}]},{"@type":"BreadcrumbList","@id":"https:\/\/helloproject.es\/vigilancia\/pediatras-espanoles-piden-una-respuesta-etica-ante-las-miles-de-muertes-de-ninos-por-hambre-en-gaza\/#breadcrumb","itemListElement":[{"@type":"ListItem","position":1,"name":"Home","item":"https:\/\/helloproject.es\/vigilancia\/"},{"@type":"ListItem","position":2,"name":"Pediatras espa\u00f1oles piden una respuesta \u00e9tica ante las miles de muertes de ni\u00f1os por hambre en Gaza"}]},{"@type":"WebSite","@id":"https:\/\/helloproject.es\/vigilancia\/#website","url":"https:\/\/helloproject.es\/vigilancia\/","name":"bip4ex","description":"Vigilancia Tecnol\u00f3gica","publisher":{"@id":"https:\/\/helloproject.es\/vigilancia\/#organization"},"potentialAction":[{"@type":"SearchAction","target":{"@type":"EntryPoint","urlTemplate":"https:\/\/helloproject.es\/vigilancia\/?s={search_term_string}"},"query-input":{"@type":"PropertyValueSpecification","valueRequired":true,"valueName":"search_term_string"}}],"inLanguage":"es"},{"@type":"Organization","@id":"https:\/\/helloproject.es\/vigilancia\/#organization","name":"Helloproject.es","url":"https:\/\/helloproject.es\/vigilancia\/","logo":{"@type":"ImageObject","inLanguage":"es","@id":"https:\/\/helloproject.es\/vigilancia\/#\/schema\/logo\/image\/","url":"https:\/\/helloproject.es\/vigilancia\/wp-content\/uploads\/2023\/07\/bip4ex.png","contentUrl":"https:\/\/helloproject.es\/vigilancia\/wp-content\/uploads\/2023\/07\/bip4ex.png","width":322,"height":365,"caption":"Helloproject.es"},"image":{"@id":"https:\/\/helloproject.es\/vigilancia\/#\/schema\/logo\/image\/"}},{"@type":"Person","@id":"https:\/\/helloproject.es\/vigilancia\/#\/schema\/person\/3767b0619d59a11570372c821f8619ca","name":"Luis Miguel Mej\u00edas Ramos","url":"https:\/\/helloproject.es\/vigilancia\/author\/luismi\/"}]}},"_links":{"self":[{"href":"https:\/\/helloproject.es\/vigilancia\/wp-json\/wp\/v2\/posts\/129418","targetHints":{"allow":["GET"]}}],"collection":[{"href":"https:\/\/helloproject.es\/vigilancia\/wp-json\/wp\/v2\/posts"}],"about":[{"href":"https:\/\/helloproject.es\/vigilancia\/wp-json\/wp\/v2\/types\/post"}],"author":[{"embeddable":true,"href":"https:\/\/helloproject.es\/vigilancia\/wp-json\/wp\/v2\/users\/5"}],"replies":[{"embeddable":true,"href":"https:\/\/helloproject.es\/vigilancia\/wp-json\/wp\/v2\/comments?post=129418"}],"version-history":[{"count":0,"href":"https:\/\/helloproject.es\/vigilancia\/wp-json\/wp\/v2\/posts\/129418\/revisions"}],"wp:attachment":[{"href":"https:\/\/helloproject.es\/vigilancia\/wp-json\/wp\/v2\/media?parent=129418"}],"wp:term":[{"taxonomy":"category","embeddable":true,"href":"https:\/\/helloproject.es\/vigilancia\/wp-json\/wp\/v2\/categories?post=129418"},{"taxonomy":"post_tag","embeddable":true,"href":"https:\/\/helloproject.es\/vigilancia\/wp-json\/wp\/v2\/tags?post=129418"}],"curies":[{"name":"wp","href":"https:\/\/api.w.org\/{rel}","templated":true}]}}