{"id":130647,"date":"2025-06-11T10:17:13","date_gmt":"2025-06-11T09:17:13","guid":{"rendered":"https:\/\/helloproject.es\/vigilancia\/la-comision-europea-se-pronuncia-sobre-la-imposibilidad-de-ampliar-plazos-en-el-prtr\/"},"modified":"2025-06-11T10:17:13","modified_gmt":"2025-06-11T09:17:13","slug":"la-comision-europea-se-pronuncia-sobre-la-imposibilidad-de-ampliar-plazos-en-el-prtr","status":"publish","type":"post","link":"https:\/\/helloproject.es\/vigilancia\/la-comision-europea-se-pronuncia-sobre-la-imposibilidad-de-ampliar-plazos-en-el-prtr\/","title":{"rendered":"La Comisi\u00f3n Europea se pronuncia sobre la imposibilidad de ampliar plazos en el PRTR"},"content":{"rendered":"<p><strong><a href=\"https:\/\/commission.europa.eu\/document\/download\/ad5f00c9-4101-41a0-9d8f-e78f06c0c7ed_en?filename=COM_2025_310_1_EN_ACT_part1_v6.pdf\" data-saferedirecturl=\"https:\/\/www.google.com\/url?q=https:\/\/commission.europa.eu\/document\/download\/ad5f00c9-4101-41a0-9d8f-e78f06c0c7ed_en?filename%3DCOM_2025_310_1_EN_ACT_part1_v6.pdf&amp;source=gmail&amp;ust=1749716578917000&amp;usg=AOvVaw3tadVAeIqr_Ja55UtEYQpL\">Comunicaci\u00f3n de 4 de junio de 2026 de la Comisi\u00f3n Europa al Parlamento Europeo y al Consejo denominada \u201cNextGenerationEU \u2013 El camino hacia 2026\u201d<\/a><\/strong><\/p>\n<p>A la vista del documento, se remarca la como fecha fin el 31 de agosto de 2026, as\u00ed como el de la \u00faltima solicitud de pago presentada antes del 30 de septiembre de 2026.<\/p>\n<p>Las\u00a0<strong>ideas principales de este documento se concretan en<\/strong>:<\/p>\n<ol>\n<li>Resultados del MRR hasta la fecha<\/li>\n<\/ol>\n<ul>\n<li>El MRR ha sido clave en la recuperaci\u00f3n econ\u00f3mica tras la pandemia de COVID-19.<\/li>\n<li>Ha mantenido la inversi\u00f3n p\u00fablica en niveles altos, evitando recortes como en crisis anteriores.<\/li>\n<li>Se estima que las inversiones del MRR aumentar\u00e1n el PIB de la UE en un 1,4% para 2026.<\/li>\n<li>Ha impulsado reformas estructurales en los Estados miembros, muchas de ellas recomendadas desde hace a\u00f1os.<\/li>\n<li>Se han superado los objetivos m\u00ednimos de gasto en digitalizaci\u00f3n (20%) y clima (37%), alcanzando un 42% en gasto clim\u00e1tico.<\/li>\n<\/ul>\n<ol start=\"2\">\n<li>Impacto econ\u00f3mico y social<\/li>\n<\/ol>\n<ul>\n<li>Los beneficios del MRR se extienden m\u00e1s all\u00e1 de las fronteras nacionales gracias a la integraci\u00f3n del mercado \u00fanico.<\/li>\n<li><strong>Espa\u00f1a e Italia son los principales beneficiarios en t\u00e9rminos de crecimiento del PIB.<\/strong><\/li>\n<li>Las reformas han mejorado la administraci\u00f3n p\u00fablica, el entorno empresarial, el mercado laboral y los sistemas de pensiones.<\/li>\n<\/ul>\n<ol start=\"3\">\n<li>Retos y urgencia en la implementaci\u00f3n<\/li>\n<\/ol>\n<ul>\n<li>A mayo de 2025, solo se ha desembolsado el 49% del total del MRR.<\/li>\n<li>Quedan por desembolsar 335.000 millones de euros en a\u00f1o y medio.<\/li>\n<li>Persisten cuellos de botella administrativos y retrasos en la ejecuci\u00f3n.<\/li>\n<li>La Comisi\u00f3n advierte que el ritmo actual no es suficiente para cumplir con los plazos legales.<\/li>\n<\/ul>\n<ol start=\"4\">\n<li>Recomendaciones para los Estados miembros<\/li>\n<\/ol>\n<p><strong>Revisar y simplificar los planes nacionales (PRTR en el caso de Espa\u00f1a) para centrarse solo en medidas que puedan completarse antes del 31 de agosto de 2026.<\/strong><\/p>\n<p>Opciones sugeridas:<\/p>\n<ul>\n<li>Ampliar medidas exitosas.<\/li>\n<li>Reducir o eliminar medidas inviables.<\/li>\n<li>Dividir proyectos para continuar con fondos nacionales o de la UE.<\/li>\n<li>Usar instrumentos financieros o transferencias a programas como InvestEU o EDIP.<\/li>\n<li>Prepararse para las solicitudes de pago finales antes del 30 de septiembre de 2026, asegurando evidencia completa y oportuna.<\/li>\n<\/ul>\n<ol start=\"5\">\n<li>Conclusi\u00f3n<\/li>\n<\/ol>\n<p>El MRR ha sido una herramienta sin precedentes para fortalecer la recuperaci\u00f3n y resiliencia de la UE<strong>. Con solo 454 d\u00edas restantes, la Comisi\u00f3n insta a los Estados miembros a acelerar la implementaci\u00f3n, revisar sus planes y garantizar el uso completo de los fondos antes del cierre definitivo en diciembre de 2026.<\/strong><\/p>\n<p>The post <a href=\"https:\/\/femp-fondos-europa.es\/la-comision-europea-se-pronuncia-sobre-la-imposibilidad-de-ampliar-plazos-en-el-prtr\/\">La Comisi\u00f3n Europea se pronuncia sobre la imposibilidad de ampliar plazos en el PRTR<\/a> appeared first on <a href=\"https:\/\/femp-fondos-europa.es\/\">Fondos Europeos NG y 2021-2027 &#8211; FEMP<\/a>.<\/p>","protected":false},"excerpt":{"rendered":"<p>Comunicaci\u00f3n de 4 de junio de 2026 de la Comisi\u00f3n Europa al Parlamento Europeo y al Consejo denominada \u201cNextGenerationEU \u2013 El camino hacia 2026\u201d A la vista del documento, se remarca la como fecha fin el 31 de agosto de 2026, as\u00ed como el de la \u00faltima solicitud de pago presentada antes del 30 de [&hellip;]<\/p>\n","protected":false},"author":5,"featured_media":0,"comment_status":"","ping_status":"","sticky":false,"template":"","format":"standard","meta":{"site-sidebar-layout":"default","site-content-layout":"","ast-site-content-layout":"default","site-content-style":"default","site-sidebar-style":"default","ast-global-header-display":"","ast-banner-title-visibility":"","ast-main-header-display":"","ast-hfb-above-header-display":"","ast-hfb-below-header-display":"","ast-hfb-mobile-header-display":"","site-post-title":"","ast-breadcrumbs-content":"","ast-featured-img":"","footer-sml-layout":"","ast-disable-related-posts":"","theme-transparent-header-meta":"","adv-header-id-meta":"","stick-header-meta":"","header-above-stick-meta":"","header-main-stick-meta":"","header-below-stick-meta":"","astra-migrate-meta-layouts":"default","ast-page-background-enabled":"default","ast-page-background-meta":{"desktop":{"background-color":"var(--ast-global-color-4)","background-image":"","background-repeat":"repeat","background-position":"center center","background-size":"auto","background-attachment":"scroll","background-type":"","background-media":"","overlay-type":"","overlay-color":"","overlay-opacity":"","overlay-gradient":""},"tablet":{"background-color":"","background-image":"","background-repeat":"repeat","background-position":"center center","background-size":"auto","background-attachment":"scroll","background-type":"","background-media":"","overlay-type":"","overlay-color":"","overlay-opacity":"","overlay-gradient":""},"mobile":{"background-color":"","background-image":"","background-repeat":"repeat","background-position":"center center","background-size":"auto","background-attachment":"scroll","background-type":"","background-media":"","overlay-type":"","overlay-color":"","overlay-opacity":"","overlay-gradient":""}},"ast-content-background-meta":{"desktop":{"background-color":"var(--ast-global-color-5)","background-image":"","background-repeat":"repeat","background-position":"center center","background-size":"auto","background-attachment":"scroll","background-type":"","background-media":"","overlay-type":"","overlay-color":"","overlay-opacity":"","overlay-gradient":""},"tablet":{"background-color":"var(--ast-global-color-5)","background-image":"","background-repeat":"repeat","background-position":"center center","background-size":"auto","background-attachment":"scroll","background-type":"","background-media":"","overlay-type":"","overlay-color":"","overlay-opacity":"","overlay-gradient":""},"mobile":{"background-color":"var(--ast-global-color-5)","background-image":"","background-repeat":"repeat","background-position":"center center","background-size":"auto","background-attachment":"scroll","background-type":"","background-media":"","overlay-type":"","overlay-color":"","overlay-opacity":"","overlay-gradient":""}},"footnotes":""},"categories":[8],"tags":[],"class_list":["post-130647","post","type-post","status-publish","format-standard","hentry","category-ayudas-y-subvenciones"],"yoast_head":"<!-- This site is optimized with the Yoast SEO Premium plugin v20.9 (Yoast SEO v27.4) - https:\/\/yoast.com\/product\/yoast-seo-premium-wordpress\/ -->\n<title>La Comisi\u00f3n Europea se pronuncia sobre la imposibilidad de ampliar plazos en el PRTR - bip4ex<\/title>\n<meta name=\"robots\" content=\"index, follow, max-snippet:-1, max-image-preview:large, max-video-preview:-1\" \/>\n<link rel=\"canonical\" href=\"https:\/\/helloproject.es\/vigilancia\/la-comision-europea-se-pronuncia-sobre-la-imposibilidad-de-ampliar-plazos-en-el-prtr\/\" \/>\n<meta property=\"og:locale\" content=\"es_ES\" \/>\n<meta property=\"og:type\" content=\"article\" \/>\n<meta property=\"og:title\" content=\"La Comisi\u00f3n Europea se pronuncia sobre la imposibilidad de ampliar plazos en el PRTR\" \/>\n<meta property=\"og:description\" content=\"Comunicaci\u00f3n de 4 de junio de 2026 de la Comisi\u00f3n Europa al Parlamento Europeo y al Consejo denominada \u201cNextGenerationEU \u2013 El camino hacia 2026\u201d A la vista del documento, se remarca la como fecha fin el 31 de agosto de 2026, as\u00ed como el de la \u00faltima solicitud de pago presentada antes del 30 de [&hellip;]\" \/>\n<meta property=\"og:url\" content=\"https:\/\/helloproject.es\/vigilancia\/la-comision-europea-se-pronuncia-sobre-la-imposibilidad-de-ampliar-plazos-en-el-prtr\/\" \/>\n<meta property=\"og:site_name\" content=\"bip4ex\" \/>\n<meta property=\"article:published_time\" content=\"2025-06-11T09:17:13+00:00\" \/>\n<meta name=\"author\" content=\"Luis Miguel Mej\u00edas Ramos\" \/>\n<meta name=\"twitter:card\" content=\"summary_large_image\" \/>\n<meta name=\"twitter:label1\" content=\"Escrito por\" \/>\n\t<meta name=\"twitter:data1\" content=\"Luis Miguel Mej\u00edas Ramos\" \/>\n\t<meta name=\"twitter:label2\" content=\"Tiempo de lectura\" \/>\n\t<meta name=\"twitter:data2\" content=\"2 minutos\" \/>\n<script type=\"application\/ld+json\" class=\"yoast-schema-graph\">{\"@context\":\"https:\\\/\\\/schema.org\",\"@graph\":[{\"@type\":\"Article\",\"@id\":\"https:\\\/\\\/helloproject.es\\\/vigilancia\\\/la-comision-europea-se-pronuncia-sobre-la-imposibilidad-de-ampliar-plazos-en-el-prtr\\\/#article\",\"isPartOf\":{\"@id\":\"https:\\\/\\\/helloproject.es\\\/vigilancia\\\/la-comision-europea-se-pronuncia-sobre-la-imposibilidad-de-ampliar-plazos-en-el-prtr\\\/\"},\"author\":{\"name\":\"Luis Miguel Mej\u00edas Ramos\",\"@id\":\"https:\\\/\\\/helloproject.es\\\/vigilancia\\\/#\\\/schema\\\/person\\\/3767b0619d59a11570372c821f8619ca\"},\"headline\":\"La Comisi\u00f3n Europea se pronuncia sobre la imposibilidad de ampliar plazos en el PRTR\",\"datePublished\":\"2025-06-11T09:17:13+00:00\",\"mainEntityOfPage\":{\"@id\":\"https:\\\/\\\/helloproject.es\\\/vigilancia\\\/la-comision-europea-se-pronuncia-sobre-la-imposibilidad-de-ampliar-plazos-en-el-prtr\\\/\"},\"wordCount\":449,\"publisher\":{\"@id\":\"https:\\\/\\\/helloproject.es\\\/vigilancia\\\/#organization\"},\"articleSection\":[\"Ayudas y Subvenciones\"],\"inLanguage\":\"es\"},{\"@type\":\"WebPage\",\"@id\":\"https:\\\/\\\/helloproject.es\\\/vigilancia\\\/la-comision-europea-se-pronuncia-sobre-la-imposibilidad-de-ampliar-plazos-en-el-prtr\\\/\",\"url\":\"https:\\\/\\\/helloproject.es\\\/vigilancia\\\/la-comision-europea-se-pronuncia-sobre-la-imposibilidad-de-ampliar-plazos-en-el-prtr\\\/\",\"name\":\"La Comisi\u00f3n Europea se pronuncia sobre la imposibilidad de ampliar plazos en el PRTR - bip4ex\",\"isPartOf\":{\"@id\":\"https:\\\/\\\/helloproject.es\\\/vigilancia\\\/#website\"},\"datePublished\":\"2025-06-11T09:17:13+00:00\",\"breadcrumb\":{\"@id\":\"https:\\\/\\\/helloproject.es\\\/vigilancia\\\/la-comision-europea-se-pronuncia-sobre-la-imposibilidad-de-ampliar-plazos-en-el-prtr\\\/#breadcrumb\"},\"inLanguage\":\"es\",\"potentialAction\":[{\"@type\":\"ReadAction\",\"target\":[\"https:\\\/\\\/helloproject.es\\\/vigilancia\\\/la-comision-europea-se-pronuncia-sobre-la-imposibilidad-de-ampliar-plazos-en-el-prtr\\\/\"]}]},{\"@type\":\"BreadcrumbList\",\"@id\":\"https:\\\/\\\/helloproject.es\\\/vigilancia\\\/la-comision-europea-se-pronuncia-sobre-la-imposibilidad-de-ampliar-plazos-en-el-prtr\\\/#breadcrumb\",\"itemListElement\":[{\"@type\":\"ListItem\",\"position\":1,\"name\":\"Home\",\"item\":\"https:\\\/\\\/helloproject.es\\\/vigilancia\\\/\"},{\"@type\":\"ListItem\",\"position\":2,\"name\":\"La Comisi\u00f3n Europea se pronuncia sobre la imposibilidad de ampliar plazos en el PRTR\"}]},{\"@type\":\"WebSite\",\"@id\":\"https:\\\/\\\/helloproject.es\\\/vigilancia\\\/#website\",\"url\":\"https:\\\/\\\/helloproject.es\\\/vigilancia\\\/\",\"name\":\"bip4ex\",\"description\":\"Vigilancia Tecnol\u00f3gica\",\"publisher\":{\"@id\":\"https:\\\/\\\/helloproject.es\\\/vigilancia\\\/#organization\"},\"potentialAction\":[{\"@type\":\"SearchAction\",\"target\":{\"@type\":\"EntryPoint\",\"urlTemplate\":\"https:\\\/\\\/helloproject.es\\\/vigilancia\\\/?s={search_term_string}\"},\"query-input\":{\"@type\":\"PropertyValueSpecification\",\"valueRequired\":true,\"valueName\":\"search_term_string\"}}],\"inLanguage\":\"es\"},{\"@type\":\"Organization\",\"@id\":\"https:\\\/\\\/helloproject.es\\\/vigilancia\\\/#organization\",\"name\":\"Helloproject.es\",\"url\":\"https:\\\/\\\/helloproject.es\\\/vigilancia\\\/\",\"logo\":{\"@type\":\"ImageObject\",\"inLanguage\":\"es\",\"@id\":\"https:\\\/\\\/helloproject.es\\\/vigilancia\\\/#\\\/schema\\\/logo\\\/image\\\/\",\"url\":\"https:\\\/\\\/helloproject.es\\\/vigilancia\\\/wp-content\\\/uploads\\\/2023\\\/07\\\/bip4ex.png\",\"contentUrl\":\"https:\\\/\\\/helloproject.es\\\/vigilancia\\\/wp-content\\\/uploads\\\/2023\\\/07\\\/bip4ex.png\",\"width\":322,\"height\":365,\"caption\":\"Helloproject.es\"},\"image\":{\"@id\":\"https:\\\/\\\/helloproject.es\\\/vigilancia\\\/#\\\/schema\\\/logo\\\/image\\\/\"}},{\"@type\":\"Person\",\"@id\":\"https:\\\/\\\/helloproject.es\\\/vigilancia\\\/#\\\/schema\\\/person\\\/3767b0619d59a11570372c821f8619ca\",\"name\":\"Luis Miguel Mej\u00edas Ramos\",\"url\":\"https:\\\/\\\/helloproject.es\\\/vigilancia\\\/author\\\/luismi\\\/\"}]}<\/script>\n<!-- \/ Yoast SEO Premium plugin. -->","yoast_head_json":{"title":"La Comisi\u00f3n Europea se pronuncia sobre la imposibilidad de ampliar plazos en el PRTR - bip4ex","robots":{"index":"index","follow":"follow","max-snippet":"max-snippet:-1","max-image-preview":"max-image-preview:large","max-video-preview":"max-video-preview:-1"},"canonical":"https:\/\/helloproject.es\/vigilancia\/la-comision-europea-se-pronuncia-sobre-la-imposibilidad-de-ampliar-plazos-en-el-prtr\/","og_locale":"es_ES","og_type":"article","og_title":"La Comisi\u00f3n Europea se pronuncia sobre la imposibilidad de ampliar plazos en el PRTR","og_description":"Comunicaci\u00f3n de 4 de junio de 2026 de la Comisi\u00f3n Europa al Parlamento Europeo y al Consejo denominada \u201cNextGenerationEU \u2013 El camino hacia 2026\u201d A la vista del documento, se remarca la como fecha fin el 31 de agosto de 2026, as\u00ed como el de la \u00faltima solicitud de pago presentada antes del 30 de [&hellip;]","og_url":"https:\/\/helloproject.es\/vigilancia\/la-comision-europea-se-pronuncia-sobre-la-imposibilidad-de-ampliar-plazos-en-el-prtr\/","og_site_name":"bip4ex","article_published_time":"2025-06-11T09:17:13+00:00","author":"Luis Miguel Mej\u00edas Ramos","twitter_card":"summary_large_image","twitter_misc":{"Escrito por":"Luis Miguel Mej\u00edas Ramos","Tiempo de lectura":"2 minutos"},"schema":{"@context":"https:\/\/schema.org","@graph":[{"@type":"Article","@id":"https:\/\/helloproject.es\/vigilancia\/la-comision-europea-se-pronuncia-sobre-la-imposibilidad-de-ampliar-plazos-en-el-prtr\/#article","isPartOf":{"@id":"https:\/\/helloproject.es\/vigilancia\/la-comision-europea-se-pronuncia-sobre-la-imposibilidad-de-ampliar-plazos-en-el-prtr\/"},"author":{"name":"Luis Miguel Mej\u00edas Ramos","@id":"https:\/\/helloproject.es\/vigilancia\/#\/schema\/person\/3767b0619d59a11570372c821f8619ca"},"headline":"La Comisi\u00f3n Europea se pronuncia sobre la imposibilidad de ampliar plazos en el PRTR","datePublished":"2025-06-11T09:17:13+00:00","mainEntityOfPage":{"@id":"https:\/\/helloproject.es\/vigilancia\/la-comision-europea-se-pronuncia-sobre-la-imposibilidad-de-ampliar-plazos-en-el-prtr\/"},"wordCount":449,"publisher":{"@id":"https:\/\/helloproject.es\/vigilancia\/#organization"},"articleSection":["Ayudas y Subvenciones"],"inLanguage":"es"},{"@type":"WebPage","@id":"https:\/\/helloproject.es\/vigilancia\/la-comision-europea-se-pronuncia-sobre-la-imposibilidad-de-ampliar-plazos-en-el-prtr\/","url":"https:\/\/helloproject.es\/vigilancia\/la-comision-europea-se-pronuncia-sobre-la-imposibilidad-de-ampliar-plazos-en-el-prtr\/","name":"La Comisi\u00f3n Europea se pronuncia sobre la imposibilidad de ampliar plazos en el PRTR - bip4ex","isPartOf":{"@id":"https:\/\/helloproject.es\/vigilancia\/#website"},"datePublished":"2025-06-11T09:17:13+00:00","breadcrumb":{"@id":"https:\/\/helloproject.es\/vigilancia\/la-comision-europea-se-pronuncia-sobre-la-imposibilidad-de-ampliar-plazos-en-el-prtr\/#breadcrumb"},"inLanguage":"es","potentialAction":[{"@type":"ReadAction","target":["https:\/\/helloproject.es\/vigilancia\/la-comision-europea-se-pronuncia-sobre-la-imposibilidad-de-ampliar-plazos-en-el-prtr\/"]}]},{"@type":"BreadcrumbList","@id":"https:\/\/helloproject.es\/vigilancia\/la-comision-europea-se-pronuncia-sobre-la-imposibilidad-de-ampliar-plazos-en-el-prtr\/#breadcrumb","itemListElement":[{"@type":"ListItem","position":1,"name":"Home","item":"https:\/\/helloproject.es\/vigilancia\/"},{"@type":"ListItem","position":2,"name":"La Comisi\u00f3n Europea se pronuncia sobre la imposibilidad de ampliar plazos en el PRTR"}]},{"@type":"WebSite","@id":"https:\/\/helloproject.es\/vigilancia\/#website","url":"https:\/\/helloproject.es\/vigilancia\/","name":"bip4ex","description":"Vigilancia Tecnol\u00f3gica","publisher":{"@id":"https:\/\/helloproject.es\/vigilancia\/#organization"},"potentialAction":[{"@type":"SearchAction","target":{"@type":"EntryPoint","urlTemplate":"https:\/\/helloproject.es\/vigilancia\/?s={search_term_string}"},"query-input":{"@type":"PropertyValueSpecification","valueRequired":true,"valueName":"search_term_string"}}],"inLanguage":"es"},{"@type":"Organization","@id":"https:\/\/helloproject.es\/vigilancia\/#organization","name":"Helloproject.es","url":"https:\/\/helloproject.es\/vigilancia\/","logo":{"@type":"ImageObject","inLanguage":"es","@id":"https:\/\/helloproject.es\/vigilancia\/#\/schema\/logo\/image\/","url":"https:\/\/helloproject.es\/vigilancia\/wp-content\/uploads\/2023\/07\/bip4ex.png","contentUrl":"https:\/\/helloproject.es\/vigilancia\/wp-content\/uploads\/2023\/07\/bip4ex.png","width":322,"height":365,"caption":"Helloproject.es"},"image":{"@id":"https:\/\/helloproject.es\/vigilancia\/#\/schema\/logo\/image\/"}},{"@type":"Person","@id":"https:\/\/helloproject.es\/vigilancia\/#\/schema\/person\/3767b0619d59a11570372c821f8619ca","name":"Luis Miguel Mej\u00edas Ramos","url":"https:\/\/helloproject.es\/vigilancia\/author\/luismi\/"}]}},"_links":{"self":[{"href":"https:\/\/helloproject.es\/vigilancia\/wp-json\/wp\/v2\/posts\/130647","targetHints":{"allow":["GET"]}}],"collection":[{"href":"https:\/\/helloproject.es\/vigilancia\/wp-json\/wp\/v2\/posts"}],"about":[{"href":"https:\/\/helloproject.es\/vigilancia\/wp-json\/wp\/v2\/types\/post"}],"author":[{"embeddable":true,"href":"https:\/\/helloproject.es\/vigilancia\/wp-json\/wp\/v2\/users\/5"}],"replies":[{"embeddable":true,"href":"https:\/\/helloproject.es\/vigilancia\/wp-json\/wp\/v2\/comments?post=130647"}],"version-history":[{"count":0,"href":"https:\/\/helloproject.es\/vigilancia\/wp-json\/wp\/v2\/posts\/130647\/revisions"}],"wp:attachment":[{"href":"https:\/\/helloproject.es\/vigilancia\/wp-json\/wp\/v2\/media?parent=130647"}],"wp:term":[{"taxonomy":"category","embeddable":true,"href":"https:\/\/helloproject.es\/vigilancia\/wp-json\/wp\/v2\/categories?post=130647"},{"taxonomy":"post_tag","embeddable":true,"href":"https:\/\/helloproject.es\/vigilancia\/wp-json\/wp\/v2\/tags?post=130647"}],"curies":[{"name":"wp","href":"https:\/\/api.w.org\/{rel}","templated":true}]}}