{"id":130693,"date":"2025-06-11T11:17:19","date_gmt":"2025-06-11T10:17:19","guid":{"rendered":"https:\/\/helloproject.es\/vigilancia\/14-de-juny-dia-mundial-del-donant-de-sang\/"},"modified":"2025-06-11T11:17:19","modified_gmt":"2025-06-11T10:17:19","slug":"14-de-juny-dia-mundial-del-donant-de-sang","status":"publish","type":"post","link":"https:\/\/helloproject.es\/vigilancia\/14-de-juny-dia-mundial-del-donant-de-sang\/","title":{"rendered":"14 de juny. Dia Mundial del Donant de Sang"},"content":{"rendered":"<p><img decoding=\"async\" src=\"https:\/\/www.infosalut.com\/images\/noticies\/2025\/2025-06\/17560.jpg\" \/><\/p>\n<div class=\"falang-missing\">Encara no hi ha traducci\u00f3 disponible.<\/div>\n<p><\/p>\n<p>Amb motiu del<strong> Dia Mundial del Donant de Sang<\/strong>, que se celebra cada 14 de juny, el <a href=\"https:\/\/www.fbstib.org\/\" target=\"_blank\" rel=\"noopener\">Banc de Sang i Teixits de les Illes Balears (BSTIB)<\/a> s&#8217;uneix al missatge de l\u2019<a href=\"https:\/\/www.who.int\/es\" target=\"_blank\" rel=\"noopener\">Organitzaci\u00f3 Mundial de la Salut (OMS)<\/a> per recon\u00e8ixer i agrair la contribuci\u00f3 generosa, altruista i insubstitu\u00efble de milions de persones que salven vides cada any a trav\u00e9s de la donaci\u00f3 volunt\u00e0ria de sang. El lema d\u2019enguany \u00e9s. \u201c<strong>Dona sang, dona esperan\u00e7a. Junts salvem vides!<\/strong>\u201d A les Illes Balears, <strong>el <a href=\"https:\/\/www.fbstib.org\/\" target=\"_blank\" rel=\"noopener\">BSTIB<\/a> organitza una setmana plena de campanyes a totes les illes<\/strong>, incloent-hi dues jornades especials per fomentar la donaci\u00f3 entre la poblaci\u00f3 jove i conscienciar sobre la necessitat de tenir donants habituals.<\/p>","protected":false},"excerpt":{"rendered":"<p>Encara no hi ha traducci\u00f3 disponible. Amb motiu del Dia Mundial del Donant de Sang, que se celebra cada 14 de juny, el Banc de Sang i Teixits de les Illes Balears (BSTIB) s&#8217;uneix al missatge de l\u2019Organitzaci\u00f3 Mundial de la Salut (OMS) per recon\u00e8ixer i agrair la contribuci\u00f3 generosa, altruista i insubstitu\u00efble de milions [&hellip;]<\/p>\n","protected":false},"author":5,"featured_media":0,"comment_status":"","ping_status":"","sticky":false,"template":"","format":"standard","meta":{"site-sidebar-layout":"default","site-content-layout":"","ast-site-content-layout":"default","site-content-style":"default","site-sidebar-style":"default","ast-global-header-display":"","ast-banner-title-visibility":"","ast-main-header-display":"","ast-hfb-above-header-display":"","ast-hfb-below-header-display":"","ast-hfb-mobile-header-display":"","site-post-title":"","ast-breadcrumbs-content":"","ast-featured-img":"","footer-sml-layout":"","ast-disable-related-posts":"","theme-transparent-header-meta":"","adv-header-id-meta":"","stick-header-meta":"","header-above-stick-meta":"","header-main-stick-meta":"","header-below-stick-meta":"","astra-migrate-meta-layouts":"default","ast-page-background-enabled":"default","ast-page-background-meta":{"desktop":{"background-color":"var(--ast-global-color-4)","background-image":"","background-repeat":"repeat","background-position":"center center","background-size":"auto","background-attachment":"scroll","background-type":"","background-media":"","overlay-type":"","overlay-color":"","overlay-opacity":"","overlay-gradient":""},"tablet":{"background-color":"","background-image":"","background-repeat":"repeat","background-position":"center center","background-size":"auto","background-attachment":"scroll","background-type":"","background-media":"","overlay-type":"","overlay-color":"","overlay-opacity":"","overlay-gradient":""},"mobile":{"background-color":"","background-image":"","background-repeat":"repeat","background-position":"center center","background-size":"auto","background-attachment":"scroll","background-type":"","background-media":"","overlay-type":"","overlay-color":"","overlay-opacity":"","overlay-gradient":""}},"ast-content-background-meta":{"desktop":{"background-color":"var(--ast-global-color-5)","background-image":"","background-repeat":"repeat","background-position":"center center","background-size":"auto","background-attachment":"scroll","background-type":"","background-media":"","overlay-type":"","overlay-color":"","overlay-opacity":"","overlay-gradient":""},"tablet":{"background-color":"var(--ast-global-color-5)","background-image":"","background-repeat":"repeat","background-position":"center center","background-size":"auto","background-attachment":"scroll","background-type":"","background-media":"","overlay-type":"","overlay-color":"","overlay-opacity":"","overlay-gradient":""},"mobile":{"background-color":"var(--ast-global-color-5)","background-image":"","background-repeat":"repeat","background-position":"center center","background-size":"auto","background-attachment":"scroll","background-type":"","background-media":"","overlay-type":"","overlay-color":"","overlay-opacity":"","overlay-gradient":""}},"footnotes":""},"categories":[5],"tags":[],"class_list":["post-130693","post","type-post","status-publish","format-standard","hentry","category-noticias"],"yoast_head":"<!-- This site is optimized with the Yoast SEO Premium plugin v20.9 (Yoast SEO v27.4) - https:\/\/yoast.com\/product\/yoast-seo-premium-wordpress\/ -->\n<title>14 de juny. Dia Mundial del Donant de Sang - bip4ex<\/title>\n<meta name=\"robots\" content=\"index, follow, max-snippet:-1, max-image-preview:large, max-video-preview:-1\" \/>\n<link rel=\"canonical\" href=\"https:\/\/helloproject.es\/vigilancia\/14-de-juny-dia-mundial-del-donant-de-sang\/\" \/>\n<meta property=\"og:locale\" content=\"es_ES\" \/>\n<meta property=\"og:type\" content=\"article\" \/>\n<meta property=\"og:title\" content=\"14 de juny. Dia Mundial del Donant de Sang\" \/>\n<meta property=\"og:description\" content=\"Encara no hi ha traducci\u00f3 disponible. Amb motiu del Dia Mundial del Donant de Sang, que se celebra cada 14 de juny, el Banc de Sang i Teixits de les Illes Balears (BSTIB) s&#8217;uneix al missatge de l\u2019Organitzaci\u00f3 Mundial de la Salut (OMS) per recon\u00e8ixer i agrair la contribuci\u00f3 generosa, altruista i insubstitu\u00efble de milions [&hellip;]\" \/>\n<meta property=\"og:url\" content=\"https:\/\/helloproject.es\/vigilancia\/14-de-juny-dia-mundial-del-donant-de-sang\/\" \/>\n<meta property=\"og:site_name\" content=\"bip4ex\" \/>\n<meta property=\"article:published_time\" content=\"2025-06-11T10:17:19+00:00\" \/>\n<meta property=\"og:image\" content=\"https:\/\/www.infosalut.com\/images\/noticies\/2025\/2025-06\/17560.jpg\" \/>\n<meta name=\"author\" content=\"Luis Miguel Mej\u00edas Ramos\" \/>\n<meta name=\"twitter:card\" content=\"summary_large_image\" \/>\n<meta name=\"twitter:label1\" content=\"Escrito por\" \/>\n\t<meta name=\"twitter:data1\" content=\"Luis Miguel Mej\u00edas Ramos\" \/>\n\t<meta name=\"twitter:label2\" content=\"Tiempo de lectura\" \/>\n\t<meta name=\"twitter:data2\" content=\"1 minuto\" \/>\n<script type=\"application\/ld+json\" class=\"yoast-schema-graph\">{\"@context\":\"https:\\\/\\\/schema.org\",\"@graph\":[{\"@type\":\"Article\",\"@id\":\"https:\\\/\\\/helloproject.es\\\/vigilancia\\\/14-de-juny-dia-mundial-del-donant-de-sang\\\/#article\",\"isPartOf\":{\"@id\":\"https:\\\/\\\/helloproject.es\\\/vigilancia\\\/14-de-juny-dia-mundial-del-donant-de-sang\\\/\"},\"author\":{\"name\":\"Luis Miguel Mej\u00edas Ramos\",\"@id\":\"https:\\\/\\\/helloproject.es\\\/vigilancia\\\/#\\\/schema\\\/person\\\/3767b0619d59a11570372c821f8619ca\"},\"headline\":\"14 de juny. Dia Mundial del Donant de Sang\",\"datePublished\":\"2025-06-11T10:17:19+00:00\",\"mainEntityOfPage\":{\"@id\":\"https:\\\/\\\/helloproject.es\\\/vigilancia\\\/14-de-juny-dia-mundial-del-donant-de-sang\\\/\"},\"wordCount\":133,\"publisher\":{\"@id\":\"https:\\\/\\\/helloproject.es\\\/vigilancia\\\/#organization\"},\"image\":{\"@id\":\"https:\\\/\\\/helloproject.es\\\/vigilancia\\\/14-de-juny-dia-mundial-del-donant-de-sang\\\/#primaryimage\"},\"thumbnailUrl\":\"https:\\\/\\\/www.infosalut.com\\\/images\\\/noticies\\\/2025\\\/2025-06\\\/17560.jpg\",\"articleSection\":[\"Noticias\"],\"inLanguage\":\"es\"},{\"@type\":\"WebPage\",\"@id\":\"https:\\\/\\\/helloproject.es\\\/vigilancia\\\/14-de-juny-dia-mundial-del-donant-de-sang\\\/\",\"url\":\"https:\\\/\\\/helloproject.es\\\/vigilancia\\\/14-de-juny-dia-mundial-del-donant-de-sang\\\/\",\"name\":\"14 de juny. Dia Mundial del Donant de Sang - bip4ex\",\"isPartOf\":{\"@id\":\"https:\\\/\\\/helloproject.es\\\/vigilancia\\\/#website\"},\"primaryImageOfPage\":{\"@id\":\"https:\\\/\\\/helloproject.es\\\/vigilancia\\\/14-de-juny-dia-mundial-del-donant-de-sang\\\/#primaryimage\"},\"image\":{\"@id\":\"https:\\\/\\\/helloproject.es\\\/vigilancia\\\/14-de-juny-dia-mundial-del-donant-de-sang\\\/#primaryimage\"},\"thumbnailUrl\":\"https:\\\/\\\/www.infosalut.com\\\/images\\\/noticies\\\/2025\\\/2025-06\\\/17560.jpg\",\"datePublished\":\"2025-06-11T10:17:19+00:00\",\"breadcrumb\":{\"@id\":\"https:\\\/\\\/helloproject.es\\\/vigilancia\\\/14-de-juny-dia-mundial-del-donant-de-sang\\\/#breadcrumb\"},\"inLanguage\":\"es\",\"potentialAction\":[{\"@type\":\"ReadAction\",\"target\":[\"https:\\\/\\\/helloproject.es\\\/vigilancia\\\/14-de-juny-dia-mundial-del-donant-de-sang\\\/\"]}]},{\"@type\":\"ImageObject\",\"inLanguage\":\"es\",\"@id\":\"https:\\\/\\\/helloproject.es\\\/vigilancia\\\/14-de-juny-dia-mundial-del-donant-de-sang\\\/#primaryimage\",\"url\":\"https:\\\/\\\/www.infosalut.com\\\/images\\\/noticies\\\/2025\\\/2025-06\\\/17560.jpg\",\"contentUrl\":\"https:\\\/\\\/www.infosalut.com\\\/images\\\/noticies\\\/2025\\\/2025-06\\\/17560.jpg\"},{\"@type\":\"BreadcrumbList\",\"@id\":\"https:\\\/\\\/helloproject.es\\\/vigilancia\\\/14-de-juny-dia-mundial-del-donant-de-sang\\\/#breadcrumb\",\"itemListElement\":[{\"@type\":\"ListItem\",\"position\":1,\"name\":\"Home\",\"item\":\"https:\\\/\\\/helloproject.es\\\/vigilancia\\\/\"},{\"@type\":\"ListItem\",\"position\":2,\"name\":\"14 de juny. Dia Mundial del Donant de Sang\"}]},{\"@type\":\"WebSite\",\"@id\":\"https:\\\/\\\/helloproject.es\\\/vigilancia\\\/#website\",\"url\":\"https:\\\/\\\/helloproject.es\\\/vigilancia\\\/\",\"name\":\"bip4ex\",\"description\":\"Vigilancia Tecnol\u00f3gica\",\"publisher\":{\"@id\":\"https:\\\/\\\/helloproject.es\\\/vigilancia\\\/#organization\"},\"potentialAction\":[{\"@type\":\"SearchAction\",\"target\":{\"@type\":\"EntryPoint\",\"urlTemplate\":\"https:\\\/\\\/helloproject.es\\\/vigilancia\\\/?s={search_term_string}\"},\"query-input\":{\"@type\":\"PropertyValueSpecification\",\"valueRequired\":true,\"valueName\":\"search_term_string\"}}],\"inLanguage\":\"es\"},{\"@type\":\"Organization\",\"@id\":\"https:\\\/\\\/helloproject.es\\\/vigilancia\\\/#organization\",\"name\":\"Helloproject.es\",\"url\":\"https:\\\/\\\/helloproject.es\\\/vigilancia\\\/\",\"logo\":{\"@type\":\"ImageObject\",\"inLanguage\":\"es\",\"@id\":\"https:\\\/\\\/helloproject.es\\\/vigilancia\\\/#\\\/schema\\\/logo\\\/image\\\/\",\"url\":\"https:\\\/\\\/helloproject.es\\\/vigilancia\\\/wp-content\\\/uploads\\\/2023\\\/07\\\/bip4ex.png\",\"contentUrl\":\"https:\\\/\\\/helloproject.es\\\/vigilancia\\\/wp-content\\\/uploads\\\/2023\\\/07\\\/bip4ex.png\",\"width\":322,\"height\":365,\"caption\":\"Helloproject.es\"},\"image\":{\"@id\":\"https:\\\/\\\/helloproject.es\\\/vigilancia\\\/#\\\/schema\\\/logo\\\/image\\\/\"}},{\"@type\":\"Person\",\"@id\":\"https:\\\/\\\/helloproject.es\\\/vigilancia\\\/#\\\/schema\\\/person\\\/3767b0619d59a11570372c821f8619ca\",\"name\":\"Luis Miguel Mej\u00edas Ramos\",\"url\":\"https:\\\/\\\/helloproject.es\\\/vigilancia\\\/author\\\/luismi\\\/\"}]}<\/script>\n<!-- \/ Yoast SEO Premium plugin. -->","yoast_head_json":{"title":"14 de juny. Dia Mundial del Donant de Sang - bip4ex","robots":{"index":"index","follow":"follow","max-snippet":"max-snippet:-1","max-image-preview":"max-image-preview:large","max-video-preview":"max-video-preview:-1"},"canonical":"https:\/\/helloproject.es\/vigilancia\/14-de-juny-dia-mundial-del-donant-de-sang\/","og_locale":"es_ES","og_type":"article","og_title":"14 de juny. Dia Mundial del Donant de Sang","og_description":"Encara no hi ha traducci\u00f3 disponible. Amb motiu del Dia Mundial del Donant de Sang, que se celebra cada 14 de juny, el Banc de Sang i Teixits de les Illes Balears (BSTIB) s&#8217;uneix al missatge de l\u2019Organitzaci\u00f3 Mundial de la Salut (OMS) per recon\u00e8ixer i agrair la contribuci\u00f3 generosa, altruista i insubstitu\u00efble de milions [&hellip;]","og_url":"https:\/\/helloproject.es\/vigilancia\/14-de-juny-dia-mundial-del-donant-de-sang\/","og_site_name":"bip4ex","article_published_time":"2025-06-11T10:17:19+00:00","og_image":[{"url":"https:\/\/www.infosalut.com\/images\/noticies\/2025\/2025-06\/17560.jpg","type":"","width":"","height":""}],"author":"Luis Miguel Mej\u00edas Ramos","twitter_card":"summary_large_image","twitter_misc":{"Escrito por":"Luis Miguel Mej\u00edas Ramos","Tiempo de lectura":"1 minuto"},"schema":{"@context":"https:\/\/schema.org","@graph":[{"@type":"Article","@id":"https:\/\/helloproject.es\/vigilancia\/14-de-juny-dia-mundial-del-donant-de-sang\/#article","isPartOf":{"@id":"https:\/\/helloproject.es\/vigilancia\/14-de-juny-dia-mundial-del-donant-de-sang\/"},"author":{"name":"Luis Miguel Mej\u00edas Ramos","@id":"https:\/\/helloproject.es\/vigilancia\/#\/schema\/person\/3767b0619d59a11570372c821f8619ca"},"headline":"14 de juny. Dia Mundial del Donant de Sang","datePublished":"2025-06-11T10:17:19+00:00","mainEntityOfPage":{"@id":"https:\/\/helloproject.es\/vigilancia\/14-de-juny-dia-mundial-del-donant-de-sang\/"},"wordCount":133,"publisher":{"@id":"https:\/\/helloproject.es\/vigilancia\/#organization"},"image":{"@id":"https:\/\/helloproject.es\/vigilancia\/14-de-juny-dia-mundial-del-donant-de-sang\/#primaryimage"},"thumbnailUrl":"https:\/\/www.infosalut.com\/images\/noticies\/2025\/2025-06\/17560.jpg","articleSection":["Noticias"],"inLanguage":"es"},{"@type":"WebPage","@id":"https:\/\/helloproject.es\/vigilancia\/14-de-juny-dia-mundial-del-donant-de-sang\/","url":"https:\/\/helloproject.es\/vigilancia\/14-de-juny-dia-mundial-del-donant-de-sang\/","name":"14 de juny. Dia Mundial del Donant de Sang - bip4ex","isPartOf":{"@id":"https:\/\/helloproject.es\/vigilancia\/#website"},"primaryImageOfPage":{"@id":"https:\/\/helloproject.es\/vigilancia\/14-de-juny-dia-mundial-del-donant-de-sang\/#primaryimage"},"image":{"@id":"https:\/\/helloproject.es\/vigilancia\/14-de-juny-dia-mundial-del-donant-de-sang\/#primaryimage"},"thumbnailUrl":"https:\/\/www.infosalut.com\/images\/noticies\/2025\/2025-06\/17560.jpg","datePublished":"2025-06-11T10:17:19+00:00","breadcrumb":{"@id":"https:\/\/helloproject.es\/vigilancia\/14-de-juny-dia-mundial-del-donant-de-sang\/#breadcrumb"},"inLanguage":"es","potentialAction":[{"@type":"ReadAction","target":["https:\/\/helloproject.es\/vigilancia\/14-de-juny-dia-mundial-del-donant-de-sang\/"]}]},{"@type":"ImageObject","inLanguage":"es","@id":"https:\/\/helloproject.es\/vigilancia\/14-de-juny-dia-mundial-del-donant-de-sang\/#primaryimage","url":"https:\/\/www.infosalut.com\/images\/noticies\/2025\/2025-06\/17560.jpg","contentUrl":"https:\/\/www.infosalut.com\/images\/noticies\/2025\/2025-06\/17560.jpg"},{"@type":"BreadcrumbList","@id":"https:\/\/helloproject.es\/vigilancia\/14-de-juny-dia-mundial-del-donant-de-sang\/#breadcrumb","itemListElement":[{"@type":"ListItem","position":1,"name":"Home","item":"https:\/\/helloproject.es\/vigilancia\/"},{"@type":"ListItem","position":2,"name":"14 de juny. Dia Mundial del Donant de Sang"}]},{"@type":"WebSite","@id":"https:\/\/helloproject.es\/vigilancia\/#website","url":"https:\/\/helloproject.es\/vigilancia\/","name":"bip4ex","description":"Vigilancia Tecnol\u00f3gica","publisher":{"@id":"https:\/\/helloproject.es\/vigilancia\/#organization"},"potentialAction":[{"@type":"SearchAction","target":{"@type":"EntryPoint","urlTemplate":"https:\/\/helloproject.es\/vigilancia\/?s={search_term_string}"},"query-input":{"@type":"PropertyValueSpecification","valueRequired":true,"valueName":"search_term_string"}}],"inLanguage":"es"},{"@type":"Organization","@id":"https:\/\/helloproject.es\/vigilancia\/#organization","name":"Helloproject.es","url":"https:\/\/helloproject.es\/vigilancia\/","logo":{"@type":"ImageObject","inLanguage":"es","@id":"https:\/\/helloproject.es\/vigilancia\/#\/schema\/logo\/image\/","url":"https:\/\/helloproject.es\/vigilancia\/wp-content\/uploads\/2023\/07\/bip4ex.png","contentUrl":"https:\/\/helloproject.es\/vigilancia\/wp-content\/uploads\/2023\/07\/bip4ex.png","width":322,"height":365,"caption":"Helloproject.es"},"image":{"@id":"https:\/\/helloproject.es\/vigilancia\/#\/schema\/logo\/image\/"}},{"@type":"Person","@id":"https:\/\/helloproject.es\/vigilancia\/#\/schema\/person\/3767b0619d59a11570372c821f8619ca","name":"Luis Miguel Mej\u00edas Ramos","url":"https:\/\/helloproject.es\/vigilancia\/author\/luismi\/"}]}},"_links":{"self":[{"href":"https:\/\/helloproject.es\/vigilancia\/wp-json\/wp\/v2\/posts\/130693","targetHints":{"allow":["GET"]}}],"collection":[{"href":"https:\/\/helloproject.es\/vigilancia\/wp-json\/wp\/v2\/posts"}],"about":[{"href":"https:\/\/helloproject.es\/vigilancia\/wp-json\/wp\/v2\/types\/post"}],"author":[{"embeddable":true,"href":"https:\/\/helloproject.es\/vigilancia\/wp-json\/wp\/v2\/users\/5"}],"replies":[{"embeddable":true,"href":"https:\/\/helloproject.es\/vigilancia\/wp-json\/wp\/v2\/comments?post=130693"}],"version-history":[{"count":0,"href":"https:\/\/helloproject.es\/vigilancia\/wp-json\/wp\/v2\/posts\/130693\/revisions"}],"wp:attachment":[{"href":"https:\/\/helloproject.es\/vigilancia\/wp-json\/wp\/v2\/media?parent=130693"}],"wp:term":[{"taxonomy":"category","embeddable":true,"href":"https:\/\/helloproject.es\/vigilancia\/wp-json\/wp\/v2\/categories?post=130693"},{"taxonomy":"post_tag","embeddable":true,"href":"https:\/\/helloproject.es\/vigilancia\/wp-json\/wp\/v2\/tags?post=130693"}],"curies":[{"name":"wp","href":"https:\/\/api.w.org\/{rel}","templated":true}]}}