{"id":130727,"date":"2025-06-11T12:28:05","date_gmt":"2025-06-11T11:28:05","guid":{"rendered":"https:\/\/helloproject.es\/vigilancia\/el-estudio-de-dos-exoplanetas-arroja-luz-sobre-la-formacion-del-sistema-solar-y-de-jupiter\/"},"modified":"2025-06-11T12:28:05","modified_gmt":"2025-06-11T11:28:05","slug":"el-estudio-de-dos-exoplanetas-arroja-luz-sobre-la-formacion-del-sistema-solar-y-de-jupiter","status":"publish","type":"post","link":"https:\/\/helloproject.es\/vigilancia\/el-estudio-de-dos-exoplanetas-arroja-luz-sobre-la-formacion-del-sistema-solar-y-de-jupiter\/","title":{"rendered":"El estudio de dos exoplanetas arroja luz sobre la formaci\u00f3n del sistema solar y de J\u00fapiter"},"content":{"rendered":"<p>Al estudiar con un detalle extraordinario dos exoplanetas j\u00f3venes, descubrieron que uno de ellos ten\u00eda nubes de silicato en su atm\u00f3sfera y, el otro un disco circumplanetario que se cree que alimenta el material que puede formar lunas.<\/p>\n<p>El equipo internacional de cient\u00edficos, liderado por Kielan Hoch, del Instituto de Ciencias del Telescopio Espacial\u00a0de Baltimore (Estados Unidos), hizo estos hallazgos al estudiar el supersistema solar YSES-1, que ayuda a comprender el origen de nuestro propio sistema solar y permite observar en tiempo real c\u00f3mo se forma un planeta similar a J\u00fapiter.<\/p>\n<p>Comprender cu\u00e1nto tiempo se tarda en formar planetas y la composici\u00f3n qu\u00edmica al final de la formaci\u00f3n es importante para saber c\u00f3mo eran los componentes b\u00e1sicos de nuestro propio sistema solar.<\/p>\n<p>Adem\u00e1s, comparar estos sistemas j\u00f3venes con el nuestro, proporciona pistas sobre c\u00f3mo han cambiado nuestros propios planetas a lo largo del tiempo.<\/p>\n<p><img decoding=\"async\" src=\"https:\/\/www.agenciasinc.es\/bundles\/app\/images\/quotebefore.png\" \/><\/p>\n<p>Los exoplanetas fotografiados directamente, es decir, los planetas fuera de nuestro propio sistema solar, son los \u00fanicos exoplanetas de los que realmente podemos tomar fotos<\/p>\n<p> Evert Nasedkin, Trinity College de Dublin<br \/>\n<img decoding=\"async\" src=\"https:\/\/www.agenciasinc.es\/bundles\/app\/images\/quoteafter.png\" \/><\/p>\n<p>\u00abLos exoplanetas fotografiados directamente, es decir, los planetas fuera de nuestro propio sistema solar, son los \u00fanicos exoplanetas de los que realmente podemos tomar fotos\u00bb, explica Evert Nasedkin, del Trinity College de Dublin, coautor del estudio publicado este mi\u00e9rcoles en la revista Nature.<\/p>\n<p><a><\/a><\/p>\n<h2>Instrumentos del James Webb<\/h2>\n<p>Utilizando instrumentos espectrosc\u00f3picos a bordo del telescopio espacial James Webb, Hoch, junto a un equipo internacional de astr\u00f3nomos, obtuvieron amplios espectros de dos exoplanetas gigantes y j\u00f3venes que orbitan alrededor de una estrella similar al Sol, YSES-1.<\/p>\n<p>Estos planetas son varias veces m\u00e1s grandes que J\u00fapiter y orbitan lejos de su estrella anfitriona, lo que pone de relieve la diversidad de los sistemas exoplanetarios, incluso alrededor de estrellas como nuestro propio Sol.<\/p>\n<p>\u00abEstos exoplanetas suelen ser tan j\u00f3venes que a\u00fan est\u00e1n calientes por su formaci\u00f3n, y es este calor, visible en el infrarrojo t\u00e9rmico, lo que observamos los astr\u00f3nomos\u00bb, puntualiza Nasedkin.<\/p>\n<p><img decoding=\"async\" src=\"https:\/\/www.agenciasinc.es\/bundles\/app\/images\/quotebefore.png\" \/><\/p>\n<p>Estos exoplanetas suelen ser tan j\u00f3venes que a\u00fan est\u00e1n calientes por su formaci\u00f3n, y es este calor, visible en el infrarrojo t\u00e9rmico, lo que observamos los astr\u00f3nomos<\/p>\n<p>Evert Nasedkin<br \/>\n<img decoding=\"async\" src=\"https:\/\/www.agenciasinc.es\/bundles\/app\/images\/quoteafter.png\" \/><\/p>\n<p>El objetivo del estudio era medir los espectros de estos exoplanetas para comprender sus atm\u00f3sferas.<\/p>\n<p>Las diferentes mol\u00e9culas y part\u00edculas de nubes absorben diferentes longitudes de onda de luz, lo que confiere una &#8216;huella&#8217; caracter\u00edstica al espectro de emisi\u00f3n de los planetas.<\/p>\n<p>\u00abCuando observamos el compa\u00f1ero m\u00e1s peque\u00f1o y lejano, conocido como YSES 1-c, encontramos la firma reveladora de nubes de silicato en el infrarrojo medio. Compuestas esencialmente por part\u00edculas similares a la arena, se trata de la caracter\u00edstica de absorci\u00f3n de silicato m\u00e1s fuerte observada hasta ahora en un exoplaneta\u00bb, explica Nasedkin.<\/p>\n<p>\u00abCreemos que esto est\u00e1 relacionado con la relativa juventud de los planetas: los planetas m\u00e1s j\u00f3venes tienen un radio ligeramente mayor, y esta atm\u00f3sfera extendida puede permitir que la nube absorba m\u00e1s luz emitida por el planeta. Mediante modelos detallados, pudimos identificar la composici\u00f3n qu\u00edmica de estas nubes, as\u00ed como detalles sobre las formas y tama\u00f1os de las part\u00edculas de las nubes\u00bb, apunta.<\/p>\n<p><a><\/a><\/p>\n<h2>Un disco de formaci\u00f3n planetaria<\/h2>\n<p>El planeta interior, YSES-1b, depar\u00f3 otras sorpresas: aunque todo el sistema planetario es joven, con 16,7 millones de a\u00f1os, es demasiado antiguo para encontrar signos del disco de formaci\u00f3n planetaria alrededor de la estrella anfitriona.<\/p>\n<p><img decoding=\"async\" src=\"https:\/\/www.agenciasinc.es\/bundles\/app\/images\/quotebefore.png\" \/><\/p>\n<p>Este trabajo destaca las incre\u00edbles capacidades del James Webb para caracterizar las atm\u00f3sferas de los exoplanetas. Con solo un pu\u00f1ado de exoplanetas que pueden ser fotografiados directamente<\/p>\n<p>Evert Nasedkin<br \/>\n<img decoding=\"async\" src=\"https:\/\/www.agenciasinc.es\/bundles\/app\/images\/quoteafter.png\" \/><\/p>\n<p>Sin embargo, alrededor de YSES-1b, el equipo observ\u00f3 un disco alrededor del propio planeta, que se cree que alimenta de material al planeta y sirve como lugar de nacimiento de lunas, similares a las que se observan alrededor de J\u00fapiter.<\/p>\n<p>Hasta la fecha solo se han identificado otros tres discos de este tipo, ambos alrededor de objetos significativamente m\u00e1s j\u00f3venes que YSES-1b, lo que plantea nuevas preguntas sobre c\u00f3mo este disco puede ser tan longevo.<\/p>\n<p>\u00abEste trabajo destaca las incre\u00edbles capacidades del James Webb para caracterizar las atm\u00f3sferas de los exoplanetas. Con solo un pu\u00f1ado de exoplanetas que pueden ser fotografiados directamente, el sistema YSES-1 ofrece una visi\u00f3n \u00fanica de la f\u00edsica atmosf\u00e9rica y los procesos de formaci\u00f3n de estos gigantes distantes\u00bb, subraya Nasedkin.<\/p>","protected":false},"excerpt":{"rendered":"<p>Al estudiar con un detalle extraordinario dos exoplanetas j\u00f3venes, descubrieron que uno de ellos ten\u00eda nubes de silicato en su atm\u00f3sfera y, el otro un disco circumplanetario que se cree que alimenta el material que puede formar lunas. El equipo internacional de cient\u00edficos, liderado por Kielan Hoch, del Instituto de Ciencias del Telescopio Espacial\u00a0de Baltimore [&hellip;]<\/p>\n","protected":false},"author":5,"featured_media":0,"comment_status":"","ping_status":"","sticky":false,"template":"","format":"standard","meta":{"site-sidebar-layout":"default","site-content-layout":"","ast-site-content-layout":"default","site-content-style":"default","site-sidebar-style":"default","ast-global-header-display":"","ast-banner-title-visibility":"","ast-main-header-display":"","ast-hfb-above-header-display":"","ast-hfb-below-header-display":"","ast-hfb-mobile-header-display":"","site-post-title":"","ast-breadcrumbs-content":"","ast-featured-img":"","footer-sml-layout":"","ast-disable-related-posts":"","theme-transparent-header-meta":"","adv-header-id-meta":"","stick-header-meta":"","header-above-stick-meta":"","header-main-stick-meta":"","header-below-stick-meta":"","astra-migrate-meta-layouts":"default","ast-page-background-enabled":"default","ast-page-background-meta":{"desktop":{"background-color":"var(--ast-global-color-4)","background-image":"","background-repeat":"repeat","background-position":"center center","background-size":"auto","background-attachment":"scroll","background-type":"","background-media":"","overlay-type":"","overlay-color":"","overlay-opacity":"","overlay-gradient":""},"tablet":{"background-color":"","background-image":"","background-repeat":"repeat","background-position":"center center","background-size":"auto","background-attachment":"scroll","background-type":"","background-media":"","overlay-type":"","overlay-color":"","overlay-opacity":"","overlay-gradient":""},"mobile":{"background-color":"","background-image":"","background-repeat":"repeat","background-position":"center center","background-size":"auto","background-attachment":"scroll","background-type":"","background-media":"","overlay-type":"","overlay-color":"","overlay-opacity":"","overlay-gradient":""}},"ast-content-background-meta":{"desktop":{"background-color":"var(--ast-global-color-5)","background-image":"","background-repeat":"repeat","background-position":"center center","background-size":"auto","background-attachment":"scroll","background-type":"","background-media":"","overlay-type":"","overlay-color":"","overlay-opacity":"","overlay-gradient":""},"tablet":{"background-color":"var(--ast-global-color-5)","background-image":"","background-repeat":"repeat","background-position":"center center","background-size":"auto","background-attachment":"scroll","background-type":"","background-media":"","overlay-type":"","overlay-color":"","overlay-opacity":"","overlay-gradient":""},"mobile":{"background-color":"var(--ast-global-color-5)","background-image":"","background-repeat":"repeat","background-position":"center center","background-size":"auto","background-attachment":"scroll","background-type":"","background-media":"","overlay-type":"","overlay-color":"","overlay-opacity":"","overlay-gradient":""}},"footnotes":""},"categories":[5],"tags":[],"class_list":["post-130727","post","type-post","status-publish","format-standard","hentry","category-noticias"],"yoast_head":"<!-- This site is optimized with the Yoast SEO Premium plugin v20.9 (Yoast SEO v27.4) - https:\/\/yoast.com\/product\/yoast-seo-premium-wordpress\/ -->\n<title>El estudio de dos exoplanetas arroja luz sobre la formaci\u00f3n del sistema solar y de J\u00fapiter - bip4ex<\/title>\n<meta name=\"robots\" content=\"index, follow, max-snippet:-1, max-image-preview:large, max-video-preview:-1\" \/>\n<link rel=\"canonical\" href=\"https:\/\/helloproject.es\/vigilancia\/el-estudio-de-dos-exoplanetas-arroja-luz-sobre-la-formacion-del-sistema-solar-y-de-jupiter\/\" \/>\n<meta property=\"og:locale\" content=\"es_ES\" \/>\n<meta property=\"og:type\" content=\"article\" \/>\n<meta property=\"og:title\" content=\"El estudio de dos exoplanetas arroja luz sobre la formaci\u00f3n del sistema solar y de J\u00fapiter\" \/>\n<meta property=\"og:description\" content=\"Al estudiar con un detalle extraordinario dos exoplanetas j\u00f3venes, descubrieron que uno de ellos ten\u00eda nubes de silicato en su atm\u00f3sfera y, el otro un disco circumplanetario que se cree que alimenta el material que puede formar lunas. El equipo internacional de cient\u00edficos, liderado por Kielan Hoch, del Instituto de Ciencias del Telescopio Espacial\u00a0de Baltimore [&hellip;]\" \/>\n<meta property=\"og:url\" content=\"https:\/\/helloproject.es\/vigilancia\/el-estudio-de-dos-exoplanetas-arroja-luz-sobre-la-formacion-del-sistema-solar-y-de-jupiter\/\" \/>\n<meta property=\"og:site_name\" content=\"bip4ex\" \/>\n<meta property=\"article:published_time\" content=\"2025-06-11T11:28:05+00:00\" \/>\n<meta property=\"og:image\" content=\"https:\/\/www.agenciasinc.es\/bundles\/app\/images\/quotebefore.png\" \/>\n<meta name=\"author\" content=\"Luis Miguel Mej\u00edas Ramos\" \/>\n<meta name=\"twitter:card\" content=\"summary_large_image\" \/>\n<meta name=\"twitter:label1\" content=\"Escrito por\" \/>\n\t<meta name=\"twitter:data1\" content=\"Luis Miguel Mej\u00edas Ramos\" \/>\n\t<meta name=\"twitter:label2\" content=\"Tiempo de lectura\" \/>\n\t<meta name=\"twitter:data2\" content=\"4 minutos\" \/>\n<script type=\"application\/ld+json\" class=\"yoast-schema-graph\">{\"@context\":\"https:\\\/\\\/schema.org\",\"@graph\":[{\"@type\":\"Article\",\"@id\":\"https:\\\/\\\/helloproject.es\\\/vigilancia\\\/el-estudio-de-dos-exoplanetas-arroja-luz-sobre-la-formacion-del-sistema-solar-y-de-jupiter\\\/#article\",\"isPartOf\":{\"@id\":\"https:\\\/\\\/helloproject.es\\\/vigilancia\\\/el-estudio-de-dos-exoplanetas-arroja-luz-sobre-la-formacion-del-sistema-solar-y-de-jupiter\\\/\"},\"author\":{\"name\":\"Luis Miguel Mej\u00edas Ramos\",\"@id\":\"https:\\\/\\\/helloproject.es\\\/vigilancia\\\/#\\\/schema\\\/person\\\/3767b0619d59a11570372c821f8619ca\"},\"headline\":\"El estudio de dos exoplanetas arroja luz sobre la formaci\u00f3n del sistema solar y de J\u00fapiter\",\"datePublished\":\"2025-06-11T11:28:05+00:00\",\"mainEntityOfPage\":{\"@id\":\"https:\\\/\\\/helloproject.es\\\/vigilancia\\\/el-estudio-de-dos-exoplanetas-arroja-luz-sobre-la-formacion-del-sistema-solar-y-de-jupiter\\\/\"},\"wordCount\":792,\"publisher\":{\"@id\":\"https:\\\/\\\/helloproject.es\\\/vigilancia\\\/#organization\"},\"image\":{\"@id\":\"https:\\\/\\\/helloproject.es\\\/vigilancia\\\/el-estudio-de-dos-exoplanetas-arroja-luz-sobre-la-formacion-del-sistema-solar-y-de-jupiter\\\/#primaryimage\"},\"thumbnailUrl\":\"https:\\\/\\\/www.agenciasinc.es\\\/bundles\\\/app\\\/images\\\/quotebefore.png\",\"articleSection\":[\"Noticias\"],\"inLanguage\":\"es\"},{\"@type\":\"WebPage\",\"@id\":\"https:\\\/\\\/helloproject.es\\\/vigilancia\\\/el-estudio-de-dos-exoplanetas-arroja-luz-sobre-la-formacion-del-sistema-solar-y-de-jupiter\\\/\",\"url\":\"https:\\\/\\\/helloproject.es\\\/vigilancia\\\/el-estudio-de-dos-exoplanetas-arroja-luz-sobre-la-formacion-del-sistema-solar-y-de-jupiter\\\/\",\"name\":\"El estudio de dos exoplanetas arroja luz sobre la formaci\u00f3n del sistema solar y de J\u00fapiter - bip4ex\",\"isPartOf\":{\"@id\":\"https:\\\/\\\/helloproject.es\\\/vigilancia\\\/#website\"},\"primaryImageOfPage\":{\"@id\":\"https:\\\/\\\/helloproject.es\\\/vigilancia\\\/el-estudio-de-dos-exoplanetas-arroja-luz-sobre-la-formacion-del-sistema-solar-y-de-jupiter\\\/#primaryimage\"},\"image\":{\"@id\":\"https:\\\/\\\/helloproject.es\\\/vigilancia\\\/el-estudio-de-dos-exoplanetas-arroja-luz-sobre-la-formacion-del-sistema-solar-y-de-jupiter\\\/#primaryimage\"},\"thumbnailUrl\":\"https:\\\/\\\/www.agenciasinc.es\\\/bundles\\\/app\\\/images\\\/quotebefore.png\",\"datePublished\":\"2025-06-11T11:28:05+00:00\",\"breadcrumb\":{\"@id\":\"https:\\\/\\\/helloproject.es\\\/vigilancia\\\/el-estudio-de-dos-exoplanetas-arroja-luz-sobre-la-formacion-del-sistema-solar-y-de-jupiter\\\/#breadcrumb\"},\"inLanguage\":\"es\",\"potentialAction\":[{\"@type\":\"ReadAction\",\"target\":[\"https:\\\/\\\/helloproject.es\\\/vigilancia\\\/el-estudio-de-dos-exoplanetas-arroja-luz-sobre-la-formacion-del-sistema-solar-y-de-jupiter\\\/\"]}]},{\"@type\":\"ImageObject\",\"inLanguage\":\"es\",\"@id\":\"https:\\\/\\\/helloproject.es\\\/vigilancia\\\/el-estudio-de-dos-exoplanetas-arroja-luz-sobre-la-formacion-del-sistema-solar-y-de-jupiter\\\/#primaryimage\",\"url\":\"https:\\\/\\\/www.agenciasinc.es\\\/bundles\\\/app\\\/images\\\/quotebefore.png\",\"contentUrl\":\"https:\\\/\\\/www.agenciasinc.es\\\/bundles\\\/app\\\/images\\\/quotebefore.png\"},{\"@type\":\"BreadcrumbList\",\"@id\":\"https:\\\/\\\/helloproject.es\\\/vigilancia\\\/el-estudio-de-dos-exoplanetas-arroja-luz-sobre-la-formacion-del-sistema-solar-y-de-jupiter\\\/#breadcrumb\",\"itemListElement\":[{\"@type\":\"ListItem\",\"position\":1,\"name\":\"Home\",\"item\":\"https:\\\/\\\/helloproject.es\\\/vigilancia\\\/\"},{\"@type\":\"ListItem\",\"position\":2,\"name\":\"El estudio de dos exoplanetas arroja luz sobre la formaci\u00f3n del sistema solar y de J\u00fapiter\"}]},{\"@type\":\"WebSite\",\"@id\":\"https:\\\/\\\/helloproject.es\\\/vigilancia\\\/#website\",\"url\":\"https:\\\/\\\/helloproject.es\\\/vigilancia\\\/\",\"name\":\"bip4ex\",\"description\":\"Vigilancia Tecnol\u00f3gica\",\"publisher\":{\"@id\":\"https:\\\/\\\/helloproject.es\\\/vigilancia\\\/#organization\"},\"potentialAction\":[{\"@type\":\"SearchAction\",\"target\":{\"@type\":\"EntryPoint\",\"urlTemplate\":\"https:\\\/\\\/helloproject.es\\\/vigilancia\\\/?s={search_term_string}\"},\"query-input\":{\"@type\":\"PropertyValueSpecification\",\"valueRequired\":true,\"valueName\":\"search_term_string\"}}],\"inLanguage\":\"es\"},{\"@type\":\"Organization\",\"@id\":\"https:\\\/\\\/helloproject.es\\\/vigilancia\\\/#organization\",\"name\":\"Helloproject.es\",\"url\":\"https:\\\/\\\/helloproject.es\\\/vigilancia\\\/\",\"logo\":{\"@type\":\"ImageObject\",\"inLanguage\":\"es\",\"@id\":\"https:\\\/\\\/helloproject.es\\\/vigilancia\\\/#\\\/schema\\\/logo\\\/image\\\/\",\"url\":\"https:\\\/\\\/helloproject.es\\\/vigilancia\\\/wp-content\\\/uploads\\\/2023\\\/07\\\/bip4ex.png\",\"contentUrl\":\"https:\\\/\\\/helloproject.es\\\/vigilancia\\\/wp-content\\\/uploads\\\/2023\\\/07\\\/bip4ex.png\",\"width\":322,\"height\":365,\"caption\":\"Helloproject.es\"},\"image\":{\"@id\":\"https:\\\/\\\/helloproject.es\\\/vigilancia\\\/#\\\/schema\\\/logo\\\/image\\\/\"}},{\"@type\":\"Person\",\"@id\":\"https:\\\/\\\/helloproject.es\\\/vigilancia\\\/#\\\/schema\\\/person\\\/3767b0619d59a11570372c821f8619ca\",\"name\":\"Luis Miguel Mej\u00edas Ramos\",\"url\":\"https:\\\/\\\/helloproject.es\\\/vigilancia\\\/author\\\/luismi\\\/\"}]}<\/script>\n<!-- \/ Yoast SEO Premium plugin. -->","yoast_head_json":{"title":"El estudio de dos exoplanetas arroja luz sobre la formaci\u00f3n del sistema solar y de J\u00fapiter - bip4ex","robots":{"index":"index","follow":"follow","max-snippet":"max-snippet:-1","max-image-preview":"max-image-preview:large","max-video-preview":"max-video-preview:-1"},"canonical":"https:\/\/helloproject.es\/vigilancia\/el-estudio-de-dos-exoplanetas-arroja-luz-sobre-la-formacion-del-sistema-solar-y-de-jupiter\/","og_locale":"es_ES","og_type":"article","og_title":"El estudio de dos exoplanetas arroja luz sobre la formaci\u00f3n del sistema solar y de J\u00fapiter","og_description":"Al estudiar con un detalle extraordinario dos exoplanetas j\u00f3venes, descubrieron que uno de ellos ten\u00eda nubes de silicato en su atm\u00f3sfera y, el otro un disco circumplanetario que se cree que alimenta el material que puede formar lunas. El equipo internacional de cient\u00edficos, liderado por Kielan Hoch, del Instituto de Ciencias del Telescopio Espacial\u00a0de Baltimore [&hellip;]","og_url":"https:\/\/helloproject.es\/vigilancia\/el-estudio-de-dos-exoplanetas-arroja-luz-sobre-la-formacion-del-sistema-solar-y-de-jupiter\/","og_site_name":"bip4ex","article_published_time":"2025-06-11T11:28:05+00:00","og_image":[{"url":"https:\/\/www.agenciasinc.es\/bundles\/app\/images\/quotebefore.png","type":"","width":"","height":""}],"author":"Luis Miguel Mej\u00edas Ramos","twitter_card":"summary_large_image","twitter_misc":{"Escrito por":"Luis Miguel Mej\u00edas Ramos","Tiempo de lectura":"4 minutos"},"schema":{"@context":"https:\/\/schema.org","@graph":[{"@type":"Article","@id":"https:\/\/helloproject.es\/vigilancia\/el-estudio-de-dos-exoplanetas-arroja-luz-sobre-la-formacion-del-sistema-solar-y-de-jupiter\/#article","isPartOf":{"@id":"https:\/\/helloproject.es\/vigilancia\/el-estudio-de-dos-exoplanetas-arroja-luz-sobre-la-formacion-del-sistema-solar-y-de-jupiter\/"},"author":{"name":"Luis Miguel Mej\u00edas Ramos","@id":"https:\/\/helloproject.es\/vigilancia\/#\/schema\/person\/3767b0619d59a11570372c821f8619ca"},"headline":"El estudio de dos exoplanetas arroja luz sobre la formaci\u00f3n del sistema solar y de J\u00fapiter","datePublished":"2025-06-11T11:28:05+00:00","mainEntityOfPage":{"@id":"https:\/\/helloproject.es\/vigilancia\/el-estudio-de-dos-exoplanetas-arroja-luz-sobre-la-formacion-del-sistema-solar-y-de-jupiter\/"},"wordCount":792,"publisher":{"@id":"https:\/\/helloproject.es\/vigilancia\/#organization"},"image":{"@id":"https:\/\/helloproject.es\/vigilancia\/el-estudio-de-dos-exoplanetas-arroja-luz-sobre-la-formacion-del-sistema-solar-y-de-jupiter\/#primaryimage"},"thumbnailUrl":"https:\/\/www.agenciasinc.es\/bundles\/app\/images\/quotebefore.png","articleSection":["Noticias"],"inLanguage":"es"},{"@type":"WebPage","@id":"https:\/\/helloproject.es\/vigilancia\/el-estudio-de-dos-exoplanetas-arroja-luz-sobre-la-formacion-del-sistema-solar-y-de-jupiter\/","url":"https:\/\/helloproject.es\/vigilancia\/el-estudio-de-dos-exoplanetas-arroja-luz-sobre-la-formacion-del-sistema-solar-y-de-jupiter\/","name":"El estudio de dos exoplanetas arroja luz sobre la formaci\u00f3n del sistema solar y de J\u00fapiter - bip4ex","isPartOf":{"@id":"https:\/\/helloproject.es\/vigilancia\/#website"},"primaryImageOfPage":{"@id":"https:\/\/helloproject.es\/vigilancia\/el-estudio-de-dos-exoplanetas-arroja-luz-sobre-la-formacion-del-sistema-solar-y-de-jupiter\/#primaryimage"},"image":{"@id":"https:\/\/helloproject.es\/vigilancia\/el-estudio-de-dos-exoplanetas-arroja-luz-sobre-la-formacion-del-sistema-solar-y-de-jupiter\/#primaryimage"},"thumbnailUrl":"https:\/\/www.agenciasinc.es\/bundles\/app\/images\/quotebefore.png","datePublished":"2025-06-11T11:28:05+00:00","breadcrumb":{"@id":"https:\/\/helloproject.es\/vigilancia\/el-estudio-de-dos-exoplanetas-arroja-luz-sobre-la-formacion-del-sistema-solar-y-de-jupiter\/#breadcrumb"},"inLanguage":"es","potentialAction":[{"@type":"ReadAction","target":["https:\/\/helloproject.es\/vigilancia\/el-estudio-de-dos-exoplanetas-arroja-luz-sobre-la-formacion-del-sistema-solar-y-de-jupiter\/"]}]},{"@type":"ImageObject","inLanguage":"es","@id":"https:\/\/helloproject.es\/vigilancia\/el-estudio-de-dos-exoplanetas-arroja-luz-sobre-la-formacion-del-sistema-solar-y-de-jupiter\/#primaryimage","url":"https:\/\/www.agenciasinc.es\/bundles\/app\/images\/quotebefore.png","contentUrl":"https:\/\/www.agenciasinc.es\/bundles\/app\/images\/quotebefore.png"},{"@type":"BreadcrumbList","@id":"https:\/\/helloproject.es\/vigilancia\/el-estudio-de-dos-exoplanetas-arroja-luz-sobre-la-formacion-del-sistema-solar-y-de-jupiter\/#breadcrumb","itemListElement":[{"@type":"ListItem","position":1,"name":"Home","item":"https:\/\/helloproject.es\/vigilancia\/"},{"@type":"ListItem","position":2,"name":"El estudio de dos exoplanetas arroja luz sobre la formaci\u00f3n del sistema solar y de J\u00fapiter"}]},{"@type":"WebSite","@id":"https:\/\/helloproject.es\/vigilancia\/#website","url":"https:\/\/helloproject.es\/vigilancia\/","name":"bip4ex","description":"Vigilancia Tecnol\u00f3gica","publisher":{"@id":"https:\/\/helloproject.es\/vigilancia\/#organization"},"potentialAction":[{"@type":"SearchAction","target":{"@type":"EntryPoint","urlTemplate":"https:\/\/helloproject.es\/vigilancia\/?s={search_term_string}"},"query-input":{"@type":"PropertyValueSpecification","valueRequired":true,"valueName":"search_term_string"}}],"inLanguage":"es"},{"@type":"Organization","@id":"https:\/\/helloproject.es\/vigilancia\/#organization","name":"Helloproject.es","url":"https:\/\/helloproject.es\/vigilancia\/","logo":{"@type":"ImageObject","inLanguage":"es","@id":"https:\/\/helloproject.es\/vigilancia\/#\/schema\/logo\/image\/","url":"https:\/\/helloproject.es\/vigilancia\/wp-content\/uploads\/2023\/07\/bip4ex.png","contentUrl":"https:\/\/helloproject.es\/vigilancia\/wp-content\/uploads\/2023\/07\/bip4ex.png","width":322,"height":365,"caption":"Helloproject.es"},"image":{"@id":"https:\/\/helloproject.es\/vigilancia\/#\/schema\/logo\/image\/"}},{"@type":"Person","@id":"https:\/\/helloproject.es\/vigilancia\/#\/schema\/person\/3767b0619d59a11570372c821f8619ca","name":"Luis Miguel Mej\u00edas Ramos","url":"https:\/\/helloproject.es\/vigilancia\/author\/luismi\/"}]}},"_links":{"self":[{"href":"https:\/\/helloproject.es\/vigilancia\/wp-json\/wp\/v2\/posts\/130727","targetHints":{"allow":["GET"]}}],"collection":[{"href":"https:\/\/helloproject.es\/vigilancia\/wp-json\/wp\/v2\/posts"}],"about":[{"href":"https:\/\/helloproject.es\/vigilancia\/wp-json\/wp\/v2\/types\/post"}],"author":[{"embeddable":true,"href":"https:\/\/helloproject.es\/vigilancia\/wp-json\/wp\/v2\/users\/5"}],"replies":[{"embeddable":true,"href":"https:\/\/helloproject.es\/vigilancia\/wp-json\/wp\/v2\/comments?post=130727"}],"version-history":[{"count":0,"href":"https:\/\/helloproject.es\/vigilancia\/wp-json\/wp\/v2\/posts\/130727\/revisions"}],"wp:attachment":[{"href":"https:\/\/helloproject.es\/vigilancia\/wp-json\/wp\/v2\/media?parent=130727"}],"wp:term":[{"taxonomy":"category","embeddable":true,"href":"https:\/\/helloproject.es\/vigilancia\/wp-json\/wp\/v2\/categories?post=130727"},{"taxonomy":"post_tag","embeddable":true,"href":"https:\/\/helloproject.es\/vigilancia\/wp-json\/wp\/v2\/tags?post=130727"}],"curies":[{"name":"wp","href":"https:\/\/api.w.org\/{rel}","templated":true}]}}