{"id":131833,"date":"2025-06-12T23:28:54","date_gmt":"2025-06-12T22:28:54","guid":{"rendered":"https:\/\/helloproject.es\/vigilancia\/orden-de-10-de-junio-de-2025-por-la-que-se-acuerda-la-aplicacion-de-la-tramitacion-de-urgencia-al-procedimiento-de-concesion-de-la-linea-7-de-subvenciones-a-entidades-privadas-para-programas-que-se-d\/"},"modified":"2025-06-12T23:28:54","modified_gmt":"2025-06-12T22:28:54","slug":"orden-de-10-de-junio-de-2025-por-la-que-se-acuerda-la-aplicacion-de-la-tramitacion-de-urgencia-al-procedimiento-de-concesion-de-la-linea-7-de-subvenciones-a-entidades-privadas-para-programas-que-se-d","status":"publish","type":"post","link":"https:\/\/helloproject.es\/vigilancia\/orden-de-10-de-junio-de-2025-por-la-que-se-acuerda-la-aplicacion-de-la-tramitacion-de-urgencia-al-procedimiento-de-concesion-de-la-linea-7-de-subvenciones-a-entidades-privadas-para-programas-que-se-d\/","title":{"rendered":"Orden de 10 de junio de 2025, por la que se acuerda la aplicaci\u00f3n de la tramitaci\u00f3n de urgencia al procedimiento de concesi\u00f3n de la L\u00ednea 7 de subvenciones a entidades privadas para programas que se desarrollen en el marco de la Solidaridad y Garant\u00eda Alimentaria de Andaluc\u00eda (modalidad 2 Escuelas de Verano) aprobado mediante Orden de 21 de mayo de 2025, por la que se convocan subvenciones, en r\u00e9gimen de concurrencia competitiva, en materia de personas mayores, personas con discapacidad, comunidad gitana, personas migrantes, personas sin hogar, solidaridad y garant\u00eda alimentaria de Andaluc\u00eda, igualdad de trato y no discriminaci\u00f3n de las personas LGTBI, acci\u00f3n social, voluntariado, participaci\u00f3n ciudadana, investigaci\u00f3n e innovaci\u00f3n social, en el \u00e1mbito de esta Consejer\u00eda, para el ejercicio 2025."},"content":{"rendered":"<p><strong>Bolet\u00edn: <\/strong>BOJA n\u00ba 112 de 2025<\/p>\n<p><strong>Organismo: <\/strong>Consejer\u00eda de Inclusi\u00f3n Social, Juventud, Familias e\u00a0Igualdad<\/p>\n<p><strong>Administraci\u00f3n: <\/strong>1. Disposiciones generales<\/p>\n<p><strong>Secci\u00f3n: <\/strong><\/p>\n<p><a href=\"http:\/\/www.juntadeandalucia.es\/boja\/2025\/112\/BOJA25-112-00002-8370-01_00321969.pdf\">Descargar la disposici\u00f3n en PDF<\/a><\/p>","protected":false},"excerpt":{"rendered":"<p>Bolet\u00edn: BOJA n\u00ba 112 de 2025 Organismo: Consejer\u00eda de Inclusi\u00f3n Social, Juventud, Familias e\u00a0Igualdad Administraci\u00f3n: 1. Disposiciones generales Secci\u00f3n: Descargar la disposici\u00f3n en PDF<\/p>\n","protected":false},"author":5,"featured_media":0,"comment_status":"","ping_status":"","sticky":false,"template":"","format":"standard","meta":{"site-sidebar-layout":"default","site-content-layout":"","ast-site-content-layout":"default","site-content-style":"default","site-sidebar-style":"default","ast-global-header-display":"","ast-banner-title-visibility":"","ast-main-header-display":"","ast-hfb-above-header-display":"","ast-hfb-below-header-display":"","ast-hfb-mobile-header-display":"","site-post-title":"","ast-breadcrumbs-content":"","ast-featured-img":"","footer-sml-layout":"","ast-disable-related-posts":"","theme-transparent-header-meta":"","adv-header-id-meta":"","stick-header-meta":"","header-above-stick-meta":"","header-main-stick-meta":"","header-below-stick-meta":"","astra-migrate-meta-layouts":"default","ast-page-background-enabled":"default","ast-page-background-meta":{"desktop":{"background-color":"var(--ast-global-color-4)","background-image":"","background-repeat":"repeat","background-position":"center center","background-size":"auto","background-attachment":"scroll","background-type":"","background-media":"","overlay-type":"","overlay-color":"","overlay-opacity":"","overlay-gradient":""},"tablet":{"background-color":"","background-image":"","background-repeat":"repeat","background-position":"center center","background-size":"auto","background-attachment":"scroll","background-type":"","background-media":"","overlay-type":"","overlay-color":"","overlay-opacity":"","overlay-gradient":""},"mobile":{"background-color":"","background-image":"","background-repeat":"repeat","background-position":"center center","background-size":"auto","background-attachment":"scroll","background-type":"","background-media":"","overlay-type":"","overlay-color":"","overlay-opacity":"","overlay-gradient":""}},"ast-content-background-meta":{"desktop":{"background-color":"var(--ast-global-color-5)","background-image":"","background-repeat":"repeat","background-position":"center center","background-size":"auto","background-attachment":"scroll","background-type":"","background-media":"","overlay-type":"","overlay-color":"","overlay-opacity":"","overlay-gradient":""},"tablet":{"background-color":"var(--ast-global-color-5)","background-image":"","background-repeat":"repeat","background-position":"center center","background-size":"auto","background-attachment":"scroll","background-type":"","background-media":"","overlay-type":"","overlay-color":"","overlay-opacity":"","overlay-gradient":""},"mobile":{"background-color":"var(--ast-global-color-5)","background-image":"","background-repeat":"repeat","background-position":"center center","background-size":"auto","background-attachment":"scroll","background-type":"","background-media":"","overlay-type":"","overlay-color":"","overlay-opacity":"","overlay-gradient":""}},"footnotes":""},"categories":[4,6],"tags":[],"class_list":["post-131833","post","type-post","status-publish","format-standard","hentry","category-legislacion","category-publicaciones"],"yoast_head":"<!-- This site is optimized with the Yoast SEO Premium plugin v20.9 (Yoast SEO v27.4) - https:\/\/yoast.com\/product\/yoast-seo-premium-wordpress\/ -->\n<title>Orden de 10 de junio de 2025, por la que se acuerda la aplicaci\u00f3n de la tramitaci\u00f3n de urgencia al procedimiento de concesi\u00f3n de la L\u00ednea 7 de subvenciones a entidades privadas para programas que se desarrollen en el marco de la Solidaridad y Garant\u00eda Alimentaria de Andaluc\u00eda (modalidad 2 Escuelas de Verano) aprobado mediante Orden de 21 de mayo de 2025, por la que se convocan subvenciones, en r\u00e9gimen de concurrencia competitiva, en materia de personas mayores, personas con discapacidad, comunidad gitana, personas migrantes, personas sin hogar, solidaridad y garant\u00eda alimentaria de Andaluc\u00eda, igualdad de trato y no discriminaci\u00f3n de las personas LGTBI, acci\u00f3n social, voluntariado, participaci\u00f3n ciudadana, investigaci\u00f3n e innovaci\u00f3n social, en el \u00e1mbito de esta Consejer\u00eda, para el ejercicio 2025. - bip4ex<\/title>\n<meta name=\"robots\" content=\"index, follow, max-snippet:-1, max-image-preview:large, max-video-preview:-1\" \/>\n<link rel=\"canonical\" href=\"https:\/\/helloproject.es\/vigilancia\/orden-de-10-de-junio-de-2025-por-la-que-se-acuerda-la-aplicacion-de-la-tramitacion-de-urgencia-al-procedimiento-de-concesion-de-la-linea-7-de-subvenciones-a-entidades-privadas-para-programas-que-se-d\/\" \/>\n<meta property=\"og:locale\" content=\"es_ES\" \/>\n<meta property=\"og:type\" content=\"article\" \/>\n<meta property=\"og:title\" content=\"Orden de 10 de junio de 2025, por la que se acuerda la aplicaci\u00f3n de la tramitaci\u00f3n de urgencia al procedimiento de concesi\u00f3n de la L\u00ednea 7 de subvenciones a entidades privadas para programas que se desarrollen en el marco de la Solidaridad y Garant\u00eda Alimentaria de Andaluc\u00eda (modalidad 2 Escuelas de Verano) aprobado mediante Orden de 21 de mayo de 2025, por la que se convocan subvenciones, en r\u00e9gimen de concurrencia competitiva, en materia de personas mayores, personas con discapacidad, comunidad gitana, personas migrantes, personas sin hogar, solidaridad y garant\u00eda alimentaria de Andaluc\u00eda, igualdad de trato y no discriminaci\u00f3n de las personas LGTBI, acci\u00f3n social, voluntariado, participaci\u00f3n ciudadana, investigaci\u00f3n e innovaci\u00f3n social, en el \u00e1mbito de esta Consejer\u00eda, para el ejercicio 2025.\" \/>\n<meta property=\"og:description\" content=\"Bolet\u00edn: BOJA n\u00ba 112 de 2025 Organismo: Consejer\u00eda de Inclusi\u00f3n Social, Juventud, Familias e\u00a0Igualdad Administraci\u00f3n: 1. Disposiciones generales Secci\u00f3n: Descargar la disposici\u00f3n en PDF\" \/>\n<meta property=\"og:url\" content=\"https:\/\/helloproject.es\/vigilancia\/orden-de-10-de-junio-de-2025-por-la-que-se-acuerda-la-aplicacion-de-la-tramitacion-de-urgencia-al-procedimiento-de-concesion-de-la-linea-7-de-subvenciones-a-entidades-privadas-para-programas-que-se-d\/\" \/>\n<meta property=\"og:site_name\" content=\"bip4ex\" \/>\n<meta property=\"article:published_time\" content=\"2025-06-12T22:28:54+00:00\" \/>\n<meta name=\"author\" content=\"Luis Miguel Mej\u00edas Ramos\" \/>\n<meta name=\"twitter:card\" content=\"summary_large_image\" \/>\n<meta name=\"twitter:label1\" content=\"Escrito por\" \/>\n\t<meta name=\"twitter:data1\" content=\"Luis Miguel Mej\u00edas Ramos\" \/>\n<script type=\"application\/ld+json\" class=\"yoast-schema-graph\">{\"@context\":\"https:\\\/\\\/schema.org\",\"@graph\":[{\"@type\":\"Article\",\"@id\":\"https:\\\/\\\/helloproject.es\\\/vigilancia\\\/orden-de-10-de-junio-de-2025-por-la-que-se-acuerda-la-aplicacion-de-la-tramitacion-de-urgencia-al-procedimiento-de-concesion-de-la-linea-7-de-subvenciones-a-entidades-privadas-para-programas-que-se-d\\\/#article\",\"isPartOf\":{\"@id\":\"https:\\\/\\\/helloproject.es\\\/vigilancia\\\/orden-de-10-de-junio-de-2025-por-la-que-se-acuerda-la-aplicacion-de-la-tramitacion-de-urgencia-al-procedimiento-de-concesion-de-la-linea-7-de-subvenciones-a-entidades-privadas-para-programas-que-se-d\\\/\"},\"author\":{\"name\":\"Luis Miguel Mej\u00edas Ramos\",\"@id\":\"https:\\\/\\\/helloproject.es\\\/vigilancia\\\/#\\\/schema\\\/person\\\/3767b0619d59a11570372c821f8619ca\"},\"headline\":\"Orden de 10 de junio de 2025, por la que se acuerda la aplicaci\u00f3n de la tramitaci\u00f3n de urgencia al procedimiento de concesi\u00f3n de la L\u00ednea 7 de subvenciones a entidades privadas para programas que se desarrollen en el marco de la Solidaridad y Garant\u00eda Alimentaria de Andaluc\u00eda (modalidad 2 Escuelas de Verano) aprobado mediante Orden de 21 de mayo de 2025, por la que se convocan subvenciones, en r\u00e9gimen de concurrencia competitiva, en materia de personas mayores, personas con discapacidad, comunidad gitana, personas migrantes, personas sin hogar, solidaridad y garant\u00eda alimentaria de Andaluc\u00eda, igualdad de trato y no discriminaci\u00f3n de las personas LGTBI, acci\u00f3n social, voluntariado, participaci\u00f3n ciudadana, investigaci\u00f3n e innovaci\u00f3n social, en el \u00e1mbito de esta Consejer\u00eda, para el ejercicio 2025.\",\"datePublished\":\"2025-06-12T22:28:54+00:00\",\"mainEntityOfPage\":{\"@id\":\"https:\\\/\\\/helloproject.es\\\/vigilancia\\\/orden-de-10-de-junio-de-2025-por-la-que-se-acuerda-la-aplicacion-de-la-tramitacion-de-urgencia-al-procedimiento-de-concesion-de-la-linea-7-de-subvenciones-a-entidades-privadas-para-programas-que-se-d\\\/\"},\"wordCount\":159,\"publisher\":{\"@id\":\"https:\\\/\\\/helloproject.es\\\/vigilancia\\\/#organization\"},\"articleSection\":[\"Legislacion\",\"Publicaciones\"],\"inLanguage\":\"es\"},{\"@type\":\"WebPage\",\"@id\":\"https:\\\/\\\/helloproject.es\\\/vigilancia\\\/orden-de-10-de-junio-de-2025-por-la-que-se-acuerda-la-aplicacion-de-la-tramitacion-de-urgencia-al-procedimiento-de-concesion-de-la-linea-7-de-subvenciones-a-entidades-privadas-para-programas-que-se-d\\\/\",\"url\":\"https:\\\/\\\/helloproject.es\\\/vigilancia\\\/orden-de-10-de-junio-de-2025-por-la-que-se-acuerda-la-aplicacion-de-la-tramitacion-de-urgencia-al-procedimiento-de-concesion-de-la-linea-7-de-subvenciones-a-entidades-privadas-para-programas-que-se-d\\\/\",\"name\":\"Orden de 10 de junio de 2025, por la que se acuerda la aplicaci\u00f3n de la tramitaci\u00f3n de urgencia al procedimiento de concesi\u00f3n de la L\u00ednea 7 de subvenciones a entidades privadas para programas que se desarrollen en el marco de la Solidaridad y Garant\u00eda Alimentaria de Andaluc\u00eda (modalidad 2 Escuelas de Verano) aprobado mediante Orden de 21 de mayo de 2025, por la que se convocan subvenciones, en r\u00e9gimen de concurrencia competitiva, en materia de personas mayores, personas con discapacidad, comunidad gitana, personas migrantes, personas sin hogar, solidaridad y garant\u00eda alimentaria de Andaluc\u00eda, igualdad de trato y no discriminaci\u00f3n de las personas LGTBI, acci\u00f3n social, voluntariado, participaci\u00f3n ciudadana, investigaci\u00f3n e innovaci\u00f3n social, en el \u00e1mbito de esta Consejer\u00eda, para el ejercicio 2025. - bip4ex\",\"isPartOf\":{\"@id\":\"https:\\\/\\\/helloproject.es\\\/vigilancia\\\/#website\"},\"datePublished\":\"2025-06-12T22:28:54+00:00\",\"breadcrumb\":{\"@id\":\"https:\\\/\\\/helloproject.es\\\/vigilancia\\\/orden-de-10-de-junio-de-2025-por-la-que-se-acuerda-la-aplicacion-de-la-tramitacion-de-urgencia-al-procedimiento-de-concesion-de-la-linea-7-de-subvenciones-a-entidades-privadas-para-programas-que-se-d\\\/#breadcrumb\"},\"inLanguage\":\"es\",\"potentialAction\":[{\"@type\":\"ReadAction\",\"target\":[\"https:\\\/\\\/helloproject.es\\\/vigilancia\\\/orden-de-10-de-junio-de-2025-por-la-que-se-acuerda-la-aplicacion-de-la-tramitacion-de-urgencia-al-procedimiento-de-concesion-de-la-linea-7-de-subvenciones-a-entidades-privadas-para-programas-que-se-d\\\/\"]}]},{\"@type\":\"BreadcrumbList\",\"@id\":\"https:\\\/\\\/helloproject.es\\\/vigilancia\\\/orden-de-10-de-junio-de-2025-por-la-que-se-acuerda-la-aplicacion-de-la-tramitacion-de-urgencia-al-procedimiento-de-concesion-de-la-linea-7-de-subvenciones-a-entidades-privadas-para-programas-que-se-d\\\/#breadcrumb\",\"itemListElement\":[{\"@type\":\"ListItem\",\"position\":1,\"name\":\"Home\",\"item\":\"https:\\\/\\\/helloproject.es\\\/vigilancia\\\/\"},{\"@type\":\"ListItem\",\"position\":2,\"name\":\"Orden de 10 de junio de 2025, por la que se acuerda la aplicaci\u00f3n de la tramitaci\u00f3n de urgencia al procedimiento de concesi\u00f3n de la L\u00ednea 7 de subvenciones a entidades privadas para programas que se desarrollen en el marco de la Solidaridad y Garant\u00eda Alimentaria de Andaluc\u00eda (modalidad 2 Escuelas de Verano) aprobado mediante Orden de 21 de mayo de 2025, por la que se convocan subvenciones, en r\u00e9gimen de concurrencia competitiva, en materia de personas mayores, personas con discapacidad, comunidad gitana, personas migrantes, personas sin hogar, solidaridad y garant\u00eda alimentaria de Andaluc\u00eda, igualdad de trato y no discriminaci\u00f3n de las personas LGTBI, acci\u00f3n social, voluntariado, participaci\u00f3n ciudadana, investigaci\u00f3n e innovaci\u00f3n social, en el \u00e1mbito de esta Consejer\u00eda, para el ejercicio 2025.\"}]},{\"@type\":\"WebSite\",\"@id\":\"https:\\\/\\\/helloproject.es\\\/vigilancia\\\/#website\",\"url\":\"https:\\\/\\\/helloproject.es\\\/vigilancia\\\/\",\"name\":\"bip4ex\",\"description\":\"Vigilancia Tecnol\u00f3gica\",\"publisher\":{\"@id\":\"https:\\\/\\\/helloproject.es\\\/vigilancia\\\/#organization\"},\"potentialAction\":[{\"@type\":\"SearchAction\",\"target\":{\"@type\":\"EntryPoint\",\"urlTemplate\":\"https:\\\/\\\/helloproject.es\\\/vigilancia\\\/?s={search_term_string}\"},\"query-input\":{\"@type\":\"PropertyValueSpecification\",\"valueRequired\":true,\"valueName\":\"search_term_string\"}}],\"inLanguage\":\"es\"},{\"@type\":\"Organization\",\"@id\":\"https:\\\/\\\/helloproject.es\\\/vigilancia\\\/#organization\",\"name\":\"Helloproject.es\",\"url\":\"https:\\\/\\\/helloproject.es\\\/vigilancia\\\/\",\"logo\":{\"@type\":\"ImageObject\",\"inLanguage\":\"es\",\"@id\":\"https:\\\/\\\/helloproject.es\\\/vigilancia\\\/#\\\/schema\\\/logo\\\/image\\\/\",\"url\":\"https:\\\/\\\/helloproject.es\\\/vigilancia\\\/wp-content\\\/uploads\\\/2023\\\/07\\\/bip4ex.png\",\"contentUrl\":\"https:\\\/\\\/helloproject.es\\\/vigilancia\\\/wp-content\\\/uploads\\\/2023\\\/07\\\/bip4ex.png\",\"width\":322,\"height\":365,\"caption\":\"Helloproject.es\"},\"image\":{\"@id\":\"https:\\\/\\\/helloproject.es\\\/vigilancia\\\/#\\\/schema\\\/logo\\\/image\\\/\"}},{\"@type\":\"Person\",\"@id\":\"https:\\\/\\\/helloproject.es\\\/vigilancia\\\/#\\\/schema\\\/person\\\/3767b0619d59a11570372c821f8619ca\",\"name\":\"Luis Miguel Mej\u00edas Ramos\",\"url\":\"https:\\\/\\\/helloproject.es\\\/vigilancia\\\/author\\\/luismi\\\/\"}]}<\/script>\n<!-- \/ Yoast SEO Premium plugin. -->","yoast_head_json":{"title":"Orden de 10 de junio de 2025, por la que se acuerda la aplicaci\u00f3n de la tramitaci\u00f3n de urgencia al procedimiento de concesi\u00f3n de la L\u00ednea 7 de subvenciones a entidades privadas para programas que se desarrollen en el marco de la Solidaridad y Garant\u00eda Alimentaria de Andaluc\u00eda (modalidad 2 Escuelas de Verano) aprobado mediante Orden de 21 de mayo de 2025, por la que se convocan subvenciones, en r\u00e9gimen de concurrencia competitiva, en materia de personas mayores, personas con discapacidad, comunidad gitana, personas migrantes, personas sin hogar, solidaridad y garant\u00eda alimentaria de Andaluc\u00eda, igualdad de trato y no discriminaci\u00f3n de las personas LGTBI, acci\u00f3n social, voluntariado, participaci\u00f3n ciudadana, investigaci\u00f3n e innovaci\u00f3n social, en el \u00e1mbito de esta Consejer\u00eda, para el ejercicio 2025. - bip4ex","robots":{"index":"index","follow":"follow","max-snippet":"max-snippet:-1","max-image-preview":"max-image-preview:large","max-video-preview":"max-video-preview:-1"},"canonical":"https:\/\/helloproject.es\/vigilancia\/orden-de-10-de-junio-de-2025-por-la-que-se-acuerda-la-aplicacion-de-la-tramitacion-de-urgencia-al-procedimiento-de-concesion-de-la-linea-7-de-subvenciones-a-entidades-privadas-para-programas-que-se-d\/","og_locale":"es_ES","og_type":"article","og_title":"Orden de 10 de junio de 2025, por la que se acuerda la aplicaci\u00f3n de la tramitaci\u00f3n de urgencia al procedimiento de concesi\u00f3n de la L\u00ednea 7 de subvenciones a entidades privadas para programas que se desarrollen en el marco de la Solidaridad y Garant\u00eda Alimentaria de Andaluc\u00eda (modalidad 2 Escuelas de Verano) aprobado mediante Orden de 21 de mayo de 2025, por la que se convocan subvenciones, en r\u00e9gimen de concurrencia competitiva, en materia de personas mayores, personas con discapacidad, comunidad gitana, personas migrantes, personas sin hogar, solidaridad y garant\u00eda alimentaria de Andaluc\u00eda, igualdad de trato y no discriminaci\u00f3n de las personas LGTBI, acci\u00f3n social, voluntariado, participaci\u00f3n ciudadana, investigaci\u00f3n e innovaci\u00f3n social, en el \u00e1mbito de esta Consejer\u00eda, para el ejercicio 2025.","og_description":"Bolet\u00edn: BOJA n\u00ba 112 de 2025 Organismo: Consejer\u00eda de Inclusi\u00f3n Social, Juventud, Familias e\u00a0Igualdad Administraci\u00f3n: 1. Disposiciones generales Secci\u00f3n: Descargar la disposici\u00f3n en PDF","og_url":"https:\/\/helloproject.es\/vigilancia\/orden-de-10-de-junio-de-2025-por-la-que-se-acuerda-la-aplicacion-de-la-tramitacion-de-urgencia-al-procedimiento-de-concesion-de-la-linea-7-de-subvenciones-a-entidades-privadas-para-programas-que-se-d\/","og_site_name":"bip4ex","article_published_time":"2025-06-12T22:28:54+00:00","author":"Luis Miguel Mej\u00edas Ramos","twitter_card":"summary_large_image","twitter_misc":{"Escrito por":"Luis Miguel Mej\u00edas Ramos"},"schema":{"@context":"https:\/\/schema.org","@graph":[{"@type":"Article","@id":"https:\/\/helloproject.es\/vigilancia\/orden-de-10-de-junio-de-2025-por-la-que-se-acuerda-la-aplicacion-de-la-tramitacion-de-urgencia-al-procedimiento-de-concesion-de-la-linea-7-de-subvenciones-a-entidades-privadas-para-programas-que-se-d\/#article","isPartOf":{"@id":"https:\/\/helloproject.es\/vigilancia\/orden-de-10-de-junio-de-2025-por-la-que-se-acuerda-la-aplicacion-de-la-tramitacion-de-urgencia-al-procedimiento-de-concesion-de-la-linea-7-de-subvenciones-a-entidades-privadas-para-programas-que-se-d\/"},"author":{"name":"Luis Miguel Mej\u00edas Ramos","@id":"https:\/\/helloproject.es\/vigilancia\/#\/schema\/person\/3767b0619d59a11570372c821f8619ca"},"headline":"Orden de 10 de junio de 2025, por la que se acuerda la aplicaci\u00f3n de la tramitaci\u00f3n de urgencia al procedimiento de concesi\u00f3n de la L\u00ednea 7 de subvenciones a entidades privadas para programas que se desarrollen en el marco de la Solidaridad y Garant\u00eda Alimentaria de Andaluc\u00eda (modalidad 2 Escuelas de Verano) aprobado mediante Orden de 21 de mayo de 2025, por la que se convocan subvenciones, en r\u00e9gimen de concurrencia competitiva, en materia de personas mayores, personas con discapacidad, comunidad gitana, personas migrantes, personas sin hogar, solidaridad y garant\u00eda alimentaria de Andaluc\u00eda, igualdad de trato y no discriminaci\u00f3n de las personas LGTBI, acci\u00f3n social, voluntariado, participaci\u00f3n ciudadana, investigaci\u00f3n e innovaci\u00f3n social, en el \u00e1mbito de esta Consejer\u00eda, para el ejercicio 2025.","datePublished":"2025-06-12T22:28:54+00:00","mainEntityOfPage":{"@id":"https:\/\/helloproject.es\/vigilancia\/orden-de-10-de-junio-de-2025-por-la-que-se-acuerda-la-aplicacion-de-la-tramitacion-de-urgencia-al-procedimiento-de-concesion-de-la-linea-7-de-subvenciones-a-entidades-privadas-para-programas-que-se-d\/"},"wordCount":159,"publisher":{"@id":"https:\/\/helloproject.es\/vigilancia\/#organization"},"articleSection":["Legislacion","Publicaciones"],"inLanguage":"es"},{"@type":"WebPage","@id":"https:\/\/helloproject.es\/vigilancia\/orden-de-10-de-junio-de-2025-por-la-que-se-acuerda-la-aplicacion-de-la-tramitacion-de-urgencia-al-procedimiento-de-concesion-de-la-linea-7-de-subvenciones-a-entidades-privadas-para-programas-que-se-d\/","url":"https:\/\/helloproject.es\/vigilancia\/orden-de-10-de-junio-de-2025-por-la-que-se-acuerda-la-aplicacion-de-la-tramitacion-de-urgencia-al-procedimiento-de-concesion-de-la-linea-7-de-subvenciones-a-entidades-privadas-para-programas-que-se-d\/","name":"Orden de 10 de junio de 2025, por la que se acuerda la aplicaci\u00f3n de la tramitaci\u00f3n de urgencia al procedimiento de concesi\u00f3n de la L\u00ednea 7 de subvenciones a entidades privadas para programas que se desarrollen en el marco de la Solidaridad y Garant\u00eda Alimentaria de Andaluc\u00eda (modalidad 2 Escuelas de Verano) aprobado mediante Orden de 21 de mayo de 2025, por la que se convocan subvenciones, en r\u00e9gimen de concurrencia competitiva, en materia de personas mayores, personas con discapacidad, comunidad gitana, personas migrantes, personas sin hogar, solidaridad y garant\u00eda alimentaria de Andaluc\u00eda, igualdad de trato y no discriminaci\u00f3n de las personas LGTBI, acci\u00f3n social, voluntariado, participaci\u00f3n ciudadana, investigaci\u00f3n e innovaci\u00f3n social, en el \u00e1mbito de esta Consejer\u00eda, para el ejercicio 2025. - bip4ex","isPartOf":{"@id":"https:\/\/helloproject.es\/vigilancia\/#website"},"datePublished":"2025-06-12T22:28:54+00:00","breadcrumb":{"@id":"https:\/\/helloproject.es\/vigilancia\/orden-de-10-de-junio-de-2025-por-la-que-se-acuerda-la-aplicacion-de-la-tramitacion-de-urgencia-al-procedimiento-de-concesion-de-la-linea-7-de-subvenciones-a-entidades-privadas-para-programas-que-se-d\/#breadcrumb"},"inLanguage":"es","potentialAction":[{"@type":"ReadAction","target":["https:\/\/helloproject.es\/vigilancia\/orden-de-10-de-junio-de-2025-por-la-que-se-acuerda-la-aplicacion-de-la-tramitacion-de-urgencia-al-procedimiento-de-concesion-de-la-linea-7-de-subvenciones-a-entidades-privadas-para-programas-que-se-d\/"]}]},{"@type":"BreadcrumbList","@id":"https:\/\/helloproject.es\/vigilancia\/orden-de-10-de-junio-de-2025-por-la-que-se-acuerda-la-aplicacion-de-la-tramitacion-de-urgencia-al-procedimiento-de-concesion-de-la-linea-7-de-subvenciones-a-entidades-privadas-para-programas-que-se-d\/#breadcrumb","itemListElement":[{"@type":"ListItem","position":1,"name":"Home","item":"https:\/\/helloproject.es\/vigilancia\/"},{"@type":"ListItem","position":2,"name":"Orden de 10 de junio de 2025, por la que se acuerda la aplicaci\u00f3n de la tramitaci\u00f3n de urgencia al procedimiento de concesi\u00f3n de la L\u00ednea 7 de subvenciones a entidades privadas para programas que se desarrollen en el marco de la Solidaridad y Garant\u00eda Alimentaria de Andaluc\u00eda (modalidad 2 Escuelas de Verano) aprobado mediante Orden de 21 de mayo de 2025, por la que se convocan subvenciones, en r\u00e9gimen de concurrencia competitiva, en materia de personas mayores, personas con discapacidad, comunidad gitana, personas migrantes, personas sin hogar, solidaridad y garant\u00eda alimentaria de Andaluc\u00eda, igualdad de trato y no discriminaci\u00f3n de las personas LGTBI, acci\u00f3n social, voluntariado, participaci\u00f3n ciudadana, investigaci\u00f3n e innovaci\u00f3n social, en el \u00e1mbito de esta Consejer\u00eda, para el ejercicio 2025."}]},{"@type":"WebSite","@id":"https:\/\/helloproject.es\/vigilancia\/#website","url":"https:\/\/helloproject.es\/vigilancia\/","name":"bip4ex","description":"Vigilancia Tecnol\u00f3gica","publisher":{"@id":"https:\/\/helloproject.es\/vigilancia\/#organization"},"potentialAction":[{"@type":"SearchAction","target":{"@type":"EntryPoint","urlTemplate":"https:\/\/helloproject.es\/vigilancia\/?s={search_term_string}"},"query-input":{"@type":"PropertyValueSpecification","valueRequired":true,"valueName":"search_term_string"}}],"inLanguage":"es"},{"@type":"Organization","@id":"https:\/\/helloproject.es\/vigilancia\/#organization","name":"Helloproject.es","url":"https:\/\/helloproject.es\/vigilancia\/","logo":{"@type":"ImageObject","inLanguage":"es","@id":"https:\/\/helloproject.es\/vigilancia\/#\/schema\/logo\/image\/","url":"https:\/\/helloproject.es\/vigilancia\/wp-content\/uploads\/2023\/07\/bip4ex.png","contentUrl":"https:\/\/helloproject.es\/vigilancia\/wp-content\/uploads\/2023\/07\/bip4ex.png","width":322,"height":365,"caption":"Helloproject.es"},"image":{"@id":"https:\/\/helloproject.es\/vigilancia\/#\/schema\/logo\/image\/"}},{"@type":"Person","@id":"https:\/\/helloproject.es\/vigilancia\/#\/schema\/person\/3767b0619d59a11570372c821f8619ca","name":"Luis Miguel Mej\u00edas Ramos","url":"https:\/\/helloproject.es\/vigilancia\/author\/luismi\/"}]}},"_links":{"self":[{"href":"https:\/\/helloproject.es\/vigilancia\/wp-json\/wp\/v2\/posts\/131833","targetHints":{"allow":["GET"]}}],"collection":[{"href":"https:\/\/helloproject.es\/vigilancia\/wp-json\/wp\/v2\/posts"}],"about":[{"href":"https:\/\/helloproject.es\/vigilancia\/wp-json\/wp\/v2\/types\/post"}],"author":[{"embeddable":true,"href":"https:\/\/helloproject.es\/vigilancia\/wp-json\/wp\/v2\/users\/5"}],"replies":[{"embeddable":true,"href":"https:\/\/helloproject.es\/vigilancia\/wp-json\/wp\/v2\/comments?post=131833"}],"version-history":[{"count":0,"href":"https:\/\/helloproject.es\/vigilancia\/wp-json\/wp\/v2\/posts\/131833\/revisions"}],"wp:attachment":[{"href":"https:\/\/helloproject.es\/vigilancia\/wp-json\/wp\/v2\/media?parent=131833"}],"wp:term":[{"taxonomy":"category","embeddable":true,"href":"https:\/\/helloproject.es\/vigilancia\/wp-json\/wp\/v2\/categories?post=131833"},{"taxonomy":"post_tag","embeddable":true,"href":"https:\/\/helloproject.es\/vigilancia\/wp-json\/wp\/v2\/tags?post=131833"}],"curies":[{"name":"wp","href":"https:\/\/api.w.org\/{rel}","templated":true}]}}