{"id":132053,"date":"2025-06-13T07:28:09","date_gmt":"2025-06-13T06:28:09","guid":{"rendered":"https:\/\/helloproject.es\/vigilancia\/relacionan-la-contaminacion-del-aire-con-cambios-en-el-desarrollo-cerebral-fetal\/"},"modified":"2025-06-13T07:28:09","modified_gmt":"2025-06-13T06:28:09","slug":"relacionan-la-contaminacion-del-aire-con-cambios-en-el-desarrollo-cerebral-fetal","status":"publish","type":"post","link":"https:\/\/helloproject.es\/vigilancia\/relacionan-la-contaminacion-del-aire-con-cambios-en-el-desarrollo-cerebral-fetal\/","title":{"rendered":"Relacionan la contaminaci\u00f3n del aire con cambios en el desarrollo cerebral fetal"},"content":{"rendered":"<p>Por primera vez, una investigaci\u00f3n analiza c\u00f3mo las impurezas presentes en el aire podr\u00edan influir en el desarrollo del cerebro fetal. El an\u00e1lisis de m\u00e1s de 700 embarazos revela que los fetos con mayor exposici\u00f3n a determinados contaminantes atmosf\u00e9ricos presentan cambios en el tama\u00f1o de varias estructuras cerebrales, sobre todo durante el\u00a0segundo y tercer trimestre de gestaci\u00f3n.<\/p>\n<p>Los datos, obtenidos entre 2018 y 2021 en el marco del proyecto BiSC (Barcelona Life Study Cohort), han permitido observar estas asociaciones en 754 parejas de madres y fetos. El estudio ha sido liderado por el Instituto de Salud Global de Barcelona (ISGlobal) y publicado en The Lancet Planetary Health.<\/p>\n<p>En el tercer trimestre de gestaci\u00f3n, las participantes se sometieron a una neurosonograf\u00eda transvaginal, una ecograf\u00eda avanzada que permite examinar con detalle la morfolog\u00eda y las estructuras del cerebro fetal. Para estimar la exposici\u00f3n al di\u00f3xido de nitr\u00f3geno (NO\u2082), las part\u00edculas finas (PM2.5) y el carbono negro, se emplearon modelos h\u00edbridos que integran datos de mediciones reales con t\u00e9cnicas estad\u00edsticas sofisticadas.<\/p>\n<p>Adem\u00e1s, se recopilaron patrones de movilidad mediante una aplicaci\u00f3n de geolocalizaci\u00f3n instalada en los tel\u00e9fonos m\u00f3viles de las participantes. Esto permiti\u00f3 definir tres microambientes clave: el hogar, el lugar de trabajo y las rutas de desplazamiento diario.<\/p>\n<p><a><\/a><\/p>\n<h2>Principales cambios observados<\/h2>\n<p>El equipo investigador observ\u00f3 que la exposici\u00f3n prenatal a NO\u2082, PM2.5 y carbono negro en todos los microambientes mencionados se asoci\u00f3 con un aumento en el volumen de varias cavidades cerebrales que contienen l\u00edquido cefalorraqu\u00eddeo.<\/p>\n<p>Los resultados del estudio mostraron una asociaci\u00f3n entre una mayor exposici\u00f3n al carbono negro y una reducci\u00f3n en la profundidad del surco lateral, lo que podr\u00eda sugerir una menor maduraci\u00f3n cerebral<\/p>\n<p>En concreto, se identificaron asociaciones directas entre la exposici\u00f3n a estos contaminantes y el aumento del volumen de los\u00a0ventr\u00edculos laterales, ubicados en cada hemisferio cerebral, as\u00ed como una dilataci\u00f3n de la cisterna magna, una cavidad situada en la parte inferior del cerebro.<\/p>\n<p>Tambi\u00e9n se detect\u00f3 un aumento en el grosor del vermis cerebeloso, la parte central del cerebelo, esencial para el equilibrio y la coordinaci\u00f3n motora.<\/p>\n<p>Los resultados del estudio tambi\u00e9n mostraron una asociaci\u00f3n entre una mayor exposici\u00f3n al carbono negro y una reducci\u00f3n en la profundidad del surco lateral (tambi\u00e9n conocido como cisura de Silvio). Este surco profundo atraviesa el cerebro, lo que podr\u00eda sugerir una menor maduraci\u00f3n cerebral.<\/p>\n<p><a><\/a><\/p>\n<h2>Fases m\u00e1s vulnerables<\/h2>\n<p>Las asociaciones entre la exposici\u00f3n a la contaminaci\u00f3n del aire y los cambios en la morfolog\u00eda de estas estructuras cerebrales fueron m\u00e1s fuertes durante el segundo y tercer trimestre del embarazo.<\/p>\n<p>\u201cDurante la mitad y el final de la gestaci\u00f3n, el cerebro fetal entra en una fase clave de su desarrollo, lo que lo hace particularmente vulnerable a factores externos como la contaminaci\u00f3n\u201d, explica Payam Dadvand, doctor en epidemiolog\u00eda ambiental y autor s\u00e9nior del estudio.<\/p>\n<p><img decoding=\"async\" src=\"https:\/\/www.agenciasinc.es\/bundles\/app\/images\/quotebefore.png\" \/><\/p>\n<p>Durante la mitad y el final de la gestaci\u00f3n, el cerebro fetal entra en una fase clave de su desarrollo, lo que lo hace particularmente vulnerable a factores externos como la contaminaci\u00f3n<\/p>\n<p>Payam Dadvand, doctor en epidemiolog\u00eda ambiental<br \/>\n<img decoding=\"async\" src=\"https:\/\/www.agenciasinc.es\/bundles\/app\/images\/quoteafter.png\" \/><\/p>\n<p>Elisa Llurba y\u00a0Lola G\u00f3mez-Roig, m\u00e9dicas del Hospital de Sant Pau y del BCNatal-Hospital Sant Joan de D\u00e9u, respectivamente, y coautoras del estudio, se\u00f1alaron que, como profesionales de la salud, ahora disponen de pruebas convincentes de que incluso en embarazos que parecen sanos seg\u00fan todos los criterios convencionales.<\/p>\n<p>Por lo tanto, \u201cfactores como la contaminaci\u00f3n atmosf\u00e9rica pueden afectar sutilmente al desarrollo cerebral del feto. Estos hallazgos subrayan la importancia de aumentar la concienciaci\u00f3n y la educaci\u00f3n, tanto en la comunidad sanitaria como en toda la sociedad\u201d, a\u00f1aden.<\/p>\n<p><a><\/a><\/p>\n<h2>Necesidad de una perspectiva poblacional<\/h2>\n<p>Los efectos observados no implican que los ni\u00f1os participantes en el proyecto BiSC presenten alteraciones cerebrales patol\u00f3gicas. De hecho, todas las mediciones de las estructuras cerebrales de los participantes est\u00e1n dentro del rango considerado normal.<\/p>\n<p>\u201cLa cuesti\u00f3n es que estas diferencias, aunque peque\u00f1as a nivel individual, son relevantes desde una perspectiva poblacional, ya que nos informan sobre c\u00f3mo la contaminaci\u00f3n afecta al cerebro fetal y de su vulnerabilidad ante exposiciones ambientales\u201d, se\u00f1ala Laura G\u00f3mez-Herrera, investigadora de ISGlobal y coautora principal del estudio.<\/p>\n<p>Los efectos observados no implican que los ni\u00f1os presenten alteraciones cerebrales patol\u00f3gicas. Todas las mediciones de las estructuras cerebrales de los participantes est\u00e1n dentro del rango considerado normal<\/p>\n<p>Los autores destacan la necesidad de realizar m\u00e1s estudios para confirmar estos hallazgos y estudiar sus posibles consecuencias a largo plazo. \u201cPor ahora, solo podemos confirmar que hemos observado diferencias en los cerebros de los fetos con mayor exposici\u00f3n a la contaminaci\u00f3n en comparaci\u00f3n con aquellos con menor exposici\u00f3n\u201d. subraya\u00a0Jordi Sunyer, profesor de investigaci\u00f3n de ISGlobal y autor s\u00e9nior del estudio.<\/p>\n<p>\u201cNecesitamos m\u00e1s investigaciones para determinar si estos efectos se revierten o persisten tras el nacimiento, y si tienen implicaciones en los resultados del neurodesarrollo en etapas posteriores\u201d, a\u00f1ade el mismo cient\u00edfico.<\/p>\n<p>A pesar de las incertidumbres que a\u00fan existen, este estudio podr\u00eda tener importantes implicaciones para la pol\u00edtica de salud p\u00fablica. \u201cNuestros resultados refuerzan la evidencia sobre la necesidad de minimizar la exposici\u00f3n de las mujeres embarazadas a la contaminaci\u00f3n del aire, especialmente en entornos urbanos\u201d, afirma Yu Zhao, investigadora de ISGlobal sobre el clima y contaminaci\u00f3n atmosf\u00e9rica y coautora principal del estudio.<\/p>\n<p>Referencia<\/p>\n<p>G\u00f3mez-Herrera, L., Zhao, Y., Rivas, I., et al, Dadvand, P., Sunyer, J. \u201cAir pollution and foetal brain morphological development: a prospective study\u201d. <a href=\"https:\/\/www.thelancet.com\/journals\/lanplh\/article\/PIIS2542-5196(25)00093-2\/fulltext\" target=\"_blank\">The Lancet Planetary Health<\/a>\u00a0(2025).\u00a0<\/p>","protected":false},"excerpt":{"rendered":"<p>Por primera vez, una investigaci\u00f3n analiza c\u00f3mo las impurezas presentes en el aire podr\u00edan influir en el desarrollo del cerebro fetal. El an\u00e1lisis de m\u00e1s de 700 embarazos revela que los fetos con mayor exposici\u00f3n a determinados contaminantes atmosf\u00e9ricos presentan cambios en el tama\u00f1o de varias estructuras cerebrales, sobre todo durante el\u00a0segundo y tercer trimestre [&hellip;]<\/p>\n","protected":false},"author":5,"featured_media":0,"comment_status":"","ping_status":"","sticky":false,"template":"","format":"standard","meta":{"site-sidebar-layout":"default","site-content-layout":"","ast-site-content-layout":"default","site-content-style":"default","site-sidebar-style":"default","ast-global-header-display":"","ast-banner-title-visibility":"","ast-main-header-display":"","ast-hfb-above-header-display":"","ast-hfb-below-header-display":"","ast-hfb-mobile-header-display":"","site-post-title":"","ast-breadcrumbs-content":"","ast-featured-img":"","footer-sml-layout":"","ast-disable-related-posts":"","theme-transparent-header-meta":"","adv-header-id-meta":"","stick-header-meta":"","header-above-stick-meta":"","header-main-stick-meta":"","header-below-stick-meta":"","astra-migrate-meta-layouts":"default","ast-page-background-enabled":"default","ast-page-background-meta":{"desktop":{"background-color":"var(--ast-global-color-4)","background-image":"","background-repeat":"repeat","background-position":"center center","background-size":"auto","background-attachment":"scroll","background-type":"","background-media":"","overlay-type":"","overlay-color":"","overlay-opacity":"","overlay-gradient":""},"tablet":{"background-color":"","background-image":"","background-repeat":"repeat","background-position":"center center","background-size":"auto","background-attachment":"scroll","background-type":"","background-media":"","overlay-type":"","overlay-color":"","overlay-opacity":"","overlay-gradient":""},"mobile":{"background-color":"","background-image":"","background-repeat":"repeat","background-position":"center center","background-size":"auto","background-attachment":"scroll","background-type":"","background-media":"","overlay-type":"","overlay-color":"","overlay-opacity":"","overlay-gradient":""}},"ast-content-background-meta":{"desktop":{"background-color":"var(--ast-global-color-5)","background-image":"","background-repeat":"repeat","background-position":"center center","background-size":"auto","background-attachment":"scroll","background-type":"","background-media":"","overlay-type":"","overlay-color":"","overlay-opacity":"","overlay-gradient":""},"tablet":{"background-color":"var(--ast-global-color-5)","background-image":"","background-repeat":"repeat","background-position":"center center","background-size":"auto","background-attachment":"scroll","background-type":"","background-media":"","overlay-type":"","overlay-color":"","overlay-opacity":"","overlay-gradient":""},"mobile":{"background-color":"var(--ast-global-color-5)","background-image":"","background-repeat":"repeat","background-position":"center center","background-size":"auto","background-attachment":"scroll","background-type":"","background-media":"","overlay-type":"","overlay-color":"","overlay-opacity":"","overlay-gradient":""}},"footnotes":""},"categories":[5],"tags":[],"class_list":["post-132053","post","type-post","status-publish","format-standard","hentry","category-noticias"],"yoast_head":"<!-- This site is optimized with the Yoast SEO Premium plugin v20.9 (Yoast SEO v27.4) - https:\/\/yoast.com\/product\/yoast-seo-premium-wordpress\/ -->\n<title>Relacionan la contaminaci\u00f3n del aire con cambios en el desarrollo cerebral fetal - bip4ex<\/title>\n<meta name=\"robots\" content=\"index, follow, max-snippet:-1, max-image-preview:large, max-video-preview:-1\" \/>\n<link rel=\"canonical\" href=\"https:\/\/helloproject.es\/vigilancia\/relacionan-la-contaminacion-del-aire-con-cambios-en-el-desarrollo-cerebral-fetal\/\" \/>\n<meta property=\"og:locale\" content=\"es_ES\" \/>\n<meta property=\"og:type\" content=\"article\" \/>\n<meta property=\"og:title\" content=\"Relacionan la contaminaci\u00f3n del aire con cambios en el desarrollo cerebral fetal\" \/>\n<meta property=\"og:description\" content=\"Por primera vez, una investigaci\u00f3n analiza c\u00f3mo las impurezas presentes en el aire podr\u00edan influir en el desarrollo del cerebro fetal. El an\u00e1lisis de m\u00e1s de 700 embarazos revela que los fetos con mayor exposici\u00f3n a determinados contaminantes atmosf\u00e9ricos presentan cambios en el tama\u00f1o de varias estructuras cerebrales, sobre todo durante el\u00a0segundo y tercer trimestre [&hellip;]\" \/>\n<meta property=\"og:url\" content=\"https:\/\/helloproject.es\/vigilancia\/relacionan-la-contaminacion-del-aire-con-cambios-en-el-desarrollo-cerebral-fetal\/\" \/>\n<meta property=\"og:site_name\" content=\"bip4ex\" \/>\n<meta property=\"article:published_time\" content=\"2025-06-13T06:28:09+00:00\" \/>\n<meta property=\"og:image\" content=\"https:\/\/www.agenciasinc.es\/bundles\/app\/images\/quotebefore.png\" \/>\n<meta name=\"author\" content=\"Luis Miguel Mej\u00edas Ramos\" \/>\n<meta name=\"twitter:card\" content=\"summary_large_image\" \/>\n<meta name=\"twitter:label1\" content=\"Escrito por\" \/>\n\t<meta name=\"twitter:data1\" content=\"Luis Miguel Mej\u00edas Ramos\" \/>\n\t<meta name=\"twitter:label2\" content=\"Tiempo de lectura\" \/>\n\t<meta name=\"twitter:data2\" content=\"5 minutos\" \/>\n<script type=\"application\/ld+json\" class=\"yoast-schema-graph\">{\"@context\":\"https:\\\/\\\/schema.org\",\"@graph\":[{\"@type\":\"Article\",\"@id\":\"https:\\\/\\\/helloproject.es\\\/vigilancia\\\/relacionan-la-contaminacion-del-aire-con-cambios-en-el-desarrollo-cerebral-fetal\\\/#article\",\"isPartOf\":{\"@id\":\"https:\\\/\\\/helloproject.es\\\/vigilancia\\\/relacionan-la-contaminacion-del-aire-con-cambios-en-el-desarrollo-cerebral-fetal\\\/\"},\"author\":{\"name\":\"Luis Miguel Mej\u00edas Ramos\",\"@id\":\"https:\\\/\\\/helloproject.es\\\/vigilancia\\\/#\\\/schema\\\/person\\\/3767b0619d59a11570372c821f8619ca\"},\"headline\":\"Relacionan la contaminaci\u00f3n del aire con cambios en el desarrollo cerebral fetal\",\"datePublished\":\"2025-06-13T06:28:09+00:00\",\"mainEntityOfPage\":{\"@id\":\"https:\\\/\\\/helloproject.es\\\/vigilancia\\\/relacionan-la-contaminacion-del-aire-con-cambios-en-el-desarrollo-cerebral-fetal\\\/\"},\"wordCount\":993,\"publisher\":{\"@id\":\"https:\\\/\\\/helloproject.es\\\/vigilancia\\\/#organization\"},\"image\":{\"@id\":\"https:\\\/\\\/helloproject.es\\\/vigilancia\\\/relacionan-la-contaminacion-del-aire-con-cambios-en-el-desarrollo-cerebral-fetal\\\/#primaryimage\"},\"thumbnailUrl\":\"https:\\\/\\\/www.agenciasinc.es\\\/bundles\\\/app\\\/images\\\/quotebefore.png\",\"articleSection\":[\"Noticias\"],\"inLanguage\":\"es\"},{\"@type\":\"WebPage\",\"@id\":\"https:\\\/\\\/helloproject.es\\\/vigilancia\\\/relacionan-la-contaminacion-del-aire-con-cambios-en-el-desarrollo-cerebral-fetal\\\/\",\"url\":\"https:\\\/\\\/helloproject.es\\\/vigilancia\\\/relacionan-la-contaminacion-del-aire-con-cambios-en-el-desarrollo-cerebral-fetal\\\/\",\"name\":\"Relacionan la contaminaci\u00f3n del aire con cambios en el desarrollo cerebral fetal - bip4ex\",\"isPartOf\":{\"@id\":\"https:\\\/\\\/helloproject.es\\\/vigilancia\\\/#website\"},\"primaryImageOfPage\":{\"@id\":\"https:\\\/\\\/helloproject.es\\\/vigilancia\\\/relacionan-la-contaminacion-del-aire-con-cambios-en-el-desarrollo-cerebral-fetal\\\/#primaryimage\"},\"image\":{\"@id\":\"https:\\\/\\\/helloproject.es\\\/vigilancia\\\/relacionan-la-contaminacion-del-aire-con-cambios-en-el-desarrollo-cerebral-fetal\\\/#primaryimage\"},\"thumbnailUrl\":\"https:\\\/\\\/www.agenciasinc.es\\\/bundles\\\/app\\\/images\\\/quotebefore.png\",\"datePublished\":\"2025-06-13T06:28:09+00:00\",\"breadcrumb\":{\"@id\":\"https:\\\/\\\/helloproject.es\\\/vigilancia\\\/relacionan-la-contaminacion-del-aire-con-cambios-en-el-desarrollo-cerebral-fetal\\\/#breadcrumb\"},\"inLanguage\":\"es\",\"potentialAction\":[{\"@type\":\"ReadAction\",\"target\":[\"https:\\\/\\\/helloproject.es\\\/vigilancia\\\/relacionan-la-contaminacion-del-aire-con-cambios-en-el-desarrollo-cerebral-fetal\\\/\"]}]},{\"@type\":\"ImageObject\",\"inLanguage\":\"es\",\"@id\":\"https:\\\/\\\/helloproject.es\\\/vigilancia\\\/relacionan-la-contaminacion-del-aire-con-cambios-en-el-desarrollo-cerebral-fetal\\\/#primaryimage\",\"url\":\"https:\\\/\\\/www.agenciasinc.es\\\/bundles\\\/app\\\/images\\\/quotebefore.png\",\"contentUrl\":\"https:\\\/\\\/www.agenciasinc.es\\\/bundles\\\/app\\\/images\\\/quotebefore.png\"},{\"@type\":\"BreadcrumbList\",\"@id\":\"https:\\\/\\\/helloproject.es\\\/vigilancia\\\/relacionan-la-contaminacion-del-aire-con-cambios-en-el-desarrollo-cerebral-fetal\\\/#breadcrumb\",\"itemListElement\":[{\"@type\":\"ListItem\",\"position\":1,\"name\":\"Home\",\"item\":\"https:\\\/\\\/helloproject.es\\\/vigilancia\\\/\"},{\"@type\":\"ListItem\",\"position\":2,\"name\":\"Relacionan la contaminaci\u00f3n del aire con cambios en el desarrollo cerebral fetal\"}]},{\"@type\":\"WebSite\",\"@id\":\"https:\\\/\\\/helloproject.es\\\/vigilancia\\\/#website\",\"url\":\"https:\\\/\\\/helloproject.es\\\/vigilancia\\\/\",\"name\":\"bip4ex\",\"description\":\"Vigilancia Tecnol\u00f3gica\",\"publisher\":{\"@id\":\"https:\\\/\\\/helloproject.es\\\/vigilancia\\\/#organization\"},\"potentialAction\":[{\"@type\":\"SearchAction\",\"target\":{\"@type\":\"EntryPoint\",\"urlTemplate\":\"https:\\\/\\\/helloproject.es\\\/vigilancia\\\/?s={search_term_string}\"},\"query-input\":{\"@type\":\"PropertyValueSpecification\",\"valueRequired\":true,\"valueName\":\"search_term_string\"}}],\"inLanguage\":\"es\"},{\"@type\":\"Organization\",\"@id\":\"https:\\\/\\\/helloproject.es\\\/vigilancia\\\/#organization\",\"name\":\"Helloproject.es\",\"url\":\"https:\\\/\\\/helloproject.es\\\/vigilancia\\\/\",\"logo\":{\"@type\":\"ImageObject\",\"inLanguage\":\"es\",\"@id\":\"https:\\\/\\\/helloproject.es\\\/vigilancia\\\/#\\\/schema\\\/logo\\\/image\\\/\",\"url\":\"https:\\\/\\\/helloproject.es\\\/vigilancia\\\/wp-content\\\/uploads\\\/2023\\\/07\\\/bip4ex.png\",\"contentUrl\":\"https:\\\/\\\/helloproject.es\\\/vigilancia\\\/wp-content\\\/uploads\\\/2023\\\/07\\\/bip4ex.png\",\"width\":322,\"height\":365,\"caption\":\"Helloproject.es\"},\"image\":{\"@id\":\"https:\\\/\\\/helloproject.es\\\/vigilancia\\\/#\\\/schema\\\/logo\\\/image\\\/\"}},{\"@type\":\"Person\",\"@id\":\"https:\\\/\\\/helloproject.es\\\/vigilancia\\\/#\\\/schema\\\/person\\\/3767b0619d59a11570372c821f8619ca\",\"name\":\"Luis Miguel Mej\u00edas Ramos\",\"url\":\"https:\\\/\\\/helloproject.es\\\/vigilancia\\\/author\\\/luismi\\\/\"}]}<\/script>\n<!-- \/ Yoast SEO Premium plugin. -->","yoast_head_json":{"title":"Relacionan la contaminaci\u00f3n del aire con cambios en el desarrollo cerebral fetal - bip4ex","robots":{"index":"index","follow":"follow","max-snippet":"max-snippet:-1","max-image-preview":"max-image-preview:large","max-video-preview":"max-video-preview:-1"},"canonical":"https:\/\/helloproject.es\/vigilancia\/relacionan-la-contaminacion-del-aire-con-cambios-en-el-desarrollo-cerebral-fetal\/","og_locale":"es_ES","og_type":"article","og_title":"Relacionan la contaminaci\u00f3n del aire con cambios en el desarrollo cerebral fetal","og_description":"Por primera vez, una investigaci\u00f3n analiza c\u00f3mo las impurezas presentes en el aire podr\u00edan influir en el desarrollo del cerebro fetal. El an\u00e1lisis de m\u00e1s de 700 embarazos revela que los fetos con mayor exposici\u00f3n a determinados contaminantes atmosf\u00e9ricos presentan cambios en el tama\u00f1o de varias estructuras cerebrales, sobre todo durante el\u00a0segundo y tercer trimestre [&hellip;]","og_url":"https:\/\/helloproject.es\/vigilancia\/relacionan-la-contaminacion-del-aire-con-cambios-en-el-desarrollo-cerebral-fetal\/","og_site_name":"bip4ex","article_published_time":"2025-06-13T06:28:09+00:00","og_image":[{"url":"https:\/\/www.agenciasinc.es\/bundles\/app\/images\/quotebefore.png","type":"","width":"","height":""}],"author":"Luis Miguel Mej\u00edas Ramos","twitter_card":"summary_large_image","twitter_misc":{"Escrito por":"Luis Miguel Mej\u00edas Ramos","Tiempo de lectura":"5 minutos"},"schema":{"@context":"https:\/\/schema.org","@graph":[{"@type":"Article","@id":"https:\/\/helloproject.es\/vigilancia\/relacionan-la-contaminacion-del-aire-con-cambios-en-el-desarrollo-cerebral-fetal\/#article","isPartOf":{"@id":"https:\/\/helloproject.es\/vigilancia\/relacionan-la-contaminacion-del-aire-con-cambios-en-el-desarrollo-cerebral-fetal\/"},"author":{"name":"Luis Miguel Mej\u00edas Ramos","@id":"https:\/\/helloproject.es\/vigilancia\/#\/schema\/person\/3767b0619d59a11570372c821f8619ca"},"headline":"Relacionan la contaminaci\u00f3n del aire con cambios en el desarrollo cerebral fetal","datePublished":"2025-06-13T06:28:09+00:00","mainEntityOfPage":{"@id":"https:\/\/helloproject.es\/vigilancia\/relacionan-la-contaminacion-del-aire-con-cambios-en-el-desarrollo-cerebral-fetal\/"},"wordCount":993,"publisher":{"@id":"https:\/\/helloproject.es\/vigilancia\/#organization"},"image":{"@id":"https:\/\/helloproject.es\/vigilancia\/relacionan-la-contaminacion-del-aire-con-cambios-en-el-desarrollo-cerebral-fetal\/#primaryimage"},"thumbnailUrl":"https:\/\/www.agenciasinc.es\/bundles\/app\/images\/quotebefore.png","articleSection":["Noticias"],"inLanguage":"es"},{"@type":"WebPage","@id":"https:\/\/helloproject.es\/vigilancia\/relacionan-la-contaminacion-del-aire-con-cambios-en-el-desarrollo-cerebral-fetal\/","url":"https:\/\/helloproject.es\/vigilancia\/relacionan-la-contaminacion-del-aire-con-cambios-en-el-desarrollo-cerebral-fetal\/","name":"Relacionan la contaminaci\u00f3n del aire con cambios en el desarrollo cerebral fetal - bip4ex","isPartOf":{"@id":"https:\/\/helloproject.es\/vigilancia\/#website"},"primaryImageOfPage":{"@id":"https:\/\/helloproject.es\/vigilancia\/relacionan-la-contaminacion-del-aire-con-cambios-en-el-desarrollo-cerebral-fetal\/#primaryimage"},"image":{"@id":"https:\/\/helloproject.es\/vigilancia\/relacionan-la-contaminacion-del-aire-con-cambios-en-el-desarrollo-cerebral-fetal\/#primaryimage"},"thumbnailUrl":"https:\/\/www.agenciasinc.es\/bundles\/app\/images\/quotebefore.png","datePublished":"2025-06-13T06:28:09+00:00","breadcrumb":{"@id":"https:\/\/helloproject.es\/vigilancia\/relacionan-la-contaminacion-del-aire-con-cambios-en-el-desarrollo-cerebral-fetal\/#breadcrumb"},"inLanguage":"es","potentialAction":[{"@type":"ReadAction","target":["https:\/\/helloproject.es\/vigilancia\/relacionan-la-contaminacion-del-aire-con-cambios-en-el-desarrollo-cerebral-fetal\/"]}]},{"@type":"ImageObject","inLanguage":"es","@id":"https:\/\/helloproject.es\/vigilancia\/relacionan-la-contaminacion-del-aire-con-cambios-en-el-desarrollo-cerebral-fetal\/#primaryimage","url":"https:\/\/www.agenciasinc.es\/bundles\/app\/images\/quotebefore.png","contentUrl":"https:\/\/www.agenciasinc.es\/bundles\/app\/images\/quotebefore.png"},{"@type":"BreadcrumbList","@id":"https:\/\/helloproject.es\/vigilancia\/relacionan-la-contaminacion-del-aire-con-cambios-en-el-desarrollo-cerebral-fetal\/#breadcrumb","itemListElement":[{"@type":"ListItem","position":1,"name":"Home","item":"https:\/\/helloproject.es\/vigilancia\/"},{"@type":"ListItem","position":2,"name":"Relacionan la contaminaci\u00f3n del aire con cambios en el desarrollo cerebral fetal"}]},{"@type":"WebSite","@id":"https:\/\/helloproject.es\/vigilancia\/#website","url":"https:\/\/helloproject.es\/vigilancia\/","name":"bip4ex","description":"Vigilancia Tecnol\u00f3gica","publisher":{"@id":"https:\/\/helloproject.es\/vigilancia\/#organization"},"potentialAction":[{"@type":"SearchAction","target":{"@type":"EntryPoint","urlTemplate":"https:\/\/helloproject.es\/vigilancia\/?s={search_term_string}"},"query-input":{"@type":"PropertyValueSpecification","valueRequired":true,"valueName":"search_term_string"}}],"inLanguage":"es"},{"@type":"Organization","@id":"https:\/\/helloproject.es\/vigilancia\/#organization","name":"Helloproject.es","url":"https:\/\/helloproject.es\/vigilancia\/","logo":{"@type":"ImageObject","inLanguage":"es","@id":"https:\/\/helloproject.es\/vigilancia\/#\/schema\/logo\/image\/","url":"https:\/\/helloproject.es\/vigilancia\/wp-content\/uploads\/2023\/07\/bip4ex.png","contentUrl":"https:\/\/helloproject.es\/vigilancia\/wp-content\/uploads\/2023\/07\/bip4ex.png","width":322,"height":365,"caption":"Helloproject.es"},"image":{"@id":"https:\/\/helloproject.es\/vigilancia\/#\/schema\/logo\/image\/"}},{"@type":"Person","@id":"https:\/\/helloproject.es\/vigilancia\/#\/schema\/person\/3767b0619d59a11570372c821f8619ca","name":"Luis Miguel Mej\u00edas Ramos","url":"https:\/\/helloproject.es\/vigilancia\/author\/luismi\/"}]}},"_links":{"self":[{"href":"https:\/\/helloproject.es\/vigilancia\/wp-json\/wp\/v2\/posts\/132053","targetHints":{"allow":["GET"]}}],"collection":[{"href":"https:\/\/helloproject.es\/vigilancia\/wp-json\/wp\/v2\/posts"}],"about":[{"href":"https:\/\/helloproject.es\/vigilancia\/wp-json\/wp\/v2\/types\/post"}],"author":[{"embeddable":true,"href":"https:\/\/helloproject.es\/vigilancia\/wp-json\/wp\/v2\/users\/5"}],"replies":[{"embeddable":true,"href":"https:\/\/helloproject.es\/vigilancia\/wp-json\/wp\/v2\/comments?post=132053"}],"version-history":[{"count":0,"href":"https:\/\/helloproject.es\/vigilancia\/wp-json\/wp\/v2\/posts\/132053\/revisions"}],"wp:attachment":[{"href":"https:\/\/helloproject.es\/vigilancia\/wp-json\/wp\/v2\/media?parent=132053"}],"wp:term":[{"taxonomy":"category","embeddable":true,"href":"https:\/\/helloproject.es\/vigilancia\/wp-json\/wp\/v2\/categories?post=132053"},{"taxonomy":"post_tag","embeddable":true,"href":"https:\/\/helloproject.es\/vigilancia\/wp-json\/wp\/v2\/tags?post=132053"}],"curies":[{"name":"wp","href":"https:\/\/api.w.org\/{rel}","templated":true}]}}