{"id":137125,"date":"2025-06-20T09:29:01","date_gmt":"2025-06-20T08:29:01","guid":{"rendered":"https:\/\/helloproject.es\/vigilancia\/impulso-estrategico-a-las-tecnologias-cuanticas-en-espana-una-oportunidad-clave-de-financiacion-para-proyectos-innovadores-evalue-asesores\/"},"modified":"2025-06-20T09:29:01","modified_gmt":"2025-06-20T08:29:01","slug":"impulso-estrategico-a-las-tecnologias-cuanticas-en-espana-una-oportunidad-clave-de-financiacion-para-proyectos-innovadores-evalue-asesores","status":"publish","type":"post","link":"https:\/\/helloproject.es\/vigilancia\/impulso-estrategico-a-las-tecnologias-cuanticas-en-espana-una-oportunidad-clave-de-financiacion-para-proyectos-innovadores-evalue-asesores\/","title":{"rendered":"Impulso Estrat\u00e9gico a las Tecnolog\u00edas Cu\u00e1nticas en Espa\u00f1a: Una Oportunidad Clave de Financiaci\u00f3n para Proyectos Innovadores evalue asesores"},"content":{"rendered":"<p data-start=\"435\" data-end=\"825\"><strong data-start=\"435\" data-end=\"499\">Espa\u00f1a lanza su Estrategia Nacional de Tecnolog\u00edas Cu\u00e1nticas<\/strong>, una hoja de ruta ambiciosa dotada con m\u00e1s de 70 millones de euros a trav\u00e9s del Plan de Recuperaci\u00f3n, Transformaci\u00f3n y Resiliencia (PRTR). Esta iniciativa supone un hito clave para posicionar a nuestro pa\u00eds a la vanguardia de la investigaci\u00f3n y desarrollo en computaci\u00f3n cu\u00e1ntica, comunicaciones seguras y sensores avanzados.<\/p>\n<h3 data-start=\"1094\" data-end=\"1163\">\u00bfEn qu\u00e9 consiste la Estrategia Nacional de Tecnolog\u00edas Cu\u00e1nticas?<\/h3>\n<p>La Estrategia se articula en torno a tres \u00e1reas clave:<\/p>\n<ul>\n<li data-start=\"1223\" data-end=\"1300\"><strong data-start=\"1223\" data-end=\"1247\">Computaci\u00f3n cu\u00e1ntica<\/strong>: impulso a hardware, algoritmos y software cu\u00e1ntico.<\/li>\n<li data-start=\"1303\" data-end=\"1451\"><strong data-start=\"1303\" data-end=\"1339\">Comunicaciones cu\u00e1nticas seguras<\/strong>: desarrollo de redes de comunicaci\u00f3n a prueba de ciberataques gracias al principio de entrelazamiento cu\u00e1ntico.<\/li>\n<li data-start=\"1454\" data-end=\"1549\"><strong data-start=\"1454\" data-end=\"1476\">Sensores cu\u00e1nticos<\/strong>: aplicaciones en geof\u00edsica, salud, navegaci\u00f3n o detecci\u00f3n de materiales.<\/li>\n<\/ul>\n<p>Estas acciones se financiar\u00e1n principalmente mediante los instrumentos del PRTR, en coordinaci\u00f3n con otros programas europeos como Horizon Europe o Digital Europe.<\/p>\n<hr data-start=\"1716\" data-end=\"1719\" \/>\n<h3 data-start=\"1721\" data-end=\"1768\">\u00bfQu\u00e9 tipo de entidades pueden beneficiarse?<\/h3>\n<p>Tanto <strong data-start=\"1776\" data-end=\"1812\">entidades p\u00fablicas como privadas<\/strong> pueden acceder a estas ayudas, ya sea de forma individual o en consorcio. Se priorizar\u00e1n los proyectos de colaboraci\u00f3n p\u00fablico-privada y aquellos que integren el desarrollo de tecnolog\u00edas cu\u00e1nticas en sectores estrat\u00e9gicos como la salud, la energ\u00eda, el transporte o la ciberseguridad.<\/p>\n<p>Adem\u00e1s, se prev\u00e9 el establecimiento de <strong data-start=\"2138\" data-end=\"2179\">infraestructuras cu\u00e1nticas nacionales<\/strong> abiertas a la comunidad cient\u00edfica y empresarial, lo que favorecer\u00e1 la transferencia de conocimiento y la experimentaci\u00f3n en entornos reales.<\/p>\n<hr data-start=\"2323\" data-end=\"2326\" \/>\n<h3 data-start=\"2328\" data-end=\"2381\">Financiaci\u00f3n y tipos de proyectos subvencionables<\/h3>\n<p>La Estrategia contempla l\u00edneas de financiaci\u00f3n directa para:<\/p>\n<ul>\n<li data-start=\"2447\" data-end=\"2524\"><strong data-start=\"2447\" data-end=\"2492\">Proyectos de I+D en tecnolog\u00edas cu\u00e1nticas<\/strong> (TRLs intermedios y avanzados).<\/li>\n<li data-start=\"2527\" data-end=\"2578\"><strong data-start=\"2527\" data-end=\"2577\">Equipamiento cient\u00edfico y tecnol\u00f3gico avanzado<\/strong>.<\/li>\n<li data-start=\"2581\" data-end=\"2655\"><strong data-start=\"2581\" data-end=\"2615\">Creaci\u00f3n de startups deep tech<\/strong> especializadas en soluciones cu\u00e1nticas.<\/li>\n<li data-start=\"2658\" data-end=\"2708\"><strong data-start=\"2658\" data-end=\"2707\">Formaci\u00f3n y atracci\u00f3n de talento investigador<\/strong>.<\/li>\n<\/ul>\n<p>Al igual que en programas como el PERTE Chip o el Programa Horizonte Europa, la financiaci\u00f3n podr\u00e1 cubrir hasta el <strong>80% del coste elegible del proyecto<\/strong>, con porcentajes variables seg\u00fan el tipo de entidad y el grado de madurez tecnol\u00f3gica.<\/p>\n<hr data-start=\"2949\" data-end=\"2952\" \/>\n<h3 data-start=\"2954\" data-end=\"2980\">\u00bfPor qu\u00e9 actuar ahora?<\/h3>\n<p>La computaci\u00f3n cu\u00e1ntica y sus tecnolog\u00edas asociadas se perfilan como el pr\u00f3ximo gran cambio de paradigma en el desarrollo tecnol\u00f3gico global. Las entidades que apuesten ahora por posicionarse en este \u00e1mbito pueden <strong data-start=\"3196\" data-end=\"3234\">acceder a financiaci\u00f3n estrat\u00e9gica<\/strong>, diferenciarse en sus respectivos sectores y participar en consorcios nacionales y europeos de alto impacto.<\/p>\n<hr data-start=\"3757\" data-end=\"3760\" \/>\n<h3 data-start=\"3762\" data-end=\"3833\">\u00bfEst\u00e1s desarrollando tecnolog\u00eda cu\u00e1ntica o explorando su potencial?<\/h3>\n<p data-start=\"3835\" data-end=\"3988\">Desde <a href=\"https:\/\/evalueconsultores.com\/\">Evalue Innovaci\u00f3n<\/a> analizamos las implicaciones estrat\u00e9gicas y las oportunidades que esta medida representa para empresas, centros tecnol\u00f3gicos y universidades que desarrollan tecnolog\u00eda disruptiva. Contacta con nuestro equipo. Te ayudamos a <strong data-start=\"3878\" data-end=\"3937\">transformar tu innovaci\u00f3n en una oportunidad financiada<\/strong>, maximizando el retorno de tus inversiones en I+D.<\/p>\n<div data-elementor-type=\"section\" data-elementor-id=\"43186\" class=\"elementor elementor-43186\" data-elementor-post-type=\"elementor_library\">\n<section class=\"elementor-section elementor-top-section elementor-element elementor-element-38437529 elementor-section-content-middle elementor-section-boxed elementor-section-height-default elementor-section-height-default\" data-id=\"38437529\" data-element_type=\"section\">\n<div class=\"elementor-container elementor-column-gap-custom\">\n<div class=\"elementor-column elementor-col-50 elementor-top-column elementor-element elementor-element-7fba8f25\" data-id=\"7fba8f25\" data-element_type=\"column\" data-settings='{\"background_background\":\"gradient\"}'>\n<div class=\"elementor-widget-wrap elementor-element-populated\">\n<div class=\"elementor-element elementor-element-110a1cb4 elementor-widget elementor-widget-heading\" data-id=\"110a1cb4\" data-element_type=\"widget\" data-widget_type=\"heading.default\">\n<div class=\"elementor-widget-container\">\n<h3 class=\"elementor-heading-title elementor-size-default\">Rentabiliza tu inversi\u00f3n a la I+D+i<\/h3>\n<\/div>\n<\/div>\n<div class=\"elementor-element elementor-element-5d922778 elementor-widget elementor-widget-text-editor\" data-id=\"5d922778\" data-element_type=\"widget\" data-widget_type=\"text-editor.default\">\n<div class=\"elementor-widget-container\">\n\t\t\t\t\t\t\t\t\tSolicita tu diagn\u00f3stico de deducci\u00f3n fiscal gratuito.\t\t\t\t\t\t\t\t<\/div>\n<\/div>\n<div class=\"elementor-element elementor-element-94756f1 elementor-align-center elementor-widget elementor-widget-button\" data-id=\"94756f1\" data-element_type=\"widget\" data-widget_type=\"button.default\">\n<div class=\"elementor-widget-container\">\n<div class=\"elementor-button-wrapper\">\n\t\t\t\t\t<a class=\"elementor-button elementor-button-link elementor-size-sm\" href=\"https:\/\/evalueconsultores.com\/solicitar-informacion-deducciones-fiscales\/\"><br \/>\n\t\t\t\t\t\t<span class=\"elementor-button-content-wrapper\"><br \/>\n\t\t\t\t\t\t\t\t\t<span class=\"elementor-button-text\">Solicitar diagn\u00f3stico<\/span><br \/>\n\t\t\t\t\t<\/span><br \/>\n\t\t\t\t\t<\/a>\n\t\t\t\t<\/div>\n<\/div>\n<\/div>\n<\/div>\n<\/div>\n<div class=\"elementor-column elementor-col-50 elementor-top-column elementor-element elementor-element-198facc5\" data-id=\"198facc5\" data-element_type=\"column\" data-settings='{\"background_background\":\"gradient\"}'>\n<div class=\"elementor-widget-wrap elementor-element-populated\">\n<div class=\"elementor-element elementor-element-31a72975 elementor-widget elementor-widget-heading\" data-id=\"31a72975\" data-element_type=\"widget\" data-widget_type=\"heading.default\">\n<div class=\"elementor-widget-container\">\n<h3 class=\"elementor-heading-title elementor-size-default\">Encuentra financiaci\u00f3n para tu empresa<\/h3>\n<\/div>\n<\/div>\n<div class=\"elementor-element elementor-element-77fdc0eb elementor-widget elementor-widget-text-editor\" data-id=\"77fdc0eb\" data-element_type=\"widget\" data-widget_type=\"text-editor.default\">\n<div class=\"elementor-widget-container\">\n\t\t\t\t\t\t\t\t\tDescubre qu\u00e9 convocatorias pueden potenciar tu proyecto.\t\t\t\t\t\t\t\t<\/div>\n<\/div>\n<div class=\"elementor-element elementor-element-5b61ffa elementor-align-center elementor-widget elementor-widget-button\" data-id=\"5b61ffa\" data-element_type=\"widget\" data-widget_type=\"button.default\">\n<div class=\"elementor-widget-container\">\n<div class=\"elementor-button-wrapper\">\n\t\t\t\t\t<a class=\"elementor-button elementor-button-link elementor-size-sm\" href=\"https:\/\/evalueconsultores.com\/solicitar-informacion-financiacion-publica\/\"><br \/>\n\t\t\t\t\t\t<span class=\"elementor-button-content-wrapper\"><br \/>\n\t\t\t\t\t\t\t\t\t<span class=\"elementor-button-text\">Solicitar informaci\u00f3n<\/span><br \/>\n\t\t\t\t\t<\/span><br \/>\n\t\t\t\t\t<\/a>\n\t\t\t\t<\/div>\n<\/div>\n<\/div>\n<\/div>\n<\/div>\n<\/div>\n<\/section><\/div>\n<p>\u00a0<\/p>\n<p><a class=\"broken_link\" href=\"http:\/\/https\/\/twitter.com\/EvalueIn?s=20\"><img decoding=\"async\" class=\"alignnone wp-image-40645\" title=\"85 2 300x300\" src=\"https:\/\/www.evalueconsultores.com\/wp-content\/uploads\/2023\/07\/85-2-300x300.png\" alt='Iniciativa \"Activa Startups\"' width=\"20\" height=\"20\" \/><\/a><a class=\"broken_link\" href=\"http:\/\/ucykvonmfogzwabdvvsyrafw\/\"><img decoding=\"async\" class=\"alignnone wp-image-40646\" title=\"86 2 300x300\" src=\"https:\/\/www.evalueconsultores.com\/wp-content\/uploads\/2023\/07\/86-2-300x300.png\" alt='Iniciativa \"Activa Startups\"' width=\"20\" height=\"20\" \/><\/a>\u00a0<a class=\"broken_link\" href=\"http:\/\/https\/\/es.linkedin.com\/company\/evaluein\"><img decoding=\"async\" class=\"alignnone wp-image-40647\" title=\"84 2 300x300\" src=\"https:\/\/www.evalueconsultores.com\/wp-content\/uploads\/2023\/07\/84-2-300x300.png\" alt=\"Impulso de proyectos de innovaci\u00f3n disruptiva\" width=\"20\" height=\"20\" \/><\/a><a href=\"https:\/\/www.tiktok.com\/@evalueinnovacion\"><img loading=\"lazy\" decoding=\"async\" loading=\"lazy\" class=\"alignnone wp-image-41351\" title=\"92 300x300\" src=\"https:\/\/www.evalueconsultores.com\/wp-content\/uploads\/2023\/10\/92-300x300.png\" alt=\"https:\/\/www.tiktok.com\/@evalueinnovacion\" width=\"20\" height=\"20\" \/><\/a><\/p>\n<p data-start=\"827\" data-end=\"1087\">\n<\/p><p>La entrada <a href=\"https:\/\/evalueconsultores.com\/impulso-estrategico-a-las-tecnologias-cuanticas-en-espana-una-oportunidad-clave-de-financiacion-para-proyectos-innovadores\/\">Impulso Estrat\u00e9gico a las Tecnolog\u00edas Cu\u00e1nticas en Espa\u00f1a: Una Oportunidad Clave de Financiaci\u00f3n para Proyectos Innovadores<\/a> se public\u00f3 primero en <a href=\"https:\/\/evalueconsultores.com\/\">Evalue<\/a>.<\/p>","protected":false},"excerpt":{"rendered":"<p>Espa\u00f1a lanza su Estrategia Nacional de Tecnolog\u00edas Cu\u00e1nticas, una hoja de ruta ambiciosa dotada con m\u00e1s de 70 millones de euros a trav\u00e9s del Plan de Recuperaci\u00f3n, Transformaci\u00f3n y Resiliencia (PRTR). Esta iniciativa supone un hito clave para posicionar a nuestro pa\u00eds a la vanguardia de la investigaci\u00f3n y desarrollo en computaci\u00f3n cu\u00e1ntica, comunicaciones seguras [&hellip;]<\/p>\n","protected":false},"author":5,"featured_media":0,"comment_status":"","ping_status":"","sticky":false,"template":"","format":"standard","meta":{"site-sidebar-layout":"default","site-content-layout":"","ast-site-content-layout":"default","site-content-style":"default","site-sidebar-style":"default","ast-global-header-display":"","ast-banner-title-visibility":"","ast-main-header-display":"","ast-hfb-above-header-display":"","ast-hfb-below-header-display":"","ast-hfb-mobile-header-display":"","site-post-title":"","ast-breadcrumbs-content":"","ast-featured-img":"","footer-sml-layout":"","ast-disable-related-posts":"","theme-transparent-header-meta":"","adv-header-id-meta":"","stick-header-meta":"","header-above-stick-meta":"","header-main-stick-meta":"","header-below-stick-meta":"","astra-migrate-meta-layouts":"default","ast-page-background-enabled":"default","ast-page-background-meta":{"desktop":{"background-color":"var(--ast-global-color-4)","background-image":"","background-repeat":"repeat","background-position":"center center","background-size":"auto","background-attachment":"scroll","background-type":"","background-media":"","overlay-type":"","overlay-color":"","overlay-opacity":"","overlay-gradient":""},"tablet":{"background-color":"","background-image":"","background-repeat":"repeat","background-position":"center center","background-size":"auto","background-attachment":"scroll","background-type":"","background-media":"","overlay-type":"","overlay-color":"","overlay-opacity":"","overlay-gradient":""},"mobile":{"background-color":"","background-image":"","background-repeat":"repeat","background-position":"center center","background-size":"auto","background-attachment":"scroll","background-type":"","background-media":"","overlay-type":"","overlay-color":"","overlay-opacity":"","overlay-gradient":""}},"ast-content-background-meta":{"desktop":{"background-color":"var(--ast-global-color-5)","background-image":"","background-repeat":"repeat","background-position":"center center","background-size":"auto","background-attachment":"scroll","background-type":"","background-media":"","overlay-type":"","overlay-color":"","overlay-opacity":"","overlay-gradient":""},"tablet":{"background-color":"var(--ast-global-color-5)","background-image":"","background-repeat":"repeat","background-position":"center center","background-size":"auto","background-attachment":"scroll","background-type":"","background-media":"","overlay-type":"","overlay-color":"","overlay-opacity":"","overlay-gradient":""},"mobile":{"background-color":"var(--ast-global-color-5)","background-image":"","background-repeat":"repeat","background-position":"center center","background-size":"auto","background-attachment":"scroll","background-type":"","background-media":"","overlay-type":"","overlay-color":"","overlay-opacity":"","overlay-gradient":""}},"footnotes":""},"categories":[8,5,6],"tags":[],"class_list":["post-137125","post","type-post","status-publish","format-standard","hentry","category-ayudas-y-subvenciones","category-noticias","category-publicaciones"],"yoast_head":"<!-- This site is optimized with the Yoast SEO Premium plugin v20.9 (Yoast SEO v27.4) - https:\/\/yoast.com\/product\/yoast-seo-premium-wordpress\/ -->\n<title>Impulso Estrat\u00e9gico a las Tecnolog\u00edas Cu\u00e1nticas en Espa\u00f1a: Una Oportunidad Clave de Financiaci\u00f3n para Proyectos Innovadores evalue asesores - bip4ex<\/title>\n<meta name=\"robots\" content=\"index, follow, max-snippet:-1, max-image-preview:large, max-video-preview:-1\" \/>\n<link rel=\"canonical\" href=\"https:\/\/helloproject.es\/vigilancia\/impulso-estrategico-a-las-tecnologias-cuanticas-en-espana-una-oportunidad-clave-de-financiacion-para-proyectos-innovadores-evalue-asesores\/\" \/>\n<meta property=\"og:locale\" content=\"es_ES\" \/>\n<meta property=\"og:type\" content=\"article\" \/>\n<meta property=\"og:title\" content=\"Impulso Estrat\u00e9gico a las Tecnolog\u00edas Cu\u00e1nticas en Espa\u00f1a: Una Oportunidad Clave de Financiaci\u00f3n para Proyectos Innovadores evalue asesores\" \/>\n<meta property=\"og:description\" content=\"Espa\u00f1a lanza su Estrategia Nacional de Tecnolog\u00edas Cu\u00e1nticas, una hoja de ruta ambiciosa dotada con m\u00e1s de 70 millones de euros a trav\u00e9s del Plan de Recuperaci\u00f3n, Transformaci\u00f3n y Resiliencia (PRTR). Esta iniciativa supone un hito clave para posicionar a nuestro pa\u00eds a la vanguardia de la investigaci\u00f3n y desarrollo en computaci\u00f3n cu\u00e1ntica, comunicaciones seguras [&hellip;]\" \/>\n<meta property=\"og:url\" content=\"https:\/\/helloproject.es\/vigilancia\/impulso-estrategico-a-las-tecnologias-cuanticas-en-espana-una-oportunidad-clave-de-financiacion-para-proyectos-innovadores-evalue-asesores\/\" \/>\n<meta property=\"og:site_name\" content=\"bip4ex\" \/>\n<meta property=\"article:published_time\" content=\"2025-06-20T08:29:01+00:00\" \/>\n<meta name=\"author\" content=\"Luis Miguel Mej\u00edas Ramos\" \/>\n<meta name=\"twitter:card\" content=\"summary_large_image\" \/>\n<meta name=\"twitter:label1\" content=\"Escrito por\" \/>\n\t<meta name=\"twitter:data1\" content=\"Luis Miguel Mej\u00edas Ramos\" \/>\n\t<meta name=\"twitter:label2\" content=\"Tiempo de lectura\" \/>\n\t<meta name=\"twitter:data2\" content=\"3 minutos\" \/>\n<script type=\"application\/ld+json\" class=\"yoast-schema-graph\">{\"@context\":\"https:\\\/\\\/schema.org\",\"@graph\":[{\"@type\":\"Article\",\"@id\":\"https:\\\/\\\/helloproject.es\\\/vigilancia\\\/impulso-estrategico-a-las-tecnologias-cuanticas-en-espana-una-oportunidad-clave-de-financiacion-para-proyectos-innovadores-evalue-asesores\\\/#article\",\"isPartOf\":{\"@id\":\"https:\\\/\\\/helloproject.es\\\/vigilancia\\\/impulso-estrategico-a-las-tecnologias-cuanticas-en-espana-una-oportunidad-clave-de-financiacion-para-proyectos-innovadores-evalue-asesores\\\/\"},\"author\":{\"name\":\"Luis Miguel Mej\u00edas Ramos\",\"@id\":\"https:\\\/\\\/helloproject.es\\\/vigilancia\\\/#\\\/schema\\\/person\\\/3767b0619d59a11570372c821f8619ca\"},\"headline\":\"Impulso Estrat\u00e9gico a las Tecnolog\u00edas Cu\u00e1nticas en Espa\u00f1a: Una Oportunidad Clave de Financiaci\u00f3n para Proyectos Innovadores evalue asesores\",\"datePublished\":\"2025-06-20T08:29:01+00:00\",\"mainEntityOfPage\":{\"@id\":\"https:\\\/\\\/helloproject.es\\\/vigilancia\\\/impulso-estrategico-a-las-tecnologias-cuanticas-en-espana-una-oportunidad-clave-de-financiacion-para-proyectos-innovadores-evalue-asesores\\\/\"},\"wordCount\":566,\"publisher\":{\"@id\":\"https:\\\/\\\/helloproject.es\\\/vigilancia\\\/#organization\"},\"image\":{\"@id\":\"https:\\\/\\\/helloproject.es\\\/vigilancia\\\/impulso-estrategico-a-las-tecnologias-cuanticas-en-espana-una-oportunidad-clave-de-financiacion-para-proyectos-innovadores-evalue-asesores\\\/#primaryimage\"},\"thumbnailUrl\":\"https:\\\/\\\/www.evalueconsultores.com\\\/wp-content\\\/uploads\\\/2023\\\/07\\\/85-2-300x300.png\",\"articleSection\":[\"Ayudas y Subvenciones\",\"Noticias\",\"Publicaciones\"],\"inLanguage\":\"es\"},{\"@type\":\"WebPage\",\"@id\":\"https:\\\/\\\/helloproject.es\\\/vigilancia\\\/impulso-estrategico-a-las-tecnologias-cuanticas-en-espana-una-oportunidad-clave-de-financiacion-para-proyectos-innovadores-evalue-asesores\\\/\",\"url\":\"https:\\\/\\\/helloproject.es\\\/vigilancia\\\/impulso-estrategico-a-las-tecnologias-cuanticas-en-espana-una-oportunidad-clave-de-financiacion-para-proyectos-innovadores-evalue-asesores\\\/\",\"name\":\"Impulso Estrat\u00e9gico a las Tecnolog\u00edas Cu\u00e1nticas en Espa\u00f1a: Una Oportunidad Clave de Financiaci\u00f3n para Proyectos Innovadores evalue asesores - bip4ex\",\"isPartOf\":{\"@id\":\"https:\\\/\\\/helloproject.es\\\/vigilancia\\\/#website\"},\"primaryImageOfPage\":{\"@id\":\"https:\\\/\\\/helloproject.es\\\/vigilancia\\\/impulso-estrategico-a-las-tecnologias-cuanticas-en-espana-una-oportunidad-clave-de-financiacion-para-proyectos-innovadores-evalue-asesores\\\/#primaryimage\"},\"image\":{\"@id\":\"https:\\\/\\\/helloproject.es\\\/vigilancia\\\/impulso-estrategico-a-las-tecnologias-cuanticas-en-espana-una-oportunidad-clave-de-financiacion-para-proyectos-innovadores-evalue-asesores\\\/#primaryimage\"},\"thumbnailUrl\":\"https:\\\/\\\/www.evalueconsultores.com\\\/wp-content\\\/uploads\\\/2023\\\/07\\\/85-2-300x300.png\",\"datePublished\":\"2025-06-20T08:29:01+00:00\",\"breadcrumb\":{\"@id\":\"https:\\\/\\\/helloproject.es\\\/vigilancia\\\/impulso-estrategico-a-las-tecnologias-cuanticas-en-espana-una-oportunidad-clave-de-financiacion-para-proyectos-innovadores-evalue-asesores\\\/#breadcrumb\"},\"inLanguage\":\"es\",\"potentialAction\":[{\"@type\":\"ReadAction\",\"target\":[\"https:\\\/\\\/helloproject.es\\\/vigilancia\\\/impulso-estrategico-a-las-tecnologias-cuanticas-en-espana-una-oportunidad-clave-de-financiacion-para-proyectos-innovadores-evalue-asesores\\\/\"]}]},{\"@type\":\"ImageObject\",\"inLanguage\":\"es\",\"@id\":\"https:\\\/\\\/helloproject.es\\\/vigilancia\\\/impulso-estrategico-a-las-tecnologias-cuanticas-en-espana-una-oportunidad-clave-de-financiacion-para-proyectos-innovadores-evalue-asesores\\\/#primaryimage\",\"url\":\"https:\\\/\\\/www.evalueconsultores.com\\\/wp-content\\\/uploads\\\/2023\\\/07\\\/85-2-300x300.png\",\"contentUrl\":\"https:\\\/\\\/www.evalueconsultores.com\\\/wp-content\\\/uploads\\\/2023\\\/07\\\/85-2-300x300.png\"},{\"@type\":\"BreadcrumbList\",\"@id\":\"https:\\\/\\\/helloproject.es\\\/vigilancia\\\/impulso-estrategico-a-las-tecnologias-cuanticas-en-espana-una-oportunidad-clave-de-financiacion-para-proyectos-innovadores-evalue-asesores\\\/#breadcrumb\",\"itemListElement\":[{\"@type\":\"ListItem\",\"position\":1,\"name\":\"Home\",\"item\":\"https:\\\/\\\/helloproject.es\\\/vigilancia\\\/\"},{\"@type\":\"ListItem\",\"position\":2,\"name\":\"Impulso Estrat\u00e9gico a las Tecnolog\u00edas Cu\u00e1nticas en Espa\u00f1a: Una Oportunidad Clave de Financiaci\u00f3n para Proyectos Innovadores evalue asesores\"}]},{\"@type\":\"WebSite\",\"@id\":\"https:\\\/\\\/helloproject.es\\\/vigilancia\\\/#website\",\"url\":\"https:\\\/\\\/helloproject.es\\\/vigilancia\\\/\",\"name\":\"bip4ex\",\"description\":\"Vigilancia Tecnol\u00f3gica\",\"publisher\":{\"@id\":\"https:\\\/\\\/helloproject.es\\\/vigilancia\\\/#organization\"},\"potentialAction\":[{\"@type\":\"SearchAction\",\"target\":{\"@type\":\"EntryPoint\",\"urlTemplate\":\"https:\\\/\\\/helloproject.es\\\/vigilancia\\\/?s={search_term_string}\"},\"query-input\":{\"@type\":\"PropertyValueSpecification\",\"valueRequired\":true,\"valueName\":\"search_term_string\"}}],\"inLanguage\":\"es\"},{\"@type\":\"Organization\",\"@id\":\"https:\\\/\\\/helloproject.es\\\/vigilancia\\\/#organization\",\"name\":\"Helloproject.es\",\"url\":\"https:\\\/\\\/helloproject.es\\\/vigilancia\\\/\",\"logo\":{\"@type\":\"ImageObject\",\"inLanguage\":\"es\",\"@id\":\"https:\\\/\\\/helloproject.es\\\/vigilancia\\\/#\\\/schema\\\/logo\\\/image\\\/\",\"url\":\"https:\\\/\\\/helloproject.es\\\/vigilancia\\\/wp-content\\\/uploads\\\/2023\\\/07\\\/bip4ex.png\",\"contentUrl\":\"https:\\\/\\\/helloproject.es\\\/vigilancia\\\/wp-content\\\/uploads\\\/2023\\\/07\\\/bip4ex.png\",\"width\":322,\"height\":365,\"caption\":\"Helloproject.es\"},\"image\":{\"@id\":\"https:\\\/\\\/helloproject.es\\\/vigilancia\\\/#\\\/schema\\\/logo\\\/image\\\/\"}},{\"@type\":\"Person\",\"@id\":\"https:\\\/\\\/helloproject.es\\\/vigilancia\\\/#\\\/schema\\\/person\\\/3767b0619d59a11570372c821f8619ca\",\"name\":\"Luis Miguel Mej\u00edas Ramos\",\"url\":\"https:\\\/\\\/helloproject.es\\\/vigilancia\\\/author\\\/luismi\\\/\"}]}<\/script>\n<!-- \/ Yoast SEO Premium plugin. -->","yoast_head_json":{"title":"Impulso Estrat\u00e9gico a las Tecnolog\u00edas Cu\u00e1nticas en Espa\u00f1a: Una Oportunidad Clave de Financiaci\u00f3n para Proyectos Innovadores evalue asesores - bip4ex","robots":{"index":"index","follow":"follow","max-snippet":"max-snippet:-1","max-image-preview":"max-image-preview:large","max-video-preview":"max-video-preview:-1"},"canonical":"https:\/\/helloproject.es\/vigilancia\/impulso-estrategico-a-las-tecnologias-cuanticas-en-espana-una-oportunidad-clave-de-financiacion-para-proyectos-innovadores-evalue-asesores\/","og_locale":"es_ES","og_type":"article","og_title":"Impulso Estrat\u00e9gico a las Tecnolog\u00edas Cu\u00e1nticas en Espa\u00f1a: Una Oportunidad Clave de Financiaci\u00f3n para Proyectos Innovadores evalue asesores","og_description":"Espa\u00f1a lanza su Estrategia Nacional de Tecnolog\u00edas Cu\u00e1nticas, una hoja de ruta ambiciosa dotada con m\u00e1s de 70 millones de euros a trav\u00e9s del Plan de Recuperaci\u00f3n, Transformaci\u00f3n y Resiliencia (PRTR). Esta iniciativa supone un hito clave para posicionar a nuestro pa\u00eds a la vanguardia de la investigaci\u00f3n y desarrollo en computaci\u00f3n cu\u00e1ntica, comunicaciones seguras [&hellip;]","og_url":"https:\/\/helloproject.es\/vigilancia\/impulso-estrategico-a-las-tecnologias-cuanticas-en-espana-una-oportunidad-clave-de-financiacion-para-proyectos-innovadores-evalue-asesores\/","og_site_name":"bip4ex","article_published_time":"2025-06-20T08:29:01+00:00","author":"Luis Miguel Mej\u00edas Ramos","twitter_card":"summary_large_image","twitter_misc":{"Escrito por":"Luis Miguel Mej\u00edas Ramos","Tiempo de lectura":"3 minutos"},"schema":{"@context":"https:\/\/schema.org","@graph":[{"@type":"Article","@id":"https:\/\/helloproject.es\/vigilancia\/impulso-estrategico-a-las-tecnologias-cuanticas-en-espana-una-oportunidad-clave-de-financiacion-para-proyectos-innovadores-evalue-asesores\/#article","isPartOf":{"@id":"https:\/\/helloproject.es\/vigilancia\/impulso-estrategico-a-las-tecnologias-cuanticas-en-espana-una-oportunidad-clave-de-financiacion-para-proyectos-innovadores-evalue-asesores\/"},"author":{"name":"Luis Miguel Mej\u00edas Ramos","@id":"https:\/\/helloproject.es\/vigilancia\/#\/schema\/person\/3767b0619d59a11570372c821f8619ca"},"headline":"Impulso Estrat\u00e9gico a las Tecnolog\u00edas Cu\u00e1nticas en Espa\u00f1a: Una Oportunidad Clave de Financiaci\u00f3n para Proyectos Innovadores evalue asesores","datePublished":"2025-06-20T08:29:01+00:00","mainEntityOfPage":{"@id":"https:\/\/helloproject.es\/vigilancia\/impulso-estrategico-a-las-tecnologias-cuanticas-en-espana-una-oportunidad-clave-de-financiacion-para-proyectos-innovadores-evalue-asesores\/"},"wordCount":566,"publisher":{"@id":"https:\/\/helloproject.es\/vigilancia\/#organization"},"image":{"@id":"https:\/\/helloproject.es\/vigilancia\/impulso-estrategico-a-las-tecnologias-cuanticas-en-espana-una-oportunidad-clave-de-financiacion-para-proyectos-innovadores-evalue-asesores\/#primaryimage"},"thumbnailUrl":"https:\/\/www.evalueconsultores.com\/wp-content\/uploads\/2023\/07\/85-2-300x300.png","articleSection":["Ayudas y Subvenciones","Noticias","Publicaciones"],"inLanguage":"es"},{"@type":"WebPage","@id":"https:\/\/helloproject.es\/vigilancia\/impulso-estrategico-a-las-tecnologias-cuanticas-en-espana-una-oportunidad-clave-de-financiacion-para-proyectos-innovadores-evalue-asesores\/","url":"https:\/\/helloproject.es\/vigilancia\/impulso-estrategico-a-las-tecnologias-cuanticas-en-espana-una-oportunidad-clave-de-financiacion-para-proyectos-innovadores-evalue-asesores\/","name":"Impulso Estrat\u00e9gico a las Tecnolog\u00edas Cu\u00e1nticas en Espa\u00f1a: Una Oportunidad Clave de Financiaci\u00f3n para Proyectos Innovadores evalue asesores - bip4ex","isPartOf":{"@id":"https:\/\/helloproject.es\/vigilancia\/#website"},"primaryImageOfPage":{"@id":"https:\/\/helloproject.es\/vigilancia\/impulso-estrategico-a-las-tecnologias-cuanticas-en-espana-una-oportunidad-clave-de-financiacion-para-proyectos-innovadores-evalue-asesores\/#primaryimage"},"image":{"@id":"https:\/\/helloproject.es\/vigilancia\/impulso-estrategico-a-las-tecnologias-cuanticas-en-espana-una-oportunidad-clave-de-financiacion-para-proyectos-innovadores-evalue-asesores\/#primaryimage"},"thumbnailUrl":"https:\/\/www.evalueconsultores.com\/wp-content\/uploads\/2023\/07\/85-2-300x300.png","datePublished":"2025-06-20T08:29:01+00:00","breadcrumb":{"@id":"https:\/\/helloproject.es\/vigilancia\/impulso-estrategico-a-las-tecnologias-cuanticas-en-espana-una-oportunidad-clave-de-financiacion-para-proyectos-innovadores-evalue-asesores\/#breadcrumb"},"inLanguage":"es","potentialAction":[{"@type":"ReadAction","target":["https:\/\/helloproject.es\/vigilancia\/impulso-estrategico-a-las-tecnologias-cuanticas-en-espana-una-oportunidad-clave-de-financiacion-para-proyectos-innovadores-evalue-asesores\/"]}]},{"@type":"ImageObject","inLanguage":"es","@id":"https:\/\/helloproject.es\/vigilancia\/impulso-estrategico-a-las-tecnologias-cuanticas-en-espana-una-oportunidad-clave-de-financiacion-para-proyectos-innovadores-evalue-asesores\/#primaryimage","url":"https:\/\/www.evalueconsultores.com\/wp-content\/uploads\/2023\/07\/85-2-300x300.png","contentUrl":"https:\/\/www.evalueconsultores.com\/wp-content\/uploads\/2023\/07\/85-2-300x300.png"},{"@type":"BreadcrumbList","@id":"https:\/\/helloproject.es\/vigilancia\/impulso-estrategico-a-las-tecnologias-cuanticas-en-espana-una-oportunidad-clave-de-financiacion-para-proyectos-innovadores-evalue-asesores\/#breadcrumb","itemListElement":[{"@type":"ListItem","position":1,"name":"Home","item":"https:\/\/helloproject.es\/vigilancia\/"},{"@type":"ListItem","position":2,"name":"Impulso Estrat\u00e9gico a las Tecnolog\u00edas Cu\u00e1nticas en Espa\u00f1a: Una Oportunidad Clave de Financiaci\u00f3n para Proyectos Innovadores evalue asesores"}]},{"@type":"WebSite","@id":"https:\/\/helloproject.es\/vigilancia\/#website","url":"https:\/\/helloproject.es\/vigilancia\/","name":"bip4ex","description":"Vigilancia Tecnol\u00f3gica","publisher":{"@id":"https:\/\/helloproject.es\/vigilancia\/#organization"},"potentialAction":[{"@type":"SearchAction","target":{"@type":"EntryPoint","urlTemplate":"https:\/\/helloproject.es\/vigilancia\/?s={search_term_string}"},"query-input":{"@type":"PropertyValueSpecification","valueRequired":true,"valueName":"search_term_string"}}],"inLanguage":"es"},{"@type":"Organization","@id":"https:\/\/helloproject.es\/vigilancia\/#organization","name":"Helloproject.es","url":"https:\/\/helloproject.es\/vigilancia\/","logo":{"@type":"ImageObject","inLanguage":"es","@id":"https:\/\/helloproject.es\/vigilancia\/#\/schema\/logo\/image\/","url":"https:\/\/helloproject.es\/vigilancia\/wp-content\/uploads\/2023\/07\/bip4ex.png","contentUrl":"https:\/\/helloproject.es\/vigilancia\/wp-content\/uploads\/2023\/07\/bip4ex.png","width":322,"height":365,"caption":"Helloproject.es"},"image":{"@id":"https:\/\/helloproject.es\/vigilancia\/#\/schema\/logo\/image\/"}},{"@type":"Person","@id":"https:\/\/helloproject.es\/vigilancia\/#\/schema\/person\/3767b0619d59a11570372c821f8619ca","name":"Luis Miguel Mej\u00edas Ramos","url":"https:\/\/helloproject.es\/vigilancia\/author\/luismi\/"}]}},"_links":{"self":[{"href":"https:\/\/helloproject.es\/vigilancia\/wp-json\/wp\/v2\/posts\/137125","targetHints":{"allow":["GET"]}}],"collection":[{"href":"https:\/\/helloproject.es\/vigilancia\/wp-json\/wp\/v2\/posts"}],"about":[{"href":"https:\/\/helloproject.es\/vigilancia\/wp-json\/wp\/v2\/types\/post"}],"author":[{"embeddable":true,"href":"https:\/\/helloproject.es\/vigilancia\/wp-json\/wp\/v2\/users\/5"}],"replies":[{"embeddable":true,"href":"https:\/\/helloproject.es\/vigilancia\/wp-json\/wp\/v2\/comments?post=137125"}],"version-history":[{"count":0,"href":"https:\/\/helloproject.es\/vigilancia\/wp-json\/wp\/v2\/posts\/137125\/revisions"}],"wp:attachment":[{"href":"https:\/\/helloproject.es\/vigilancia\/wp-json\/wp\/v2\/media?parent=137125"}],"wp:term":[{"taxonomy":"category","embeddable":true,"href":"https:\/\/helloproject.es\/vigilancia\/wp-json\/wp\/v2\/categories?post=137125"},{"taxonomy":"post_tag","embeddable":true,"href":"https:\/\/helloproject.es\/vigilancia\/wp-json\/wp\/v2\/tags?post=137125"}],"curies":[{"name":"wp","href":"https:\/\/api.w.org\/{rel}","templated":true}]}}