{"id":141058,"date":"2025-06-26T07:28:55","date_gmt":"2025-06-26T06:28:55","guid":{"rendered":"https:\/\/helloproject.es\/vigilancia\/extracto-de-la-resolucion-de-25-de-junio-2025-de-la-direccion-provincial-del-servicio-publico-de-empleo-estatal-de-salamanca-por-la-que-se-anuncia-convocatoria-para-subvencionar-en-regimen-de-concesi\/"},"modified":"2025-06-26T07:28:55","modified_gmt":"2025-06-26T06:28:55","slug":"extracto-de-la-resolucion-de-25-de-junio-2025-de-la-direccion-provincial-del-servicio-publico-de-empleo-estatal-de-salamanca-por-la-que-se-anuncia-convocatoria-para-subvencionar-en-regimen-de-concesi","status":"publish","type":"post","link":"https:\/\/helloproject.es\/vigilancia\/extracto-de-la-resolucion-de-25-de-junio-2025-de-la-direccion-provincial-del-servicio-publico-de-empleo-estatal-de-salamanca-por-la-que-se-anuncia-convocatoria-para-subvencionar-en-regimen-de-concesi\/","title":{"rendered":"Extracto de la Resoluci\u00f3n de 25 de junio 2025 de la Direcci\u00f3n Provincial del Servicio P\u00fablico de Empleo Estatal de Salamanca por la que se anuncia convocatoria para subvencionar, en r\u00e9gimen de concesi\u00f3n directa, la ejecuci\u00f3n de proyectos de obras y servicios de inter\u00e9s general y social de garant\u00edas de rentas, con cargo a los fondos del programa de fomento de empleo agrario del ejercicio 2025."},"content":{"rendered":"<p>Ministerio de Trabajo y Econom\u00eda Social &#8211; Publicado el 26\/06\/2025 &#8211; Referencia: BOE-B-2025-24059<\/p>","protected":false},"excerpt":{"rendered":"<p>Ministerio de Trabajo y Econom\u00eda Social &#8211; Publicado el 26\/06\/2025 &#8211; Referencia: BOE-B-2025-24059<\/p>\n","protected":false},"author":5,"featured_media":0,"comment_status":"","ping_status":"","sticky":false,"template":"","format":"standard","meta":{"site-sidebar-layout":"default","site-content-layout":"","ast-site-content-layout":"default","site-content-style":"default","site-sidebar-style":"default","ast-global-header-display":"","ast-banner-title-visibility":"","ast-main-header-display":"","ast-hfb-above-header-display":"","ast-hfb-below-header-display":"","ast-hfb-mobile-header-display":"","site-post-title":"","ast-breadcrumbs-content":"","ast-featured-img":"","footer-sml-layout":"","ast-disable-related-posts":"","theme-transparent-header-meta":"","adv-header-id-meta":"","stick-header-meta":"","header-above-stick-meta":"","header-main-stick-meta":"","header-below-stick-meta":"","astra-migrate-meta-layouts":"default","ast-page-background-enabled":"default","ast-page-background-meta":{"desktop":{"background-color":"var(--ast-global-color-4)","background-image":"","background-repeat":"repeat","background-position":"center center","background-size":"auto","background-attachment":"scroll","background-type":"","background-media":"","overlay-type":"","overlay-color":"","overlay-opacity":"","overlay-gradient":""},"tablet":{"background-color":"","background-image":"","background-repeat":"repeat","background-position":"center center","background-size":"auto","background-attachment":"scroll","background-type":"","background-media":"","overlay-type":"","overlay-color":"","overlay-opacity":"","overlay-gradient":""},"mobile":{"background-color":"","background-image":"","background-repeat":"repeat","background-position":"center center","background-size":"auto","background-attachment":"scroll","background-type":"","background-media":"","overlay-type":"","overlay-color":"","overlay-opacity":"","overlay-gradient":""}},"ast-content-background-meta":{"desktop":{"background-color":"var(--ast-global-color-5)","background-image":"","background-repeat":"repeat","background-position":"center center","background-size":"auto","background-attachment":"scroll","background-type":"","background-media":"","overlay-type":"","overlay-color":"","overlay-opacity":"","overlay-gradient":""},"tablet":{"background-color":"var(--ast-global-color-5)","background-image":"","background-repeat":"repeat","background-position":"center center","background-size":"auto","background-attachment":"scroll","background-type":"","background-media":"","overlay-type":"","overlay-color":"","overlay-opacity":"","overlay-gradient":""},"mobile":{"background-color":"var(--ast-global-color-5)","background-image":"","background-repeat":"repeat","background-position":"center center","background-size":"auto","background-attachment":"scroll","background-type":"","background-media":"","overlay-type":"","overlay-color":"","overlay-opacity":"","overlay-gradient":""}},"footnotes":""},"categories":[8],"tags":[],"class_list":["post-141058","post","type-post","status-publish","format-standard","hentry","category-ayudas-y-subvenciones"],"yoast_head":"<!-- This site is optimized with the Yoast SEO Premium plugin v20.9 (Yoast SEO v27.4) - https:\/\/yoast.com\/product\/yoast-seo-premium-wordpress\/ -->\n<title>Extracto de la Resoluci\u00f3n de 25 de junio 2025 de la Direcci\u00f3n Provincial del Servicio P\u00fablico de Empleo Estatal de Salamanca por la que se anuncia convocatoria para subvencionar, en r\u00e9gimen de concesi\u00f3n directa, la ejecuci\u00f3n de proyectos de obras y servicios de inter\u00e9s general y social de garant\u00edas de rentas, con cargo a los fondos del programa de fomento de empleo agrario del ejercicio 2025. - bip4ex<\/title>\n<meta name=\"robots\" content=\"index, follow, max-snippet:-1, max-image-preview:large, max-video-preview:-1\" \/>\n<link rel=\"canonical\" href=\"https:\/\/helloproject.es\/vigilancia\/extracto-de-la-resolucion-de-25-de-junio-2025-de-la-direccion-provincial-del-servicio-publico-de-empleo-estatal-de-salamanca-por-la-que-se-anuncia-convocatoria-para-subvencionar-en-regimen-de-concesi\/\" \/>\n<meta property=\"og:locale\" content=\"es_ES\" \/>\n<meta property=\"og:type\" content=\"article\" \/>\n<meta property=\"og:title\" content=\"Extracto de la Resoluci\u00f3n de 25 de junio 2025 de la Direcci\u00f3n Provincial del Servicio P\u00fablico de Empleo Estatal de Salamanca por la que se anuncia convocatoria para subvencionar, en r\u00e9gimen de concesi\u00f3n directa, la ejecuci\u00f3n de proyectos de obras y servicios de inter\u00e9s general y social de garant\u00edas de rentas, con cargo a los fondos del programa de fomento de empleo agrario del ejercicio 2025.\" \/>\n<meta property=\"og:description\" content=\"Ministerio de Trabajo y Econom\u00eda Social &#8211; Publicado el 26\/06\/2025 &#8211; Referencia: BOE-B-2025-24059\" \/>\n<meta property=\"og:url\" content=\"https:\/\/helloproject.es\/vigilancia\/extracto-de-la-resolucion-de-25-de-junio-2025-de-la-direccion-provincial-del-servicio-publico-de-empleo-estatal-de-salamanca-por-la-que-se-anuncia-convocatoria-para-subvencionar-en-regimen-de-concesi\/\" \/>\n<meta property=\"og:site_name\" content=\"bip4ex\" \/>\n<meta property=\"article:published_time\" content=\"2025-06-26T06:28:55+00:00\" \/>\n<meta name=\"author\" content=\"Luis Miguel Mej\u00edas Ramos\" \/>\n<meta name=\"twitter:card\" content=\"summary_large_image\" \/>\n<meta name=\"twitter:label1\" content=\"Escrito por\" \/>\n\t<meta name=\"twitter:data1\" content=\"Luis Miguel Mej\u00edas Ramos\" \/>\n<script type=\"application\/ld+json\" class=\"yoast-schema-graph\">{\"@context\":\"https:\\\/\\\/schema.org\",\"@graph\":[{\"@type\":\"Article\",\"@id\":\"https:\\\/\\\/helloproject.es\\\/vigilancia\\\/extracto-de-la-resolucion-de-25-de-junio-2025-de-la-direccion-provincial-del-servicio-publico-de-empleo-estatal-de-salamanca-por-la-que-se-anuncia-convocatoria-para-subvencionar-en-regimen-de-concesi\\\/#article\",\"isPartOf\":{\"@id\":\"https:\\\/\\\/helloproject.es\\\/vigilancia\\\/extracto-de-la-resolucion-de-25-de-junio-2025-de-la-direccion-provincial-del-servicio-publico-de-empleo-estatal-de-salamanca-por-la-que-se-anuncia-convocatoria-para-subvencionar-en-regimen-de-concesi\\\/\"},\"author\":{\"name\":\"Luis Miguel Mej\u00edas Ramos\",\"@id\":\"https:\\\/\\\/helloproject.es\\\/vigilancia\\\/#\\\/schema\\\/person\\\/3767b0619d59a11570372c821f8619ca\"},\"headline\":\"Extracto de la Resoluci\u00f3n de 25 de junio 2025 de la Direcci\u00f3n Provincial del Servicio P\u00fablico de Empleo Estatal de Salamanca por la que se anuncia convocatoria para subvencionar, en r\u00e9gimen de concesi\u00f3n directa, la ejecuci\u00f3n de proyectos de obras y servicios de inter\u00e9s general y social de garant\u00edas de rentas, con cargo a los fondos del programa de fomento de empleo agrario del ejercicio 2025.\",\"datePublished\":\"2025-06-26T06:28:55+00:00\",\"mainEntityOfPage\":{\"@id\":\"https:\\\/\\\/helloproject.es\\\/vigilancia\\\/extracto-de-la-resolucion-de-25-de-junio-2025-de-la-direccion-provincial-del-servicio-publico-de-empleo-estatal-de-salamanca-por-la-que-se-anuncia-convocatoria-para-subvencionar-en-regimen-de-concesi\\\/\"},\"wordCount\":85,\"publisher\":{\"@id\":\"https:\\\/\\\/helloproject.es\\\/vigilancia\\\/#organization\"},\"articleSection\":[\"Ayudas y Subvenciones\"],\"inLanguage\":\"es\"},{\"@type\":\"WebPage\",\"@id\":\"https:\\\/\\\/helloproject.es\\\/vigilancia\\\/extracto-de-la-resolucion-de-25-de-junio-2025-de-la-direccion-provincial-del-servicio-publico-de-empleo-estatal-de-salamanca-por-la-que-se-anuncia-convocatoria-para-subvencionar-en-regimen-de-concesi\\\/\",\"url\":\"https:\\\/\\\/helloproject.es\\\/vigilancia\\\/extracto-de-la-resolucion-de-25-de-junio-2025-de-la-direccion-provincial-del-servicio-publico-de-empleo-estatal-de-salamanca-por-la-que-se-anuncia-convocatoria-para-subvencionar-en-regimen-de-concesi\\\/\",\"name\":\"Extracto de la Resoluci\u00f3n de 25 de junio 2025 de la Direcci\u00f3n Provincial del Servicio P\u00fablico de Empleo Estatal de Salamanca por la que se anuncia convocatoria para subvencionar, en r\u00e9gimen de concesi\u00f3n directa, la ejecuci\u00f3n de proyectos de obras y servicios de inter\u00e9s general y social de garant\u00edas de rentas, con cargo a los fondos del programa de fomento de empleo agrario del ejercicio 2025. - bip4ex\",\"isPartOf\":{\"@id\":\"https:\\\/\\\/helloproject.es\\\/vigilancia\\\/#website\"},\"datePublished\":\"2025-06-26T06:28:55+00:00\",\"breadcrumb\":{\"@id\":\"https:\\\/\\\/helloproject.es\\\/vigilancia\\\/extracto-de-la-resolucion-de-25-de-junio-2025-de-la-direccion-provincial-del-servicio-publico-de-empleo-estatal-de-salamanca-por-la-que-se-anuncia-convocatoria-para-subvencionar-en-regimen-de-concesi\\\/#breadcrumb\"},\"inLanguage\":\"es\",\"potentialAction\":[{\"@type\":\"ReadAction\",\"target\":[\"https:\\\/\\\/helloproject.es\\\/vigilancia\\\/extracto-de-la-resolucion-de-25-de-junio-2025-de-la-direccion-provincial-del-servicio-publico-de-empleo-estatal-de-salamanca-por-la-que-se-anuncia-convocatoria-para-subvencionar-en-regimen-de-concesi\\\/\"]}]},{\"@type\":\"BreadcrumbList\",\"@id\":\"https:\\\/\\\/helloproject.es\\\/vigilancia\\\/extracto-de-la-resolucion-de-25-de-junio-2025-de-la-direccion-provincial-del-servicio-publico-de-empleo-estatal-de-salamanca-por-la-que-se-anuncia-convocatoria-para-subvencionar-en-regimen-de-concesi\\\/#breadcrumb\",\"itemListElement\":[{\"@type\":\"ListItem\",\"position\":1,\"name\":\"Home\",\"item\":\"https:\\\/\\\/helloproject.es\\\/vigilancia\\\/\"},{\"@type\":\"ListItem\",\"position\":2,\"name\":\"Extracto de la Resoluci\u00f3n de 25 de junio 2025 de la Direcci\u00f3n Provincial del Servicio P\u00fablico de Empleo Estatal de Salamanca por la que se anuncia convocatoria para subvencionar, en r\u00e9gimen de concesi\u00f3n directa, la ejecuci\u00f3n de proyectos de obras y servicios de inter\u00e9s general y social de garant\u00edas de rentas, con cargo a los fondos del programa de fomento de empleo agrario del ejercicio 2025.\"}]},{\"@type\":\"WebSite\",\"@id\":\"https:\\\/\\\/helloproject.es\\\/vigilancia\\\/#website\",\"url\":\"https:\\\/\\\/helloproject.es\\\/vigilancia\\\/\",\"name\":\"bip4ex\",\"description\":\"Vigilancia Tecnol\u00f3gica\",\"publisher\":{\"@id\":\"https:\\\/\\\/helloproject.es\\\/vigilancia\\\/#organization\"},\"potentialAction\":[{\"@type\":\"SearchAction\",\"target\":{\"@type\":\"EntryPoint\",\"urlTemplate\":\"https:\\\/\\\/helloproject.es\\\/vigilancia\\\/?s={search_term_string}\"},\"query-input\":{\"@type\":\"PropertyValueSpecification\",\"valueRequired\":true,\"valueName\":\"search_term_string\"}}],\"inLanguage\":\"es\"},{\"@type\":\"Organization\",\"@id\":\"https:\\\/\\\/helloproject.es\\\/vigilancia\\\/#organization\",\"name\":\"Helloproject.es\",\"url\":\"https:\\\/\\\/helloproject.es\\\/vigilancia\\\/\",\"logo\":{\"@type\":\"ImageObject\",\"inLanguage\":\"es\",\"@id\":\"https:\\\/\\\/helloproject.es\\\/vigilancia\\\/#\\\/schema\\\/logo\\\/image\\\/\",\"url\":\"https:\\\/\\\/helloproject.es\\\/vigilancia\\\/wp-content\\\/uploads\\\/2023\\\/07\\\/bip4ex.png\",\"contentUrl\":\"https:\\\/\\\/helloproject.es\\\/vigilancia\\\/wp-content\\\/uploads\\\/2023\\\/07\\\/bip4ex.png\",\"width\":322,\"height\":365,\"caption\":\"Helloproject.es\"},\"image\":{\"@id\":\"https:\\\/\\\/helloproject.es\\\/vigilancia\\\/#\\\/schema\\\/logo\\\/image\\\/\"}},{\"@type\":\"Person\",\"@id\":\"https:\\\/\\\/helloproject.es\\\/vigilancia\\\/#\\\/schema\\\/person\\\/3767b0619d59a11570372c821f8619ca\",\"name\":\"Luis Miguel Mej\u00edas Ramos\",\"url\":\"https:\\\/\\\/helloproject.es\\\/vigilancia\\\/author\\\/luismi\\\/\"}]}<\/script>\n<!-- \/ Yoast SEO Premium plugin. -->","yoast_head_json":{"title":"Extracto de la Resoluci\u00f3n de 25 de junio 2025 de la Direcci\u00f3n Provincial del Servicio P\u00fablico de Empleo Estatal de Salamanca por la que se anuncia convocatoria para subvencionar, en r\u00e9gimen de concesi\u00f3n directa, la ejecuci\u00f3n de proyectos de obras y servicios de inter\u00e9s general y social de garant\u00edas de rentas, con cargo a los fondos del programa de fomento de empleo agrario del ejercicio 2025. - bip4ex","robots":{"index":"index","follow":"follow","max-snippet":"max-snippet:-1","max-image-preview":"max-image-preview:large","max-video-preview":"max-video-preview:-1"},"canonical":"https:\/\/helloproject.es\/vigilancia\/extracto-de-la-resolucion-de-25-de-junio-2025-de-la-direccion-provincial-del-servicio-publico-de-empleo-estatal-de-salamanca-por-la-que-se-anuncia-convocatoria-para-subvencionar-en-regimen-de-concesi\/","og_locale":"es_ES","og_type":"article","og_title":"Extracto de la Resoluci\u00f3n de 25 de junio 2025 de la Direcci\u00f3n Provincial del Servicio P\u00fablico de Empleo Estatal de Salamanca por la que se anuncia convocatoria para subvencionar, en r\u00e9gimen de concesi\u00f3n directa, la ejecuci\u00f3n de proyectos de obras y servicios de inter\u00e9s general y social de garant\u00edas de rentas, con cargo a los fondos del programa de fomento de empleo agrario del ejercicio 2025.","og_description":"Ministerio de Trabajo y Econom\u00eda Social &#8211; Publicado el 26\/06\/2025 &#8211; Referencia: BOE-B-2025-24059","og_url":"https:\/\/helloproject.es\/vigilancia\/extracto-de-la-resolucion-de-25-de-junio-2025-de-la-direccion-provincial-del-servicio-publico-de-empleo-estatal-de-salamanca-por-la-que-se-anuncia-convocatoria-para-subvencionar-en-regimen-de-concesi\/","og_site_name":"bip4ex","article_published_time":"2025-06-26T06:28:55+00:00","author":"Luis Miguel Mej\u00edas Ramos","twitter_card":"summary_large_image","twitter_misc":{"Escrito por":"Luis Miguel Mej\u00edas Ramos"},"schema":{"@context":"https:\/\/schema.org","@graph":[{"@type":"Article","@id":"https:\/\/helloproject.es\/vigilancia\/extracto-de-la-resolucion-de-25-de-junio-2025-de-la-direccion-provincial-del-servicio-publico-de-empleo-estatal-de-salamanca-por-la-que-se-anuncia-convocatoria-para-subvencionar-en-regimen-de-concesi\/#article","isPartOf":{"@id":"https:\/\/helloproject.es\/vigilancia\/extracto-de-la-resolucion-de-25-de-junio-2025-de-la-direccion-provincial-del-servicio-publico-de-empleo-estatal-de-salamanca-por-la-que-se-anuncia-convocatoria-para-subvencionar-en-regimen-de-concesi\/"},"author":{"name":"Luis Miguel Mej\u00edas Ramos","@id":"https:\/\/helloproject.es\/vigilancia\/#\/schema\/person\/3767b0619d59a11570372c821f8619ca"},"headline":"Extracto de la Resoluci\u00f3n de 25 de junio 2025 de la Direcci\u00f3n Provincial del Servicio P\u00fablico de Empleo Estatal de Salamanca por la que se anuncia convocatoria para subvencionar, en r\u00e9gimen de concesi\u00f3n directa, la ejecuci\u00f3n de proyectos de obras y servicios de inter\u00e9s general y social de garant\u00edas de rentas, con cargo a los fondos del programa de fomento de empleo agrario del ejercicio 2025.","datePublished":"2025-06-26T06:28:55+00:00","mainEntityOfPage":{"@id":"https:\/\/helloproject.es\/vigilancia\/extracto-de-la-resolucion-de-25-de-junio-2025-de-la-direccion-provincial-del-servicio-publico-de-empleo-estatal-de-salamanca-por-la-que-se-anuncia-convocatoria-para-subvencionar-en-regimen-de-concesi\/"},"wordCount":85,"publisher":{"@id":"https:\/\/helloproject.es\/vigilancia\/#organization"},"articleSection":["Ayudas y Subvenciones"],"inLanguage":"es"},{"@type":"WebPage","@id":"https:\/\/helloproject.es\/vigilancia\/extracto-de-la-resolucion-de-25-de-junio-2025-de-la-direccion-provincial-del-servicio-publico-de-empleo-estatal-de-salamanca-por-la-que-se-anuncia-convocatoria-para-subvencionar-en-regimen-de-concesi\/","url":"https:\/\/helloproject.es\/vigilancia\/extracto-de-la-resolucion-de-25-de-junio-2025-de-la-direccion-provincial-del-servicio-publico-de-empleo-estatal-de-salamanca-por-la-que-se-anuncia-convocatoria-para-subvencionar-en-regimen-de-concesi\/","name":"Extracto de la Resoluci\u00f3n de 25 de junio 2025 de la Direcci\u00f3n Provincial del Servicio P\u00fablico de Empleo Estatal de Salamanca por la que se anuncia convocatoria para subvencionar, en r\u00e9gimen de concesi\u00f3n directa, la ejecuci\u00f3n de proyectos de obras y servicios de inter\u00e9s general y social de garant\u00edas de rentas, con cargo a los fondos del programa de fomento de empleo agrario del ejercicio 2025. - bip4ex","isPartOf":{"@id":"https:\/\/helloproject.es\/vigilancia\/#website"},"datePublished":"2025-06-26T06:28:55+00:00","breadcrumb":{"@id":"https:\/\/helloproject.es\/vigilancia\/extracto-de-la-resolucion-de-25-de-junio-2025-de-la-direccion-provincial-del-servicio-publico-de-empleo-estatal-de-salamanca-por-la-que-se-anuncia-convocatoria-para-subvencionar-en-regimen-de-concesi\/#breadcrumb"},"inLanguage":"es","potentialAction":[{"@type":"ReadAction","target":["https:\/\/helloproject.es\/vigilancia\/extracto-de-la-resolucion-de-25-de-junio-2025-de-la-direccion-provincial-del-servicio-publico-de-empleo-estatal-de-salamanca-por-la-que-se-anuncia-convocatoria-para-subvencionar-en-regimen-de-concesi\/"]}]},{"@type":"BreadcrumbList","@id":"https:\/\/helloproject.es\/vigilancia\/extracto-de-la-resolucion-de-25-de-junio-2025-de-la-direccion-provincial-del-servicio-publico-de-empleo-estatal-de-salamanca-por-la-que-se-anuncia-convocatoria-para-subvencionar-en-regimen-de-concesi\/#breadcrumb","itemListElement":[{"@type":"ListItem","position":1,"name":"Home","item":"https:\/\/helloproject.es\/vigilancia\/"},{"@type":"ListItem","position":2,"name":"Extracto de la Resoluci\u00f3n de 25 de junio 2025 de la Direcci\u00f3n Provincial del Servicio P\u00fablico de Empleo Estatal de Salamanca por la que se anuncia convocatoria para subvencionar, en r\u00e9gimen de concesi\u00f3n directa, la ejecuci\u00f3n de proyectos de obras y servicios de inter\u00e9s general y social de garant\u00edas de rentas, con cargo a los fondos del programa de fomento de empleo agrario del ejercicio 2025."}]},{"@type":"WebSite","@id":"https:\/\/helloproject.es\/vigilancia\/#website","url":"https:\/\/helloproject.es\/vigilancia\/","name":"bip4ex","description":"Vigilancia Tecnol\u00f3gica","publisher":{"@id":"https:\/\/helloproject.es\/vigilancia\/#organization"},"potentialAction":[{"@type":"SearchAction","target":{"@type":"EntryPoint","urlTemplate":"https:\/\/helloproject.es\/vigilancia\/?s={search_term_string}"},"query-input":{"@type":"PropertyValueSpecification","valueRequired":true,"valueName":"search_term_string"}}],"inLanguage":"es"},{"@type":"Organization","@id":"https:\/\/helloproject.es\/vigilancia\/#organization","name":"Helloproject.es","url":"https:\/\/helloproject.es\/vigilancia\/","logo":{"@type":"ImageObject","inLanguage":"es","@id":"https:\/\/helloproject.es\/vigilancia\/#\/schema\/logo\/image\/","url":"https:\/\/helloproject.es\/vigilancia\/wp-content\/uploads\/2023\/07\/bip4ex.png","contentUrl":"https:\/\/helloproject.es\/vigilancia\/wp-content\/uploads\/2023\/07\/bip4ex.png","width":322,"height":365,"caption":"Helloproject.es"},"image":{"@id":"https:\/\/helloproject.es\/vigilancia\/#\/schema\/logo\/image\/"}},{"@type":"Person","@id":"https:\/\/helloproject.es\/vigilancia\/#\/schema\/person\/3767b0619d59a11570372c821f8619ca","name":"Luis Miguel Mej\u00edas Ramos","url":"https:\/\/helloproject.es\/vigilancia\/author\/luismi\/"}]}},"_links":{"self":[{"href":"https:\/\/helloproject.es\/vigilancia\/wp-json\/wp\/v2\/posts\/141058","targetHints":{"allow":["GET"]}}],"collection":[{"href":"https:\/\/helloproject.es\/vigilancia\/wp-json\/wp\/v2\/posts"}],"about":[{"href":"https:\/\/helloproject.es\/vigilancia\/wp-json\/wp\/v2\/types\/post"}],"author":[{"embeddable":true,"href":"https:\/\/helloproject.es\/vigilancia\/wp-json\/wp\/v2\/users\/5"}],"replies":[{"embeddable":true,"href":"https:\/\/helloproject.es\/vigilancia\/wp-json\/wp\/v2\/comments?post=141058"}],"version-history":[{"count":0,"href":"https:\/\/helloproject.es\/vigilancia\/wp-json\/wp\/v2\/posts\/141058\/revisions"}],"wp:attachment":[{"href":"https:\/\/helloproject.es\/vigilancia\/wp-json\/wp\/v2\/media?parent=141058"}],"wp:term":[{"taxonomy":"category","embeddable":true,"href":"https:\/\/helloproject.es\/vigilancia\/wp-json\/wp\/v2\/categories?post=141058"},{"taxonomy":"post_tag","embeddable":true,"href":"https:\/\/helloproject.es\/vigilancia\/wp-json\/wp\/v2\/tags?post=141058"}],"curies":[{"name":"wp","href":"https:\/\/api.w.org\/{rel}","templated":true}]}}