{"id":149023,"date":"2025-07-08T06:18:48","date_gmt":"2025-07-08T05:18:48","guid":{"rendered":"https:\/\/helloproject.es\/vigilancia\/el-consell-de-govern-aprueba-la-nueva-carta-de-servicios-del-samu-061-baleares\/"},"modified":"2025-07-08T06:18:48","modified_gmt":"2025-07-08T05:18:48","slug":"el-consell-de-govern-aprueba-la-nueva-carta-de-servicios-del-samu-061-baleares","status":"publish","type":"post","link":"https:\/\/helloproject.es\/vigilancia\/el-consell-de-govern-aprueba-la-nueva-carta-de-servicios-del-samu-061-baleares\/","title":{"rendered":"El Consell de Govern aprueba la nueva Carta de Servicios del SAMU 061 Baleares"},"content":{"rendered":"<p><img decoding=\"async\" src=\"https:\/\/www.infosalut.com\/images\/noticies\/institucions\/ins-epr685.jpg\" \/><\/p>\n<p>El Bolet\u00edn Oficial de las Illes Balears (<a href=\"https:\/\/www.caib.es\/eboibfront\/es\/2025\/12121\/702976\/resolucio-de-la-consellera-de-salut-per-la-qual-s-\" rel=\"noopener\">BOIB n\u00fam. 86, de 5 de julio de 2025<\/a>) ha publicado la Resoluci\u00f3n de la consellera de Salut por la que se aprueba la <strong>reelaboraci\u00f3n de la Carta de Servicios de la\u00a0<a href=\"https:\/\/www.caib.es\/seucaib\/ca\/organigrama\/488244\" target=\"_blank\" rel=\"noopener\">Gerencia de Atenci\u00f3n de Urgencias SAMU 061<\/a> Balears<\/strong>, del <a href=\"https:\/\/www.ibsalut.es\/es\" target=\"_blank\" rel=\"noopener\">Servei de Salut de les Illes Balears (IB-Salut)<\/a>. Esta Carta de Servicios actualiza los compromisos, recursos y est\u00e1ndares de calidad del servicio p\u00fablico de emergencias sanitarias extrahospitalarias, que opera las 24 horas del d\u00eda, los 365 d\u00edas del a\u00f1o en todo el territorio balear.<\/p>","protected":false},"excerpt":{"rendered":"<p>El Bolet\u00edn Oficial de las Illes Balears (BOIB n\u00fam. 86, de 5 de julio de 2025) ha publicado la Resoluci\u00f3n de la consellera de Salut por la que se aprueba la reelaboraci\u00f3n de la Carta de Servicios de la\u00a0Gerencia de Atenci\u00f3n de Urgencias SAMU 061 Balears, del Servei de Salut de les Illes Balears (IB-Salut). [&hellip;]<\/p>\n","protected":false},"author":5,"featured_media":0,"comment_status":"","ping_status":"","sticky":false,"template":"","format":"standard","meta":{"site-sidebar-layout":"default","site-content-layout":"","ast-site-content-layout":"default","site-content-style":"default","site-sidebar-style":"default","ast-global-header-display":"","ast-banner-title-visibility":"","ast-main-header-display":"","ast-hfb-above-header-display":"","ast-hfb-below-header-display":"","ast-hfb-mobile-header-display":"","site-post-title":"","ast-breadcrumbs-content":"","ast-featured-img":"","footer-sml-layout":"","ast-disable-related-posts":"","theme-transparent-header-meta":"","adv-header-id-meta":"","stick-header-meta":"","header-above-stick-meta":"","header-main-stick-meta":"","header-below-stick-meta":"","astra-migrate-meta-layouts":"default","ast-page-background-enabled":"default","ast-page-background-meta":{"desktop":{"background-color":"var(--ast-global-color-4)","background-image":"","background-repeat":"repeat","background-position":"center center","background-size":"auto","background-attachment":"scroll","background-type":"","background-media":"","overlay-type":"","overlay-color":"","overlay-opacity":"","overlay-gradient":""},"tablet":{"background-color":"","background-image":"","background-repeat":"repeat","background-position":"center center","background-size":"auto","background-attachment":"scroll","background-type":"","background-media":"","overlay-type":"","overlay-color":"","overlay-opacity":"","overlay-gradient":""},"mobile":{"background-color":"","background-image":"","background-repeat":"repeat","background-position":"center center","background-size":"auto","background-attachment":"scroll","background-type":"","background-media":"","overlay-type":"","overlay-color":"","overlay-opacity":"","overlay-gradient":""}},"ast-content-background-meta":{"desktop":{"background-color":"var(--ast-global-color-5)","background-image":"","background-repeat":"repeat","background-position":"center center","background-size":"auto","background-attachment":"scroll","background-type":"","background-media":"","overlay-type":"","overlay-color":"","overlay-opacity":"","overlay-gradient":""},"tablet":{"background-color":"var(--ast-global-color-5)","background-image":"","background-repeat":"repeat","background-position":"center center","background-size":"auto","background-attachment":"scroll","background-type":"","background-media":"","overlay-type":"","overlay-color":"","overlay-opacity":"","overlay-gradient":""},"mobile":{"background-color":"var(--ast-global-color-5)","background-image":"","background-repeat":"repeat","background-position":"center center","background-size":"auto","background-attachment":"scroll","background-type":"","background-media":"","overlay-type":"","overlay-color":"","overlay-opacity":"","overlay-gradient":""}},"footnotes":""},"categories":[5],"tags":[],"class_list":["post-149023","post","type-post","status-publish","format-standard","hentry","category-noticias"],"yoast_head":"<!-- This site is optimized with the Yoast SEO Premium plugin v20.9 (Yoast SEO v27.4) - https:\/\/yoast.com\/product\/yoast-seo-premium-wordpress\/ -->\n<title>El Consell de Govern aprueba la nueva Carta de Servicios del SAMU 061 Baleares - bip4ex<\/title>\n<meta name=\"robots\" content=\"index, follow, max-snippet:-1, max-image-preview:large, max-video-preview:-1\" \/>\n<link rel=\"canonical\" href=\"https:\/\/helloproject.es\/vigilancia\/el-consell-de-govern-aprueba-la-nueva-carta-de-servicios-del-samu-061-baleares\/\" \/>\n<meta property=\"og:locale\" content=\"es_ES\" \/>\n<meta property=\"og:type\" content=\"article\" \/>\n<meta property=\"og:title\" content=\"El Consell de Govern aprueba la nueva Carta de Servicios del SAMU 061 Baleares\" \/>\n<meta property=\"og:description\" content=\"El Bolet\u00edn Oficial de las Illes Balears (BOIB n\u00fam. 86, de 5 de julio de 2025) ha publicado la Resoluci\u00f3n de la consellera de Salut por la que se aprueba la reelaboraci\u00f3n de la Carta de Servicios de la\u00a0Gerencia de Atenci\u00f3n de Urgencias SAMU 061 Balears, del Servei de Salut de les Illes Balears (IB-Salut). [&hellip;]\" \/>\n<meta property=\"og:url\" content=\"https:\/\/helloproject.es\/vigilancia\/el-consell-de-govern-aprueba-la-nueva-carta-de-servicios-del-samu-061-baleares\/\" \/>\n<meta property=\"og:site_name\" content=\"bip4ex\" \/>\n<meta property=\"article:published_time\" content=\"2025-07-08T05:18:48+00:00\" \/>\n<meta property=\"og:image\" content=\"https:\/\/www.infosalut.com\/images\/noticies\/institucions\/ins-epr685.jpg\" \/>\n<meta name=\"author\" content=\"Luis Miguel Mej\u00edas Ramos\" \/>\n<meta name=\"twitter:card\" content=\"summary_large_image\" \/>\n<meta name=\"twitter:label1\" content=\"Escrito por\" \/>\n\t<meta name=\"twitter:data1\" content=\"Luis Miguel Mej\u00edas Ramos\" \/>\n<script type=\"application\/ld+json\" class=\"yoast-schema-graph\">{\"@context\":\"https:\\\/\\\/schema.org\",\"@graph\":[{\"@type\":\"Article\",\"@id\":\"https:\\\/\\\/helloproject.es\\\/vigilancia\\\/el-consell-de-govern-aprueba-la-nueva-carta-de-servicios-del-samu-061-baleares\\\/#article\",\"isPartOf\":{\"@id\":\"https:\\\/\\\/helloproject.es\\\/vigilancia\\\/el-consell-de-govern-aprueba-la-nueva-carta-de-servicios-del-samu-061-baleares\\\/\"},\"author\":{\"name\":\"Luis Miguel Mej\u00edas Ramos\",\"@id\":\"https:\\\/\\\/helloproject.es\\\/vigilancia\\\/#\\\/schema\\\/person\\\/3767b0619d59a11570372c821f8619ca\"},\"headline\":\"El Consell de Govern aprueba la nueva Carta de Servicios del SAMU 061 Baleares\",\"datePublished\":\"2025-07-08T05:18:48+00:00\",\"mainEntityOfPage\":{\"@id\":\"https:\\\/\\\/helloproject.es\\\/vigilancia\\\/el-consell-de-govern-aprueba-la-nueva-carta-de-servicios-del-samu-061-baleares\\\/\"},\"wordCount\":109,\"publisher\":{\"@id\":\"https:\\\/\\\/helloproject.es\\\/vigilancia\\\/#organization\"},\"image\":{\"@id\":\"https:\\\/\\\/helloproject.es\\\/vigilancia\\\/el-consell-de-govern-aprueba-la-nueva-carta-de-servicios-del-samu-061-baleares\\\/#primaryimage\"},\"thumbnailUrl\":\"https:\\\/\\\/www.infosalut.com\\\/images\\\/noticies\\\/institucions\\\/ins-epr685.jpg\",\"articleSection\":[\"Noticias\"],\"inLanguage\":\"es\"},{\"@type\":\"WebPage\",\"@id\":\"https:\\\/\\\/helloproject.es\\\/vigilancia\\\/el-consell-de-govern-aprueba-la-nueva-carta-de-servicios-del-samu-061-baleares\\\/\",\"url\":\"https:\\\/\\\/helloproject.es\\\/vigilancia\\\/el-consell-de-govern-aprueba-la-nueva-carta-de-servicios-del-samu-061-baleares\\\/\",\"name\":\"El Consell de Govern aprueba la nueva Carta de Servicios del SAMU 061 Baleares - bip4ex\",\"isPartOf\":{\"@id\":\"https:\\\/\\\/helloproject.es\\\/vigilancia\\\/#website\"},\"primaryImageOfPage\":{\"@id\":\"https:\\\/\\\/helloproject.es\\\/vigilancia\\\/el-consell-de-govern-aprueba-la-nueva-carta-de-servicios-del-samu-061-baleares\\\/#primaryimage\"},\"image\":{\"@id\":\"https:\\\/\\\/helloproject.es\\\/vigilancia\\\/el-consell-de-govern-aprueba-la-nueva-carta-de-servicios-del-samu-061-baleares\\\/#primaryimage\"},\"thumbnailUrl\":\"https:\\\/\\\/www.infosalut.com\\\/images\\\/noticies\\\/institucions\\\/ins-epr685.jpg\",\"datePublished\":\"2025-07-08T05:18:48+00:00\",\"breadcrumb\":{\"@id\":\"https:\\\/\\\/helloproject.es\\\/vigilancia\\\/el-consell-de-govern-aprueba-la-nueva-carta-de-servicios-del-samu-061-baleares\\\/#breadcrumb\"},\"inLanguage\":\"es\",\"potentialAction\":[{\"@type\":\"ReadAction\",\"target\":[\"https:\\\/\\\/helloproject.es\\\/vigilancia\\\/el-consell-de-govern-aprueba-la-nueva-carta-de-servicios-del-samu-061-baleares\\\/\"]}]},{\"@type\":\"ImageObject\",\"inLanguage\":\"es\",\"@id\":\"https:\\\/\\\/helloproject.es\\\/vigilancia\\\/el-consell-de-govern-aprueba-la-nueva-carta-de-servicios-del-samu-061-baleares\\\/#primaryimage\",\"url\":\"https:\\\/\\\/www.infosalut.com\\\/images\\\/noticies\\\/institucions\\\/ins-epr685.jpg\",\"contentUrl\":\"https:\\\/\\\/www.infosalut.com\\\/images\\\/noticies\\\/institucions\\\/ins-epr685.jpg\"},{\"@type\":\"BreadcrumbList\",\"@id\":\"https:\\\/\\\/helloproject.es\\\/vigilancia\\\/el-consell-de-govern-aprueba-la-nueva-carta-de-servicios-del-samu-061-baleares\\\/#breadcrumb\",\"itemListElement\":[{\"@type\":\"ListItem\",\"position\":1,\"name\":\"Home\",\"item\":\"https:\\\/\\\/helloproject.es\\\/vigilancia\\\/\"},{\"@type\":\"ListItem\",\"position\":2,\"name\":\"El Consell de Govern aprueba la nueva Carta de Servicios del SAMU 061 Baleares\"}]},{\"@type\":\"WebSite\",\"@id\":\"https:\\\/\\\/helloproject.es\\\/vigilancia\\\/#website\",\"url\":\"https:\\\/\\\/helloproject.es\\\/vigilancia\\\/\",\"name\":\"bip4ex\",\"description\":\"Vigilancia Tecnol\u00f3gica\",\"publisher\":{\"@id\":\"https:\\\/\\\/helloproject.es\\\/vigilancia\\\/#organization\"},\"potentialAction\":[{\"@type\":\"SearchAction\",\"target\":{\"@type\":\"EntryPoint\",\"urlTemplate\":\"https:\\\/\\\/helloproject.es\\\/vigilancia\\\/?s={search_term_string}\"},\"query-input\":{\"@type\":\"PropertyValueSpecification\",\"valueRequired\":true,\"valueName\":\"search_term_string\"}}],\"inLanguage\":\"es\"},{\"@type\":\"Organization\",\"@id\":\"https:\\\/\\\/helloproject.es\\\/vigilancia\\\/#organization\",\"name\":\"Helloproject.es\",\"url\":\"https:\\\/\\\/helloproject.es\\\/vigilancia\\\/\",\"logo\":{\"@type\":\"ImageObject\",\"inLanguage\":\"es\",\"@id\":\"https:\\\/\\\/helloproject.es\\\/vigilancia\\\/#\\\/schema\\\/logo\\\/image\\\/\",\"url\":\"https:\\\/\\\/helloproject.es\\\/vigilancia\\\/wp-content\\\/uploads\\\/2023\\\/07\\\/bip4ex.png\",\"contentUrl\":\"https:\\\/\\\/helloproject.es\\\/vigilancia\\\/wp-content\\\/uploads\\\/2023\\\/07\\\/bip4ex.png\",\"width\":322,\"height\":365,\"caption\":\"Helloproject.es\"},\"image\":{\"@id\":\"https:\\\/\\\/helloproject.es\\\/vigilancia\\\/#\\\/schema\\\/logo\\\/image\\\/\"}},{\"@type\":\"Person\",\"@id\":\"https:\\\/\\\/helloproject.es\\\/vigilancia\\\/#\\\/schema\\\/person\\\/3767b0619d59a11570372c821f8619ca\",\"name\":\"Luis Miguel Mej\u00edas Ramos\",\"url\":\"https:\\\/\\\/helloproject.es\\\/vigilancia\\\/author\\\/luismi\\\/\"}]}<\/script>\n<!-- \/ Yoast SEO Premium plugin. -->","yoast_head_json":{"title":"El Consell de Govern aprueba la nueva Carta de Servicios del SAMU 061 Baleares - bip4ex","robots":{"index":"index","follow":"follow","max-snippet":"max-snippet:-1","max-image-preview":"max-image-preview:large","max-video-preview":"max-video-preview:-1"},"canonical":"https:\/\/helloproject.es\/vigilancia\/el-consell-de-govern-aprueba-la-nueva-carta-de-servicios-del-samu-061-baleares\/","og_locale":"es_ES","og_type":"article","og_title":"El Consell de Govern aprueba la nueva Carta de Servicios del SAMU 061 Baleares","og_description":"El Bolet\u00edn Oficial de las Illes Balears (BOIB n\u00fam. 86, de 5 de julio de 2025) ha publicado la Resoluci\u00f3n de la consellera de Salut por la que se aprueba la reelaboraci\u00f3n de la Carta de Servicios de la\u00a0Gerencia de Atenci\u00f3n de Urgencias SAMU 061 Balears, del Servei de Salut de les Illes Balears (IB-Salut). [&hellip;]","og_url":"https:\/\/helloproject.es\/vigilancia\/el-consell-de-govern-aprueba-la-nueva-carta-de-servicios-del-samu-061-baleares\/","og_site_name":"bip4ex","article_published_time":"2025-07-08T05:18:48+00:00","og_image":[{"url":"https:\/\/www.infosalut.com\/images\/noticies\/institucions\/ins-epr685.jpg","type":"","width":"","height":""}],"author":"Luis Miguel Mej\u00edas Ramos","twitter_card":"summary_large_image","twitter_misc":{"Escrito por":"Luis Miguel Mej\u00edas Ramos"},"schema":{"@context":"https:\/\/schema.org","@graph":[{"@type":"Article","@id":"https:\/\/helloproject.es\/vigilancia\/el-consell-de-govern-aprueba-la-nueva-carta-de-servicios-del-samu-061-baleares\/#article","isPartOf":{"@id":"https:\/\/helloproject.es\/vigilancia\/el-consell-de-govern-aprueba-la-nueva-carta-de-servicios-del-samu-061-baleares\/"},"author":{"name":"Luis Miguel Mej\u00edas Ramos","@id":"https:\/\/helloproject.es\/vigilancia\/#\/schema\/person\/3767b0619d59a11570372c821f8619ca"},"headline":"El Consell de Govern aprueba la nueva Carta de Servicios del SAMU 061 Baleares","datePublished":"2025-07-08T05:18:48+00:00","mainEntityOfPage":{"@id":"https:\/\/helloproject.es\/vigilancia\/el-consell-de-govern-aprueba-la-nueva-carta-de-servicios-del-samu-061-baleares\/"},"wordCount":109,"publisher":{"@id":"https:\/\/helloproject.es\/vigilancia\/#organization"},"image":{"@id":"https:\/\/helloproject.es\/vigilancia\/el-consell-de-govern-aprueba-la-nueva-carta-de-servicios-del-samu-061-baleares\/#primaryimage"},"thumbnailUrl":"https:\/\/www.infosalut.com\/images\/noticies\/institucions\/ins-epr685.jpg","articleSection":["Noticias"],"inLanguage":"es"},{"@type":"WebPage","@id":"https:\/\/helloproject.es\/vigilancia\/el-consell-de-govern-aprueba-la-nueva-carta-de-servicios-del-samu-061-baleares\/","url":"https:\/\/helloproject.es\/vigilancia\/el-consell-de-govern-aprueba-la-nueva-carta-de-servicios-del-samu-061-baleares\/","name":"El Consell de Govern aprueba la nueva Carta de Servicios del SAMU 061 Baleares - bip4ex","isPartOf":{"@id":"https:\/\/helloproject.es\/vigilancia\/#website"},"primaryImageOfPage":{"@id":"https:\/\/helloproject.es\/vigilancia\/el-consell-de-govern-aprueba-la-nueva-carta-de-servicios-del-samu-061-baleares\/#primaryimage"},"image":{"@id":"https:\/\/helloproject.es\/vigilancia\/el-consell-de-govern-aprueba-la-nueva-carta-de-servicios-del-samu-061-baleares\/#primaryimage"},"thumbnailUrl":"https:\/\/www.infosalut.com\/images\/noticies\/institucions\/ins-epr685.jpg","datePublished":"2025-07-08T05:18:48+00:00","breadcrumb":{"@id":"https:\/\/helloproject.es\/vigilancia\/el-consell-de-govern-aprueba-la-nueva-carta-de-servicios-del-samu-061-baleares\/#breadcrumb"},"inLanguage":"es","potentialAction":[{"@type":"ReadAction","target":["https:\/\/helloproject.es\/vigilancia\/el-consell-de-govern-aprueba-la-nueva-carta-de-servicios-del-samu-061-baleares\/"]}]},{"@type":"ImageObject","inLanguage":"es","@id":"https:\/\/helloproject.es\/vigilancia\/el-consell-de-govern-aprueba-la-nueva-carta-de-servicios-del-samu-061-baleares\/#primaryimage","url":"https:\/\/www.infosalut.com\/images\/noticies\/institucions\/ins-epr685.jpg","contentUrl":"https:\/\/www.infosalut.com\/images\/noticies\/institucions\/ins-epr685.jpg"},{"@type":"BreadcrumbList","@id":"https:\/\/helloproject.es\/vigilancia\/el-consell-de-govern-aprueba-la-nueva-carta-de-servicios-del-samu-061-baleares\/#breadcrumb","itemListElement":[{"@type":"ListItem","position":1,"name":"Home","item":"https:\/\/helloproject.es\/vigilancia\/"},{"@type":"ListItem","position":2,"name":"El Consell de Govern aprueba la nueva Carta de Servicios del SAMU 061 Baleares"}]},{"@type":"WebSite","@id":"https:\/\/helloproject.es\/vigilancia\/#website","url":"https:\/\/helloproject.es\/vigilancia\/","name":"bip4ex","description":"Vigilancia Tecnol\u00f3gica","publisher":{"@id":"https:\/\/helloproject.es\/vigilancia\/#organization"},"potentialAction":[{"@type":"SearchAction","target":{"@type":"EntryPoint","urlTemplate":"https:\/\/helloproject.es\/vigilancia\/?s={search_term_string}"},"query-input":{"@type":"PropertyValueSpecification","valueRequired":true,"valueName":"search_term_string"}}],"inLanguage":"es"},{"@type":"Organization","@id":"https:\/\/helloproject.es\/vigilancia\/#organization","name":"Helloproject.es","url":"https:\/\/helloproject.es\/vigilancia\/","logo":{"@type":"ImageObject","inLanguage":"es","@id":"https:\/\/helloproject.es\/vigilancia\/#\/schema\/logo\/image\/","url":"https:\/\/helloproject.es\/vigilancia\/wp-content\/uploads\/2023\/07\/bip4ex.png","contentUrl":"https:\/\/helloproject.es\/vigilancia\/wp-content\/uploads\/2023\/07\/bip4ex.png","width":322,"height":365,"caption":"Helloproject.es"},"image":{"@id":"https:\/\/helloproject.es\/vigilancia\/#\/schema\/logo\/image\/"}},{"@type":"Person","@id":"https:\/\/helloproject.es\/vigilancia\/#\/schema\/person\/3767b0619d59a11570372c821f8619ca","name":"Luis Miguel Mej\u00edas Ramos","url":"https:\/\/helloproject.es\/vigilancia\/author\/luismi\/"}]}},"_links":{"self":[{"href":"https:\/\/helloproject.es\/vigilancia\/wp-json\/wp\/v2\/posts\/149023","targetHints":{"allow":["GET"]}}],"collection":[{"href":"https:\/\/helloproject.es\/vigilancia\/wp-json\/wp\/v2\/posts"}],"about":[{"href":"https:\/\/helloproject.es\/vigilancia\/wp-json\/wp\/v2\/types\/post"}],"author":[{"embeddable":true,"href":"https:\/\/helloproject.es\/vigilancia\/wp-json\/wp\/v2\/users\/5"}],"replies":[{"embeddable":true,"href":"https:\/\/helloproject.es\/vigilancia\/wp-json\/wp\/v2\/comments?post=149023"}],"version-history":[{"count":0,"href":"https:\/\/helloproject.es\/vigilancia\/wp-json\/wp\/v2\/posts\/149023\/revisions"}],"wp:attachment":[{"href":"https:\/\/helloproject.es\/vigilancia\/wp-json\/wp\/v2\/media?parent=149023"}],"wp:term":[{"taxonomy":"category","embeddable":true,"href":"https:\/\/helloproject.es\/vigilancia\/wp-json\/wp\/v2\/categories?post=149023"},{"taxonomy":"post_tag","embeddable":true,"href":"https:\/\/helloproject.es\/vigilancia\/wp-json\/wp\/v2\/tags?post=149023"}],"curies":[{"name":"wp","href":"https:\/\/api.w.org\/{rel}","templated":true}]}}