{"id":149099,"date":"2025-07-08T08:29:22","date_gmt":"2025-07-08T07:29:22","guid":{"rendered":"https:\/\/helloproject.es\/vigilancia\/la-comision-europea-aprueba-el-quinto-desembolso-del-plan-de-recuperacion-de-espana-evalue-asesores\/"},"modified":"2025-07-08T08:29:22","modified_gmt":"2025-07-08T07:29:22","slug":"la-comision-europea-aprueba-el-quinto-desembolso-del-plan-de-recuperacion-de-espana-evalue-asesores","status":"publish","type":"post","link":"https:\/\/helloproject.es\/vigilancia\/la-comision-europea-aprueba-el-quinto-desembolso-del-plan-de-recuperacion-de-espana-evalue-asesores\/","title":{"rendered":"La Comisi\u00f3n Europea aprueba el quinto desembolso del Plan de Recuperaci\u00f3n de Espa\u00f1a evalue asesores"},"content":{"rendered":"<p><span><strong>La Comisi\u00f3n Europea aprueba el quinto desembolso del Plan de Recuperaci\u00f3n de Espa\u00f1a por 24.137 millones de euros<\/strong><\/span><\/p>\n<p data-start=\"0\" data-end=\"112\"><span class=\"relative -mx-px my-[-0.2rem] rounded px-px py-[0.2rem] transition-colors duration-100 ease-in-out\">La Comisi\u00f3n Europea ha aprobado el quinto desembolso del Plan de Recuperaci\u00f3n, Transformaci\u00f3n y Resiliencia (PRTR) para Espa\u00f1a, por un total de 24.137 millones de euros brutos.<\/span> <span class=\"relative -mx-px my-[-0.2rem] rounded px-px py-[0.2rem] transition-colors duration-100 ease-in-out\">Este desembolso refleja el cumplimiento de 82 hitos y objetivos por parte de Espa\u00f1a.<\/span><\/p>\n<p>\u00a0<\/p>\n<h4 data-start=\"114\" data-end=\"142\">Desglose del desembolso total aprobado<\/h4>\n<ul>\n<li data-start=\"144\" data-end=\"261\"><span class=\"relative -mx-px my-[-0.2rem] rounded px-px py-[0.2rem] transition-colors duration-100 ease-in-out\"> 6.991 millones corresponden a transferencias no reembolsables <\/span><\/li>\n<li data-start=\"144\" data-end=\"261\"><span class=\"relative -mx-px my-[-0.2rem] rounded px-px py-[0.2rem] transition-colors duration-100 ease-in-out\">15.935 millones a pr\u00e9stamos.<\/span><\/li>\n<\/ul>\n<p>Con este nuevo desembolso, Espa\u00f1a ha recibido cerca de 55.000 millones de euros en transferencias, lo que representa el 70% del total previsto.<\/p>\n<p>\u00a0<\/p>\n<h4 data-start=\"930\" data-end=\"967\">Inversiones y reformas validadas<\/h4>\n<p data-start=\"969\" data-end=\"1047\"><span class=\"relative -mx-px my-[-0.2rem] rounded px-px py-[0.2rem] transition-colors duration-100 ease-in-out\">Entre los avances validados por la Comisi\u00f3n destacan:<\/span><\/p>\n<ul>\n<li data-start=\"1051\" data-end=\"1156\"><strong data-start=\"1051\" data-end=\"1076\">Educaci\u00f3n y formaci\u00f3n<\/strong>: <span class=\"relative -mx-px my-[-0.2rem] rounded px-px py-[0.2rem] transition-colors duration-100 ease-in-out\">Aprobaci\u00f3n de la nueva Ley de Universidades y creaci\u00f3n de 50.000 nuevas plazas de Formaci\u00f3n Profesional.<\/span><\/li>\n<li data-start=\"1051\" data-end=\"1156\"><strong data-start=\"1160\" data-end=\"1172\">Justicia<\/strong>: <span class=\"relative -mx-px my-[-0.2rem] rounded px-px py-[0.2rem] transition-colors duration-100 ease-in-out\">Entrada en vigor de la Ley de Eficiencia Organizativa y Procesal y la Ley del Derecho de Defensa.<\/span><\/li>\n<li data-start=\"1051\" data-end=\"1156\"><strong data-start=\"1256\" data-end=\"1280\">Transici\u00f3n ecol\u00f3gica<\/strong>: <span class=\"relative -mx-px my-[-0.2rem] rounded px-px py-[0.2rem] transition-colors duration-100 ease-in-out\">Aprobaci\u00f3n de 12 protocolos de Transici\u00f3n Justa, restauraci\u00f3n de ecosistemas costeros y nuevas \u00e1reas marinas protegidas.<\/span><\/li>\n<li data-start=\"1051\" data-end=\"1156\"><strong data-start=\"1364\" data-end=\"1387\">Energ\u00edas renovables<\/strong>: <span class=\"relative -mx-px my-[-0.2rem] rounded px-px py-[0.2rem] transition-colors duration-100 ease-in-out\">Simplificaci\u00f3n normativa e impulso al hidr\u00f3geno verde.<\/span><\/li>\n<li data-start=\"1051\" data-end=\"1156\"><strong data-start=\"1471\" data-end=\"1491\">Infraestructuras<\/strong>: <span class=\"relative -mx-px my-[-0.2rem] rounded px-px py-[0.2rem] transition-colors duration-100 ease-in-out\">Inversiones en transporte, vivienda social y regad\u00edos sostenibles.<\/span><\/li>\n<li data-start=\"1051\" data-end=\"1156\"><strong data-start=\"1575\" data-end=\"1584\">Pymes<\/strong>: <span class=\"relative -mx-px my-[-0.2rem] rounded px-px py-[0.2rem] transition-colors duration-100 ease-in-out\">Mejora del acceso a financiaci\u00f3n y apoyo a la digitalizaci\u00f3n y sostenibilidad en sectores clave.<\/span><\/li>\n<\/ul>\n<p>\u00a0<\/p>\n<h4 data-start=\"1667\" data-end=\"1699\">Despliegue de los pr\u00e9stamos<\/h4>\n<p data-start=\"1701\" data-end=\"1819\"><span class=\"relative -mx-px my-[-0.2rem] rounded px-px py-[0.2rem] transition-colors duration-100 ease-in-out\">Por primera vez, se incluye un volumen significativo de pr\u00e9stamos, con 15.935 millones de euros validados \u00edntegramente por la Comisi\u00f3n.<\/span> <span class=\"relative -mx-px my-[-0.2rem] rounded px-px py-[0.2rem] transition-colors duration-100 ease-in-out\">Se destacan:<\/span><\/p>\n<ul>\n<li data-start=\"1823\" data-end=\"1917\"><strong data-start=\"1823\" data-end=\"1837\">Fondos ICO<\/strong>: <span class=\"relative -mx-px my-[-0.2rem] rounded px-px py-[0.2rem] transition-colors duration-100 ease-in-out\">ICO Verde, ICO Empresas y Emprendedores, e ICO Vivienda, con m\u00e1s de 30.000 millones asignados.<\/span><\/li>\n<li data-start=\"1921\" data-end=\"2036\"><strong data-start=\"1921\" data-end=\"1956\">Fondo de Resiliencia Auton\u00f3mica<\/strong>: <span class=\"relative -mx-px my-[-0.2rem] rounded px-px py-[0.2rem] transition-colors duration-100 ease-in-out\">Para fortalecer la inversi\u00f3n regional.<\/span><\/li>\n<li data-start=\"2040\" data-end=\"2141\"><strong data-start=\"2040\" data-end=\"2061\">Fondos de COFIDES<\/strong>: <span class=\"relative -mx-px my-[-0.2rem] rounded px-px py-[0.2rem] transition-colors duration-100 ease-in-out\">Fondo de Impacto Social (FIS) y Fondo de Coinversi\u00f3n (FOCO).<\/span><\/li>\n<li data-start=\"2145\" data-end=\"2257\"><strong data-start=\"2145\" data-end=\"2176\">Fondos estrat\u00e9gicos de SETT<\/strong>: <span class=\"relative -mx-px my-[-0.2rem] rounded px-px py-[0.2rem] transition-colors duration-100 ease-in-out\">Next Tech (4.000 M\u20ac), Audiovisual Hub (1.700 M\u20ac) y PERTE CHIP (12.000 M\u20ac).<\/span><\/li>\n<\/ul>\n<p>\u00a0<\/p>\n<p>\u00a0<\/p>\n<p>\u00a0<\/p>\n<hr data-start=\"2259\" data-end=\"2262\" \/>\n<h3 data-start=\"2264\" data-end=\"2288\">Preguntas frecuentes<\/h3>\n<p data-start=\"2290\" data-end=\"2332\"><strong data-start=\"2290\" data-end=\"2332\">\u00bfQu\u00e9 es el PRTR y cu\u00e1l es su objetivo?<\/strong><\/p>\n<p data-start=\"2334\" data-end=\"2452\"><span class=\"relative -mx-px my-[-0.2rem] rounded px-px py-[0.2rem] transition-colors duration-100 ease-in-out\">El Plan de Recuperaci\u00f3n, Transformaci\u00f3n y Resiliencia (PRTR) es la estrategia de Espa\u00f1a para canalizar los fondos europeos Next Generation EU, con el objetivo de impulsar la recuperaci\u00f3n econ\u00f3mica tras la pandemia mediante reformas e inversiones en \u00e1reas clave como la transici\u00f3n ecol\u00f3gica, la digitalizaci\u00f3n, la cohesi\u00f3n social y territorial, y la igualdad de g\u00e9nero.<\/span><\/p>\n<p data-start=\"2454\" data-end=\"2523\"><strong data-start=\"2454\" data-end=\"2523\">\u00bfQu\u00e9 implicaciones tiene la reducci\u00f3n de 1.100 millones de euros?<\/strong><\/p>\n<p data-start=\"2525\" data-end=\"2689\"><span class=\"relative -mx-px my-[-0.2rem] rounded px-px py-[0.2rem] transition-colors duration-100 ease-in-out\">La reducci\u00f3n refleja el incumplimiento de ciertos compromisos por parte de Espa\u00f1a.<\/span> <span class=\"relative -mx-px my-[-0.2rem] rounded px-px py-[0.2rem] transition-colors duration-100 ease-in-out\">Sin embargo, estos fondos no se pierden definitivamente; Espa\u00f1a tiene un plazo de seis meses para corregir los incumplimientos y acceder a los fondos retenidos.<\/span><\/p>\n<p data-start=\"2691\" data-end=\"2749\"><strong data-start=\"2691\" data-end=\"2749\">\u00bfC\u00f3mo se distribuyen los fondos del quinto desembolso?<\/strong><\/p>\n<p data-start=\"2751\" data-end=\"2876\"><span class=\"relative -mx-px my-[-0.2rem] rounded px-px py-[0.2rem] transition-colors duration-100 ease-in-out\">Del total de 24.137 millones de euros brutos, 6.991 millones corresponden a transferencias no reembolsables y 15.935 millones a pr\u00e9stamos.<\/span> <span class=\"relative -mx-px my-[-0.2rem] rounded px-px py-[0.2rem] transition-colors duration-100 ease-in-out\">Estos fondos se destinan a diversas \u00e1reas, incluyendo educaci\u00f3n, justicia, transici\u00f3n ecol\u00f3gica, energ\u00edas renovables, infraestructuras y apoyo a pymes.<\/span><\/p>\n<p data-start=\"2950\" data-end=\"3116\"><a href=\"https:\/\/evalueconsultores.com\/\"><span>Evalue Innovaci\u00f3n<\/span><\/a><\/p>\n<p data-start=\"3179\" data-end=\"3299\">\n<div data-elementor-type=\"section\" data-elementor-id=\"43186\" class=\"elementor elementor-43186\" data-elementor-post-type=\"elementor_library\">\n<section class=\"elementor-section elementor-top-section elementor-element elementor-element-38437529 elementor-section-content-middle elementor-section-boxed elementor-section-height-default elementor-section-height-default\" data-id=\"38437529\" data-element_type=\"section\">\n<div class=\"elementor-container elementor-column-gap-custom\">\n<div class=\"elementor-column elementor-col-50 elementor-top-column elementor-element elementor-element-7fba8f25\" data-id=\"7fba8f25\" data-element_type=\"column\" data-settings='{\"background_background\":\"gradient\"}'>\n<div class=\"elementor-widget-wrap elementor-element-populated\">\n<div class=\"elementor-element elementor-element-110a1cb4 elementor-widget elementor-widget-heading\" data-id=\"110a1cb4\" data-element_type=\"widget\" data-widget_type=\"heading.default\">\n<div class=\"elementor-widget-container\">\n<h3 class=\"elementor-heading-title elementor-size-default\">Rentabiliza tu inversi\u00f3n a la I+D+i<\/h3>\n<\/div><\/div><\/div><\/div><\/div><\/section><\/div><\/p>\n\n<div class=\"elementor-element elementor-element-5d922778 elementor-widget elementor-widget-text-editor\" data-id=\"5d922778\" data-element_type=\"widget\" data-widget_type=\"text-editor.default\">\n<div class=\"elementor-widget-container\">\n\t\t\t\t\t\t\t\t\tSolicita tu diagn\u00f3stico de deducci\u00f3n fiscal gratuito.\t\t\t\t\t\t\t\t<\/div>\n<\/div>\n<div class=\"elementor-element elementor-element-94756f1 elementor-align-center elementor-widget elementor-widget-button\" data-id=\"94756f1\" data-element_type=\"widget\" data-widget_type=\"button.default\">\n<div class=\"elementor-widget-container\">\n<div class=\"elementor-button-wrapper\">\n\t\t\t\t\t<a class=\"elementor-button elementor-button-link elementor-size-sm\" href=\"https:\/\/evalueconsultores.com\/solicitar-informacion-deducciones-fiscales\/\"><br \/>\n\t\t\t\t\t\t<span class=\"elementor-button-content-wrapper\"><br \/>\n\t\t\t\t\t\t\t\t\t<span class=\"elementor-button-text\">Solicitar diagn\u00f3stico<\/span><br \/>\n\t\t\t\t\t<\/span><br \/>\n\t\t\t\t\t<\/a>\n\t\t\t\t<\/div>\n<\/div>\n<\/div>\n\n\n<div class=\"elementor-column elementor-col-50 elementor-top-column elementor-element elementor-element-198facc5\" data-id=\"198facc5\" data-element_type=\"column\" data-settings='{\"background_background\":\"gradient\"}'>\n<div class=\"elementor-widget-wrap elementor-element-populated\">\n<div class=\"elementor-element elementor-element-31a72975 elementor-widget elementor-widget-heading\" data-id=\"31a72975\" data-element_type=\"widget\" data-widget_type=\"heading.default\">\n<div class=\"elementor-widget-container\">\n<h3 class=\"elementor-heading-title elementor-size-default\">Encuentra financiaci\u00f3n para tu empresa<\/h3>\n<\/div>\n<\/div>\n<div class=\"elementor-element elementor-element-77fdc0eb elementor-widget elementor-widget-text-editor\" data-id=\"77fdc0eb\" data-element_type=\"widget\" data-widget_type=\"text-editor.default\">\n<div class=\"elementor-widget-container\">\n\t\t\t\t\t\t\t\t\tDescubre qu\u00e9 convocatorias pueden potenciar tu proyecto.\t\t\t\t\t\t\t\t<\/div>\n<\/div>\n<div class=\"elementor-element elementor-element-5b61ffa elementor-align-center elementor-widget elementor-widget-button\" data-id=\"5b61ffa\" data-element_type=\"widget\" data-widget_type=\"button.default\">\n<div class=\"elementor-widget-container\">\n<div class=\"elementor-button-wrapper\">\n\t\t\t\t\t<a class=\"elementor-button elementor-button-link elementor-size-sm\" href=\"https:\/\/evalueconsultores.com\/solicitar-informacion-financiacion-publica\/\"><br \/>\n\t\t\t\t\t\t<span class=\"elementor-button-content-wrapper\"><br \/>\n\t\t\t\t\t\t\t\t\t<span class=\"elementor-button-text\">Solicitar informaci\u00f3n<\/span><br \/>\n\t\t\t\t\t<\/span><br \/>\n\t\t\t\t\t<\/a>\n\t\t\t\t<\/div>\n<\/div>\n<\/div>\n<\/div>\n<\/div>\n\n\n<p data-start=\"3179\" data-end=\"3299\"><a class=\"broken_link\" href=\"http:\/\/https\/\/twitter.com\/EvalueIn?s=20\"><img decoding=\"async\" class=\"alignnone wp-image-40645\" title=\"85 2 300x300\" src=\"https:\/\/www.evalueconsultores.com\/wp-content\/uploads\/2023\/07\/85-2-300x300.png\" alt='Iniciativa \"Activa Startups\"' width=\"20\" height=\"20\" \/><\/a><a class=\"broken_link\" href=\"http:\/\/ucykvonmfogzwabdvvsyrafw\/\"><img decoding=\"async\" class=\"alignnone wp-image-40646\" title=\"86 2 300x300\" src=\"https:\/\/www.evalueconsultores.com\/wp-content\/uploads\/2023\/07\/86-2-300x300.png\" alt='Iniciativa \"Activa Startups\"' width=\"20\" height=\"20\" \/><\/a><a class=\"broken_link\" href=\"http:\/\/https\/\/es.linkedin.com\/company\/evaluein\"><img decoding=\"async\" class=\"alignnone wp-image-40647\" title=\"84 2 300x300\" src=\"https:\/\/www.evalueconsultores.com\/wp-content\/uploads\/2023\/07\/84-2-300x300.png\" alt=\"Impulso de proyectos de innovaci\u00f3n disruptiva\" width=\"20\" height=\"20\" \/><\/a><\/p>\n<p>La entrada <a href=\"https:\/\/evalueconsultores.com\/la-comision-europea-aprueba-el-quinto-desembolso-del-plan-de-recuperacion-de-espana\/\">La Comisi\u00f3n Europea aprueba el quinto desembolso del Plan de Recuperaci\u00f3n de Espa\u00f1a<\/a> se public\u00f3 primero en <a href=\"https:\/\/evalueconsultores.com\/\">Evalue<\/a>.<\/p>","protected":false},"excerpt":{"rendered":"<p>La Comisi\u00f3n Europea aprueba el quinto desembolso del Plan de Recuperaci\u00f3n de Espa\u00f1a por 24.137 millones de euros La Comisi\u00f3n Europea ha aprobado el quinto desembolso del Plan de Recuperaci\u00f3n, Transformaci\u00f3n y Resiliencia (PRTR) para Espa\u00f1a, por un total de 24.137 millones de euros brutos. Este desembolso refleja el cumplimiento de 82 hitos y objetivos [&hellip;]<\/p>\n","protected":false},"author":5,"featured_media":0,"comment_status":"","ping_status":"","sticky":false,"template":"","format":"standard","meta":{"site-sidebar-layout":"default","site-content-layout":"","ast-site-content-layout":"default","site-content-style":"default","site-sidebar-style":"default","ast-global-header-display":"","ast-banner-title-visibility":"","ast-main-header-display":"","ast-hfb-above-header-display":"","ast-hfb-below-header-display":"","ast-hfb-mobile-header-display":"","site-post-title":"","ast-breadcrumbs-content":"","ast-featured-img":"","footer-sml-layout":"","ast-disable-related-posts":"","theme-transparent-header-meta":"","adv-header-id-meta":"","stick-header-meta":"","header-above-stick-meta":"","header-main-stick-meta":"","header-below-stick-meta":"","astra-migrate-meta-layouts":"default","ast-page-background-enabled":"default","ast-page-background-meta":{"desktop":{"background-color":"var(--ast-global-color-4)","background-image":"","background-repeat":"repeat","background-position":"center center","background-size":"auto","background-attachment":"scroll","background-type":"","background-media":"","overlay-type":"","overlay-color":"","overlay-opacity":"","overlay-gradient":""},"tablet":{"background-color":"","background-image":"","background-repeat":"repeat","background-position":"center center","background-size":"auto","background-attachment":"scroll","background-type":"","background-media":"","overlay-type":"","overlay-color":"","overlay-opacity":"","overlay-gradient":""},"mobile":{"background-color":"","background-image":"","background-repeat":"repeat","background-position":"center center","background-size":"auto","background-attachment":"scroll","background-type":"","background-media":"","overlay-type":"","overlay-color":"","overlay-opacity":"","overlay-gradient":""}},"ast-content-background-meta":{"desktop":{"background-color":"var(--ast-global-color-5)","background-image":"","background-repeat":"repeat","background-position":"center center","background-size":"auto","background-attachment":"scroll","background-type":"","background-media":"","overlay-type":"","overlay-color":"","overlay-opacity":"","overlay-gradient":""},"tablet":{"background-color":"var(--ast-global-color-5)","background-image":"","background-repeat":"repeat","background-position":"center center","background-size":"auto","background-attachment":"scroll","background-type":"","background-media":"","overlay-type":"","overlay-color":"","overlay-opacity":"","overlay-gradient":""},"mobile":{"background-color":"var(--ast-global-color-5)","background-image":"","background-repeat":"repeat","background-position":"center center","background-size":"auto","background-attachment":"scroll","background-type":"","background-media":"","overlay-type":"","overlay-color":"","overlay-opacity":"","overlay-gradient":""}},"footnotes":""},"categories":[8,5,6],"tags":[],"class_list":["post-149099","post","type-post","status-publish","format-standard","hentry","category-ayudas-y-subvenciones","category-noticias","category-publicaciones"],"yoast_head":"<!-- This site is optimized with the Yoast SEO Premium plugin v20.9 (Yoast SEO v27.4) - https:\/\/yoast.com\/product\/yoast-seo-premium-wordpress\/ -->\n<title>La Comisi\u00f3n Europea aprueba el quinto desembolso del Plan de Recuperaci\u00f3n de Espa\u00f1a evalue asesores - bip4ex<\/title>\n<meta name=\"robots\" content=\"index, follow, max-snippet:-1, max-image-preview:large, max-video-preview:-1\" \/>\n<link rel=\"canonical\" href=\"https:\/\/helloproject.es\/vigilancia\/la-comision-europea-aprueba-el-quinto-desembolso-del-plan-de-recuperacion-de-espana-evalue-asesores\/\" \/>\n<meta property=\"og:locale\" content=\"es_ES\" \/>\n<meta property=\"og:type\" content=\"article\" \/>\n<meta property=\"og:title\" content=\"La Comisi\u00f3n Europea aprueba el quinto desembolso del Plan de Recuperaci\u00f3n de Espa\u00f1a evalue asesores\" \/>\n<meta property=\"og:description\" content=\"La Comisi\u00f3n Europea aprueba el quinto desembolso del Plan de Recuperaci\u00f3n de Espa\u00f1a por 24.137 millones de euros La Comisi\u00f3n Europea ha aprobado el quinto desembolso del Plan de Recuperaci\u00f3n, Transformaci\u00f3n y Resiliencia (PRTR) para Espa\u00f1a, por un total de 24.137 millones de euros brutos. Este desembolso refleja el cumplimiento de 82 hitos y objetivos [&hellip;]\" \/>\n<meta property=\"og:url\" content=\"https:\/\/helloproject.es\/vigilancia\/la-comision-europea-aprueba-el-quinto-desembolso-del-plan-de-recuperacion-de-espana-evalue-asesores\/\" \/>\n<meta property=\"og:site_name\" content=\"bip4ex\" \/>\n<meta property=\"article:published_time\" content=\"2025-07-08T07:29:22+00:00\" \/>\n<meta name=\"author\" content=\"Luis Miguel Mej\u00edas Ramos\" \/>\n<meta name=\"twitter:card\" content=\"summary_large_image\" \/>\n<meta name=\"twitter:label1\" content=\"Escrito por\" \/>\n\t<meta name=\"twitter:data1\" content=\"Luis Miguel Mej\u00edas Ramos\" \/>\n\t<meta name=\"twitter:label2\" content=\"Tiempo de lectura\" \/>\n\t<meta name=\"twitter:data2\" content=\"3 minutos\" \/>\n<script type=\"application\/ld+json\" class=\"yoast-schema-graph\">{\"@context\":\"https:\\\/\\\/schema.org\",\"@graph\":[{\"@type\":\"Article\",\"@id\":\"https:\\\/\\\/helloproject.es\\\/vigilancia\\\/la-comision-europea-aprueba-el-quinto-desembolso-del-plan-de-recuperacion-de-espana-evalue-asesores\\\/#article\",\"isPartOf\":{\"@id\":\"https:\\\/\\\/helloproject.es\\\/vigilancia\\\/la-comision-europea-aprueba-el-quinto-desembolso-del-plan-de-recuperacion-de-espana-evalue-asesores\\\/\"},\"author\":{\"name\":\"Luis Miguel Mej\u00edas Ramos\",\"@id\":\"https:\\\/\\\/helloproject.es\\\/vigilancia\\\/#\\\/schema\\\/person\\\/3767b0619d59a11570372c821f8619ca\"},\"headline\":\"La Comisi\u00f3n Europea aprueba el quinto desembolso del Plan de Recuperaci\u00f3n de Espa\u00f1a evalue asesores\",\"datePublished\":\"2025-07-08T07:29:22+00:00\",\"mainEntityOfPage\":{\"@id\":\"https:\\\/\\\/helloproject.es\\\/vigilancia\\\/la-comision-europea-aprueba-el-quinto-desembolso-del-plan-de-recuperacion-de-espana-evalue-asesores\\\/\"},\"wordCount\":561,\"publisher\":{\"@id\":\"https:\\\/\\\/helloproject.es\\\/vigilancia\\\/#organization\"},\"image\":{\"@id\":\"https:\\\/\\\/helloproject.es\\\/vigilancia\\\/la-comision-europea-aprueba-el-quinto-desembolso-del-plan-de-recuperacion-de-espana-evalue-asesores\\\/#primaryimage\"},\"thumbnailUrl\":\"https:\\\/\\\/www.evalueconsultores.com\\\/wp-content\\\/uploads\\\/2023\\\/07\\\/85-2-300x300.png\",\"articleSection\":[\"Ayudas y Subvenciones\",\"Noticias\",\"Publicaciones\"],\"inLanguage\":\"es\"},{\"@type\":\"WebPage\",\"@id\":\"https:\\\/\\\/helloproject.es\\\/vigilancia\\\/la-comision-europea-aprueba-el-quinto-desembolso-del-plan-de-recuperacion-de-espana-evalue-asesores\\\/\",\"url\":\"https:\\\/\\\/helloproject.es\\\/vigilancia\\\/la-comision-europea-aprueba-el-quinto-desembolso-del-plan-de-recuperacion-de-espana-evalue-asesores\\\/\",\"name\":\"La Comisi\u00f3n Europea aprueba el quinto desembolso del Plan de Recuperaci\u00f3n de Espa\u00f1a evalue asesores - bip4ex\",\"isPartOf\":{\"@id\":\"https:\\\/\\\/helloproject.es\\\/vigilancia\\\/#website\"},\"primaryImageOfPage\":{\"@id\":\"https:\\\/\\\/helloproject.es\\\/vigilancia\\\/la-comision-europea-aprueba-el-quinto-desembolso-del-plan-de-recuperacion-de-espana-evalue-asesores\\\/#primaryimage\"},\"image\":{\"@id\":\"https:\\\/\\\/helloproject.es\\\/vigilancia\\\/la-comision-europea-aprueba-el-quinto-desembolso-del-plan-de-recuperacion-de-espana-evalue-asesores\\\/#primaryimage\"},\"thumbnailUrl\":\"https:\\\/\\\/www.evalueconsultores.com\\\/wp-content\\\/uploads\\\/2023\\\/07\\\/85-2-300x300.png\",\"datePublished\":\"2025-07-08T07:29:22+00:00\",\"breadcrumb\":{\"@id\":\"https:\\\/\\\/helloproject.es\\\/vigilancia\\\/la-comision-europea-aprueba-el-quinto-desembolso-del-plan-de-recuperacion-de-espana-evalue-asesores\\\/#breadcrumb\"},\"inLanguage\":\"es\",\"potentialAction\":[{\"@type\":\"ReadAction\",\"target\":[\"https:\\\/\\\/helloproject.es\\\/vigilancia\\\/la-comision-europea-aprueba-el-quinto-desembolso-del-plan-de-recuperacion-de-espana-evalue-asesores\\\/\"]}]},{\"@type\":\"ImageObject\",\"inLanguage\":\"es\",\"@id\":\"https:\\\/\\\/helloproject.es\\\/vigilancia\\\/la-comision-europea-aprueba-el-quinto-desembolso-del-plan-de-recuperacion-de-espana-evalue-asesores\\\/#primaryimage\",\"url\":\"https:\\\/\\\/www.evalueconsultores.com\\\/wp-content\\\/uploads\\\/2023\\\/07\\\/85-2-300x300.png\",\"contentUrl\":\"https:\\\/\\\/www.evalueconsultores.com\\\/wp-content\\\/uploads\\\/2023\\\/07\\\/85-2-300x300.png\"},{\"@type\":\"BreadcrumbList\",\"@id\":\"https:\\\/\\\/helloproject.es\\\/vigilancia\\\/la-comision-europea-aprueba-el-quinto-desembolso-del-plan-de-recuperacion-de-espana-evalue-asesores\\\/#breadcrumb\",\"itemListElement\":[{\"@type\":\"ListItem\",\"position\":1,\"name\":\"Home\",\"item\":\"https:\\\/\\\/helloproject.es\\\/vigilancia\\\/\"},{\"@type\":\"ListItem\",\"position\":2,\"name\":\"La Comisi\u00f3n Europea aprueba el quinto desembolso del Plan de Recuperaci\u00f3n de Espa\u00f1a evalue asesores\"}]},{\"@type\":\"WebSite\",\"@id\":\"https:\\\/\\\/helloproject.es\\\/vigilancia\\\/#website\",\"url\":\"https:\\\/\\\/helloproject.es\\\/vigilancia\\\/\",\"name\":\"bip4ex\",\"description\":\"Vigilancia Tecnol\u00f3gica\",\"publisher\":{\"@id\":\"https:\\\/\\\/helloproject.es\\\/vigilancia\\\/#organization\"},\"potentialAction\":[{\"@type\":\"SearchAction\",\"target\":{\"@type\":\"EntryPoint\",\"urlTemplate\":\"https:\\\/\\\/helloproject.es\\\/vigilancia\\\/?s={search_term_string}\"},\"query-input\":{\"@type\":\"PropertyValueSpecification\",\"valueRequired\":true,\"valueName\":\"search_term_string\"}}],\"inLanguage\":\"es\"},{\"@type\":\"Organization\",\"@id\":\"https:\\\/\\\/helloproject.es\\\/vigilancia\\\/#organization\",\"name\":\"Helloproject.es\",\"url\":\"https:\\\/\\\/helloproject.es\\\/vigilancia\\\/\",\"logo\":{\"@type\":\"ImageObject\",\"inLanguage\":\"es\",\"@id\":\"https:\\\/\\\/helloproject.es\\\/vigilancia\\\/#\\\/schema\\\/logo\\\/image\\\/\",\"url\":\"https:\\\/\\\/helloproject.es\\\/vigilancia\\\/wp-content\\\/uploads\\\/2023\\\/07\\\/bip4ex.png\",\"contentUrl\":\"https:\\\/\\\/helloproject.es\\\/vigilancia\\\/wp-content\\\/uploads\\\/2023\\\/07\\\/bip4ex.png\",\"width\":322,\"height\":365,\"caption\":\"Helloproject.es\"},\"image\":{\"@id\":\"https:\\\/\\\/helloproject.es\\\/vigilancia\\\/#\\\/schema\\\/logo\\\/image\\\/\"}},{\"@type\":\"Person\",\"@id\":\"https:\\\/\\\/helloproject.es\\\/vigilancia\\\/#\\\/schema\\\/person\\\/3767b0619d59a11570372c821f8619ca\",\"name\":\"Luis Miguel Mej\u00edas Ramos\",\"url\":\"https:\\\/\\\/helloproject.es\\\/vigilancia\\\/author\\\/luismi\\\/\"}]}<\/script>\n<!-- \/ Yoast SEO Premium plugin. -->","yoast_head_json":{"title":"La Comisi\u00f3n Europea aprueba el quinto desembolso del Plan de Recuperaci\u00f3n de Espa\u00f1a evalue asesores - bip4ex","robots":{"index":"index","follow":"follow","max-snippet":"max-snippet:-1","max-image-preview":"max-image-preview:large","max-video-preview":"max-video-preview:-1"},"canonical":"https:\/\/helloproject.es\/vigilancia\/la-comision-europea-aprueba-el-quinto-desembolso-del-plan-de-recuperacion-de-espana-evalue-asesores\/","og_locale":"es_ES","og_type":"article","og_title":"La Comisi\u00f3n Europea aprueba el quinto desembolso del Plan de Recuperaci\u00f3n de Espa\u00f1a evalue asesores","og_description":"La Comisi\u00f3n Europea aprueba el quinto desembolso del Plan de Recuperaci\u00f3n de Espa\u00f1a por 24.137 millones de euros La Comisi\u00f3n Europea ha aprobado el quinto desembolso del Plan de Recuperaci\u00f3n, Transformaci\u00f3n y Resiliencia (PRTR) para Espa\u00f1a, por un total de 24.137 millones de euros brutos. Este desembolso refleja el cumplimiento de 82 hitos y objetivos [&hellip;]","og_url":"https:\/\/helloproject.es\/vigilancia\/la-comision-europea-aprueba-el-quinto-desembolso-del-plan-de-recuperacion-de-espana-evalue-asesores\/","og_site_name":"bip4ex","article_published_time":"2025-07-08T07:29:22+00:00","author":"Luis Miguel Mej\u00edas Ramos","twitter_card":"summary_large_image","twitter_misc":{"Escrito por":"Luis Miguel Mej\u00edas Ramos","Tiempo de lectura":"3 minutos"},"schema":{"@context":"https:\/\/schema.org","@graph":[{"@type":"Article","@id":"https:\/\/helloproject.es\/vigilancia\/la-comision-europea-aprueba-el-quinto-desembolso-del-plan-de-recuperacion-de-espana-evalue-asesores\/#article","isPartOf":{"@id":"https:\/\/helloproject.es\/vigilancia\/la-comision-europea-aprueba-el-quinto-desembolso-del-plan-de-recuperacion-de-espana-evalue-asesores\/"},"author":{"name":"Luis Miguel Mej\u00edas Ramos","@id":"https:\/\/helloproject.es\/vigilancia\/#\/schema\/person\/3767b0619d59a11570372c821f8619ca"},"headline":"La Comisi\u00f3n Europea aprueba el quinto desembolso del Plan de Recuperaci\u00f3n de Espa\u00f1a evalue asesores","datePublished":"2025-07-08T07:29:22+00:00","mainEntityOfPage":{"@id":"https:\/\/helloproject.es\/vigilancia\/la-comision-europea-aprueba-el-quinto-desembolso-del-plan-de-recuperacion-de-espana-evalue-asesores\/"},"wordCount":561,"publisher":{"@id":"https:\/\/helloproject.es\/vigilancia\/#organization"},"image":{"@id":"https:\/\/helloproject.es\/vigilancia\/la-comision-europea-aprueba-el-quinto-desembolso-del-plan-de-recuperacion-de-espana-evalue-asesores\/#primaryimage"},"thumbnailUrl":"https:\/\/www.evalueconsultores.com\/wp-content\/uploads\/2023\/07\/85-2-300x300.png","articleSection":["Ayudas y Subvenciones","Noticias","Publicaciones"],"inLanguage":"es"},{"@type":"WebPage","@id":"https:\/\/helloproject.es\/vigilancia\/la-comision-europea-aprueba-el-quinto-desembolso-del-plan-de-recuperacion-de-espana-evalue-asesores\/","url":"https:\/\/helloproject.es\/vigilancia\/la-comision-europea-aprueba-el-quinto-desembolso-del-plan-de-recuperacion-de-espana-evalue-asesores\/","name":"La Comisi\u00f3n Europea aprueba el quinto desembolso del Plan de Recuperaci\u00f3n de Espa\u00f1a evalue asesores - bip4ex","isPartOf":{"@id":"https:\/\/helloproject.es\/vigilancia\/#website"},"primaryImageOfPage":{"@id":"https:\/\/helloproject.es\/vigilancia\/la-comision-europea-aprueba-el-quinto-desembolso-del-plan-de-recuperacion-de-espana-evalue-asesores\/#primaryimage"},"image":{"@id":"https:\/\/helloproject.es\/vigilancia\/la-comision-europea-aprueba-el-quinto-desembolso-del-plan-de-recuperacion-de-espana-evalue-asesores\/#primaryimage"},"thumbnailUrl":"https:\/\/www.evalueconsultores.com\/wp-content\/uploads\/2023\/07\/85-2-300x300.png","datePublished":"2025-07-08T07:29:22+00:00","breadcrumb":{"@id":"https:\/\/helloproject.es\/vigilancia\/la-comision-europea-aprueba-el-quinto-desembolso-del-plan-de-recuperacion-de-espana-evalue-asesores\/#breadcrumb"},"inLanguage":"es","potentialAction":[{"@type":"ReadAction","target":["https:\/\/helloproject.es\/vigilancia\/la-comision-europea-aprueba-el-quinto-desembolso-del-plan-de-recuperacion-de-espana-evalue-asesores\/"]}]},{"@type":"ImageObject","inLanguage":"es","@id":"https:\/\/helloproject.es\/vigilancia\/la-comision-europea-aprueba-el-quinto-desembolso-del-plan-de-recuperacion-de-espana-evalue-asesores\/#primaryimage","url":"https:\/\/www.evalueconsultores.com\/wp-content\/uploads\/2023\/07\/85-2-300x300.png","contentUrl":"https:\/\/www.evalueconsultores.com\/wp-content\/uploads\/2023\/07\/85-2-300x300.png"},{"@type":"BreadcrumbList","@id":"https:\/\/helloproject.es\/vigilancia\/la-comision-europea-aprueba-el-quinto-desembolso-del-plan-de-recuperacion-de-espana-evalue-asesores\/#breadcrumb","itemListElement":[{"@type":"ListItem","position":1,"name":"Home","item":"https:\/\/helloproject.es\/vigilancia\/"},{"@type":"ListItem","position":2,"name":"La Comisi\u00f3n Europea aprueba el quinto desembolso del Plan de Recuperaci\u00f3n de Espa\u00f1a evalue asesores"}]},{"@type":"WebSite","@id":"https:\/\/helloproject.es\/vigilancia\/#website","url":"https:\/\/helloproject.es\/vigilancia\/","name":"bip4ex","description":"Vigilancia Tecnol\u00f3gica","publisher":{"@id":"https:\/\/helloproject.es\/vigilancia\/#organization"},"potentialAction":[{"@type":"SearchAction","target":{"@type":"EntryPoint","urlTemplate":"https:\/\/helloproject.es\/vigilancia\/?s={search_term_string}"},"query-input":{"@type":"PropertyValueSpecification","valueRequired":true,"valueName":"search_term_string"}}],"inLanguage":"es"},{"@type":"Organization","@id":"https:\/\/helloproject.es\/vigilancia\/#organization","name":"Helloproject.es","url":"https:\/\/helloproject.es\/vigilancia\/","logo":{"@type":"ImageObject","inLanguage":"es","@id":"https:\/\/helloproject.es\/vigilancia\/#\/schema\/logo\/image\/","url":"https:\/\/helloproject.es\/vigilancia\/wp-content\/uploads\/2023\/07\/bip4ex.png","contentUrl":"https:\/\/helloproject.es\/vigilancia\/wp-content\/uploads\/2023\/07\/bip4ex.png","width":322,"height":365,"caption":"Helloproject.es"},"image":{"@id":"https:\/\/helloproject.es\/vigilancia\/#\/schema\/logo\/image\/"}},{"@type":"Person","@id":"https:\/\/helloproject.es\/vigilancia\/#\/schema\/person\/3767b0619d59a11570372c821f8619ca","name":"Luis Miguel Mej\u00edas Ramos","url":"https:\/\/helloproject.es\/vigilancia\/author\/luismi\/"}]}},"_links":{"self":[{"href":"https:\/\/helloproject.es\/vigilancia\/wp-json\/wp\/v2\/posts\/149099","targetHints":{"allow":["GET"]}}],"collection":[{"href":"https:\/\/helloproject.es\/vigilancia\/wp-json\/wp\/v2\/posts"}],"about":[{"href":"https:\/\/helloproject.es\/vigilancia\/wp-json\/wp\/v2\/types\/post"}],"author":[{"embeddable":true,"href":"https:\/\/helloproject.es\/vigilancia\/wp-json\/wp\/v2\/users\/5"}],"replies":[{"embeddable":true,"href":"https:\/\/helloproject.es\/vigilancia\/wp-json\/wp\/v2\/comments?post=149099"}],"version-history":[{"count":0,"href":"https:\/\/helloproject.es\/vigilancia\/wp-json\/wp\/v2\/posts\/149099\/revisions"}],"wp:attachment":[{"href":"https:\/\/helloproject.es\/vigilancia\/wp-json\/wp\/v2\/media?parent=149099"}],"wp:term":[{"taxonomy":"category","embeddable":true,"href":"https:\/\/helloproject.es\/vigilancia\/wp-json\/wp\/v2\/categories?post=149099"},{"taxonomy":"post_tag","embeddable":true,"href":"https:\/\/helloproject.es\/vigilancia\/wp-json\/wp\/v2\/tags?post=149099"}],"curies":[{"name":"wp","href":"https:\/\/api.w.org\/{rel}","templated":true}]}}