{"id":149140,"date":"2025-07-08T09:28:57","date_gmt":"2025-07-08T08:28:57","guid":{"rendered":"https:\/\/helloproject.es\/vigilancia\/decreto-43-2025\/"},"modified":"2025-07-08T09:28:57","modified_gmt":"2025-07-08T08:28:57","slug":"decreto-43-2025","status":"publish","type":"post","link":"https:\/\/helloproject.es\/vigilancia\/decreto-43-2025\/","title":{"rendered":"DECRETO 43\/2025"},"content":{"rendered":"<div class=\"ayuda_subvencion plantillas\">\n<div class=\"portlet-topper\">\n\t\t\t    <strong class=\"sr-only\">Subvencion:<\/strong>\n<h2 class=\"portlet-title\">DECRETO 43\/2025<\/h2>\n<\/div>\n<div class=\"iconosTramitacion\">\n<p>\t\t\t\t\t<a href=\"https:\/\/rec.cantabria.es\/rec\/auth\/prepare-cert-login.htm?forward=DEC-I-043-2025\" title=\"Con certificado\"><img decoding=\"async\" src=\"https:\/\/www.cantabria.es\/documents\/26427\/21881598\/DNIe.jpg\/01f4c245-cfe3-9563-9845-0e0f97e7f720?t=1648806919369\" alt=\"\" aria-hidden=\"true\" \/><span class=\"sr-only\">Con certificado<\/span><\/a><\/p>\n<p>\t\t\t<a target=\"_blank\" href=\"https:\/\/sede.cantabria.es\/sede\/ayuda\/012-telefono-de-atencion-administrativa\" title=\"Servicio telef\u00f3nico 012 de atenci\u00f3n al ciudadano de Cantabria\"><img decoding=\"async\" src=\"https:\/\/www.cantabria.es\/documents\/26427\/21881598\/012.jpg\/d4445702-c7cf-c44a-3ce9-b0288c1d9b9a?t=1648806893827\" alt=\"\" aria-hidden=\"true\" \/><span class=\"sr-only\">Servicio telef\u00f3nico 012 de atenci\u00f3n al ciudadano de Cantabria<\/span><\/a>\n\t\t<\/p><\/div>\n<h3>Descripci\u00f3n:<\/h3>\n<p><span>Decreto 43\/2025, de 4 de julio, por el que se regula el procedimiento de concesi\u00f3n directa de subvenciones destinadas a la ejecuci\u00f3n de programas formativos que incluyan compromiso de contrataci\u00f3n, en modalidad presencial (Formaci\u00f3n a la medida de las empresas).<\/span><\/p>\n<h3>Bolet\u00edn Oficial de Cantabria<\/h3>\n<p><span>N\u00famero BOC: Extraordinario 13<\/span><\/p>\n<p><span>Fecha BOC: 04\/07\/2025<\/span><\/p>\n<p>\n\t\t\t\t\t<span><br \/>\n\t\t\t\t\t\t<a href=\"https:\/\/boc.cantabria.es\/boces\/verAnuncioAction.do?idAnuBlob=422426\" target=\"_blank\" rel=\"noopener noreferrer\">Enlace BOC<\/a><\/span><\/p>\n<p>\t\t\t\t\t\n\t\t\t\t<\/p>\n<h3>Plazo presentaci\u00f3n:<\/h3>\n<div>\n<p><strong>El plazo de admisi\u00f3n de solicitudes<\/strong> por parte del Servicio C\u00e1ntabro de Empleo <strong>permanecer\u00e1<\/strong> <strong>abierto de forma continuada<\/strong>.<\/p>\n<\/div>\n<h3>Fecha inicio plazo presentaci\u00f3n:<\/h3>\n<p><span>05\/07\/2025<\/span><\/p>\n<h3>Beneficiarios:<\/h3>\n<div>\n<p>Podr\u00e1n ser beneficiarias de las subvenciones contempladas en el presente decreto, siempre que no incurran en ninguna de las causas previstas en los apartados 2, 3 y 3 bis del art\u00edculo 13 de la Ley 38\/2003, de 17 de noviembre, General de Subvenciones, ni en los apartados 2 y 3 del art\u00edculo 12 de la Ley de Cantabria 10\/2006, de 17 de julio, de Subvenciones de Cantabria, y que puedan percibir ayudas de minimis seg\u00fan lo establecido en los reglamentos europeos mencionados en el art\u00edculo 1.4 las <strong>empresas<\/strong>, las <strong>asociaciones empresariales <\/strong>debidamente inscritas u<strong> otras entidades<\/strong> <strong>con centros de trabajo en<\/strong> la Comunidad Aut\u00f3noma de <strong>Cantabria <\/strong>que adquieran para s\u00ed mismas el compromiso de contrataci\u00f3n y esto les suponga un incremento neto de plantilla. A los efectos establecidos en este decreto, <strong>se entiende por \u00abempresa\u00bb a las personas f\u00edsicas y jur\u00eddicas privadas, incluyendo aut\u00f3nomos, aut\u00f3nomas y mutualistas de colegio profesional.<\/strong><\/p>\n<p>Adem\u00e1s de los beneficiarios se\u00f1alados en el apartado anterior, los <strong>miembros asociados de la persona jur\u00eddica beneficiaria<\/strong> que se comprometan a ejecutar la totalidad o parte de las actividades que fundamentan la concesi\u00f3n de la subvenci\u00f3n, desarrollar la formaci\u00f3n y\/o realizar las contrataciones requeridas, <strong>en nombre y por cuenta del mismo<\/strong>, tendr\u00e1n igualmente la consideraci\u00f3n de beneficiario. \u00c9stos <strong>deber\u00e1n tener centro de trabajo en<\/strong> la Comunidad Aut\u00f3noma de <strong>Cantabria<\/strong>.<\/p>\n<p>De conformidad con lo establecido en el art\u00edculo 11.3 de la Ley 38\/2003, de 17 de noviembre, podr\u00e1n ser beneficiarias las <strong>agrupaciones de personas f\u00edsicas o personas jur\u00eddicas privadas<\/strong>, que se comprometan a desarrollar la formaci\u00f3n y\/o realizar las contrataciones requeridas, asumiendo, en su caso, cada miembro de dicha agrupaci\u00f3n el compromiso de contratar un porcentaje determinado del alumnado hasta completar el porcentaje total y los periodos m\u00ednimos de contrataci\u00f3n exigidos. \u00c9stos <strong>deber\u00e1n tener centro de trabajo en<\/strong> la Comunidad Aut\u00f3noma de <strong>Cantabria<\/strong>.<\/p>\n<\/div>\n<h3>Documentaci\u00f3n a adjuntar:<\/h3>\n<div>\n<p><strong>Por cada solicitud de subvenci\u00f3n s\u00f3lo se podr\u00e1 presentar un tipo de acci\u00f3n formativa.<\/strong><\/p>\n<p><strong>Las solicitudes debidamente firmadas electr\u00f3nicamente por la persona representante legal de la entidad solicitante ir\u00e1n acompa\u00f1adas de la siguiente documentaci\u00f3n<\/strong>:<\/p>\n<ol start=\"1\">\n<li>Si las entidades o empresas que asumen la condici\u00f3n de beneficiario son personas jur\u00eddicas, copia simple de la <strong>documentaci\u00f3n que acredite<\/strong>, conforme a la legislaci\u00f3n vigente, las facultades de <strong>representaci\u00f3n <\/strong>del firmante, para actuar en nombre de la persona jur\u00eddica.<\/li>\n<li>Copia simple de la <strong>tarjeta de identificaci\u00f3n fiscal<\/strong> de las entidades o empresas que asuman la condici\u00f3n de beneficiario.<\/li>\n<li>Copia simple de las <strong>escrituras de constituci\u00f3n o los estatutos<\/strong> debidamente <strong>legalizados <\/strong>de las entidades o empresas que asuman la condici\u00f3n de beneficiario.<\/li>\n<li>Si procede, propuesta de alta de la acci\u00f3n formativa y\/o <strong>itinerario formativo<\/strong>, as\u00ed como programa formativo, de acuerdo a los modelos establecidos en la Orden TMS\/283\/2019, de 12 de marzo.<\/li>\n<li><strong>Memoria <\/strong>del programa formativo que deber\u00e1 contener al menos lo siguiente.<\/li>\n<\/ol>\n<ul>\n<li>Detalle de la acci\u00f3n de formaci\u00f3n: denominaci\u00f3n, familia y \u00e1rea profesional a la que pertenecen, nivel, objetivo general, desarrollo, m\u00f3dulos formativos o contenido de la formaci\u00f3n, modalidad de impartici\u00f3n (presencial), duraci\u00f3n, n\u00famero de participantes, requisitos de acceso del alumnado, prescripciones del personal formador, instalaciones y equipamiento necesario. En el caso de especialidades de alta en el Cat\u00e1logo de Especialidades Formativas ser\u00e1 suficiente consignar su c\u00f3digo identificativo.<\/li>\n<li>Motivaci\u00f3n de la necesidad de contrataci\u00f3n.<\/li>\n<li>Determinaci\u00f3n de las necesidades formativas y puestos a cubrir.<\/li>\n<li>Colectivo al que va dirigido.<\/li>\n<li>Cronograma de actuaciones.<\/li>\n<li>\u00a0Programa de al menos 5 horas de informaci\u00f3n relativa a riesgos laborales de los puestos de trabajo a cubrir con el compromiso de contrataci\u00f3n.<\/li>\n<li>\u00a0Presupuesto, en caso de que la formaci\u00f3n no se corresponda con la del Cat\u00e1logo de Especialidades Formativas previsto en el art\u00edculo 20.3 de la Ley 30\/2015, de 9 de septiembre.<\/li>\n<li>Proceso de selecci\u00f3n previo al de formaci\u00f3n, en su caso.<\/li>\n<li>\u00a0Lugar de impartici\u00f3n, instalaciones, equipo y material a utilizar en el curso o cursos.<\/li>\n<li>Perfiles de las personas a contratar.<\/li>\n<li>Compromisos de contrataci\u00f3n, que incluir\u00e1n el n\u00famero de personas que se comprometen a contratar, el tipo de contrato a realizar y duraci\u00f3n del mismo. El compromiso de contrataci\u00f3n se concretar\u00e1 en la memoria t\u00e9cnica de la empresa\/entidad solicitante y deber\u00e1 estar adverado por la firma de la representaci\u00f3n legal de las personas trabajadoras, si la hubiere, en la empresa\/s o entidad\/es que llevar\u00e1n a cabo finalmente las contrataciones.<\/li>\n<\/ul>\n<ol start=\"6\">\n<li><strong>Declaraci\u00f3n responsable <\/strong>sobre ayudas solicitadas y\/o percibidas durante los \u00faltimos tres a\u00f1os acogidas a las condiciones \u00ab<strong>de minimis<\/strong>\u00ab.<\/li>\n<li><strong>Acreditaci\u00f3n<\/strong>, en su caso, de <strong>sistema de calidad <\/strong>para la gesti\u00f3n de la formaci\u00f3n por el centro que ejecute la formaci\u00f3n.<\/li>\n<li>Para las entidades solicitantes que, de acuerdo con la normativa contable, puedan presentar cuenta de p\u00e9rdidas y ganancias abreviada, deber\u00e1n atender lo establecido en el <strong>art\u00edculo 13.3.bis. letra a)<\/strong> de la <strong>Ley <\/strong>38\/2003, de 17 de noviembre, <strong>General de Subvenciones<\/strong>.<\/li>\n<li>Para las entidades solicitantes que, de acuerdo con la normativa contable, no puedan presentar cuenta de p\u00e9rdidas y ganancias abreviada, deber\u00e1n atender lo establecido en el <strong>art\u00edculo 13.3.bis.letra b)<\/strong> de la <strong>Ley <\/strong>38\/2003, de 17 de noviembre, <strong>General de Subvenciones<\/strong>.\u00a0<\/li>\n<\/ol>\n<p>De conformidad con el art\u00edculo 28 de la Ley 39\/2015, de 1 de octubre, el Servicio C\u00e1ntabro de Empleo <strong>podr\u00e1 consultar o recabar<\/strong>, en ausencia de oposici\u00f3n expresa de la empresa interesada, la documentaci\u00f3n que se indica a continuaci\u00f3n:<\/p>\n<ol start=\"1\">\n<li>Los datos o documentos emitidos o en poder de la Administraci\u00f3n de la Comunidad Aut\u00f3noma de Cantabria.<\/li>\n<li>Documento Nacional de Identidad o documento acreditativo de la identidad o tarjeta equivalente de las personas extranjeras residentes en territorio espa\u00f1ol, de quien ejerza la representaci\u00f3n de la empresa solicitante, caso de ser necesario.<\/li>\n<li><strong>Cumplimiento <\/strong>de <strong>obligaciones <\/strong>con la <strong>Seguridad Social<\/strong>.<\/li>\n<li><strong>Cumplimiento <\/strong>de <strong>obligaciones <\/strong>con la <strong>Administraci\u00f3n de la Comunidad Aut\u00f3noma de Cantabria<\/strong>.\u00a0<\/li>\n<li>Adem\u00e1s, las entidades interesadas podr\u00e1n autorizar expresamente al Servicio C\u00e1ntabro de Empleo para recabar <strong>datos de car\u00e1cter tributario<\/strong> a la <strong>Agencia Estatal de Administraci\u00f3n Tributaria (AEAT)<\/strong> cuando resulten necesarios para la resoluci\u00f3n de este procedimiento:<\/li>\n<\/ol>\n<ul>\n<li>Alta en el <strong>Impuesto de Actividades Econ\u00f3micas o Declaraci\u00f3n Censal<\/strong>, en su caso.<\/li>\n<li>Cumplimiento de obligaciones tributarias con la Agencia Estatal de Administraci\u00f3n Tributaria.<\/li>\n<\/ul>\n<\/div>\n<h3>Anexos:<\/h3>\n<ul>\n<li>\n\t\t\t\t\t\t\t\t<span class=\"fa fa-file-word-o fa-lg\" aria-hidden=\"true\"><\/span><br \/>\n\t\t\t\t\t\t\t\t<a href=\"https:\/\/www.cantabria.es\/documents\/16401\/87800248\/Anexo+Miembro+Asociado+al+Beneficiario+Coco+2025+Decreto+43-2025.doc\/16d99f6e-77d3-0869-88d3-f566114499cf?t=1751892097899\" target=\"_blank\" rel=\"noopener noreferrer\">Modelo de Solicitud<\/a>\n<\/li>\n<li>\n\t\t\t\t\t\t\t\t<span class=\"fa fa-file-word-o fa-lg\" aria-hidden=\"true\"><\/span><br \/>\n\t\t\t\t\t\t\t\t<a href=\"https:\/\/www.cantabria.es\/documents\/16401\/87800248\/Anexo+programas+formativos+2025+Decreto+43-2025.doc\/1fffd722-cf9b-bbf3-5c24-a3406c3fb3c7?t=1751892098352\" target=\"_blank\" rel=\"noopener noreferrer\">Anexo programa formativo<\/a>\n<\/li>\n<\/ul>\n<h3>Lugar presentaci\u00f3n :<\/h3>\n<div>\n<p>Las <strong>personas jur\u00eddicas<\/strong> y dem\u00e1s sujetos recogidos en el art\u00edculo 14.2 de la ley 39\/2015, de 1 de octubre, del procedimiento administrativo com\u00fan de las administraciones p\u00fablicas, <strong>est\u00e1n obligados <\/strong>a presentar sus solicitudes a trav\u00e9s del <a href=\"https:\/\/rec.cantabria.es\/rec\/bienvenida.htm\"><strong>Registro Electr\u00f3nico General<\/strong><\/a> de la Administraci\u00f3n de la Comunidad Aut\u00f3noma de Cantabria en la direcci\u00f3n electr\u00f3nica \u00absede.cantabria.es\u00bb.<\/p>\n<\/div>\n<h3>\u00d3rgano tramitador:<\/h3>\n<div>\n\t\t\t\tDirecci\u00f3n: \n<p><strong>SERVICIO DE FORMACI\u00d3N DEL SERVICIO C\u00c1NTABRO DE EMPLEO (C\u00d3DIGO DIR3 O00006439 \u2013 A06027808)<\/strong><\/p>\n<p>P\u00ba General D\u00e1vila, 87 \u2013 39006 Santander<\/p>\n<\/div>\n<p><span>Tel\u00e9fono: 942 20 50 75<\/span><\/p>\n<div class=\"noticias-iframe\">\n<p>\t\t\t\t<a href=\"https:\/\/twitter.com\/share\" class=\"twitter-share-button\" data-url=\"https%3A%2F%2Fwww.cantabria.es%2Fdetalle%2F-%2Fjournal%2Frss%2F16401%2FRSS_ULTIMAS_AYUDAS\" data-via=\"cantabriaes\" data-text=\"DECRETO 43\/2025\" data-related=\"anywhere:The Javascript API\" data-count=\"horizontal\"><br \/>\n\t\t\t\t\tTweet<br \/>\n\t\t\t\t<\/a><\/p><\/div>\n<\/div>","protected":false},"excerpt":{"rendered":"<p>Subvencion: DECRETO 43\/2025 Con certificado Servicio telef\u00f3nico 012 de atenci\u00f3n al ciudadano de Cantabria Descripci\u00f3n: Decreto 43\/2025, de 4 de julio, por el que se regula el procedimiento de concesi\u00f3n directa de subvenciones destinadas a la ejecuci\u00f3n de programas formativos que incluyan compromiso de contrataci\u00f3n, en modalidad presencial (Formaci\u00f3n a la medida de las empresas). [&hellip;]<\/p>\n","protected":false},"author":5,"featured_media":0,"comment_status":"","ping_status":"","sticky":false,"template":"","format":"standard","meta":{"site-sidebar-layout":"default","site-content-layout":"","ast-site-content-layout":"default","site-content-style":"default","site-sidebar-style":"default","ast-global-header-display":"","ast-banner-title-visibility":"","ast-main-header-display":"","ast-hfb-above-header-display":"","ast-hfb-below-header-display":"","ast-hfb-mobile-header-display":"","site-post-title":"","ast-breadcrumbs-content":"","ast-featured-img":"","footer-sml-layout":"","ast-disable-related-posts":"","theme-transparent-header-meta":"","adv-header-id-meta":"","stick-header-meta":"","header-above-stick-meta":"","header-main-stick-meta":"","header-below-stick-meta":"","astra-migrate-meta-layouts":"default","ast-page-background-enabled":"default","ast-page-background-meta":{"desktop":{"background-color":"var(--ast-global-color-4)","background-image":"","background-repeat":"repeat","background-position":"center center","background-size":"auto","background-attachment":"scroll","background-type":"","background-media":"","overlay-type":"","overlay-color":"","overlay-opacity":"","overlay-gradient":""},"tablet":{"background-color":"","background-image":"","background-repeat":"repeat","background-position":"center center","background-size":"auto","background-attachment":"scroll","background-type":"","background-media":"","overlay-type":"","overlay-color":"","overlay-opacity":"","overlay-gradient":""},"mobile":{"background-color":"","background-image":"","background-repeat":"repeat","background-position":"center center","background-size":"auto","background-attachment":"scroll","background-type":"","background-media":"","overlay-type":"","overlay-color":"","overlay-opacity":"","overlay-gradient":""}},"ast-content-background-meta":{"desktop":{"background-color":"var(--ast-global-color-5)","background-image":"","background-repeat":"repeat","background-position":"center center","background-size":"auto","background-attachment":"scroll","background-type":"","background-media":"","overlay-type":"","overlay-color":"","overlay-opacity":"","overlay-gradient":""},"tablet":{"background-color":"var(--ast-global-color-5)","background-image":"","background-repeat":"repeat","background-position":"center center","background-size":"auto","background-attachment":"scroll","background-type":"","background-media":"","overlay-type":"","overlay-color":"","overlay-opacity":"","overlay-gradient":""},"mobile":{"background-color":"var(--ast-global-color-5)","background-image":"","background-repeat":"repeat","background-position":"center center","background-size":"auto","background-attachment":"scroll","background-type":"","background-media":"","overlay-type":"","overlay-color":"","overlay-opacity":"","overlay-gradient":""}},"footnotes":""},"categories":[8],"tags":[],"class_list":["post-149140","post","type-post","status-publish","format-standard","hentry","category-ayudas-y-subvenciones"],"yoast_head":"<!-- This site is optimized with the Yoast SEO Premium plugin v20.9 (Yoast SEO v27.4) - https:\/\/yoast.com\/product\/yoast-seo-premium-wordpress\/ -->\n<title>DECRETO 43\/2025 - bip4ex<\/title>\n<meta name=\"robots\" content=\"index, follow, max-snippet:-1, max-image-preview:large, max-video-preview:-1\" \/>\n<link rel=\"canonical\" href=\"https:\/\/helloproject.es\/vigilancia\/decreto-43-2025\/\" \/>\n<meta property=\"og:locale\" content=\"es_ES\" \/>\n<meta property=\"og:type\" content=\"article\" \/>\n<meta property=\"og:title\" content=\"DECRETO 43\/2025\" \/>\n<meta property=\"og:description\" content=\"Subvencion: DECRETO 43\/2025 Con certificado Servicio telef\u00f3nico 012 de atenci\u00f3n al ciudadano de Cantabria Descripci\u00f3n: Decreto 43\/2025, de 4 de julio, por el que se regula el procedimiento de concesi\u00f3n directa de subvenciones destinadas a la ejecuci\u00f3n de programas formativos que incluyan compromiso de contrataci\u00f3n, en modalidad presencial (Formaci\u00f3n a la medida de las empresas). [&hellip;]\" \/>\n<meta property=\"og:url\" content=\"https:\/\/helloproject.es\/vigilancia\/decreto-43-2025\/\" \/>\n<meta property=\"og:site_name\" content=\"bip4ex\" \/>\n<meta property=\"article:published_time\" content=\"2025-07-08T08:28:57+00:00\" \/>\n<meta property=\"og:image\" content=\"https:\/\/www.cantabria.es\/documents\/26427\/21881598\/DNIe.jpg\/01f4c245-cfe3-9563-9845-0e0f97e7f720?t=1648806919369\" \/>\n<meta name=\"author\" content=\"Luis Miguel Mej\u00edas Ramos\" \/>\n<meta name=\"twitter:card\" content=\"summary_large_image\" \/>\n<meta name=\"twitter:label1\" content=\"Escrito por\" \/>\n\t<meta name=\"twitter:data1\" content=\"Luis Miguel Mej\u00edas Ramos\" \/>\n\t<meta name=\"twitter:label2\" content=\"Tiempo de lectura\" \/>\n\t<meta name=\"twitter:data2\" content=\"6 minutos\" \/>\n<script type=\"application\/ld+json\" class=\"yoast-schema-graph\">{\"@context\":\"https:\\\/\\\/schema.org\",\"@graph\":[{\"@type\":\"Article\",\"@id\":\"https:\\\/\\\/helloproject.es\\\/vigilancia\\\/decreto-43-2025\\\/#article\",\"isPartOf\":{\"@id\":\"https:\\\/\\\/helloproject.es\\\/vigilancia\\\/decreto-43-2025\\\/\"},\"author\":{\"name\":\"Luis Miguel Mej\u00edas Ramos\",\"@id\":\"https:\\\/\\\/helloproject.es\\\/vigilancia\\\/#\\\/schema\\\/person\\\/3767b0619d59a11570372c821f8619ca\"},\"headline\":\"DECRETO 43\\\/2025\",\"datePublished\":\"2025-07-08T08:28:57+00:00\",\"mainEntityOfPage\":{\"@id\":\"https:\\\/\\\/helloproject.es\\\/vigilancia\\\/decreto-43-2025\\\/\"},\"wordCount\":1284,\"publisher\":{\"@id\":\"https:\\\/\\\/helloproject.es\\\/vigilancia\\\/#organization\"},\"image\":{\"@id\":\"https:\\\/\\\/helloproject.es\\\/vigilancia\\\/decreto-43-2025\\\/#primaryimage\"},\"thumbnailUrl\":\"https:\\\/\\\/www.cantabria.es\\\/documents\\\/26427\\\/21881598\\\/DNIe.jpg\\\/01f4c245-cfe3-9563-9845-0e0f97e7f720?t=1648806919369\",\"articleSection\":[\"Ayudas y Subvenciones\"],\"inLanguage\":\"es\"},{\"@type\":\"WebPage\",\"@id\":\"https:\\\/\\\/helloproject.es\\\/vigilancia\\\/decreto-43-2025\\\/\",\"url\":\"https:\\\/\\\/helloproject.es\\\/vigilancia\\\/decreto-43-2025\\\/\",\"name\":\"DECRETO 43\\\/2025 - bip4ex\",\"isPartOf\":{\"@id\":\"https:\\\/\\\/helloproject.es\\\/vigilancia\\\/#website\"},\"primaryImageOfPage\":{\"@id\":\"https:\\\/\\\/helloproject.es\\\/vigilancia\\\/decreto-43-2025\\\/#primaryimage\"},\"image\":{\"@id\":\"https:\\\/\\\/helloproject.es\\\/vigilancia\\\/decreto-43-2025\\\/#primaryimage\"},\"thumbnailUrl\":\"https:\\\/\\\/www.cantabria.es\\\/documents\\\/26427\\\/21881598\\\/DNIe.jpg\\\/01f4c245-cfe3-9563-9845-0e0f97e7f720?t=1648806919369\",\"datePublished\":\"2025-07-08T08:28:57+00:00\",\"breadcrumb\":{\"@id\":\"https:\\\/\\\/helloproject.es\\\/vigilancia\\\/decreto-43-2025\\\/#breadcrumb\"},\"inLanguage\":\"es\",\"potentialAction\":[{\"@type\":\"ReadAction\",\"target\":[\"https:\\\/\\\/helloproject.es\\\/vigilancia\\\/decreto-43-2025\\\/\"]}]},{\"@type\":\"ImageObject\",\"inLanguage\":\"es\",\"@id\":\"https:\\\/\\\/helloproject.es\\\/vigilancia\\\/decreto-43-2025\\\/#primaryimage\",\"url\":\"https:\\\/\\\/www.cantabria.es\\\/documents\\\/26427\\\/21881598\\\/DNIe.jpg\\\/01f4c245-cfe3-9563-9845-0e0f97e7f720?t=1648806919369\",\"contentUrl\":\"https:\\\/\\\/www.cantabria.es\\\/documents\\\/26427\\\/21881598\\\/DNIe.jpg\\\/01f4c245-cfe3-9563-9845-0e0f97e7f720?t=1648806919369\"},{\"@type\":\"BreadcrumbList\",\"@id\":\"https:\\\/\\\/helloproject.es\\\/vigilancia\\\/decreto-43-2025\\\/#breadcrumb\",\"itemListElement\":[{\"@type\":\"ListItem\",\"position\":1,\"name\":\"Home\",\"item\":\"https:\\\/\\\/helloproject.es\\\/vigilancia\\\/\"},{\"@type\":\"ListItem\",\"position\":2,\"name\":\"DECRETO 43\\\/2025\"}]},{\"@type\":\"WebSite\",\"@id\":\"https:\\\/\\\/helloproject.es\\\/vigilancia\\\/#website\",\"url\":\"https:\\\/\\\/helloproject.es\\\/vigilancia\\\/\",\"name\":\"bip4ex\",\"description\":\"Vigilancia Tecnol\u00f3gica\",\"publisher\":{\"@id\":\"https:\\\/\\\/helloproject.es\\\/vigilancia\\\/#organization\"},\"potentialAction\":[{\"@type\":\"SearchAction\",\"target\":{\"@type\":\"EntryPoint\",\"urlTemplate\":\"https:\\\/\\\/helloproject.es\\\/vigilancia\\\/?s={search_term_string}\"},\"query-input\":{\"@type\":\"PropertyValueSpecification\",\"valueRequired\":true,\"valueName\":\"search_term_string\"}}],\"inLanguage\":\"es\"},{\"@type\":\"Organization\",\"@id\":\"https:\\\/\\\/helloproject.es\\\/vigilancia\\\/#organization\",\"name\":\"Helloproject.es\",\"url\":\"https:\\\/\\\/helloproject.es\\\/vigilancia\\\/\",\"logo\":{\"@type\":\"ImageObject\",\"inLanguage\":\"es\",\"@id\":\"https:\\\/\\\/helloproject.es\\\/vigilancia\\\/#\\\/schema\\\/logo\\\/image\\\/\",\"url\":\"https:\\\/\\\/helloproject.es\\\/vigilancia\\\/wp-content\\\/uploads\\\/2023\\\/07\\\/bip4ex.png\",\"contentUrl\":\"https:\\\/\\\/helloproject.es\\\/vigilancia\\\/wp-content\\\/uploads\\\/2023\\\/07\\\/bip4ex.png\",\"width\":322,\"height\":365,\"caption\":\"Helloproject.es\"},\"image\":{\"@id\":\"https:\\\/\\\/helloproject.es\\\/vigilancia\\\/#\\\/schema\\\/logo\\\/image\\\/\"}},{\"@type\":\"Person\",\"@id\":\"https:\\\/\\\/helloproject.es\\\/vigilancia\\\/#\\\/schema\\\/person\\\/3767b0619d59a11570372c821f8619ca\",\"name\":\"Luis Miguel Mej\u00edas Ramos\",\"url\":\"https:\\\/\\\/helloproject.es\\\/vigilancia\\\/author\\\/luismi\\\/\"}]}<\/script>\n<!-- \/ Yoast SEO Premium plugin. -->","yoast_head_json":{"title":"DECRETO 43\/2025 - bip4ex","robots":{"index":"index","follow":"follow","max-snippet":"max-snippet:-1","max-image-preview":"max-image-preview:large","max-video-preview":"max-video-preview:-1"},"canonical":"https:\/\/helloproject.es\/vigilancia\/decreto-43-2025\/","og_locale":"es_ES","og_type":"article","og_title":"DECRETO 43\/2025","og_description":"Subvencion: DECRETO 43\/2025 Con certificado Servicio telef\u00f3nico 012 de atenci\u00f3n al ciudadano de Cantabria Descripci\u00f3n: Decreto 43\/2025, de 4 de julio, por el que se regula el procedimiento de concesi\u00f3n directa de subvenciones destinadas a la ejecuci\u00f3n de programas formativos que incluyan compromiso de contrataci\u00f3n, en modalidad presencial (Formaci\u00f3n a la medida de las empresas). [&hellip;]","og_url":"https:\/\/helloproject.es\/vigilancia\/decreto-43-2025\/","og_site_name":"bip4ex","article_published_time":"2025-07-08T08:28:57+00:00","og_image":[{"url":"https:\/\/www.cantabria.es\/documents\/26427\/21881598\/DNIe.jpg\/01f4c245-cfe3-9563-9845-0e0f97e7f720?t=1648806919369","type":"","width":"","height":""}],"author":"Luis Miguel Mej\u00edas Ramos","twitter_card":"summary_large_image","twitter_misc":{"Escrito por":"Luis Miguel Mej\u00edas Ramos","Tiempo de lectura":"6 minutos"},"schema":{"@context":"https:\/\/schema.org","@graph":[{"@type":"Article","@id":"https:\/\/helloproject.es\/vigilancia\/decreto-43-2025\/#article","isPartOf":{"@id":"https:\/\/helloproject.es\/vigilancia\/decreto-43-2025\/"},"author":{"name":"Luis Miguel Mej\u00edas Ramos","@id":"https:\/\/helloproject.es\/vigilancia\/#\/schema\/person\/3767b0619d59a11570372c821f8619ca"},"headline":"DECRETO 43\/2025","datePublished":"2025-07-08T08:28:57+00:00","mainEntityOfPage":{"@id":"https:\/\/helloproject.es\/vigilancia\/decreto-43-2025\/"},"wordCount":1284,"publisher":{"@id":"https:\/\/helloproject.es\/vigilancia\/#organization"},"image":{"@id":"https:\/\/helloproject.es\/vigilancia\/decreto-43-2025\/#primaryimage"},"thumbnailUrl":"https:\/\/www.cantabria.es\/documents\/26427\/21881598\/DNIe.jpg\/01f4c245-cfe3-9563-9845-0e0f97e7f720?t=1648806919369","articleSection":["Ayudas y Subvenciones"],"inLanguage":"es"},{"@type":"WebPage","@id":"https:\/\/helloproject.es\/vigilancia\/decreto-43-2025\/","url":"https:\/\/helloproject.es\/vigilancia\/decreto-43-2025\/","name":"DECRETO 43\/2025 - bip4ex","isPartOf":{"@id":"https:\/\/helloproject.es\/vigilancia\/#website"},"primaryImageOfPage":{"@id":"https:\/\/helloproject.es\/vigilancia\/decreto-43-2025\/#primaryimage"},"image":{"@id":"https:\/\/helloproject.es\/vigilancia\/decreto-43-2025\/#primaryimage"},"thumbnailUrl":"https:\/\/www.cantabria.es\/documents\/26427\/21881598\/DNIe.jpg\/01f4c245-cfe3-9563-9845-0e0f97e7f720?t=1648806919369","datePublished":"2025-07-08T08:28:57+00:00","breadcrumb":{"@id":"https:\/\/helloproject.es\/vigilancia\/decreto-43-2025\/#breadcrumb"},"inLanguage":"es","potentialAction":[{"@type":"ReadAction","target":["https:\/\/helloproject.es\/vigilancia\/decreto-43-2025\/"]}]},{"@type":"ImageObject","inLanguage":"es","@id":"https:\/\/helloproject.es\/vigilancia\/decreto-43-2025\/#primaryimage","url":"https:\/\/www.cantabria.es\/documents\/26427\/21881598\/DNIe.jpg\/01f4c245-cfe3-9563-9845-0e0f97e7f720?t=1648806919369","contentUrl":"https:\/\/www.cantabria.es\/documents\/26427\/21881598\/DNIe.jpg\/01f4c245-cfe3-9563-9845-0e0f97e7f720?t=1648806919369"},{"@type":"BreadcrumbList","@id":"https:\/\/helloproject.es\/vigilancia\/decreto-43-2025\/#breadcrumb","itemListElement":[{"@type":"ListItem","position":1,"name":"Home","item":"https:\/\/helloproject.es\/vigilancia\/"},{"@type":"ListItem","position":2,"name":"DECRETO 43\/2025"}]},{"@type":"WebSite","@id":"https:\/\/helloproject.es\/vigilancia\/#website","url":"https:\/\/helloproject.es\/vigilancia\/","name":"bip4ex","description":"Vigilancia Tecnol\u00f3gica","publisher":{"@id":"https:\/\/helloproject.es\/vigilancia\/#organization"},"potentialAction":[{"@type":"SearchAction","target":{"@type":"EntryPoint","urlTemplate":"https:\/\/helloproject.es\/vigilancia\/?s={search_term_string}"},"query-input":{"@type":"PropertyValueSpecification","valueRequired":true,"valueName":"search_term_string"}}],"inLanguage":"es"},{"@type":"Organization","@id":"https:\/\/helloproject.es\/vigilancia\/#organization","name":"Helloproject.es","url":"https:\/\/helloproject.es\/vigilancia\/","logo":{"@type":"ImageObject","inLanguage":"es","@id":"https:\/\/helloproject.es\/vigilancia\/#\/schema\/logo\/image\/","url":"https:\/\/helloproject.es\/vigilancia\/wp-content\/uploads\/2023\/07\/bip4ex.png","contentUrl":"https:\/\/helloproject.es\/vigilancia\/wp-content\/uploads\/2023\/07\/bip4ex.png","width":322,"height":365,"caption":"Helloproject.es"},"image":{"@id":"https:\/\/helloproject.es\/vigilancia\/#\/schema\/logo\/image\/"}},{"@type":"Person","@id":"https:\/\/helloproject.es\/vigilancia\/#\/schema\/person\/3767b0619d59a11570372c821f8619ca","name":"Luis Miguel Mej\u00edas Ramos","url":"https:\/\/helloproject.es\/vigilancia\/author\/luismi\/"}]}},"_links":{"self":[{"href":"https:\/\/helloproject.es\/vigilancia\/wp-json\/wp\/v2\/posts\/149140","targetHints":{"allow":["GET"]}}],"collection":[{"href":"https:\/\/helloproject.es\/vigilancia\/wp-json\/wp\/v2\/posts"}],"about":[{"href":"https:\/\/helloproject.es\/vigilancia\/wp-json\/wp\/v2\/types\/post"}],"author":[{"embeddable":true,"href":"https:\/\/helloproject.es\/vigilancia\/wp-json\/wp\/v2\/users\/5"}],"replies":[{"embeddable":true,"href":"https:\/\/helloproject.es\/vigilancia\/wp-json\/wp\/v2\/comments?post=149140"}],"version-history":[{"count":0,"href":"https:\/\/helloproject.es\/vigilancia\/wp-json\/wp\/v2\/posts\/149140\/revisions"}],"wp:attachment":[{"href":"https:\/\/helloproject.es\/vigilancia\/wp-json\/wp\/v2\/media?parent=149140"}],"wp:term":[{"taxonomy":"category","embeddable":true,"href":"https:\/\/helloproject.es\/vigilancia\/wp-json\/wp\/v2\/categories?post=149140"},{"taxonomy":"post_tag","embeddable":true,"href":"https:\/\/helloproject.es\/vigilancia\/wp-json\/wp\/v2\/tags?post=149140"}],"curies":[{"name":"wp","href":"https:\/\/api.w.org\/{rel}","templated":true}]}}