{"id":149216,"date":"2025-07-08T11:28:25","date_gmt":"2025-07-08T10:28:25","guid":{"rendered":"https:\/\/helloproject.es\/vigilancia\/el-deshielo-de-los-glaciares-puede-reactivar-volcanes-dormidos\/"},"modified":"2025-07-08T11:28:25","modified_gmt":"2025-07-08T10:28:25","slug":"el-deshielo-de-los-glaciares-puede-reactivar-volcanes-dormidos","status":"publish","type":"post","link":"https:\/\/helloproject.es\/vigilancia\/el-deshielo-de-los-glaciares-puede-reactivar-volcanes-dormidos\/","title":{"rendered":"El deshielo de los glaciares puede reactivar volcanes dormidos"},"content":{"rendered":"<p>El derretimiento acelerado de los glaciares debido al impacto del cambio clim\u00e1tico provocar\u00eda erupciones volc\u00e1nicas m\u00e1s frecuentes y virulentas, seg\u00fan una investigaci\u00f3n internacional realizada en seis volcanes de los Andes chilenos que se ha presentado esta tarde en la conferencia de la Asociaci\u00f3n Europa de Geoqu\u00edmica en Praga.<\/p>\n<p>El estudio apunta que cientos de volcanes inactivos situados bajo glaciares en todo el mundo, especialmente en la Ant\u00e1rtida, podr\u00edan volverse m\u00e1s activos a medida que el cambio clim\u00e1tico acelere el deshielo glaciar.<\/p>\n<p>Hasta ahora no se hab\u00eda investigado la relaci\u00f3n entre la p\u00e9rdida de los glaciares y la actividad volc\u00e1nica en sistemas volc\u00e1nicos continentales<\/p>\n<p>La relaci\u00f3n entre la p\u00e9rdida de los glaciares y la actividad volc\u00e1nica comenz\u00f3 a estudiarse en Islandia en la d\u00e9cada de 1970, pero hasta ahora no se hab\u00eda investigado en profundidad en sistemas volc\u00e1nicos continentales.<\/p>\n<p>Los autores de este trabajo utilizaron la dataci\u00f3n por arg\u00f3n y an\u00e1lisis de cristales en seis volcanes del sur de Chile, incluido el ahora inactivo volc\u00e1n Mocho-Choshuenco, para investigar c\u00f3mo el avance y el retroceso de la capa de hielo de la Patagonia influyeron en el comportamiento volc\u00e1nico del pasado.<\/p>\n<p><a><\/a><\/p>\n<h2>Menos peso, erupciones m\u00e1s frecuentes<\/h2>\n<p>Mediante la dataci\u00f3n precisa de erupciones anteriores y el an\u00e1lisis de cristales en rocas resultantes de las erupciones, el equipo constat\u00f3 c\u00f3mo el peso y la presi\u00f3n del hielo glacial alteran las caracter\u00edsticas del magma subterr\u00e1neo.<\/p>\n<p>Descubrieron que durante el pico de la \u00faltima glaciaci\u00f3n (hace entre 26 000 y 18 000 a\u00f1os), la gruesa capa de hielo aminor\u00f3 el volumen de las erupciones y permiti\u00f3 que se acumulara una gran reserva de magma rico en s\u00edlice entre 10 y 15 kil\u00f3metros por debajo de la superficie.<\/p>\n<p>Descubrieron que durante el pico de la \u00faltima glaciaci\u00f3n se acumul\u00f3 una gran reserva de magma rico entre 10 y 15 kil\u00f3metros por debajo de la superficie<\/p>\n<p>Cuando la capa de hielo se derriti\u00f3 al final de la \u00faltima glaciaci\u00f3n, la repentina p\u00e9rdida de peso provoc\u00f3 que la corteza se relajara y los gases del magma se expandieran, lo que dio lugar a erupciones muy explosivas.<\/p>\n<p>\u201cLos glaciares tienden a rebajar el volumen de las erupciones volc\u00e1nicas que hay bajo los mismos, pero a medida que los glaciares retroceden debido al cambio clim\u00e1tico, nuestro estudio indica que estos volcanes entran en erupci\u00f3n con mayor frecuencia y de forma m\u00e1s explosiva\u201d, se\u00f1ala en un comunicado Pablo Moreno-Yaeger, autor del art\u00edculo e investigador de la Universidad de Wisconsin-Madison (Estados Unidos).<\/p>\n<p>En resumen, lo que los investigadores han visto es que pasar de una capa glacial gruesa sobre una c\u00e1mara de magma a un grosor de hielo mucho menor, que libera presi\u00f3n, es el requisito fundamental para reactivar una erupci\u00f3n volc\u00e1nica muy explosiva, como ocurre actualmente en lugares como la Ant\u00e1rtida.<\/p>\n<p><a><\/a><\/p>\n<h2>Regiones en peligro<\/h2>\n<p>Los autores subrayan que este fen\u00f3meno no se limita a Islandia, donde est\u00e1 m\u00e1s que documentado el aumento de la actividad volc\u00e1nica con el deshielo, sino que se est\u00e1 produciendo tambi\u00e9n en la Ant\u00e1rtida, y hay otras regiones continentales en Am\u00e9rica del Norte, Nueva Zelanda y Rusia \u201cque merecen ser muy vigiladas\u201d.<\/p>\n<p>\u201cAunque la respuesta volc\u00e1nica al deshielo glacial es casi instant\u00e1nea en t\u00e9rminos geol\u00f3gicos, el proceso de cambios en el sistema magm\u00e1tico es gradual y se produce a lo largo de siglos, por lo que hay tiempo para la vigilancia y la alerta temprana\u201d, apunta Moreno-Yaeger.<\/p>\n<p><a><\/a><\/p>\n<h2>Impacto global y en cadena<\/h2>\n<p>Los investigadores tambi\u00e9n se\u00f1alan que el aumento de la actividad volc\u00e1nica podr\u00eda tener consecuencias en el clima mundial. A corto plazo, las erupciones liberan aerosoles (peque\u00f1as part\u00edculas en los gases) que pueden enfriar temporalmente el planeta. Este fen\u00f3meno se dio tras la erupci\u00f3n del monte Pinatubo en Filipinas en 1991, que redujo las temperaturas globales en aproximadamente 0,5 grados cent\u00edgrados.<\/p>\n<p>M\u00faltiples erupciones provocar\u00edan una mayor concentraci\u00f3n de gases de efecto invernadero<\/p>\n<p>Sin embargo, cuando ocurren m\u00faltiples erupciones, los efectos se invierten, y la acumulaci\u00f3n de explosiones volc\u00e1nicas provocar\u00eda una mayor concentraci\u00f3n de gases de efecto invernadero.<\/p>\n<p>A juicio de Moreno-Yaeger, \u201cesto crea un c\u00edrculo vicioso en el que el deshielo de los glaciares provoca erupciones y estas, a su vez, podr\u00edan contribuir a un mayor calentamiento y deshielo\u201d.<\/p>\n<p>Los investigadores creen que los resultados de este estudio ayudar\u00e1n a los cient\u00edficos a comprender y predecir mejor la actividad volc\u00e1nica en las regiones cubiertas por glaciares.<\/p>","protected":false},"excerpt":{"rendered":"<p>El derretimiento acelerado de los glaciares debido al impacto del cambio clim\u00e1tico provocar\u00eda erupciones volc\u00e1nicas m\u00e1s frecuentes y virulentas, seg\u00fan una investigaci\u00f3n internacional realizada en seis volcanes de los Andes chilenos que se ha presentado esta tarde en la conferencia de la Asociaci\u00f3n Europa de Geoqu\u00edmica en Praga. El estudio apunta que cientos de volcanes [&hellip;]<\/p>\n","protected":false},"author":5,"featured_media":0,"comment_status":"","ping_status":"","sticky":false,"template":"","format":"standard","meta":{"site-sidebar-layout":"default","site-content-layout":"","ast-site-content-layout":"default","site-content-style":"default","site-sidebar-style":"default","ast-global-header-display":"","ast-banner-title-visibility":"","ast-main-header-display":"","ast-hfb-above-header-display":"","ast-hfb-below-header-display":"","ast-hfb-mobile-header-display":"","site-post-title":"","ast-breadcrumbs-content":"","ast-featured-img":"","footer-sml-layout":"","ast-disable-related-posts":"","theme-transparent-header-meta":"","adv-header-id-meta":"","stick-header-meta":"","header-above-stick-meta":"","header-main-stick-meta":"","header-below-stick-meta":"","astra-migrate-meta-layouts":"default","ast-page-background-enabled":"default","ast-page-background-meta":{"desktop":{"background-color":"var(--ast-global-color-4)","background-image":"","background-repeat":"repeat","background-position":"center center","background-size":"auto","background-attachment":"scroll","background-type":"","background-media":"","overlay-type":"","overlay-color":"","overlay-opacity":"","overlay-gradient":""},"tablet":{"background-color":"","background-image":"","background-repeat":"repeat","background-position":"center center","background-size":"auto","background-attachment":"scroll","background-type":"","background-media":"","overlay-type":"","overlay-color":"","overlay-opacity":"","overlay-gradient":""},"mobile":{"background-color":"","background-image":"","background-repeat":"repeat","background-position":"center center","background-size":"auto","background-attachment":"scroll","background-type":"","background-media":"","overlay-type":"","overlay-color":"","overlay-opacity":"","overlay-gradient":""}},"ast-content-background-meta":{"desktop":{"background-color":"var(--ast-global-color-5)","background-image":"","background-repeat":"repeat","background-position":"center center","background-size":"auto","background-attachment":"scroll","background-type":"","background-media":"","overlay-type":"","overlay-color":"","overlay-opacity":"","overlay-gradient":""},"tablet":{"background-color":"var(--ast-global-color-5)","background-image":"","background-repeat":"repeat","background-position":"center center","background-size":"auto","background-attachment":"scroll","background-type":"","background-media":"","overlay-type":"","overlay-color":"","overlay-opacity":"","overlay-gradient":""},"mobile":{"background-color":"var(--ast-global-color-5)","background-image":"","background-repeat":"repeat","background-position":"center center","background-size":"auto","background-attachment":"scroll","background-type":"","background-media":"","overlay-type":"","overlay-color":"","overlay-opacity":"","overlay-gradient":""}},"footnotes":""},"categories":[5],"tags":[],"class_list":["post-149216","post","type-post","status-publish","format-standard","hentry","category-noticias"],"yoast_head":"<!-- This site is optimized with the Yoast SEO Premium plugin v20.9 (Yoast SEO v27.4) - https:\/\/yoast.com\/product\/yoast-seo-premium-wordpress\/ -->\n<title>El deshielo de los glaciares puede reactivar volcanes dormidos - bip4ex<\/title>\n<meta name=\"robots\" content=\"index, follow, max-snippet:-1, max-image-preview:large, max-video-preview:-1\" \/>\n<link rel=\"canonical\" href=\"https:\/\/helloproject.es\/vigilancia\/el-deshielo-de-los-glaciares-puede-reactivar-volcanes-dormidos\/\" \/>\n<meta property=\"og:locale\" content=\"es_ES\" \/>\n<meta property=\"og:type\" content=\"article\" \/>\n<meta property=\"og:title\" content=\"El deshielo de los glaciares puede reactivar volcanes dormidos\" \/>\n<meta property=\"og:description\" content=\"El derretimiento acelerado de los glaciares debido al impacto del cambio clim\u00e1tico provocar\u00eda erupciones volc\u00e1nicas m\u00e1s frecuentes y virulentas, seg\u00fan una investigaci\u00f3n internacional realizada en seis volcanes de los Andes chilenos que se ha presentado esta tarde en la conferencia de la Asociaci\u00f3n Europa de Geoqu\u00edmica en Praga. El estudio apunta que cientos de volcanes [&hellip;]\" \/>\n<meta property=\"og:url\" content=\"https:\/\/helloproject.es\/vigilancia\/el-deshielo-de-los-glaciares-puede-reactivar-volcanes-dormidos\/\" \/>\n<meta property=\"og:site_name\" content=\"bip4ex\" \/>\n<meta property=\"article:published_time\" content=\"2025-07-08T10:28:25+00:00\" \/>\n<meta name=\"author\" content=\"Luis Miguel Mej\u00edas Ramos\" \/>\n<meta name=\"twitter:card\" content=\"summary_large_image\" \/>\n<meta name=\"twitter:label1\" content=\"Escrito por\" \/>\n\t<meta name=\"twitter:data1\" content=\"Luis Miguel Mej\u00edas Ramos\" \/>\n\t<meta name=\"twitter:label2\" content=\"Tiempo de lectura\" \/>\n\t<meta name=\"twitter:data2\" content=\"4 minutos\" \/>\n<script type=\"application\/ld+json\" class=\"yoast-schema-graph\">{\"@context\":\"https:\\\/\\\/schema.org\",\"@graph\":[{\"@type\":\"Article\",\"@id\":\"https:\\\/\\\/helloproject.es\\\/vigilancia\\\/el-deshielo-de-los-glaciares-puede-reactivar-volcanes-dormidos\\\/#article\",\"isPartOf\":{\"@id\":\"https:\\\/\\\/helloproject.es\\\/vigilancia\\\/el-deshielo-de-los-glaciares-puede-reactivar-volcanes-dormidos\\\/\"},\"author\":{\"name\":\"Luis Miguel Mej\u00edas Ramos\",\"@id\":\"https:\\\/\\\/helloproject.es\\\/vigilancia\\\/#\\\/schema\\\/person\\\/3767b0619d59a11570372c821f8619ca\"},\"headline\":\"El deshielo de los glaciares puede reactivar volcanes dormidos\",\"datePublished\":\"2025-07-08T10:28:25+00:00\",\"mainEntityOfPage\":{\"@id\":\"https:\\\/\\\/helloproject.es\\\/vigilancia\\\/el-deshielo-de-los-glaciares-puede-reactivar-volcanes-dormidos\\\/\"},\"wordCount\":804,\"publisher\":{\"@id\":\"https:\\\/\\\/helloproject.es\\\/vigilancia\\\/#organization\"},\"articleSection\":[\"Noticias\"],\"inLanguage\":\"es\"},{\"@type\":\"WebPage\",\"@id\":\"https:\\\/\\\/helloproject.es\\\/vigilancia\\\/el-deshielo-de-los-glaciares-puede-reactivar-volcanes-dormidos\\\/\",\"url\":\"https:\\\/\\\/helloproject.es\\\/vigilancia\\\/el-deshielo-de-los-glaciares-puede-reactivar-volcanes-dormidos\\\/\",\"name\":\"El deshielo de los glaciares puede reactivar volcanes dormidos - bip4ex\",\"isPartOf\":{\"@id\":\"https:\\\/\\\/helloproject.es\\\/vigilancia\\\/#website\"},\"datePublished\":\"2025-07-08T10:28:25+00:00\",\"breadcrumb\":{\"@id\":\"https:\\\/\\\/helloproject.es\\\/vigilancia\\\/el-deshielo-de-los-glaciares-puede-reactivar-volcanes-dormidos\\\/#breadcrumb\"},\"inLanguage\":\"es\",\"potentialAction\":[{\"@type\":\"ReadAction\",\"target\":[\"https:\\\/\\\/helloproject.es\\\/vigilancia\\\/el-deshielo-de-los-glaciares-puede-reactivar-volcanes-dormidos\\\/\"]}]},{\"@type\":\"BreadcrumbList\",\"@id\":\"https:\\\/\\\/helloproject.es\\\/vigilancia\\\/el-deshielo-de-los-glaciares-puede-reactivar-volcanes-dormidos\\\/#breadcrumb\",\"itemListElement\":[{\"@type\":\"ListItem\",\"position\":1,\"name\":\"Home\",\"item\":\"https:\\\/\\\/helloproject.es\\\/vigilancia\\\/\"},{\"@type\":\"ListItem\",\"position\":2,\"name\":\"El deshielo de los glaciares puede reactivar volcanes dormidos\"}]},{\"@type\":\"WebSite\",\"@id\":\"https:\\\/\\\/helloproject.es\\\/vigilancia\\\/#website\",\"url\":\"https:\\\/\\\/helloproject.es\\\/vigilancia\\\/\",\"name\":\"bip4ex\",\"description\":\"Vigilancia Tecnol\u00f3gica\",\"publisher\":{\"@id\":\"https:\\\/\\\/helloproject.es\\\/vigilancia\\\/#organization\"},\"potentialAction\":[{\"@type\":\"SearchAction\",\"target\":{\"@type\":\"EntryPoint\",\"urlTemplate\":\"https:\\\/\\\/helloproject.es\\\/vigilancia\\\/?s={search_term_string}\"},\"query-input\":{\"@type\":\"PropertyValueSpecification\",\"valueRequired\":true,\"valueName\":\"search_term_string\"}}],\"inLanguage\":\"es\"},{\"@type\":\"Organization\",\"@id\":\"https:\\\/\\\/helloproject.es\\\/vigilancia\\\/#organization\",\"name\":\"Helloproject.es\",\"url\":\"https:\\\/\\\/helloproject.es\\\/vigilancia\\\/\",\"logo\":{\"@type\":\"ImageObject\",\"inLanguage\":\"es\",\"@id\":\"https:\\\/\\\/helloproject.es\\\/vigilancia\\\/#\\\/schema\\\/logo\\\/image\\\/\",\"url\":\"https:\\\/\\\/helloproject.es\\\/vigilancia\\\/wp-content\\\/uploads\\\/2023\\\/07\\\/bip4ex.png\",\"contentUrl\":\"https:\\\/\\\/helloproject.es\\\/vigilancia\\\/wp-content\\\/uploads\\\/2023\\\/07\\\/bip4ex.png\",\"width\":322,\"height\":365,\"caption\":\"Helloproject.es\"},\"image\":{\"@id\":\"https:\\\/\\\/helloproject.es\\\/vigilancia\\\/#\\\/schema\\\/logo\\\/image\\\/\"}},{\"@type\":\"Person\",\"@id\":\"https:\\\/\\\/helloproject.es\\\/vigilancia\\\/#\\\/schema\\\/person\\\/3767b0619d59a11570372c821f8619ca\",\"name\":\"Luis Miguel Mej\u00edas Ramos\",\"url\":\"https:\\\/\\\/helloproject.es\\\/vigilancia\\\/author\\\/luismi\\\/\"}]}<\/script>\n<!-- \/ Yoast SEO Premium plugin. -->","yoast_head_json":{"title":"El deshielo de los glaciares puede reactivar volcanes dormidos - bip4ex","robots":{"index":"index","follow":"follow","max-snippet":"max-snippet:-1","max-image-preview":"max-image-preview:large","max-video-preview":"max-video-preview:-1"},"canonical":"https:\/\/helloproject.es\/vigilancia\/el-deshielo-de-los-glaciares-puede-reactivar-volcanes-dormidos\/","og_locale":"es_ES","og_type":"article","og_title":"El deshielo de los glaciares puede reactivar volcanes dormidos","og_description":"El derretimiento acelerado de los glaciares debido al impacto del cambio clim\u00e1tico provocar\u00eda erupciones volc\u00e1nicas m\u00e1s frecuentes y virulentas, seg\u00fan una investigaci\u00f3n internacional realizada en seis volcanes de los Andes chilenos que se ha presentado esta tarde en la conferencia de la Asociaci\u00f3n Europa de Geoqu\u00edmica en Praga. El estudio apunta que cientos de volcanes [&hellip;]","og_url":"https:\/\/helloproject.es\/vigilancia\/el-deshielo-de-los-glaciares-puede-reactivar-volcanes-dormidos\/","og_site_name":"bip4ex","article_published_time":"2025-07-08T10:28:25+00:00","author":"Luis Miguel Mej\u00edas Ramos","twitter_card":"summary_large_image","twitter_misc":{"Escrito por":"Luis Miguel Mej\u00edas Ramos","Tiempo de lectura":"4 minutos"},"schema":{"@context":"https:\/\/schema.org","@graph":[{"@type":"Article","@id":"https:\/\/helloproject.es\/vigilancia\/el-deshielo-de-los-glaciares-puede-reactivar-volcanes-dormidos\/#article","isPartOf":{"@id":"https:\/\/helloproject.es\/vigilancia\/el-deshielo-de-los-glaciares-puede-reactivar-volcanes-dormidos\/"},"author":{"name":"Luis Miguel Mej\u00edas Ramos","@id":"https:\/\/helloproject.es\/vigilancia\/#\/schema\/person\/3767b0619d59a11570372c821f8619ca"},"headline":"El deshielo de los glaciares puede reactivar volcanes dormidos","datePublished":"2025-07-08T10:28:25+00:00","mainEntityOfPage":{"@id":"https:\/\/helloproject.es\/vigilancia\/el-deshielo-de-los-glaciares-puede-reactivar-volcanes-dormidos\/"},"wordCount":804,"publisher":{"@id":"https:\/\/helloproject.es\/vigilancia\/#organization"},"articleSection":["Noticias"],"inLanguage":"es"},{"@type":"WebPage","@id":"https:\/\/helloproject.es\/vigilancia\/el-deshielo-de-los-glaciares-puede-reactivar-volcanes-dormidos\/","url":"https:\/\/helloproject.es\/vigilancia\/el-deshielo-de-los-glaciares-puede-reactivar-volcanes-dormidos\/","name":"El deshielo de los glaciares puede reactivar volcanes dormidos - bip4ex","isPartOf":{"@id":"https:\/\/helloproject.es\/vigilancia\/#website"},"datePublished":"2025-07-08T10:28:25+00:00","breadcrumb":{"@id":"https:\/\/helloproject.es\/vigilancia\/el-deshielo-de-los-glaciares-puede-reactivar-volcanes-dormidos\/#breadcrumb"},"inLanguage":"es","potentialAction":[{"@type":"ReadAction","target":["https:\/\/helloproject.es\/vigilancia\/el-deshielo-de-los-glaciares-puede-reactivar-volcanes-dormidos\/"]}]},{"@type":"BreadcrumbList","@id":"https:\/\/helloproject.es\/vigilancia\/el-deshielo-de-los-glaciares-puede-reactivar-volcanes-dormidos\/#breadcrumb","itemListElement":[{"@type":"ListItem","position":1,"name":"Home","item":"https:\/\/helloproject.es\/vigilancia\/"},{"@type":"ListItem","position":2,"name":"El deshielo de los glaciares puede reactivar volcanes dormidos"}]},{"@type":"WebSite","@id":"https:\/\/helloproject.es\/vigilancia\/#website","url":"https:\/\/helloproject.es\/vigilancia\/","name":"bip4ex","description":"Vigilancia Tecnol\u00f3gica","publisher":{"@id":"https:\/\/helloproject.es\/vigilancia\/#organization"},"potentialAction":[{"@type":"SearchAction","target":{"@type":"EntryPoint","urlTemplate":"https:\/\/helloproject.es\/vigilancia\/?s={search_term_string}"},"query-input":{"@type":"PropertyValueSpecification","valueRequired":true,"valueName":"search_term_string"}}],"inLanguage":"es"},{"@type":"Organization","@id":"https:\/\/helloproject.es\/vigilancia\/#organization","name":"Helloproject.es","url":"https:\/\/helloproject.es\/vigilancia\/","logo":{"@type":"ImageObject","inLanguage":"es","@id":"https:\/\/helloproject.es\/vigilancia\/#\/schema\/logo\/image\/","url":"https:\/\/helloproject.es\/vigilancia\/wp-content\/uploads\/2023\/07\/bip4ex.png","contentUrl":"https:\/\/helloproject.es\/vigilancia\/wp-content\/uploads\/2023\/07\/bip4ex.png","width":322,"height":365,"caption":"Helloproject.es"},"image":{"@id":"https:\/\/helloproject.es\/vigilancia\/#\/schema\/logo\/image\/"}},{"@type":"Person","@id":"https:\/\/helloproject.es\/vigilancia\/#\/schema\/person\/3767b0619d59a11570372c821f8619ca","name":"Luis Miguel Mej\u00edas Ramos","url":"https:\/\/helloproject.es\/vigilancia\/author\/luismi\/"}]}},"_links":{"self":[{"href":"https:\/\/helloproject.es\/vigilancia\/wp-json\/wp\/v2\/posts\/149216","targetHints":{"allow":["GET"]}}],"collection":[{"href":"https:\/\/helloproject.es\/vigilancia\/wp-json\/wp\/v2\/posts"}],"about":[{"href":"https:\/\/helloproject.es\/vigilancia\/wp-json\/wp\/v2\/types\/post"}],"author":[{"embeddable":true,"href":"https:\/\/helloproject.es\/vigilancia\/wp-json\/wp\/v2\/users\/5"}],"replies":[{"embeddable":true,"href":"https:\/\/helloproject.es\/vigilancia\/wp-json\/wp\/v2\/comments?post=149216"}],"version-history":[{"count":0,"href":"https:\/\/helloproject.es\/vigilancia\/wp-json\/wp\/v2\/posts\/149216\/revisions"}],"wp:attachment":[{"href":"https:\/\/helloproject.es\/vigilancia\/wp-json\/wp\/v2\/media?parent=149216"}],"wp:term":[{"taxonomy":"category","embeddable":true,"href":"https:\/\/helloproject.es\/vigilancia\/wp-json\/wp\/v2\/categories?post=149216"},{"taxonomy":"post_tag","embeddable":true,"href":"https:\/\/helloproject.es\/vigilancia\/wp-json\/wp\/v2\/tags?post=149216"}],"curies":[{"name":"wp","href":"https:\/\/api.w.org\/{rel}","templated":true}]}}