{"id":149255,"date":"2025-07-08T12:28:58","date_gmt":"2025-07-08T11:28:58","guid":{"rendered":"https:\/\/helloproject.es\/vigilancia\/a-huebra-de-2025-que-llega-a-57-localidades-con-una-inversion-de-210-000-euros\/"},"modified":"2025-07-08T12:28:58","modified_gmt":"2025-07-08T11:28:58","slug":"a-huebra-de-2025-que-llega-a-57-localidades-con-una-inversion-de-210-000-euros","status":"publish","type":"post","link":"https:\/\/helloproject.es\/vigilancia\/a-huebra-de-2025-que-llega-a-57-localidades-con-una-inversion-de-210-000-euros\/","title":{"rendered":"\u2018A Huebra\u2019 de 2025 que llega a 57 localidades con una inversi\u00f3n de 210.000 euros"},"content":{"rendered":"<p><span> \u2018A Huebra\u2019 de 2025 que llega a 57 localidades con una inversi\u00f3n de 210.000 euros <\/span><\/p>\n<div>\n<div>Fecha de noticia<\/div>\n<div>Martes, 08 de Julio de 2025\n<\/div>\n<\/div>\n<p><span><span>prensa<\/span><\/span><br \/>\n<span>Mar, 08\/07\/2025 &#8211; 12:52<br \/>\n<\/span><\/p>\n<div>La Diputaci\u00f3n resuelve la convocatoria de \u2018A Huebra\u2019 de 2025 que llega a 57 localidades, con una inversi\u00f3n de 210.000 euros <\/div>\n<div>\n<p class=\"text-align-justify\"><span lang=\"ES-TRAD\">El Bolet\u00edn Oficial de la Provincia ha publicado recientemente la resoluci\u00f3n de la convocatoria\u00a0<\/span><span>\u201cPalencia A Huebra2025\u201d que supondr\u00e1 una inversi\u00f3n de 210.000 euros que se repartir\u00e1n entre 40 ayuntamientos y 17 juntas vecinales.\u00a0<\/span><\/p>\n<p class=\"text-align-justify\"><span>Tras la evaluaci\u00f3n de las solicitudes y la propuesta de la Comisi\u00f3n Informativa de Acci\u00f3n Territorial e Infraestructuras Medioambientales, celebrada el 18 de junio de 2025, se ha aprobado la concesi\u00f3n de\u00a0<strong>159.022 euros a ayuntamientos<\/strong>\u00a0y\u00a0<strong>50.000 euros a juntas vecinales<\/strong>\u00a0para el desarrollo de proyectos que fomentan la sostenibilidad, la recuperaci\u00f3n de espacios verdes, el compostaje comunitario y la mejora ambiental de municipios y entidades locales menores.<\/span><\/p>\n<p class=\"text-align-justify\"><span><strong>Ayuntamientos<\/strong>: Entre los beneficiarios destacan proyectos como \u201cCompost para nuestra tierra\u201d en Abarca de Campos, \u201cTu basura cuenta, residuo cero\u201d en Aguilar de Campoo, la restauraci\u00f3n de la Plaza de La Barcaza en Alar del Rey, iniciativas de plantaci\u00f3n de \u00e1rboles, ajardinamientos, acondicionamiento de \u00e1reas recreativas y programas de compostaje en diversas localidades. El importe total concedido a ayuntamientos asciende a 159.022 euros.<\/span><\/p>\n<p class=\"text-align-justify\"><span><strong>Juntas vecinales<\/strong>: Se han apoyado actuaciones como la creaci\u00f3n de entornos seguros para la infancia en Torre de los Molinos, acondicionamiento de parques y zonas verdes, recuperaci\u00f3n de humedales y programas de compostaje comunitario en entidades locales menores, con un total de 50.000 euros repartidos.<\/span><\/p>\n<p class=\"text-align-justify\"><span>Los<\/span><span lang=\"ES-TRAD\"> entes locales del medio rural vienen mostrando creciente inter\u00e9s en este programa de recuperaci\u00f3n ambiental desde que <strong>fue creada esta convocatoria por la Diputaci\u00f3n de Palencia en 2012,<\/strong> inspir\u00e1ndose en la ancestral costumbre que exist\u00eda en muchos pueblos del toque de campana, que llamaba a la realizaci\u00f3n de trabajos comunales en el medio rural.\u00a0<\/span><\/p>\n<p class=\"text-align-justify\"><span lang=\"ES-TRAD\"><\/span><\/p>\n<p class=\"text-align-justify\"><span lang=\"ES-TRAD\">As\u00ed, en 2024 se concedieron ayudas a <strong>52 localidades, de las que 38 fueron ayuntamientos y las 14 restante de juntas vecinales. En\u00a0<\/strong>2023 <strong>se han destinado m\u00e1s de 252.000 euros para 52 proyectos.\u00a0 <\/strong>Cabe recordar, que en <strong>2022 se super\u00f3 el mill\u00f3n de euros<\/strong> con el objetivo de poder acometer todas las iniciativas de voluntariado ambiental. Hubo una convocatoria ordinaria dotada de 170.000 euros inicialmente (que ya fue un 42% m\u00e1s que el a\u00f1o anterior) y a la que se uni\u00f3 posteriormente otra extraordinaria de 350.000 euros.<\/span><\/p>\n<p class=\"text-align-justify\"><span lang=\"ES-TRAD\"><\/span><\/p>\n<p class=\"text-align-justify\"><span lang=\"ES-TRAD\">Los datos de estos 11 a\u00f1os de trabajos para la comunidad son muy significativos, puesto que con casi <strong>1,4 millones de euros se han acometido 391 actuaciones de voluntariado<\/strong> para mejorar y mantener los espacios comunes de sus localidades. Se han acondicionado jardines, embellecido parques, restaurado calles y zonas urbanas, as\u00ed como los entornos de ermitas e iglesias y han recuperado fuentes para su funci\u00f3n ecol\u00f3gica. Asimismo, y en el apartado de recuperaci\u00f3n de elementos tradicionales y legados de la cultura popular, los pueblos vuelven a disponer para disfrute de todos de sus antiguos humilladeros, merenderos, chozos, boleras o bodegas.<\/span><\/p>\n<\/div>","protected":false},"excerpt":{"rendered":"<p>\u2018A Huebra\u2019 de 2025 que llega a 57 localidades con una inversi\u00f3n de 210.000 euros Fecha de noticia Martes, 08 de Julio de 2025 prensa Mar, 08\/07\/2025 &#8211; 12:52 La Diputaci\u00f3n resuelve la convocatoria de \u2018A Huebra\u2019 de 2025 que llega a 57 localidades, con una inversi\u00f3n de 210.000 euros El Bolet\u00edn Oficial de la [&hellip;]<\/p>\n","protected":false},"author":5,"featured_media":0,"comment_status":"","ping_status":"","sticky":false,"template":"","format":"standard","meta":{"site-sidebar-layout":"default","site-content-layout":"","ast-site-content-layout":"default","site-content-style":"default","site-sidebar-style":"default","ast-global-header-display":"","ast-banner-title-visibility":"","ast-main-header-display":"","ast-hfb-above-header-display":"","ast-hfb-below-header-display":"","ast-hfb-mobile-header-display":"","site-post-title":"","ast-breadcrumbs-content":"","ast-featured-img":"","footer-sml-layout":"","ast-disable-related-posts":"","theme-transparent-header-meta":"","adv-header-id-meta":"","stick-header-meta":"","header-above-stick-meta":"","header-main-stick-meta":"","header-below-stick-meta":"","astra-migrate-meta-layouts":"default","ast-page-background-enabled":"default","ast-page-background-meta":{"desktop":{"background-color":"var(--ast-global-color-4)","background-image":"","background-repeat":"repeat","background-position":"center center","background-size":"auto","background-attachment":"scroll","background-type":"","background-media":"","overlay-type":"","overlay-color":"","overlay-opacity":"","overlay-gradient":""},"tablet":{"background-color":"","background-image":"","background-repeat":"repeat","background-position":"center center","background-size":"auto","background-attachment":"scroll","background-type":"","background-media":"","overlay-type":"","overlay-color":"","overlay-opacity":"","overlay-gradient":""},"mobile":{"background-color":"","background-image":"","background-repeat":"repeat","background-position":"center center","background-size":"auto","background-attachment":"scroll","background-type":"","background-media":"","overlay-type":"","overlay-color":"","overlay-opacity":"","overlay-gradient":""}},"ast-content-background-meta":{"desktop":{"background-color":"var(--ast-global-color-5)","background-image":"","background-repeat":"repeat","background-position":"center center","background-size":"auto","background-attachment":"scroll","background-type":"","background-media":"","overlay-type":"","overlay-color":"","overlay-opacity":"","overlay-gradient":""},"tablet":{"background-color":"var(--ast-global-color-5)","background-image":"","background-repeat":"repeat","background-position":"center center","background-size":"auto","background-attachment":"scroll","background-type":"","background-media":"","overlay-type":"","overlay-color":"","overlay-opacity":"","overlay-gradient":""},"mobile":{"background-color":"var(--ast-global-color-5)","background-image":"","background-repeat":"repeat","background-position":"center center","background-size":"auto","background-attachment":"scroll","background-type":"","background-media":"","overlay-type":"","overlay-color":"","overlay-opacity":"","overlay-gradient":""}},"footnotes":""},"categories":[5],"tags":[],"class_list":["post-149255","post","type-post","status-publish","format-standard","hentry","category-noticias"],"yoast_head":"<!-- This site is optimized with the Yoast SEO Premium plugin v20.9 (Yoast SEO v27.4) - https:\/\/yoast.com\/product\/yoast-seo-premium-wordpress\/ -->\n<title>\u2018A Huebra\u2019 de 2025 que llega a 57 localidades con una inversi\u00f3n de 210.000 euros - bip4ex<\/title>\n<meta name=\"robots\" content=\"index, follow, max-snippet:-1, max-image-preview:large, max-video-preview:-1\" \/>\n<link rel=\"canonical\" href=\"https:\/\/helloproject.es\/vigilancia\/a-huebra-de-2025-que-llega-a-57-localidades-con-una-inversion-de-210-000-euros\/\" \/>\n<meta property=\"og:locale\" content=\"es_ES\" \/>\n<meta property=\"og:type\" content=\"article\" \/>\n<meta property=\"og:title\" content=\"\u2018A Huebra\u2019 de 2025 que llega a 57 localidades con una inversi\u00f3n de 210.000 euros\" \/>\n<meta property=\"og:description\" content=\"\u2018A Huebra\u2019 de 2025 que llega a 57 localidades con una inversi\u00f3n de 210.000 euros Fecha de noticia Martes, 08 de Julio de 2025 prensa Mar, 08\/07\/2025 &#8211; 12:52 La Diputaci\u00f3n resuelve la convocatoria de \u2018A Huebra\u2019 de 2025 que llega a 57 localidades, con una inversi\u00f3n de 210.000 euros El Bolet\u00edn Oficial de la [&hellip;]\" \/>\n<meta property=\"og:url\" content=\"https:\/\/helloproject.es\/vigilancia\/a-huebra-de-2025-que-llega-a-57-localidades-con-una-inversion-de-210-000-euros\/\" \/>\n<meta property=\"og:site_name\" content=\"bip4ex\" \/>\n<meta property=\"article:published_time\" content=\"2025-07-08T11:28:58+00:00\" \/>\n<meta name=\"author\" content=\"Luis Miguel Mej\u00edas Ramos\" \/>\n<meta name=\"twitter:card\" content=\"summary_large_image\" \/>\n<meta name=\"twitter:label1\" content=\"Escrito por\" \/>\n\t<meta name=\"twitter:data1\" content=\"Luis Miguel Mej\u00edas Ramos\" \/>\n\t<meta name=\"twitter:label2\" content=\"Tiempo de lectura\" \/>\n\t<meta name=\"twitter:data2\" content=\"3 minutos\" \/>\n<script type=\"application\/ld+json\" class=\"yoast-schema-graph\">{\"@context\":\"https:\\\/\\\/schema.org\",\"@graph\":[{\"@type\":\"Article\",\"@id\":\"https:\\\/\\\/helloproject.es\\\/vigilancia\\\/a-huebra-de-2025-que-llega-a-57-localidades-con-una-inversion-de-210-000-euros\\\/#article\",\"isPartOf\":{\"@id\":\"https:\\\/\\\/helloproject.es\\\/vigilancia\\\/a-huebra-de-2025-que-llega-a-57-localidades-con-una-inversion-de-210-000-euros\\\/\"},\"author\":{\"name\":\"Luis Miguel Mej\u00edas Ramos\",\"@id\":\"https:\\\/\\\/helloproject.es\\\/vigilancia\\\/#\\\/schema\\\/person\\\/3767b0619d59a11570372c821f8619ca\"},\"headline\":\"\u2018A Huebra\u2019 de 2025 que llega a 57 localidades con una inversi\u00f3n de 210.000 euros\",\"datePublished\":\"2025-07-08T11:28:58+00:00\",\"mainEntityOfPage\":{\"@id\":\"https:\\\/\\\/helloproject.es\\\/vigilancia\\\/a-huebra-de-2025-que-llega-a-57-localidades-con-una-inversion-de-210-000-euros\\\/\"},\"wordCount\":513,\"publisher\":{\"@id\":\"https:\\\/\\\/helloproject.es\\\/vigilancia\\\/#organization\"},\"articleSection\":[\"Noticias\"],\"inLanguage\":\"es\"},{\"@type\":\"WebPage\",\"@id\":\"https:\\\/\\\/helloproject.es\\\/vigilancia\\\/a-huebra-de-2025-que-llega-a-57-localidades-con-una-inversion-de-210-000-euros\\\/\",\"url\":\"https:\\\/\\\/helloproject.es\\\/vigilancia\\\/a-huebra-de-2025-que-llega-a-57-localidades-con-una-inversion-de-210-000-euros\\\/\",\"name\":\"\u2018A Huebra\u2019 de 2025 que llega a 57 localidades con una inversi\u00f3n de 210.000 euros - bip4ex\",\"isPartOf\":{\"@id\":\"https:\\\/\\\/helloproject.es\\\/vigilancia\\\/#website\"},\"datePublished\":\"2025-07-08T11:28:58+00:00\",\"breadcrumb\":{\"@id\":\"https:\\\/\\\/helloproject.es\\\/vigilancia\\\/a-huebra-de-2025-que-llega-a-57-localidades-con-una-inversion-de-210-000-euros\\\/#breadcrumb\"},\"inLanguage\":\"es\",\"potentialAction\":[{\"@type\":\"ReadAction\",\"target\":[\"https:\\\/\\\/helloproject.es\\\/vigilancia\\\/a-huebra-de-2025-que-llega-a-57-localidades-con-una-inversion-de-210-000-euros\\\/\"]}]},{\"@type\":\"BreadcrumbList\",\"@id\":\"https:\\\/\\\/helloproject.es\\\/vigilancia\\\/a-huebra-de-2025-que-llega-a-57-localidades-con-una-inversion-de-210-000-euros\\\/#breadcrumb\",\"itemListElement\":[{\"@type\":\"ListItem\",\"position\":1,\"name\":\"Home\",\"item\":\"https:\\\/\\\/helloproject.es\\\/vigilancia\\\/\"},{\"@type\":\"ListItem\",\"position\":2,\"name\":\"\u2018A Huebra\u2019 de 2025 que llega a 57 localidades con una inversi\u00f3n de 210.000 euros\"}]},{\"@type\":\"WebSite\",\"@id\":\"https:\\\/\\\/helloproject.es\\\/vigilancia\\\/#website\",\"url\":\"https:\\\/\\\/helloproject.es\\\/vigilancia\\\/\",\"name\":\"bip4ex\",\"description\":\"Vigilancia Tecnol\u00f3gica\",\"publisher\":{\"@id\":\"https:\\\/\\\/helloproject.es\\\/vigilancia\\\/#organization\"},\"potentialAction\":[{\"@type\":\"SearchAction\",\"target\":{\"@type\":\"EntryPoint\",\"urlTemplate\":\"https:\\\/\\\/helloproject.es\\\/vigilancia\\\/?s={search_term_string}\"},\"query-input\":{\"@type\":\"PropertyValueSpecification\",\"valueRequired\":true,\"valueName\":\"search_term_string\"}}],\"inLanguage\":\"es\"},{\"@type\":\"Organization\",\"@id\":\"https:\\\/\\\/helloproject.es\\\/vigilancia\\\/#organization\",\"name\":\"Helloproject.es\",\"url\":\"https:\\\/\\\/helloproject.es\\\/vigilancia\\\/\",\"logo\":{\"@type\":\"ImageObject\",\"inLanguage\":\"es\",\"@id\":\"https:\\\/\\\/helloproject.es\\\/vigilancia\\\/#\\\/schema\\\/logo\\\/image\\\/\",\"url\":\"https:\\\/\\\/helloproject.es\\\/vigilancia\\\/wp-content\\\/uploads\\\/2023\\\/07\\\/bip4ex.png\",\"contentUrl\":\"https:\\\/\\\/helloproject.es\\\/vigilancia\\\/wp-content\\\/uploads\\\/2023\\\/07\\\/bip4ex.png\",\"width\":322,\"height\":365,\"caption\":\"Helloproject.es\"},\"image\":{\"@id\":\"https:\\\/\\\/helloproject.es\\\/vigilancia\\\/#\\\/schema\\\/logo\\\/image\\\/\"}},{\"@type\":\"Person\",\"@id\":\"https:\\\/\\\/helloproject.es\\\/vigilancia\\\/#\\\/schema\\\/person\\\/3767b0619d59a11570372c821f8619ca\",\"name\":\"Luis Miguel Mej\u00edas Ramos\",\"url\":\"https:\\\/\\\/helloproject.es\\\/vigilancia\\\/author\\\/luismi\\\/\"}]}<\/script>\n<!-- \/ Yoast SEO Premium plugin. -->","yoast_head_json":{"title":"\u2018A Huebra\u2019 de 2025 que llega a 57 localidades con una inversi\u00f3n de 210.000 euros - bip4ex","robots":{"index":"index","follow":"follow","max-snippet":"max-snippet:-1","max-image-preview":"max-image-preview:large","max-video-preview":"max-video-preview:-1"},"canonical":"https:\/\/helloproject.es\/vigilancia\/a-huebra-de-2025-que-llega-a-57-localidades-con-una-inversion-de-210-000-euros\/","og_locale":"es_ES","og_type":"article","og_title":"\u2018A Huebra\u2019 de 2025 que llega a 57 localidades con una inversi\u00f3n de 210.000 euros","og_description":"\u2018A Huebra\u2019 de 2025 que llega a 57 localidades con una inversi\u00f3n de 210.000 euros Fecha de noticia Martes, 08 de Julio de 2025 prensa Mar, 08\/07\/2025 &#8211; 12:52 La Diputaci\u00f3n resuelve la convocatoria de \u2018A Huebra\u2019 de 2025 que llega a 57 localidades, con una inversi\u00f3n de 210.000 euros El Bolet\u00edn Oficial de la [&hellip;]","og_url":"https:\/\/helloproject.es\/vigilancia\/a-huebra-de-2025-que-llega-a-57-localidades-con-una-inversion-de-210-000-euros\/","og_site_name":"bip4ex","article_published_time":"2025-07-08T11:28:58+00:00","author":"Luis Miguel Mej\u00edas Ramos","twitter_card":"summary_large_image","twitter_misc":{"Escrito por":"Luis Miguel Mej\u00edas Ramos","Tiempo de lectura":"3 minutos"},"schema":{"@context":"https:\/\/schema.org","@graph":[{"@type":"Article","@id":"https:\/\/helloproject.es\/vigilancia\/a-huebra-de-2025-que-llega-a-57-localidades-con-una-inversion-de-210-000-euros\/#article","isPartOf":{"@id":"https:\/\/helloproject.es\/vigilancia\/a-huebra-de-2025-que-llega-a-57-localidades-con-una-inversion-de-210-000-euros\/"},"author":{"name":"Luis Miguel Mej\u00edas Ramos","@id":"https:\/\/helloproject.es\/vigilancia\/#\/schema\/person\/3767b0619d59a11570372c821f8619ca"},"headline":"\u2018A Huebra\u2019 de 2025 que llega a 57 localidades con una inversi\u00f3n de 210.000 euros","datePublished":"2025-07-08T11:28:58+00:00","mainEntityOfPage":{"@id":"https:\/\/helloproject.es\/vigilancia\/a-huebra-de-2025-que-llega-a-57-localidades-con-una-inversion-de-210-000-euros\/"},"wordCount":513,"publisher":{"@id":"https:\/\/helloproject.es\/vigilancia\/#organization"},"articleSection":["Noticias"],"inLanguage":"es"},{"@type":"WebPage","@id":"https:\/\/helloproject.es\/vigilancia\/a-huebra-de-2025-que-llega-a-57-localidades-con-una-inversion-de-210-000-euros\/","url":"https:\/\/helloproject.es\/vigilancia\/a-huebra-de-2025-que-llega-a-57-localidades-con-una-inversion-de-210-000-euros\/","name":"\u2018A Huebra\u2019 de 2025 que llega a 57 localidades con una inversi\u00f3n de 210.000 euros - bip4ex","isPartOf":{"@id":"https:\/\/helloproject.es\/vigilancia\/#website"},"datePublished":"2025-07-08T11:28:58+00:00","breadcrumb":{"@id":"https:\/\/helloproject.es\/vigilancia\/a-huebra-de-2025-que-llega-a-57-localidades-con-una-inversion-de-210-000-euros\/#breadcrumb"},"inLanguage":"es","potentialAction":[{"@type":"ReadAction","target":["https:\/\/helloproject.es\/vigilancia\/a-huebra-de-2025-que-llega-a-57-localidades-con-una-inversion-de-210-000-euros\/"]}]},{"@type":"BreadcrumbList","@id":"https:\/\/helloproject.es\/vigilancia\/a-huebra-de-2025-que-llega-a-57-localidades-con-una-inversion-de-210-000-euros\/#breadcrumb","itemListElement":[{"@type":"ListItem","position":1,"name":"Home","item":"https:\/\/helloproject.es\/vigilancia\/"},{"@type":"ListItem","position":2,"name":"\u2018A Huebra\u2019 de 2025 que llega a 57 localidades con una inversi\u00f3n de 210.000 euros"}]},{"@type":"WebSite","@id":"https:\/\/helloproject.es\/vigilancia\/#website","url":"https:\/\/helloproject.es\/vigilancia\/","name":"bip4ex","description":"Vigilancia Tecnol\u00f3gica","publisher":{"@id":"https:\/\/helloproject.es\/vigilancia\/#organization"},"potentialAction":[{"@type":"SearchAction","target":{"@type":"EntryPoint","urlTemplate":"https:\/\/helloproject.es\/vigilancia\/?s={search_term_string}"},"query-input":{"@type":"PropertyValueSpecification","valueRequired":true,"valueName":"search_term_string"}}],"inLanguage":"es"},{"@type":"Organization","@id":"https:\/\/helloproject.es\/vigilancia\/#organization","name":"Helloproject.es","url":"https:\/\/helloproject.es\/vigilancia\/","logo":{"@type":"ImageObject","inLanguage":"es","@id":"https:\/\/helloproject.es\/vigilancia\/#\/schema\/logo\/image\/","url":"https:\/\/helloproject.es\/vigilancia\/wp-content\/uploads\/2023\/07\/bip4ex.png","contentUrl":"https:\/\/helloproject.es\/vigilancia\/wp-content\/uploads\/2023\/07\/bip4ex.png","width":322,"height":365,"caption":"Helloproject.es"},"image":{"@id":"https:\/\/helloproject.es\/vigilancia\/#\/schema\/logo\/image\/"}},{"@type":"Person","@id":"https:\/\/helloproject.es\/vigilancia\/#\/schema\/person\/3767b0619d59a11570372c821f8619ca","name":"Luis Miguel Mej\u00edas Ramos","url":"https:\/\/helloproject.es\/vigilancia\/author\/luismi\/"}]}},"_links":{"self":[{"href":"https:\/\/helloproject.es\/vigilancia\/wp-json\/wp\/v2\/posts\/149255","targetHints":{"allow":["GET"]}}],"collection":[{"href":"https:\/\/helloproject.es\/vigilancia\/wp-json\/wp\/v2\/posts"}],"about":[{"href":"https:\/\/helloproject.es\/vigilancia\/wp-json\/wp\/v2\/types\/post"}],"author":[{"embeddable":true,"href":"https:\/\/helloproject.es\/vigilancia\/wp-json\/wp\/v2\/users\/5"}],"replies":[{"embeddable":true,"href":"https:\/\/helloproject.es\/vigilancia\/wp-json\/wp\/v2\/comments?post=149255"}],"version-history":[{"count":0,"href":"https:\/\/helloproject.es\/vigilancia\/wp-json\/wp\/v2\/posts\/149255\/revisions"}],"wp:attachment":[{"href":"https:\/\/helloproject.es\/vigilancia\/wp-json\/wp\/v2\/media?parent=149255"}],"wp:term":[{"taxonomy":"category","embeddable":true,"href":"https:\/\/helloproject.es\/vigilancia\/wp-json\/wp\/v2\/categories?post=149255"},{"taxonomy":"post_tag","embeddable":true,"href":"https:\/\/helloproject.es\/vigilancia\/wp-json\/wp\/v2\/tags?post=149255"}],"curies":[{"name":"wp","href":"https:\/\/api.w.org\/{rel}","templated":true}]}}