{"id":149547,"date":"2025-07-08T23:28:59","date_gmt":"2025-07-08T22:28:59","guid":{"rendered":"https:\/\/helloproject.es\/vigilancia\/orden-de-3-de-julio-de-2025-por-la-que-se-da-publicidad-al-incremento-de-credito-disponible-para-la-concesion-de-subvenciones-en-regimen-de-concurrencia-competitiva-para-programas-que-se-desarrolle\/"},"modified":"2025-07-08T23:28:59","modified_gmt":"2025-07-08T22:28:59","slug":"orden-de-3-de-julio-de-2025-por-la-que-se-da-publicidad-al-incremento-de-credito-disponible-para-la-concesion-de-subvenciones-en-regimen-de-concurrencia-competitiva-para-programas-que-se-desarrolle","status":"publish","type":"post","link":"https:\/\/helloproject.es\/vigilancia\/orden-de-3-de-julio-de-2025-por-la-que-se-da-publicidad-al-incremento-de-credito-disponible-para-la-concesion-de-subvenciones-en-regimen-de-concurrencia-competitiva-para-programas-que-se-desarrolle\/","title":{"rendered":"Orden de 3 de julio de 2025, por la que se da publicidad al incremento de cr\u00e9dito disponible para la concesi\u00f3n de subvenciones, en r\u00e9gimen de concurrencia competitiva, para programas que se desarrollen en el marco de la Solidaridad y Garant\u00eda Alimentaria de Andaluc\u00eda modalidad 2. Escuelas de verano para personas menores de edad (L\u00ednea 7), para programas para la promoci\u00f3n, sensibilizaci\u00f3n y formaci\u00f3n del voluntariado y para la gesti\u00f3n de centros de recursos para el voluntariado y las asociaciones modalidad gesti\u00f3n centros de recursos (L\u00ednea 12), y para la realizaci\u00f3n de programas en materia de voluntariado en el \u00e1mbito universitario p\u00fablico (L\u00ednea 15), convocadas para el ejercicio 2025 mediante Orden de 21 de mayo de 2025."},"content":{"rendered":"<p><strong>Bolet\u00edn: <\/strong>BOJA n\u00ba 130 de 2025<\/p>\n<p><strong>Organismo: <\/strong>Consejer\u00eda de Inclusi\u00f3n Social, Juventud, Familias e\u00a0Igualdad<\/p>\n<p><strong>Administraci\u00f3n: <\/strong>1. Disposiciones generales<\/p>\n<p><strong>Secci\u00f3n: <\/strong><\/p>\n<p><a href=\"http:\/\/www.juntadeandalucia.es\/boja\/2025\/130\/BOJA25-130-00004-9640-01_00323239.pdf\">Descargar la disposici\u00f3n en PDF<\/a><\/p>","protected":false},"excerpt":{"rendered":"<p>Bolet\u00edn: BOJA n\u00ba 130 de 2025 Organismo: Consejer\u00eda de Inclusi\u00f3n Social, Juventud, Familias e\u00a0Igualdad Administraci\u00f3n: 1. Disposiciones generales Secci\u00f3n: Descargar la disposici\u00f3n en PDF<\/p>\n","protected":false},"author":5,"featured_media":0,"comment_status":"","ping_status":"","sticky":false,"template":"","format":"standard","meta":{"site-sidebar-layout":"default","site-content-layout":"","ast-site-content-layout":"default","site-content-style":"default","site-sidebar-style":"default","ast-global-header-display":"","ast-banner-title-visibility":"","ast-main-header-display":"","ast-hfb-above-header-display":"","ast-hfb-below-header-display":"","ast-hfb-mobile-header-display":"","site-post-title":"","ast-breadcrumbs-content":"","ast-featured-img":"","footer-sml-layout":"","ast-disable-related-posts":"","theme-transparent-header-meta":"","adv-header-id-meta":"","stick-header-meta":"","header-above-stick-meta":"","header-main-stick-meta":"","header-below-stick-meta":"","astra-migrate-meta-layouts":"default","ast-page-background-enabled":"default","ast-page-background-meta":{"desktop":{"background-color":"var(--ast-global-color-4)","background-image":"","background-repeat":"repeat","background-position":"center center","background-size":"auto","background-attachment":"scroll","background-type":"","background-media":"","overlay-type":"","overlay-color":"","overlay-opacity":"","overlay-gradient":""},"tablet":{"background-color":"","background-image":"","background-repeat":"repeat","background-position":"center center","background-size":"auto","background-attachment":"scroll","background-type":"","background-media":"","overlay-type":"","overlay-color":"","overlay-opacity":"","overlay-gradient":""},"mobile":{"background-color":"","background-image":"","background-repeat":"repeat","background-position":"center center","background-size":"auto","background-attachment":"scroll","background-type":"","background-media":"","overlay-type":"","overlay-color":"","overlay-opacity":"","overlay-gradient":""}},"ast-content-background-meta":{"desktop":{"background-color":"var(--ast-global-color-5)","background-image":"","background-repeat":"repeat","background-position":"center center","background-size":"auto","background-attachment":"scroll","background-type":"","background-media":"","overlay-type":"","overlay-color":"","overlay-opacity":"","overlay-gradient":""},"tablet":{"background-color":"var(--ast-global-color-5)","background-image":"","background-repeat":"repeat","background-position":"center center","background-size":"auto","background-attachment":"scroll","background-type":"","background-media":"","overlay-type":"","overlay-color":"","overlay-opacity":"","overlay-gradient":""},"mobile":{"background-color":"var(--ast-global-color-5)","background-image":"","background-repeat":"repeat","background-position":"center center","background-size":"auto","background-attachment":"scroll","background-type":"","background-media":"","overlay-type":"","overlay-color":"","overlay-opacity":"","overlay-gradient":""}},"footnotes":""},"categories":[4,6],"tags":[],"class_list":["post-149547","post","type-post","status-publish","format-standard","hentry","category-legislacion","category-publicaciones"],"yoast_head":"<!-- This site is optimized with the Yoast SEO Premium plugin v20.9 (Yoast SEO v27.4) - https:\/\/yoast.com\/product\/yoast-seo-premium-wordpress\/ -->\n<title>Orden de 3 de julio de 2025, por la que se da publicidad al incremento de cr\u00e9dito disponible para la concesi\u00f3n de subvenciones, en r\u00e9gimen de concurrencia competitiva, para programas que se desarrollen en el marco de la Solidaridad y Garant\u00eda Alimentaria de Andaluc\u00eda modalidad 2. Escuelas de verano para personas menores de edad (L\u00ednea 7), para programas para la promoci\u00f3n, sensibilizaci\u00f3n y formaci\u00f3n del voluntariado y para la gesti\u00f3n de centros de recursos para el voluntariado y las asociaciones modalidad gesti\u00f3n centros de recursos (L\u00ednea 12), y para la realizaci\u00f3n de programas en materia de voluntariado en el \u00e1mbito universitario p\u00fablico (L\u00ednea 15), convocadas para el ejercicio 2025 mediante Orden de 21 de mayo de 2025. - bip4ex<\/title>\n<meta name=\"robots\" content=\"index, follow, max-snippet:-1, max-image-preview:large, max-video-preview:-1\" \/>\n<link rel=\"canonical\" href=\"https:\/\/helloproject.es\/vigilancia\/orden-de-3-de-julio-de-2025-por-la-que-se-da-publicidad-al-incremento-de-credito-disponible-para-la-concesion-de-subvenciones-en-regimen-de-concurrencia-competitiva-para-programas-que-se-desarrolle\/\" \/>\n<meta property=\"og:locale\" content=\"es_ES\" \/>\n<meta property=\"og:type\" content=\"article\" \/>\n<meta property=\"og:title\" content=\"Orden de 3 de julio de 2025, por la que se da publicidad al incremento de cr\u00e9dito disponible para la concesi\u00f3n de subvenciones, en r\u00e9gimen de concurrencia competitiva, para programas que se desarrollen en el marco de la Solidaridad y Garant\u00eda Alimentaria de Andaluc\u00eda modalidad 2. Escuelas de verano para personas menores de edad (L\u00ednea 7), para programas para la promoci\u00f3n, sensibilizaci\u00f3n y formaci\u00f3n del voluntariado y para la gesti\u00f3n de centros de recursos para el voluntariado y las asociaciones modalidad gesti\u00f3n centros de recursos (L\u00ednea 12), y para la realizaci\u00f3n de programas en materia de voluntariado en el \u00e1mbito universitario p\u00fablico (L\u00ednea 15), convocadas para el ejercicio 2025 mediante Orden de 21 de mayo de 2025.\" \/>\n<meta property=\"og:description\" content=\"Bolet\u00edn: BOJA n\u00ba 130 de 2025 Organismo: Consejer\u00eda de Inclusi\u00f3n Social, Juventud, Familias e\u00a0Igualdad Administraci\u00f3n: 1. Disposiciones generales Secci\u00f3n: Descargar la disposici\u00f3n en PDF\" \/>\n<meta property=\"og:url\" content=\"https:\/\/helloproject.es\/vigilancia\/orden-de-3-de-julio-de-2025-por-la-que-se-da-publicidad-al-incremento-de-credito-disponible-para-la-concesion-de-subvenciones-en-regimen-de-concurrencia-competitiva-para-programas-que-se-desarrolle\/\" \/>\n<meta property=\"og:site_name\" content=\"bip4ex\" \/>\n<meta property=\"article:published_time\" content=\"2025-07-08T22:28:59+00:00\" \/>\n<meta name=\"author\" content=\"Luis Miguel Mej\u00edas Ramos\" \/>\n<meta name=\"twitter:card\" content=\"summary_large_image\" \/>\n<meta name=\"twitter:label1\" content=\"Escrito por\" \/>\n\t<meta name=\"twitter:data1\" content=\"Luis Miguel Mej\u00edas Ramos\" \/>\n<script type=\"application\/ld+json\" class=\"yoast-schema-graph\">{\"@context\":\"https:\\\/\\\/schema.org\",\"@graph\":[{\"@type\":\"Article\",\"@id\":\"https:\\\/\\\/helloproject.es\\\/vigilancia\\\/orden-de-3-de-julio-de-2025-por-la-que-se-da-publicidad-al-incremento-de-credito-disponible-para-la-concesion-de-subvenciones-en-regimen-de-concurrencia-competitiva-para-programas-que-se-desarrolle\\\/#article\",\"isPartOf\":{\"@id\":\"https:\\\/\\\/helloproject.es\\\/vigilancia\\\/orden-de-3-de-julio-de-2025-por-la-que-se-da-publicidad-al-incremento-de-credito-disponible-para-la-concesion-de-subvenciones-en-regimen-de-concurrencia-competitiva-para-programas-que-se-desarrolle\\\/\"},\"author\":{\"name\":\"Luis Miguel Mej\u00edas Ramos\",\"@id\":\"https:\\\/\\\/helloproject.es\\\/vigilancia\\\/#\\\/schema\\\/person\\\/3767b0619d59a11570372c821f8619ca\"},\"headline\":\"Orden de 3 de julio de 2025, por la que se da publicidad al incremento de cr\u00e9dito disponible para la concesi\u00f3n de subvenciones, en r\u00e9gimen de concurrencia competitiva, para programas que se desarrollen en el marco de la Solidaridad y Garant\u00eda Alimentaria de Andaluc\u00eda modalidad 2. Escuelas de verano para personas menores de edad (L\u00ednea 7), para programas para la promoci\u00f3n, sensibilizaci\u00f3n y formaci\u00f3n del voluntariado y para la gesti\u00f3n de centros de recursos para el voluntariado y las asociaciones modalidad gesti\u00f3n centros de recursos (L\u00ednea 12), y para la realizaci\u00f3n de programas en materia de voluntariado en el \u00e1mbito universitario p\u00fablico (L\u00ednea 15), convocadas para el ejercicio 2025 mediante Orden de 21 de mayo de 2025.\",\"datePublished\":\"2025-07-08T22:28:59+00:00\",\"mainEntityOfPage\":{\"@id\":\"https:\\\/\\\/helloproject.es\\\/vigilancia\\\/orden-de-3-de-julio-de-2025-por-la-que-se-da-publicidad-al-incremento-de-credito-disponible-para-la-concesion-de-subvenciones-en-regimen-de-concurrencia-competitiva-para-programas-que-se-desarrolle\\\/\"},\"wordCount\":151,\"publisher\":{\"@id\":\"https:\\\/\\\/helloproject.es\\\/vigilancia\\\/#organization\"},\"articleSection\":[\"Legislacion\",\"Publicaciones\"],\"inLanguage\":\"es\"},{\"@type\":\"WebPage\",\"@id\":\"https:\\\/\\\/helloproject.es\\\/vigilancia\\\/orden-de-3-de-julio-de-2025-por-la-que-se-da-publicidad-al-incremento-de-credito-disponible-para-la-concesion-de-subvenciones-en-regimen-de-concurrencia-competitiva-para-programas-que-se-desarrolle\\\/\",\"url\":\"https:\\\/\\\/helloproject.es\\\/vigilancia\\\/orden-de-3-de-julio-de-2025-por-la-que-se-da-publicidad-al-incremento-de-credito-disponible-para-la-concesion-de-subvenciones-en-regimen-de-concurrencia-competitiva-para-programas-que-se-desarrolle\\\/\",\"name\":\"Orden de 3 de julio de 2025, por la que se da publicidad al incremento de cr\u00e9dito disponible para la concesi\u00f3n de subvenciones, en r\u00e9gimen de concurrencia competitiva, para programas que se desarrollen en el marco de la Solidaridad y Garant\u00eda Alimentaria de Andaluc\u00eda modalidad 2. Escuelas de verano para personas menores de edad (L\u00ednea 7), para programas para la promoci\u00f3n, sensibilizaci\u00f3n y formaci\u00f3n del voluntariado y para la gesti\u00f3n de centros de recursos para el voluntariado y las asociaciones modalidad gesti\u00f3n centros de recursos (L\u00ednea 12), y para la realizaci\u00f3n de programas en materia de voluntariado en el \u00e1mbito universitario p\u00fablico (L\u00ednea 15), convocadas para el ejercicio 2025 mediante Orden de 21 de mayo de 2025. - bip4ex\",\"isPartOf\":{\"@id\":\"https:\\\/\\\/helloproject.es\\\/vigilancia\\\/#website\"},\"datePublished\":\"2025-07-08T22:28:59+00:00\",\"breadcrumb\":{\"@id\":\"https:\\\/\\\/helloproject.es\\\/vigilancia\\\/orden-de-3-de-julio-de-2025-por-la-que-se-da-publicidad-al-incremento-de-credito-disponible-para-la-concesion-de-subvenciones-en-regimen-de-concurrencia-competitiva-para-programas-que-se-desarrolle\\\/#breadcrumb\"},\"inLanguage\":\"es\",\"potentialAction\":[{\"@type\":\"ReadAction\",\"target\":[\"https:\\\/\\\/helloproject.es\\\/vigilancia\\\/orden-de-3-de-julio-de-2025-por-la-que-se-da-publicidad-al-incremento-de-credito-disponible-para-la-concesion-de-subvenciones-en-regimen-de-concurrencia-competitiva-para-programas-que-se-desarrolle\\\/\"]}]},{\"@type\":\"BreadcrumbList\",\"@id\":\"https:\\\/\\\/helloproject.es\\\/vigilancia\\\/orden-de-3-de-julio-de-2025-por-la-que-se-da-publicidad-al-incremento-de-credito-disponible-para-la-concesion-de-subvenciones-en-regimen-de-concurrencia-competitiva-para-programas-que-se-desarrolle\\\/#breadcrumb\",\"itemListElement\":[{\"@type\":\"ListItem\",\"position\":1,\"name\":\"Home\",\"item\":\"https:\\\/\\\/helloproject.es\\\/vigilancia\\\/\"},{\"@type\":\"ListItem\",\"position\":2,\"name\":\"Orden de 3 de julio de 2025, por la que se da publicidad al incremento de cr\u00e9dito disponible para la concesi\u00f3n de subvenciones, en r\u00e9gimen de concurrencia competitiva, para programas que se desarrollen en el marco de la Solidaridad y Garant\u00eda Alimentaria de Andaluc\u00eda modalidad 2. Escuelas de verano para personas menores de edad (L\u00ednea 7), para programas para la promoci\u00f3n, sensibilizaci\u00f3n y formaci\u00f3n del voluntariado y para la gesti\u00f3n de centros de recursos para el voluntariado y las asociaciones modalidad gesti\u00f3n centros de recursos (L\u00ednea 12), y para la realizaci\u00f3n de programas en materia de voluntariado en el \u00e1mbito universitario p\u00fablico (L\u00ednea 15), convocadas para el ejercicio 2025 mediante Orden de 21 de mayo de 2025.\"}]},{\"@type\":\"WebSite\",\"@id\":\"https:\\\/\\\/helloproject.es\\\/vigilancia\\\/#website\",\"url\":\"https:\\\/\\\/helloproject.es\\\/vigilancia\\\/\",\"name\":\"bip4ex\",\"description\":\"Vigilancia Tecnol\u00f3gica\",\"publisher\":{\"@id\":\"https:\\\/\\\/helloproject.es\\\/vigilancia\\\/#organization\"},\"potentialAction\":[{\"@type\":\"SearchAction\",\"target\":{\"@type\":\"EntryPoint\",\"urlTemplate\":\"https:\\\/\\\/helloproject.es\\\/vigilancia\\\/?s={search_term_string}\"},\"query-input\":{\"@type\":\"PropertyValueSpecification\",\"valueRequired\":true,\"valueName\":\"search_term_string\"}}],\"inLanguage\":\"es\"},{\"@type\":\"Organization\",\"@id\":\"https:\\\/\\\/helloproject.es\\\/vigilancia\\\/#organization\",\"name\":\"Helloproject.es\",\"url\":\"https:\\\/\\\/helloproject.es\\\/vigilancia\\\/\",\"logo\":{\"@type\":\"ImageObject\",\"inLanguage\":\"es\",\"@id\":\"https:\\\/\\\/helloproject.es\\\/vigilancia\\\/#\\\/schema\\\/logo\\\/image\\\/\",\"url\":\"https:\\\/\\\/helloproject.es\\\/vigilancia\\\/wp-content\\\/uploads\\\/2023\\\/07\\\/bip4ex.png\",\"contentUrl\":\"https:\\\/\\\/helloproject.es\\\/vigilancia\\\/wp-content\\\/uploads\\\/2023\\\/07\\\/bip4ex.png\",\"width\":322,\"height\":365,\"caption\":\"Helloproject.es\"},\"image\":{\"@id\":\"https:\\\/\\\/helloproject.es\\\/vigilancia\\\/#\\\/schema\\\/logo\\\/image\\\/\"}},{\"@type\":\"Person\",\"@id\":\"https:\\\/\\\/helloproject.es\\\/vigilancia\\\/#\\\/schema\\\/person\\\/3767b0619d59a11570372c821f8619ca\",\"name\":\"Luis Miguel Mej\u00edas Ramos\",\"url\":\"https:\\\/\\\/helloproject.es\\\/vigilancia\\\/author\\\/luismi\\\/\"}]}<\/script>\n<!-- \/ Yoast SEO Premium plugin. -->","yoast_head_json":{"title":"Orden de 3 de julio de 2025, por la que se da publicidad al incremento de cr\u00e9dito disponible para la concesi\u00f3n de subvenciones, en r\u00e9gimen de concurrencia competitiva, para programas que se desarrollen en el marco de la Solidaridad y Garant\u00eda Alimentaria de Andaluc\u00eda modalidad 2. Escuelas de verano para personas menores de edad (L\u00ednea 7), para programas para la promoci\u00f3n, sensibilizaci\u00f3n y formaci\u00f3n del voluntariado y para la gesti\u00f3n de centros de recursos para el voluntariado y las asociaciones modalidad gesti\u00f3n centros de recursos (L\u00ednea 12), y para la realizaci\u00f3n de programas en materia de voluntariado en el \u00e1mbito universitario p\u00fablico (L\u00ednea 15), convocadas para el ejercicio 2025 mediante Orden de 21 de mayo de 2025. - bip4ex","robots":{"index":"index","follow":"follow","max-snippet":"max-snippet:-1","max-image-preview":"max-image-preview:large","max-video-preview":"max-video-preview:-1"},"canonical":"https:\/\/helloproject.es\/vigilancia\/orden-de-3-de-julio-de-2025-por-la-que-se-da-publicidad-al-incremento-de-credito-disponible-para-la-concesion-de-subvenciones-en-regimen-de-concurrencia-competitiva-para-programas-que-se-desarrolle\/","og_locale":"es_ES","og_type":"article","og_title":"Orden de 3 de julio de 2025, por la que se da publicidad al incremento de cr\u00e9dito disponible para la concesi\u00f3n de subvenciones, en r\u00e9gimen de concurrencia competitiva, para programas que se desarrollen en el marco de la Solidaridad y Garant\u00eda Alimentaria de Andaluc\u00eda modalidad 2. Escuelas de verano para personas menores de edad (L\u00ednea 7), para programas para la promoci\u00f3n, sensibilizaci\u00f3n y formaci\u00f3n del voluntariado y para la gesti\u00f3n de centros de recursos para el voluntariado y las asociaciones modalidad gesti\u00f3n centros de recursos (L\u00ednea 12), y para la realizaci\u00f3n de programas en materia de voluntariado en el \u00e1mbito universitario p\u00fablico (L\u00ednea 15), convocadas para el ejercicio 2025 mediante Orden de 21 de mayo de 2025.","og_description":"Bolet\u00edn: BOJA n\u00ba 130 de 2025 Organismo: Consejer\u00eda de Inclusi\u00f3n Social, Juventud, Familias e\u00a0Igualdad Administraci\u00f3n: 1. Disposiciones generales Secci\u00f3n: Descargar la disposici\u00f3n en PDF","og_url":"https:\/\/helloproject.es\/vigilancia\/orden-de-3-de-julio-de-2025-por-la-que-se-da-publicidad-al-incremento-de-credito-disponible-para-la-concesion-de-subvenciones-en-regimen-de-concurrencia-competitiva-para-programas-que-se-desarrolle\/","og_site_name":"bip4ex","article_published_time":"2025-07-08T22:28:59+00:00","author":"Luis Miguel Mej\u00edas Ramos","twitter_card":"summary_large_image","twitter_misc":{"Escrito por":"Luis Miguel Mej\u00edas Ramos"},"schema":{"@context":"https:\/\/schema.org","@graph":[{"@type":"Article","@id":"https:\/\/helloproject.es\/vigilancia\/orden-de-3-de-julio-de-2025-por-la-que-se-da-publicidad-al-incremento-de-credito-disponible-para-la-concesion-de-subvenciones-en-regimen-de-concurrencia-competitiva-para-programas-que-se-desarrolle\/#article","isPartOf":{"@id":"https:\/\/helloproject.es\/vigilancia\/orden-de-3-de-julio-de-2025-por-la-que-se-da-publicidad-al-incremento-de-credito-disponible-para-la-concesion-de-subvenciones-en-regimen-de-concurrencia-competitiva-para-programas-que-se-desarrolle\/"},"author":{"name":"Luis Miguel Mej\u00edas Ramos","@id":"https:\/\/helloproject.es\/vigilancia\/#\/schema\/person\/3767b0619d59a11570372c821f8619ca"},"headline":"Orden de 3 de julio de 2025, por la que se da publicidad al incremento de cr\u00e9dito disponible para la concesi\u00f3n de subvenciones, en r\u00e9gimen de concurrencia competitiva, para programas que se desarrollen en el marco de la Solidaridad y Garant\u00eda Alimentaria de Andaluc\u00eda modalidad 2. Escuelas de verano para personas menores de edad (L\u00ednea 7), para programas para la promoci\u00f3n, sensibilizaci\u00f3n y formaci\u00f3n del voluntariado y para la gesti\u00f3n de centros de recursos para el voluntariado y las asociaciones modalidad gesti\u00f3n centros de recursos (L\u00ednea 12), y para la realizaci\u00f3n de programas en materia de voluntariado en el \u00e1mbito universitario p\u00fablico (L\u00ednea 15), convocadas para el ejercicio 2025 mediante Orden de 21 de mayo de 2025.","datePublished":"2025-07-08T22:28:59+00:00","mainEntityOfPage":{"@id":"https:\/\/helloproject.es\/vigilancia\/orden-de-3-de-julio-de-2025-por-la-que-se-da-publicidad-al-incremento-de-credito-disponible-para-la-concesion-de-subvenciones-en-regimen-de-concurrencia-competitiva-para-programas-que-se-desarrolle\/"},"wordCount":151,"publisher":{"@id":"https:\/\/helloproject.es\/vigilancia\/#organization"},"articleSection":["Legislacion","Publicaciones"],"inLanguage":"es"},{"@type":"WebPage","@id":"https:\/\/helloproject.es\/vigilancia\/orden-de-3-de-julio-de-2025-por-la-que-se-da-publicidad-al-incremento-de-credito-disponible-para-la-concesion-de-subvenciones-en-regimen-de-concurrencia-competitiva-para-programas-que-se-desarrolle\/","url":"https:\/\/helloproject.es\/vigilancia\/orden-de-3-de-julio-de-2025-por-la-que-se-da-publicidad-al-incremento-de-credito-disponible-para-la-concesion-de-subvenciones-en-regimen-de-concurrencia-competitiva-para-programas-que-se-desarrolle\/","name":"Orden de 3 de julio de 2025, por la que se da publicidad al incremento de cr\u00e9dito disponible para la concesi\u00f3n de subvenciones, en r\u00e9gimen de concurrencia competitiva, para programas que se desarrollen en el marco de la Solidaridad y Garant\u00eda Alimentaria de Andaluc\u00eda modalidad 2. Escuelas de verano para personas menores de edad (L\u00ednea 7), para programas para la promoci\u00f3n, sensibilizaci\u00f3n y formaci\u00f3n del voluntariado y para la gesti\u00f3n de centros de recursos para el voluntariado y las asociaciones modalidad gesti\u00f3n centros de recursos (L\u00ednea 12), y para la realizaci\u00f3n de programas en materia de voluntariado en el \u00e1mbito universitario p\u00fablico (L\u00ednea 15), convocadas para el ejercicio 2025 mediante Orden de 21 de mayo de 2025. - bip4ex","isPartOf":{"@id":"https:\/\/helloproject.es\/vigilancia\/#website"},"datePublished":"2025-07-08T22:28:59+00:00","breadcrumb":{"@id":"https:\/\/helloproject.es\/vigilancia\/orden-de-3-de-julio-de-2025-por-la-que-se-da-publicidad-al-incremento-de-credito-disponible-para-la-concesion-de-subvenciones-en-regimen-de-concurrencia-competitiva-para-programas-que-se-desarrolle\/#breadcrumb"},"inLanguage":"es","potentialAction":[{"@type":"ReadAction","target":["https:\/\/helloproject.es\/vigilancia\/orden-de-3-de-julio-de-2025-por-la-que-se-da-publicidad-al-incremento-de-credito-disponible-para-la-concesion-de-subvenciones-en-regimen-de-concurrencia-competitiva-para-programas-que-se-desarrolle\/"]}]},{"@type":"BreadcrumbList","@id":"https:\/\/helloproject.es\/vigilancia\/orden-de-3-de-julio-de-2025-por-la-que-se-da-publicidad-al-incremento-de-credito-disponible-para-la-concesion-de-subvenciones-en-regimen-de-concurrencia-competitiva-para-programas-que-se-desarrolle\/#breadcrumb","itemListElement":[{"@type":"ListItem","position":1,"name":"Home","item":"https:\/\/helloproject.es\/vigilancia\/"},{"@type":"ListItem","position":2,"name":"Orden de 3 de julio de 2025, por la que se da publicidad al incremento de cr\u00e9dito disponible para la concesi\u00f3n de subvenciones, en r\u00e9gimen de concurrencia competitiva, para programas que se desarrollen en el marco de la Solidaridad y Garant\u00eda Alimentaria de Andaluc\u00eda modalidad 2. Escuelas de verano para personas menores de edad (L\u00ednea 7), para programas para la promoci\u00f3n, sensibilizaci\u00f3n y formaci\u00f3n del voluntariado y para la gesti\u00f3n de centros de recursos para el voluntariado y las asociaciones modalidad gesti\u00f3n centros de recursos (L\u00ednea 12), y para la realizaci\u00f3n de programas en materia de voluntariado en el \u00e1mbito universitario p\u00fablico (L\u00ednea 15), convocadas para el ejercicio 2025 mediante Orden de 21 de mayo de 2025."}]},{"@type":"WebSite","@id":"https:\/\/helloproject.es\/vigilancia\/#website","url":"https:\/\/helloproject.es\/vigilancia\/","name":"bip4ex","description":"Vigilancia Tecnol\u00f3gica","publisher":{"@id":"https:\/\/helloproject.es\/vigilancia\/#organization"},"potentialAction":[{"@type":"SearchAction","target":{"@type":"EntryPoint","urlTemplate":"https:\/\/helloproject.es\/vigilancia\/?s={search_term_string}"},"query-input":{"@type":"PropertyValueSpecification","valueRequired":true,"valueName":"search_term_string"}}],"inLanguage":"es"},{"@type":"Organization","@id":"https:\/\/helloproject.es\/vigilancia\/#organization","name":"Helloproject.es","url":"https:\/\/helloproject.es\/vigilancia\/","logo":{"@type":"ImageObject","inLanguage":"es","@id":"https:\/\/helloproject.es\/vigilancia\/#\/schema\/logo\/image\/","url":"https:\/\/helloproject.es\/vigilancia\/wp-content\/uploads\/2023\/07\/bip4ex.png","contentUrl":"https:\/\/helloproject.es\/vigilancia\/wp-content\/uploads\/2023\/07\/bip4ex.png","width":322,"height":365,"caption":"Helloproject.es"},"image":{"@id":"https:\/\/helloproject.es\/vigilancia\/#\/schema\/logo\/image\/"}},{"@type":"Person","@id":"https:\/\/helloproject.es\/vigilancia\/#\/schema\/person\/3767b0619d59a11570372c821f8619ca","name":"Luis Miguel Mej\u00edas Ramos","url":"https:\/\/helloproject.es\/vigilancia\/author\/luismi\/"}]}},"_links":{"self":[{"href":"https:\/\/helloproject.es\/vigilancia\/wp-json\/wp\/v2\/posts\/149547","targetHints":{"allow":["GET"]}}],"collection":[{"href":"https:\/\/helloproject.es\/vigilancia\/wp-json\/wp\/v2\/posts"}],"about":[{"href":"https:\/\/helloproject.es\/vigilancia\/wp-json\/wp\/v2\/types\/post"}],"author":[{"embeddable":true,"href":"https:\/\/helloproject.es\/vigilancia\/wp-json\/wp\/v2\/users\/5"}],"replies":[{"embeddable":true,"href":"https:\/\/helloproject.es\/vigilancia\/wp-json\/wp\/v2\/comments?post=149547"}],"version-history":[{"count":0,"href":"https:\/\/helloproject.es\/vigilancia\/wp-json\/wp\/v2\/posts\/149547\/revisions"}],"wp:attachment":[{"href":"https:\/\/helloproject.es\/vigilancia\/wp-json\/wp\/v2\/media?parent=149547"}],"wp:term":[{"taxonomy":"category","embeddable":true,"href":"https:\/\/helloproject.es\/vigilancia\/wp-json\/wp\/v2\/categories?post=149547"},{"taxonomy":"post_tag","embeddable":true,"href":"https:\/\/helloproject.es\/vigilancia\/wp-json\/wp\/v2\/tags?post=149547"}],"curies":[{"name":"wp","href":"https:\/\/api.w.org\/{rel}","templated":true}]}}