{"id":149754,"date":"2025-07-09T07:30:09","date_gmt":"2025-07-09T06:30:09","guid":{"rendered":"https:\/\/helloproject.es\/vigilancia\/microbiota-infantil-y-como-la-lactancia-protege-de-la-resistencia-a-antibioticos\/"},"modified":"2025-07-09T07:30:09","modified_gmt":"2025-07-09T06:30:09","slug":"microbiota-infantil-y-como-la-lactancia-protege-de-la-resistencia-a-antibioticos","status":"publish","type":"post","link":"https:\/\/helloproject.es\/vigilancia\/microbiota-infantil-y-como-la-lactancia-protege-de-la-resistencia-a-antibioticos\/","title":{"rendered":"Microbiota infantil y c\u00f3mo la lactancia protege de la resistencia a antibi\u00f3ticos"},"content":{"rendered":"<p>Un estudio internacional, liderado por el CSIC, demuestra que la lactancia materna exclusiva en el primer mes de vida tiene un efecto protector frente a la aparici\u00f3n de bacterias portadoras de genes de resistencia a los antibi\u00f3ticos, uno de los principales problemas de salud p\u00fablica.<\/p>\n<p>El estudio, publicado en Nature Communications, describe el impacto que ejerce la leche materna sobre la composici\u00f3n del microbiota intestinal infantil, el conjunto de microorganismos que habita en el intestino, y a la presencia de bifidobacterias.<\/p>\n<p>Los datos proceden de muestras fecales recogidas a lo largo del primer a\u00f1o de vida de 66 beb\u00e9s y quienes realizan un seguimiento hasta los seis a\u00f1os de edad para estudiar c\u00f3mo se forma y evoluciona el microbiota.\u00a0\u00a0<\/p>\n<p>La lactancia favorece la presencia de bacterias del g\u00e9nero\u00a0Bifidobacterium, que desempe\u00f1an un papel clave en la protecci\u00f3n del intestino infantil\u00a0<\/p>\n<p>Los resultados revelan que la lactancia favorece la presencia de bacterias del g\u00e9nero\u00a0Bifidobacterium, que desempe\u00f1an un papel clave en la protecci\u00f3n del intestino infantil frente a aparici\u00f3n de bacterias que presentan genes relacionados con la resistencia a los antibi\u00f3ticos.<\/p>\n<p>\u201cUna alta presencia de bifidobacterias en el intestino infantil se asocia con un conjunto genes del microbioma que confieren resistencia a los antimicrobianos, lo que llamamos resistoma, menos diverso y con menor carga de genes de resistencia\u201d, revela\u00a0Carmen Collado, investigadora del IATA-CSIC que el trabajo.<\/p>\n<p>En cambio, \u201cuna menor abundancia de estas bacterias se asocia con un microbioma m\u00e1s diverso, y con presencia de microorganismos potencialmente pat\u00f3genos que poseen una mayor carga de genes de resistencia\u201d, advierte.<\/p>\n<p><a><\/a><\/p>\n<h2>Protecci\u00f3n y ces\u00e1rea<\/h2>\n<p>Otro hallazgo importante del estudio es que el crecimiento de bifidobacterias asociado a la lactancia materna podr\u00eda paliar efectos adversos del nacimiento por ces\u00e1rea, que interfiere en la transferencia natural de bacterias beneficiosas durante el parto e implica una exposici\u00f3n temprana a antibi\u00f3ticos.<\/p>\n<p>Esto puede alterar la colonizaci\u00f3n microbiana del intestino y favorecer la aparici\u00f3n de bacterias resistentes a tratamientos. El equipo observ\u00f3 que los beb\u00e9s nacidos por ces\u00e1rea y alimentados exclusivamente con leche materna durante el primer mes presentaban una carga de genes asociados a resistencia antimicrobiana mucho menor que aquellos que no recibieron lactancia materna, y similar a la de los nacidos por v\u00eda vaginal.<\/p>\n<p>El crecimiento de bifidobacterias asociado a la lactancia materna podr\u00eda paliar efectos adversos del nacimiento por ces\u00e1rea<\/p>\n<p>En cambio, la interrupci\u00f3n de la lactancia antes de los seis meses de vida, el periodo m\u00ednimo aconsejado por la OMS para mantener esta pr\u00e1ctica, se asoci\u00f3 con un aumento sostenido de genes relacionados con la resistencia a los antibi\u00f3ticos, lo que podr\u00eda dificultar el tratamiento de futuras infecciones.<\/p>\n<p>\u201cNuestros resultados muestran que la lactancia exclusiva no solo beneficia al beb\u00e9 en el presente, sino que tambi\u00e9n tiene implicaciones duraderas en su salud intestinal a largo plazo\u201d, explica\u00a0Anna Samarra, investigadora predoctoral del grupo MAINBIOTICS en el IATA-CSIC y primera autora.<\/p>\n<p><a><\/a><\/p>\n<h2>Prevenci\u00f3n temprana<\/h2>\n<p>\u201cEstos hallazgos aportan evidencia cient\u00edfica sobre la importancia de la lactancia materna en la salud del beb\u00e9 lactante a corto y largo plazo\u201d, indica\u00a0Cecilia Mart\u00ednez Costa,\u00a0jefa del Servicio de Pediatr\u00eda del Hospital Cl\u00ednico Universitario de Val\u00e8ncia y coautora del estudio.<\/p>\n<p>\u201cAdem\u00e1s, estas estrategias tambi\u00e9n contribuir\u00e1n a reducir la resistencia a los antibi\u00f3ticos, uno de los grandes desaf\u00edos de salud p\u00fablica a los que se enfrenta nuestra sociedad\u201d, concluye. As\u00ed, fomentar la lactancia no s\u00f3lo protege la salud del beb\u00e9, sino que tambi\u00e9n puede contribuir a reducir la transmisi\u00f3n de genes resistentes en la poblaci\u00f3n, aseguran las investigadoras.<\/p>\n<p>Fomentar la lactancia no solo protege la salud del beb\u00e9, sino que tambi\u00e9n puede contribuir a reducir la transmisi\u00f3n de genes resistentes en la poblaci\u00f3n<\/p>\n<p>El equipo de investigaci\u00f3n ha empleado an\u00e1lisis metagen\u00f3micos, que permiten estudiar tanto la composici\u00f3n bacteriana como los genes relacionados con la resistencia a antibi\u00f3ticos, con informaci\u00f3n cl\u00ednica y datos de crecimiento de lactantes.<\/p>\n<p>\u00a0\u201cEste trabajo combina por primera vez datos cl\u00ednicos, antropom\u00e9tricos y metagen\u00f3micos en una cohorte bien caracterizada para estudiar c\u00f3mo se configura el resistoma infantil en condiciones reales de vida. La integraci\u00f3n de todas estas capas de informaci\u00f3n nos ha permitido comprender con mayor precisi\u00f3n el papel de la lactancia materna en la modulaci\u00f3n temprana del microbioma\u201d, describe\u00a0Narciso Quijada, investigador del CSIC y uno de los autores principales del estudio.<\/p>\n<p>Referencia:\u00a0<\/p>\n<p>Samarra, A.\u00a0 et al.\u00a0Breastfeeding and early Bifidobacterium-driven microbial colonization shape the infant gut resistome.\u00a0<a href=\"https:\/\/www.nature.com\/articles\/s41467-025-61154-w\" target=\"_blank\">Nature Communications<\/a>.\u00a02025<\/p>","protected":false},"excerpt":{"rendered":"<p>Un estudio internacional, liderado por el CSIC, demuestra que la lactancia materna exclusiva en el primer mes de vida tiene un efecto protector frente a la aparici\u00f3n de bacterias portadoras de genes de resistencia a los antibi\u00f3ticos, uno de los principales problemas de salud p\u00fablica. El estudio, publicado en Nature Communications, describe el impacto que [&hellip;]<\/p>\n","protected":false},"author":5,"featured_media":0,"comment_status":"","ping_status":"","sticky":false,"template":"","format":"standard","meta":{"site-sidebar-layout":"default","site-content-layout":"","ast-site-content-layout":"default","site-content-style":"default","site-sidebar-style":"default","ast-global-header-display":"","ast-banner-title-visibility":"","ast-main-header-display":"","ast-hfb-above-header-display":"","ast-hfb-below-header-display":"","ast-hfb-mobile-header-display":"","site-post-title":"","ast-breadcrumbs-content":"","ast-featured-img":"","footer-sml-layout":"","ast-disable-related-posts":"","theme-transparent-header-meta":"","adv-header-id-meta":"","stick-header-meta":"","header-above-stick-meta":"","header-main-stick-meta":"","header-below-stick-meta":"","astra-migrate-meta-layouts":"default","ast-page-background-enabled":"default","ast-page-background-meta":{"desktop":{"background-color":"var(--ast-global-color-4)","background-image":"","background-repeat":"repeat","background-position":"center center","background-size":"auto","background-attachment":"scroll","background-type":"","background-media":"","overlay-type":"","overlay-color":"","overlay-opacity":"","overlay-gradient":""},"tablet":{"background-color":"","background-image":"","background-repeat":"repeat","background-position":"center center","background-size":"auto","background-attachment":"scroll","background-type":"","background-media":"","overlay-type":"","overlay-color":"","overlay-opacity":"","overlay-gradient":""},"mobile":{"background-color":"","background-image":"","background-repeat":"repeat","background-position":"center center","background-size":"auto","background-attachment":"scroll","background-type":"","background-media":"","overlay-type":"","overlay-color":"","overlay-opacity":"","overlay-gradient":""}},"ast-content-background-meta":{"desktop":{"background-color":"var(--ast-global-color-5)","background-image":"","background-repeat":"repeat","background-position":"center center","background-size":"auto","background-attachment":"scroll","background-type":"","background-media":"","overlay-type":"","overlay-color":"","overlay-opacity":"","overlay-gradient":""},"tablet":{"background-color":"var(--ast-global-color-5)","background-image":"","background-repeat":"repeat","background-position":"center center","background-size":"auto","background-attachment":"scroll","background-type":"","background-media":"","overlay-type":"","overlay-color":"","overlay-opacity":"","overlay-gradient":""},"mobile":{"background-color":"var(--ast-global-color-5)","background-image":"","background-repeat":"repeat","background-position":"center center","background-size":"auto","background-attachment":"scroll","background-type":"","background-media":"","overlay-type":"","overlay-color":"","overlay-opacity":"","overlay-gradient":""}},"footnotes":""},"categories":[5],"tags":[],"class_list":["post-149754","post","type-post","status-publish","format-standard","hentry","category-noticias"],"yoast_head":"<!-- This site is optimized with the Yoast SEO Premium plugin v20.9 (Yoast SEO v27.4) - https:\/\/yoast.com\/product\/yoast-seo-premium-wordpress\/ -->\n<title>Microbiota infantil y c\u00f3mo la lactancia protege de la resistencia a antibi\u00f3ticos - bip4ex<\/title>\n<meta name=\"robots\" content=\"index, follow, max-snippet:-1, max-image-preview:large, max-video-preview:-1\" \/>\n<link rel=\"canonical\" href=\"https:\/\/helloproject.es\/vigilancia\/microbiota-infantil-y-como-la-lactancia-protege-de-la-resistencia-a-antibioticos\/\" \/>\n<meta property=\"og:locale\" content=\"es_ES\" \/>\n<meta property=\"og:type\" content=\"article\" \/>\n<meta property=\"og:title\" content=\"Microbiota infantil y c\u00f3mo la lactancia protege de la resistencia a antibi\u00f3ticos\" \/>\n<meta property=\"og:description\" content=\"Un estudio internacional, liderado por el CSIC, demuestra que la lactancia materna exclusiva en el primer mes de vida tiene un efecto protector frente a la aparici\u00f3n de bacterias portadoras de genes de resistencia a los antibi\u00f3ticos, uno de los principales problemas de salud p\u00fablica. El estudio, publicado en Nature Communications, describe el impacto que [&hellip;]\" \/>\n<meta property=\"og:url\" content=\"https:\/\/helloproject.es\/vigilancia\/microbiota-infantil-y-como-la-lactancia-protege-de-la-resistencia-a-antibioticos\/\" \/>\n<meta property=\"og:site_name\" content=\"bip4ex\" \/>\n<meta property=\"article:published_time\" content=\"2025-07-09T06:30:09+00:00\" \/>\n<meta name=\"author\" content=\"Luis Miguel Mej\u00edas Ramos\" \/>\n<meta name=\"twitter:card\" content=\"summary_large_image\" \/>\n<meta name=\"twitter:label1\" content=\"Escrito por\" \/>\n\t<meta name=\"twitter:data1\" content=\"Luis Miguel Mej\u00edas Ramos\" \/>\n\t<meta name=\"twitter:label2\" content=\"Tiempo de lectura\" \/>\n\t<meta name=\"twitter:data2\" content=\"4 minutos\" \/>\n<script type=\"application\/ld+json\" class=\"yoast-schema-graph\">{\"@context\":\"https:\\\/\\\/schema.org\",\"@graph\":[{\"@type\":\"Article\",\"@id\":\"https:\\\/\\\/helloproject.es\\\/vigilancia\\\/microbiota-infantil-y-como-la-lactancia-protege-de-la-resistencia-a-antibioticos\\\/#article\",\"isPartOf\":{\"@id\":\"https:\\\/\\\/helloproject.es\\\/vigilancia\\\/microbiota-infantil-y-como-la-lactancia-protege-de-la-resistencia-a-antibioticos\\\/\"},\"author\":{\"name\":\"Luis Miguel Mej\u00edas Ramos\",\"@id\":\"https:\\\/\\\/helloproject.es\\\/vigilancia\\\/#\\\/schema\\\/person\\\/3767b0619d59a11570372c821f8619ca\"},\"headline\":\"Microbiota infantil y c\u00f3mo la lactancia protege de la resistencia a antibi\u00f3ticos\",\"datePublished\":\"2025-07-09T06:30:09+00:00\",\"mainEntityOfPage\":{\"@id\":\"https:\\\/\\\/helloproject.es\\\/vigilancia\\\/microbiota-infantil-y-como-la-lactancia-protege-de-la-resistencia-a-antibioticos\\\/\"},\"wordCount\":807,\"publisher\":{\"@id\":\"https:\\\/\\\/helloproject.es\\\/vigilancia\\\/#organization\"},\"articleSection\":[\"Noticias\"],\"inLanguage\":\"es\"},{\"@type\":\"WebPage\",\"@id\":\"https:\\\/\\\/helloproject.es\\\/vigilancia\\\/microbiota-infantil-y-como-la-lactancia-protege-de-la-resistencia-a-antibioticos\\\/\",\"url\":\"https:\\\/\\\/helloproject.es\\\/vigilancia\\\/microbiota-infantil-y-como-la-lactancia-protege-de-la-resistencia-a-antibioticos\\\/\",\"name\":\"Microbiota infantil y c\u00f3mo la lactancia protege de la resistencia a antibi\u00f3ticos - bip4ex\",\"isPartOf\":{\"@id\":\"https:\\\/\\\/helloproject.es\\\/vigilancia\\\/#website\"},\"datePublished\":\"2025-07-09T06:30:09+00:00\",\"breadcrumb\":{\"@id\":\"https:\\\/\\\/helloproject.es\\\/vigilancia\\\/microbiota-infantil-y-como-la-lactancia-protege-de-la-resistencia-a-antibioticos\\\/#breadcrumb\"},\"inLanguage\":\"es\",\"potentialAction\":[{\"@type\":\"ReadAction\",\"target\":[\"https:\\\/\\\/helloproject.es\\\/vigilancia\\\/microbiota-infantil-y-como-la-lactancia-protege-de-la-resistencia-a-antibioticos\\\/\"]}]},{\"@type\":\"BreadcrumbList\",\"@id\":\"https:\\\/\\\/helloproject.es\\\/vigilancia\\\/microbiota-infantil-y-como-la-lactancia-protege-de-la-resistencia-a-antibioticos\\\/#breadcrumb\",\"itemListElement\":[{\"@type\":\"ListItem\",\"position\":1,\"name\":\"Home\",\"item\":\"https:\\\/\\\/helloproject.es\\\/vigilancia\\\/\"},{\"@type\":\"ListItem\",\"position\":2,\"name\":\"Microbiota infantil y c\u00f3mo la lactancia protege de la resistencia a antibi\u00f3ticos\"}]},{\"@type\":\"WebSite\",\"@id\":\"https:\\\/\\\/helloproject.es\\\/vigilancia\\\/#website\",\"url\":\"https:\\\/\\\/helloproject.es\\\/vigilancia\\\/\",\"name\":\"bip4ex\",\"description\":\"Vigilancia Tecnol\u00f3gica\",\"publisher\":{\"@id\":\"https:\\\/\\\/helloproject.es\\\/vigilancia\\\/#organization\"},\"potentialAction\":[{\"@type\":\"SearchAction\",\"target\":{\"@type\":\"EntryPoint\",\"urlTemplate\":\"https:\\\/\\\/helloproject.es\\\/vigilancia\\\/?s={search_term_string}\"},\"query-input\":{\"@type\":\"PropertyValueSpecification\",\"valueRequired\":true,\"valueName\":\"search_term_string\"}}],\"inLanguage\":\"es\"},{\"@type\":\"Organization\",\"@id\":\"https:\\\/\\\/helloproject.es\\\/vigilancia\\\/#organization\",\"name\":\"Helloproject.es\",\"url\":\"https:\\\/\\\/helloproject.es\\\/vigilancia\\\/\",\"logo\":{\"@type\":\"ImageObject\",\"inLanguage\":\"es\",\"@id\":\"https:\\\/\\\/helloproject.es\\\/vigilancia\\\/#\\\/schema\\\/logo\\\/image\\\/\",\"url\":\"https:\\\/\\\/helloproject.es\\\/vigilancia\\\/wp-content\\\/uploads\\\/2023\\\/07\\\/bip4ex.png\",\"contentUrl\":\"https:\\\/\\\/helloproject.es\\\/vigilancia\\\/wp-content\\\/uploads\\\/2023\\\/07\\\/bip4ex.png\",\"width\":322,\"height\":365,\"caption\":\"Helloproject.es\"},\"image\":{\"@id\":\"https:\\\/\\\/helloproject.es\\\/vigilancia\\\/#\\\/schema\\\/logo\\\/image\\\/\"}},{\"@type\":\"Person\",\"@id\":\"https:\\\/\\\/helloproject.es\\\/vigilancia\\\/#\\\/schema\\\/person\\\/3767b0619d59a11570372c821f8619ca\",\"name\":\"Luis Miguel Mej\u00edas Ramos\",\"url\":\"https:\\\/\\\/helloproject.es\\\/vigilancia\\\/author\\\/luismi\\\/\"}]}<\/script>\n<!-- \/ Yoast SEO Premium plugin. -->","yoast_head_json":{"title":"Microbiota infantil y c\u00f3mo la lactancia protege de la resistencia a antibi\u00f3ticos - bip4ex","robots":{"index":"index","follow":"follow","max-snippet":"max-snippet:-1","max-image-preview":"max-image-preview:large","max-video-preview":"max-video-preview:-1"},"canonical":"https:\/\/helloproject.es\/vigilancia\/microbiota-infantil-y-como-la-lactancia-protege-de-la-resistencia-a-antibioticos\/","og_locale":"es_ES","og_type":"article","og_title":"Microbiota infantil y c\u00f3mo la lactancia protege de la resistencia a antibi\u00f3ticos","og_description":"Un estudio internacional, liderado por el CSIC, demuestra que la lactancia materna exclusiva en el primer mes de vida tiene un efecto protector frente a la aparici\u00f3n de bacterias portadoras de genes de resistencia a los antibi\u00f3ticos, uno de los principales problemas de salud p\u00fablica. El estudio, publicado en Nature Communications, describe el impacto que [&hellip;]","og_url":"https:\/\/helloproject.es\/vigilancia\/microbiota-infantil-y-como-la-lactancia-protege-de-la-resistencia-a-antibioticos\/","og_site_name":"bip4ex","article_published_time":"2025-07-09T06:30:09+00:00","author":"Luis Miguel Mej\u00edas Ramos","twitter_card":"summary_large_image","twitter_misc":{"Escrito por":"Luis Miguel Mej\u00edas Ramos","Tiempo de lectura":"4 minutos"},"schema":{"@context":"https:\/\/schema.org","@graph":[{"@type":"Article","@id":"https:\/\/helloproject.es\/vigilancia\/microbiota-infantil-y-como-la-lactancia-protege-de-la-resistencia-a-antibioticos\/#article","isPartOf":{"@id":"https:\/\/helloproject.es\/vigilancia\/microbiota-infantil-y-como-la-lactancia-protege-de-la-resistencia-a-antibioticos\/"},"author":{"name":"Luis Miguel Mej\u00edas Ramos","@id":"https:\/\/helloproject.es\/vigilancia\/#\/schema\/person\/3767b0619d59a11570372c821f8619ca"},"headline":"Microbiota infantil y c\u00f3mo la lactancia protege de la resistencia a antibi\u00f3ticos","datePublished":"2025-07-09T06:30:09+00:00","mainEntityOfPage":{"@id":"https:\/\/helloproject.es\/vigilancia\/microbiota-infantil-y-como-la-lactancia-protege-de-la-resistencia-a-antibioticos\/"},"wordCount":807,"publisher":{"@id":"https:\/\/helloproject.es\/vigilancia\/#organization"},"articleSection":["Noticias"],"inLanguage":"es"},{"@type":"WebPage","@id":"https:\/\/helloproject.es\/vigilancia\/microbiota-infantil-y-como-la-lactancia-protege-de-la-resistencia-a-antibioticos\/","url":"https:\/\/helloproject.es\/vigilancia\/microbiota-infantil-y-como-la-lactancia-protege-de-la-resistencia-a-antibioticos\/","name":"Microbiota infantil y c\u00f3mo la lactancia protege de la resistencia a antibi\u00f3ticos - bip4ex","isPartOf":{"@id":"https:\/\/helloproject.es\/vigilancia\/#website"},"datePublished":"2025-07-09T06:30:09+00:00","breadcrumb":{"@id":"https:\/\/helloproject.es\/vigilancia\/microbiota-infantil-y-como-la-lactancia-protege-de-la-resistencia-a-antibioticos\/#breadcrumb"},"inLanguage":"es","potentialAction":[{"@type":"ReadAction","target":["https:\/\/helloproject.es\/vigilancia\/microbiota-infantil-y-como-la-lactancia-protege-de-la-resistencia-a-antibioticos\/"]}]},{"@type":"BreadcrumbList","@id":"https:\/\/helloproject.es\/vigilancia\/microbiota-infantil-y-como-la-lactancia-protege-de-la-resistencia-a-antibioticos\/#breadcrumb","itemListElement":[{"@type":"ListItem","position":1,"name":"Home","item":"https:\/\/helloproject.es\/vigilancia\/"},{"@type":"ListItem","position":2,"name":"Microbiota infantil y c\u00f3mo la lactancia protege de la resistencia a antibi\u00f3ticos"}]},{"@type":"WebSite","@id":"https:\/\/helloproject.es\/vigilancia\/#website","url":"https:\/\/helloproject.es\/vigilancia\/","name":"bip4ex","description":"Vigilancia Tecnol\u00f3gica","publisher":{"@id":"https:\/\/helloproject.es\/vigilancia\/#organization"},"potentialAction":[{"@type":"SearchAction","target":{"@type":"EntryPoint","urlTemplate":"https:\/\/helloproject.es\/vigilancia\/?s={search_term_string}"},"query-input":{"@type":"PropertyValueSpecification","valueRequired":true,"valueName":"search_term_string"}}],"inLanguage":"es"},{"@type":"Organization","@id":"https:\/\/helloproject.es\/vigilancia\/#organization","name":"Helloproject.es","url":"https:\/\/helloproject.es\/vigilancia\/","logo":{"@type":"ImageObject","inLanguage":"es","@id":"https:\/\/helloproject.es\/vigilancia\/#\/schema\/logo\/image\/","url":"https:\/\/helloproject.es\/vigilancia\/wp-content\/uploads\/2023\/07\/bip4ex.png","contentUrl":"https:\/\/helloproject.es\/vigilancia\/wp-content\/uploads\/2023\/07\/bip4ex.png","width":322,"height":365,"caption":"Helloproject.es"},"image":{"@id":"https:\/\/helloproject.es\/vigilancia\/#\/schema\/logo\/image\/"}},{"@type":"Person","@id":"https:\/\/helloproject.es\/vigilancia\/#\/schema\/person\/3767b0619d59a11570372c821f8619ca","name":"Luis Miguel Mej\u00edas Ramos","url":"https:\/\/helloproject.es\/vigilancia\/author\/luismi\/"}]}},"_links":{"self":[{"href":"https:\/\/helloproject.es\/vigilancia\/wp-json\/wp\/v2\/posts\/149754","targetHints":{"allow":["GET"]}}],"collection":[{"href":"https:\/\/helloproject.es\/vigilancia\/wp-json\/wp\/v2\/posts"}],"about":[{"href":"https:\/\/helloproject.es\/vigilancia\/wp-json\/wp\/v2\/types\/post"}],"author":[{"embeddable":true,"href":"https:\/\/helloproject.es\/vigilancia\/wp-json\/wp\/v2\/users\/5"}],"replies":[{"embeddable":true,"href":"https:\/\/helloproject.es\/vigilancia\/wp-json\/wp\/v2\/comments?post=149754"}],"version-history":[{"count":0,"href":"https:\/\/helloproject.es\/vigilancia\/wp-json\/wp\/v2\/posts\/149754\/revisions"}],"wp:attachment":[{"href":"https:\/\/helloproject.es\/vigilancia\/wp-json\/wp\/v2\/media?parent=149754"}],"wp:term":[{"taxonomy":"category","embeddable":true,"href":"https:\/\/helloproject.es\/vigilancia\/wp-json\/wp\/v2\/categories?post=149754"},{"taxonomy":"post_tag","embeddable":true,"href":"https:\/\/helloproject.es\/vigilancia\/wp-json\/wp\/v2\/tags?post=149754"}],"curies":[{"name":"wp","href":"https:\/\/api.w.org\/{rel}","templated":true}]}}