{"id":153397,"date":"2025-07-14T13:28:10","date_gmt":"2025-07-14T12:28:10","guid":{"rendered":"https:\/\/helloproject.es\/vigilancia\/uno-de-cada-cuatro-espanoles-destina-el-30-de-sus-ingresos-a-la-vivienda\/"},"modified":"2025-07-14T13:28:10","modified_gmt":"2025-07-14T12:28:10","slug":"uno-de-cada-cuatro-espanoles-destina-el-30-de-sus-ingresos-a-la-vivienda","status":"publish","type":"post","link":"https:\/\/helloproject.es\/vigilancia\/uno-de-cada-cuatro-espanoles-destina-el-30-de-sus-ingresos-a-la-vivienda\/","title":{"rendered":"Uno de cada cuatro espa\u00f1oles destina el 30 % de sus ingresos a la vivienda"},"content":{"rendered":"<p>El 40\u202f% de los inquilinos en Espa\u00f1a destina m\u00e1s del 30\u202f% de sus ingresos al alquiler, superando as\u00ed el umbral que indica una sobrecarga excesiva en este gasto. Esta es una de las principales conclusiones del informe elaborado por el Instituto de Ciencia y Tecnolog\u00eda Ambientales de la Universitat Aut\u00f2noma de Barcelona (ICTA-UAB), en el marco del proyecto europeo ReHousIn.<\/p>\n<p>El estudio analiza la creciente crisis de la vivienda en Espa\u00f1a y en otros ocho pa\u00edses europeos, y subraya c\u00f3mo el\u00a0encarecimiento de los precios y la baja calidad de las viviendas est\u00e1n agravando las desigualdades estructurales en todo el pa\u00eds. Asimismo, este trabajo publicado como \u201c<a href=\"https:\/\/rehousin.eu\/documents\/national-report-housing-inequalities-spain\" target=\"_blank\">Contextualized analysis of the housing situation \u2013 Papers on (sub)national trends<\/a>\u201d alerta sobre el progresivo envejecimiento del parque inmobiliario en las zonas rurales.<\/p>\n<p>Hasta un 28\u202f% de los hogares en Espa\u00f1a sufre pobreza energ\u00e9tica, una de las tasas m\u00e1s altas de la Uni\u00f3n Europea<\/p>\n<p>El informe examina la evoluci\u00f3n de la asequibilidad, la calidad habitacional y las desigualdades regionales durante los \u00faltimos treinta a\u00f1os. Entre sus hallazgos, destaca que el hacinamiento y las malas condiciones de vivienda \u2014como la humedad, el ruido o la falta de luz natural\u2014 afectan especialmente a inmigrantes, familias con bajos ingresos y arrendatarios en entornos urbanos.<\/p>\n<p>En el caso de los inquilinos del mercado libre, la sobrecarga por el coste del alquiler alcanza al 37\u202f%. Como consecuencia, hasta un 28\u202f% de los hogares en Espa\u00f1a sufre pobreza energ\u00e9tica, una de las tasas m\u00e1s altas de la Uni\u00f3n Europea.<\/p>\n<p><a><\/a><\/p>\n<h2>El impacto del turismo<\/h2>\n<p>Asimismo, el aumento de los alquileres tur\u00edsticos de corta estancia est\u00e1 desplazando a los inquilinos de larga duraci\u00f3n. Hasta el 40\u202f% de los anuncios de alquiler en Barcelona son de temporada: contratos de entre uno y once meses que no ofrecen el control de los alquileres de larga estancia ni las protecciones a los inquilinos de la Ley de vivienda espa\u00f1ola.<\/p>\n<p>Alrededor del 40\u202f% de los anuncios de alquiler en Barcelona son de temporada<\/p>\n<p>A esto se suman miles de propiedades con licencias de alquileres tur\u00edsticos de corta estancia, es decir, de menos de un mes. La inversi\u00f3n extranjera, los alquileres a corto plazo y de temporada y la gentrificaci\u00f3n impulsada por el turismo han disparado los precios de alquiler en centros urbanos como Madrid, Barcelona, Palma de Mallorca y M\u00e1laga. \u00a0<\/p>\n<p>\u201cEstos n\u00fameros reflejan las luchas diarias de las familias, los j\u00f3venes y los ancianos que est\u00e1n siendo empujados a los m\u00e1rgenes del mercado de la vivienda\u201d, dice\u00a0Austin Matheney, investigador del ICTA-UAB y autor principal del informe, y concluye que \u201cla vivienda deber\u00eda ser un derecho, no una carga\u201d.<\/p>\n<p><a><\/a><\/p>\n<h2>Un mercado inaccesible<\/h2>\n<p>El aumento de las tasas de inter\u00e9s y la inflaci\u00f3n han vuelto a aumentar los riesgos de deuda relacionados con la vivienda, especialmente para los hogares con hipotecas a tipo variable. En 2024 los impagos de hipotecas alcanzaron el 3,4\u202f%, un crecimiento preocupante tras a\u00f1os de relativa estabilidad.\u00a0<\/p>\n<p>J\u00f3venes, inmigrantes, familias vulnerables y personas sin ingresos fijos son los m\u00e1s afectados por la desigualdad habitacional en Espa\u00f1a, agravada por la escasez de vivienda p\u00fablica<\/p>\n<p>La desigualdad habitacional en Espa\u00f1a no est\u00e1 distribuida de manera uniforme. Los grupos m\u00e1s afectados son, por un lado los adultos j\u00f3venes que no pueden acceder a la propiedad de la vivienda ni pagar alquileres de mercado.\u00a0Se suman tambi\u00e9n los inmigrantes, mayoritariamente de fuera de la UE, que gastan hasta un 30\u202f% de sus ingresos en vivienda.<\/p>\n<p>Adicionalmente, las\u00a0familias monoparentales y numerosas que se enfrentan a hacinamiento y altos costes de alquiler.\u00a0Y los grupos econ\u00f3micamente inactivos como estudiantes, jubilados y desempleados, que a menudo viven en viviendas de mala calidad o inasequibles.\u00a0<\/p>\n<p>La escasez de viviendas de alquiler p\u00fablico es otro de los problemas detectados. \u201cSolo el 1,5-2\u202f% del total de viviendas son de alquiler p\u00fablico, y leyes como la de las viviendas de protecci\u00f3n oficial (VPO) permitieron vender las viviendas subsidiadas en el mercado privado despu\u00e9s de 10 a 30 a\u00f1os, afectando la asequibilidad a largo plazo\u201d, indica Matheney.\u00a0<\/p>\n<p><a><\/a><\/p>\n<h2>No solo un problema urbano\u00a0<\/h2>\n<p>Aunque el problema parece centrarse en las ciudades, las zonas rurales tambi\u00e9n se enfrentan a m\u00faltiples desaf\u00edos. El envejecimiento del parque de viviendas, la falta de infraestructura y el declive demogr\u00e1fico dificultan la vida rural, especialmente para las personas mayores. En estas \u00e1reas, la ineficiencia energ\u00e9tica es una preocupaci\u00f3n importante, puesto que aumenta el coste de los servicios p\u00fablicos y contribuye a la creciente tasa de pobreza energ\u00e9tica en Espa\u00f1a.\u00a0<\/p>\n<p>Muchos edificios antiguos con mal aislamiento exponen a las familias al fr\u00edo, la humedad y a facturas elevadas\u00a0<\/p>\n<p>Los autores del informe subrayan que muchos edificios antiguos con mal aislamiento exponen a las familias al fr\u00edo, la humedad y a facturas elevadas, lo que impide a casi uno de cada cinco hogares mantener su vivienda c\u00e1lida. Casi uno de cada cinco hogares espa\u00f1oles no puede mantener c\u00e1lida su vivienda.<\/p>\n<p>Para afrontar la crisis de la vivienda, el informe propone reformas coordinadas como ampliar el alquiler p\u00fablico en zonas urbanas, frenar la especulaci\u00f3n mediante ajustes fiscales y fomentar contratos de larga duraci\u00f3n. Tambi\u00e9n recomienda rehabilitar viviendas antiguas con apoyo t\u00e9cnico y financiero, regular los alquileres tur\u00edsticos en \u00e1reas tensionadas, ofrecer ayudas a hogares vulnerables y dise\u00f1ar estrategias que reduzcan las desigualdades entre zonas urbanas y rurales.<\/p>\n<p><a><\/a><\/p>\n<h2>Otros escenarios de la vivienda<\/h2>\n<p>El actual Plan Nacional Integrado de Energ\u00eda y Clima 2021-2030 de Espa\u00f1a ofrece un punto de partida, con el objetivo de mejorar la eficiencia energ\u00e9tica de 1,5 millones de viviendas para 2030. Sin embargo, la implementaci\u00f3n debe acelerarse y volverse m\u00e1s accesible para aquellos que m\u00e1s lo necesitan, se\u00f1ala el informe.\u00a0<\/p>\n<p>Adicionalmente, este\u00a0informe del ICTA-UAB,\u00a0tambi\u00e9n explora las presiones compartidas y las din\u00e1micas espec\u00edficas de varios pa\u00edses.\u00a0En Austria, la s\u00f3lida tradici\u00f3n de vivienda p\u00fablica contin\u00faa siendo un pilar fundamental para mantener la accesibilidad, mientras que en Hungr\u00eda, la elevada tasa de propiedad privada combinada con una escasa intervenci\u00f3n estatal ha provocado un aumento de las desigualdades habitacionales.<\/p>\n<p>En pa\u00edses, como Francia, Suiza y Noruega, las dificultades para acceder a una vivienda asequible persisten incluso con pol\u00edticas p\u00fablicas s\u00f3lidas y planificaci\u00f3n urbana<\/p>\n<p>En Francia, las divisiones socioespaciales hist\u00f3ricas se manifiestan en la concentraci\u00f3n de vivienda social en determinados barrios urbanos, una situaci\u00f3n que tambi\u00e9n puede observarse en Suiza, donde la planificaci\u00f3n urbana y la alta proporci\u00f3n de inquilinos influyen en el acceso a la vivienda. Por su parte, en Noruega, a pesar de su s\u00f3lido estado del bienestar, las zonas urbanas enfrentan crecientes dificultades para garantizar hogares asequibles.<\/p>\n<p>En Italia, las presiones derivadas del turismo masivo y las estrictas pol\u00edticas de conservaci\u00f3n del patrimonio est\u00e1n afectando gravemente los mercados locales de vivienda, situaci\u00f3n que contrasta con la realidad en Polonia, donde se observan marcados contrastes entre pueblos en declive y ciudades en proceso de revitalizaci\u00f3n, como Varsovia.<\/p>\n<p>Por \u00faltimo, en el Reino Unido la\u00a0falta de vivienda social y los desalojos derivados de la reurbanizaci\u00f3n est\u00e1n exacerbando los problemas de acceso a viviendas asequibles.\u00a0<\/p>","protected":false},"excerpt":{"rendered":"<p>El 40\u202f% de los inquilinos en Espa\u00f1a destina m\u00e1s del 30\u202f% de sus ingresos al alquiler, superando as\u00ed el umbral que indica una sobrecarga excesiva en este gasto. Esta es una de las principales conclusiones del informe elaborado por el Instituto de Ciencia y Tecnolog\u00eda Ambientales de la Universitat Aut\u00f2noma de Barcelona (ICTA-UAB), en el [&hellip;]<\/p>\n","protected":false},"author":5,"featured_media":0,"comment_status":"","ping_status":"","sticky":false,"template":"","format":"standard","meta":{"site-sidebar-layout":"default","site-content-layout":"","ast-site-content-layout":"default","site-content-style":"default","site-sidebar-style":"default","ast-global-header-display":"","ast-banner-title-visibility":"","ast-main-header-display":"","ast-hfb-above-header-display":"","ast-hfb-below-header-display":"","ast-hfb-mobile-header-display":"","site-post-title":"","ast-breadcrumbs-content":"","ast-featured-img":"","footer-sml-layout":"","ast-disable-related-posts":"","theme-transparent-header-meta":"","adv-header-id-meta":"","stick-header-meta":"","header-above-stick-meta":"","header-main-stick-meta":"","header-below-stick-meta":"","astra-migrate-meta-layouts":"default","ast-page-background-enabled":"default","ast-page-background-meta":{"desktop":{"background-color":"var(--ast-global-color-4)","background-image":"","background-repeat":"repeat","background-position":"center center","background-size":"auto","background-attachment":"scroll","background-type":"","background-media":"","overlay-type":"","overlay-color":"","overlay-opacity":"","overlay-gradient":""},"tablet":{"background-color":"","background-image":"","background-repeat":"repeat","background-position":"center center","background-size":"auto","background-attachment":"scroll","background-type":"","background-media":"","overlay-type":"","overlay-color":"","overlay-opacity":"","overlay-gradient":""},"mobile":{"background-color":"","background-image":"","background-repeat":"repeat","background-position":"center center","background-size":"auto","background-attachment":"scroll","background-type":"","background-media":"","overlay-type":"","overlay-color":"","overlay-opacity":"","overlay-gradient":""}},"ast-content-background-meta":{"desktop":{"background-color":"var(--ast-global-color-5)","background-image":"","background-repeat":"repeat","background-position":"center center","background-size":"auto","background-attachment":"scroll","background-type":"","background-media":"","overlay-type":"","overlay-color":"","overlay-opacity":"","overlay-gradient":""},"tablet":{"background-color":"var(--ast-global-color-5)","background-image":"","background-repeat":"repeat","background-position":"center center","background-size":"auto","background-attachment":"scroll","background-type":"","background-media":"","overlay-type":"","overlay-color":"","overlay-opacity":"","overlay-gradient":""},"mobile":{"background-color":"var(--ast-global-color-5)","background-image":"","background-repeat":"repeat","background-position":"center center","background-size":"auto","background-attachment":"scroll","background-type":"","background-media":"","overlay-type":"","overlay-color":"","overlay-opacity":"","overlay-gradient":""}},"footnotes":""},"categories":[5],"tags":[],"class_list":["post-153397","post","type-post","status-publish","format-standard","hentry","category-noticias"],"yoast_head":"<!-- This site is optimized with the Yoast SEO Premium plugin v20.9 (Yoast SEO v27.4) - https:\/\/yoast.com\/product\/yoast-seo-premium-wordpress\/ -->\n<title>Uno de cada cuatro espa\u00f1oles destina el 30 % de sus ingresos a la vivienda - bip4ex<\/title>\n<meta name=\"robots\" content=\"index, follow, max-snippet:-1, max-image-preview:large, max-video-preview:-1\" \/>\n<link rel=\"canonical\" href=\"https:\/\/helloproject.es\/vigilancia\/uno-de-cada-cuatro-espanoles-destina-el-30-de-sus-ingresos-a-la-vivienda\/\" \/>\n<meta property=\"og:locale\" content=\"es_ES\" \/>\n<meta property=\"og:type\" content=\"article\" \/>\n<meta property=\"og:title\" content=\"Uno de cada cuatro espa\u00f1oles destina el 30 % de sus ingresos a la vivienda\" \/>\n<meta property=\"og:description\" content=\"El 40\u202f% de los inquilinos en Espa\u00f1a destina m\u00e1s del 30\u202f% de sus ingresos al alquiler, superando as\u00ed el umbral que indica una sobrecarga excesiva en este gasto. Esta es una de las principales conclusiones del informe elaborado por el Instituto de Ciencia y Tecnolog\u00eda Ambientales de la Universitat Aut\u00f2noma de Barcelona (ICTA-UAB), en el [&hellip;]\" \/>\n<meta property=\"og:url\" content=\"https:\/\/helloproject.es\/vigilancia\/uno-de-cada-cuatro-espanoles-destina-el-30-de-sus-ingresos-a-la-vivienda\/\" \/>\n<meta property=\"og:site_name\" content=\"bip4ex\" \/>\n<meta property=\"article:published_time\" content=\"2025-07-14T12:28:10+00:00\" \/>\n<meta name=\"author\" content=\"Luis Miguel Mej\u00edas Ramos\" \/>\n<meta name=\"twitter:card\" content=\"summary_large_image\" \/>\n<meta name=\"twitter:label1\" content=\"Escrito por\" \/>\n\t<meta name=\"twitter:data1\" content=\"Luis Miguel Mej\u00edas Ramos\" \/>\n\t<meta name=\"twitter:label2\" content=\"Tiempo de lectura\" \/>\n\t<meta name=\"twitter:data2\" content=\"6 minutos\" \/>\n<script type=\"application\/ld+json\" class=\"yoast-schema-graph\">{\"@context\":\"https:\\\/\\\/schema.org\",\"@graph\":[{\"@type\":\"Article\",\"@id\":\"https:\\\/\\\/helloproject.es\\\/vigilancia\\\/uno-de-cada-cuatro-espanoles-destina-el-30-de-sus-ingresos-a-la-vivienda\\\/#article\",\"isPartOf\":{\"@id\":\"https:\\\/\\\/helloproject.es\\\/vigilancia\\\/uno-de-cada-cuatro-espanoles-destina-el-30-de-sus-ingresos-a-la-vivienda\\\/\"},\"author\":{\"name\":\"Luis Miguel Mej\u00edas Ramos\",\"@id\":\"https:\\\/\\\/helloproject.es\\\/vigilancia\\\/#\\\/schema\\\/person\\\/3767b0619d59a11570372c821f8619ca\"},\"headline\":\"Uno de cada cuatro espa\u00f1oles destina el 30 % de sus ingresos a la vivienda\",\"datePublished\":\"2025-07-14T12:28:10+00:00\",\"mainEntityOfPage\":{\"@id\":\"https:\\\/\\\/helloproject.es\\\/vigilancia\\\/uno-de-cada-cuatro-espanoles-destina-el-30-de-sus-ingresos-a-la-vivienda\\\/\"},\"wordCount\":1258,\"publisher\":{\"@id\":\"https:\\\/\\\/helloproject.es\\\/vigilancia\\\/#organization\"},\"articleSection\":[\"Noticias\"],\"inLanguage\":\"es\"},{\"@type\":\"WebPage\",\"@id\":\"https:\\\/\\\/helloproject.es\\\/vigilancia\\\/uno-de-cada-cuatro-espanoles-destina-el-30-de-sus-ingresos-a-la-vivienda\\\/\",\"url\":\"https:\\\/\\\/helloproject.es\\\/vigilancia\\\/uno-de-cada-cuatro-espanoles-destina-el-30-de-sus-ingresos-a-la-vivienda\\\/\",\"name\":\"Uno de cada cuatro espa\u00f1oles destina el 30 % de sus ingresos a la vivienda - bip4ex\",\"isPartOf\":{\"@id\":\"https:\\\/\\\/helloproject.es\\\/vigilancia\\\/#website\"},\"datePublished\":\"2025-07-14T12:28:10+00:00\",\"breadcrumb\":{\"@id\":\"https:\\\/\\\/helloproject.es\\\/vigilancia\\\/uno-de-cada-cuatro-espanoles-destina-el-30-de-sus-ingresos-a-la-vivienda\\\/#breadcrumb\"},\"inLanguage\":\"es\",\"potentialAction\":[{\"@type\":\"ReadAction\",\"target\":[\"https:\\\/\\\/helloproject.es\\\/vigilancia\\\/uno-de-cada-cuatro-espanoles-destina-el-30-de-sus-ingresos-a-la-vivienda\\\/\"]}]},{\"@type\":\"BreadcrumbList\",\"@id\":\"https:\\\/\\\/helloproject.es\\\/vigilancia\\\/uno-de-cada-cuatro-espanoles-destina-el-30-de-sus-ingresos-a-la-vivienda\\\/#breadcrumb\",\"itemListElement\":[{\"@type\":\"ListItem\",\"position\":1,\"name\":\"Home\",\"item\":\"https:\\\/\\\/helloproject.es\\\/vigilancia\\\/\"},{\"@type\":\"ListItem\",\"position\":2,\"name\":\"Uno de cada cuatro espa\u00f1oles destina el 30 % de sus ingresos a la vivienda\"}]},{\"@type\":\"WebSite\",\"@id\":\"https:\\\/\\\/helloproject.es\\\/vigilancia\\\/#website\",\"url\":\"https:\\\/\\\/helloproject.es\\\/vigilancia\\\/\",\"name\":\"bip4ex\",\"description\":\"Vigilancia Tecnol\u00f3gica\",\"publisher\":{\"@id\":\"https:\\\/\\\/helloproject.es\\\/vigilancia\\\/#organization\"},\"potentialAction\":[{\"@type\":\"SearchAction\",\"target\":{\"@type\":\"EntryPoint\",\"urlTemplate\":\"https:\\\/\\\/helloproject.es\\\/vigilancia\\\/?s={search_term_string}\"},\"query-input\":{\"@type\":\"PropertyValueSpecification\",\"valueRequired\":true,\"valueName\":\"search_term_string\"}}],\"inLanguage\":\"es\"},{\"@type\":\"Organization\",\"@id\":\"https:\\\/\\\/helloproject.es\\\/vigilancia\\\/#organization\",\"name\":\"Helloproject.es\",\"url\":\"https:\\\/\\\/helloproject.es\\\/vigilancia\\\/\",\"logo\":{\"@type\":\"ImageObject\",\"inLanguage\":\"es\",\"@id\":\"https:\\\/\\\/helloproject.es\\\/vigilancia\\\/#\\\/schema\\\/logo\\\/image\\\/\",\"url\":\"https:\\\/\\\/helloproject.es\\\/vigilancia\\\/wp-content\\\/uploads\\\/2023\\\/07\\\/bip4ex.png\",\"contentUrl\":\"https:\\\/\\\/helloproject.es\\\/vigilancia\\\/wp-content\\\/uploads\\\/2023\\\/07\\\/bip4ex.png\",\"width\":322,\"height\":365,\"caption\":\"Helloproject.es\"},\"image\":{\"@id\":\"https:\\\/\\\/helloproject.es\\\/vigilancia\\\/#\\\/schema\\\/logo\\\/image\\\/\"}},{\"@type\":\"Person\",\"@id\":\"https:\\\/\\\/helloproject.es\\\/vigilancia\\\/#\\\/schema\\\/person\\\/3767b0619d59a11570372c821f8619ca\",\"name\":\"Luis Miguel Mej\u00edas Ramos\",\"url\":\"https:\\\/\\\/helloproject.es\\\/vigilancia\\\/author\\\/luismi\\\/\"}]}<\/script>\n<!-- \/ Yoast SEO Premium plugin. -->","yoast_head_json":{"title":"Uno de cada cuatro espa\u00f1oles destina el 30 % de sus ingresos a la vivienda - bip4ex","robots":{"index":"index","follow":"follow","max-snippet":"max-snippet:-1","max-image-preview":"max-image-preview:large","max-video-preview":"max-video-preview:-1"},"canonical":"https:\/\/helloproject.es\/vigilancia\/uno-de-cada-cuatro-espanoles-destina-el-30-de-sus-ingresos-a-la-vivienda\/","og_locale":"es_ES","og_type":"article","og_title":"Uno de cada cuatro espa\u00f1oles destina el 30 % de sus ingresos a la vivienda","og_description":"El 40\u202f% de los inquilinos en Espa\u00f1a destina m\u00e1s del 30\u202f% de sus ingresos al alquiler, superando as\u00ed el umbral que indica una sobrecarga excesiva en este gasto. Esta es una de las principales conclusiones del informe elaborado por el Instituto de Ciencia y Tecnolog\u00eda Ambientales de la Universitat Aut\u00f2noma de Barcelona (ICTA-UAB), en el [&hellip;]","og_url":"https:\/\/helloproject.es\/vigilancia\/uno-de-cada-cuatro-espanoles-destina-el-30-de-sus-ingresos-a-la-vivienda\/","og_site_name":"bip4ex","article_published_time":"2025-07-14T12:28:10+00:00","author":"Luis Miguel Mej\u00edas Ramos","twitter_card":"summary_large_image","twitter_misc":{"Escrito por":"Luis Miguel Mej\u00edas Ramos","Tiempo de lectura":"6 minutos"},"schema":{"@context":"https:\/\/schema.org","@graph":[{"@type":"Article","@id":"https:\/\/helloproject.es\/vigilancia\/uno-de-cada-cuatro-espanoles-destina-el-30-de-sus-ingresos-a-la-vivienda\/#article","isPartOf":{"@id":"https:\/\/helloproject.es\/vigilancia\/uno-de-cada-cuatro-espanoles-destina-el-30-de-sus-ingresos-a-la-vivienda\/"},"author":{"name":"Luis Miguel Mej\u00edas Ramos","@id":"https:\/\/helloproject.es\/vigilancia\/#\/schema\/person\/3767b0619d59a11570372c821f8619ca"},"headline":"Uno de cada cuatro espa\u00f1oles destina el 30 % de sus ingresos a la vivienda","datePublished":"2025-07-14T12:28:10+00:00","mainEntityOfPage":{"@id":"https:\/\/helloproject.es\/vigilancia\/uno-de-cada-cuatro-espanoles-destina-el-30-de-sus-ingresos-a-la-vivienda\/"},"wordCount":1258,"publisher":{"@id":"https:\/\/helloproject.es\/vigilancia\/#organization"},"articleSection":["Noticias"],"inLanguage":"es"},{"@type":"WebPage","@id":"https:\/\/helloproject.es\/vigilancia\/uno-de-cada-cuatro-espanoles-destina-el-30-de-sus-ingresos-a-la-vivienda\/","url":"https:\/\/helloproject.es\/vigilancia\/uno-de-cada-cuatro-espanoles-destina-el-30-de-sus-ingresos-a-la-vivienda\/","name":"Uno de cada cuatro espa\u00f1oles destina el 30 % de sus ingresos a la vivienda - bip4ex","isPartOf":{"@id":"https:\/\/helloproject.es\/vigilancia\/#website"},"datePublished":"2025-07-14T12:28:10+00:00","breadcrumb":{"@id":"https:\/\/helloproject.es\/vigilancia\/uno-de-cada-cuatro-espanoles-destina-el-30-de-sus-ingresos-a-la-vivienda\/#breadcrumb"},"inLanguage":"es","potentialAction":[{"@type":"ReadAction","target":["https:\/\/helloproject.es\/vigilancia\/uno-de-cada-cuatro-espanoles-destina-el-30-de-sus-ingresos-a-la-vivienda\/"]}]},{"@type":"BreadcrumbList","@id":"https:\/\/helloproject.es\/vigilancia\/uno-de-cada-cuatro-espanoles-destina-el-30-de-sus-ingresos-a-la-vivienda\/#breadcrumb","itemListElement":[{"@type":"ListItem","position":1,"name":"Home","item":"https:\/\/helloproject.es\/vigilancia\/"},{"@type":"ListItem","position":2,"name":"Uno de cada cuatro espa\u00f1oles destina el 30 % de sus ingresos a la vivienda"}]},{"@type":"WebSite","@id":"https:\/\/helloproject.es\/vigilancia\/#website","url":"https:\/\/helloproject.es\/vigilancia\/","name":"bip4ex","description":"Vigilancia Tecnol\u00f3gica","publisher":{"@id":"https:\/\/helloproject.es\/vigilancia\/#organization"},"potentialAction":[{"@type":"SearchAction","target":{"@type":"EntryPoint","urlTemplate":"https:\/\/helloproject.es\/vigilancia\/?s={search_term_string}"},"query-input":{"@type":"PropertyValueSpecification","valueRequired":true,"valueName":"search_term_string"}}],"inLanguage":"es"},{"@type":"Organization","@id":"https:\/\/helloproject.es\/vigilancia\/#organization","name":"Helloproject.es","url":"https:\/\/helloproject.es\/vigilancia\/","logo":{"@type":"ImageObject","inLanguage":"es","@id":"https:\/\/helloproject.es\/vigilancia\/#\/schema\/logo\/image\/","url":"https:\/\/helloproject.es\/vigilancia\/wp-content\/uploads\/2023\/07\/bip4ex.png","contentUrl":"https:\/\/helloproject.es\/vigilancia\/wp-content\/uploads\/2023\/07\/bip4ex.png","width":322,"height":365,"caption":"Helloproject.es"},"image":{"@id":"https:\/\/helloproject.es\/vigilancia\/#\/schema\/logo\/image\/"}},{"@type":"Person","@id":"https:\/\/helloproject.es\/vigilancia\/#\/schema\/person\/3767b0619d59a11570372c821f8619ca","name":"Luis Miguel Mej\u00edas Ramos","url":"https:\/\/helloproject.es\/vigilancia\/author\/luismi\/"}]}},"_links":{"self":[{"href":"https:\/\/helloproject.es\/vigilancia\/wp-json\/wp\/v2\/posts\/153397","targetHints":{"allow":["GET"]}}],"collection":[{"href":"https:\/\/helloproject.es\/vigilancia\/wp-json\/wp\/v2\/posts"}],"about":[{"href":"https:\/\/helloproject.es\/vigilancia\/wp-json\/wp\/v2\/types\/post"}],"author":[{"embeddable":true,"href":"https:\/\/helloproject.es\/vigilancia\/wp-json\/wp\/v2\/users\/5"}],"replies":[{"embeddable":true,"href":"https:\/\/helloproject.es\/vigilancia\/wp-json\/wp\/v2\/comments?post=153397"}],"version-history":[{"count":0,"href":"https:\/\/helloproject.es\/vigilancia\/wp-json\/wp\/v2\/posts\/153397\/revisions"}],"wp:attachment":[{"href":"https:\/\/helloproject.es\/vigilancia\/wp-json\/wp\/v2\/media?parent=153397"}],"wp:term":[{"taxonomy":"category","embeddable":true,"href":"https:\/\/helloproject.es\/vigilancia\/wp-json\/wp\/v2\/categories?post=153397"},{"taxonomy":"post_tag","embeddable":true,"href":"https:\/\/helloproject.es\/vigilancia\/wp-json\/wp\/v2\/tags?post=153397"}],"curies":[{"name":"wp","href":"https:\/\/api.w.org\/{rel}","templated":true}]}}