{"id":153495,"date":"2025-07-14T16:28:07","date_gmt":"2025-07-14T15:28:07","guid":{"rendered":"https:\/\/helloproject.es\/vigilancia\/la-inestabilidad-politica-y-las-desigualdades-sociales-aceleran-el-envejecimiento\/"},"modified":"2025-07-14T16:28:07","modified_gmt":"2025-07-14T15:28:07","slug":"la-inestabilidad-politica-y-las-desigualdades-sociales-aceleran-el-envejecimiento","status":"publish","type":"post","link":"https:\/\/helloproject.es\/vigilancia\/la-inestabilidad-politica-y-las-desigualdades-sociales-aceleran-el-envejecimiento\/","title":{"rendered":"La inestabilidad pol\u00edtica y las desigualdades sociales aceleran el envejecimiento"},"content":{"rendered":"<p>De la misma forma que la dieta y el ejercicio regular impactan en la salud de las personas, otros factores como la\u00a0contaminaci\u00f3n del aire, la igualdad entre ciudadanos y la estabilidad democr\u00e1tica de un gobierno influyen en la calidad del envejecimiento.<\/p>\n<p>Un estudio, publicado en la revista\u00a0Nature Medicine, analiz\u00f3 una serie de exposiciones socioambientales y observ\u00f3 de qu\u00e9 manera actuaban en la edad real de una persona con respecto a su estado de salud general.\u00a0<\/p>\n<p>Seg\u00fan explica a SINC el col\u00edder de esta investigaci\u00f3n y profesor de la Universidad Trinity de Dubl\u00edn (Irlanda),\u00a0Ignacio Iba\u00f1ez,\u00a0variables como \u201cla pobreza, la desigualdad y la debilidad de las instituciones dejan secuelas biol\u00f3gicas que son cuantificables\u201d. De este modo, \u201cel envejecimiento no solo viene determinado por el estilo de vida sino tambi\u00e9n por d\u00f3nde y c\u00f3mo vivimos\u201d, argumenta el experto.<\/p>\n<p>Los resultados mostraron que la regi\u00f3n donde se reside tiene la capacidad de acelerar el envejecimiento e incrementar el riesgo de deterioro cognitivo y funcional<\/p>\n<p>El equipo internacional utiliz\u00f3 inteligencia artificial avanzada para analizar el contexto sociopol\u00edtico de m\u00e1s de 160 000 personas de 40 pa\u00edses distintos, estudiar y c\u00f3mo influ\u00eda en el envejecimiento cerebral.\u00a0<\/p>\n<p>Los resultados mostraron que la regi\u00f3n donde se reside tiene la capacidad de acelerar el envejecimiento e incrementar el riesgo de deterioro cognitivo y funcional. Por lo tanto, \u201cabordar las condiciones sociales y pol\u00edticas debe formar parte de las estrategias de salud p\u00fablica para una vejez saludable\u201d, alienta Iba\u00f1ez.\u00a0<\/p>\n<p><a><\/a><\/p>\n<h2>Europa: mejor envejecimiento<\/h2>\n<p>Para su estudio, los investigadores desarrollaron un herramienta para comparar la edad prevista con la edad cronol\u00f3gica de los participantes y la llamaron\u00a0\u2018brecha de edad bioconductual\u2019 (BBAG, por sus siglas en ingl\u00e9s).<\/p>\n<p>Al principio, los hallazgos con esta herramienta revelaron un envejecimiento retrasado o acelerado seg\u00fan las diferentes regiones del mundo que estudiaban, as\u00ed como los tipos de exposici\u00f3n que sufr\u00edan sus habitantes.<\/p>\n<p>Europa, por ejemplo, registraba un envejecimiento m\u00e1s saludable en comparaci\u00f3n con otras regiones. Asia y Am\u00e9rica se posicionaban en la mediana; y finalmente Egipto y Sud\u00e1frica ten\u00edan los valores m\u00e1s negativos para una vejez lenta.\u00a0<\/p>\n<p>No obstante, dentro de Europa, los pa\u00edses del este y del sur fueron los que demostraron tener un envejecimiento m\u00e1s veloz, por lo que tambi\u00e9n existieron divergencias en funci\u00f3n de los pa\u00edses y sus contextos ambientales.\u00a0<\/p>\n<p>Los investigadores desarrollaron un herramienta con la que comparar la edad prevista con la edad cronol\u00f3gica de los participantes y la llamaron\u00a0\u2018brecha de edad bioconductual\u2019<\/p>\n<p>\u201cLos factores sociales, f\u00edsicos y sociopol\u00edticos activan los sistemas de estr\u00e9s biol\u00f3gico, lo que aumenta la inflamaci\u00f3n y el desgaste del cuerpo. Esto conduce a un envejecimiento acelerado incluso en personas con estilos de vida saludables\u201d, advierte a SINC la col\u00edder del estudio y profesora de la Universidad Trinity de Dubl\u00edn, Sandra B\u00e1ez.<\/p>\n<p>La combinaci\u00f3n de circunstancias f\u00edsicas como la mala calidad del aire, factores sociales como la\u00a0desigualdad econ\u00f3mica o de g\u00e9nero, y variables sociopol\u00edticas parecidas a vivir en un estado que no respeta el voto ni la libertad de sus ciudadanos, predijeron una mayor p\u00e9rdida en habilidades cognitivas.\u00a0<\/p>\n<p>De hecho, descubrieron que la gente expuesta a tales condiciones \u201cmostraban un envejecimiento conductual que era, en promedio, de 5 a 6 a\u00f1os mayor que su edad real\u201d, apunta B\u00e1ez. \u201cEs probable que se deba a la inflamaci\u00f3n cr\u00f3nica y a las respuestas al estr\u00e9s provocadas por una exposici\u00f3n prolongada a entornos f\u00edsicos nocivos\u201d.<\/p>\n<p><a><\/a><\/p>\n<h2>Desigualdad de g\u00e9nero<\/h2>\n<p>Seg\u00fan explica B\u00e1ez, la desigualdad de g\u00e9nero impone una carga desproporcionada a las mujeres porque, a menudo, se enfrentan a un acceso limitado a la educaci\u00f3n, atenci\u00f3n sanitaria y oportunidades econ\u00f3micas.<\/p>\n<p>\u201cMuchas tambi\u00e9n soportan el peso del cuidado no remunerado\u201d, a\u00f1ade, \u201cy tienen una autonom\u00eda reducida en decisiones vitales, lo que fomenta la aparici\u00f3n de estr\u00e9s cr\u00f3nico que pueda acelerar el envejecimiento biol\u00f3gico\u201d contesta.\u00a0<\/p>\n<p><img decoding=\"async\" src=\"https:\/\/www.agenciasinc.es\/bundles\/app\/images\/quotebefore.png\" \/><\/p>\n<p>\u00abCuando una sociedad tolera la desigualdad sist\u00e9mica, se crea un entorno estresante y fragmentado que acelera el envejecimiento a nivel general\u201d<\/p>\n<p>Sandra B\u00e1ez, col\u00edder de esta investigaci\u00f3n y profesora de la Universidad Trinity de Dubl\u00edn (Irlanda),<br \/>\n<img decoding=\"async\" src=\"https:\/\/www.agenciasinc.es\/bundles\/app\/images\/quoteafter.png\" \/><\/p>\n<p>Sin embargo, no solo les afecta a ellas, sino tambi\u00e9n a otras minor\u00edas de g\u00e9nero que est\u00e1n expuestas al estigma, la discriminaci\u00f3n o la exclusi\u00f3n. Algo que incrementa a\u00fan m\u00e1s el desgaste del cuerpo.<\/p>\n<p>\u201cCuando una sociedad tolera la desigualdad sist\u00e9mica, se crea un entorno estresante y fragmentado que acelera el envejecimiento a nivel general\u201d, sostiene la psic\u00f3loga.<\/p>\n<p>Para combatir este fen\u00f3meno, los cient\u00edficos de este estudio apuestan por defender la vejez como un proceso en el que intervienen el medioambiente, la sociedad y la situaci\u00f3n pol\u00edtica de una regi\u00f3n. Por ello, en t\u00e9rminos de salud p\u00fablica \u201cdeber\u00edamos estar m\u00e1s preparados\u201d, concluye Ib\u00e1\u00f1ez.\u00a0<\/p>\n<p>Hernan H. et al. \u201cThe exposome of healthy and accelerated\u00a0aging across 40 countries\u201d. <a href=\"https:\/\/www.nature.com\/articles\/s41591-025-03808-2\" target=\"_blank\">Nature Medicine<\/a>. (2025).<\/p>","protected":false},"excerpt":{"rendered":"<p>De la misma forma que la dieta y el ejercicio regular impactan en la salud de las personas, otros factores como la\u00a0contaminaci\u00f3n del aire, la igualdad entre ciudadanos y la estabilidad democr\u00e1tica de un gobierno influyen en la calidad del envejecimiento. Un estudio, publicado en la revista\u00a0Nature Medicine, analiz\u00f3 una serie de exposiciones socioambientales y [&hellip;]<\/p>\n","protected":false},"author":5,"featured_media":0,"comment_status":"","ping_status":"","sticky":false,"template":"","format":"standard","meta":{"site-sidebar-layout":"default","site-content-layout":"","ast-site-content-layout":"default","site-content-style":"default","site-sidebar-style":"default","ast-global-header-display":"","ast-banner-title-visibility":"","ast-main-header-display":"","ast-hfb-above-header-display":"","ast-hfb-below-header-display":"","ast-hfb-mobile-header-display":"","site-post-title":"","ast-breadcrumbs-content":"","ast-featured-img":"","footer-sml-layout":"","ast-disable-related-posts":"","theme-transparent-header-meta":"","adv-header-id-meta":"","stick-header-meta":"","header-above-stick-meta":"","header-main-stick-meta":"","header-below-stick-meta":"","astra-migrate-meta-layouts":"default","ast-page-background-enabled":"default","ast-page-background-meta":{"desktop":{"background-color":"var(--ast-global-color-4)","background-image":"","background-repeat":"repeat","background-position":"center center","background-size":"auto","background-attachment":"scroll","background-type":"","background-media":"","overlay-type":"","overlay-color":"","overlay-opacity":"","overlay-gradient":""},"tablet":{"background-color":"","background-image":"","background-repeat":"repeat","background-position":"center center","background-size":"auto","background-attachment":"scroll","background-type":"","background-media":"","overlay-type":"","overlay-color":"","overlay-opacity":"","overlay-gradient":""},"mobile":{"background-color":"","background-image":"","background-repeat":"repeat","background-position":"center center","background-size":"auto","background-attachment":"scroll","background-type":"","background-media":"","overlay-type":"","overlay-color":"","overlay-opacity":"","overlay-gradient":""}},"ast-content-background-meta":{"desktop":{"background-color":"var(--ast-global-color-5)","background-image":"","background-repeat":"repeat","background-position":"center center","background-size":"auto","background-attachment":"scroll","background-type":"","background-media":"","overlay-type":"","overlay-color":"","overlay-opacity":"","overlay-gradient":""},"tablet":{"background-color":"var(--ast-global-color-5)","background-image":"","background-repeat":"repeat","background-position":"center center","background-size":"auto","background-attachment":"scroll","background-type":"","background-media":"","overlay-type":"","overlay-color":"","overlay-opacity":"","overlay-gradient":""},"mobile":{"background-color":"var(--ast-global-color-5)","background-image":"","background-repeat":"repeat","background-position":"center center","background-size":"auto","background-attachment":"scroll","background-type":"","background-media":"","overlay-type":"","overlay-color":"","overlay-opacity":"","overlay-gradient":""}},"footnotes":""},"categories":[5],"tags":[],"class_list":["post-153495","post","type-post","status-publish","format-standard","hentry","category-noticias"],"yoast_head":"<!-- This site is optimized with the Yoast SEO Premium plugin v20.9 (Yoast SEO v27.4) - https:\/\/yoast.com\/product\/yoast-seo-premium-wordpress\/ -->\n<title>La inestabilidad pol\u00edtica y las desigualdades sociales aceleran el envejecimiento - bip4ex<\/title>\n<meta name=\"robots\" content=\"index, follow, max-snippet:-1, max-image-preview:large, max-video-preview:-1\" \/>\n<link rel=\"canonical\" href=\"https:\/\/helloproject.es\/vigilancia\/la-inestabilidad-politica-y-las-desigualdades-sociales-aceleran-el-envejecimiento\/\" \/>\n<meta property=\"og:locale\" content=\"es_ES\" \/>\n<meta property=\"og:type\" content=\"article\" \/>\n<meta property=\"og:title\" content=\"La inestabilidad pol\u00edtica y las desigualdades sociales aceleran el envejecimiento\" \/>\n<meta property=\"og:description\" content=\"De la misma forma que la dieta y el ejercicio regular impactan en la salud de las personas, otros factores como la\u00a0contaminaci\u00f3n del aire, la igualdad entre ciudadanos y la estabilidad democr\u00e1tica de un gobierno influyen en la calidad del envejecimiento. Un estudio, publicado en la revista\u00a0Nature Medicine, analiz\u00f3 una serie de exposiciones socioambientales y [&hellip;]\" \/>\n<meta property=\"og:url\" content=\"https:\/\/helloproject.es\/vigilancia\/la-inestabilidad-politica-y-las-desigualdades-sociales-aceleran-el-envejecimiento\/\" \/>\n<meta property=\"og:site_name\" content=\"bip4ex\" \/>\n<meta property=\"article:published_time\" content=\"2025-07-14T15:28:07+00:00\" \/>\n<meta property=\"og:image\" content=\"https:\/\/www.agenciasinc.es\/bundles\/app\/images\/quotebefore.png\" \/>\n<meta name=\"author\" content=\"Luis Miguel Mej\u00edas Ramos\" \/>\n<meta name=\"twitter:card\" content=\"summary_large_image\" \/>\n<meta name=\"twitter:label1\" content=\"Escrito por\" \/>\n\t<meta name=\"twitter:data1\" content=\"Luis Miguel Mej\u00edas Ramos\" \/>\n\t<meta name=\"twitter:label2\" content=\"Tiempo de lectura\" \/>\n\t<meta name=\"twitter:data2\" content=\"4 minutos\" \/>\n<script type=\"application\/ld+json\" class=\"yoast-schema-graph\">{\"@context\":\"https:\\\/\\\/schema.org\",\"@graph\":[{\"@type\":\"Article\",\"@id\":\"https:\\\/\\\/helloproject.es\\\/vigilancia\\\/la-inestabilidad-politica-y-las-desigualdades-sociales-aceleran-el-envejecimiento\\\/#article\",\"isPartOf\":{\"@id\":\"https:\\\/\\\/helloproject.es\\\/vigilancia\\\/la-inestabilidad-politica-y-las-desigualdades-sociales-aceleran-el-envejecimiento\\\/\"},\"author\":{\"name\":\"Luis Miguel Mej\u00edas Ramos\",\"@id\":\"https:\\\/\\\/helloproject.es\\\/vigilancia\\\/#\\\/schema\\\/person\\\/3767b0619d59a11570372c821f8619ca\"},\"headline\":\"La inestabilidad pol\u00edtica y las desigualdades sociales aceleran el envejecimiento\",\"datePublished\":\"2025-07-14T15:28:07+00:00\",\"mainEntityOfPage\":{\"@id\":\"https:\\\/\\\/helloproject.es\\\/vigilancia\\\/la-inestabilidad-politica-y-las-desigualdades-sociales-aceleran-el-envejecimiento\\\/\"},\"wordCount\":886,\"publisher\":{\"@id\":\"https:\\\/\\\/helloproject.es\\\/vigilancia\\\/#organization\"},\"image\":{\"@id\":\"https:\\\/\\\/helloproject.es\\\/vigilancia\\\/la-inestabilidad-politica-y-las-desigualdades-sociales-aceleran-el-envejecimiento\\\/#primaryimage\"},\"thumbnailUrl\":\"https:\\\/\\\/www.agenciasinc.es\\\/bundles\\\/app\\\/images\\\/quotebefore.png\",\"articleSection\":[\"Noticias\"],\"inLanguage\":\"es\"},{\"@type\":\"WebPage\",\"@id\":\"https:\\\/\\\/helloproject.es\\\/vigilancia\\\/la-inestabilidad-politica-y-las-desigualdades-sociales-aceleran-el-envejecimiento\\\/\",\"url\":\"https:\\\/\\\/helloproject.es\\\/vigilancia\\\/la-inestabilidad-politica-y-las-desigualdades-sociales-aceleran-el-envejecimiento\\\/\",\"name\":\"La inestabilidad pol\u00edtica y las desigualdades sociales aceleran el envejecimiento - bip4ex\",\"isPartOf\":{\"@id\":\"https:\\\/\\\/helloproject.es\\\/vigilancia\\\/#website\"},\"primaryImageOfPage\":{\"@id\":\"https:\\\/\\\/helloproject.es\\\/vigilancia\\\/la-inestabilidad-politica-y-las-desigualdades-sociales-aceleran-el-envejecimiento\\\/#primaryimage\"},\"image\":{\"@id\":\"https:\\\/\\\/helloproject.es\\\/vigilancia\\\/la-inestabilidad-politica-y-las-desigualdades-sociales-aceleran-el-envejecimiento\\\/#primaryimage\"},\"thumbnailUrl\":\"https:\\\/\\\/www.agenciasinc.es\\\/bundles\\\/app\\\/images\\\/quotebefore.png\",\"datePublished\":\"2025-07-14T15:28:07+00:00\",\"breadcrumb\":{\"@id\":\"https:\\\/\\\/helloproject.es\\\/vigilancia\\\/la-inestabilidad-politica-y-las-desigualdades-sociales-aceleran-el-envejecimiento\\\/#breadcrumb\"},\"inLanguage\":\"es\",\"potentialAction\":[{\"@type\":\"ReadAction\",\"target\":[\"https:\\\/\\\/helloproject.es\\\/vigilancia\\\/la-inestabilidad-politica-y-las-desigualdades-sociales-aceleran-el-envejecimiento\\\/\"]}]},{\"@type\":\"ImageObject\",\"inLanguage\":\"es\",\"@id\":\"https:\\\/\\\/helloproject.es\\\/vigilancia\\\/la-inestabilidad-politica-y-las-desigualdades-sociales-aceleran-el-envejecimiento\\\/#primaryimage\",\"url\":\"https:\\\/\\\/www.agenciasinc.es\\\/bundles\\\/app\\\/images\\\/quotebefore.png\",\"contentUrl\":\"https:\\\/\\\/www.agenciasinc.es\\\/bundles\\\/app\\\/images\\\/quotebefore.png\"},{\"@type\":\"BreadcrumbList\",\"@id\":\"https:\\\/\\\/helloproject.es\\\/vigilancia\\\/la-inestabilidad-politica-y-las-desigualdades-sociales-aceleran-el-envejecimiento\\\/#breadcrumb\",\"itemListElement\":[{\"@type\":\"ListItem\",\"position\":1,\"name\":\"Home\",\"item\":\"https:\\\/\\\/helloproject.es\\\/vigilancia\\\/\"},{\"@type\":\"ListItem\",\"position\":2,\"name\":\"La inestabilidad pol\u00edtica y las desigualdades sociales aceleran el envejecimiento\"}]},{\"@type\":\"WebSite\",\"@id\":\"https:\\\/\\\/helloproject.es\\\/vigilancia\\\/#website\",\"url\":\"https:\\\/\\\/helloproject.es\\\/vigilancia\\\/\",\"name\":\"bip4ex\",\"description\":\"Vigilancia Tecnol\u00f3gica\",\"publisher\":{\"@id\":\"https:\\\/\\\/helloproject.es\\\/vigilancia\\\/#organization\"},\"potentialAction\":[{\"@type\":\"SearchAction\",\"target\":{\"@type\":\"EntryPoint\",\"urlTemplate\":\"https:\\\/\\\/helloproject.es\\\/vigilancia\\\/?s={search_term_string}\"},\"query-input\":{\"@type\":\"PropertyValueSpecification\",\"valueRequired\":true,\"valueName\":\"search_term_string\"}}],\"inLanguage\":\"es\"},{\"@type\":\"Organization\",\"@id\":\"https:\\\/\\\/helloproject.es\\\/vigilancia\\\/#organization\",\"name\":\"Helloproject.es\",\"url\":\"https:\\\/\\\/helloproject.es\\\/vigilancia\\\/\",\"logo\":{\"@type\":\"ImageObject\",\"inLanguage\":\"es\",\"@id\":\"https:\\\/\\\/helloproject.es\\\/vigilancia\\\/#\\\/schema\\\/logo\\\/image\\\/\",\"url\":\"https:\\\/\\\/helloproject.es\\\/vigilancia\\\/wp-content\\\/uploads\\\/2023\\\/07\\\/bip4ex.png\",\"contentUrl\":\"https:\\\/\\\/helloproject.es\\\/vigilancia\\\/wp-content\\\/uploads\\\/2023\\\/07\\\/bip4ex.png\",\"width\":322,\"height\":365,\"caption\":\"Helloproject.es\"},\"image\":{\"@id\":\"https:\\\/\\\/helloproject.es\\\/vigilancia\\\/#\\\/schema\\\/logo\\\/image\\\/\"}},{\"@type\":\"Person\",\"@id\":\"https:\\\/\\\/helloproject.es\\\/vigilancia\\\/#\\\/schema\\\/person\\\/3767b0619d59a11570372c821f8619ca\",\"name\":\"Luis Miguel Mej\u00edas Ramos\",\"url\":\"https:\\\/\\\/helloproject.es\\\/vigilancia\\\/author\\\/luismi\\\/\"}]}<\/script>\n<!-- \/ Yoast SEO Premium plugin. -->","yoast_head_json":{"title":"La inestabilidad pol\u00edtica y las desigualdades sociales aceleran el envejecimiento - bip4ex","robots":{"index":"index","follow":"follow","max-snippet":"max-snippet:-1","max-image-preview":"max-image-preview:large","max-video-preview":"max-video-preview:-1"},"canonical":"https:\/\/helloproject.es\/vigilancia\/la-inestabilidad-politica-y-las-desigualdades-sociales-aceleran-el-envejecimiento\/","og_locale":"es_ES","og_type":"article","og_title":"La inestabilidad pol\u00edtica y las desigualdades sociales aceleran el envejecimiento","og_description":"De la misma forma que la dieta y el ejercicio regular impactan en la salud de las personas, otros factores como la\u00a0contaminaci\u00f3n del aire, la igualdad entre ciudadanos y la estabilidad democr\u00e1tica de un gobierno influyen en la calidad del envejecimiento. Un estudio, publicado en la revista\u00a0Nature Medicine, analiz\u00f3 una serie de exposiciones socioambientales y [&hellip;]","og_url":"https:\/\/helloproject.es\/vigilancia\/la-inestabilidad-politica-y-las-desigualdades-sociales-aceleran-el-envejecimiento\/","og_site_name":"bip4ex","article_published_time":"2025-07-14T15:28:07+00:00","og_image":[{"url":"https:\/\/www.agenciasinc.es\/bundles\/app\/images\/quotebefore.png","type":"","width":"","height":""}],"author":"Luis Miguel Mej\u00edas Ramos","twitter_card":"summary_large_image","twitter_misc":{"Escrito por":"Luis Miguel Mej\u00edas Ramos","Tiempo de lectura":"4 minutos"},"schema":{"@context":"https:\/\/schema.org","@graph":[{"@type":"Article","@id":"https:\/\/helloproject.es\/vigilancia\/la-inestabilidad-politica-y-las-desigualdades-sociales-aceleran-el-envejecimiento\/#article","isPartOf":{"@id":"https:\/\/helloproject.es\/vigilancia\/la-inestabilidad-politica-y-las-desigualdades-sociales-aceleran-el-envejecimiento\/"},"author":{"name":"Luis Miguel Mej\u00edas Ramos","@id":"https:\/\/helloproject.es\/vigilancia\/#\/schema\/person\/3767b0619d59a11570372c821f8619ca"},"headline":"La inestabilidad pol\u00edtica y las desigualdades sociales aceleran el envejecimiento","datePublished":"2025-07-14T15:28:07+00:00","mainEntityOfPage":{"@id":"https:\/\/helloproject.es\/vigilancia\/la-inestabilidad-politica-y-las-desigualdades-sociales-aceleran-el-envejecimiento\/"},"wordCount":886,"publisher":{"@id":"https:\/\/helloproject.es\/vigilancia\/#organization"},"image":{"@id":"https:\/\/helloproject.es\/vigilancia\/la-inestabilidad-politica-y-las-desigualdades-sociales-aceleran-el-envejecimiento\/#primaryimage"},"thumbnailUrl":"https:\/\/www.agenciasinc.es\/bundles\/app\/images\/quotebefore.png","articleSection":["Noticias"],"inLanguage":"es"},{"@type":"WebPage","@id":"https:\/\/helloproject.es\/vigilancia\/la-inestabilidad-politica-y-las-desigualdades-sociales-aceleran-el-envejecimiento\/","url":"https:\/\/helloproject.es\/vigilancia\/la-inestabilidad-politica-y-las-desigualdades-sociales-aceleran-el-envejecimiento\/","name":"La inestabilidad pol\u00edtica y las desigualdades sociales aceleran el envejecimiento - bip4ex","isPartOf":{"@id":"https:\/\/helloproject.es\/vigilancia\/#website"},"primaryImageOfPage":{"@id":"https:\/\/helloproject.es\/vigilancia\/la-inestabilidad-politica-y-las-desigualdades-sociales-aceleran-el-envejecimiento\/#primaryimage"},"image":{"@id":"https:\/\/helloproject.es\/vigilancia\/la-inestabilidad-politica-y-las-desigualdades-sociales-aceleran-el-envejecimiento\/#primaryimage"},"thumbnailUrl":"https:\/\/www.agenciasinc.es\/bundles\/app\/images\/quotebefore.png","datePublished":"2025-07-14T15:28:07+00:00","breadcrumb":{"@id":"https:\/\/helloproject.es\/vigilancia\/la-inestabilidad-politica-y-las-desigualdades-sociales-aceleran-el-envejecimiento\/#breadcrumb"},"inLanguage":"es","potentialAction":[{"@type":"ReadAction","target":["https:\/\/helloproject.es\/vigilancia\/la-inestabilidad-politica-y-las-desigualdades-sociales-aceleran-el-envejecimiento\/"]}]},{"@type":"ImageObject","inLanguage":"es","@id":"https:\/\/helloproject.es\/vigilancia\/la-inestabilidad-politica-y-las-desigualdades-sociales-aceleran-el-envejecimiento\/#primaryimage","url":"https:\/\/www.agenciasinc.es\/bundles\/app\/images\/quotebefore.png","contentUrl":"https:\/\/www.agenciasinc.es\/bundles\/app\/images\/quotebefore.png"},{"@type":"BreadcrumbList","@id":"https:\/\/helloproject.es\/vigilancia\/la-inestabilidad-politica-y-las-desigualdades-sociales-aceleran-el-envejecimiento\/#breadcrumb","itemListElement":[{"@type":"ListItem","position":1,"name":"Home","item":"https:\/\/helloproject.es\/vigilancia\/"},{"@type":"ListItem","position":2,"name":"La inestabilidad pol\u00edtica y las desigualdades sociales aceleran el envejecimiento"}]},{"@type":"WebSite","@id":"https:\/\/helloproject.es\/vigilancia\/#website","url":"https:\/\/helloproject.es\/vigilancia\/","name":"bip4ex","description":"Vigilancia Tecnol\u00f3gica","publisher":{"@id":"https:\/\/helloproject.es\/vigilancia\/#organization"},"potentialAction":[{"@type":"SearchAction","target":{"@type":"EntryPoint","urlTemplate":"https:\/\/helloproject.es\/vigilancia\/?s={search_term_string}"},"query-input":{"@type":"PropertyValueSpecification","valueRequired":true,"valueName":"search_term_string"}}],"inLanguage":"es"},{"@type":"Organization","@id":"https:\/\/helloproject.es\/vigilancia\/#organization","name":"Helloproject.es","url":"https:\/\/helloproject.es\/vigilancia\/","logo":{"@type":"ImageObject","inLanguage":"es","@id":"https:\/\/helloproject.es\/vigilancia\/#\/schema\/logo\/image\/","url":"https:\/\/helloproject.es\/vigilancia\/wp-content\/uploads\/2023\/07\/bip4ex.png","contentUrl":"https:\/\/helloproject.es\/vigilancia\/wp-content\/uploads\/2023\/07\/bip4ex.png","width":322,"height":365,"caption":"Helloproject.es"},"image":{"@id":"https:\/\/helloproject.es\/vigilancia\/#\/schema\/logo\/image\/"}},{"@type":"Person","@id":"https:\/\/helloproject.es\/vigilancia\/#\/schema\/person\/3767b0619d59a11570372c821f8619ca","name":"Luis Miguel Mej\u00edas Ramos","url":"https:\/\/helloproject.es\/vigilancia\/author\/luismi\/"}]}},"_links":{"self":[{"href":"https:\/\/helloproject.es\/vigilancia\/wp-json\/wp\/v2\/posts\/153495","targetHints":{"allow":["GET"]}}],"collection":[{"href":"https:\/\/helloproject.es\/vigilancia\/wp-json\/wp\/v2\/posts"}],"about":[{"href":"https:\/\/helloproject.es\/vigilancia\/wp-json\/wp\/v2\/types\/post"}],"author":[{"embeddable":true,"href":"https:\/\/helloproject.es\/vigilancia\/wp-json\/wp\/v2\/users\/5"}],"replies":[{"embeddable":true,"href":"https:\/\/helloproject.es\/vigilancia\/wp-json\/wp\/v2\/comments?post=153495"}],"version-history":[{"count":0,"href":"https:\/\/helloproject.es\/vigilancia\/wp-json\/wp\/v2\/posts\/153495\/revisions"}],"wp:attachment":[{"href":"https:\/\/helloproject.es\/vigilancia\/wp-json\/wp\/v2\/media?parent=153495"}],"wp:term":[{"taxonomy":"category","embeddable":true,"href":"https:\/\/helloproject.es\/vigilancia\/wp-json\/wp\/v2\/categories?post=153495"},{"taxonomy":"post_tag","embeddable":true,"href":"https:\/\/helloproject.es\/vigilancia\/wp-json\/wp\/v2\/tags?post=153495"}],"curies":[{"name":"wp","href":"https:\/\/api.w.org\/{rel}","templated":true}]}}