{"id":153999,"date":"2025-07-15T08:28:30","date_gmt":"2025-07-15T07:28:30","guid":{"rendered":"https:\/\/helloproject.es\/vigilancia\/el-fosil-de-un-nuevo-genero-de-topo-plantea-nuevos-escenarios-evolutivos\/"},"modified":"2025-07-15T08:28:30","modified_gmt":"2025-07-15T07:28:30","slug":"el-fosil-de-un-nuevo-genero-de-topo-plantea-nuevos-escenarios-evolutivos","status":"publish","type":"post","link":"https:\/\/helloproject.es\/vigilancia\/el-fosil-de-un-nuevo-genero-de-topo-plantea-nuevos-escenarios-evolutivos\/","title":{"rendered":"El f\u00f3sil de un nuevo g\u00e9nero de topo plantea nuevos escenarios evolutivos"},"content":{"rendered":"<p>Un equipo liderado por el Institut Catal\u00e0 de Paleoecologia Humana i Evoluci\u00f3 Social (IPHES-CERCA) ha descrito un nuevo g\u00e9nero y especie de topo, hasta ahora desconocido para la ciencia, que vivi\u00f3 en el Plioceno (etapa entre hace 5,33 y 2,59 millones de a\u00f1os).<\/p>\n<p>En el estudio tambi\u00e9n han participado la Universitat Aut\u00f2noma de Barcelona (UAB) y el Institut Catal\u00e0 de Paleontologia Miquel Crusafont (ICP-CERCA).<\/p>\n<p>El f\u00f3sil de la nueva especie, bautizada como Vulcanoscaptor ninoti (el excavador del volc\u00e1n del Camp dels Ninots), se ha localizado en el yacimiento paleontol\u00f3gico del Camp dels Ninots (Caldes de Malavella, Girona), uno de los enclaves clave para conocer la fauna de hace m\u00e1s de 3,5 millones de a\u00f1os.<\/p>\n<p>Este ejemplar representa el f\u00f3sil de topo m\u00e1s completo del Plioceno europeo y proporciona informaci\u00f3n valiosa sobre la historia evolutiva de los t\u00e1lpidos<\/p>\n<p>El esqueleto conserva la mand\u00edbula con la dentici\u00f3n completa, parte del tronco y varios huesos de las extremidades anteriores y posteriores, muchos de ellos en conexi\u00f3n anat\u00f3mica. Esta preservaci\u00f3n excepcional es muy poco habitual en peque\u00f1os mam\u00edferos como los topos, lo que convierte este ejemplar en uno de los m\u00e1s antiguos y completos conocidos hasta la fecha en Europa.<\/p>\n<p>La investigaci\u00f3n, publicada en la revista Scientific Reports, ha sido liderada por Adriana Linares, investigadora predoctoral en la Universitat Rovira i Virgili y en el IPHES-CERCA, y Marc Furi\u00f3, profesor del Departamento de Geolog\u00eda de la UAB e investigador del ICP-CERCA. Este ejemplar representa el f\u00f3sil de topo m\u00e1s completo del Plioceno europeo y proporciona informaci\u00f3n valiosa sobre la historia evolutiva de los t\u00e1lpidos.<\/p>\n<p>                    <img decoding=\"async\" src=\"https:\/\/cdn.agenciasinc.es\/var\/ezwebin_site\/storage\/images\/_aliases\/img_1col\/media\/images\/trabajos-de-excavacion-de-los-restos-de-vulcanoscaptor-ninoti-en-el-yacimiento-del-camp-dels-ninots.-momento-del-hallazgo.-iphes-cerca-gerard-campeny\/12328142-1-esl-MX\/Trabajos-de-excavacion-de-los-restos-de-Vulcanoscaptor-ninoti-en-el-yacimiento-del-Camp-dels-Ninots.-Momento-del-hallazgo.-IPHES-CERCA-Gerard-C.jpg\" alt=\"Trabajos de excavaci\u00f3n de los restos de Vulcanoscaptor ninoti en el yacimiento del Camp dels Ninots. Momento del hallazgo. \/ IPHES-CERCA | Gerard Campeny\" \/><\/p>\n<p>Trabajos de excavaci\u00f3n de los restos de Vulcanoscaptor ninoti en el yacimiento del Camp dels Ninots. Momento del hallazgo. \/ IPHES-CERCA | Gerard Campeny<\/p>\n<p>    document.addEventListener(\u00abDOMContentLoaded\u00bb, function() {<br \/>\n        var img = document.querySelector(&#8216;.image-container img&#8217;);<br \/>\n        if (img) {<br \/>\n            img.alt = \u00abTrabajos de excavaci\u00f3n de los restos de Vulcanoscaptor ninoti en el yacimiento del Camp dels Ninots. Momento del hallazgo. \/ IPHES-CERCA | Gerard Campeny\u00bb;<br \/>\n        }<br \/>\n    });<\/p>\n<p><a><\/a><\/p>\n<h2>Una conexi\u00f3n evolutiva inesperada<\/h2>\n<p>El an\u00e1lisis anat\u00f3mico y filogen\u00e9tico ha revelado que Vulcanoscaptor ninoti pertenece al grupo de los Scalopini, una tribu de topos que actualmente solo habita en Am\u00e9rica del Norte y algunas zonas de Asia. Este hallazgo en el Plioceno del sur de Europa plantea escenarios evolutivos y paleogeogr\u00e1ficos mucho m\u00e1s complejos de lo que se pensaba.<\/p>\n<p><img decoding=\"async\" src=\"https:\/\/www.agenciasinc.es\/bundles\/app\/images\/quotebefore.png\" \/><\/p>\n<p>Su presencia en Europa sugiere la existencia de migraciones transcontinentales de topos en el pasado, en contra de la idea de que son mam\u00edferos con escasa capacidad de dispersi\u00f3n<\/p>\n<p>Marc Furi\u00f3, profesor del Departamento de Geolog\u00eda de la UAB<br \/>\n<img decoding=\"async\" src=\"https:\/\/www.agenciasinc.es\/bundles\/app\/images\/quoteafter.png\" \/><\/p>\n<p>\u201cA pesar de su morfolog\u00eda claramente adaptada a excavar, este topo est\u00e1 estrechamente emparentado con especies norteamericanas de los g\u00e9neros Scapanus y Scalopus, lo que indica una historia evolutiva mucho m\u00e1s compleja de lo que se hab\u00eda considerado para estos animales\u201d, explica el doctor Furi\u00f3. \u201cSu presencia en Europa sugiere la existencia de migraciones transcontinentales de topos en el pasado, en contra de la idea de que son mam\u00edferos con escasa capacidad de dispersi\u00f3n\u201d.<\/p>\n<p><a><\/a><\/p>\n<h2>Ayuda de tecnolog\u00eda 3D<\/h2>\n<p>El f\u00f3sil se encontraba parcialmente incrustado en un bloque de sedimento muy compacto y fue extra\u00eddo \u00edntegramente durante la excavaci\u00f3n. Para estudiarlo con detalle sin da\u00f1arlo, se aplic\u00f3 un escaneo de microtomograf\u00eda computarizada (micro-TC), que ha permitido realizar una reconstrucci\u00f3n digital tridimensional del esqueleto con gran precisi\u00f3n.<\/p>\n<p>\u201cGracias a la micro-TC hemos podido analizar estructuras muy peque\u00f1as y delicadas, como las falanges o los dientes, que dif\u00edcilmente podr\u00edan haberse estudiado sin este tipo de tecnolog\u00eda\u201d, explica Linares. \u201cEsto nos ha permitido identificar rasgos anat\u00f3micos \u00fanicos e integrarlos en un an\u00e1lisis filogen\u00e9tico s\u00f3lido, que ha confirmado la adscripci\u00f3n del nuevo tax\u00f3n al grupo de los Scalopini\u201d.<\/p>\n<p><img decoding=\"async\" src=\"https:\/\/www.agenciasinc.es\/bundles\/app\/images\/quotebefore.png\" \/><\/p>\n<p>Gracias a la micro-TC hemos podido analizar estructuras muy peque\u00f1as y delicadas, como las falanges o los dientes, que dif\u00edcilmente podr\u00edan haberse estudiado sin este tipo de tecnolog\u00eda<\/p>\n<p>Adriana Linares, investigadora predoctoral en la Universitat Rovira i Virgili<br \/>\n<img decoding=\"async\" src=\"https:\/\/www.agenciasinc.es\/bundles\/app\/images\/quoteafter.png\" \/><\/p>\n<p>Las partes conservadas incluyen la mand\u00edbula completa con dentici\u00f3n, el radio, la ulna y el h\u00famero del brazo derecho, parte de la cintura escapular, los metacarpos, varias falanges, la tibia y el peron\u00e9 fusionados, una falange posterior y diversos huesos del pie. Esta conservaci\u00f3n extraordinaria ofrece una oportunidad \u00fanica para comprender la anatom\u00eda funcional de este topo y sus adaptaciones ecol\u00f3gicas.<\/p>\n<p><a><\/a><\/p>\n<h2>Adaptado para nadar<\/h2>\n<p>El f\u00f3sil fue descubierto en 2010 durante las excavaciones sistem\u00e1ticas en Ca n\u2019Argilera, uno de los sectores del Camp dels Ninots, donde se trabaja de forma continuada desde 2003.<\/p>\n<p>Que este ejemplar se conservara en sedimentos lacustres y en posici\u00f3n lateral plantea la posibilidad de que tambi\u00e9n tuviera alguna capacidad de desplazamiento acu\u00e1tico<\/p>\n<p>La estructura del antebrazo y las extremidades anteriores del ejemplar muestra un alto grado de adaptaci\u00f3n a la vida subterr\u00e1nea. El h\u00famero es muy robusto, con crestas bien desarrolladas y grandes superficies de inserci\u00f3n muscular, mientras que las falanges apuntan a una gran eficacia excavadora.<\/p>\n<p>\u201cSin embargo, el hecho de que este ejemplar se conservara en sedimentos lacustres y en posici\u00f3n lateral plantea la posibilidad de que tambi\u00e9n tuviera alguna capacidad de desplazamiento acu\u00e1tico\u201d, se\u00f1ala la autora principal del estudio. \u201cA\u00fan no podemos afirmarlo con certeza, pero existen otros topos modernos altamente excavadores que tambi\u00e9n son buenos nadadores\u201d.<\/p>\n<p><a><\/a><\/p>\n<h2>Un yacimiento \u00fanico en Europa<\/h2>\n<p>El yacimiento paleontol\u00f3gico, situado en el municipio de Caldes de Malavella (La Selva, Gerona) se encuentra en el interior del cr\u00e1ter de un mar volc\u00e1nico del Plioceno, posteriormente rellenado por sedimentos lacustres depositados en condiciones an\u00f3xicas. Este entorno ha generado unas condiciones de preservaci\u00f3n excepcionales que han permitido conservar un registro f\u00f3sil rico, continuo y extraordinariamente bien conservado.<\/p>\n<p>La secuencia sedimentaria contiene una gran diversidad de restos de vertebrados (grandes mam\u00edferos, microfauna, aves, anfibios, reptiles y peces), macrorestos vegetales, polen y microorganismos. Destacan especialmente los esqueletos completos y en conexi\u00f3n anat\u00f3mica de grandes mam\u00edferos como Stephanorhinus jeanvireti, Alephis tigneresi y Tapirus arvernensis, este \u00faltimo representado por m\u00faltiples individuos de diferentes edades, con un alto valor morfol\u00f3gico y tafon\u00f3mico.<\/p>\n<p>Referencia<\/p>\n<p>Linares-Mart\u00edn, A., Furi\u00f3, M., G\u00f3mez de Soler, B.,\u00a0et al.\u00a0(2025). \u201cAn unexpected Scalopini mole (Talpidae, Mammalia) from the Pliocene of Europe sheds light on the phylogeny of talpids\u201d.\u00a0<a href=\"https:\/\/www.nature.com\/articles\/s41598-025-10396-1\" target=\"_blank\">\u00a0Scientific Reports\u00a0<\/a>(2025).<\/p>","protected":false},"excerpt":{"rendered":"<p>Un equipo liderado por el Institut Catal\u00e0 de Paleoecologia Humana i Evoluci\u00f3 Social (IPHES-CERCA) ha descrito un nuevo g\u00e9nero y especie de topo, hasta ahora desconocido para la ciencia, que vivi\u00f3 en el Plioceno (etapa entre hace 5,33 y 2,59 millones de a\u00f1os). En el estudio tambi\u00e9n han participado la Universitat Aut\u00f2noma de Barcelona (UAB) [&hellip;]<\/p>\n","protected":false},"author":5,"featured_media":0,"comment_status":"","ping_status":"","sticky":false,"template":"","format":"standard","meta":{"site-sidebar-layout":"default","site-content-layout":"","ast-site-content-layout":"default","site-content-style":"default","site-sidebar-style":"default","ast-global-header-display":"","ast-banner-title-visibility":"","ast-main-header-display":"","ast-hfb-above-header-display":"","ast-hfb-below-header-display":"","ast-hfb-mobile-header-display":"","site-post-title":"","ast-breadcrumbs-content":"","ast-featured-img":"","footer-sml-layout":"","ast-disable-related-posts":"","theme-transparent-header-meta":"","adv-header-id-meta":"","stick-header-meta":"","header-above-stick-meta":"","header-main-stick-meta":"","header-below-stick-meta":"","astra-migrate-meta-layouts":"default","ast-page-background-enabled":"default","ast-page-background-meta":{"desktop":{"background-color":"var(--ast-global-color-4)","background-image":"","background-repeat":"repeat","background-position":"center center","background-size":"auto","background-attachment":"scroll","background-type":"","background-media":"","overlay-type":"","overlay-color":"","overlay-opacity":"","overlay-gradient":""},"tablet":{"background-color":"","background-image":"","background-repeat":"repeat","background-position":"center center","background-size":"auto","background-attachment":"scroll","background-type":"","background-media":"","overlay-type":"","overlay-color":"","overlay-opacity":"","overlay-gradient":""},"mobile":{"background-color":"","background-image":"","background-repeat":"repeat","background-position":"center center","background-size":"auto","background-attachment":"scroll","background-type":"","background-media":"","overlay-type":"","overlay-color":"","overlay-opacity":"","overlay-gradient":""}},"ast-content-background-meta":{"desktop":{"background-color":"var(--ast-global-color-5)","background-image":"","background-repeat":"repeat","background-position":"center center","background-size":"auto","background-attachment":"scroll","background-type":"","background-media":"","overlay-type":"","overlay-color":"","overlay-opacity":"","overlay-gradient":""},"tablet":{"background-color":"var(--ast-global-color-5)","background-image":"","background-repeat":"repeat","background-position":"center center","background-size":"auto","background-attachment":"scroll","background-type":"","background-media":"","overlay-type":"","overlay-color":"","overlay-opacity":"","overlay-gradient":""},"mobile":{"background-color":"var(--ast-global-color-5)","background-image":"","background-repeat":"repeat","background-position":"center center","background-size":"auto","background-attachment":"scroll","background-type":"","background-media":"","overlay-type":"","overlay-color":"","overlay-opacity":"","overlay-gradient":""}},"footnotes":""},"categories":[5],"tags":[],"class_list":["post-153999","post","type-post","status-publish","format-standard","hentry","category-noticias"],"yoast_head":"<!-- This site is optimized with the Yoast SEO Premium plugin v20.9 (Yoast SEO v27.4) - https:\/\/yoast.com\/product\/yoast-seo-premium-wordpress\/ -->\n<title>El f\u00f3sil de un nuevo g\u00e9nero de topo plantea nuevos escenarios evolutivos - bip4ex<\/title>\n<meta name=\"robots\" content=\"index, follow, max-snippet:-1, max-image-preview:large, max-video-preview:-1\" \/>\n<link rel=\"canonical\" href=\"https:\/\/helloproject.es\/vigilancia\/el-fosil-de-un-nuevo-genero-de-topo-plantea-nuevos-escenarios-evolutivos\/\" \/>\n<meta property=\"og:locale\" content=\"es_ES\" \/>\n<meta property=\"og:type\" content=\"article\" \/>\n<meta property=\"og:title\" content=\"El f\u00f3sil de un nuevo g\u00e9nero de topo plantea nuevos escenarios evolutivos\" \/>\n<meta property=\"og:description\" content=\"Un equipo liderado por el Institut Catal\u00e0 de Paleoecologia Humana i Evoluci\u00f3 Social (IPHES-CERCA) ha descrito un nuevo g\u00e9nero y especie de topo, hasta ahora desconocido para la ciencia, que vivi\u00f3 en el Plioceno (etapa entre hace 5,33 y 2,59 millones de a\u00f1os). En el estudio tambi\u00e9n han participado la Universitat Aut\u00f2noma de Barcelona (UAB) [&hellip;]\" \/>\n<meta property=\"og:url\" content=\"https:\/\/helloproject.es\/vigilancia\/el-fosil-de-un-nuevo-genero-de-topo-plantea-nuevos-escenarios-evolutivos\/\" \/>\n<meta property=\"og:site_name\" content=\"bip4ex\" \/>\n<meta property=\"article:published_time\" content=\"2025-07-15T07:28:30+00:00\" \/>\n<meta property=\"og:image\" content=\"https:\/\/cdn.agenciasinc.es\/var\/ezwebin_site\/storage\/images\/_aliases\/img_1col\/media\/images\/trabajos-de-excavacion-de-los-restos-de-vulcanoscaptor-ninoti-en-el-yacimiento-del-camp-dels-ninots.-momento-del-hallazgo.-iphes-cerca-gerard-campeny\/12328142-1-esl-MX\/Trabajos-de-excavacion-de-los-restos-de-Vulcanoscaptor-ninoti-en-el-yacimiento-del-Camp-dels-Ninots.-Momento-del-hallazgo.-IPHES-CERCA-Gerard-C.jpg\" \/>\n<meta name=\"author\" content=\"Luis Miguel Mej\u00edas Ramos\" \/>\n<meta name=\"twitter:card\" content=\"summary_large_image\" \/>\n<meta name=\"twitter:label1\" content=\"Escrito por\" \/>\n\t<meta name=\"twitter:data1\" content=\"Luis Miguel Mej\u00edas Ramos\" \/>\n\t<meta name=\"twitter:label2\" content=\"Tiempo de lectura\" \/>\n\t<meta name=\"twitter:data2\" content=\"6 minutos\" \/>\n<script type=\"application\/ld+json\" class=\"yoast-schema-graph\">{\"@context\":\"https:\\\/\\\/schema.org\",\"@graph\":[{\"@type\":\"Article\",\"@id\":\"https:\\\/\\\/helloproject.es\\\/vigilancia\\\/el-fosil-de-un-nuevo-genero-de-topo-plantea-nuevos-escenarios-evolutivos\\\/#article\",\"isPartOf\":{\"@id\":\"https:\\\/\\\/helloproject.es\\\/vigilancia\\\/el-fosil-de-un-nuevo-genero-de-topo-plantea-nuevos-escenarios-evolutivos\\\/\"},\"author\":{\"name\":\"Luis Miguel Mej\u00edas Ramos\",\"@id\":\"https:\\\/\\\/helloproject.es\\\/vigilancia\\\/#\\\/schema\\\/person\\\/3767b0619d59a11570372c821f8619ca\"},\"headline\":\"El f\u00f3sil de un nuevo g\u00e9nero de topo plantea nuevos escenarios evolutivos\",\"datePublished\":\"2025-07-15T07:28:30+00:00\",\"mainEntityOfPage\":{\"@id\":\"https:\\\/\\\/helloproject.es\\\/vigilancia\\\/el-fosil-de-un-nuevo-genero-de-topo-plantea-nuevos-escenarios-evolutivos\\\/\"},\"wordCount\":1119,\"publisher\":{\"@id\":\"https:\\\/\\\/helloproject.es\\\/vigilancia\\\/#organization\"},\"image\":{\"@id\":\"https:\\\/\\\/helloproject.es\\\/vigilancia\\\/el-fosil-de-un-nuevo-genero-de-topo-plantea-nuevos-escenarios-evolutivos\\\/#primaryimage\"},\"thumbnailUrl\":\"https:\\\/\\\/cdn.agenciasinc.es\\\/var\\\/ezwebin_site\\\/storage\\\/images\\\/_aliases\\\/img_1col\\\/media\\\/images\\\/trabajos-de-excavacion-de-los-restos-de-vulcanoscaptor-ninoti-en-el-yacimiento-del-camp-dels-ninots.-momento-del-hallazgo.-iphes-cerca-gerard-campeny\\\/12328142-1-esl-MX\\\/Trabajos-de-excavacion-de-los-restos-de-Vulcanoscaptor-ninoti-en-el-yacimiento-del-Camp-dels-Ninots.-Momento-del-hallazgo.-IPHES-CERCA-Gerard-C.jpg\",\"articleSection\":[\"Noticias\"],\"inLanguage\":\"es\"},{\"@type\":\"WebPage\",\"@id\":\"https:\\\/\\\/helloproject.es\\\/vigilancia\\\/el-fosil-de-un-nuevo-genero-de-topo-plantea-nuevos-escenarios-evolutivos\\\/\",\"url\":\"https:\\\/\\\/helloproject.es\\\/vigilancia\\\/el-fosil-de-un-nuevo-genero-de-topo-plantea-nuevos-escenarios-evolutivos\\\/\",\"name\":\"El f\u00f3sil de un nuevo g\u00e9nero de topo plantea nuevos escenarios evolutivos - bip4ex\",\"isPartOf\":{\"@id\":\"https:\\\/\\\/helloproject.es\\\/vigilancia\\\/#website\"},\"primaryImageOfPage\":{\"@id\":\"https:\\\/\\\/helloproject.es\\\/vigilancia\\\/el-fosil-de-un-nuevo-genero-de-topo-plantea-nuevos-escenarios-evolutivos\\\/#primaryimage\"},\"image\":{\"@id\":\"https:\\\/\\\/helloproject.es\\\/vigilancia\\\/el-fosil-de-un-nuevo-genero-de-topo-plantea-nuevos-escenarios-evolutivos\\\/#primaryimage\"},\"thumbnailUrl\":\"https:\\\/\\\/cdn.agenciasinc.es\\\/var\\\/ezwebin_site\\\/storage\\\/images\\\/_aliases\\\/img_1col\\\/media\\\/images\\\/trabajos-de-excavacion-de-los-restos-de-vulcanoscaptor-ninoti-en-el-yacimiento-del-camp-dels-ninots.-momento-del-hallazgo.-iphes-cerca-gerard-campeny\\\/12328142-1-esl-MX\\\/Trabajos-de-excavacion-de-los-restos-de-Vulcanoscaptor-ninoti-en-el-yacimiento-del-Camp-dels-Ninots.-Momento-del-hallazgo.-IPHES-CERCA-Gerard-C.jpg\",\"datePublished\":\"2025-07-15T07:28:30+00:00\",\"breadcrumb\":{\"@id\":\"https:\\\/\\\/helloproject.es\\\/vigilancia\\\/el-fosil-de-un-nuevo-genero-de-topo-plantea-nuevos-escenarios-evolutivos\\\/#breadcrumb\"},\"inLanguage\":\"es\",\"potentialAction\":[{\"@type\":\"ReadAction\",\"target\":[\"https:\\\/\\\/helloproject.es\\\/vigilancia\\\/el-fosil-de-un-nuevo-genero-de-topo-plantea-nuevos-escenarios-evolutivos\\\/\"]}]},{\"@type\":\"ImageObject\",\"inLanguage\":\"es\",\"@id\":\"https:\\\/\\\/helloproject.es\\\/vigilancia\\\/el-fosil-de-un-nuevo-genero-de-topo-plantea-nuevos-escenarios-evolutivos\\\/#primaryimage\",\"url\":\"https:\\\/\\\/cdn.agenciasinc.es\\\/var\\\/ezwebin_site\\\/storage\\\/images\\\/_aliases\\\/img_1col\\\/media\\\/images\\\/trabajos-de-excavacion-de-los-restos-de-vulcanoscaptor-ninoti-en-el-yacimiento-del-camp-dels-ninots.-momento-del-hallazgo.-iphes-cerca-gerard-campeny\\\/12328142-1-esl-MX\\\/Trabajos-de-excavacion-de-los-restos-de-Vulcanoscaptor-ninoti-en-el-yacimiento-del-Camp-dels-Ninots.-Momento-del-hallazgo.-IPHES-CERCA-Gerard-C.jpg\",\"contentUrl\":\"https:\\\/\\\/cdn.agenciasinc.es\\\/var\\\/ezwebin_site\\\/storage\\\/images\\\/_aliases\\\/img_1col\\\/media\\\/images\\\/trabajos-de-excavacion-de-los-restos-de-vulcanoscaptor-ninoti-en-el-yacimiento-del-camp-dels-ninots.-momento-del-hallazgo.-iphes-cerca-gerard-campeny\\\/12328142-1-esl-MX\\\/Trabajos-de-excavacion-de-los-restos-de-Vulcanoscaptor-ninoti-en-el-yacimiento-del-Camp-dels-Ninots.-Momento-del-hallazgo.-IPHES-CERCA-Gerard-C.jpg\"},{\"@type\":\"BreadcrumbList\",\"@id\":\"https:\\\/\\\/helloproject.es\\\/vigilancia\\\/el-fosil-de-un-nuevo-genero-de-topo-plantea-nuevos-escenarios-evolutivos\\\/#breadcrumb\",\"itemListElement\":[{\"@type\":\"ListItem\",\"position\":1,\"name\":\"Home\",\"item\":\"https:\\\/\\\/helloproject.es\\\/vigilancia\\\/\"},{\"@type\":\"ListItem\",\"position\":2,\"name\":\"El f\u00f3sil de un nuevo g\u00e9nero de topo plantea nuevos escenarios evolutivos\"}]},{\"@type\":\"WebSite\",\"@id\":\"https:\\\/\\\/helloproject.es\\\/vigilancia\\\/#website\",\"url\":\"https:\\\/\\\/helloproject.es\\\/vigilancia\\\/\",\"name\":\"bip4ex\",\"description\":\"Vigilancia Tecnol\u00f3gica\",\"publisher\":{\"@id\":\"https:\\\/\\\/helloproject.es\\\/vigilancia\\\/#organization\"},\"potentialAction\":[{\"@type\":\"SearchAction\",\"target\":{\"@type\":\"EntryPoint\",\"urlTemplate\":\"https:\\\/\\\/helloproject.es\\\/vigilancia\\\/?s={search_term_string}\"},\"query-input\":{\"@type\":\"PropertyValueSpecification\",\"valueRequired\":true,\"valueName\":\"search_term_string\"}}],\"inLanguage\":\"es\"},{\"@type\":\"Organization\",\"@id\":\"https:\\\/\\\/helloproject.es\\\/vigilancia\\\/#organization\",\"name\":\"Helloproject.es\",\"url\":\"https:\\\/\\\/helloproject.es\\\/vigilancia\\\/\",\"logo\":{\"@type\":\"ImageObject\",\"inLanguage\":\"es\",\"@id\":\"https:\\\/\\\/helloproject.es\\\/vigilancia\\\/#\\\/schema\\\/logo\\\/image\\\/\",\"url\":\"https:\\\/\\\/helloproject.es\\\/vigilancia\\\/wp-content\\\/uploads\\\/2023\\\/07\\\/bip4ex.png\",\"contentUrl\":\"https:\\\/\\\/helloproject.es\\\/vigilancia\\\/wp-content\\\/uploads\\\/2023\\\/07\\\/bip4ex.png\",\"width\":322,\"height\":365,\"caption\":\"Helloproject.es\"},\"image\":{\"@id\":\"https:\\\/\\\/helloproject.es\\\/vigilancia\\\/#\\\/schema\\\/logo\\\/image\\\/\"}},{\"@type\":\"Person\",\"@id\":\"https:\\\/\\\/helloproject.es\\\/vigilancia\\\/#\\\/schema\\\/person\\\/3767b0619d59a11570372c821f8619ca\",\"name\":\"Luis Miguel Mej\u00edas Ramos\",\"url\":\"https:\\\/\\\/helloproject.es\\\/vigilancia\\\/author\\\/luismi\\\/\"}]}<\/script>\n<!-- \/ Yoast SEO Premium plugin. -->","yoast_head_json":{"title":"El f\u00f3sil de un nuevo g\u00e9nero de topo plantea nuevos escenarios evolutivos - bip4ex","robots":{"index":"index","follow":"follow","max-snippet":"max-snippet:-1","max-image-preview":"max-image-preview:large","max-video-preview":"max-video-preview:-1"},"canonical":"https:\/\/helloproject.es\/vigilancia\/el-fosil-de-un-nuevo-genero-de-topo-plantea-nuevos-escenarios-evolutivos\/","og_locale":"es_ES","og_type":"article","og_title":"El f\u00f3sil de un nuevo g\u00e9nero de topo plantea nuevos escenarios evolutivos","og_description":"Un equipo liderado por el Institut Catal\u00e0 de Paleoecologia Humana i Evoluci\u00f3 Social (IPHES-CERCA) ha descrito un nuevo g\u00e9nero y especie de topo, hasta ahora desconocido para la ciencia, que vivi\u00f3 en el Plioceno (etapa entre hace 5,33 y 2,59 millones de a\u00f1os). En el estudio tambi\u00e9n han participado la Universitat Aut\u00f2noma de Barcelona (UAB) [&hellip;]","og_url":"https:\/\/helloproject.es\/vigilancia\/el-fosil-de-un-nuevo-genero-de-topo-plantea-nuevos-escenarios-evolutivos\/","og_site_name":"bip4ex","article_published_time":"2025-07-15T07:28:30+00:00","og_image":[{"url":"https:\/\/cdn.agenciasinc.es\/var\/ezwebin_site\/storage\/images\/_aliases\/img_1col\/media\/images\/trabajos-de-excavacion-de-los-restos-de-vulcanoscaptor-ninoti-en-el-yacimiento-del-camp-dels-ninots.-momento-del-hallazgo.-iphes-cerca-gerard-campeny\/12328142-1-esl-MX\/Trabajos-de-excavacion-de-los-restos-de-Vulcanoscaptor-ninoti-en-el-yacimiento-del-Camp-dels-Ninots.-Momento-del-hallazgo.-IPHES-CERCA-Gerard-C.jpg","type":"","width":"","height":""}],"author":"Luis Miguel Mej\u00edas Ramos","twitter_card":"summary_large_image","twitter_misc":{"Escrito por":"Luis Miguel Mej\u00edas Ramos","Tiempo de lectura":"6 minutos"},"schema":{"@context":"https:\/\/schema.org","@graph":[{"@type":"Article","@id":"https:\/\/helloproject.es\/vigilancia\/el-fosil-de-un-nuevo-genero-de-topo-plantea-nuevos-escenarios-evolutivos\/#article","isPartOf":{"@id":"https:\/\/helloproject.es\/vigilancia\/el-fosil-de-un-nuevo-genero-de-topo-plantea-nuevos-escenarios-evolutivos\/"},"author":{"name":"Luis Miguel Mej\u00edas Ramos","@id":"https:\/\/helloproject.es\/vigilancia\/#\/schema\/person\/3767b0619d59a11570372c821f8619ca"},"headline":"El f\u00f3sil de un nuevo g\u00e9nero de topo plantea nuevos escenarios evolutivos","datePublished":"2025-07-15T07:28:30+00:00","mainEntityOfPage":{"@id":"https:\/\/helloproject.es\/vigilancia\/el-fosil-de-un-nuevo-genero-de-topo-plantea-nuevos-escenarios-evolutivos\/"},"wordCount":1119,"publisher":{"@id":"https:\/\/helloproject.es\/vigilancia\/#organization"},"image":{"@id":"https:\/\/helloproject.es\/vigilancia\/el-fosil-de-un-nuevo-genero-de-topo-plantea-nuevos-escenarios-evolutivos\/#primaryimage"},"thumbnailUrl":"https:\/\/cdn.agenciasinc.es\/var\/ezwebin_site\/storage\/images\/_aliases\/img_1col\/media\/images\/trabajos-de-excavacion-de-los-restos-de-vulcanoscaptor-ninoti-en-el-yacimiento-del-camp-dels-ninots.-momento-del-hallazgo.-iphes-cerca-gerard-campeny\/12328142-1-esl-MX\/Trabajos-de-excavacion-de-los-restos-de-Vulcanoscaptor-ninoti-en-el-yacimiento-del-Camp-dels-Ninots.-Momento-del-hallazgo.-IPHES-CERCA-Gerard-C.jpg","articleSection":["Noticias"],"inLanguage":"es"},{"@type":"WebPage","@id":"https:\/\/helloproject.es\/vigilancia\/el-fosil-de-un-nuevo-genero-de-topo-plantea-nuevos-escenarios-evolutivos\/","url":"https:\/\/helloproject.es\/vigilancia\/el-fosil-de-un-nuevo-genero-de-topo-plantea-nuevos-escenarios-evolutivos\/","name":"El f\u00f3sil de un nuevo g\u00e9nero de topo plantea nuevos escenarios evolutivos - bip4ex","isPartOf":{"@id":"https:\/\/helloproject.es\/vigilancia\/#website"},"primaryImageOfPage":{"@id":"https:\/\/helloproject.es\/vigilancia\/el-fosil-de-un-nuevo-genero-de-topo-plantea-nuevos-escenarios-evolutivos\/#primaryimage"},"image":{"@id":"https:\/\/helloproject.es\/vigilancia\/el-fosil-de-un-nuevo-genero-de-topo-plantea-nuevos-escenarios-evolutivos\/#primaryimage"},"thumbnailUrl":"https:\/\/cdn.agenciasinc.es\/var\/ezwebin_site\/storage\/images\/_aliases\/img_1col\/media\/images\/trabajos-de-excavacion-de-los-restos-de-vulcanoscaptor-ninoti-en-el-yacimiento-del-camp-dels-ninots.-momento-del-hallazgo.-iphes-cerca-gerard-campeny\/12328142-1-esl-MX\/Trabajos-de-excavacion-de-los-restos-de-Vulcanoscaptor-ninoti-en-el-yacimiento-del-Camp-dels-Ninots.-Momento-del-hallazgo.-IPHES-CERCA-Gerard-C.jpg","datePublished":"2025-07-15T07:28:30+00:00","breadcrumb":{"@id":"https:\/\/helloproject.es\/vigilancia\/el-fosil-de-un-nuevo-genero-de-topo-plantea-nuevos-escenarios-evolutivos\/#breadcrumb"},"inLanguage":"es","potentialAction":[{"@type":"ReadAction","target":["https:\/\/helloproject.es\/vigilancia\/el-fosil-de-un-nuevo-genero-de-topo-plantea-nuevos-escenarios-evolutivos\/"]}]},{"@type":"ImageObject","inLanguage":"es","@id":"https:\/\/helloproject.es\/vigilancia\/el-fosil-de-un-nuevo-genero-de-topo-plantea-nuevos-escenarios-evolutivos\/#primaryimage","url":"https:\/\/cdn.agenciasinc.es\/var\/ezwebin_site\/storage\/images\/_aliases\/img_1col\/media\/images\/trabajos-de-excavacion-de-los-restos-de-vulcanoscaptor-ninoti-en-el-yacimiento-del-camp-dels-ninots.-momento-del-hallazgo.-iphes-cerca-gerard-campeny\/12328142-1-esl-MX\/Trabajos-de-excavacion-de-los-restos-de-Vulcanoscaptor-ninoti-en-el-yacimiento-del-Camp-dels-Ninots.-Momento-del-hallazgo.-IPHES-CERCA-Gerard-C.jpg","contentUrl":"https:\/\/cdn.agenciasinc.es\/var\/ezwebin_site\/storage\/images\/_aliases\/img_1col\/media\/images\/trabajos-de-excavacion-de-los-restos-de-vulcanoscaptor-ninoti-en-el-yacimiento-del-camp-dels-ninots.-momento-del-hallazgo.-iphes-cerca-gerard-campeny\/12328142-1-esl-MX\/Trabajos-de-excavacion-de-los-restos-de-Vulcanoscaptor-ninoti-en-el-yacimiento-del-Camp-dels-Ninots.-Momento-del-hallazgo.-IPHES-CERCA-Gerard-C.jpg"},{"@type":"BreadcrumbList","@id":"https:\/\/helloproject.es\/vigilancia\/el-fosil-de-un-nuevo-genero-de-topo-plantea-nuevos-escenarios-evolutivos\/#breadcrumb","itemListElement":[{"@type":"ListItem","position":1,"name":"Home","item":"https:\/\/helloproject.es\/vigilancia\/"},{"@type":"ListItem","position":2,"name":"El f\u00f3sil de un nuevo g\u00e9nero de topo plantea nuevos escenarios evolutivos"}]},{"@type":"WebSite","@id":"https:\/\/helloproject.es\/vigilancia\/#website","url":"https:\/\/helloproject.es\/vigilancia\/","name":"bip4ex","description":"Vigilancia Tecnol\u00f3gica","publisher":{"@id":"https:\/\/helloproject.es\/vigilancia\/#organization"},"potentialAction":[{"@type":"SearchAction","target":{"@type":"EntryPoint","urlTemplate":"https:\/\/helloproject.es\/vigilancia\/?s={search_term_string}"},"query-input":{"@type":"PropertyValueSpecification","valueRequired":true,"valueName":"search_term_string"}}],"inLanguage":"es"},{"@type":"Organization","@id":"https:\/\/helloproject.es\/vigilancia\/#organization","name":"Helloproject.es","url":"https:\/\/helloproject.es\/vigilancia\/","logo":{"@type":"ImageObject","inLanguage":"es","@id":"https:\/\/helloproject.es\/vigilancia\/#\/schema\/logo\/image\/","url":"https:\/\/helloproject.es\/vigilancia\/wp-content\/uploads\/2023\/07\/bip4ex.png","contentUrl":"https:\/\/helloproject.es\/vigilancia\/wp-content\/uploads\/2023\/07\/bip4ex.png","width":322,"height":365,"caption":"Helloproject.es"},"image":{"@id":"https:\/\/helloproject.es\/vigilancia\/#\/schema\/logo\/image\/"}},{"@type":"Person","@id":"https:\/\/helloproject.es\/vigilancia\/#\/schema\/person\/3767b0619d59a11570372c821f8619ca","name":"Luis Miguel Mej\u00edas Ramos","url":"https:\/\/helloproject.es\/vigilancia\/author\/luismi\/"}]}},"_links":{"self":[{"href":"https:\/\/helloproject.es\/vigilancia\/wp-json\/wp\/v2\/posts\/153999","targetHints":{"allow":["GET"]}}],"collection":[{"href":"https:\/\/helloproject.es\/vigilancia\/wp-json\/wp\/v2\/posts"}],"about":[{"href":"https:\/\/helloproject.es\/vigilancia\/wp-json\/wp\/v2\/types\/post"}],"author":[{"embeddable":true,"href":"https:\/\/helloproject.es\/vigilancia\/wp-json\/wp\/v2\/users\/5"}],"replies":[{"embeddable":true,"href":"https:\/\/helloproject.es\/vigilancia\/wp-json\/wp\/v2\/comments?post=153999"}],"version-history":[{"count":0,"href":"https:\/\/helloproject.es\/vigilancia\/wp-json\/wp\/v2\/posts\/153999\/revisions"}],"wp:attachment":[{"href":"https:\/\/helloproject.es\/vigilancia\/wp-json\/wp\/v2\/media?parent=153999"}],"wp:term":[{"taxonomy":"category","embeddable":true,"href":"https:\/\/helloproject.es\/vigilancia\/wp-json\/wp\/v2\/categories?post=153999"},{"taxonomy":"post_tag","embeddable":true,"href":"https:\/\/helloproject.es\/vigilancia\/wp-json\/wp\/v2\/tags?post=153999"}],"curies":[{"name":"wp","href":"https:\/\/api.w.org\/{rel}","templated":true}]}}