{"id":156402,"date":"2025-07-18T09:28:51","date_gmt":"2025-07-18T08:28:51","guid":{"rendered":"https:\/\/helloproject.es\/vigilancia\/convocatoria-2025-orden-iso-12-2025\/"},"modified":"2025-07-18T09:28:51","modified_gmt":"2025-07-18T08:28:51","slug":"convocatoria-2025-orden-iso-12-2025","status":"publish","type":"post","link":"https:\/\/helloproject.es\/vigilancia\/convocatoria-2025-orden-iso-12-2025\/","title":{"rendered":"CONVOCATORIA 2025 Orden ISO\/12\/2025"},"content":{"rendered":"<div class=\"ayuda_subvencion plantillas\">\n<div class=\"portlet-topper\">\n\t\t\t    <strong class=\"sr-only\">Subvencion:<\/strong>\n<h2 class=\"portlet-title\">CONVOCATORIA 2025 Orden ISO\/12\/2025<\/h2>\n<\/div>\n<div class=\"iconosTramitacion\">\n<p>\t\t\t\t\t<a href=\"https:\/\/rec.cantabria.es\/rec\/auth\/prepare-cert-login.htm?forward=ISO-I-012-2025\" title=\"Con certificado\"><img decoding=\"async\" src=\"https:\/\/www.cantabria.es\/documents\/26427\/21881598\/DNIe.jpg\/01f4c245-cfe3-9563-9845-0e0f97e7f720?t=1648806919369\" alt=\"\" aria-hidden=\"true\" \/><span class=\"sr-only\">Con certificado<\/span><\/a><\/p>\n<p>\t\t\t<a target=\"_blank\" href=\"https:\/\/sede.cantabria.es\/sede\/ayuda\/012-telefono-de-atencion-administrativa\" title=\"Servicio telef\u00f3nico 012 de atenci\u00f3n al ciudadano de Cantabria\"><img decoding=\"async\" src=\"https:\/\/www.cantabria.es\/documents\/26427\/21881598\/012.jpg\/d4445702-c7cf-c44a-3ce9-b0288c1d9b9a?t=1648806893827\" alt=\"\" aria-hidden=\"true\" \/><span class=\"sr-only\">Servicio telef\u00f3nico 012 de atenci\u00f3n al ciudadano de Cantabria<\/span><\/a>\n\t\t<\/p><\/div>\n<h3>Descripci\u00f3n:<\/h3>\n<p><span>Resoluci\u00f3n de 14 de julio de 2025, de la Consejera de Inclusi\u00f3n Social, Juventud, Familias e Igualdad, por la que se convocan subvenciones a entidades sin \u00e1nimo de lucro, en r\u00e9gimen de concurrencia competitiva, destinadas a la realizaci\u00f3n de proyectos de ocio inclusivo para la poblaci\u00f3n joven de Cantabria.<\/span><\/p>\n<h3>Bolet\u00edn Oficial de Cantabria<\/h3>\n<p><span>N\u00famero BOC: 138 Extracto Convocatoria<\/span><\/p>\n<p><span>Fecha BOC: 18\/07\/2025<\/span><\/p>\n<p>\n\t\t\t\t\t<span><br \/>\n\t\t\t\t\t\t<a href=\"https:\/\/boc.cantabria.es\/boces\/verAnuncioAction.do?idAnuBlob=422800\" target=\"_blank\" rel=\"noopener noreferrer\">Enlace BOC<\/a><\/span><\/p>\n<p>\t\t\t\t\t\n\t\t\t\t<\/p>\n<h3>Fecha inicio plazo presentaci\u00f3n:<\/h3>\n<p><span>21\/07\/2025<\/span><\/p>\n<h3>Fecha finalizaci\u00f3n plazo presentaci\u00f3n:<\/h3>\n<p><span>20\/08\/2025<\/span><\/p>\n<h3>Beneficiarios:<\/h3>\n<div>\n<p>Podr\u00e1n acogerse a las subvenciones reguladas en las presentes basas las <strong>entidades <\/strong>que cumplan, en el momento de finalizaci\u00f3n del plazo de presentaci\u00f3n de solicitudes, los siguientes <strong>requisitos<\/strong>:<\/p>\n<ol start=\"1\">\n<li><strong>Carecer de \u00e1nimo de lucro<\/strong>.<\/li>\n<li>Tener personalidad jur\u00eddica.<\/li>\n<li>Estar inscritas en el registro que legalmente proceda.<\/li>\n<li>Tener sede y desarrollar su actividad en la comunidad aut\u00f3noma de Cantabria.<\/li>\n<li>Recoger en sus estatutos, como objeto o fin de su actividad, la intervenci\u00f3n en el \u00e1mbito de la discapacidad o la atenci\u00f3n a la dependencia.<\/li>\n<\/ol>\n<\/div>\n<h3>Documentaci\u00f3n a adjuntar:<\/h3>\n<div>\n<p>Junto con la solicitud formulada en el modelo del <strong>Anexo I,<\/strong> el solicitante tiene que aportar la siguiente documentaci\u00f3n:<\/p>\n<ul>\n<li><strong>Proyecto <\/strong>de <strong>actividades <\/strong>de <strong>ocio inclusivo<\/strong> de car\u00e1cter l\u00fadico y recreativo, que incluya justificaci\u00f3n, objetivos, programa de actividades, destinatarios, temporalizaci\u00f3n, recursos humanos, recursos materiales y evaluaci\u00f3n, y lugar de realizaci\u00f3n, indicando expresamente si la actividad es con pernocta o sin pernocta.<\/li>\n<\/ul>\n<p>El proyecto ocupar\u00e1 un m\u00e1ximo de treinta hojas tama\u00f1o A4 escritas a doble cara, utilizando letra del tipo Arial tama\u00f1o 12 e interlineado sencillo y m\u00e1rgenes de 2,5 cm., debi\u00e9ndose presentar en el modelo que se recoge en al Anexo II de esta convocatoria y conforme al siguiente \u00edndice:<\/p>\n<ol start=\"1\">\n<li>Denominaci\u00f3n de la entidad, con indicaci\u00f3n del registro en que se encuentra inscrita.<\/li>\n<li>Fines estatutarios.<\/li>\n<li>Denominaci\u00f3n del proyecto.<\/li>\n<li>Objetivos.<\/li>\n<li>Colectivo juvenil al que va dirigido.<\/li>\n<li>Actividades a realizar, especificando su duraci\u00f3n y si son o no con pernocta.<\/li>\n<li>Planificaci\u00f3n de las actividades, previsi\u00f3n de fecha de inicio y finalizaci\u00f3n de la actividad, localidad y lugar de celebraci\u00f3n y caracter\u00edsticas a destacar.<\/li>\n<li>Previsi\u00f3n del n\u00famero total de j\u00f3venes beneficiarios del proyecto, diferenciando entre j\u00f3venes con dependencia y sin dependencia reconocida.<\/li>\n<li>Previsi\u00f3n de organizaci\u00f3n del transporte, alojamiento y manutenci\u00f3n de los participantes, en su caso.<\/li>\n<li>Presupuesto del proyecto. En este apartado se presentar\u00e1 un presupuesto detallado por cada actividad del proyecto. Asimismo, se presentar\u00e1 un presupuesto total del proyecto, que ser\u00e1 el resultado de la suma de los presupuestos de cada actividad, y su forma de financiaci\u00f3n, diferenciando entre los recursos aportados por la entidad como propios de los obtenidos de fuentes ajenas, con expresi\u00f3n de las mismas, as\u00ed como el importe de la subvenci\u00f3n solicitada.<\/li>\n<\/ol>\n<p>\u00a0 \u00a0 \u00a0 \u00a0 \u00a0El presupuesto total del proyecto estar\u00e1 sujeto a las siguientes restricciones:<\/p>\n<ul>\n<li>La subvenci\u00f3n solicitada no podr\u00e1 superar el m\u00e1ximo establecido en esta resoluci\u00f3n.<\/li>\n<li>En el presupuesto deber\u00e1n incluirse \u00fanicamente gastos subvencionables conforme a lo establecido en esta resoluci\u00f3n.<\/li>\n<li><strong>Estatutos <\/strong>o <strong>documento an\u00e1logo <\/strong>de la entidad, debiendo constar sus fines y domicilio social, y acreditaci\u00f3n de la representaci\u00f3n legal de la persona que act\u00fae en nombre de la entidad.<\/li>\n<\/ul>\n<p>En el <strong>supuesto <\/strong>de <strong>oposici\u00f3n <\/strong>del representante legal a que la administraci\u00f3n pueda <strong>recabar <\/strong>sus <strong>datos <\/strong>a trav\u00e9s del Sistema Estatal de <strong>Verificaci\u00f3n de Datos de Identida<\/strong>d, de estar al corriente la entidad con sus <strong>obligaciones <\/strong>ante las <strong>Hacienda p\u00fablicas, Estatal y Auton\u00f3mic<\/strong>a, y ante la <strong>Tesorer\u00eda General de la Seguridad Socia<\/strong>l, aquel deber\u00e1 <strong>aportar <\/strong>la fotocopia del <strong>DNI<\/strong> en vigor a la fecha de presentaci\u00f3n de la solicitud y los <strong>certificados <\/strong>de <strong>estar al corriente <\/strong>la entidad con sus <strong>obligaciones tributaria<\/strong>s y de <strong>Seguridad Socia<\/strong>l.<\/p>\n<p>\u00a0<\/p>\n<\/div>\n<h3>Anexos:<\/h3>\n<ul>\n<li>\n\t\t\t\t\t\t\t\t<span class=\"fa fa-file-word-o fa-lg\" aria-hidden=\"true\"><\/span><br \/>\n\t\t\t\t\t\t\t\t<a href=\"https:\/\/www.cantabria.es\/documents\/16401\/89243349\/SOLICITUD+CONVC+2025+ORDEN+ISO-012-2025.doc\/c170cf71-b3d9-5dee-7c74-ba0f9cd0d9cc?t=1752741666970\" target=\"_blank\" rel=\"noopener noreferrer\">Modelo de Solicitud<\/a>\n<\/li>\n<li>\n\t\t\t\t\t\t\t\t<span class=\"fa fa-file-archive-o fa-lg\" aria-hidden=\"true\"><\/span><br \/>\n\t\t\t\t\t\t\t\t<a href=\"https:\/\/www.cantabria.es\/documents\/16401\/89243349\/ANEXOS+CONVC+2025+ORDEN+ISO-012-2025.zip\/ea65be99-db83-18ca-3919-d964dc11f5f9?t=1752741666203\" target=\"_blank\" rel=\"noopener noreferrer\">Anexos<\/a>\n<\/li>\n<\/ul>\n<h3>Lugar presentaci\u00f3n :<\/h3>\n<div>\n<p>Las <strong>personas jur\u00eddicas<\/strong> y dem\u00e1s sujetos recogidos en el art\u00edculo 14.2 de la ley 39\/2015, de 1 de octubre, del procedimiento administrativo com\u00fan de las administraciones p\u00fablicas, <strong>est\u00e1n obligados <\/strong>a presentar sus solicitudes a trav\u00e9s del <a href=\"https:\/\/rec.cantabria.es\/rec\/bienvenida.htm\"><strong>Registro Electr\u00f3nico General<\/strong> <\/a>de la Administraci\u00f3n de la Comunidad Aut\u00f3noma de Cantabria en la direcci\u00f3n electr\u00f3nica \u00absede.cantabria.es\u00bb.<\/p>\n<p>Las solicitudes deber\u00e1n presentarse en modelo oficial, <strong>firmadas electr\u00f3nicamente<\/strong> por el <strong>representante legal <\/strong>de la <strong>entidad <\/strong>solicitante.<\/p>\n<\/div>\n<h3>\u00d3rgano tramitador:<\/h3>\n<div>\n\t\t\t\tDirecci\u00f3n: \n<p><strong>DIRECCI\u00d3N GENERAL DE JUVENTUD, COOPERACI\u00d3N AL DESARROLLO Y VOLUNTARIADO (C\u00d3DIGO DIR3 O00022772 \u2013 A06045080)<\/strong><\/p>\n<p>C\/ Valliciergo 8 &#8211; 39003 Santander<\/p>\n<\/div>\n<p><span>Tel\u00e9fono: 942 20 80 14<\/span><\/p>\n<h3>Enlaces:<\/h3>\n<ul>\n<li><a href=\"https:\/\/boc.cantabria.es\/boces\/verAnuncioAction.do?idAnuBlob=421609\" target=\"_blank\" rel=\"noopener noreferrer\">Orden ISO\/12\/2025, de 16 de junio, por la que se aprueban las bases reguladoras para la concesi\u00f3n de subvenciones a Entidades sin \u00e1nimo de lucro, en r\u00e9gimen de concurrencia competitiva, destinadas a la realizaci\u00f3n de proyectos de ocio inclusivo <\/a><\/li>\n<li><a href=\"https:\/\/boc.cantabria.es\/boces\/verAnuncioAction.do?idAnuBlob=422799\" target=\"_blank\" rel=\"noopener noreferrer\">Resoluci\u00f3n de 14 de julio de 2025, de la Consejera de Inclusi\u00f3n Social, Juventud, Familias e Igualdad, por la que se convocan subvenciones a entidades sin \u00e1nimo de lucro, en r\u00e9gimen de concurrencia competitiva, destinadas a la realizaci\u00f3n de pro<\/a><\/li>\n<\/ul>\n<div class=\"noticias-iframe\">\n<p>\t\t\t\t<a href=\"https:\/\/twitter.com\/share\" class=\"twitter-share-button\" data-url=\"https%3A%2F%2Fwww.cantabria.es%2Fdetalle%2F-%2Fjournal%2Frss%2F16401%2FRSS_ULTIMAS_AYUDAS\" data-via=\"cantabriaes\" data-text=\"CONVOCATORIA 2025 Orden ISO\/12\/2025\" data-related=\"anywhere:The Javascript API\" data-count=\"horizontal\"><br \/>\n\t\t\t\t\tTweet<br \/>\n\t\t\t\t<\/a><\/p><\/div>\n<\/div>","protected":false},"excerpt":{"rendered":"<p>Subvencion: CONVOCATORIA 2025 Orden ISO\/12\/2025 Con certificado Servicio telef\u00f3nico 012 de atenci\u00f3n al ciudadano de Cantabria Descripci\u00f3n: Resoluci\u00f3n de 14 de julio de 2025, de la Consejera de Inclusi\u00f3n Social, Juventud, Familias e Igualdad, por la que se convocan subvenciones a entidades sin \u00e1nimo de lucro, en r\u00e9gimen de concurrencia competitiva, destinadas a la realizaci\u00f3n [&hellip;]<\/p>\n","protected":false},"author":5,"featured_media":0,"comment_status":"","ping_status":"","sticky":false,"template":"","format":"standard","meta":{"site-sidebar-layout":"default","site-content-layout":"","ast-site-content-layout":"default","site-content-style":"default","site-sidebar-style":"default","ast-global-header-display":"","ast-banner-title-visibility":"","ast-main-header-display":"","ast-hfb-above-header-display":"","ast-hfb-below-header-display":"","ast-hfb-mobile-header-display":"","site-post-title":"","ast-breadcrumbs-content":"","ast-featured-img":"","footer-sml-layout":"","ast-disable-related-posts":"","theme-transparent-header-meta":"","adv-header-id-meta":"","stick-header-meta":"","header-above-stick-meta":"","header-main-stick-meta":"","header-below-stick-meta":"","astra-migrate-meta-layouts":"default","ast-page-background-enabled":"default","ast-page-background-meta":{"desktop":{"background-color":"var(--ast-global-color-4)","background-image":"","background-repeat":"repeat","background-position":"center center","background-size":"auto","background-attachment":"scroll","background-type":"","background-media":"","overlay-type":"","overlay-color":"","overlay-opacity":"","overlay-gradient":""},"tablet":{"background-color":"","background-image":"","background-repeat":"repeat","background-position":"center center","background-size":"auto","background-attachment":"scroll","background-type":"","background-media":"","overlay-type":"","overlay-color":"","overlay-opacity":"","overlay-gradient":""},"mobile":{"background-color":"","background-image":"","background-repeat":"repeat","background-position":"center center","background-size":"auto","background-attachment":"scroll","background-type":"","background-media":"","overlay-type":"","overlay-color":"","overlay-opacity":"","overlay-gradient":""}},"ast-content-background-meta":{"desktop":{"background-color":"var(--ast-global-color-5)","background-image":"","background-repeat":"repeat","background-position":"center center","background-size":"auto","background-attachment":"scroll","background-type":"","background-media":"","overlay-type":"","overlay-color":"","overlay-opacity":"","overlay-gradient":""},"tablet":{"background-color":"var(--ast-global-color-5)","background-image":"","background-repeat":"repeat","background-position":"center center","background-size":"auto","background-attachment":"scroll","background-type":"","background-media":"","overlay-type":"","overlay-color":"","overlay-opacity":"","overlay-gradient":""},"mobile":{"background-color":"var(--ast-global-color-5)","background-image":"","background-repeat":"repeat","background-position":"center center","background-size":"auto","background-attachment":"scroll","background-type":"","background-media":"","overlay-type":"","overlay-color":"","overlay-opacity":"","overlay-gradient":""}},"footnotes":""},"categories":[8],"tags":[],"class_list":["post-156402","post","type-post","status-publish","format-standard","hentry","category-ayudas-y-subvenciones"],"yoast_head":"<!-- This site is optimized with the Yoast SEO Premium plugin v20.9 (Yoast SEO v27.4) - https:\/\/yoast.com\/product\/yoast-seo-premium-wordpress\/ -->\n<title>CONVOCATORIA 2025 Orden ISO\/12\/2025 - bip4ex<\/title>\n<meta name=\"robots\" content=\"index, follow, max-snippet:-1, max-image-preview:large, max-video-preview:-1\" \/>\n<link rel=\"canonical\" href=\"https:\/\/helloproject.es\/vigilancia\/convocatoria-2025-orden-iso-12-2025\/\" \/>\n<meta property=\"og:locale\" content=\"es_ES\" \/>\n<meta property=\"og:type\" content=\"article\" \/>\n<meta property=\"og:title\" content=\"CONVOCATORIA 2025 Orden ISO\/12\/2025\" \/>\n<meta property=\"og:description\" content=\"Subvencion: CONVOCATORIA 2025 Orden ISO\/12\/2025 Con certificado Servicio telef\u00f3nico 012 de atenci\u00f3n al ciudadano de Cantabria Descripci\u00f3n: Resoluci\u00f3n de 14 de julio de 2025, de la Consejera de Inclusi\u00f3n Social, Juventud, Familias e Igualdad, por la que se convocan subvenciones a entidades sin \u00e1nimo de lucro, en r\u00e9gimen de concurrencia competitiva, destinadas a la realizaci\u00f3n [&hellip;]\" \/>\n<meta property=\"og:url\" content=\"https:\/\/helloproject.es\/vigilancia\/convocatoria-2025-orden-iso-12-2025\/\" \/>\n<meta property=\"og:site_name\" content=\"bip4ex\" \/>\n<meta property=\"article:published_time\" content=\"2025-07-18T08:28:51+00:00\" \/>\n<meta property=\"og:image\" content=\"https:\/\/www.cantabria.es\/documents\/26427\/21881598\/DNIe.jpg\/01f4c245-cfe3-9563-9845-0e0f97e7f720?t=1648806919369\" \/>\n<meta name=\"author\" content=\"Luis Miguel Mej\u00edas Ramos\" \/>\n<meta name=\"twitter:card\" content=\"summary_large_image\" \/>\n<meta name=\"twitter:label1\" content=\"Escrito por\" \/>\n\t<meta name=\"twitter:data1\" content=\"Luis Miguel Mej\u00edas Ramos\" \/>\n\t<meta name=\"twitter:label2\" content=\"Tiempo de lectura\" \/>\n\t<meta name=\"twitter:data2\" content=\"4 minutos\" \/>\n<script type=\"application\/ld+json\" class=\"yoast-schema-graph\">{\"@context\":\"https:\\\/\\\/schema.org\",\"@graph\":[{\"@type\":\"Article\",\"@id\":\"https:\\\/\\\/helloproject.es\\\/vigilancia\\\/convocatoria-2025-orden-iso-12-2025\\\/#article\",\"isPartOf\":{\"@id\":\"https:\\\/\\\/helloproject.es\\\/vigilancia\\\/convocatoria-2025-orden-iso-12-2025\\\/\"},\"author\":{\"name\":\"Luis Miguel Mej\u00edas Ramos\",\"@id\":\"https:\\\/\\\/helloproject.es\\\/vigilancia\\\/#\\\/schema\\\/person\\\/3767b0619d59a11570372c821f8619ca\"},\"headline\":\"CONVOCATORIA 2025 Orden ISO\\\/12\\\/2025\",\"datePublished\":\"2025-07-18T08:28:51+00:00\",\"mainEntityOfPage\":{\"@id\":\"https:\\\/\\\/helloproject.es\\\/vigilancia\\\/convocatoria-2025-orden-iso-12-2025\\\/\"},\"wordCount\":866,\"publisher\":{\"@id\":\"https:\\\/\\\/helloproject.es\\\/vigilancia\\\/#organization\"},\"image\":{\"@id\":\"https:\\\/\\\/helloproject.es\\\/vigilancia\\\/convocatoria-2025-orden-iso-12-2025\\\/#primaryimage\"},\"thumbnailUrl\":\"https:\\\/\\\/www.cantabria.es\\\/documents\\\/26427\\\/21881598\\\/DNIe.jpg\\\/01f4c245-cfe3-9563-9845-0e0f97e7f720?t=1648806919369\",\"articleSection\":[\"Ayudas y Subvenciones\"],\"inLanguage\":\"es\"},{\"@type\":\"WebPage\",\"@id\":\"https:\\\/\\\/helloproject.es\\\/vigilancia\\\/convocatoria-2025-orden-iso-12-2025\\\/\",\"url\":\"https:\\\/\\\/helloproject.es\\\/vigilancia\\\/convocatoria-2025-orden-iso-12-2025\\\/\",\"name\":\"CONVOCATORIA 2025 Orden ISO\\\/12\\\/2025 - bip4ex\",\"isPartOf\":{\"@id\":\"https:\\\/\\\/helloproject.es\\\/vigilancia\\\/#website\"},\"primaryImageOfPage\":{\"@id\":\"https:\\\/\\\/helloproject.es\\\/vigilancia\\\/convocatoria-2025-orden-iso-12-2025\\\/#primaryimage\"},\"image\":{\"@id\":\"https:\\\/\\\/helloproject.es\\\/vigilancia\\\/convocatoria-2025-orden-iso-12-2025\\\/#primaryimage\"},\"thumbnailUrl\":\"https:\\\/\\\/www.cantabria.es\\\/documents\\\/26427\\\/21881598\\\/DNIe.jpg\\\/01f4c245-cfe3-9563-9845-0e0f97e7f720?t=1648806919369\",\"datePublished\":\"2025-07-18T08:28:51+00:00\",\"breadcrumb\":{\"@id\":\"https:\\\/\\\/helloproject.es\\\/vigilancia\\\/convocatoria-2025-orden-iso-12-2025\\\/#breadcrumb\"},\"inLanguage\":\"es\",\"potentialAction\":[{\"@type\":\"ReadAction\",\"target\":[\"https:\\\/\\\/helloproject.es\\\/vigilancia\\\/convocatoria-2025-orden-iso-12-2025\\\/\"]}]},{\"@type\":\"ImageObject\",\"inLanguage\":\"es\",\"@id\":\"https:\\\/\\\/helloproject.es\\\/vigilancia\\\/convocatoria-2025-orden-iso-12-2025\\\/#primaryimage\",\"url\":\"https:\\\/\\\/www.cantabria.es\\\/documents\\\/26427\\\/21881598\\\/DNIe.jpg\\\/01f4c245-cfe3-9563-9845-0e0f97e7f720?t=1648806919369\",\"contentUrl\":\"https:\\\/\\\/www.cantabria.es\\\/documents\\\/26427\\\/21881598\\\/DNIe.jpg\\\/01f4c245-cfe3-9563-9845-0e0f97e7f720?t=1648806919369\"},{\"@type\":\"BreadcrumbList\",\"@id\":\"https:\\\/\\\/helloproject.es\\\/vigilancia\\\/convocatoria-2025-orden-iso-12-2025\\\/#breadcrumb\",\"itemListElement\":[{\"@type\":\"ListItem\",\"position\":1,\"name\":\"Home\",\"item\":\"https:\\\/\\\/helloproject.es\\\/vigilancia\\\/\"},{\"@type\":\"ListItem\",\"position\":2,\"name\":\"CONVOCATORIA 2025 Orden ISO\\\/12\\\/2025\"}]},{\"@type\":\"WebSite\",\"@id\":\"https:\\\/\\\/helloproject.es\\\/vigilancia\\\/#website\",\"url\":\"https:\\\/\\\/helloproject.es\\\/vigilancia\\\/\",\"name\":\"bip4ex\",\"description\":\"Vigilancia Tecnol\u00f3gica\",\"publisher\":{\"@id\":\"https:\\\/\\\/helloproject.es\\\/vigilancia\\\/#organization\"},\"potentialAction\":[{\"@type\":\"SearchAction\",\"target\":{\"@type\":\"EntryPoint\",\"urlTemplate\":\"https:\\\/\\\/helloproject.es\\\/vigilancia\\\/?s={search_term_string}\"},\"query-input\":{\"@type\":\"PropertyValueSpecification\",\"valueRequired\":true,\"valueName\":\"search_term_string\"}}],\"inLanguage\":\"es\"},{\"@type\":\"Organization\",\"@id\":\"https:\\\/\\\/helloproject.es\\\/vigilancia\\\/#organization\",\"name\":\"Helloproject.es\",\"url\":\"https:\\\/\\\/helloproject.es\\\/vigilancia\\\/\",\"logo\":{\"@type\":\"ImageObject\",\"inLanguage\":\"es\",\"@id\":\"https:\\\/\\\/helloproject.es\\\/vigilancia\\\/#\\\/schema\\\/logo\\\/image\\\/\",\"url\":\"https:\\\/\\\/helloproject.es\\\/vigilancia\\\/wp-content\\\/uploads\\\/2023\\\/07\\\/bip4ex.png\",\"contentUrl\":\"https:\\\/\\\/helloproject.es\\\/vigilancia\\\/wp-content\\\/uploads\\\/2023\\\/07\\\/bip4ex.png\",\"width\":322,\"height\":365,\"caption\":\"Helloproject.es\"},\"image\":{\"@id\":\"https:\\\/\\\/helloproject.es\\\/vigilancia\\\/#\\\/schema\\\/logo\\\/image\\\/\"}},{\"@type\":\"Person\",\"@id\":\"https:\\\/\\\/helloproject.es\\\/vigilancia\\\/#\\\/schema\\\/person\\\/3767b0619d59a11570372c821f8619ca\",\"name\":\"Luis Miguel Mej\u00edas Ramos\",\"url\":\"https:\\\/\\\/helloproject.es\\\/vigilancia\\\/author\\\/luismi\\\/\"}]}<\/script>\n<!-- \/ Yoast SEO Premium plugin. -->","yoast_head_json":{"title":"CONVOCATORIA 2025 Orden ISO\/12\/2025 - bip4ex","robots":{"index":"index","follow":"follow","max-snippet":"max-snippet:-1","max-image-preview":"max-image-preview:large","max-video-preview":"max-video-preview:-1"},"canonical":"https:\/\/helloproject.es\/vigilancia\/convocatoria-2025-orden-iso-12-2025\/","og_locale":"es_ES","og_type":"article","og_title":"CONVOCATORIA 2025 Orden ISO\/12\/2025","og_description":"Subvencion: CONVOCATORIA 2025 Orden ISO\/12\/2025 Con certificado Servicio telef\u00f3nico 012 de atenci\u00f3n al ciudadano de Cantabria Descripci\u00f3n: Resoluci\u00f3n de 14 de julio de 2025, de la Consejera de Inclusi\u00f3n Social, Juventud, Familias e Igualdad, por la que se convocan subvenciones a entidades sin \u00e1nimo de lucro, en r\u00e9gimen de concurrencia competitiva, destinadas a la realizaci\u00f3n [&hellip;]","og_url":"https:\/\/helloproject.es\/vigilancia\/convocatoria-2025-orden-iso-12-2025\/","og_site_name":"bip4ex","article_published_time":"2025-07-18T08:28:51+00:00","og_image":[{"url":"https:\/\/www.cantabria.es\/documents\/26427\/21881598\/DNIe.jpg\/01f4c245-cfe3-9563-9845-0e0f97e7f720?t=1648806919369","type":"","width":"","height":""}],"author":"Luis Miguel Mej\u00edas Ramos","twitter_card":"summary_large_image","twitter_misc":{"Escrito por":"Luis Miguel Mej\u00edas Ramos","Tiempo de lectura":"4 minutos"},"schema":{"@context":"https:\/\/schema.org","@graph":[{"@type":"Article","@id":"https:\/\/helloproject.es\/vigilancia\/convocatoria-2025-orden-iso-12-2025\/#article","isPartOf":{"@id":"https:\/\/helloproject.es\/vigilancia\/convocatoria-2025-orden-iso-12-2025\/"},"author":{"name":"Luis Miguel Mej\u00edas Ramos","@id":"https:\/\/helloproject.es\/vigilancia\/#\/schema\/person\/3767b0619d59a11570372c821f8619ca"},"headline":"CONVOCATORIA 2025 Orden ISO\/12\/2025","datePublished":"2025-07-18T08:28:51+00:00","mainEntityOfPage":{"@id":"https:\/\/helloproject.es\/vigilancia\/convocatoria-2025-orden-iso-12-2025\/"},"wordCount":866,"publisher":{"@id":"https:\/\/helloproject.es\/vigilancia\/#organization"},"image":{"@id":"https:\/\/helloproject.es\/vigilancia\/convocatoria-2025-orden-iso-12-2025\/#primaryimage"},"thumbnailUrl":"https:\/\/www.cantabria.es\/documents\/26427\/21881598\/DNIe.jpg\/01f4c245-cfe3-9563-9845-0e0f97e7f720?t=1648806919369","articleSection":["Ayudas y Subvenciones"],"inLanguage":"es"},{"@type":"WebPage","@id":"https:\/\/helloproject.es\/vigilancia\/convocatoria-2025-orden-iso-12-2025\/","url":"https:\/\/helloproject.es\/vigilancia\/convocatoria-2025-orden-iso-12-2025\/","name":"CONVOCATORIA 2025 Orden ISO\/12\/2025 - bip4ex","isPartOf":{"@id":"https:\/\/helloproject.es\/vigilancia\/#website"},"primaryImageOfPage":{"@id":"https:\/\/helloproject.es\/vigilancia\/convocatoria-2025-orden-iso-12-2025\/#primaryimage"},"image":{"@id":"https:\/\/helloproject.es\/vigilancia\/convocatoria-2025-orden-iso-12-2025\/#primaryimage"},"thumbnailUrl":"https:\/\/www.cantabria.es\/documents\/26427\/21881598\/DNIe.jpg\/01f4c245-cfe3-9563-9845-0e0f97e7f720?t=1648806919369","datePublished":"2025-07-18T08:28:51+00:00","breadcrumb":{"@id":"https:\/\/helloproject.es\/vigilancia\/convocatoria-2025-orden-iso-12-2025\/#breadcrumb"},"inLanguage":"es","potentialAction":[{"@type":"ReadAction","target":["https:\/\/helloproject.es\/vigilancia\/convocatoria-2025-orden-iso-12-2025\/"]}]},{"@type":"ImageObject","inLanguage":"es","@id":"https:\/\/helloproject.es\/vigilancia\/convocatoria-2025-orden-iso-12-2025\/#primaryimage","url":"https:\/\/www.cantabria.es\/documents\/26427\/21881598\/DNIe.jpg\/01f4c245-cfe3-9563-9845-0e0f97e7f720?t=1648806919369","contentUrl":"https:\/\/www.cantabria.es\/documents\/26427\/21881598\/DNIe.jpg\/01f4c245-cfe3-9563-9845-0e0f97e7f720?t=1648806919369"},{"@type":"BreadcrumbList","@id":"https:\/\/helloproject.es\/vigilancia\/convocatoria-2025-orden-iso-12-2025\/#breadcrumb","itemListElement":[{"@type":"ListItem","position":1,"name":"Home","item":"https:\/\/helloproject.es\/vigilancia\/"},{"@type":"ListItem","position":2,"name":"CONVOCATORIA 2025 Orden ISO\/12\/2025"}]},{"@type":"WebSite","@id":"https:\/\/helloproject.es\/vigilancia\/#website","url":"https:\/\/helloproject.es\/vigilancia\/","name":"bip4ex","description":"Vigilancia Tecnol\u00f3gica","publisher":{"@id":"https:\/\/helloproject.es\/vigilancia\/#organization"},"potentialAction":[{"@type":"SearchAction","target":{"@type":"EntryPoint","urlTemplate":"https:\/\/helloproject.es\/vigilancia\/?s={search_term_string}"},"query-input":{"@type":"PropertyValueSpecification","valueRequired":true,"valueName":"search_term_string"}}],"inLanguage":"es"},{"@type":"Organization","@id":"https:\/\/helloproject.es\/vigilancia\/#organization","name":"Helloproject.es","url":"https:\/\/helloproject.es\/vigilancia\/","logo":{"@type":"ImageObject","inLanguage":"es","@id":"https:\/\/helloproject.es\/vigilancia\/#\/schema\/logo\/image\/","url":"https:\/\/helloproject.es\/vigilancia\/wp-content\/uploads\/2023\/07\/bip4ex.png","contentUrl":"https:\/\/helloproject.es\/vigilancia\/wp-content\/uploads\/2023\/07\/bip4ex.png","width":322,"height":365,"caption":"Helloproject.es"},"image":{"@id":"https:\/\/helloproject.es\/vigilancia\/#\/schema\/logo\/image\/"}},{"@type":"Person","@id":"https:\/\/helloproject.es\/vigilancia\/#\/schema\/person\/3767b0619d59a11570372c821f8619ca","name":"Luis Miguel Mej\u00edas Ramos","url":"https:\/\/helloproject.es\/vigilancia\/author\/luismi\/"}]}},"_links":{"self":[{"href":"https:\/\/helloproject.es\/vigilancia\/wp-json\/wp\/v2\/posts\/156402","targetHints":{"allow":["GET"]}}],"collection":[{"href":"https:\/\/helloproject.es\/vigilancia\/wp-json\/wp\/v2\/posts"}],"about":[{"href":"https:\/\/helloproject.es\/vigilancia\/wp-json\/wp\/v2\/types\/post"}],"author":[{"embeddable":true,"href":"https:\/\/helloproject.es\/vigilancia\/wp-json\/wp\/v2\/users\/5"}],"replies":[{"embeddable":true,"href":"https:\/\/helloproject.es\/vigilancia\/wp-json\/wp\/v2\/comments?post=156402"}],"version-history":[{"count":0,"href":"https:\/\/helloproject.es\/vigilancia\/wp-json\/wp\/v2\/posts\/156402\/revisions"}],"wp:attachment":[{"href":"https:\/\/helloproject.es\/vigilancia\/wp-json\/wp\/v2\/media?parent=156402"}],"wp:term":[{"taxonomy":"category","embeddable":true,"href":"https:\/\/helloproject.es\/vigilancia\/wp-json\/wp\/v2\/categories?post=156402"},{"taxonomy":"post_tag","embeddable":true,"href":"https:\/\/helloproject.es\/vigilancia\/wp-json\/wp\/v2\/tags?post=156402"}],"curies":[{"name":"wp","href":"https:\/\/api.w.org\/{rel}","templated":true}]}}