{"id":158503,"date":"2025-07-21T08:29:10","date_gmt":"2025-07-21T07:29:10","guid":{"rendered":"https:\/\/helloproject.es\/vigilancia\/redia-y-redia-salud-180-millones-de-euros-para-proyectos-de-inteligencia-artificial-en-empresas-y-salud-evalue-asesores\/"},"modified":"2025-07-21T08:29:10","modified_gmt":"2025-07-21T07:29:10","slug":"redia-y-redia-salud-180-millones-de-euros-para-proyectos-de-inteligencia-artificial-en-empresas-y-salud-evalue-asesores","status":"publish","type":"post","link":"https:\/\/helloproject.es\/vigilancia\/redia-y-redia-salud-180-millones-de-euros-para-proyectos-de-inteligencia-artificial-en-empresas-y-salud-evalue-asesores\/","title":{"rendered":"RedIA y RedIA Salud: 180 millones de euros para proyectos de inteligencia artificial en empresas y salud evalue asesores"},"content":{"rendered":"<p data-start=\"330\" data-end=\"381\"><span><strong>Inteligencia artificial en empresas y salud<\/strong><\/span><\/p>\n<p data-start=\"383\" data-end=\"845\">El Gobierno de Espa\u00f1a, a trav\u00e9s del Ministerio para la Transformaci\u00f3n Digital y de la Funci\u00f3n P\u00fablica y Red.es, ha anunciado dos nuevas convocatorias clave para el desarrollo de la inteligencia artificial (IA) en el pa\u00eds: <strong data-start=\"605\" data-end=\"614\">RedIA<\/strong> y <strong data-start=\"617\" data-end=\"632\">RedIA Salud<\/strong>. Con un presupuesto conjunto de <strong data-start=\"665\" data-end=\"690\">180 millones de euros<\/strong>, estas ayudas est\u00e1n dirigidas a fomentar proyectos empresariales y sanitarios basados en tecnolog\u00edas avanzadas de IA.<\/p>\n<h3 data-start=\"847\" data-end=\"887\">\u00bfEn qu\u00e9 consisten las convocatorias?<\/h3>\n<h4 data-start=\"889\" data-end=\"933\">RedIA: IA para la industria competitiva<\/h4>\n<ul>\n<li data-start=\"937\" data-end=\"976\"><strong data-start=\"937\" data-end=\"952\">Presupuesto<\/strong>: 130 millones de euros.<\/li>\n<li data-start=\"979\" data-end=\"1111\"><strong data-start=\"979\" data-end=\"996\">Beneficiarios<\/strong>: Empresas con proyectos de IA y tecnolog\u00edas duales (espaciales, IoT, realidad virtual, rob\u00f3tica, conectividad\u2026).<\/li>\n<li data-start=\"1114\" data-end=\"1161\"><strong data-start=\"1114\" data-end=\"1137\">Intensidad de ayuda<\/strong>: entre el 25% y el 60%.<\/li>\n<li data-start=\"1164\" data-end=\"1223\"><strong data-start=\"1164\" data-end=\"1188\">Importe por proyecto<\/strong>: de 400.000 a 5 millones de euros.<\/li>\n<li data-start=\"1226\" data-end=\"1399\"><strong data-start=\"1226\" data-end=\"1243\">Restricciones<\/strong>: M\u00e1ximo tres proyectos por empresa, de los cuales se pueden financiar dos. No aplica a proyectos del \u00e1mbito sanitario.<\/li>\n<\/ul>\n<p>\u00a0<\/p>\n<h4 data-start=\"1401\" data-end=\"1466\">RedIA Salud: IA para la transformaci\u00f3n del sistema sanitario<\/h4>\n<ul>\n<li data-start=\"1470\" data-end=\"1508\"><strong data-start=\"1470\" data-end=\"1485\">Presupuesto<\/strong>: 50 millones de euros.<\/li>\n<li data-start=\"1511\" data-end=\"1649\"><strong data-start=\"1511\" data-end=\"1523\">Objetivo<\/strong>: Aplicaci\u00f3n de IA en predicci\u00f3n, diagn\u00f3stico, tratamiento, seguimiento, investigaci\u00f3n biom\u00e9dica o respuesta ante emergencias.<\/li>\n<li data-start=\"1652\" data-end=\"1699\"><strong data-start=\"1652\" data-end=\"1675\">Intensidad de ayuda<\/strong>: entre el 25% y el 60%.<\/li>\n<li data-start=\"1702\" data-end=\"1831\"><strong data-start=\"1702\" data-end=\"1715\">Proyectos<\/strong>: Sin l\u00edmite de solicitudes por entidad. Requieren validaci\u00f3n con datos reales.<\/li>\n<\/ul>\n<p>\u00a0<\/p>\n<h3 data-start=\"1833\" data-end=\"1863\">\u00bfQui\u00e9n puede beneficiarse?<\/h3>\n<p data-start=\"1865\" data-end=\"2145\">Estas convocatorias est\u00e1n abiertas a <strong data-start=\"1902\" data-end=\"1945\">empresas de todo el territorio nacional<\/strong> que desarrollen proyectos innovadores basados en IA. Est\u00e1n cofinanciadas por el <strong data-start=\"2026\" data-end=\"2074\">Fondo Europeo de Desarrollo Regional (FEDER)<\/strong> en el marco del Programa Operativo Plurirregional de Espa\u00f1a 2021-2027.<\/p>\n<hr data-start=\"2445\" data-end=\"2448\" \/>\n<h3 data-start=\"2450\" data-end=\"2474\"><\/h3>\n<h3 data-start=\"2450\" data-end=\"2474\">Preguntas frecuentes<\/h3>\n<p data-start=\"2476\" data-end=\"2611\"><strong data-start=\"2476\" data-end=\"2524\">\u00bfCu\u00e1ndo se podr\u00e1n presentar las solicitudes?<\/strong><br data-start=\"2524\" data-end=\"2527\" \/>Se espera la publicaci\u00f3n de las bases durante las pr\u00f3ximas semanas, en la sede electr\u00f3nica de Red.es.<\/p>\n<p data-start=\"2613\" data-end=\"2742\"><strong data-start=\"2613\" data-end=\"2661\">\u00bfPueden participar pymes y grandes empresas?<\/strong><br data-start=\"2661\" data-end=\"2664\" \/>S\u00ed. Ambas convocatorias est\u00e1n dirigidas a empresas, sin restricci\u00f3n de tama\u00f1o.<\/p>\n<p data-start=\"2744\" data-end=\"2882\"><strong data-start=\"2744\" data-end=\"2774\">\u00bfQu\u00e9 gastos son elegibles?<\/strong><br data-start=\"2774\" data-end=\"2777\" \/>Se cubrir\u00e1n costes asociados a actividades de I+D+i, certificaci\u00f3n, validaci\u00f3n y desarrollo experimental.<\/p>\n<p data-start=\"3054\" data-end=\"3201\"><strong data-start=\"3054\" data-end=\"3115\">\u00bfSe pueden presentar proyectos con impacto internacional?<\/strong><br data-start=\"3115\" data-end=\"3118\" \/>S\u00ed, siempre que el desarrollo se realice en Espa\u00f1a y se demuestre impacto nacional.<\/p>\n<h3 data-start=\"3208\" data-end=\"3222\"><\/h3>\n<hr \/>\n<p data-start=\"3538\" data-end=\"3642\">Desde Evalue Innovaci\u00f3n te informamos sobre todas las novedades de la pr\u00f3xima convocatoria. Suscr\u00edbete a nuestro <strong><span><a href=\"https:\/\/evalueconsultores.com\/suscribete-a-nuestra-newsletter\/\">canal de ayudas<\/a><\/span><\/strong> para no perderte ninguna oportunidad.<\/p>\n<p data-start=\"3179\" data-end=\"3299\">\n<div data-elementor-type=\"section\" data-elementor-id=\"43186\" class=\"elementor elementor-43186\" data-elementor-post-type=\"elementor_library\">\n<section class=\"elementor-section elementor-top-section elementor-element elementor-element-38437529 elementor-section-content-middle elementor-section-boxed elementor-section-height-default elementor-section-height-default\" data-id=\"38437529\" data-element_type=\"section\">\n<div class=\"elementor-container elementor-column-gap-custom\">\n<div class=\"elementor-column elementor-col-50 elementor-top-column elementor-element elementor-element-7fba8f25\" data-id=\"7fba8f25\" data-element_type=\"column\" data-settings='{\"background_background\":\"gradient\"}'>\n<div class=\"elementor-widget-wrap elementor-element-populated\">\n<div class=\"elementor-element elementor-element-110a1cb4 elementor-widget elementor-widget-heading\" data-id=\"110a1cb4\" data-element_type=\"widget\" data-widget_type=\"heading.default\">\n<div class=\"elementor-widget-container\">\n<h3 class=\"elementor-heading-title elementor-size-default\">Rentabiliza tu inversi\u00f3n a la I+D+i<\/h3>\n<\/div><\/div><\/div><\/div><\/div><\/section><\/div><\/p>\n\n<div class=\"elementor-element elementor-element-5d922778 elementor-widget elementor-widget-text-editor\" data-id=\"5d922778\" data-element_type=\"widget\" data-widget_type=\"text-editor.default\">\n<div class=\"elementor-widget-container\">\n\t\t\t\t\t\t\t\t\tSolicita tu diagn\u00f3stico de deducci\u00f3n fiscal gratuito.\t\t\t\t\t\t\t\t<\/div>\n<\/div>\n<div class=\"elementor-element elementor-element-94756f1 elementor-align-center elementor-widget elementor-widget-button\" data-id=\"94756f1\" data-element_type=\"widget\" data-widget_type=\"button.default\">\n<div class=\"elementor-widget-container\">\n<div class=\"elementor-button-wrapper\">\n\t\t\t\t\t<a class=\"elementor-button elementor-button-link elementor-size-sm\" href=\"https:\/\/evalueconsultores.com\/solicitar-informacion-deducciones-fiscales\/\"><br \/>\n\t\t\t\t\t\t<span class=\"elementor-button-content-wrapper\"><br \/>\n\t\t\t\t\t\t\t\t\t<span class=\"elementor-button-text\">Solicitar diagn\u00f3stico<\/span><br \/>\n\t\t\t\t\t<\/span><br \/>\n\t\t\t\t\t<\/a>\n\t\t\t\t<\/div>\n<\/div>\n<\/div>\n\n\n<div class=\"elementor-column elementor-col-50 elementor-top-column elementor-element elementor-element-198facc5\" data-id=\"198facc5\" data-element_type=\"column\" data-settings='{\"background_background\":\"gradient\"}'>\n<div class=\"elementor-widget-wrap elementor-element-populated\">\n<div class=\"elementor-element elementor-element-31a72975 elementor-widget elementor-widget-heading\" data-id=\"31a72975\" data-element_type=\"widget\" data-widget_type=\"heading.default\">\n<div class=\"elementor-widget-container\">\n<h3 class=\"elementor-heading-title elementor-size-default\">Encuentra financiaci\u00f3n para tu empresa<\/h3>\n<\/div>\n<\/div>\n<div class=\"elementor-element elementor-element-77fdc0eb elementor-widget elementor-widget-text-editor\" data-id=\"77fdc0eb\" data-element_type=\"widget\" data-widget_type=\"text-editor.default\">\n<div class=\"elementor-widget-container\">\n\t\t\t\t\t\t\t\t\tDescubre qu\u00e9 convocatorias pueden potenciar tu proyecto.\t\t\t\t\t\t\t\t<\/div>\n<\/div>\n<div class=\"elementor-element elementor-element-5b61ffa elementor-align-center elementor-widget elementor-widget-button\" data-id=\"5b61ffa\" data-element_type=\"widget\" data-widget_type=\"button.default\">\n<div class=\"elementor-widget-container\">\n<div class=\"elementor-button-wrapper\">\n\t\t\t\t\t<a class=\"elementor-button elementor-button-link elementor-size-sm\" href=\"https:\/\/evalueconsultores.com\/solicitar-informacion-financiacion-publica\/\"><br \/>\n\t\t\t\t\t\t<span class=\"elementor-button-content-wrapper\"><br \/>\n\t\t\t\t\t\t\t\t\t<span class=\"elementor-button-text\">Solicitar informaci\u00f3n<\/span><br \/>\n\t\t\t\t\t<\/span><br \/>\n\t\t\t\t\t<\/a>\n\t\t\t\t<\/div>\n<\/div>\n<\/div>\n<\/div>\n<\/div>\n\n\n<p data-start=\"3179\" data-end=\"3299\"><a class=\"broken_link\" href=\"http:\/\/https\/\/twitter.com\/EvalueIn?s=20\"><img decoding=\"async\" class=\"alignnone wp-image-40645\" title=\"85 2 300x300\" src=\"https:\/\/www.evalueconsultores.com\/wp-content\/uploads\/2023\/07\/85-2-300x300.png\" alt='Iniciativa \"Activa Startups\"' width=\"20\" height=\"20\" \/><\/a><a class=\"broken_link\" href=\"http:\/\/ucykvonmfogzwabdvvsyrafw\/\"><img decoding=\"async\" class=\"alignnone wp-image-40646\" title=\"86 2 300x300\" src=\"https:\/\/www.evalueconsultores.com\/wp-content\/uploads\/2023\/07\/86-2-300x300.png\" alt='Iniciativa \"Activa Startups\"' width=\"20\" height=\"20\" \/><\/a><a class=\"broken_link\" href=\"http:\/\/https\/\/es.linkedin.com\/company\/evaluein\"><img decoding=\"async\" class=\"alignnone wp-image-40647\" title=\"84 2 300x300\" src=\"https:\/\/www.evalueconsultores.com\/wp-content\/uploads\/2023\/07\/84-2-300x300.png\" alt=\"Impulso de proyectos de innovaci\u00f3n disruptiva\" width=\"20\" height=\"20\" \/><\/a><\/p>\n<p>La entrada <a href=\"https:\/\/evalueconsultores.com\/redia-y-redia-salud-180-millones-de-euros-para-proyectos-de-inteligencia-artificial-en-empresas-y-salud\/\">RedIA y RedIA Salud: 180 millones de euros para proyectos de inteligencia artificial en empresas y salud<\/a> se public\u00f3 primero en <a href=\"https:\/\/evalueconsultores.com\/\">Evalue<\/a>.<\/p>","protected":false},"excerpt":{"rendered":"<p>Inteligencia artificial en empresas y salud El Gobierno de Espa\u00f1a, a trav\u00e9s del Ministerio para la Transformaci\u00f3n Digital y de la Funci\u00f3n P\u00fablica y Red.es, ha anunciado dos nuevas convocatorias clave para el desarrollo de la inteligencia artificial (IA) en el pa\u00eds: RedIA y RedIA Salud. Con un presupuesto conjunto de 180 millones de euros, [&hellip;]<\/p>\n","protected":false},"author":5,"featured_media":0,"comment_status":"","ping_status":"","sticky":false,"template":"","format":"standard","meta":{"site-sidebar-layout":"default","site-content-layout":"","ast-site-content-layout":"default","site-content-style":"default","site-sidebar-style":"default","ast-global-header-display":"","ast-banner-title-visibility":"","ast-main-header-display":"","ast-hfb-above-header-display":"","ast-hfb-below-header-display":"","ast-hfb-mobile-header-display":"","site-post-title":"","ast-breadcrumbs-content":"","ast-featured-img":"","footer-sml-layout":"","ast-disable-related-posts":"","theme-transparent-header-meta":"","adv-header-id-meta":"","stick-header-meta":"","header-above-stick-meta":"","header-main-stick-meta":"","header-below-stick-meta":"","astra-migrate-meta-layouts":"default","ast-page-background-enabled":"default","ast-page-background-meta":{"desktop":{"background-color":"var(--ast-global-color-4)","background-image":"","background-repeat":"repeat","background-position":"center center","background-size":"auto","background-attachment":"scroll","background-type":"","background-media":"","overlay-type":"","overlay-color":"","overlay-opacity":"","overlay-gradient":""},"tablet":{"background-color":"","background-image":"","background-repeat":"repeat","background-position":"center center","background-size":"auto","background-attachment":"scroll","background-type":"","background-media":"","overlay-type":"","overlay-color":"","overlay-opacity":"","overlay-gradient":""},"mobile":{"background-color":"","background-image":"","background-repeat":"repeat","background-position":"center center","background-size":"auto","background-attachment":"scroll","background-type":"","background-media":"","overlay-type":"","overlay-color":"","overlay-opacity":"","overlay-gradient":""}},"ast-content-background-meta":{"desktop":{"background-color":"var(--ast-global-color-5)","background-image":"","background-repeat":"repeat","background-position":"center center","background-size":"auto","background-attachment":"scroll","background-type":"","background-media":"","overlay-type":"","overlay-color":"","overlay-opacity":"","overlay-gradient":""},"tablet":{"background-color":"var(--ast-global-color-5)","background-image":"","background-repeat":"repeat","background-position":"center center","background-size":"auto","background-attachment":"scroll","background-type":"","background-media":"","overlay-type":"","overlay-color":"","overlay-opacity":"","overlay-gradient":""},"mobile":{"background-color":"var(--ast-global-color-5)","background-image":"","background-repeat":"repeat","background-position":"center center","background-size":"auto","background-attachment":"scroll","background-type":"","background-media":"","overlay-type":"","overlay-color":"","overlay-opacity":"","overlay-gradient":""}},"footnotes":""},"categories":[8,5,6],"tags":[],"class_list":["post-158503","post","type-post","status-publish","format-standard","hentry","category-ayudas-y-subvenciones","category-noticias","category-publicaciones"],"yoast_head":"<!-- This site is optimized with the Yoast SEO Premium plugin v20.9 (Yoast SEO v27.4) - https:\/\/yoast.com\/product\/yoast-seo-premium-wordpress\/ -->\n<title>RedIA y RedIA Salud: 180 millones de euros para proyectos de inteligencia artificial en empresas y salud evalue asesores - bip4ex<\/title>\n<meta name=\"robots\" content=\"index, follow, max-snippet:-1, max-image-preview:large, max-video-preview:-1\" \/>\n<link rel=\"canonical\" href=\"https:\/\/helloproject.es\/vigilancia\/redia-y-redia-salud-180-millones-de-euros-para-proyectos-de-inteligencia-artificial-en-empresas-y-salud-evalue-asesores\/\" \/>\n<meta property=\"og:locale\" content=\"es_ES\" \/>\n<meta property=\"og:type\" content=\"article\" \/>\n<meta property=\"og:title\" content=\"RedIA y RedIA Salud: 180 millones de euros para proyectos de inteligencia artificial en empresas y salud evalue asesores\" \/>\n<meta property=\"og:description\" content=\"Inteligencia artificial en empresas y salud El Gobierno de Espa\u00f1a, a trav\u00e9s del Ministerio para la Transformaci\u00f3n Digital y de la Funci\u00f3n P\u00fablica y Red.es, ha anunciado dos nuevas convocatorias clave para el desarrollo de la inteligencia artificial (IA) en el pa\u00eds: RedIA y RedIA Salud. Con un presupuesto conjunto de 180 millones de euros, [&hellip;]\" \/>\n<meta property=\"og:url\" content=\"https:\/\/helloproject.es\/vigilancia\/redia-y-redia-salud-180-millones-de-euros-para-proyectos-de-inteligencia-artificial-en-empresas-y-salud-evalue-asesores\/\" \/>\n<meta property=\"og:site_name\" content=\"bip4ex\" \/>\n<meta property=\"article:published_time\" content=\"2025-07-21T07:29:10+00:00\" \/>\n<meta name=\"author\" content=\"Luis Miguel Mej\u00edas Ramos\" \/>\n<meta name=\"twitter:card\" content=\"summary_large_image\" \/>\n<meta name=\"twitter:label1\" content=\"Escrito por\" \/>\n\t<meta name=\"twitter:data1\" content=\"Luis Miguel Mej\u00edas Ramos\" \/>\n\t<meta name=\"twitter:label2\" content=\"Tiempo de lectura\" \/>\n\t<meta name=\"twitter:data2\" content=\"2 minutos\" \/>\n<script type=\"application\/ld+json\" class=\"yoast-schema-graph\">{\"@context\":\"https:\\\/\\\/schema.org\",\"@graph\":[{\"@type\":\"Article\",\"@id\":\"https:\\\/\\\/helloproject.es\\\/vigilancia\\\/redia-y-redia-salud-180-millones-de-euros-para-proyectos-de-inteligencia-artificial-en-empresas-y-salud-evalue-asesores\\\/#article\",\"isPartOf\":{\"@id\":\"https:\\\/\\\/helloproject.es\\\/vigilancia\\\/redia-y-redia-salud-180-millones-de-euros-para-proyectos-de-inteligencia-artificial-en-empresas-y-salud-evalue-asesores\\\/\"},\"author\":{\"name\":\"Luis Miguel Mej\u00edas Ramos\",\"@id\":\"https:\\\/\\\/helloproject.es\\\/vigilancia\\\/#\\\/schema\\\/person\\\/3767b0619d59a11570372c821f8619ca\"},\"headline\":\"RedIA y RedIA Salud: 180 millones de euros para proyectos de inteligencia artificial en empresas y salud evalue asesores\",\"datePublished\":\"2025-07-21T07:29:10+00:00\",\"mainEntityOfPage\":{\"@id\":\"https:\\\/\\\/helloproject.es\\\/vigilancia\\\/redia-y-redia-salud-180-millones-de-euros-para-proyectos-de-inteligencia-artificial-en-empresas-y-salud-evalue-asesores\\\/\"},\"wordCount\":447,\"publisher\":{\"@id\":\"https:\\\/\\\/helloproject.es\\\/vigilancia\\\/#organization\"},\"image\":{\"@id\":\"https:\\\/\\\/helloproject.es\\\/vigilancia\\\/redia-y-redia-salud-180-millones-de-euros-para-proyectos-de-inteligencia-artificial-en-empresas-y-salud-evalue-asesores\\\/#primaryimage\"},\"thumbnailUrl\":\"https:\\\/\\\/www.evalueconsultores.com\\\/wp-content\\\/uploads\\\/2023\\\/07\\\/85-2-300x300.png\",\"articleSection\":[\"Ayudas y Subvenciones\",\"Noticias\",\"Publicaciones\"],\"inLanguage\":\"es\"},{\"@type\":\"WebPage\",\"@id\":\"https:\\\/\\\/helloproject.es\\\/vigilancia\\\/redia-y-redia-salud-180-millones-de-euros-para-proyectos-de-inteligencia-artificial-en-empresas-y-salud-evalue-asesores\\\/\",\"url\":\"https:\\\/\\\/helloproject.es\\\/vigilancia\\\/redia-y-redia-salud-180-millones-de-euros-para-proyectos-de-inteligencia-artificial-en-empresas-y-salud-evalue-asesores\\\/\",\"name\":\"RedIA y RedIA Salud: 180 millones de euros para proyectos de inteligencia artificial en empresas y salud evalue asesores - bip4ex\",\"isPartOf\":{\"@id\":\"https:\\\/\\\/helloproject.es\\\/vigilancia\\\/#website\"},\"primaryImageOfPage\":{\"@id\":\"https:\\\/\\\/helloproject.es\\\/vigilancia\\\/redia-y-redia-salud-180-millones-de-euros-para-proyectos-de-inteligencia-artificial-en-empresas-y-salud-evalue-asesores\\\/#primaryimage\"},\"image\":{\"@id\":\"https:\\\/\\\/helloproject.es\\\/vigilancia\\\/redia-y-redia-salud-180-millones-de-euros-para-proyectos-de-inteligencia-artificial-en-empresas-y-salud-evalue-asesores\\\/#primaryimage\"},\"thumbnailUrl\":\"https:\\\/\\\/www.evalueconsultores.com\\\/wp-content\\\/uploads\\\/2023\\\/07\\\/85-2-300x300.png\",\"datePublished\":\"2025-07-21T07:29:10+00:00\",\"breadcrumb\":{\"@id\":\"https:\\\/\\\/helloproject.es\\\/vigilancia\\\/redia-y-redia-salud-180-millones-de-euros-para-proyectos-de-inteligencia-artificial-en-empresas-y-salud-evalue-asesores\\\/#breadcrumb\"},\"inLanguage\":\"es\",\"potentialAction\":[{\"@type\":\"ReadAction\",\"target\":[\"https:\\\/\\\/helloproject.es\\\/vigilancia\\\/redia-y-redia-salud-180-millones-de-euros-para-proyectos-de-inteligencia-artificial-en-empresas-y-salud-evalue-asesores\\\/\"]}]},{\"@type\":\"ImageObject\",\"inLanguage\":\"es\",\"@id\":\"https:\\\/\\\/helloproject.es\\\/vigilancia\\\/redia-y-redia-salud-180-millones-de-euros-para-proyectos-de-inteligencia-artificial-en-empresas-y-salud-evalue-asesores\\\/#primaryimage\",\"url\":\"https:\\\/\\\/www.evalueconsultores.com\\\/wp-content\\\/uploads\\\/2023\\\/07\\\/85-2-300x300.png\",\"contentUrl\":\"https:\\\/\\\/www.evalueconsultores.com\\\/wp-content\\\/uploads\\\/2023\\\/07\\\/85-2-300x300.png\"},{\"@type\":\"BreadcrumbList\",\"@id\":\"https:\\\/\\\/helloproject.es\\\/vigilancia\\\/redia-y-redia-salud-180-millones-de-euros-para-proyectos-de-inteligencia-artificial-en-empresas-y-salud-evalue-asesores\\\/#breadcrumb\",\"itemListElement\":[{\"@type\":\"ListItem\",\"position\":1,\"name\":\"Home\",\"item\":\"https:\\\/\\\/helloproject.es\\\/vigilancia\\\/\"},{\"@type\":\"ListItem\",\"position\":2,\"name\":\"RedIA y RedIA Salud: 180 millones de euros para proyectos de inteligencia artificial en empresas y salud evalue asesores\"}]},{\"@type\":\"WebSite\",\"@id\":\"https:\\\/\\\/helloproject.es\\\/vigilancia\\\/#website\",\"url\":\"https:\\\/\\\/helloproject.es\\\/vigilancia\\\/\",\"name\":\"bip4ex\",\"description\":\"Vigilancia Tecnol\u00f3gica\",\"publisher\":{\"@id\":\"https:\\\/\\\/helloproject.es\\\/vigilancia\\\/#organization\"},\"potentialAction\":[{\"@type\":\"SearchAction\",\"target\":{\"@type\":\"EntryPoint\",\"urlTemplate\":\"https:\\\/\\\/helloproject.es\\\/vigilancia\\\/?s={search_term_string}\"},\"query-input\":{\"@type\":\"PropertyValueSpecification\",\"valueRequired\":true,\"valueName\":\"search_term_string\"}}],\"inLanguage\":\"es\"},{\"@type\":\"Organization\",\"@id\":\"https:\\\/\\\/helloproject.es\\\/vigilancia\\\/#organization\",\"name\":\"Helloproject.es\",\"url\":\"https:\\\/\\\/helloproject.es\\\/vigilancia\\\/\",\"logo\":{\"@type\":\"ImageObject\",\"inLanguage\":\"es\",\"@id\":\"https:\\\/\\\/helloproject.es\\\/vigilancia\\\/#\\\/schema\\\/logo\\\/image\\\/\",\"url\":\"https:\\\/\\\/helloproject.es\\\/vigilancia\\\/wp-content\\\/uploads\\\/2023\\\/07\\\/bip4ex.png\",\"contentUrl\":\"https:\\\/\\\/helloproject.es\\\/vigilancia\\\/wp-content\\\/uploads\\\/2023\\\/07\\\/bip4ex.png\",\"width\":322,\"height\":365,\"caption\":\"Helloproject.es\"},\"image\":{\"@id\":\"https:\\\/\\\/helloproject.es\\\/vigilancia\\\/#\\\/schema\\\/logo\\\/image\\\/\"}},{\"@type\":\"Person\",\"@id\":\"https:\\\/\\\/helloproject.es\\\/vigilancia\\\/#\\\/schema\\\/person\\\/3767b0619d59a11570372c821f8619ca\",\"name\":\"Luis Miguel Mej\u00edas Ramos\",\"url\":\"https:\\\/\\\/helloproject.es\\\/vigilancia\\\/author\\\/luismi\\\/\"}]}<\/script>\n<!-- \/ Yoast SEO Premium plugin. -->","yoast_head_json":{"title":"RedIA y RedIA Salud: 180 millones de euros para proyectos de inteligencia artificial en empresas y salud evalue asesores - bip4ex","robots":{"index":"index","follow":"follow","max-snippet":"max-snippet:-1","max-image-preview":"max-image-preview:large","max-video-preview":"max-video-preview:-1"},"canonical":"https:\/\/helloproject.es\/vigilancia\/redia-y-redia-salud-180-millones-de-euros-para-proyectos-de-inteligencia-artificial-en-empresas-y-salud-evalue-asesores\/","og_locale":"es_ES","og_type":"article","og_title":"RedIA y RedIA Salud: 180 millones de euros para proyectos de inteligencia artificial en empresas y salud evalue asesores","og_description":"Inteligencia artificial en empresas y salud El Gobierno de Espa\u00f1a, a trav\u00e9s del Ministerio para la Transformaci\u00f3n Digital y de la Funci\u00f3n P\u00fablica y Red.es, ha anunciado dos nuevas convocatorias clave para el desarrollo de la inteligencia artificial (IA) en el pa\u00eds: RedIA y RedIA Salud. Con un presupuesto conjunto de 180 millones de euros, [&hellip;]","og_url":"https:\/\/helloproject.es\/vigilancia\/redia-y-redia-salud-180-millones-de-euros-para-proyectos-de-inteligencia-artificial-en-empresas-y-salud-evalue-asesores\/","og_site_name":"bip4ex","article_published_time":"2025-07-21T07:29:10+00:00","author":"Luis Miguel Mej\u00edas Ramos","twitter_card":"summary_large_image","twitter_misc":{"Escrito por":"Luis Miguel Mej\u00edas Ramos","Tiempo de lectura":"2 minutos"},"schema":{"@context":"https:\/\/schema.org","@graph":[{"@type":"Article","@id":"https:\/\/helloproject.es\/vigilancia\/redia-y-redia-salud-180-millones-de-euros-para-proyectos-de-inteligencia-artificial-en-empresas-y-salud-evalue-asesores\/#article","isPartOf":{"@id":"https:\/\/helloproject.es\/vigilancia\/redia-y-redia-salud-180-millones-de-euros-para-proyectos-de-inteligencia-artificial-en-empresas-y-salud-evalue-asesores\/"},"author":{"name":"Luis Miguel Mej\u00edas Ramos","@id":"https:\/\/helloproject.es\/vigilancia\/#\/schema\/person\/3767b0619d59a11570372c821f8619ca"},"headline":"RedIA y RedIA Salud: 180 millones de euros para proyectos de inteligencia artificial en empresas y salud evalue asesores","datePublished":"2025-07-21T07:29:10+00:00","mainEntityOfPage":{"@id":"https:\/\/helloproject.es\/vigilancia\/redia-y-redia-salud-180-millones-de-euros-para-proyectos-de-inteligencia-artificial-en-empresas-y-salud-evalue-asesores\/"},"wordCount":447,"publisher":{"@id":"https:\/\/helloproject.es\/vigilancia\/#organization"},"image":{"@id":"https:\/\/helloproject.es\/vigilancia\/redia-y-redia-salud-180-millones-de-euros-para-proyectos-de-inteligencia-artificial-en-empresas-y-salud-evalue-asesores\/#primaryimage"},"thumbnailUrl":"https:\/\/www.evalueconsultores.com\/wp-content\/uploads\/2023\/07\/85-2-300x300.png","articleSection":["Ayudas y Subvenciones","Noticias","Publicaciones"],"inLanguage":"es"},{"@type":"WebPage","@id":"https:\/\/helloproject.es\/vigilancia\/redia-y-redia-salud-180-millones-de-euros-para-proyectos-de-inteligencia-artificial-en-empresas-y-salud-evalue-asesores\/","url":"https:\/\/helloproject.es\/vigilancia\/redia-y-redia-salud-180-millones-de-euros-para-proyectos-de-inteligencia-artificial-en-empresas-y-salud-evalue-asesores\/","name":"RedIA y RedIA Salud: 180 millones de euros para proyectos de inteligencia artificial en empresas y salud evalue asesores - bip4ex","isPartOf":{"@id":"https:\/\/helloproject.es\/vigilancia\/#website"},"primaryImageOfPage":{"@id":"https:\/\/helloproject.es\/vigilancia\/redia-y-redia-salud-180-millones-de-euros-para-proyectos-de-inteligencia-artificial-en-empresas-y-salud-evalue-asesores\/#primaryimage"},"image":{"@id":"https:\/\/helloproject.es\/vigilancia\/redia-y-redia-salud-180-millones-de-euros-para-proyectos-de-inteligencia-artificial-en-empresas-y-salud-evalue-asesores\/#primaryimage"},"thumbnailUrl":"https:\/\/www.evalueconsultores.com\/wp-content\/uploads\/2023\/07\/85-2-300x300.png","datePublished":"2025-07-21T07:29:10+00:00","breadcrumb":{"@id":"https:\/\/helloproject.es\/vigilancia\/redia-y-redia-salud-180-millones-de-euros-para-proyectos-de-inteligencia-artificial-en-empresas-y-salud-evalue-asesores\/#breadcrumb"},"inLanguage":"es","potentialAction":[{"@type":"ReadAction","target":["https:\/\/helloproject.es\/vigilancia\/redia-y-redia-salud-180-millones-de-euros-para-proyectos-de-inteligencia-artificial-en-empresas-y-salud-evalue-asesores\/"]}]},{"@type":"ImageObject","inLanguage":"es","@id":"https:\/\/helloproject.es\/vigilancia\/redia-y-redia-salud-180-millones-de-euros-para-proyectos-de-inteligencia-artificial-en-empresas-y-salud-evalue-asesores\/#primaryimage","url":"https:\/\/www.evalueconsultores.com\/wp-content\/uploads\/2023\/07\/85-2-300x300.png","contentUrl":"https:\/\/www.evalueconsultores.com\/wp-content\/uploads\/2023\/07\/85-2-300x300.png"},{"@type":"BreadcrumbList","@id":"https:\/\/helloproject.es\/vigilancia\/redia-y-redia-salud-180-millones-de-euros-para-proyectos-de-inteligencia-artificial-en-empresas-y-salud-evalue-asesores\/#breadcrumb","itemListElement":[{"@type":"ListItem","position":1,"name":"Home","item":"https:\/\/helloproject.es\/vigilancia\/"},{"@type":"ListItem","position":2,"name":"RedIA y RedIA Salud: 180 millones de euros para proyectos de inteligencia artificial en empresas y salud evalue asesores"}]},{"@type":"WebSite","@id":"https:\/\/helloproject.es\/vigilancia\/#website","url":"https:\/\/helloproject.es\/vigilancia\/","name":"bip4ex","description":"Vigilancia Tecnol\u00f3gica","publisher":{"@id":"https:\/\/helloproject.es\/vigilancia\/#organization"},"potentialAction":[{"@type":"SearchAction","target":{"@type":"EntryPoint","urlTemplate":"https:\/\/helloproject.es\/vigilancia\/?s={search_term_string}"},"query-input":{"@type":"PropertyValueSpecification","valueRequired":true,"valueName":"search_term_string"}}],"inLanguage":"es"},{"@type":"Organization","@id":"https:\/\/helloproject.es\/vigilancia\/#organization","name":"Helloproject.es","url":"https:\/\/helloproject.es\/vigilancia\/","logo":{"@type":"ImageObject","inLanguage":"es","@id":"https:\/\/helloproject.es\/vigilancia\/#\/schema\/logo\/image\/","url":"https:\/\/helloproject.es\/vigilancia\/wp-content\/uploads\/2023\/07\/bip4ex.png","contentUrl":"https:\/\/helloproject.es\/vigilancia\/wp-content\/uploads\/2023\/07\/bip4ex.png","width":322,"height":365,"caption":"Helloproject.es"},"image":{"@id":"https:\/\/helloproject.es\/vigilancia\/#\/schema\/logo\/image\/"}},{"@type":"Person","@id":"https:\/\/helloproject.es\/vigilancia\/#\/schema\/person\/3767b0619d59a11570372c821f8619ca","name":"Luis Miguel Mej\u00edas Ramos","url":"https:\/\/helloproject.es\/vigilancia\/author\/luismi\/"}]}},"_links":{"self":[{"href":"https:\/\/helloproject.es\/vigilancia\/wp-json\/wp\/v2\/posts\/158503","targetHints":{"allow":["GET"]}}],"collection":[{"href":"https:\/\/helloproject.es\/vigilancia\/wp-json\/wp\/v2\/posts"}],"about":[{"href":"https:\/\/helloproject.es\/vigilancia\/wp-json\/wp\/v2\/types\/post"}],"author":[{"embeddable":true,"href":"https:\/\/helloproject.es\/vigilancia\/wp-json\/wp\/v2\/users\/5"}],"replies":[{"embeddable":true,"href":"https:\/\/helloproject.es\/vigilancia\/wp-json\/wp\/v2\/comments?post=158503"}],"version-history":[{"count":0,"href":"https:\/\/helloproject.es\/vigilancia\/wp-json\/wp\/v2\/posts\/158503\/revisions"}],"wp:attachment":[{"href":"https:\/\/helloproject.es\/vigilancia\/wp-json\/wp\/v2\/media?parent=158503"}],"wp:term":[{"taxonomy":"category","embeddable":true,"href":"https:\/\/helloproject.es\/vigilancia\/wp-json\/wp\/v2\/categories?post=158503"},{"taxonomy":"post_tag","embeddable":true,"href":"https:\/\/helloproject.es\/vigilancia\/wp-json\/wp\/v2\/tags?post=158503"}],"curies":[{"name":"wp","href":"https:\/\/api.w.org\/{rel}","templated":true}]}}