{"id":158617,"date":"2025-07-21T11:28:41","date_gmt":"2025-07-21T10:28:41","guid":{"rendered":"https:\/\/helloproject.es\/vigilancia\/tener-un-movil-antes-de-los-13-anos-perjudica-la-salud-mental\/"},"modified":"2025-07-21T11:28:41","modified_gmt":"2025-07-21T10:28:41","slug":"tener-un-movil-antes-de-los-13-anos-perjudica-la-salud-mental","status":"publish","type":"post","link":"https:\/\/helloproject.es\/vigilancia\/tener-un-movil-antes-de-los-13-anos-perjudica-la-salud-mental\/","title":{"rendered":"Tener un m\u00f3vil antes de los 13 a\u00f1os perjudica la salud mental"},"content":{"rendered":"<p>Poseer un m\u00f3vil antes de los 13 a\u00f1os compromete la salud mental en la juventud adulta, seg\u00fan los resultados de un estudio realizado con datos de m\u00e1s de 100 000 j\u00f3venes, que recoge este lunes la revista cient\u00edfica Journal of Human Development and Capabilities.<\/p>\n<p>Tener un m\u00f3vil antes de los 13 a\u00f1os se asocia\u00a0con una menor empat\u00eda en los hombres<\/p>\n<p>El estudio revela que los j\u00f3venes de entre 18 y 24 a\u00f1os que recibieron su primer tel\u00e9fono inteligente a los 12 a\u00f1os o antes son m\u00e1s propensos a presentar pensamientos suicidas, agresividad, desconexi\u00f3n de la realidad, mala estabilidad emocional, o baja autoestima.<\/p>\n<p>La propiedad de un m\u00f3vil antes de los 13 a\u00f1os tambi\u00e9n se asocia con una disminuci\u00f3n de la autoestima y la resiliencia emocional entre las mujeres, y con una menor estabilidad, tranquilidad, confianza en s\u00ed mismos y empat\u00eda entre los hombres, cuando unas y otros se hacen adultos.<\/p>\n<p>Un an\u00e1lisis m\u00e1s detallado indica que el acceso temprano a las redes sociales explica alrededor del 40 % de la relaci\u00f3n entre la propiedad de un m\u00f3vil en la primera infancia y la mala salud mental posterior, del 13 % de las malas relaciones familiares, del 10% del ciberacoso, y del 12 % de los trastornos del sue\u00f1o.<\/p>\n<p><a><\/a><\/p>\n<h2>Comparaci\u00f3n con otras personas<\/h2>\n<p>La implicaci\u00f3n de las redes sociales en la mala salud mental de los j\u00f3venes que hicieron uso de ellas de ni\u00f1os tiene mucho que ver, seg\u00fan los autores, con cuestiones como que fomentan las comparaciones entre personas, acaparan mucho tiempo y horas de sue\u00f1o, y sus algoritmos amplifican los contenidos nocivos.<\/p>\n<p>Los efectos negativos de las redes sociales negativos de las redes sociales son especialmente perjudiciales para los ni\u00f1os dada su vulnerabilidad\u00a0<\/p>\n<p>Estos efectos negativos de las redes sociales son \u201cespecialmente perjudiciales para los ni\u00f1os dada su vulnerabilidad y su falta de experiencia en el mundo\u201d.<\/p>\n<p>El estudio ha sido realizado por Sapien Labs, una organizaci\u00f3n cient\u00edfica fundada y dirigida por la neurocient\u00edfica de la Universidad estadounidense de Stanford, Tara Thiagarajan, que alberga una de las mayores base de datos del mundo sobre salud mental.<\/p>\n<p>Thiagarajan, autora principal del estudio, y su equipo utilizan el Mind Health Quotient, una herramienta de autoevaluaci\u00f3n psiqui\u00e1trica que mide el bienestar social, emocional, cognitivo y f\u00edsico, para generar una puntuaci\u00f3n global de \u201csalud mental\u201d.<\/p>\n<p>\u201cHemos visto que la posesi\u00f3n temprana de un m\u00f3vil inteligente, y el acceso a las redes sociales que conlleva, est\u00e1 relacionada con un profundo cambio en la salud mental y el bienestar en la edad adulta temprana\u201d, se\u00f1ala Thiagarajan.<\/p>\n<p>\u201cEsta asociaci\u00f3n est\u00e1 relacionada por varios factores, entre los que se incluyen el acceso temprano a las redes sociales, el ciberacoso, los trastornos del sue\u00f1o y las malas relaciones familiares, que dan lugar a s\u00edntomas en la edad adulta que no son los tradicionales de la depresi\u00f3n o la ansiedad\u201d, continua la neurocient\u00edfica en un comunicado de Sapien Labs.<\/p>\n<p><a><\/a><\/p>\n<h2>Aumento de incidencia en adultos j\u00f3venes<\/h2>\n<p>La incidencia de estas patolog\u00edas (especialmente la agresividad, el distanciamiento de la realidad y los pensamientos suicidas) est\u00e1 aumentando en adultos j\u00f3venes.<\/p>\n<p>\u201cBas\u00e1ndonos en estos hallazgos, y dado que la edad de los primeros tel\u00e9fonos inteligentes es ahora muy inferior a los 13 a\u00f1os en todo el mundo, instamos a los responsables pol\u00edticos a que adopten un enfoque preventivo, similar a las regulaciones sobre el alcohol y el tabaco, restringiendo el acceso a los tel\u00e9fonos inteligentes a los menores\u201d, subraya la neurocient\u00edfica.<\/p>\n<p><img decoding=\"async\" src=\"https:\/\/www.agenciasinc.es\/bundles\/app\/images\/quotebefore.png\" \/><\/p>\n<p>Instamos a los responsables pol\u00edticos a que adopten un\u00a0enfoque preventivo, similar a las regulaciones sobre el alcohol y el tabaco<\/p>\n<p>Tara Thiagarajan, Univ. Stanford<br \/>\n<img decoding=\"async\" src=\"https:\/\/www.agenciasinc.es\/bundles\/app\/images\/quoteafter.png\" \/><\/p>\n<p>La edad media de adquisici\u00f3n del primer tel\u00e9fono inteligente sigue disminuyendo. Y, a pesar de que la edad m\u00ednima para usar las redes sociales est\u00e1 en los 13 a\u00f1os, la aplicaci\u00f3n de esta norma es inconsistente y hay formas de evadirla, recuerda el art\u00edculo.<\/p>\n<p>Aunque los autores reconocen la limitaci\u00f3n de que su estudio est\u00e9 basado solo en el an\u00e1lisis de datos, sostienen que \u201cla magnitud del da\u00f1o potencial es demasiado grande como para ignorarla y justifica una respuesta preventiva\u201d.<\/p>","protected":false},"excerpt":{"rendered":"<p>Poseer un m\u00f3vil antes de los 13 a\u00f1os compromete la salud mental en la juventud adulta, seg\u00fan los resultados de un estudio realizado con datos de m\u00e1s de 100 000 j\u00f3venes, que recoge este lunes la revista cient\u00edfica Journal of Human Development and Capabilities. Tener un m\u00f3vil antes de los 13 a\u00f1os se asocia\u00a0con una [&hellip;]<\/p>\n","protected":false},"author":5,"featured_media":0,"comment_status":"","ping_status":"","sticky":false,"template":"","format":"standard","meta":{"site-sidebar-layout":"default","site-content-layout":"","ast-site-content-layout":"default","site-content-style":"default","site-sidebar-style":"default","ast-global-header-display":"","ast-banner-title-visibility":"","ast-main-header-display":"","ast-hfb-above-header-display":"","ast-hfb-below-header-display":"","ast-hfb-mobile-header-display":"","site-post-title":"","ast-breadcrumbs-content":"","ast-featured-img":"","footer-sml-layout":"","ast-disable-related-posts":"","theme-transparent-header-meta":"","adv-header-id-meta":"","stick-header-meta":"","header-above-stick-meta":"","header-main-stick-meta":"","header-below-stick-meta":"","astra-migrate-meta-layouts":"default","ast-page-background-enabled":"default","ast-page-background-meta":{"desktop":{"background-color":"var(--ast-global-color-4)","background-image":"","background-repeat":"repeat","background-position":"center center","background-size":"auto","background-attachment":"scroll","background-type":"","background-media":"","overlay-type":"","overlay-color":"","overlay-opacity":"","overlay-gradient":""},"tablet":{"background-color":"","background-image":"","background-repeat":"repeat","background-position":"center center","background-size":"auto","background-attachment":"scroll","background-type":"","background-media":"","overlay-type":"","overlay-color":"","overlay-opacity":"","overlay-gradient":""},"mobile":{"background-color":"","background-image":"","background-repeat":"repeat","background-position":"center center","background-size":"auto","background-attachment":"scroll","background-type":"","background-media":"","overlay-type":"","overlay-color":"","overlay-opacity":"","overlay-gradient":""}},"ast-content-background-meta":{"desktop":{"background-color":"var(--ast-global-color-5)","background-image":"","background-repeat":"repeat","background-position":"center center","background-size":"auto","background-attachment":"scroll","background-type":"","background-media":"","overlay-type":"","overlay-color":"","overlay-opacity":"","overlay-gradient":""},"tablet":{"background-color":"var(--ast-global-color-5)","background-image":"","background-repeat":"repeat","background-position":"center center","background-size":"auto","background-attachment":"scroll","background-type":"","background-media":"","overlay-type":"","overlay-color":"","overlay-opacity":"","overlay-gradient":""},"mobile":{"background-color":"var(--ast-global-color-5)","background-image":"","background-repeat":"repeat","background-position":"center center","background-size":"auto","background-attachment":"scroll","background-type":"","background-media":"","overlay-type":"","overlay-color":"","overlay-opacity":"","overlay-gradient":""}},"footnotes":""},"categories":[5],"tags":[],"class_list":["post-158617","post","type-post","status-publish","format-standard","hentry","category-noticias"],"yoast_head":"<!-- This site is optimized with the Yoast SEO Premium plugin v20.9 (Yoast SEO v27.4) - https:\/\/yoast.com\/product\/yoast-seo-premium-wordpress\/ -->\n<title>Tener un m\u00f3vil antes de los 13 a\u00f1os perjudica la salud mental - bip4ex<\/title>\n<meta name=\"robots\" content=\"index, follow, max-snippet:-1, max-image-preview:large, max-video-preview:-1\" \/>\n<link rel=\"canonical\" href=\"https:\/\/helloproject.es\/vigilancia\/tener-un-movil-antes-de-los-13-anos-perjudica-la-salud-mental\/\" \/>\n<meta property=\"og:locale\" content=\"es_ES\" \/>\n<meta property=\"og:type\" content=\"article\" \/>\n<meta property=\"og:title\" content=\"Tener un m\u00f3vil antes de los 13 a\u00f1os perjudica la salud mental\" \/>\n<meta property=\"og:description\" content=\"Poseer un m\u00f3vil antes de los 13 a\u00f1os compromete la salud mental en la juventud adulta, seg\u00fan los resultados de un estudio realizado con datos de m\u00e1s de 100 000 j\u00f3venes, que recoge este lunes la revista cient\u00edfica Journal of Human Development and Capabilities. Tener un m\u00f3vil antes de los 13 a\u00f1os se asocia\u00a0con una [&hellip;]\" \/>\n<meta property=\"og:url\" content=\"https:\/\/helloproject.es\/vigilancia\/tener-un-movil-antes-de-los-13-anos-perjudica-la-salud-mental\/\" \/>\n<meta property=\"og:site_name\" content=\"bip4ex\" \/>\n<meta property=\"article:published_time\" content=\"2025-07-21T10:28:41+00:00\" \/>\n<meta property=\"og:image\" content=\"https:\/\/www.agenciasinc.es\/bundles\/app\/images\/quotebefore.png\" \/>\n<meta name=\"author\" content=\"Luis Miguel Mej\u00edas Ramos\" \/>\n<meta name=\"twitter:card\" content=\"summary_large_image\" \/>\n<meta name=\"twitter:label1\" content=\"Escrito por\" \/>\n\t<meta name=\"twitter:data1\" content=\"Luis Miguel Mej\u00edas Ramos\" \/>\n\t<meta name=\"twitter:label2\" content=\"Tiempo de lectura\" \/>\n\t<meta name=\"twitter:data2\" content=\"4 minutos\" \/>\n<script type=\"application\/ld+json\" class=\"yoast-schema-graph\">{\"@context\":\"https:\\\/\\\/schema.org\",\"@graph\":[{\"@type\":\"Article\",\"@id\":\"https:\\\/\\\/helloproject.es\\\/vigilancia\\\/tener-un-movil-antes-de-los-13-anos-perjudica-la-salud-mental\\\/#article\",\"isPartOf\":{\"@id\":\"https:\\\/\\\/helloproject.es\\\/vigilancia\\\/tener-un-movil-antes-de-los-13-anos-perjudica-la-salud-mental\\\/\"},\"author\":{\"name\":\"Luis Miguel Mej\u00edas Ramos\",\"@id\":\"https:\\\/\\\/helloproject.es\\\/vigilancia\\\/#\\\/schema\\\/person\\\/3767b0619d59a11570372c821f8619ca\"},\"headline\":\"Tener un m\u00f3vil antes de los 13 a\u00f1os perjudica la salud mental\",\"datePublished\":\"2025-07-21T10:28:41+00:00\",\"mainEntityOfPage\":{\"@id\":\"https:\\\/\\\/helloproject.es\\\/vigilancia\\\/tener-un-movil-antes-de-los-13-anos-perjudica-la-salud-mental\\\/\"},\"wordCount\":737,\"publisher\":{\"@id\":\"https:\\\/\\\/helloproject.es\\\/vigilancia\\\/#organization\"},\"image\":{\"@id\":\"https:\\\/\\\/helloproject.es\\\/vigilancia\\\/tener-un-movil-antes-de-los-13-anos-perjudica-la-salud-mental\\\/#primaryimage\"},\"thumbnailUrl\":\"https:\\\/\\\/www.agenciasinc.es\\\/bundles\\\/app\\\/images\\\/quotebefore.png\",\"articleSection\":[\"Noticias\"],\"inLanguage\":\"es\"},{\"@type\":\"WebPage\",\"@id\":\"https:\\\/\\\/helloproject.es\\\/vigilancia\\\/tener-un-movil-antes-de-los-13-anos-perjudica-la-salud-mental\\\/\",\"url\":\"https:\\\/\\\/helloproject.es\\\/vigilancia\\\/tener-un-movil-antes-de-los-13-anos-perjudica-la-salud-mental\\\/\",\"name\":\"Tener un m\u00f3vil antes de los 13 a\u00f1os perjudica la salud mental - bip4ex\",\"isPartOf\":{\"@id\":\"https:\\\/\\\/helloproject.es\\\/vigilancia\\\/#website\"},\"primaryImageOfPage\":{\"@id\":\"https:\\\/\\\/helloproject.es\\\/vigilancia\\\/tener-un-movil-antes-de-los-13-anos-perjudica-la-salud-mental\\\/#primaryimage\"},\"image\":{\"@id\":\"https:\\\/\\\/helloproject.es\\\/vigilancia\\\/tener-un-movil-antes-de-los-13-anos-perjudica-la-salud-mental\\\/#primaryimage\"},\"thumbnailUrl\":\"https:\\\/\\\/www.agenciasinc.es\\\/bundles\\\/app\\\/images\\\/quotebefore.png\",\"datePublished\":\"2025-07-21T10:28:41+00:00\",\"breadcrumb\":{\"@id\":\"https:\\\/\\\/helloproject.es\\\/vigilancia\\\/tener-un-movil-antes-de-los-13-anos-perjudica-la-salud-mental\\\/#breadcrumb\"},\"inLanguage\":\"es\",\"potentialAction\":[{\"@type\":\"ReadAction\",\"target\":[\"https:\\\/\\\/helloproject.es\\\/vigilancia\\\/tener-un-movil-antes-de-los-13-anos-perjudica-la-salud-mental\\\/\"]}]},{\"@type\":\"ImageObject\",\"inLanguage\":\"es\",\"@id\":\"https:\\\/\\\/helloproject.es\\\/vigilancia\\\/tener-un-movil-antes-de-los-13-anos-perjudica-la-salud-mental\\\/#primaryimage\",\"url\":\"https:\\\/\\\/www.agenciasinc.es\\\/bundles\\\/app\\\/images\\\/quotebefore.png\",\"contentUrl\":\"https:\\\/\\\/www.agenciasinc.es\\\/bundles\\\/app\\\/images\\\/quotebefore.png\"},{\"@type\":\"BreadcrumbList\",\"@id\":\"https:\\\/\\\/helloproject.es\\\/vigilancia\\\/tener-un-movil-antes-de-los-13-anos-perjudica-la-salud-mental\\\/#breadcrumb\",\"itemListElement\":[{\"@type\":\"ListItem\",\"position\":1,\"name\":\"Home\",\"item\":\"https:\\\/\\\/helloproject.es\\\/vigilancia\\\/\"},{\"@type\":\"ListItem\",\"position\":2,\"name\":\"Tener un m\u00f3vil antes de los 13 a\u00f1os perjudica la salud mental\"}]},{\"@type\":\"WebSite\",\"@id\":\"https:\\\/\\\/helloproject.es\\\/vigilancia\\\/#website\",\"url\":\"https:\\\/\\\/helloproject.es\\\/vigilancia\\\/\",\"name\":\"bip4ex\",\"description\":\"Vigilancia Tecnol\u00f3gica\",\"publisher\":{\"@id\":\"https:\\\/\\\/helloproject.es\\\/vigilancia\\\/#organization\"},\"potentialAction\":[{\"@type\":\"SearchAction\",\"target\":{\"@type\":\"EntryPoint\",\"urlTemplate\":\"https:\\\/\\\/helloproject.es\\\/vigilancia\\\/?s={search_term_string}\"},\"query-input\":{\"@type\":\"PropertyValueSpecification\",\"valueRequired\":true,\"valueName\":\"search_term_string\"}}],\"inLanguage\":\"es\"},{\"@type\":\"Organization\",\"@id\":\"https:\\\/\\\/helloproject.es\\\/vigilancia\\\/#organization\",\"name\":\"Helloproject.es\",\"url\":\"https:\\\/\\\/helloproject.es\\\/vigilancia\\\/\",\"logo\":{\"@type\":\"ImageObject\",\"inLanguage\":\"es\",\"@id\":\"https:\\\/\\\/helloproject.es\\\/vigilancia\\\/#\\\/schema\\\/logo\\\/image\\\/\",\"url\":\"https:\\\/\\\/helloproject.es\\\/vigilancia\\\/wp-content\\\/uploads\\\/2023\\\/07\\\/bip4ex.png\",\"contentUrl\":\"https:\\\/\\\/helloproject.es\\\/vigilancia\\\/wp-content\\\/uploads\\\/2023\\\/07\\\/bip4ex.png\",\"width\":322,\"height\":365,\"caption\":\"Helloproject.es\"},\"image\":{\"@id\":\"https:\\\/\\\/helloproject.es\\\/vigilancia\\\/#\\\/schema\\\/logo\\\/image\\\/\"}},{\"@type\":\"Person\",\"@id\":\"https:\\\/\\\/helloproject.es\\\/vigilancia\\\/#\\\/schema\\\/person\\\/3767b0619d59a11570372c821f8619ca\",\"name\":\"Luis Miguel Mej\u00edas Ramos\",\"url\":\"https:\\\/\\\/helloproject.es\\\/vigilancia\\\/author\\\/luismi\\\/\"}]}<\/script>\n<!-- \/ Yoast SEO Premium plugin. -->","yoast_head_json":{"title":"Tener un m\u00f3vil antes de los 13 a\u00f1os perjudica la salud mental - bip4ex","robots":{"index":"index","follow":"follow","max-snippet":"max-snippet:-1","max-image-preview":"max-image-preview:large","max-video-preview":"max-video-preview:-1"},"canonical":"https:\/\/helloproject.es\/vigilancia\/tener-un-movil-antes-de-los-13-anos-perjudica-la-salud-mental\/","og_locale":"es_ES","og_type":"article","og_title":"Tener un m\u00f3vil antes de los 13 a\u00f1os perjudica la salud mental","og_description":"Poseer un m\u00f3vil antes de los 13 a\u00f1os compromete la salud mental en la juventud adulta, seg\u00fan los resultados de un estudio realizado con datos de m\u00e1s de 100 000 j\u00f3venes, que recoge este lunes la revista cient\u00edfica Journal of Human Development and Capabilities. Tener un m\u00f3vil antes de los 13 a\u00f1os se asocia\u00a0con una [&hellip;]","og_url":"https:\/\/helloproject.es\/vigilancia\/tener-un-movil-antes-de-los-13-anos-perjudica-la-salud-mental\/","og_site_name":"bip4ex","article_published_time":"2025-07-21T10:28:41+00:00","og_image":[{"url":"https:\/\/www.agenciasinc.es\/bundles\/app\/images\/quotebefore.png","type":"","width":"","height":""}],"author":"Luis Miguel Mej\u00edas Ramos","twitter_card":"summary_large_image","twitter_misc":{"Escrito por":"Luis Miguel Mej\u00edas Ramos","Tiempo de lectura":"4 minutos"},"schema":{"@context":"https:\/\/schema.org","@graph":[{"@type":"Article","@id":"https:\/\/helloproject.es\/vigilancia\/tener-un-movil-antes-de-los-13-anos-perjudica-la-salud-mental\/#article","isPartOf":{"@id":"https:\/\/helloproject.es\/vigilancia\/tener-un-movil-antes-de-los-13-anos-perjudica-la-salud-mental\/"},"author":{"name":"Luis Miguel Mej\u00edas Ramos","@id":"https:\/\/helloproject.es\/vigilancia\/#\/schema\/person\/3767b0619d59a11570372c821f8619ca"},"headline":"Tener un m\u00f3vil antes de los 13 a\u00f1os perjudica la salud mental","datePublished":"2025-07-21T10:28:41+00:00","mainEntityOfPage":{"@id":"https:\/\/helloproject.es\/vigilancia\/tener-un-movil-antes-de-los-13-anos-perjudica-la-salud-mental\/"},"wordCount":737,"publisher":{"@id":"https:\/\/helloproject.es\/vigilancia\/#organization"},"image":{"@id":"https:\/\/helloproject.es\/vigilancia\/tener-un-movil-antes-de-los-13-anos-perjudica-la-salud-mental\/#primaryimage"},"thumbnailUrl":"https:\/\/www.agenciasinc.es\/bundles\/app\/images\/quotebefore.png","articleSection":["Noticias"],"inLanguage":"es"},{"@type":"WebPage","@id":"https:\/\/helloproject.es\/vigilancia\/tener-un-movil-antes-de-los-13-anos-perjudica-la-salud-mental\/","url":"https:\/\/helloproject.es\/vigilancia\/tener-un-movil-antes-de-los-13-anos-perjudica-la-salud-mental\/","name":"Tener un m\u00f3vil antes de los 13 a\u00f1os perjudica la salud mental - bip4ex","isPartOf":{"@id":"https:\/\/helloproject.es\/vigilancia\/#website"},"primaryImageOfPage":{"@id":"https:\/\/helloproject.es\/vigilancia\/tener-un-movil-antes-de-los-13-anos-perjudica-la-salud-mental\/#primaryimage"},"image":{"@id":"https:\/\/helloproject.es\/vigilancia\/tener-un-movil-antes-de-los-13-anos-perjudica-la-salud-mental\/#primaryimage"},"thumbnailUrl":"https:\/\/www.agenciasinc.es\/bundles\/app\/images\/quotebefore.png","datePublished":"2025-07-21T10:28:41+00:00","breadcrumb":{"@id":"https:\/\/helloproject.es\/vigilancia\/tener-un-movil-antes-de-los-13-anos-perjudica-la-salud-mental\/#breadcrumb"},"inLanguage":"es","potentialAction":[{"@type":"ReadAction","target":["https:\/\/helloproject.es\/vigilancia\/tener-un-movil-antes-de-los-13-anos-perjudica-la-salud-mental\/"]}]},{"@type":"ImageObject","inLanguage":"es","@id":"https:\/\/helloproject.es\/vigilancia\/tener-un-movil-antes-de-los-13-anos-perjudica-la-salud-mental\/#primaryimage","url":"https:\/\/www.agenciasinc.es\/bundles\/app\/images\/quotebefore.png","contentUrl":"https:\/\/www.agenciasinc.es\/bundles\/app\/images\/quotebefore.png"},{"@type":"BreadcrumbList","@id":"https:\/\/helloproject.es\/vigilancia\/tener-un-movil-antes-de-los-13-anos-perjudica-la-salud-mental\/#breadcrumb","itemListElement":[{"@type":"ListItem","position":1,"name":"Home","item":"https:\/\/helloproject.es\/vigilancia\/"},{"@type":"ListItem","position":2,"name":"Tener un m\u00f3vil antes de los 13 a\u00f1os perjudica la salud mental"}]},{"@type":"WebSite","@id":"https:\/\/helloproject.es\/vigilancia\/#website","url":"https:\/\/helloproject.es\/vigilancia\/","name":"bip4ex","description":"Vigilancia Tecnol\u00f3gica","publisher":{"@id":"https:\/\/helloproject.es\/vigilancia\/#organization"},"potentialAction":[{"@type":"SearchAction","target":{"@type":"EntryPoint","urlTemplate":"https:\/\/helloproject.es\/vigilancia\/?s={search_term_string}"},"query-input":{"@type":"PropertyValueSpecification","valueRequired":true,"valueName":"search_term_string"}}],"inLanguage":"es"},{"@type":"Organization","@id":"https:\/\/helloproject.es\/vigilancia\/#organization","name":"Helloproject.es","url":"https:\/\/helloproject.es\/vigilancia\/","logo":{"@type":"ImageObject","inLanguage":"es","@id":"https:\/\/helloproject.es\/vigilancia\/#\/schema\/logo\/image\/","url":"https:\/\/helloproject.es\/vigilancia\/wp-content\/uploads\/2023\/07\/bip4ex.png","contentUrl":"https:\/\/helloproject.es\/vigilancia\/wp-content\/uploads\/2023\/07\/bip4ex.png","width":322,"height":365,"caption":"Helloproject.es"},"image":{"@id":"https:\/\/helloproject.es\/vigilancia\/#\/schema\/logo\/image\/"}},{"@type":"Person","@id":"https:\/\/helloproject.es\/vigilancia\/#\/schema\/person\/3767b0619d59a11570372c821f8619ca","name":"Luis Miguel Mej\u00edas Ramos","url":"https:\/\/helloproject.es\/vigilancia\/author\/luismi\/"}]}},"_links":{"self":[{"href":"https:\/\/helloproject.es\/vigilancia\/wp-json\/wp\/v2\/posts\/158617","targetHints":{"allow":["GET"]}}],"collection":[{"href":"https:\/\/helloproject.es\/vigilancia\/wp-json\/wp\/v2\/posts"}],"about":[{"href":"https:\/\/helloproject.es\/vigilancia\/wp-json\/wp\/v2\/types\/post"}],"author":[{"embeddable":true,"href":"https:\/\/helloproject.es\/vigilancia\/wp-json\/wp\/v2\/users\/5"}],"replies":[{"embeddable":true,"href":"https:\/\/helloproject.es\/vigilancia\/wp-json\/wp\/v2\/comments?post=158617"}],"version-history":[{"count":0,"href":"https:\/\/helloproject.es\/vigilancia\/wp-json\/wp\/v2\/posts\/158617\/revisions"}],"wp:attachment":[{"href":"https:\/\/helloproject.es\/vigilancia\/wp-json\/wp\/v2\/media?parent=158617"}],"wp:term":[{"taxonomy":"category","embeddable":true,"href":"https:\/\/helloproject.es\/vigilancia\/wp-json\/wp\/v2\/categories?post=158617"},{"taxonomy":"post_tag","embeddable":true,"href":"https:\/\/helloproject.es\/vigilancia\/wp-json\/wp\/v2\/tags?post=158617"}],"curies":[{"name":"wp","href":"https:\/\/api.w.org\/{rel}","templated":true}]}}