{"id":158623,"date":"2025-07-21T11:29:10","date_gmt":"2025-07-21T10:29:10","guid":{"rendered":"https:\/\/helloproject.es\/vigilancia\/30-magnificas-obras-resumen-el-trabajo-del-taller-de-restauracion-diputacion-diocesis-2025\/"},"modified":"2025-07-21T11:29:10","modified_gmt":"2025-07-21T10:29:10","slug":"30-magnificas-obras-resumen-el-trabajo-del-taller-de-restauracion-diputacion-diocesis-2025","status":"publish","type":"post","link":"https:\/\/helloproject.es\/vigilancia\/30-magnificas-obras-resumen-el-trabajo-del-taller-de-restauracion-diputacion-diocesis-2025\/","title":{"rendered":"30 magn\u00edficas obras resumen el trabajo del taller de restauraci\u00f3n Diputaci\u00f3n-Di\u00f3cesis 2025"},"content":{"rendered":"<p><span>30 magn\u00edficas obras resumen el trabajo del taller de restauraci\u00f3n Diputaci\u00f3n-Di\u00f3cesis 2025<\/span><\/p>\n<div>\n<div>Fecha de noticia<\/div>\n<div>Lunes, 21 de Julio de 2025\n<\/div>\n<\/div>\n<p><span><span>prensa<\/span><\/span><br \/>\n<span>Lun, 21\/07\/2025 &#8211; 12:01<br \/>\n<\/span><\/p>\n<div>La Diputaci\u00f3n de Palencia y la Di\u00f3cesis inauguran \u201cPatrimonio Restaurado\u201d, una muestra de 30 obras restauradas para poner en valor y proteger el patrimonio cultural de la provincia<\/div>\n<div>\n<ul>\n<li>\n<p class=\"text-align-justify\"><span>La sala de exposiciones del <strong>Centro Cultural Provincial<\/strong> acoge <strong>hasta el 8 de septiembre<\/strong> la exposici\u00f3n \u201cPatrimonio Restaurado 2025\u201d para mostrar al p\u00fablico el<strong> resultado de la labor realizada este a\u00f1o en el taller de restauraci\u00f3n\u00a0<\/strong>que financia la instituci\u00f3n provincial<strong>.<\/strong><\/span><\/p>\n<\/li>\n<li>\n<p class=\"text-align-justify\"><span>En total se muestran <strong>30 obras de arte procedentes<\/strong> <strong>de 27 de localidades<\/strong> en las que se han intervenido pinturas, esculturas como Cristos, V\u00edrgenes, Santos y escenas religiosas, relieves, y este a\u00f1o orfebrer\u00eda.<\/span><\/p>\n<\/li>\n<li>\n<p class=\"text-align-justify\"><span lang=\"ES-TRAD\"><\/span><span>El convenio de colaboraci\u00f3n suscrito entre ambas partes plasma la voluntad de ambas instituciones por conservar y recuperar las numerosas obras de arte que albergan los municipios palentinos; adem\u00e1s de consolidar un proyecto para la creaci\u00f3n de empleo, del que se benefician <strong>12 profesionales de la restauraci\u00f3n<\/strong> y que trabajan\u00a0<\/span><span lang=\"ES-TRAD\">en la consolidaci\u00f3n y tratamiento de obras de arte de la provincia.<\/span><strong><span lang=\"ES-TRAD\"><\/span><\/strong><\/p>\n<\/li>\n<\/ul>\n<p class=\"text-align-justify\"><strong><span lang=\"ES-TRAD\"><\/span><\/strong><\/p>\n<ul>\n<li>\n<p class=\"text-align-justify\"><span lang=\"ES-TRAD\"><\/span><span lang=\"ES-TRAD\">Desde <strong>febrero hasta julio de 2025 en el taller se ha intervenido en 44obras pertenecientes a 38 localidades<\/strong> de la Di\u00f3cesis. Y en las once ediciones de vida del taller ya se ha llegado a cerca de <strong>470 obras restauradas de unas 146 localidade<\/strong>s.<\/span><span lang=\"ES-TRAD\"><\/span><\/p>\n<\/li>\n<\/ul>\n<p class=\"text-align-justify\"><strong><span lang=\"ES-TRAD\"><\/span><\/strong><\/p>\n<ul>\n<li>\n<p class=\"text-align-justify\"><span lang=\"ES-TRAD\"><\/span><span lang=\"ES-TRAD\"><strong>El horario\u00a0<\/strong>de la sala es de 11:00 a 14:00 y de 17:00 a 21:00 de lunes a s\u00e1bado y domingos y festivos s\u00f3lo en horario de ma\u00f1ana.<\/span><\/p>\n<\/li>\n<\/ul>\n<\/div>","protected":false},"excerpt":{"rendered":"<p>30 magn\u00edficas obras resumen el trabajo del taller de restauraci\u00f3n Diputaci\u00f3n-Di\u00f3cesis 2025 Fecha de noticia Lunes, 21 de Julio de 2025 prensa Lun, 21\/07\/2025 &#8211; 12:01 La Diputaci\u00f3n de Palencia y la Di\u00f3cesis inauguran \u201cPatrimonio Restaurado\u201d, una muestra de 30 obras restauradas para poner en valor y proteger el patrimonio cultural de la provincia La [&hellip;]<\/p>\n","protected":false},"author":5,"featured_media":0,"comment_status":"","ping_status":"","sticky":false,"template":"","format":"standard","meta":{"site-sidebar-layout":"default","site-content-layout":"","ast-site-content-layout":"default","site-content-style":"default","site-sidebar-style":"default","ast-global-header-display":"","ast-banner-title-visibility":"","ast-main-header-display":"","ast-hfb-above-header-display":"","ast-hfb-below-header-display":"","ast-hfb-mobile-header-display":"","site-post-title":"","ast-breadcrumbs-content":"","ast-featured-img":"","footer-sml-layout":"","ast-disable-related-posts":"","theme-transparent-header-meta":"","adv-header-id-meta":"","stick-header-meta":"","header-above-stick-meta":"","header-main-stick-meta":"","header-below-stick-meta":"","astra-migrate-meta-layouts":"default","ast-page-background-enabled":"default","ast-page-background-meta":{"desktop":{"background-color":"var(--ast-global-color-4)","background-image":"","background-repeat":"repeat","background-position":"center center","background-size":"auto","background-attachment":"scroll","background-type":"","background-media":"","overlay-type":"","overlay-color":"","overlay-opacity":"","overlay-gradient":""},"tablet":{"background-color":"","background-image":"","background-repeat":"repeat","background-position":"center center","background-size":"auto","background-attachment":"scroll","background-type":"","background-media":"","overlay-type":"","overlay-color":"","overlay-opacity":"","overlay-gradient":""},"mobile":{"background-color":"","background-image":"","background-repeat":"repeat","background-position":"center center","background-size":"auto","background-attachment":"scroll","background-type":"","background-media":"","overlay-type":"","overlay-color":"","overlay-opacity":"","overlay-gradient":""}},"ast-content-background-meta":{"desktop":{"background-color":"var(--ast-global-color-5)","background-image":"","background-repeat":"repeat","background-position":"center center","background-size":"auto","background-attachment":"scroll","background-type":"","background-media":"","overlay-type":"","overlay-color":"","overlay-opacity":"","overlay-gradient":""},"tablet":{"background-color":"var(--ast-global-color-5)","background-image":"","background-repeat":"repeat","background-position":"center center","background-size":"auto","background-attachment":"scroll","background-type":"","background-media":"","overlay-type":"","overlay-color":"","overlay-opacity":"","overlay-gradient":""},"mobile":{"background-color":"var(--ast-global-color-5)","background-image":"","background-repeat":"repeat","background-position":"center center","background-size":"auto","background-attachment":"scroll","background-type":"","background-media":"","overlay-type":"","overlay-color":"","overlay-opacity":"","overlay-gradient":""}},"footnotes":""},"categories":[5],"tags":[],"class_list":["post-158623","post","type-post","status-publish","format-standard","hentry","category-noticias"],"yoast_head":"<!-- This site is optimized with the Yoast SEO Premium plugin v20.9 (Yoast SEO v27.4) - https:\/\/yoast.com\/product\/yoast-seo-premium-wordpress\/ -->\n<title>30 magn\u00edficas obras resumen el trabajo del taller de restauraci\u00f3n Diputaci\u00f3n-Di\u00f3cesis 2025 - bip4ex<\/title>\n<meta name=\"robots\" content=\"index, follow, max-snippet:-1, max-image-preview:large, max-video-preview:-1\" \/>\n<link rel=\"canonical\" href=\"https:\/\/helloproject.es\/vigilancia\/30-magnificas-obras-resumen-el-trabajo-del-taller-de-restauracion-diputacion-diocesis-2025\/\" \/>\n<meta property=\"og:locale\" content=\"es_ES\" \/>\n<meta property=\"og:type\" content=\"article\" \/>\n<meta property=\"og:title\" content=\"30 magn\u00edficas obras resumen el trabajo del taller de restauraci\u00f3n Diputaci\u00f3n-Di\u00f3cesis 2025\" \/>\n<meta property=\"og:description\" content=\"30 magn\u00edficas obras resumen el trabajo del taller de restauraci\u00f3n Diputaci\u00f3n-Di\u00f3cesis 2025 Fecha de noticia Lunes, 21 de Julio de 2025 prensa Lun, 21\/07\/2025 &#8211; 12:01 La Diputaci\u00f3n de Palencia y la Di\u00f3cesis inauguran \u201cPatrimonio Restaurado\u201d, una muestra de 30 obras restauradas para poner en valor y proteger el patrimonio cultural de la provincia La [&hellip;]\" \/>\n<meta property=\"og:url\" content=\"https:\/\/helloproject.es\/vigilancia\/30-magnificas-obras-resumen-el-trabajo-del-taller-de-restauracion-diputacion-diocesis-2025\/\" \/>\n<meta property=\"og:site_name\" content=\"bip4ex\" \/>\n<meta property=\"article:published_time\" content=\"2025-07-21T10:29:10+00:00\" \/>\n<meta name=\"author\" content=\"Luis Miguel Mej\u00edas Ramos\" \/>\n<meta name=\"twitter:card\" content=\"summary_large_image\" \/>\n<meta name=\"twitter:label1\" content=\"Escrito por\" \/>\n\t<meta name=\"twitter:data1\" content=\"Luis Miguel Mej\u00edas Ramos\" \/>\n\t<meta name=\"twitter:label2\" content=\"Tiempo de lectura\" \/>\n\t<meta name=\"twitter:data2\" content=\"1 minuto\" \/>\n<script type=\"application\/ld+json\" class=\"yoast-schema-graph\">{\"@context\":\"https:\\\/\\\/schema.org\",\"@graph\":[{\"@type\":\"Article\",\"@id\":\"https:\\\/\\\/helloproject.es\\\/vigilancia\\\/30-magnificas-obras-resumen-el-trabajo-del-taller-de-restauracion-diputacion-diocesis-2025\\\/#article\",\"isPartOf\":{\"@id\":\"https:\\\/\\\/helloproject.es\\\/vigilancia\\\/30-magnificas-obras-resumen-el-trabajo-del-taller-de-restauracion-diputacion-diocesis-2025\\\/\"},\"author\":{\"name\":\"Luis Miguel Mej\u00edas Ramos\",\"@id\":\"https:\\\/\\\/helloproject.es\\\/vigilancia\\\/#\\\/schema\\\/person\\\/3767b0619d59a11570372c821f8619ca\"},\"headline\":\"30 magn\u00edficas obras resumen el trabajo del taller de restauraci\u00f3n Diputaci\u00f3n-Di\u00f3cesis 2025\",\"datePublished\":\"2025-07-21T10:29:10+00:00\",\"mainEntityOfPage\":{\"@id\":\"https:\\\/\\\/helloproject.es\\\/vigilancia\\\/30-magnificas-obras-resumen-el-trabajo-del-taller-de-restauracion-diputacion-diocesis-2025\\\/\"},\"wordCount\":279,\"publisher\":{\"@id\":\"https:\\\/\\\/helloproject.es\\\/vigilancia\\\/#organization\"},\"articleSection\":[\"Noticias\"],\"inLanguage\":\"es\"},{\"@type\":\"WebPage\",\"@id\":\"https:\\\/\\\/helloproject.es\\\/vigilancia\\\/30-magnificas-obras-resumen-el-trabajo-del-taller-de-restauracion-diputacion-diocesis-2025\\\/\",\"url\":\"https:\\\/\\\/helloproject.es\\\/vigilancia\\\/30-magnificas-obras-resumen-el-trabajo-del-taller-de-restauracion-diputacion-diocesis-2025\\\/\",\"name\":\"30 magn\u00edficas obras resumen el trabajo del taller de restauraci\u00f3n Diputaci\u00f3n-Di\u00f3cesis 2025 - bip4ex\",\"isPartOf\":{\"@id\":\"https:\\\/\\\/helloproject.es\\\/vigilancia\\\/#website\"},\"datePublished\":\"2025-07-21T10:29:10+00:00\",\"breadcrumb\":{\"@id\":\"https:\\\/\\\/helloproject.es\\\/vigilancia\\\/30-magnificas-obras-resumen-el-trabajo-del-taller-de-restauracion-diputacion-diocesis-2025\\\/#breadcrumb\"},\"inLanguage\":\"es\",\"potentialAction\":[{\"@type\":\"ReadAction\",\"target\":[\"https:\\\/\\\/helloproject.es\\\/vigilancia\\\/30-magnificas-obras-resumen-el-trabajo-del-taller-de-restauracion-diputacion-diocesis-2025\\\/\"]}]},{\"@type\":\"BreadcrumbList\",\"@id\":\"https:\\\/\\\/helloproject.es\\\/vigilancia\\\/30-magnificas-obras-resumen-el-trabajo-del-taller-de-restauracion-diputacion-diocesis-2025\\\/#breadcrumb\",\"itemListElement\":[{\"@type\":\"ListItem\",\"position\":1,\"name\":\"Home\",\"item\":\"https:\\\/\\\/helloproject.es\\\/vigilancia\\\/\"},{\"@type\":\"ListItem\",\"position\":2,\"name\":\"30 magn\u00edficas obras resumen el trabajo del taller de restauraci\u00f3n Diputaci\u00f3n-Di\u00f3cesis 2025\"}]},{\"@type\":\"WebSite\",\"@id\":\"https:\\\/\\\/helloproject.es\\\/vigilancia\\\/#website\",\"url\":\"https:\\\/\\\/helloproject.es\\\/vigilancia\\\/\",\"name\":\"bip4ex\",\"description\":\"Vigilancia Tecnol\u00f3gica\",\"publisher\":{\"@id\":\"https:\\\/\\\/helloproject.es\\\/vigilancia\\\/#organization\"},\"potentialAction\":[{\"@type\":\"SearchAction\",\"target\":{\"@type\":\"EntryPoint\",\"urlTemplate\":\"https:\\\/\\\/helloproject.es\\\/vigilancia\\\/?s={search_term_string}\"},\"query-input\":{\"@type\":\"PropertyValueSpecification\",\"valueRequired\":true,\"valueName\":\"search_term_string\"}}],\"inLanguage\":\"es\"},{\"@type\":\"Organization\",\"@id\":\"https:\\\/\\\/helloproject.es\\\/vigilancia\\\/#organization\",\"name\":\"Helloproject.es\",\"url\":\"https:\\\/\\\/helloproject.es\\\/vigilancia\\\/\",\"logo\":{\"@type\":\"ImageObject\",\"inLanguage\":\"es\",\"@id\":\"https:\\\/\\\/helloproject.es\\\/vigilancia\\\/#\\\/schema\\\/logo\\\/image\\\/\",\"url\":\"https:\\\/\\\/helloproject.es\\\/vigilancia\\\/wp-content\\\/uploads\\\/2023\\\/07\\\/bip4ex.png\",\"contentUrl\":\"https:\\\/\\\/helloproject.es\\\/vigilancia\\\/wp-content\\\/uploads\\\/2023\\\/07\\\/bip4ex.png\",\"width\":322,\"height\":365,\"caption\":\"Helloproject.es\"},\"image\":{\"@id\":\"https:\\\/\\\/helloproject.es\\\/vigilancia\\\/#\\\/schema\\\/logo\\\/image\\\/\"}},{\"@type\":\"Person\",\"@id\":\"https:\\\/\\\/helloproject.es\\\/vigilancia\\\/#\\\/schema\\\/person\\\/3767b0619d59a11570372c821f8619ca\",\"name\":\"Luis Miguel Mej\u00edas Ramos\",\"url\":\"https:\\\/\\\/helloproject.es\\\/vigilancia\\\/author\\\/luismi\\\/\"}]}<\/script>\n<!-- \/ Yoast SEO Premium plugin. -->","yoast_head_json":{"title":"30 magn\u00edficas obras resumen el trabajo del taller de restauraci\u00f3n Diputaci\u00f3n-Di\u00f3cesis 2025 - bip4ex","robots":{"index":"index","follow":"follow","max-snippet":"max-snippet:-1","max-image-preview":"max-image-preview:large","max-video-preview":"max-video-preview:-1"},"canonical":"https:\/\/helloproject.es\/vigilancia\/30-magnificas-obras-resumen-el-trabajo-del-taller-de-restauracion-diputacion-diocesis-2025\/","og_locale":"es_ES","og_type":"article","og_title":"30 magn\u00edficas obras resumen el trabajo del taller de restauraci\u00f3n Diputaci\u00f3n-Di\u00f3cesis 2025","og_description":"30 magn\u00edficas obras resumen el trabajo del taller de restauraci\u00f3n Diputaci\u00f3n-Di\u00f3cesis 2025 Fecha de noticia Lunes, 21 de Julio de 2025 prensa Lun, 21\/07\/2025 &#8211; 12:01 La Diputaci\u00f3n de Palencia y la Di\u00f3cesis inauguran \u201cPatrimonio Restaurado\u201d, una muestra de 30 obras restauradas para poner en valor y proteger el patrimonio cultural de la provincia La [&hellip;]","og_url":"https:\/\/helloproject.es\/vigilancia\/30-magnificas-obras-resumen-el-trabajo-del-taller-de-restauracion-diputacion-diocesis-2025\/","og_site_name":"bip4ex","article_published_time":"2025-07-21T10:29:10+00:00","author":"Luis Miguel Mej\u00edas Ramos","twitter_card":"summary_large_image","twitter_misc":{"Escrito por":"Luis Miguel Mej\u00edas Ramos","Tiempo de lectura":"1 minuto"},"schema":{"@context":"https:\/\/schema.org","@graph":[{"@type":"Article","@id":"https:\/\/helloproject.es\/vigilancia\/30-magnificas-obras-resumen-el-trabajo-del-taller-de-restauracion-diputacion-diocesis-2025\/#article","isPartOf":{"@id":"https:\/\/helloproject.es\/vigilancia\/30-magnificas-obras-resumen-el-trabajo-del-taller-de-restauracion-diputacion-diocesis-2025\/"},"author":{"name":"Luis Miguel Mej\u00edas Ramos","@id":"https:\/\/helloproject.es\/vigilancia\/#\/schema\/person\/3767b0619d59a11570372c821f8619ca"},"headline":"30 magn\u00edficas obras resumen el trabajo del taller de restauraci\u00f3n Diputaci\u00f3n-Di\u00f3cesis 2025","datePublished":"2025-07-21T10:29:10+00:00","mainEntityOfPage":{"@id":"https:\/\/helloproject.es\/vigilancia\/30-magnificas-obras-resumen-el-trabajo-del-taller-de-restauracion-diputacion-diocesis-2025\/"},"wordCount":279,"publisher":{"@id":"https:\/\/helloproject.es\/vigilancia\/#organization"},"articleSection":["Noticias"],"inLanguage":"es"},{"@type":"WebPage","@id":"https:\/\/helloproject.es\/vigilancia\/30-magnificas-obras-resumen-el-trabajo-del-taller-de-restauracion-diputacion-diocesis-2025\/","url":"https:\/\/helloproject.es\/vigilancia\/30-magnificas-obras-resumen-el-trabajo-del-taller-de-restauracion-diputacion-diocesis-2025\/","name":"30 magn\u00edficas obras resumen el trabajo del taller de restauraci\u00f3n Diputaci\u00f3n-Di\u00f3cesis 2025 - bip4ex","isPartOf":{"@id":"https:\/\/helloproject.es\/vigilancia\/#website"},"datePublished":"2025-07-21T10:29:10+00:00","breadcrumb":{"@id":"https:\/\/helloproject.es\/vigilancia\/30-magnificas-obras-resumen-el-trabajo-del-taller-de-restauracion-diputacion-diocesis-2025\/#breadcrumb"},"inLanguage":"es","potentialAction":[{"@type":"ReadAction","target":["https:\/\/helloproject.es\/vigilancia\/30-magnificas-obras-resumen-el-trabajo-del-taller-de-restauracion-diputacion-diocesis-2025\/"]}]},{"@type":"BreadcrumbList","@id":"https:\/\/helloproject.es\/vigilancia\/30-magnificas-obras-resumen-el-trabajo-del-taller-de-restauracion-diputacion-diocesis-2025\/#breadcrumb","itemListElement":[{"@type":"ListItem","position":1,"name":"Home","item":"https:\/\/helloproject.es\/vigilancia\/"},{"@type":"ListItem","position":2,"name":"30 magn\u00edficas obras resumen el trabajo del taller de restauraci\u00f3n Diputaci\u00f3n-Di\u00f3cesis 2025"}]},{"@type":"WebSite","@id":"https:\/\/helloproject.es\/vigilancia\/#website","url":"https:\/\/helloproject.es\/vigilancia\/","name":"bip4ex","description":"Vigilancia Tecnol\u00f3gica","publisher":{"@id":"https:\/\/helloproject.es\/vigilancia\/#organization"},"potentialAction":[{"@type":"SearchAction","target":{"@type":"EntryPoint","urlTemplate":"https:\/\/helloproject.es\/vigilancia\/?s={search_term_string}"},"query-input":{"@type":"PropertyValueSpecification","valueRequired":true,"valueName":"search_term_string"}}],"inLanguage":"es"},{"@type":"Organization","@id":"https:\/\/helloproject.es\/vigilancia\/#organization","name":"Helloproject.es","url":"https:\/\/helloproject.es\/vigilancia\/","logo":{"@type":"ImageObject","inLanguage":"es","@id":"https:\/\/helloproject.es\/vigilancia\/#\/schema\/logo\/image\/","url":"https:\/\/helloproject.es\/vigilancia\/wp-content\/uploads\/2023\/07\/bip4ex.png","contentUrl":"https:\/\/helloproject.es\/vigilancia\/wp-content\/uploads\/2023\/07\/bip4ex.png","width":322,"height":365,"caption":"Helloproject.es"},"image":{"@id":"https:\/\/helloproject.es\/vigilancia\/#\/schema\/logo\/image\/"}},{"@type":"Person","@id":"https:\/\/helloproject.es\/vigilancia\/#\/schema\/person\/3767b0619d59a11570372c821f8619ca","name":"Luis Miguel Mej\u00edas Ramos","url":"https:\/\/helloproject.es\/vigilancia\/author\/luismi\/"}]}},"_links":{"self":[{"href":"https:\/\/helloproject.es\/vigilancia\/wp-json\/wp\/v2\/posts\/158623","targetHints":{"allow":["GET"]}}],"collection":[{"href":"https:\/\/helloproject.es\/vigilancia\/wp-json\/wp\/v2\/posts"}],"about":[{"href":"https:\/\/helloproject.es\/vigilancia\/wp-json\/wp\/v2\/types\/post"}],"author":[{"embeddable":true,"href":"https:\/\/helloproject.es\/vigilancia\/wp-json\/wp\/v2\/users\/5"}],"replies":[{"embeddable":true,"href":"https:\/\/helloproject.es\/vigilancia\/wp-json\/wp\/v2\/comments?post=158623"}],"version-history":[{"count":0,"href":"https:\/\/helloproject.es\/vigilancia\/wp-json\/wp\/v2\/posts\/158623\/revisions"}],"wp:attachment":[{"href":"https:\/\/helloproject.es\/vigilancia\/wp-json\/wp\/v2\/media?parent=158623"}],"wp:term":[{"taxonomy":"category","embeddable":true,"href":"https:\/\/helloproject.es\/vigilancia\/wp-json\/wp\/v2\/categories?post=158623"},{"taxonomy":"post_tag","embeddable":true,"href":"https:\/\/helloproject.es\/vigilancia\/wp-json\/wp\/v2\/tags?post=158623"}],"curies":[{"name":"wp","href":"https:\/\/api.w.org\/{rel}","templated":true}]}}