{"id":158651,"date":"2025-07-21T11:30:30","date_gmt":"2025-07-21T10:30:30","guid":{"rendered":"https:\/\/helloproject.es\/vigilancia\/enajenacion-de-una-parcela-en-la-calle-san-juan-de-la-pena-numero-4-situada-en-la-a-p-e-18-2-casco-historico-de-villa-de-vallecas-en-el-municipio-de-madrid-propiedad-de-la-agencia-de-la-vivienda-s\/"},"modified":"2025-07-21T11:30:30","modified_gmt":"2025-07-21T10:30:30","slug":"enajenacion-de-una-parcela-en-la-calle-san-juan-de-la-pena-numero-4-situada-en-la-a-p-e-18-2-casco-historico-de-villa-de-vallecas-en-el-municipio-de-madrid-propiedad-de-la-agencia-de-la-vivienda-s","status":"publish","type":"post","link":"https:\/\/helloproject.es\/vigilancia\/enajenacion-de-una-parcela-en-la-calle-san-juan-de-la-pena-numero-4-situada-en-la-a-p-e-18-2-casco-historico-de-villa-de-vallecas-en-el-municipio-de-madrid-propiedad-de-la-agencia-de-la-vivienda-s\/","title":{"rendered":"Enajenaci\u00f3n de una parcela en la calle San Juan de la Pe\u00f1a n\u00famero 4, situada en la A.P.E. 18.2 casco hist\u00f3rico de Villa de Vallecas, en el municipio de Madrid, propiedad de la Agencia de la Vivienda Social de la Comunidad de Madrid, mediante subasta p\u00fablica. CONVOCATORIA ANUNCIADA A LICITACI\u00d3N"},"content":{"rendered":"<p><b> Fecha y hora de la \u00faltima actualizaci\u00f3n: <\/b> 21 de julio del  2025 12:25<\/p>\n<p><b>Tipo de publicaci\u00f3n:<\/b>Convocatoria anunciada a licitaci\u00f3n<\/p>\n<p> <b>N\u00famero expediente:<\/b>EI\/2025\/0000008282<\/p>\n<p><b>Entidad adjudicadora:<\/b>Organismo aut\u00f3nomo Agencia de Vivienda Social de la Comunidad de Madrid <\/p>\n<p><b>Tipo de contrato:<\/b>Patrimonial<\/p>\n<p><b>Estado o situaci\u00f3n:<\/b>Resuelta<\/p>","protected":false},"excerpt":{"rendered":"<p>Fecha y hora de la \u00faltima actualizaci\u00f3n: 21 de julio del 2025 12:25 Tipo de publicaci\u00f3n:Convocatoria anunciada a licitaci\u00f3n N\u00famero expediente:EI\/2025\/0000008282 Entidad adjudicadora:Organismo aut\u00f3nomo Agencia de Vivienda Social de la Comunidad de Madrid Tipo de contrato:Patrimonial Estado o situaci\u00f3n:Resuelta<\/p>\n","protected":false},"author":5,"featured_media":0,"comment_status":"","ping_status":"","sticky":false,"template":"","format":"standard","meta":{"site-sidebar-layout":"default","site-content-layout":"","ast-site-content-layout":"default","site-content-style":"default","site-sidebar-style":"default","ast-global-header-display":"","ast-banner-title-visibility":"","ast-main-header-display":"","ast-hfb-above-header-display":"","ast-hfb-below-header-display":"","ast-hfb-mobile-header-display":"","site-post-title":"","ast-breadcrumbs-content":"","ast-featured-img":"","footer-sml-layout":"","ast-disable-related-posts":"","theme-transparent-header-meta":"","adv-header-id-meta":"","stick-header-meta":"","header-above-stick-meta":"","header-main-stick-meta":"","header-below-stick-meta":"","astra-migrate-meta-layouts":"default","ast-page-background-enabled":"default","ast-page-background-meta":{"desktop":{"background-color":"var(--ast-global-color-4)","background-image":"","background-repeat":"repeat","background-position":"center center","background-size":"auto","background-attachment":"scroll","background-type":"","background-media":"","overlay-type":"","overlay-color":"","overlay-opacity":"","overlay-gradient":""},"tablet":{"background-color":"","background-image":"","background-repeat":"repeat","background-position":"center center","background-size":"auto","background-attachment":"scroll","background-type":"","background-media":"","overlay-type":"","overlay-color":"","overlay-opacity":"","overlay-gradient":""},"mobile":{"background-color":"","background-image":"","background-repeat":"repeat","background-position":"center center","background-size":"auto","background-attachment":"scroll","background-type":"","background-media":"","overlay-type":"","overlay-color":"","overlay-opacity":"","overlay-gradient":""}},"ast-content-background-meta":{"desktop":{"background-color":"var(--ast-global-color-5)","background-image":"","background-repeat":"repeat","background-position":"center center","background-size":"auto","background-attachment":"scroll","background-type":"","background-media":"","overlay-type":"","overlay-color":"","overlay-opacity":"","overlay-gradient":""},"tablet":{"background-color":"var(--ast-global-color-5)","background-image":"","background-repeat":"repeat","background-position":"center center","background-size":"auto","background-attachment":"scroll","background-type":"","background-media":"","overlay-type":"","overlay-color":"","overlay-opacity":"","overlay-gradient":""},"mobile":{"background-color":"var(--ast-global-color-5)","background-image":"","background-repeat":"repeat","background-position":"center center","background-size":"auto","background-attachment":"scroll","background-type":"","background-media":"","overlay-type":"","overlay-color":"","overlay-opacity":"","overlay-gradient":""}},"footnotes":""},"categories":[8,6],"tags":[],"class_list":["post-158651","post","type-post","status-publish","format-standard","hentry","category-ayudas-y-subvenciones","category-publicaciones"],"yoast_head":"<!-- This site is optimized with the Yoast SEO Premium plugin v20.9 (Yoast SEO v27.4) - https:\/\/yoast.com\/product\/yoast-seo-premium-wordpress\/ -->\n<title>Enajenaci\u00f3n de una parcela en la calle San Juan de la Pe\u00f1a n\u00famero 4, situada en la A.P.E. 18.2 casco hist\u00f3rico de Villa de Vallecas, en el municipio de Madrid, propiedad de la Agencia de la Vivienda Social de la Comunidad de Madrid, mediante subasta p\u00fablica. CONVOCATORIA ANUNCIADA A LICITACI\u00d3N - bip4ex<\/title>\n<meta name=\"robots\" content=\"index, follow, max-snippet:-1, max-image-preview:large, max-video-preview:-1\" \/>\n<link rel=\"canonical\" href=\"https:\/\/helloproject.es\/vigilancia\/enajenacion-de-una-parcela-en-la-calle-san-juan-de-la-pena-numero-4-situada-en-la-a-p-e-18-2-casco-historico-de-villa-de-vallecas-en-el-municipio-de-madrid-propiedad-de-la-agencia-de-la-vivienda-s\/\" \/>\n<meta property=\"og:locale\" content=\"es_ES\" \/>\n<meta property=\"og:type\" content=\"article\" \/>\n<meta property=\"og:title\" content=\"Enajenaci\u00f3n de una parcela en la calle San Juan de la Pe\u00f1a n\u00famero 4, situada en la A.P.E. 18.2 casco hist\u00f3rico de Villa de Vallecas, en el municipio de Madrid, propiedad de la Agencia de la Vivienda Social de la Comunidad de Madrid, mediante subasta p\u00fablica. CONVOCATORIA ANUNCIADA A LICITACI\u00d3N\" \/>\n<meta property=\"og:description\" content=\"Fecha y hora de la \u00faltima actualizaci\u00f3n: 21 de julio del 2025 12:25 Tipo de publicaci\u00f3n:Convocatoria anunciada a licitaci\u00f3n N\u00famero expediente:EI\/2025\/0000008282 Entidad adjudicadora:Organismo aut\u00f3nomo Agencia de Vivienda Social de la Comunidad de Madrid Tipo de contrato:Patrimonial Estado o situaci\u00f3n:Resuelta\" \/>\n<meta property=\"og:url\" content=\"https:\/\/helloproject.es\/vigilancia\/enajenacion-de-una-parcela-en-la-calle-san-juan-de-la-pena-numero-4-situada-en-la-a-p-e-18-2-casco-historico-de-villa-de-vallecas-en-el-municipio-de-madrid-propiedad-de-la-agencia-de-la-vivienda-s\/\" \/>\n<meta property=\"og:site_name\" content=\"bip4ex\" \/>\n<meta property=\"article:published_time\" content=\"2025-07-21T10:30:30+00:00\" \/>\n<meta name=\"author\" content=\"Luis Miguel Mej\u00edas Ramos\" \/>\n<meta name=\"twitter:card\" content=\"summary_large_image\" \/>\n<meta name=\"twitter:label1\" content=\"Escrito por\" \/>\n\t<meta name=\"twitter:data1\" content=\"Luis Miguel Mej\u00edas Ramos\" \/>\n<script type=\"application\/ld+json\" class=\"yoast-schema-graph\">{\"@context\":\"https:\\\/\\\/schema.org\",\"@graph\":[{\"@type\":\"Article\",\"@id\":\"https:\\\/\\\/helloproject.es\\\/vigilancia\\\/enajenacion-de-una-parcela-en-la-calle-san-juan-de-la-pena-numero-4-situada-en-la-a-p-e-18-2-casco-historico-de-villa-de-vallecas-en-el-municipio-de-madrid-propiedad-de-la-agencia-de-la-vivienda-s\\\/#article\",\"isPartOf\":{\"@id\":\"https:\\\/\\\/helloproject.es\\\/vigilancia\\\/enajenacion-de-una-parcela-en-la-calle-san-juan-de-la-pena-numero-4-situada-en-la-a-p-e-18-2-casco-historico-de-villa-de-vallecas-en-el-municipio-de-madrid-propiedad-de-la-agencia-de-la-vivienda-s\\\/\"},\"author\":{\"name\":\"Luis Miguel Mej\u00edas Ramos\",\"@id\":\"https:\\\/\\\/helloproject.es\\\/vigilancia\\\/#\\\/schema\\\/person\\\/3767b0619d59a11570372c821f8619ca\"},\"headline\":\"Enajenaci\u00f3n de una parcela en la calle San Juan de la Pe\u00f1a n\u00famero 4, situada en la A.P.E. 18.2 casco hist\u00f3rico de Villa de Vallecas, en el municipio de Madrid, propiedad de la Agencia de la Vivienda Social de la Comunidad de Madrid, mediante subasta p\u00fablica. CONVOCATORIA ANUNCIADA A LICITACI\u00d3N\",\"datePublished\":\"2025-07-21T10:30:30+00:00\",\"mainEntityOfPage\":{\"@id\":\"https:\\\/\\\/helloproject.es\\\/vigilancia\\\/enajenacion-de-una-parcela-en-la-calle-san-juan-de-la-pena-numero-4-situada-en-la-a-p-e-18-2-casco-historico-de-villa-de-vallecas-en-el-municipio-de-madrid-propiedad-de-la-agencia-de-la-vivienda-s\\\/\"},\"wordCount\":103,\"publisher\":{\"@id\":\"https:\\\/\\\/helloproject.es\\\/vigilancia\\\/#organization\"},\"articleSection\":[\"Ayudas y Subvenciones\",\"Publicaciones\"],\"inLanguage\":\"es\"},{\"@type\":\"WebPage\",\"@id\":\"https:\\\/\\\/helloproject.es\\\/vigilancia\\\/enajenacion-de-una-parcela-en-la-calle-san-juan-de-la-pena-numero-4-situada-en-la-a-p-e-18-2-casco-historico-de-villa-de-vallecas-en-el-municipio-de-madrid-propiedad-de-la-agencia-de-la-vivienda-s\\\/\",\"url\":\"https:\\\/\\\/helloproject.es\\\/vigilancia\\\/enajenacion-de-una-parcela-en-la-calle-san-juan-de-la-pena-numero-4-situada-en-la-a-p-e-18-2-casco-historico-de-villa-de-vallecas-en-el-municipio-de-madrid-propiedad-de-la-agencia-de-la-vivienda-s\\\/\",\"name\":\"Enajenaci\u00f3n de una parcela en la calle San Juan de la Pe\u00f1a n\u00famero 4, situada en la A.P.E. 18.2 casco hist\u00f3rico de Villa de Vallecas, en el municipio de Madrid, propiedad de la Agencia de la Vivienda Social de la Comunidad de Madrid, mediante subasta p\u00fablica. CONVOCATORIA ANUNCIADA A LICITACI\u00d3N - bip4ex\",\"isPartOf\":{\"@id\":\"https:\\\/\\\/helloproject.es\\\/vigilancia\\\/#website\"},\"datePublished\":\"2025-07-21T10:30:30+00:00\",\"breadcrumb\":{\"@id\":\"https:\\\/\\\/helloproject.es\\\/vigilancia\\\/enajenacion-de-una-parcela-en-la-calle-san-juan-de-la-pena-numero-4-situada-en-la-a-p-e-18-2-casco-historico-de-villa-de-vallecas-en-el-municipio-de-madrid-propiedad-de-la-agencia-de-la-vivienda-s\\\/#breadcrumb\"},\"inLanguage\":\"es\",\"potentialAction\":[{\"@type\":\"ReadAction\",\"target\":[\"https:\\\/\\\/helloproject.es\\\/vigilancia\\\/enajenacion-de-una-parcela-en-la-calle-san-juan-de-la-pena-numero-4-situada-en-la-a-p-e-18-2-casco-historico-de-villa-de-vallecas-en-el-municipio-de-madrid-propiedad-de-la-agencia-de-la-vivienda-s\\\/\"]}]},{\"@type\":\"BreadcrumbList\",\"@id\":\"https:\\\/\\\/helloproject.es\\\/vigilancia\\\/enajenacion-de-una-parcela-en-la-calle-san-juan-de-la-pena-numero-4-situada-en-la-a-p-e-18-2-casco-historico-de-villa-de-vallecas-en-el-municipio-de-madrid-propiedad-de-la-agencia-de-la-vivienda-s\\\/#breadcrumb\",\"itemListElement\":[{\"@type\":\"ListItem\",\"position\":1,\"name\":\"Home\",\"item\":\"https:\\\/\\\/helloproject.es\\\/vigilancia\\\/\"},{\"@type\":\"ListItem\",\"position\":2,\"name\":\"Enajenaci\u00f3n de una parcela en la calle San Juan de la Pe\u00f1a n\u00famero 4, situada en la A.P.E. 18.2 casco hist\u00f3rico de Villa de Vallecas, en el municipio de Madrid, propiedad de la Agencia de la Vivienda Social de la Comunidad de Madrid, mediante subasta p\u00fablica. CONVOCATORIA ANUNCIADA A LICITACI\u00d3N\"}]},{\"@type\":\"WebSite\",\"@id\":\"https:\\\/\\\/helloproject.es\\\/vigilancia\\\/#website\",\"url\":\"https:\\\/\\\/helloproject.es\\\/vigilancia\\\/\",\"name\":\"bip4ex\",\"description\":\"Vigilancia Tecnol\u00f3gica\",\"publisher\":{\"@id\":\"https:\\\/\\\/helloproject.es\\\/vigilancia\\\/#organization\"},\"potentialAction\":[{\"@type\":\"SearchAction\",\"target\":{\"@type\":\"EntryPoint\",\"urlTemplate\":\"https:\\\/\\\/helloproject.es\\\/vigilancia\\\/?s={search_term_string}\"},\"query-input\":{\"@type\":\"PropertyValueSpecification\",\"valueRequired\":true,\"valueName\":\"search_term_string\"}}],\"inLanguage\":\"es\"},{\"@type\":\"Organization\",\"@id\":\"https:\\\/\\\/helloproject.es\\\/vigilancia\\\/#organization\",\"name\":\"Helloproject.es\",\"url\":\"https:\\\/\\\/helloproject.es\\\/vigilancia\\\/\",\"logo\":{\"@type\":\"ImageObject\",\"inLanguage\":\"es\",\"@id\":\"https:\\\/\\\/helloproject.es\\\/vigilancia\\\/#\\\/schema\\\/logo\\\/image\\\/\",\"url\":\"https:\\\/\\\/helloproject.es\\\/vigilancia\\\/wp-content\\\/uploads\\\/2023\\\/07\\\/bip4ex.png\",\"contentUrl\":\"https:\\\/\\\/helloproject.es\\\/vigilancia\\\/wp-content\\\/uploads\\\/2023\\\/07\\\/bip4ex.png\",\"width\":322,\"height\":365,\"caption\":\"Helloproject.es\"},\"image\":{\"@id\":\"https:\\\/\\\/helloproject.es\\\/vigilancia\\\/#\\\/schema\\\/logo\\\/image\\\/\"}},{\"@type\":\"Person\",\"@id\":\"https:\\\/\\\/helloproject.es\\\/vigilancia\\\/#\\\/schema\\\/person\\\/3767b0619d59a11570372c821f8619ca\",\"name\":\"Luis Miguel Mej\u00edas Ramos\",\"url\":\"https:\\\/\\\/helloproject.es\\\/vigilancia\\\/author\\\/luismi\\\/\"}]}<\/script>\n<!-- \/ Yoast SEO Premium plugin. -->","yoast_head_json":{"title":"Enajenaci\u00f3n de una parcela en la calle San Juan de la Pe\u00f1a n\u00famero 4, situada en la A.P.E. 18.2 casco hist\u00f3rico de Villa de Vallecas, en el municipio de Madrid, propiedad de la Agencia de la Vivienda Social de la Comunidad de Madrid, mediante subasta p\u00fablica. CONVOCATORIA ANUNCIADA A LICITACI\u00d3N - bip4ex","robots":{"index":"index","follow":"follow","max-snippet":"max-snippet:-1","max-image-preview":"max-image-preview:large","max-video-preview":"max-video-preview:-1"},"canonical":"https:\/\/helloproject.es\/vigilancia\/enajenacion-de-una-parcela-en-la-calle-san-juan-de-la-pena-numero-4-situada-en-la-a-p-e-18-2-casco-historico-de-villa-de-vallecas-en-el-municipio-de-madrid-propiedad-de-la-agencia-de-la-vivienda-s\/","og_locale":"es_ES","og_type":"article","og_title":"Enajenaci\u00f3n de una parcela en la calle San Juan de la Pe\u00f1a n\u00famero 4, situada en la A.P.E. 18.2 casco hist\u00f3rico de Villa de Vallecas, en el municipio de Madrid, propiedad de la Agencia de la Vivienda Social de la Comunidad de Madrid, mediante subasta p\u00fablica. CONVOCATORIA ANUNCIADA A LICITACI\u00d3N","og_description":"Fecha y hora de la \u00faltima actualizaci\u00f3n: 21 de julio del 2025 12:25 Tipo de publicaci\u00f3n:Convocatoria anunciada a licitaci\u00f3n N\u00famero expediente:EI\/2025\/0000008282 Entidad adjudicadora:Organismo aut\u00f3nomo Agencia de Vivienda Social de la Comunidad de Madrid Tipo de contrato:Patrimonial Estado o situaci\u00f3n:Resuelta","og_url":"https:\/\/helloproject.es\/vigilancia\/enajenacion-de-una-parcela-en-la-calle-san-juan-de-la-pena-numero-4-situada-en-la-a-p-e-18-2-casco-historico-de-villa-de-vallecas-en-el-municipio-de-madrid-propiedad-de-la-agencia-de-la-vivienda-s\/","og_site_name":"bip4ex","article_published_time":"2025-07-21T10:30:30+00:00","author":"Luis Miguel Mej\u00edas Ramos","twitter_card":"summary_large_image","twitter_misc":{"Escrito por":"Luis Miguel Mej\u00edas Ramos"},"schema":{"@context":"https:\/\/schema.org","@graph":[{"@type":"Article","@id":"https:\/\/helloproject.es\/vigilancia\/enajenacion-de-una-parcela-en-la-calle-san-juan-de-la-pena-numero-4-situada-en-la-a-p-e-18-2-casco-historico-de-villa-de-vallecas-en-el-municipio-de-madrid-propiedad-de-la-agencia-de-la-vivienda-s\/#article","isPartOf":{"@id":"https:\/\/helloproject.es\/vigilancia\/enajenacion-de-una-parcela-en-la-calle-san-juan-de-la-pena-numero-4-situada-en-la-a-p-e-18-2-casco-historico-de-villa-de-vallecas-en-el-municipio-de-madrid-propiedad-de-la-agencia-de-la-vivienda-s\/"},"author":{"name":"Luis Miguel Mej\u00edas Ramos","@id":"https:\/\/helloproject.es\/vigilancia\/#\/schema\/person\/3767b0619d59a11570372c821f8619ca"},"headline":"Enajenaci\u00f3n de una parcela en la calle San Juan de la Pe\u00f1a n\u00famero 4, situada en la A.P.E. 18.2 casco hist\u00f3rico de Villa de Vallecas, en el municipio de Madrid, propiedad de la Agencia de la Vivienda Social de la Comunidad de Madrid, mediante subasta p\u00fablica. CONVOCATORIA ANUNCIADA A LICITACI\u00d3N","datePublished":"2025-07-21T10:30:30+00:00","mainEntityOfPage":{"@id":"https:\/\/helloproject.es\/vigilancia\/enajenacion-de-una-parcela-en-la-calle-san-juan-de-la-pena-numero-4-situada-en-la-a-p-e-18-2-casco-historico-de-villa-de-vallecas-en-el-municipio-de-madrid-propiedad-de-la-agencia-de-la-vivienda-s\/"},"wordCount":103,"publisher":{"@id":"https:\/\/helloproject.es\/vigilancia\/#organization"},"articleSection":["Ayudas y Subvenciones","Publicaciones"],"inLanguage":"es"},{"@type":"WebPage","@id":"https:\/\/helloproject.es\/vigilancia\/enajenacion-de-una-parcela-en-la-calle-san-juan-de-la-pena-numero-4-situada-en-la-a-p-e-18-2-casco-historico-de-villa-de-vallecas-en-el-municipio-de-madrid-propiedad-de-la-agencia-de-la-vivienda-s\/","url":"https:\/\/helloproject.es\/vigilancia\/enajenacion-de-una-parcela-en-la-calle-san-juan-de-la-pena-numero-4-situada-en-la-a-p-e-18-2-casco-historico-de-villa-de-vallecas-en-el-municipio-de-madrid-propiedad-de-la-agencia-de-la-vivienda-s\/","name":"Enajenaci\u00f3n de una parcela en la calle San Juan de la Pe\u00f1a n\u00famero 4, situada en la A.P.E. 18.2 casco hist\u00f3rico de Villa de Vallecas, en el municipio de Madrid, propiedad de la Agencia de la Vivienda Social de la Comunidad de Madrid, mediante subasta p\u00fablica. CONVOCATORIA ANUNCIADA A LICITACI\u00d3N - bip4ex","isPartOf":{"@id":"https:\/\/helloproject.es\/vigilancia\/#website"},"datePublished":"2025-07-21T10:30:30+00:00","breadcrumb":{"@id":"https:\/\/helloproject.es\/vigilancia\/enajenacion-de-una-parcela-en-la-calle-san-juan-de-la-pena-numero-4-situada-en-la-a-p-e-18-2-casco-historico-de-villa-de-vallecas-en-el-municipio-de-madrid-propiedad-de-la-agencia-de-la-vivienda-s\/#breadcrumb"},"inLanguage":"es","potentialAction":[{"@type":"ReadAction","target":["https:\/\/helloproject.es\/vigilancia\/enajenacion-de-una-parcela-en-la-calle-san-juan-de-la-pena-numero-4-situada-en-la-a-p-e-18-2-casco-historico-de-villa-de-vallecas-en-el-municipio-de-madrid-propiedad-de-la-agencia-de-la-vivienda-s\/"]}]},{"@type":"BreadcrumbList","@id":"https:\/\/helloproject.es\/vigilancia\/enajenacion-de-una-parcela-en-la-calle-san-juan-de-la-pena-numero-4-situada-en-la-a-p-e-18-2-casco-historico-de-villa-de-vallecas-en-el-municipio-de-madrid-propiedad-de-la-agencia-de-la-vivienda-s\/#breadcrumb","itemListElement":[{"@type":"ListItem","position":1,"name":"Home","item":"https:\/\/helloproject.es\/vigilancia\/"},{"@type":"ListItem","position":2,"name":"Enajenaci\u00f3n de una parcela en la calle San Juan de la Pe\u00f1a n\u00famero 4, situada en la A.P.E. 18.2 casco hist\u00f3rico de Villa de Vallecas, en el municipio de Madrid, propiedad de la Agencia de la Vivienda Social de la Comunidad de Madrid, mediante subasta p\u00fablica. CONVOCATORIA ANUNCIADA A LICITACI\u00d3N"}]},{"@type":"WebSite","@id":"https:\/\/helloproject.es\/vigilancia\/#website","url":"https:\/\/helloproject.es\/vigilancia\/","name":"bip4ex","description":"Vigilancia Tecnol\u00f3gica","publisher":{"@id":"https:\/\/helloproject.es\/vigilancia\/#organization"},"potentialAction":[{"@type":"SearchAction","target":{"@type":"EntryPoint","urlTemplate":"https:\/\/helloproject.es\/vigilancia\/?s={search_term_string}"},"query-input":{"@type":"PropertyValueSpecification","valueRequired":true,"valueName":"search_term_string"}}],"inLanguage":"es"},{"@type":"Organization","@id":"https:\/\/helloproject.es\/vigilancia\/#organization","name":"Helloproject.es","url":"https:\/\/helloproject.es\/vigilancia\/","logo":{"@type":"ImageObject","inLanguage":"es","@id":"https:\/\/helloproject.es\/vigilancia\/#\/schema\/logo\/image\/","url":"https:\/\/helloproject.es\/vigilancia\/wp-content\/uploads\/2023\/07\/bip4ex.png","contentUrl":"https:\/\/helloproject.es\/vigilancia\/wp-content\/uploads\/2023\/07\/bip4ex.png","width":322,"height":365,"caption":"Helloproject.es"},"image":{"@id":"https:\/\/helloproject.es\/vigilancia\/#\/schema\/logo\/image\/"}},{"@type":"Person","@id":"https:\/\/helloproject.es\/vigilancia\/#\/schema\/person\/3767b0619d59a11570372c821f8619ca","name":"Luis Miguel Mej\u00edas Ramos","url":"https:\/\/helloproject.es\/vigilancia\/author\/luismi\/"}]}},"_links":{"self":[{"href":"https:\/\/helloproject.es\/vigilancia\/wp-json\/wp\/v2\/posts\/158651","targetHints":{"allow":["GET"]}}],"collection":[{"href":"https:\/\/helloproject.es\/vigilancia\/wp-json\/wp\/v2\/posts"}],"about":[{"href":"https:\/\/helloproject.es\/vigilancia\/wp-json\/wp\/v2\/types\/post"}],"author":[{"embeddable":true,"href":"https:\/\/helloproject.es\/vigilancia\/wp-json\/wp\/v2\/users\/5"}],"replies":[{"embeddable":true,"href":"https:\/\/helloproject.es\/vigilancia\/wp-json\/wp\/v2\/comments?post=158651"}],"version-history":[{"count":0,"href":"https:\/\/helloproject.es\/vigilancia\/wp-json\/wp\/v2\/posts\/158651\/revisions"}],"wp:attachment":[{"href":"https:\/\/helloproject.es\/vigilancia\/wp-json\/wp\/v2\/media?parent=158651"}],"wp:term":[{"taxonomy":"category","embeddable":true,"href":"https:\/\/helloproject.es\/vigilancia\/wp-json\/wp\/v2\/categories?post=158651"},{"taxonomy":"post_tag","embeddable":true,"href":"https:\/\/helloproject.es\/vigilancia\/wp-json\/wp\/v2\/tags?post=158651"}],"curies":[{"name":"wp","href":"https:\/\/api.w.org\/{rel}","templated":true}]}}