{"id":158669,"date":"2025-07-21T12:29:23","date_gmt":"2025-07-21T11:29:23","guid":{"rendered":"https:\/\/helloproject.es\/vigilancia\/perte-para-la-industrializacion-de-la-vivienda-evalue-asesores\/"},"modified":"2025-07-21T12:29:23","modified_gmt":"2025-07-21T11:29:23","slug":"perte-para-la-industrializacion-de-la-vivienda-evalue-asesores","status":"publish","type":"post","link":"https:\/\/helloproject.es\/vigilancia\/perte-para-la-industrializacion-de-la-vivienda-evalue-asesores\/","title":{"rendered":"PERTE para la Industrializaci\u00f3n de la Vivienda evalue asesores"},"content":{"rendered":"<p><strong><span>PERTE para la Industrializaci\u00f3n de la Vivienda<\/span><\/strong><\/p>\n<p>El pasado 6 de mayo el consejo de ministros aprob\u00f3 el PERTE para la Industrializaci\u00f3n de la Vivienda, impulsado por el Ministerio de Vivienda y Agenda Urbana. Este PERTE implica una revoluci\u00f3n en la forma de construir, que transformar\u00e1 y acelerar\u00e1 la producci\u00f3n de vivienda bajo una perspectiva de justicia social y a partir de un modelo m\u00e1s verde, m\u00e1s eficiente e inclusivo.<\/p>\n<p>\u00a0<\/p>\n<h2>\u00bfQu\u00e9 es el PERTE para la Industrializaci\u00f3n de la Vivienda?<\/h2>\n<p>El PERTE para la Industrializaci\u00f3n de la Vivienda nace como respuesta a los tres principios en pol\u00edtica de vivienda: hace falta m\u00e1s vivienda, hay que mejorar la regulaci\u00f3n y hay que dar mayores ayudas a quienes tengan dificultades para acceder a una vivienda digna.<\/p>\n<p>El Proyecto Estrat\u00e9gico para la Recuperaci\u00f3n y la Transformaci\u00f3n Econ\u00f3mica (PERTE) de la Industrializaci\u00f3n de la Vivienda se enmarca en el primero de estos principios. Se busca evolucionar hacia una industrializaci\u00f3n abierta de la construcci\u00f3n que permita construir m\u00e1s r\u00e1pido y mejor, con mayores criterios de sostenibilidad y eficiencia, para que Espa\u00f1a disponga cuanto antes de un parque p\u00fablico de vivienda similar a la media europea.<\/p>\n<h3>\u00bfQu\u00e9 es la construcci\u00f3n industrializada?<\/h3>\n<p>El concepto de industrializaci\u00f3n avanzada se basa en el principio de colaboraci\u00f3n entre agentes y requiere una profunda digitalizaci\u00f3n de todo el proceso constructivo que permite el dise\u00f1o, construcci\u00f3n y gesti\u00f3n de edificios e infraestructuras a nivel digital.<\/p>\n<ul>\n<li>Mejora la calidad de la edificaci\u00f3n y la arquitectura al minimizar el trabajo mec\u00e1nico obra, m\u00e1s susceptible a imperfecciones que el desarrollo en f\u00e1brica.<\/li>\n<li>Reduce los tiempos de edificaci\u00f3n entre un 20% y un 60%.<\/li>\n<li>Fuerte componente de digitalizaci\u00f3n.<\/li>\n<li>Reduce el impacto medioambiental.<\/li>\n<li>Fomenta la colaboraci\u00f3n entre agentes del sector.<\/li>\n<li>Mejora las condiciones laborales: la incorporaci\u00f3n de tecnolog\u00eda hace m\u00e1s atractivo el sector, sobre todo para las mujeres, y el trabajo en f\u00e1brica reduce el riesgo de accidentes laborales.<\/li>\n<li>Aumenta la productividad.<\/li>\n<\/ul>\n<h3>Objetivo PERTE para la Industrializaci\u00f3n de la Vivienda<\/h3>\n<p>El objetivo de este PERTE es la transformaci\u00f3n del sector de la construcci\u00f3n, aumentando su capacidad productiva y convergiendo a las mejores pr\u00e1cticas en materia de industrializaci\u00f3n de la vivienda. El proyecto persigue desarrollar un plan de pol\u00edtica industrial para conseguir una mayor estructura industrial, escalable y suficientemente diversificada en el territorio, mediante una adecuada financiaci\u00f3n p\u00fablico-privada que la haga competitiva. En este sentido, busca abordar las limitaciones identificadas mediante pol\u00edticas p\u00fablicas integrales, garantizando la consolidaci\u00f3n de la construcci\u00f3n industrializada como un motor de crecimiento econ\u00f3mico, generaci\u00f3n de empleo y respuesta \u00e1gil a las necesidades de vivienda.<\/p>\n<p>\u00a0<\/p>\n<h3>Objetivos estrat\u00e9gicos<\/h3>\n<p>Los objetivos estrat\u00e9gicos pretenden dar respuesta a los retos de l sector de la construcci\u00f3n:<\/p>\n<ul>\n<li>Construir m\u00e1s, m\u00e1s r\u00e1pido y mejor para tener cuanto antes un gran parque p\u00fablico de vivienda alineado con est\u00e1ndares europeos.<\/li>\n<li>Reducir costes y tiempos para aumentar la competitividad.<\/li>\n<li>Aumentar la sostenibilidad y eficiencia.<\/li>\n<li>Garantizar una mayor seguridad para los trabajadores y fomentar la incorporaci\u00f3n de mujeres a un sector altamente masculinizado.<\/li>\n<li>Fomentar la colaboraci\u00f3n entre los actores que intervienen en el sector para que las empresas, muchas de ellas pymes, ganen m\u00fasculo.<\/li>\n<\/ul>\n<p>\u00a0<\/p>\n<h3>L\u00edneas de actuaci\u00f3n e instrumentos<\/h3>\n<p>Las l\u00edneas de actuaci\u00f3n de este PERTE persiguen superar los retos estructurales descritos y alcanzar los objetivos estrat\u00e9gicos planteados:<\/p>\n<ul>\n<li>Aumentar la capacidad productiva a trav\u00e9s de una mejor financiaci\u00f3n p\u00fablico-privada y la generaci\u00f3n de una demanda estable.<\/li>\n<li>Por el lado de la demanda, se persigue facilitar la puesta en marcha de proyectos de construcci\u00f3n, tanto de vivienda como de otro tipo de tipolog\u00edas susceptibles de incorporar la construcci\u00f3n industrializada.<\/li>\n<li>Las ganancias de escala y eficiencia del sector de construcci\u00f3n industrializada para mejorar su aportaci\u00f3n a la productividad y ganar en competitividad, requieren, adem\u00e1s de un impulso financiero, el est\u00edmulo de una base de demanda m\u00e1s elevada que la actual y con car\u00e1cter estable.<\/li>\n<li>Con el objeto de profundizar en la mayor eficiencia y sostenibilidad a trav\u00e9s de la digitalizaci\u00f3n y la actualizaci\u00f3n normativa, se propone la creaci\u00f3n de una plataforma\/marketplace colaborativa de componentes de sistemas de construcci\u00f3n industrializada que permita visibilizar sus prestaciones, la compatibilidad entre los sistemas y sus caracter\u00edsticas t\u00e9cnicas, facilitando la colaboraci\u00f3n entre actores y la competitividad.<\/li>\n<\/ul>\n<p>\u00a0<\/p>\n<h3>Funciones<\/h3>\n<p>La Oficina T\u00e9cnica del PERTE de la Industrializaci\u00f3n de la Vivienda asume las siguientes funciones:<\/p>\n<ul>\n<li>Dise\u00f1ar, implementar, monitorizar y evaluar los diferentes instrumentos que se prev\u00e9n en el PERTE de la Industrializaci\u00f3n de la Vivienda.<\/li>\n<li>Coordinar todos los instrumentos de financiaci\u00f3n y de capital, tanto del Instituto de Cr\u00e9dito Oficial E.P.E. como de otros ministerios u organismos vinculados al PERTE. En concreto, coordinar\u00e1 los instrumentos financieros para impulsar la oferta de construcci\u00f3n industrializada; los instrumentos financieros para impulsar la demanda de construcci\u00f3n industrializada; as\u00ed como otros instrumentos financieros que puedan establecerse.<\/li>\n<li>Desarrollar una plataforma de componentes de sistemas de construcci\u00f3n industrializados que permita visibilizar sus prestaciones.<\/li>\n<li>Coordinar las medidas de modificaci\u00f3n normativa o de normalizaci\u00f3n que puedan resultar necesarias.<\/li>\n<li>Fomentar acuerdos con universidades, centros de formaci\u00f3n profesional y asociaciones para la financiaci\u00f3n de formaci\u00f3n en construcci\u00f3n industrializada y digitalizaci\u00f3n de la construcci\u00f3n en general (incluyendo la metodolog\u00eda Building.<\/li>\n<li>Coordinar, en colaboraci\u00f3n con la entidad p\u00fablica empresarial de Suelo (SEPES), todas las actuaciones necesarias para el desarrollo de la Ciudad de la Industrializaci\u00f3n.<\/li>\n<li>En el marco de la Alianza por la Industrializaci\u00f3n, identificar, impulsar y hacer seguimiento de proyectos piloto.<\/li>\n<\/ul>\n<p>\u00a0<\/p>\n<h2>Ciudad de la Construcci\u00f3n en Valencia<\/h2>\n<p>En la Zona de Actividades Log\u00edsticas del Puerto de Valencia, en suelos de titularidad de SEPES, se ubicar\u00e1 la futura Ciudad de la Industrializaci\u00f3n de la Construcci\u00f3n: un espacio que combinar\u00e1 promoci\u00f3n industrial, formaci\u00f3n especializada, visibilidad de proyectos y nuevas soluciones constructivas. La construcci\u00f3n de la Ciudad de la Industrializaci\u00f3n en la ZAL representa un compromiso con la recuperaci\u00f3n y la resiliencia de la regi\u00f3n tras la DANA del pasado 29 de octubre.<\/p>\n<p>\u00a0<\/p>\n<hr \/>\n<p>\u00a0<\/p>\n<p data-start=\"2187\" data-end=\"2328\">Desde Evalue Innovaci\u00f3n te informamos de todas las noticias interesantes sobre financiaci\u00f3n p\u00fablica. Suscr\u00edbete <span><strong><a href=\"https:\/\/evalueconsultores.com\/suscribete-a-nuestra-newsletter\/\">a nuestro canal de informaci\u00f3n<\/a><\/strong><\/span> y no te pierdas ninguna oportunidad.<\/p>\n<div data-elementor-type=\"section\" data-elementor-id=\"43186\" class=\"elementor elementor-43186\" data-elementor-post-type=\"elementor_library\">\n<section class=\"elementor-section elementor-top-section elementor-element elementor-element-38437529 elementor-section-content-middle elementor-section-boxed elementor-section-height-default elementor-section-height-default\" data-id=\"38437529\" data-element_type=\"section\">\n<div class=\"elementor-container elementor-column-gap-custom\">\n<div class=\"elementor-column elementor-col-50 elementor-top-column elementor-element elementor-element-7fba8f25\" data-id=\"7fba8f25\" data-element_type=\"column\" data-settings='{\"background_background\":\"gradient\"}'>\n<div class=\"elementor-widget-wrap elementor-element-populated\">\n<div class=\"elementor-element elementor-element-110a1cb4 elementor-widget elementor-widget-heading\" data-id=\"110a1cb4\" data-element_type=\"widget\" data-widget_type=\"heading.default\">\n<div class=\"elementor-widget-container\">\n<h3 class=\"elementor-heading-title elementor-size-default\">Rentabiliza tu inversi\u00f3n a la I+D+i<\/h3>\n<\/div>\n<\/div>\n<div class=\"elementor-element elementor-element-5d922778 elementor-widget elementor-widget-text-editor\" data-id=\"5d922778\" data-element_type=\"widget\" data-widget_type=\"text-editor.default\">\n<div class=\"elementor-widget-container\">\n\t\t\t\t\t\t\t\t\tSolicita tu diagn\u00f3stico de deducci\u00f3n fiscal gratuito.\t\t\t\t\t\t\t\t<\/div>\n<\/div>\n<div class=\"elementor-element elementor-element-94756f1 elementor-align-center elementor-widget elementor-widget-button\" data-id=\"94756f1\" data-element_type=\"widget\" data-widget_type=\"button.default\">\n<div class=\"elementor-widget-container\">\n<div class=\"elementor-button-wrapper\">\n\t\t\t\t\t<a class=\"elementor-button elementor-button-link elementor-size-sm\" href=\"https:\/\/evalueconsultores.com\/solicitar-informacion-deducciones-fiscales\/\"><br \/>\n\t\t\t\t\t\t<span class=\"elementor-button-content-wrapper\"><br \/>\n\t\t\t\t\t\t\t\t\t<span class=\"elementor-button-text\">Solicitar diagn\u00f3stico<\/span><br \/>\n\t\t\t\t\t<\/span><br \/>\n\t\t\t\t\t<\/a>\n\t\t\t\t<\/div>\n<\/div>\n<\/div>\n<\/div>\n<\/div>\n<div class=\"elementor-column elementor-col-50 elementor-top-column elementor-element elementor-element-198facc5\" data-id=\"198facc5\" data-element_type=\"column\" data-settings='{\"background_background\":\"gradient\"}'>\n<div class=\"elementor-widget-wrap elementor-element-populated\">\n<div class=\"elementor-element elementor-element-31a72975 elementor-widget elementor-widget-heading\" data-id=\"31a72975\" data-element_type=\"widget\" data-widget_type=\"heading.default\">\n<div class=\"elementor-widget-container\">\n<h3 class=\"elementor-heading-title elementor-size-default\">Encuentra financiaci\u00f3n para tu empresa<\/h3>\n<\/div>\n<\/div>\n<div class=\"elementor-element elementor-element-77fdc0eb elementor-widget elementor-widget-text-editor\" data-id=\"77fdc0eb\" data-element_type=\"widget\" data-widget_type=\"text-editor.default\">\n<div class=\"elementor-widget-container\">\n\t\t\t\t\t\t\t\t\tDescubre qu\u00e9 convocatorias pueden potenciar tu proyecto.\t\t\t\t\t\t\t\t<\/div>\n<\/div>\n<div class=\"elementor-element elementor-element-5b61ffa elementor-align-center elementor-widget elementor-widget-button\" data-id=\"5b61ffa\" data-element_type=\"widget\" data-widget_type=\"button.default\">\n<div class=\"elementor-widget-container\">\n<div class=\"elementor-button-wrapper\">\n\t\t\t\t\t<a class=\"elementor-button elementor-button-link elementor-size-sm\" href=\"https:\/\/evalueconsultores.com\/solicitar-informacion-financiacion-publica\/\"><br \/>\n\t\t\t\t\t\t<span class=\"elementor-button-content-wrapper\"><br \/>\n\t\t\t\t\t\t\t\t\t<span class=\"elementor-button-text\">Solicitar informaci\u00f3n<\/span><br \/>\n\t\t\t\t\t<\/span><br \/>\n\t\t\t\t\t<\/a>\n\t\t\t\t<\/div>\n<\/div>\n<\/div>\n<\/div>\n<\/div>\n<\/div>\n<\/section><\/div>\n<p>\u00a0<\/p>\n<p><a class=\"broken_link\" href=\"http:\/\/https\/\/twitter.com\/EvalueIn?s=20\"><img decoding=\"async\" class=\"alignnone wp-image-40645\" title=\"85 2 300x300\" src=\"https:\/\/www.evalueconsultores.com\/wp-content\/uploads\/2023\/07\/85-2-300x300.png\" alt='Iniciativa \"Activa Startups\"' width=\"20\" height=\"20\" \/><\/a><a class=\"broken_link\" href=\"http:\/\/ucykvonmfogzwabdvvsyrafw\/\"><img decoding=\"async\" class=\"alignnone wp-image-40646\" title=\"86 2 300x300\" src=\"https:\/\/www.evalueconsultores.com\/wp-content\/uploads\/2023\/07\/86-2-300x300.png\" alt='Iniciativa \"Activa Startups\"' width=\"20\" height=\"20\" \/><\/a>\u00a0<a class=\"broken_link\" href=\"http:\/\/https\/\/es.linkedin.com\/company\/evaluein\"><img decoding=\"async\" class=\"alignnone wp-image-40647\" title=\"84 2 300x300\" src=\"https:\/\/www.evalueconsultores.com\/wp-content\/uploads\/2023\/07\/84-2-300x300.png\" alt=\"Impulso de proyectos de innovaci\u00f3n disruptiva\" width=\"20\" height=\"20\" \/><\/a><\/p>\n<p>La entrada <a href=\"https:\/\/evalueconsultores.com\/perte-para-la-industrializacion-de-la-vivienda\/\">PERTE para la Industrializaci\u00f3n de la Vivienda<\/a> se public\u00f3 primero en <a href=\"https:\/\/evalueconsultores.com\/\">Evalue<\/a>.<\/p>","protected":false},"excerpt":{"rendered":"<p>PERTE para la Industrializaci\u00f3n de la Vivienda El pasado 6 de mayo el consejo de ministros aprob\u00f3 el PERTE para la Industrializaci\u00f3n de la Vivienda, impulsado por el Ministerio de Vivienda y Agenda Urbana. Este PERTE implica una revoluci\u00f3n en la forma de construir, que transformar\u00e1 y acelerar\u00e1 la producci\u00f3n de vivienda bajo una perspectiva [&hellip;]<\/p>\n","protected":false},"author":5,"featured_media":0,"comment_status":"","ping_status":"","sticky":false,"template":"","format":"standard","meta":{"site-sidebar-layout":"default","site-content-layout":"","ast-site-content-layout":"default","site-content-style":"default","site-sidebar-style":"default","ast-global-header-display":"","ast-banner-title-visibility":"","ast-main-header-display":"","ast-hfb-above-header-display":"","ast-hfb-below-header-display":"","ast-hfb-mobile-header-display":"","site-post-title":"","ast-breadcrumbs-content":"","ast-featured-img":"","footer-sml-layout":"","ast-disable-related-posts":"","theme-transparent-header-meta":"","adv-header-id-meta":"","stick-header-meta":"","header-above-stick-meta":"","header-main-stick-meta":"","header-below-stick-meta":"","astra-migrate-meta-layouts":"default","ast-page-background-enabled":"default","ast-page-background-meta":{"desktop":{"background-color":"var(--ast-global-color-4)","background-image":"","background-repeat":"repeat","background-position":"center center","background-size":"auto","background-attachment":"scroll","background-type":"","background-media":"","overlay-type":"","overlay-color":"","overlay-opacity":"","overlay-gradient":""},"tablet":{"background-color":"","background-image":"","background-repeat":"repeat","background-position":"center center","background-size":"auto","background-attachment":"scroll","background-type":"","background-media":"","overlay-type":"","overlay-color":"","overlay-opacity":"","overlay-gradient":""},"mobile":{"background-color":"","background-image":"","background-repeat":"repeat","background-position":"center center","background-size":"auto","background-attachment":"scroll","background-type":"","background-media":"","overlay-type":"","overlay-color":"","overlay-opacity":"","overlay-gradient":""}},"ast-content-background-meta":{"desktop":{"background-color":"var(--ast-global-color-5)","background-image":"","background-repeat":"repeat","background-position":"center center","background-size":"auto","background-attachment":"scroll","background-type":"","background-media":"","overlay-type":"","overlay-color":"","overlay-opacity":"","overlay-gradient":""},"tablet":{"background-color":"var(--ast-global-color-5)","background-image":"","background-repeat":"repeat","background-position":"center center","background-size":"auto","background-attachment":"scroll","background-type":"","background-media":"","overlay-type":"","overlay-color":"","overlay-opacity":"","overlay-gradient":""},"mobile":{"background-color":"var(--ast-global-color-5)","background-image":"","background-repeat":"repeat","background-position":"center center","background-size":"auto","background-attachment":"scroll","background-type":"","background-media":"","overlay-type":"","overlay-color":"","overlay-opacity":"","overlay-gradient":""}},"footnotes":""},"categories":[8,5,6],"tags":[],"class_list":["post-158669","post","type-post","status-publish","format-standard","hentry","category-ayudas-y-subvenciones","category-noticias","category-publicaciones"],"yoast_head":"<!-- This site is optimized with the Yoast SEO Premium plugin v20.9 (Yoast SEO v27.4) - https:\/\/yoast.com\/product\/yoast-seo-premium-wordpress\/ -->\n<title>PERTE para la Industrializaci\u00f3n de la Vivienda evalue asesores - bip4ex<\/title>\n<meta name=\"robots\" content=\"index, follow, max-snippet:-1, max-image-preview:large, max-video-preview:-1\" \/>\n<link rel=\"canonical\" href=\"https:\/\/helloproject.es\/vigilancia\/perte-para-la-industrializacion-de-la-vivienda-evalue-asesores\/\" \/>\n<meta property=\"og:locale\" content=\"es_ES\" \/>\n<meta property=\"og:type\" content=\"article\" \/>\n<meta property=\"og:title\" content=\"PERTE para la Industrializaci\u00f3n de la Vivienda evalue asesores\" \/>\n<meta property=\"og:description\" content=\"PERTE para la Industrializaci\u00f3n de la Vivienda El pasado 6 de mayo el consejo de ministros aprob\u00f3 el PERTE para la Industrializaci\u00f3n de la Vivienda, impulsado por el Ministerio de Vivienda y Agenda Urbana. Este PERTE implica una revoluci\u00f3n en la forma de construir, que transformar\u00e1 y acelerar\u00e1 la producci\u00f3n de vivienda bajo una perspectiva [&hellip;]\" \/>\n<meta property=\"og:url\" content=\"https:\/\/helloproject.es\/vigilancia\/perte-para-la-industrializacion-de-la-vivienda-evalue-asesores\/\" \/>\n<meta property=\"og:site_name\" content=\"bip4ex\" \/>\n<meta property=\"article:published_time\" content=\"2025-07-21T11:29:23+00:00\" \/>\n<meta name=\"author\" content=\"Luis Miguel Mej\u00edas Ramos\" \/>\n<meta name=\"twitter:card\" content=\"summary_large_image\" \/>\n<meta name=\"twitter:label1\" content=\"Escrito por\" \/>\n\t<meta name=\"twitter:data1\" content=\"Luis Miguel Mej\u00edas Ramos\" \/>\n\t<meta name=\"twitter:label2\" content=\"Tiempo de lectura\" \/>\n\t<meta name=\"twitter:data2\" content=\"6 minutos\" \/>\n<script type=\"application\/ld+json\" class=\"yoast-schema-graph\">{\"@context\":\"https:\\\/\\\/schema.org\",\"@graph\":[{\"@type\":\"Article\",\"@id\":\"https:\\\/\\\/helloproject.es\\\/vigilancia\\\/perte-para-la-industrializacion-de-la-vivienda-evalue-asesores\\\/#article\",\"isPartOf\":{\"@id\":\"https:\\\/\\\/helloproject.es\\\/vigilancia\\\/perte-para-la-industrializacion-de-la-vivienda-evalue-asesores\\\/\"},\"author\":{\"name\":\"Luis Miguel Mej\u00edas Ramos\",\"@id\":\"https:\\\/\\\/helloproject.es\\\/vigilancia\\\/#\\\/schema\\\/person\\\/3767b0619d59a11570372c821f8619ca\"},\"headline\":\"PERTE para la Industrializaci\u00f3n de la Vivienda evalue asesores\",\"datePublished\":\"2025-07-21T11:29:23+00:00\",\"mainEntityOfPage\":{\"@id\":\"https:\\\/\\\/helloproject.es\\\/vigilancia\\\/perte-para-la-industrializacion-de-la-vivienda-evalue-asesores\\\/\"},\"wordCount\":1168,\"publisher\":{\"@id\":\"https:\\\/\\\/helloproject.es\\\/vigilancia\\\/#organization\"},\"image\":{\"@id\":\"https:\\\/\\\/helloproject.es\\\/vigilancia\\\/perte-para-la-industrializacion-de-la-vivienda-evalue-asesores\\\/#primaryimage\"},\"thumbnailUrl\":\"https:\\\/\\\/www.evalueconsultores.com\\\/wp-content\\\/uploads\\\/2023\\\/07\\\/85-2-300x300.png\",\"articleSection\":[\"Ayudas y Subvenciones\",\"Noticias\",\"Publicaciones\"],\"inLanguage\":\"es\"},{\"@type\":\"WebPage\",\"@id\":\"https:\\\/\\\/helloproject.es\\\/vigilancia\\\/perte-para-la-industrializacion-de-la-vivienda-evalue-asesores\\\/\",\"url\":\"https:\\\/\\\/helloproject.es\\\/vigilancia\\\/perte-para-la-industrializacion-de-la-vivienda-evalue-asesores\\\/\",\"name\":\"PERTE para la Industrializaci\u00f3n de la Vivienda evalue asesores - bip4ex\",\"isPartOf\":{\"@id\":\"https:\\\/\\\/helloproject.es\\\/vigilancia\\\/#website\"},\"primaryImageOfPage\":{\"@id\":\"https:\\\/\\\/helloproject.es\\\/vigilancia\\\/perte-para-la-industrializacion-de-la-vivienda-evalue-asesores\\\/#primaryimage\"},\"image\":{\"@id\":\"https:\\\/\\\/helloproject.es\\\/vigilancia\\\/perte-para-la-industrializacion-de-la-vivienda-evalue-asesores\\\/#primaryimage\"},\"thumbnailUrl\":\"https:\\\/\\\/www.evalueconsultores.com\\\/wp-content\\\/uploads\\\/2023\\\/07\\\/85-2-300x300.png\",\"datePublished\":\"2025-07-21T11:29:23+00:00\",\"breadcrumb\":{\"@id\":\"https:\\\/\\\/helloproject.es\\\/vigilancia\\\/perte-para-la-industrializacion-de-la-vivienda-evalue-asesores\\\/#breadcrumb\"},\"inLanguage\":\"es\",\"potentialAction\":[{\"@type\":\"ReadAction\",\"target\":[\"https:\\\/\\\/helloproject.es\\\/vigilancia\\\/perte-para-la-industrializacion-de-la-vivienda-evalue-asesores\\\/\"]}]},{\"@type\":\"ImageObject\",\"inLanguage\":\"es\",\"@id\":\"https:\\\/\\\/helloproject.es\\\/vigilancia\\\/perte-para-la-industrializacion-de-la-vivienda-evalue-asesores\\\/#primaryimage\",\"url\":\"https:\\\/\\\/www.evalueconsultores.com\\\/wp-content\\\/uploads\\\/2023\\\/07\\\/85-2-300x300.png\",\"contentUrl\":\"https:\\\/\\\/www.evalueconsultores.com\\\/wp-content\\\/uploads\\\/2023\\\/07\\\/85-2-300x300.png\"},{\"@type\":\"BreadcrumbList\",\"@id\":\"https:\\\/\\\/helloproject.es\\\/vigilancia\\\/perte-para-la-industrializacion-de-la-vivienda-evalue-asesores\\\/#breadcrumb\",\"itemListElement\":[{\"@type\":\"ListItem\",\"position\":1,\"name\":\"Home\",\"item\":\"https:\\\/\\\/helloproject.es\\\/vigilancia\\\/\"},{\"@type\":\"ListItem\",\"position\":2,\"name\":\"PERTE para la Industrializaci\u00f3n de la Vivienda evalue asesores\"}]},{\"@type\":\"WebSite\",\"@id\":\"https:\\\/\\\/helloproject.es\\\/vigilancia\\\/#website\",\"url\":\"https:\\\/\\\/helloproject.es\\\/vigilancia\\\/\",\"name\":\"bip4ex\",\"description\":\"Vigilancia Tecnol\u00f3gica\",\"publisher\":{\"@id\":\"https:\\\/\\\/helloproject.es\\\/vigilancia\\\/#organization\"},\"potentialAction\":[{\"@type\":\"SearchAction\",\"target\":{\"@type\":\"EntryPoint\",\"urlTemplate\":\"https:\\\/\\\/helloproject.es\\\/vigilancia\\\/?s={search_term_string}\"},\"query-input\":{\"@type\":\"PropertyValueSpecification\",\"valueRequired\":true,\"valueName\":\"search_term_string\"}}],\"inLanguage\":\"es\"},{\"@type\":\"Organization\",\"@id\":\"https:\\\/\\\/helloproject.es\\\/vigilancia\\\/#organization\",\"name\":\"Helloproject.es\",\"url\":\"https:\\\/\\\/helloproject.es\\\/vigilancia\\\/\",\"logo\":{\"@type\":\"ImageObject\",\"inLanguage\":\"es\",\"@id\":\"https:\\\/\\\/helloproject.es\\\/vigilancia\\\/#\\\/schema\\\/logo\\\/image\\\/\",\"url\":\"https:\\\/\\\/helloproject.es\\\/vigilancia\\\/wp-content\\\/uploads\\\/2023\\\/07\\\/bip4ex.png\",\"contentUrl\":\"https:\\\/\\\/helloproject.es\\\/vigilancia\\\/wp-content\\\/uploads\\\/2023\\\/07\\\/bip4ex.png\",\"width\":322,\"height\":365,\"caption\":\"Helloproject.es\"},\"image\":{\"@id\":\"https:\\\/\\\/helloproject.es\\\/vigilancia\\\/#\\\/schema\\\/logo\\\/image\\\/\"}},{\"@type\":\"Person\",\"@id\":\"https:\\\/\\\/helloproject.es\\\/vigilancia\\\/#\\\/schema\\\/person\\\/3767b0619d59a11570372c821f8619ca\",\"name\":\"Luis Miguel Mej\u00edas Ramos\",\"url\":\"https:\\\/\\\/helloproject.es\\\/vigilancia\\\/author\\\/luismi\\\/\"}]}<\/script>\n<!-- \/ Yoast SEO Premium plugin. -->","yoast_head_json":{"title":"PERTE para la Industrializaci\u00f3n de la Vivienda evalue asesores - bip4ex","robots":{"index":"index","follow":"follow","max-snippet":"max-snippet:-1","max-image-preview":"max-image-preview:large","max-video-preview":"max-video-preview:-1"},"canonical":"https:\/\/helloproject.es\/vigilancia\/perte-para-la-industrializacion-de-la-vivienda-evalue-asesores\/","og_locale":"es_ES","og_type":"article","og_title":"PERTE para la Industrializaci\u00f3n de la Vivienda evalue asesores","og_description":"PERTE para la Industrializaci\u00f3n de la Vivienda El pasado 6 de mayo el consejo de ministros aprob\u00f3 el PERTE para la Industrializaci\u00f3n de la Vivienda, impulsado por el Ministerio de Vivienda y Agenda Urbana. Este PERTE implica una revoluci\u00f3n en la forma de construir, que transformar\u00e1 y acelerar\u00e1 la producci\u00f3n de vivienda bajo una perspectiva [&hellip;]","og_url":"https:\/\/helloproject.es\/vigilancia\/perte-para-la-industrializacion-de-la-vivienda-evalue-asesores\/","og_site_name":"bip4ex","article_published_time":"2025-07-21T11:29:23+00:00","author":"Luis Miguel Mej\u00edas Ramos","twitter_card":"summary_large_image","twitter_misc":{"Escrito por":"Luis Miguel Mej\u00edas Ramos","Tiempo de lectura":"6 minutos"},"schema":{"@context":"https:\/\/schema.org","@graph":[{"@type":"Article","@id":"https:\/\/helloproject.es\/vigilancia\/perte-para-la-industrializacion-de-la-vivienda-evalue-asesores\/#article","isPartOf":{"@id":"https:\/\/helloproject.es\/vigilancia\/perte-para-la-industrializacion-de-la-vivienda-evalue-asesores\/"},"author":{"name":"Luis Miguel Mej\u00edas Ramos","@id":"https:\/\/helloproject.es\/vigilancia\/#\/schema\/person\/3767b0619d59a11570372c821f8619ca"},"headline":"PERTE para la Industrializaci\u00f3n de la Vivienda evalue asesores","datePublished":"2025-07-21T11:29:23+00:00","mainEntityOfPage":{"@id":"https:\/\/helloproject.es\/vigilancia\/perte-para-la-industrializacion-de-la-vivienda-evalue-asesores\/"},"wordCount":1168,"publisher":{"@id":"https:\/\/helloproject.es\/vigilancia\/#organization"},"image":{"@id":"https:\/\/helloproject.es\/vigilancia\/perte-para-la-industrializacion-de-la-vivienda-evalue-asesores\/#primaryimage"},"thumbnailUrl":"https:\/\/www.evalueconsultores.com\/wp-content\/uploads\/2023\/07\/85-2-300x300.png","articleSection":["Ayudas y Subvenciones","Noticias","Publicaciones"],"inLanguage":"es"},{"@type":"WebPage","@id":"https:\/\/helloproject.es\/vigilancia\/perte-para-la-industrializacion-de-la-vivienda-evalue-asesores\/","url":"https:\/\/helloproject.es\/vigilancia\/perte-para-la-industrializacion-de-la-vivienda-evalue-asesores\/","name":"PERTE para la Industrializaci\u00f3n de la Vivienda evalue asesores - bip4ex","isPartOf":{"@id":"https:\/\/helloproject.es\/vigilancia\/#website"},"primaryImageOfPage":{"@id":"https:\/\/helloproject.es\/vigilancia\/perte-para-la-industrializacion-de-la-vivienda-evalue-asesores\/#primaryimage"},"image":{"@id":"https:\/\/helloproject.es\/vigilancia\/perte-para-la-industrializacion-de-la-vivienda-evalue-asesores\/#primaryimage"},"thumbnailUrl":"https:\/\/www.evalueconsultores.com\/wp-content\/uploads\/2023\/07\/85-2-300x300.png","datePublished":"2025-07-21T11:29:23+00:00","breadcrumb":{"@id":"https:\/\/helloproject.es\/vigilancia\/perte-para-la-industrializacion-de-la-vivienda-evalue-asesores\/#breadcrumb"},"inLanguage":"es","potentialAction":[{"@type":"ReadAction","target":["https:\/\/helloproject.es\/vigilancia\/perte-para-la-industrializacion-de-la-vivienda-evalue-asesores\/"]}]},{"@type":"ImageObject","inLanguage":"es","@id":"https:\/\/helloproject.es\/vigilancia\/perte-para-la-industrializacion-de-la-vivienda-evalue-asesores\/#primaryimage","url":"https:\/\/www.evalueconsultores.com\/wp-content\/uploads\/2023\/07\/85-2-300x300.png","contentUrl":"https:\/\/www.evalueconsultores.com\/wp-content\/uploads\/2023\/07\/85-2-300x300.png"},{"@type":"BreadcrumbList","@id":"https:\/\/helloproject.es\/vigilancia\/perte-para-la-industrializacion-de-la-vivienda-evalue-asesores\/#breadcrumb","itemListElement":[{"@type":"ListItem","position":1,"name":"Home","item":"https:\/\/helloproject.es\/vigilancia\/"},{"@type":"ListItem","position":2,"name":"PERTE para la Industrializaci\u00f3n de la Vivienda evalue asesores"}]},{"@type":"WebSite","@id":"https:\/\/helloproject.es\/vigilancia\/#website","url":"https:\/\/helloproject.es\/vigilancia\/","name":"bip4ex","description":"Vigilancia Tecnol\u00f3gica","publisher":{"@id":"https:\/\/helloproject.es\/vigilancia\/#organization"},"potentialAction":[{"@type":"SearchAction","target":{"@type":"EntryPoint","urlTemplate":"https:\/\/helloproject.es\/vigilancia\/?s={search_term_string}"},"query-input":{"@type":"PropertyValueSpecification","valueRequired":true,"valueName":"search_term_string"}}],"inLanguage":"es"},{"@type":"Organization","@id":"https:\/\/helloproject.es\/vigilancia\/#organization","name":"Helloproject.es","url":"https:\/\/helloproject.es\/vigilancia\/","logo":{"@type":"ImageObject","inLanguage":"es","@id":"https:\/\/helloproject.es\/vigilancia\/#\/schema\/logo\/image\/","url":"https:\/\/helloproject.es\/vigilancia\/wp-content\/uploads\/2023\/07\/bip4ex.png","contentUrl":"https:\/\/helloproject.es\/vigilancia\/wp-content\/uploads\/2023\/07\/bip4ex.png","width":322,"height":365,"caption":"Helloproject.es"},"image":{"@id":"https:\/\/helloproject.es\/vigilancia\/#\/schema\/logo\/image\/"}},{"@type":"Person","@id":"https:\/\/helloproject.es\/vigilancia\/#\/schema\/person\/3767b0619d59a11570372c821f8619ca","name":"Luis Miguel Mej\u00edas Ramos","url":"https:\/\/helloproject.es\/vigilancia\/author\/luismi\/"}]}},"_links":{"self":[{"href":"https:\/\/helloproject.es\/vigilancia\/wp-json\/wp\/v2\/posts\/158669","targetHints":{"allow":["GET"]}}],"collection":[{"href":"https:\/\/helloproject.es\/vigilancia\/wp-json\/wp\/v2\/posts"}],"about":[{"href":"https:\/\/helloproject.es\/vigilancia\/wp-json\/wp\/v2\/types\/post"}],"author":[{"embeddable":true,"href":"https:\/\/helloproject.es\/vigilancia\/wp-json\/wp\/v2\/users\/5"}],"replies":[{"embeddable":true,"href":"https:\/\/helloproject.es\/vigilancia\/wp-json\/wp\/v2\/comments?post=158669"}],"version-history":[{"count":0,"href":"https:\/\/helloproject.es\/vigilancia\/wp-json\/wp\/v2\/posts\/158669\/revisions"}],"wp:attachment":[{"href":"https:\/\/helloproject.es\/vigilancia\/wp-json\/wp\/v2\/media?parent=158669"}],"wp:term":[{"taxonomy":"category","embeddable":true,"href":"https:\/\/helloproject.es\/vigilancia\/wp-json\/wp\/v2\/categories?post=158669"},{"taxonomy":"post_tag","embeddable":true,"href":"https:\/\/helloproject.es\/vigilancia\/wp-json\/wp\/v2\/tags?post=158669"}],"curies":[{"name":"wp","href":"https:\/\/api.w.org\/{rel}","templated":true}]}}