{"id":169102,"date":"2025-08-06T09:28:07","date_gmt":"2025-08-06T08:28:07","guid":{"rendered":"https:\/\/helloproject.es\/vigilancia\/espana-ya-ha-vivido-90-olas-de-calor-en-el-siglo-xxi-y-cada-vez-son-mas-largas\/"},"modified":"2025-08-06T09:28:07","modified_gmt":"2025-08-06T08:28:07","slug":"espana-ya-ha-vivido-90-olas-de-calor-en-el-siglo-xxi-y-cada-vez-son-mas-largas","status":"publish","type":"post","link":"https:\/\/helloproject.es\/vigilancia\/espana-ya-ha-vivido-90-olas-de-calor-en-el-siglo-xxi-y-cada-vez-son-mas-largas\/","title":{"rendered":"Espa\u00f1a ya ha vivido 90 olas de calor en el siglo XXI, y cada vez son m\u00e1s largas"},"content":{"rendered":"<p>Con la llegada de esta segunda fase calurosa del verano de 2025, Espa\u00f1a ha vivido ya 90 olas de calor en lo que va del siglo XXI, seg\u00fan datos de la Agencia Estatal de Meteorolog\u00eda (Aemet), que resalta que este fen\u00f3meno es cada vez m\u00e1s largo con un registro hist\u00f3rico de 26 d\u00edas continuos en 2015.<\/p>\n<p>Entre 2000 y 2024 hubo 474 jornadas de calor extremo, a diferencia de las 212 registradas entre 1975 y 1999<\/p>\n<p>El \u201cn\u00famero de d\u00edas en ola de calor muestra un aumento claro y estad\u00edsticamente significativo\u201d en la Pen\u00ednsula y Baleares y en las islas Canarias, considerando que entre 2000 y 2024 hubo 474 jornadas de calor extremo a diferencia de las 212 registradas entre 1975 y 1999, por lo que se establece un incremento de m\u00e1s del 50 %.<\/p>\n<p>El portavoz de la Aemet, Jos\u00e9 \u00c1ngel N\u00fa\u00f1ez, ha explicado a EFE que si bien es m\u00e1s \u201cadecuado\u201d contabilizar el n\u00famero de d\u00edas en las olas de calor, la frecuencia de \u00e9stas tambi\u00e9n ha aumentado \u201csignificativamente\u201d, teniendo en cuenta que entre 1975 y 1999 hubo 44 olas, mientras que ya suman 90 en lo que va de este siglo, m\u00e1s del doble.<\/p>\n<p>Seg\u00fan los datos que recoge la Aemet, estos fen\u00f3menos meteorol\u00f3gicos son cada vez m\u00e1s extensos, por lo que m\u00e1s provincias est\u00e1n afectadas cada a\u00f1o, lo que hace que se mantengan los valores de la temperatura media de las m\u00e1ximas, \u201caunque esto no quiere decir que las olas de calor no sean m\u00e1s intensas\u201d.<\/p>\n<p><a><\/a><\/p>\n<h2>Olas de calor en zonas poco esperadas<\/h2>\n<p>\u00d1\u00fanez ha se\u00f1alado que las olas de calor est\u00e1n ocurriendo en provincias y estaciones meteorol\u00f3gicas que \u201cantes no las ten\u00edan o eran muy poco frecuentes\u201d, donde los umbrales son m\u00e1s bajos, por lo que la media general no aumenta pese a que s\u00ed hay un incremento de las m\u00e1ximas en el centro y sur del pa\u00eds.<\/p>\n<p>La ola de calor ocurrida en 2022 entre el 9 y el 26 de julio es considerada, hasta la fecha, la m\u00e1s intensa y extensa<\/p>\n<p>\u201cEsta tendencia a m\u00e1s olas de calor, m\u00e1s d\u00edas y m\u00e1s extensi\u00f3n es coherente con el aumento de la temperatura media en Espa\u00f1a, que ha ascendido 1,70 \u00baC en promedio anual, pero 1,85 \u00baC en verano desde 1961\u201d, ha indicado el portavoz de la Aemet.<\/p>\n<p>La ola de calor ocurrida en 2022 entre el 9 y el 26 de julio es considerada, hasta la fecha, la m\u00e1s intensa y extensa por una serie de caracter\u00edsticas que se dieron en un mismo episodio de calor, seg\u00fan los datos de la Aemet.<\/p>\n<p>Es la segunda m\u00e1s larga que ha vivido en Espa\u00f1a, con 18 d\u00edas seguidos, adem\u00e1s de ocupar el primer lugar como la m\u00e1s extensa, puesto que afect\u00f3 a 44 provincias, y la m\u00e1s intensa, ya que present\u00f3 una anomal\u00eda de 4,5 \u00b0C.<\/p>\n<p>La temperatura m\u00e1xima de la ola fue 38,1 \u00b0C, aunque los 40 \u00b0C se superan en el centro y sur peninsular, as\u00ed como en el valle del Ebro y en buena parte de Castilla y Le\u00f3n y de Galicia, llegando a los 45 \u00b0C en estaciones situadas en los valles del Tajo, Guadiana y Guadalquivir.<\/p>\n<p><a><\/a><\/p>\n<h2>Ola de calor de 26 d\u00edas<\/h2>\n<p>La Aemet ha destacado que la segunda ola de calor m\u00e1s importante de las registradas en la Pen\u00ednsula y Baleares corresponde al verano de 2015 entre el 27 de junio y el 22 de julio por su \u201cexcepcional duraci\u00f3n\u201d de 26 d\u00edas y por alcanzar una temperatura m\u00e1xima de 37,6 \u00b0C.<\/p>\n<p>Junio de 2025 se estableci\u00f3 como el junio m\u00e1s caluroso en la historia de Espa\u00f1a<\/p>\n<p>Este a\u00f1o tambi\u00e9n ha marcado algunos r\u00e9cord durante la primera ola de calor, ya que se estableci\u00f3 como el junio m\u00e1s caluroso de la historia debido a que la temperatura media alcanz\u00f3 un 23,7 \u00baC, superando en 3,6 \u00baC al promedio del per\u00edodo de referencia.<\/p>\n<p>N\u00fa\u00f1ez ha advertido que habr\u00e1 \u201ccada vez menos frecuencia de d\u00edas frescos en verano\u201d y alejados de los registros del siglo pasado, sin descartar que s\u00ed ocurran eventualmente, como el final de julio de 2011 en el que la temperatura media fue un 1,5 \u00baC\u00a0m\u00e1s baja de la media de referencia.<\/p>","protected":false},"excerpt":{"rendered":"<p>Con la llegada de esta segunda fase calurosa del verano de 2025, Espa\u00f1a ha vivido ya 90 olas de calor en lo que va del siglo XXI, seg\u00fan datos de la Agencia Estatal de Meteorolog\u00eda (Aemet), que resalta que este fen\u00f3meno es cada vez m\u00e1s largo con un registro hist\u00f3rico de 26 d\u00edas continuos en [&hellip;]<\/p>\n","protected":false},"author":5,"featured_media":0,"comment_status":"","ping_status":"","sticky":false,"template":"","format":"standard","meta":{"site-sidebar-layout":"default","site-content-layout":"","ast-site-content-layout":"default","site-content-style":"default","site-sidebar-style":"default","ast-global-header-display":"","ast-banner-title-visibility":"","ast-main-header-display":"","ast-hfb-above-header-display":"","ast-hfb-below-header-display":"","ast-hfb-mobile-header-display":"","site-post-title":"","ast-breadcrumbs-content":"","ast-featured-img":"","footer-sml-layout":"","ast-disable-related-posts":"","theme-transparent-header-meta":"","adv-header-id-meta":"","stick-header-meta":"","header-above-stick-meta":"","header-main-stick-meta":"","header-below-stick-meta":"","astra-migrate-meta-layouts":"default","ast-page-background-enabled":"default","ast-page-background-meta":{"desktop":{"background-color":"var(--ast-global-color-4)","background-image":"","background-repeat":"repeat","background-position":"center center","background-size":"auto","background-attachment":"scroll","background-type":"","background-media":"","overlay-type":"","overlay-color":"","overlay-opacity":"","overlay-gradient":""},"tablet":{"background-color":"","background-image":"","background-repeat":"repeat","background-position":"center center","background-size":"auto","background-attachment":"scroll","background-type":"","background-media":"","overlay-type":"","overlay-color":"","overlay-opacity":"","overlay-gradient":""},"mobile":{"background-color":"","background-image":"","background-repeat":"repeat","background-position":"center center","background-size":"auto","background-attachment":"scroll","background-type":"","background-media":"","overlay-type":"","overlay-color":"","overlay-opacity":"","overlay-gradient":""}},"ast-content-background-meta":{"desktop":{"background-color":"var(--ast-global-color-5)","background-image":"","background-repeat":"repeat","background-position":"center center","background-size":"auto","background-attachment":"scroll","background-type":"","background-media":"","overlay-type":"","overlay-color":"","overlay-opacity":"","overlay-gradient":""},"tablet":{"background-color":"var(--ast-global-color-5)","background-image":"","background-repeat":"repeat","background-position":"center center","background-size":"auto","background-attachment":"scroll","background-type":"","background-media":"","overlay-type":"","overlay-color":"","overlay-opacity":"","overlay-gradient":""},"mobile":{"background-color":"var(--ast-global-color-5)","background-image":"","background-repeat":"repeat","background-position":"center center","background-size":"auto","background-attachment":"scroll","background-type":"","background-media":"","overlay-type":"","overlay-color":"","overlay-opacity":"","overlay-gradient":""}},"footnotes":""},"categories":[5],"tags":[],"class_list":["post-169102","post","type-post","status-publish","format-standard","hentry","category-noticias"],"yoast_head":"<!-- This site is optimized with the Yoast SEO Premium plugin v20.9 (Yoast SEO v27.4) - https:\/\/yoast.com\/product\/yoast-seo-premium-wordpress\/ -->\n<title>Espa\u00f1a ya ha vivido 90 olas de calor en el siglo XXI, y cada vez son m\u00e1s largas - bip4ex<\/title>\n<meta name=\"robots\" content=\"index, follow, max-snippet:-1, max-image-preview:large, max-video-preview:-1\" \/>\n<link rel=\"canonical\" href=\"https:\/\/helloproject.es\/vigilancia\/espana-ya-ha-vivido-90-olas-de-calor-en-el-siglo-xxi-y-cada-vez-son-mas-largas\/\" \/>\n<meta property=\"og:locale\" content=\"es_ES\" \/>\n<meta property=\"og:type\" content=\"article\" \/>\n<meta property=\"og:title\" content=\"Espa\u00f1a ya ha vivido 90 olas de calor en el siglo XXI, y cada vez son m\u00e1s largas\" \/>\n<meta property=\"og:description\" content=\"Con la llegada de esta segunda fase calurosa del verano de 2025, Espa\u00f1a ha vivido ya 90 olas de calor en lo que va del siglo XXI, seg\u00fan datos de la Agencia Estatal de Meteorolog\u00eda (Aemet), que resalta que este fen\u00f3meno es cada vez m\u00e1s largo con un registro hist\u00f3rico de 26 d\u00edas continuos en [&hellip;]\" \/>\n<meta property=\"og:url\" content=\"https:\/\/helloproject.es\/vigilancia\/espana-ya-ha-vivido-90-olas-de-calor-en-el-siglo-xxi-y-cada-vez-son-mas-largas\/\" \/>\n<meta property=\"og:site_name\" content=\"bip4ex\" \/>\n<meta property=\"article:published_time\" content=\"2025-08-06T08:28:07+00:00\" \/>\n<meta name=\"author\" content=\"Luis Miguel Mej\u00edas Ramos\" \/>\n<meta name=\"twitter:card\" content=\"summary_large_image\" \/>\n<meta name=\"twitter:label1\" content=\"Escrito por\" \/>\n\t<meta name=\"twitter:data1\" content=\"Luis Miguel Mej\u00edas Ramos\" \/>\n\t<meta name=\"twitter:label2\" content=\"Tiempo de lectura\" \/>\n\t<meta name=\"twitter:data2\" content=\"4 minutos\" \/>\n<script type=\"application\/ld+json\" class=\"yoast-schema-graph\">{\"@context\":\"https:\\\/\\\/schema.org\",\"@graph\":[{\"@type\":\"Article\",\"@id\":\"https:\\\/\\\/helloproject.es\\\/vigilancia\\\/espana-ya-ha-vivido-90-olas-de-calor-en-el-siglo-xxi-y-cada-vez-son-mas-largas\\\/#article\",\"isPartOf\":{\"@id\":\"https:\\\/\\\/helloproject.es\\\/vigilancia\\\/espana-ya-ha-vivido-90-olas-de-calor-en-el-siglo-xxi-y-cada-vez-son-mas-largas\\\/\"},\"author\":{\"name\":\"Luis Miguel Mej\u00edas Ramos\",\"@id\":\"https:\\\/\\\/helloproject.es\\\/vigilancia\\\/#\\\/schema\\\/person\\\/3767b0619d59a11570372c821f8619ca\"},\"headline\":\"Espa\u00f1a ya ha vivido 90 olas de calor en el siglo XXI, y cada vez son m\u00e1s largas\",\"datePublished\":\"2025-08-06T08:28:07+00:00\",\"mainEntityOfPage\":{\"@id\":\"https:\\\/\\\/helloproject.es\\\/vigilancia\\\/espana-ya-ha-vivido-90-olas-de-calor-en-el-siglo-xxi-y-cada-vez-son-mas-largas\\\/\"},\"wordCount\":734,\"publisher\":{\"@id\":\"https:\\\/\\\/helloproject.es\\\/vigilancia\\\/#organization\"},\"articleSection\":[\"Noticias\"],\"inLanguage\":\"es\"},{\"@type\":\"WebPage\",\"@id\":\"https:\\\/\\\/helloproject.es\\\/vigilancia\\\/espana-ya-ha-vivido-90-olas-de-calor-en-el-siglo-xxi-y-cada-vez-son-mas-largas\\\/\",\"url\":\"https:\\\/\\\/helloproject.es\\\/vigilancia\\\/espana-ya-ha-vivido-90-olas-de-calor-en-el-siglo-xxi-y-cada-vez-son-mas-largas\\\/\",\"name\":\"Espa\u00f1a ya ha vivido 90 olas de calor en el siglo XXI, y cada vez son m\u00e1s largas - bip4ex\",\"isPartOf\":{\"@id\":\"https:\\\/\\\/helloproject.es\\\/vigilancia\\\/#website\"},\"datePublished\":\"2025-08-06T08:28:07+00:00\",\"breadcrumb\":{\"@id\":\"https:\\\/\\\/helloproject.es\\\/vigilancia\\\/espana-ya-ha-vivido-90-olas-de-calor-en-el-siglo-xxi-y-cada-vez-son-mas-largas\\\/#breadcrumb\"},\"inLanguage\":\"es\",\"potentialAction\":[{\"@type\":\"ReadAction\",\"target\":[\"https:\\\/\\\/helloproject.es\\\/vigilancia\\\/espana-ya-ha-vivido-90-olas-de-calor-en-el-siglo-xxi-y-cada-vez-son-mas-largas\\\/\"]}]},{\"@type\":\"BreadcrumbList\",\"@id\":\"https:\\\/\\\/helloproject.es\\\/vigilancia\\\/espana-ya-ha-vivido-90-olas-de-calor-en-el-siglo-xxi-y-cada-vez-son-mas-largas\\\/#breadcrumb\",\"itemListElement\":[{\"@type\":\"ListItem\",\"position\":1,\"name\":\"Home\",\"item\":\"https:\\\/\\\/helloproject.es\\\/vigilancia\\\/\"},{\"@type\":\"ListItem\",\"position\":2,\"name\":\"Espa\u00f1a ya ha vivido 90 olas de calor en el siglo XXI, y cada vez son m\u00e1s largas\"}]},{\"@type\":\"WebSite\",\"@id\":\"https:\\\/\\\/helloproject.es\\\/vigilancia\\\/#website\",\"url\":\"https:\\\/\\\/helloproject.es\\\/vigilancia\\\/\",\"name\":\"bip4ex\",\"description\":\"Vigilancia Tecnol\u00f3gica\",\"publisher\":{\"@id\":\"https:\\\/\\\/helloproject.es\\\/vigilancia\\\/#organization\"},\"potentialAction\":[{\"@type\":\"SearchAction\",\"target\":{\"@type\":\"EntryPoint\",\"urlTemplate\":\"https:\\\/\\\/helloproject.es\\\/vigilancia\\\/?s={search_term_string}\"},\"query-input\":{\"@type\":\"PropertyValueSpecification\",\"valueRequired\":true,\"valueName\":\"search_term_string\"}}],\"inLanguage\":\"es\"},{\"@type\":\"Organization\",\"@id\":\"https:\\\/\\\/helloproject.es\\\/vigilancia\\\/#organization\",\"name\":\"Helloproject.es\",\"url\":\"https:\\\/\\\/helloproject.es\\\/vigilancia\\\/\",\"logo\":{\"@type\":\"ImageObject\",\"inLanguage\":\"es\",\"@id\":\"https:\\\/\\\/helloproject.es\\\/vigilancia\\\/#\\\/schema\\\/logo\\\/image\\\/\",\"url\":\"https:\\\/\\\/helloproject.es\\\/vigilancia\\\/wp-content\\\/uploads\\\/2023\\\/07\\\/bip4ex.png\",\"contentUrl\":\"https:\\\/\\\/helloproject.es\\\/vigilancia\\\/wp-content\\\/uploads\\\/2023\\\/07\\\/bip4ex.png\",\"width\":322,\"height\":365,\"caption\":\"Helloproject.es\"},\"image\":{\"@id\":\"https:\\\/\\\/helloproject.es\\\/vigilancia\\\/#\\\/schema\\\/logo\\\/image\\\/\"}},{\"@type\":\"Person\",\"@id\":\"https:\\\/\\\/helloproject.es\\\/vigilancia\\\/#\\\/schema\\\/person\\\/3767b0619d59a11570372c821f8619ca\",\"name\":\"Luis Miguel Mej\u00edas Ramos\",\"url\":\"https:\\\/\\\/helloproject.es\\\/vigilancia\\\/author\\\/luismi\\\/\"}]}<\/script>\n<!-- \/ Yoast SEO Premium plugin. -->","yoast_head_json":{"title":"Espa\u00f1a ya ha vivido 90 olas de calor en el siglo XXI, y cada vez son m\u00e1s largas - bip4ex","robots":{"index":"index","follow":"follow","max-snippet":"max-snippet:-1","max-image-preview":"max-image-preview:large","max-video-preview":"max-video-preview:-1"},"canonical":"https:\/\/helloproject.es\/vigilancia\/espana-ya-ha-vivido-90-olas-de-calor-en-el-siglo-xxi-y-cada-vez-son-mas-largas\/","og_locale":"es_ES","og_type":"article","og_title":"Espa\u00f1a ya ha vivido 90 olas de calor en el siglo XXI, y cada vez son m\u00e1s largas","og_description":"Con la llegada de esta segunda fase calurosa del verano de 2025, Espa\u00f1a ha vivido ya 90 olas de calor en lo que va del siglo XXI, seg\u00fan datos de la Agencia Estatal de Meteorolog\u00eda (Aemet), que resalta que este fen\u00f3meno es cada vez m\u00e1s largo con un registro hist\u00f3rico de 26 d\u00edas continuos en [&hellip;]","og_url":"https:\/\/helloproject.es\/vigilancia\/espana-ya-ha-vivido-90-olas-de-calor-en-el-siglo-xxi-y-cada-vez-son-mas-largas\/","og_site_name":"bip4ex","article_published_time":"2025-08-06T08:28:07+00:00","author":"Luis Miguel Mej\u00edas Ramos","twitter_card":"summary_large_image","twitter_misc":{"Escrito por":"Luis Miguel Mej\u00edas Ramos","Tiempo de lectura":"4 minutos"},"schema":{"@context":"https:\/\/schema.org","@graph":[{"@type":"Article","@id":"https:\/\/helloproject.es\/vigilancia\/espana-ya-ha-vivido-90-olas-de-calor-en-el-siglo-xxi-y-cada-vez-son-mas-largas\/#article","isPartOf":{"@id":"https:\/\/helloproject.es\/vigilancia\/espana-ya-ha-vivido-90-olas-de-calor-en-el-siglo-xxi-y-cada-vez-son-mas-largas\/"},"author":{"name":"Luis Miguel Mej\u00edas Ramos","@id":"https:\/\/helloproject.es\/vigilancia\/#\/schema\/person\/3767b0619d59a11570372c821f8619ca"},"headline":"Espa\u00f1a ya ha vivido 90 olas de calor en el siglo XXI, y cada vez son m\u00e1s largas","datePublished":"2025-08-06T08:28:07+00:00","mainEntityOfPage":{"@id":"https:\/\/helloproject.es\/vigilancia\/espana-ya-ha-vivido-90-olas-de-calor-en-el-siglo-xxi-y-cada-vez-son-mas-largas\/"},"wordCount":734,"publisher":{"@id":"https:\/\/helloproject.es\/vigilancia\/#organization"},"articleSection":["Noticias"],"inLanguage":"es"},{"@type":"WebPage","@id":"https:\/\/helloproject.es\/vigilancia\/espana-ya-ha-vivido-90-olas-de-calor-en-el-siglo-xxi-y-cada-vez-son-mas-largas\/","url":"https:\/\/helloproject.es\/vigilancia\/espana-ya-ha-vivido-90-olas-de-calor-en-el-siglo-xxi-y-cada-vez-son-mas-largas\/","name":"Espa\u00f1a ya ha vivido 90 olas de calor en el siglo XXI, y cada vez son m\u00e1s largas - bip4ex","isPartOf":{"@id":"https:\/\/helloproject.es\/vigilancia\/#website"},"datePublished":"2025-08-06T08:28:07+00:00","breadcrumb":{"@id":"https:\/\/helloproject.es\/vigilancia\/espana-ya-ha-vivido-90-olas-de-calor-en-el-siglo-xxi-y-cada-vez-son-mas-largas\/#breadcrumb"},"inLanguage":"es","potentialAction":[{"@type":"ReadAction","target":["https:\/\/helloproject.es\/vigilancia\/espana-ya-ha-vivido-90-olas-de-calor-en-el-siglo-xxi-y-cada-vez-son-mas-largas\/"]}]},{"@type":"BreadcrumbList","@id":"https:\/\/helloproject.es\/vigilancia\/espana-ya-ha-vivido-90-olas-de-calor-en-el-siglo-xxi-y-cada-vez-son-mas-largas\/#breadcrumb","itemListElement":[{"@type":"ListItem","position":1,"name":"Home","item":"https:\/\/helloproject.es\/vigilancia\/"},{"@type":"ListItem","position":2,"name":"Espa\u00f1a ya ha vivido 90 olas de calor en el siglo XXI, y cada vez son m\u00e1s largas"}]},{"@type":"WebSite","@id":"https:\/\/helloproject.es\/vigilancia\/#website","url":"https:\/\/helloproject.es\/vigilancia\/","name":"bip4ex","description":"Vigilancia Tecnol\u00f3gica","publisher":{"@id":"https:\/\/helloproject.es\/vigilancia\/#organization"},"potentialAction":[{"@type":"SearchAction","target":{"@type":"EntryPoint","urlTemplate":"https:\/\/helloproject.es\/vigilancia\/?s={search_term_string}"},"query-input":{"@type":"PropertyValueSpecification","valueRequired":true,"valueName":"search_term_string"}}],"inLanguage":"es"},{"@type":"Organization","@id":"https:\/\/helloproject.es\/vigilancia\/#organization","name":"Helloproject.es","url":"https:\/\/helloproject.es\/vigilancia\/","logo":{"@type":"ImageObject","inLanguage":"es","@id":"https:\/\/helloproject.es\/vigilancia\/#\/schema\/logo\/image\/","url":"https:\/\/helloproject.es\/vigilancia\/wp-content\/uploads\/2023\/07\/bip4ex.png","contentUrl":"https:\/\/helloproject.es\/vigilancia\/wp-content\/uploads\/2023\/07\/bip4ex.png","width":322,"height":365,"caption":"Helloproject.es"},"image":{"@id":"https:\/\/helloproject.es\/vigilancia\/#\/schema\/logo\/image\/"}},{"@type":"Person","@id":"https:\/\/helloproject.es\/vigilancia\/#\/schema\/person\/3767b0619d59a11570372c821f8619ca","name":"Luis Miguel Mej\u00edas Ramos","url":"https:\/\/helloproject.es\/vigilancia\/author\/luismi\/"}]}},"_links":{"self":[{"href":"https:\/\/helloproject.es\/vigilancia\/wp-json\/wp\/v2\/posts\/169102","targetHints":{"allow":["GET"]}}],"collection":[{"href":"https:\/\/helloproject.es\/vigilancia\/wp-json\/wp\/v2\/posts"}],"about":[{"href":"https:\/\/helloproject.es\/vigilancia\/wp-json\/wp\/v2\/types\/post"}],"author":[{"embeddable":true,"href":"https:\/\/helloproject.es\/vigilancia\/wp-json\/wp\/v2\/users\/5"}],"replies":[{"embeddable":true,"href":"https:\/\/helloproject.es\/vigilancia\/wp-json\/wp\/v2\/comments?post=169102"}],"version-history":[{"count":0,"href":"https:\/\/helloproject.es\/vigilancia\/wp-json\/wp\/v2\/posts\/169102\/revisions"}],"wp:attachment":[{"href":"https:\/\/helloproject.es\/vigilancia\/wp-json\/wp\/v2\/media?parent=169102"}],"wp:term":[{"taxonomy":"category","embeddable":true,"href":"https:\/\/helloproject.es\/vigilancia\/wp-json\/wp\/v2\/categories?post=169102"},{"taxonomy":"post_tag","embeddable":true,"href":"https:\/\/helloproject.es\/vigilancia\/wp-json\/wp\/v2\/tags?post=169102"}],"curies":[{"name":"wp","href":"https:\/\/api.w.org\/{rel}","templated":true}]}}