{"id":169391,"date":"2025-08-06T19:33:38","date_gmt":"2025-08-06T18:33:38","guid":{"rendered":"https:\/\/helloproject.es\/vigilancia\/nuevo-carril-bici-entre-aguilar-y-la-playa-del-embalse-con-una-inversion-superior-al-millon-de-euros\/"},"modified":"2025-08-06T19:33:38","modified_gmt":"2025-08-06T18:33:38","slug":"nuevo-carril-bici-entre-aguilar-y-la-playa-del-embalse-con-una-inversion-superior-al-millon-de-euros","status":"publish","type":"post","link":"https:\/\/helloproject.es\/vigilancia\/nuevo-carril-bici-entre-aguilar-y-la-playa-del-embalse-con-una-inversion-superior-al-millon-de-euros\/","title":{"rendered":"Nuevo carril bici entre Aguilar y la Playa del Embalse con una inversi\u00f3n superior al mill\u00f3n de euros"},"content":{"rendered":"<p><span>Nuevo carril bici entre Aguilar y la Playa del Embalse con una inversi\u00f3n superior al mill\u00f3n de euros<\/span><\/p>\n<div>\n<div>Fecha de noticia<\/div>\n<div>Mi\u00e9rcoles, 06 de Agosto de 2025\n<\/div>\n<\/div>\n<p><span><span>prensa<\/span><\/span><br \/>\n<span>Mi\u00e9, 06\/08\/2025 &#8211; 20:07<br \/>\n<\/span><\/p>\n<div>La Diputaci\u00f3n de Palencia ejecuta un nuevo carril bici entre Aguilar de Campoo y la Playa del Embalse con una inversi\u00f3n superior al mill\u00f3n de euros enmarcado dentro del Plan de Sostenibilidad Tur\u00edstica en Destino Monta\u00f1a Palentina<\/div>\n<div>\n<ul>\n<li>\n<p class=\"text-align-justify\"><span>El objetivo es unir la localidad de Aguilar de Campoo con el entorno del embalse y su playa, donde su ubican adem\u00e1s varios establecimientos hosteleros y el camping municipal, aprovechando el trazado de la carretera provincial PP-2123<\/span><\/p>\n<\/li>\n<li>\n<p class=\"text-align-justify\"><span>Otras actuaciones que se est\u00e1n llevando a cabo por la zona es la construcci\u00f3n de un carril bici en la Carretera Provincial PP-2104 entre Cervera de Pisuerga a Arbejal\u00a0que\u00a0ha sido adjudicada <strong>por un importe de 469. 969,90 euros<\/strong><\/span><\/p>\n<\/li>\n<li>\n<p class=\"text-align-justify\"><span>Por otro lado, se ha ejecutado la adecuaci\u00f3n y se\u00f1alizaci\u00f3n de itinerario ciclista que conectar\u00e1 el Centro de Visitantes del Geoparque de las Loras en Aguilar de Campoo con el Centro de Visitantes de Villaescusa de las Torres (Pomar de Valdivia), y que finalizar\u00e1 en Recuevas y ha contado con un presupuesto final de 242.436,32 euros.\u00a0<\/span><\/p>\n<\/li>\n<\/ul>\n<\/div>","protected":false},"excerpt":{"rendered":"<p>Nuevo carril bici entre Aguilar y la Playa del Embalse con una inversi\u00f3n superior al mill\u00f3n de euros Fecha de noticia Mi\u00e9rcoles, 06 de Agosto de 2025 prensa Mi\u00e9, 06\/08\/2025 &#8211; 20:07 La Diputaci\u00f3n de Palencia ejecuta un nuevo carril bici entre Aguilar de Campoo y la Playa del Embalse con una inversi\u00f3n superior al [&hellip;]<\/p>\n","protected":false},"author":5,"featured_media":0,"comment_status":"","ping_status":"","sticky":false,"template":"","format":"standard","meta":{"site-sidebar-layout":"default","site-content-layout":"","ast-site-content-layout":"default","site-content-style":"default","site-sidebar-style":"default","ast-global-header-display":"","ast-banner-title-visibility":"","ast-main-header-display":"","ast-hfb-above-header-display":"","ast-hfb-below-header-display":"","ast-hfb-mobile-header-display":"","site-post-title":"","ast-breadcrumbs-content":"","ast-featured-img":"","footer-sml-layout":"","ast-disable-related-posts":"","theme-transparent-header-meta":"","adv-header-id-meta":"","stick-header-meta":"","header-above-stick-meta":"","header-main-stick-meta":"","header-below-stick-meta":"","astra-migrate-meta-layouts":"default","ast-page-background-enabled":"default","ast-page-background-meta":{"desktop":{"background-color":"var(--ast-global-color-4)","background-image":"","background-repeat":"repeat","background-position":"center center","background-size":"auto","background-attachment":"scroll","background-type":"","background-media":"","overlay-type":"","overlay-color":"","overlay-opacity":"","overlay-gradient":""},"tablet":{"background-color":"","background-image":"","background-repeat":"repeat","background-position":"center center","background-size":"auto","background-attachment":"scroll","background-type":"","background-media":"","overlay-type":"","overlay-color":"","overlay-opacity":"","overlay-gradient":""},"mobile":{"background-color":"","background-image":"","background-repeat":"repeat","background-position":"center center","background-size":"auto","background-attachment":"scroll","background-type":"","background-media":"","overlay-type":"","overlay-color":"","overlay-opacity":"","overlay-gradient":""}},"ast-content-background-meta":{"desktop":{"background-color":"var(--ast-global-color-5)","background-image":"","background-repeat":"repeat","background-position":"center center","background-size":"auto","background-attachment":"scroll","background-type":"","background-media":"","overlay-type":"","overlay-color":"","overlay-opacity":"","overlay-gradient":""},"tablet":{"background-color":"var(--ast-global-color-5)","background-image":"","background-repeat":"repeat","background-position":"center center","background-size":"auto","background-attachment":"scroll","background-type":"","background-media":"","overlay-type":"","overlay-color":"","overlay-opacity":"","overlay-gradient":""},"mobile":{"background-color":"var(--ast-global-color-5)","background-image":"","background-repeat":"repeat","background-position":"center center","background-size":"auto","background-attachment":"scroll","background-type":"","background-media":"","overlay-type":"","overlay-color":"","overlay-opacity":"","overlay-gradient":""}},"footnotes":""},"categories":[5],"tags":[],"class_list":["post-169391","post","type-post","status-publish","format-standard","hentry","category-noticias"],"yoast_head":"<!-- This site is optimized with the Yoast SEO Premium plugin v20.9 (Yoast SEO v27.4) - https:\/\/yoast.com\/product\/yoast-seo-premium-wordpress\/ -->\n<title>Nuevo carril bici entre Aguilar y la Playa del Embalse con una inversi\u00f3n superior al mill\u00f3n de euros - bip4ex<\/title>\n<meta name=\"robots\" content=\"index, follow, max-snippet:-1, max-image-preview:large, max-video-preview:-1\" \/>\n<link rel=\"canonical\" href=\"https:\/\/helloproject.es\/vigilancia\/nuevo-carril-bici-entre-aguilar-y-la-playa-del-embalse-con-una-inversion-superior-al-millon-de-euros\/\" \/>\n<meta property=\"og:locale\" content=\"es_ES\" \/>\n<meta property=\"og:type\" content=\"article\" \/>\n<meta property=\"og:title\" content=\"Nuevo carril bici entre Aguilar y la Playa del Embalse con una inversi\u00f3n superior al mill\u00f3n de euros\" \/>\n<meta property=\"og:description\" content=\"Nuevo carril bici entre Aguilar y la Playa del Embalse con una inversi\u00f3n superior al mill\u00f3n de euros Fecha de noticia Mi\u00e9rcoles, 06 de Agosto de 2025 prensa Mi\u00e9, 06\/08\/2025 &#8211; 20:07 La Diputaci\u00f3n de Palencia ejecuta un nuevo carril bici entre Aguilar de Campoo y la Playa del Embalse con una inversi\u00f3n superior al [&hellip;]\" \/>\n<meta property=\"og:url\" content=\"https:\/\/helloproject.es\/vigilancia\/nuevo-carril-bici-entre-aguilar-y-la-playa-del-embalse-con-una-inversion-superior-al-millon-de-euros\/\" \/>\n<meta property=\"og:site_name\" content=\"bip4ex\" \/>\n<meta property=\"article:published_time\" content=\"2025-08-06T18:33:38+00:00\" \/>\n<meta name=\"author\" content=\"Luis Miguel Mej\u00edas Ramos\" \/>\n<meta name=\"twitter:card\" content=\"summary_large_image\" \/>\n<meta name=\"twitter:label1\" content=\"Escrito por\" \/>\n\t<meta name=\"twitter:data1\" content=\"Luis Miguel Mej\u00edas Ramos\" \/>\n\t<meta name=\"twitter:label2\" content=\"Tiempo de lectura\" \/>\n\t<meta name=\"twitter:data2\" content=\"1 minuto\" \/>\n<script type=\"application\/ld+json\" class=\"yoast-schema-graph\">{\"@context\":\"https:\\\/\\\/schema.org\",\"@graph\":[{\"@type\":\"Article\",\"@id\":\"https:\\\/\\\/helloproject.es\\\/vigilancia\\\/nuevo-carril-bici-entre-aguilar-y-la-playa-del-embalse-con-una-inversion-superior-al-millon-de-euros\\\/#article\",\"isPartOf\":{\"@id\":\"https:\\\/\\\/helloproject.es\\\/vigilancia\\\/nuevo-carril-bici-entre-aguilar-y-la-playa-del-embalse-con-una-inversion-superior-al-millon-de-euros\\\/\"},\"author\":{\"name\":\"Luis Miguel Mej\u00edas Ramos\",\"@id\":\"https:\\\/\\\/helloproject.es\\\/vigilancia\\\/#\\\/schema\\\/person\\\/3767b0619d59a11570372c821f8619ca\"},\"headline\":\"Nuevo carril bici entre Aguilar y la Playa del Embalse con una inversi\u00f3n superior al mill\u00f3n de euros\",\"datePublished\":\"2025-08-06T18:33:38+00:00\",\"mainEntityOfPage\":{\"@id\":\"https:\\\/\\\/helloproject.es\\\/vigilancia\\\/nuevo-carril-bici-entre-aguilar-y-la-playa-del-embalse-con-una-inversion-superior-al-millon-de-euros\\\/\"},\"wordCount\":229,\"publisher\":{\"@id\":\"https:\\\/\\\/helloproject.es\\\/vigilancia\\\/#organization\"},\"articleSection\":[\"Noticias\"],\"inLanguage\":\"es\"},{\"@type\":\"WebPage\",\"@id\":\"https:\\\/\\\/helloproject.es\\\/vigilancia\\\/nuevo-carril-bici-entre-aguilar-y-la-playa-del-embalse-con-una-inversion-superior-al-millon-de-euros\\\/\",\"url\":\"https:\\\/\\\/helloproject.es\\\/vigilancia\\\/nuevo-carril-bici-entre-aguilar-y-la-playa-del-embalse-con-una-inversion-superior-al-millon-de-euros\\\/\",\"name\":\"Nuevo carril bici entre Aguilar y la Playa del Embalse con una inversi\u00f3n superior al mill\u00f3n de euros - bip4ex\",\"isPartOf\":{\"@id\":\"https:\\\/\\\/helloproject.es\\\/vigilancia\\\/#website\"},\"datePublished\":\"2025-08-06T18:33:38+00:00\",\"breadcrumb\":{\"@id\":\"https:\\\/\\\/helloproject.es\\\/vigilancia\\\/nuevo-carril-bici-entre-aguilar-y-la-playa-del-embalse-con-una-inversion-superior-al-millon-de-euros\\\/#breadcrumb\"},\"inLanguage\":\"es\",\"potentialAction\":[{\"@type\":\"ReadAction\",\"target\":[\"https:\\\/\\\/helloproject.es\\\/vigilancia\\\/nuevo-carril-bici-entre-aguilar-y-la-playa-del-embalse-con-una-inversion-superior-al-millon-de-euros\\\/\"]}]},{\"@type\":\"BreadcrumbList\",\"@id\":\"https:\\\/\\\/helloproject.es\\\/vigilancia\\\/nuevo-carril-bici-entre-aguilar-y-la-playa-del-embalse-con-una-inversion-superior-al-millon-de-euros\\\/#breadcrumb\",\"itemListElement\":[{\"@type\":\"ListItem\",\"position\":1,\"name\":\"Home\",\"item\":\"https:\\\/\\\/helloproject.es\\\/vigilancia\\\/\"},{\"@type\":\"ListItem\",\"position\":2,\"name\":\"Nuevo carril bici entre Aguilar y la Playa del Embalse con una inversi\u00f3n superior al mill\u00f3n de euros\"}]},{\"@type\":\"WebSite\",\"@id\":\"https:\\\/\\\/helloproject.es\\\/vigilancia\\\/#website\",\"url\":\"https:\\\/\\\/helloproject.es\\\/vigilancia\\\/\",\"name\":\"bip4ex\",\"description\":\"Vigilancia Tecnol\u00f3gica\",\"publisher\":{\"@id\":\"https:\\\/\\\/helloproject.es\\\/vigilancia\\\/#organization\"},\"potentialAction\":[{\"@type\":\"SearchAction\",\"target\":{\"@type\":\"EntryPoint\",\"urlTemplate\":\"https:\\\/\\\/helloproject.es\\\/vigilancia\\\/?s={search_term_string}\"},\"query-input\":{\"@type\":\"PropertyValueSpecification\",\"valueRequired\":true,\"valueName\":\"search_term_string\"}}],\"inLanguage\":\"es\"},{\"@type\":\"Organization\",\"@id\":\"https:\\\/\\\/helloproject.es\\\/vigilancia\\\/#organization\",\"name\":\"Helloproject.es\",\"url\":\"https:\\\/\\\/helloproject.es\\\/vigilancia\\\/\",\"logo\":{\"@type\":\"ImageObject\",\"inLanguage\":\"es\",\"@id\":\"https:\\\/\\\/helloproject.es\\\/vigilancia\\\/#\\\/schema\\\/logo\\\/image\\\/\",\"url\":\"https:\\\/\\\/helloproject.es\\\/vigilancia\\\/wp-content\\\/uploads\\\/2023\\\/07\\\/bip4ex.png\",\"contentUrl\":\"https:\\\/\\\/helloproject.es\\\/vigilancia\\\/wp-content\\\/uploads\\\/2023\\\/07\\\/bip4ex.png\",\"width\":322,\"height\":365,\"caption\":\"Helloproject.es\"},\"image\":{\"@id\":\"https:\\\/\\\/helloproject.es\\\/vigilancia\\\/#\\\/schema\\\/logo\\\/image\\\/\"}},{\"@type\":\"Person\",\"@id\":\"https:\\\/\\\/helloproject.es\\\/vigilancia\\\/#\\\/schema\\\/person\\\/3767b0619d59a11570372c821f8619ca\",\"name\":\"Luis Miguel Mej\u00edas Ramos\",\"url\":\"https:\\\/\\\/helloproject.es\\\/vigilancia\\\/author\\\/luismi\\\/\"}]}<\/script>\n<!-- \/ Yoast SEO Premium plugin. -->","yoast_head_json":{"title":"Nuevo carril bici entre Aguilar y la Playa del Embalse con una inversi\u00f3n superior al mill\u00f3n de euros - bip4ex","robots":{"index":"index","follow":"follow","max-snippet":"max-snippet:-1","max-image-preview":"max-image-preview:large","max-video-preview":"max-video-preview:-1"},"canonical":"https:\/\/helloproject.es\/vigilancia\/nuevo-carril-bici-entre-aguilar-y-la-playa-del-embalse-con-una-inversion-superior-al-millon-de-euros\/","og_locale":"es_ES","og_type":"article","og_title":"Nuevo carril bici entre Aguilar y la Playa del Embalse con una inversi\u00f3n superior al mill\u00f3n de euros","og_description":"Nuevo carril bici entre Aguilar y la Playa del Embalse con una inversi\u00f3n superior al mill\u00f3n de euros Fecha de noticia Mi\u00e9rcoles, 06 de Agosto de 2025 prensa Mi\u00e9, 06\/08\/2025 &#8211; 20:07 La Diputaci\u00f3n de Palencia ejecuta un nuevo carril bici entre Aguilar de Campoo y la Playa del Embalse con una inversi\u00f3n superior al [&hellip;]","og_url":"https:\/\/helloproject.es\/vigilancia\/nuevo-carril-bici-entre-aguilar-y-la-playa-del-embalse-con-una-inversion-superior-al-millon-de-euros\/","og_site_name":"bip4ex","article_published_time":"2025-08-06T18:33:38+00:00","author":"Luis Miguel Mej\u00edas Ramos","twitter_card":"summary_large_image","twitter_misc":{"Escrito por":"Luis Miguel Mej\u00edas Ramos","Tiempo de lectura":"1 minuto"},"schema":{"@context":"https:\/\/schema.org","@graph":[{"@type":"Article","@id":"https:\/\/helloproject.es\/vigilancia\/nuevo-carril-bici-entre-aguilar-y-la-playa-del-embalse-con-una-inversion-superior-al-millon-de-euros\/#article","isPartOf":{"@id":"https:\/\/helloproject.es\/vigilancia\/nuevo-carril-bici-entre-aguilar-y-la-playa-del-embalse-con-una-inversion-superior-al-millon-de-euros\/"},"author":{"name":"Luis Miguel Mej\u00edas Ramos","@id":"https:\/\/helloproject.es\/vigilancia\/#\/schema\/person\/3767b0619d59a11570372c821f8619ca"},"headline":"Nuevo carril bici entre Aguilar y la Playa del Embalse con una inversi\u00f3n superior al mill\u00f3n de euros","datePublished":"2025-08-06T18:33:38+00:00","mainEntityOfPage":{"@id":"https:\/\/helloproject.es\/vigilancia\/nuevo-carril-bici-entre-aguilar-y-la-playa-del-embalse-con-una-inversion-superior-al-millon-de-euros\/"},"wordCount":229,"publisher":{"@id":"https:\/\/helloproject.es\/vigilancia\/#organization"},"articleSection":["Noticias"],"inLanguage":"es"},{"@type":"WebPage","@id":"https:\/\/helloproject.es\/vigilancia\/nuevo-carril-bici-entre-aguilar-y-la-playa-del-embalse-con-una-inversion-superior-al-millon-de-euros\/","url":"https:\/\/helloproject.es\/vigilancia\/nuevo-carril-bici-entre-aguilar-y-la-playa-del-embalse-con-una-inversion-superior-al-millon-de-euros\/","name":"Nuevo carril bici entre Aguilar y la Playa del Embalse con una inversi\u00f3n superior al mill\u00f3n de euros - bip4ex","isPartOf":{"@id":"https:\/\/helloproject.es\/vigilancia\/#website"},"datePublished":"2025-08-06T18:33:38+00:00","breadcrumb":{"@id":"https:\/\/helloproject.es\/vigilancia\/nuevo-carril-bici-entre-aguilar-y-la-playa-del-embalse-con-una-inversion-superior-al-millon-de-euros\/#breadcrumb"},"inLanguage":"es","potentialAction":[{"@type":"ReadAction","target":["https:\/\/helloproject.es\/vigilancia\/nuevo-carril-bici-entre-aguilar-y-la-playa-del-embalse-con-una-inversion-superior-al-millon-de-euros\/"]}]},{"@type":"BreadcrumbList","@id":"https:\/\/helloproject.es\/vigilancia\/nuevo-carril-bici-entre-aguilar-y-la-playa-del-embalse-con-una-inversion-superior-al-millon-de-euros\/#breadcrumb","itemListElement":[{"@type":"ListItem","position":1,"name":"Home","item":"https:\/\/helloproject.es\/vigilancia\/"},{"@type":"ListItem","position":2,"name":"Nuevo carril bici entre Aguilar y la Playa del Embalse con una inversi\u00f3n superior al mill\u00f3n de euros"}]},{"@type":"WebSite","@id":"https:\/\/helloproject.es\/vigilancia\/#website","url":"https:\/\/helloproject.es\/vigilancia\/","name":"bip4ex","description":"Vigilancia Tecnol\u00f3gica","publisher":{"@id":"https:\/\/helloproject.es\/vigilancia\/#organization"},"potentialAction":[{"@type":"SearchAction","target":{"@type":"EntryPoint","urlTemplate":"https:\/\/helloproject.es\/vigilancia\/?s={search_term_string}"},"query-input":{"@type":"PropertyValueSpecification","valueRequired":true,"valueName":"search_term_string"}}],"inLanguage":"es"},{"@type":"Organization","@id":"https:\/\/helloproject.es\/vigilancia\/#organization","name":"Helloproject.es","url":"https:\/\/helloproject.es\/vigilancia\/","logo":{"@type":"ImageObject","inLanguage":"es","@id":"https:\/\/helloproject.es\/vigilancia\/#\/schema\/logo\/image\/","url":"https:\/\/helloproject.es\/vigilancia\/wp-content\/uploads\/2023\/07\/bip4ex.png","contentUrl":"https:\/\/helloproject.es\/vigilancia\/wp-content\/uploads\/2023\/07\/bip4ex.png","width":322,"height":365,"caption":"Helloproject.es"},"image":{"@id":"https:\/\/helloproject.es\/vigilancia\/#\/schema\/logo\/image\/"}},{"@type":"Person","@id":"https:\/\/helloproject.es\/vigilancia\/#\/schema\/person\/3767b0619d59a11570372c821f8619ca","name":"Luis Miguel Mej\u00edas Ramos","url":"https:\/\/helloproject.es\/vigilancia\/author\/luismi\/"}]}},"_links":{"self":[{"href":"https:\/\/helloproject.es\/vigilancia\/wp-json\/wp\/v2\/posts\/169391","targetHints":{"allow":["GET"]}}],"collection":[{"href":"https:\/\/helloproject.es\/vigilancia\/wp-json\/wp\/v2\/posts"}],"about":[{"href":"https:\/\/helloproject.es\/vigilancia\/wp-json\/wp\/v2\/types\/post"}],"author":[{"embeddable":true,"href":"https:\/\/helloproject.es\/vigilancia\/wp-json\/wp\/v2\/users\/5"}],"replies":[{"embeddable":true,"href":"https:\/\/helloproject.es\/vigilancia\/wp-json\/wp\/v2\/comments?post=169391"}],"version-history":[{"count":0,"href":"https:\/\/helloproject.es\/vigilancia\/wp-json\/wp\/v2\/posts\/169391\/revisions"}],"wp:attachment":[{"href":"https:\/\/helloproject.es\/vigilancia\/wp-json\/wp\/v2\/media?parent=169391"}],"wp:term":[{"taxonomy":"category","embeddable":true,"href":"https:\/\/helloproject.es\/vigilancia\/wp-json\/wp\/v2\/categories?post=169391"},{"taxonomy":"post_tag","embeddable":true,"href":"https:\/\/helloproject.es\/vigilancia\/wp-json\/wp\/v2\/tags?post=169391"}],"curies":[{"name":"wp","href":"https:\/\/api.w.org\/{rel}","templated":true}]}}