{"id":170446,"date":"2025-08-08T09:28:36","date_gmt":"2025-08-08T08:28:36","guid":{"rendered":"https:\/\/helloproject.es\/vigilancia\/convocatoria-2025-orden-ind-44-2024\/"},"modified":"2025-08-08T09:28:36","modified_gmt":"2025-08-08T08:28:36","slug":"convocatoria-2025-orden-ind-44-2024","status":"publish","type":"post","link":"https:\/\/helloproject.es\/vigilancia\/convocatoria-2025-orden-ind-44-2024\/","title":{"rendered":"CONVOCATORIA 2025 Orden IND\/44\/2024"},"content":{"rendered":"<div class=\"ayuda_subvencion plantillas\">\n<div class=\"portlet-topper\">\n\t\t\t    <strong class=\"sr-only\">Subvencion:<\/strong>\n<h2 class=\"portlet-title\">CONVOCATORIA 2025 Orden IND\/44\/2024<\/h2>\n<\/div>\n<div class=\"iconosTramitacion\">\n<p>\t\t\t\t\t<a href=\"https:\/\/rec.cantabria.es\/rec\/auth\/prepare-cert-login.htm?forward=IND-I-044-2024\" title=\"Con certificado\"><img decoding=\"async\" src=\"https:\/\/www.cantabria.es\/documents\/26427\/21881598\/DNIe.jpg\/01f4c245-cfe3-9563-9845-0e0f97e7f720?t=1648806919369\" alt=\"\" aria-hidden=\"true\" \/><span class=\"sr-only\">Con certificado<\/span><\/a><\/p>\n<p>\t\t\t<a target=\"_blank\" href=\"https:\/\/sede.cantabria.es\/sede\/ayuda\/012-telefono-de-atencion-administrativa\" title=\"Servicio telef\u00f3nico 012 de atenci\u00f3n al ciudadano de Cantabria\"><img decoding=\"async\" src=\"https:\/\/www.cantabria.es\/documents\/26427\/21881598\/012.jpg\/d4445702-c7cf-c44a-3ce9-b0288c1d9b9a?t=1648806893827\" alt=\"\" aria-hidden=\"true\" \/><span class=\"sr-only\">Servicio telef\u00f3nico 012 de atenci\u00f3n al ciudadano de Cantabria<\/span><\/a>\n\t\t<\/p><\/div>\n<h3>Descripci\u00f3n:<\/h3>\n<p><span>Orden IND\/38\/2025, de 30 de julio, por la que se aprueba la convocatoria para 2025 del programa J\u00f3venes con Talento, cofinanciadas por la Uni\u00f3n Europea, destinadas a las entidades del sector p\u00fablico institucional de la Comunidad Aut\u00f3noma de Cantabria y a las entidades sin \u00e1nimo de lucro, en el marco de la Garant\u00eda Juvenil.<\/span><\/p>\n<h3>Bolet\u00edn Oficial de Cantabria<\/h3>\n<p><span>N\u00famero BOC: 152 Extracto Convocatoria<\/span><\/p>\n<p><span>Fecha BOC: 08\/08\/2025<\/span><\/p>\n<p>\n\t\t\t\t\t<span><br \/>\n\t\t\t\t\t\t<a href=\"https:\/\/boc.cantabria.es\/boces\/verAnuncioAction.do?idAnuBlob=423494\" target=\"_blank\" rel=\"noopener noreferrer\">Enlace BOC<\/a><\/span><\/p>\n<p>\t\t\t\t\t\n\t\t\t\t<\/p>\n<h3>Fecha inicio plazo presentaci\u00f3n:<\/h3>\n<p><span>11\/08\/2025<\/span><\/p>\n<h3>Fecha finalizaci\u00f3n plazo presentaci\u00f3n:<\/h3>\n<p><span>25\/08\/2025<\/span><\/p>\n<h3>Beneficiarios:<\/h3>\n<div>\n<p>Podr\u00e1n ser beneficiarias de las ayudas contempladas en esta orden las siguientes entidades, siempre y cuando cumplan los requisitos establecidos en el art\u00edculo 13 de la Ley 38\/2003, de 17 de noviembre, y en el art\u00edculo 12 de la Ley de Cantabria 10\/2006, de 17 de julio:<\/p>\n<ol start=\"1\">\n<li>Las siguientes entidades del <strong>sector p\u00fablico institucional<\/strong> de la Comunidad Aut\u00f3noma de Cantabria:\n<ol start=\"1\">\n<li>La <strong>Universidad de Cantabria<\/strong> y las entidades que sean dependientes de ella.<\/li>\n<li>Las <strong>sociedades mercantiles auton\u00f3micas<\/strong>, entendiendo por tales aquellas en las que la participaci\u00f3n, directa o indirecta, en su capital social de las entidades que integran el Sector P\u00fablico de la Comunidad Aut\u00f3noma de Cantabria, sea igual o superior al cincuenta por ciento. Para la determinaci\u00f3n de este porcentaje, se sumar\u00e1n las participaciones correspondientes a las entidades integradas en el sector p\u00fablico auton\u00f3mico, en el caso de que en el capital social participen varias de ellas.<\/li>\n<li>Las <strong>Fundaciones del Sector P\u00fablico<\/strong> de la Comunidad Aut\u00f3noma de Cantabria, entendiendo por tales aquellas Fundaciones en las que concurra alguna de las siguientes circunstancias:<\/li>\n<\/ol>\n<\/li>\n<\/ol>\n<ul>\n<li>Que se constituyan con una aportaci\u00f3n mayoritaria, directa o indirecta, de la Administraci\u00f3n General de la Comunidad Aut\u00f3noma, sus organismos p\u00fablicos o dem\u00e1s entidades del Sector P\u00fablico Auton\u00f3mico.<\/li>\n<li>Que su patrimonio fundacional, con un car\u00e1cter de permanencia, est\u00e9 formado en m\u00e1s de un cincuenta por ciento por bienes o derechos aportados o cedidos por las referidas entidades.<\/li>\n<\/ul>\n<ol start=\"4\">\n<li>Las <strong>entidades auton\u00f3micas de Derecho p\u00fablico<\/strong> en los t\u00e9rminos definidos en el art\u00edculo 2.2.g) de la Ley de Cantabria 14\/2006, de 24 de octubre, de Finanzas de Cantabria, y en los t\u00e9rminos previstos en su normativa.<\/li>\n<\/ol>\n<ol start=\"2\">\n<li>Las siguientes <strong>entidades sin \u00e1nimo de lucro<\/strong>:<\/li>\n<\/ol>\n<ol>\n<li>Las <strong>corporaciones de derecho p\u00fablico<\/strong> del \u00e1mbito de la Comunidad Aut\u00f3noma de Cantabria.<\/li>\n<li>Las <strong>asociaciones, fundaciones, organizaciones empresariales, organizaciones sindicales y otras entidades sin \u00e1nimo de lucro<\/strong> que desarrollen todas ellas su actividad en el \u00e1mbito de la Comunidad Aut\u00f3noma de Cantabria. Aqu\u00e9llas que no tengan su sede en Cantabria deber\u00e1n contar con una delegaci\u00f3n estable en la Comunidad Aut\u00f3noma que cuente con personas designadas como responsables de la misma.<\/li>\n<\/ol>\n<\/div>\n<h3>Documentaci\u00f3n a adjuntar:<\/h3>\n<div>\n<p>Las <strong>solicitudes de ayudas<\/strong> reguladas en esta orden <strong>deber\u00e1n presentarse firmadas electr\u00f3nicamente por la persona representante legal de la entidad,\u00a0<\/strong>acompa\u00f1adas de la siguiente documentaci\u00f3n:<\/p>\n<ol start=\"1\">\n<li><strong>Memoria<\/strong>, que contendr\u00e1 la descripci\u00f3n del puesto o de los puestos de trabajo que ser\u00e1n ocupados por las personas desempleadas que sean contratadas, incluyendo:<\/li>\n<\/ol>\n<ol>\n<li>Denominaci\u00f3n.\u00a0<\/li>\n<li>Identificaci\u00f3n del centro de trabajo y ubicaci\u00f3n del mismo.<\/li>\n<li>Perfil de las personas trabajadoras a contratar, indicando la titulaci\u00f3n o certificado profesional requerido, el grupo de cotizaci\u00f3n y la ocupaci\u00f3n laboral seg\u00fan la Clasificaci\u00f3n Nacional de Ocupaciones (CNO), aprobada por Real Decreto 1591\/2010, de 26 de noviembre. La ocupaci\u00f3n laboral deber\u00e1 estar directamente relacionada con el t\u00edtulo universitario o de formaci\u00f3n profesional de grado medio o superior o t\u00edtulos oficialmente reconocidos como equivalentes, o el certificado profesional, que faculta para la celebraci\u00f3n del contrato en pr\u00e1cticas.<\/li>\n<li>Resumen de tareas y funciones.<\/li>\n<li>Duraci\u00f3n del contrato (que ser\u00e1 de doce meses), jornada (que deber\u00e1 ser siempre a tiempo completo) y horario de trabajo.<\/li>\n<\/ol>\n<ol start=\"2\">\n<li><strong>Acreditaci\u00f3n de la representaci\u00f3n<\/strong> a favor de la persona f\u00edsica que presente la solicitud en nombre de la entidad solicitante, salvo que dicha representaci\u00f3n se ostente por su condici\u00f3n de cargo p\u00fablico cuyo nombramiento haya sido publicado en diario oficial, o bien cuando la solicitud sea firmada con certificado electr\u00f3nico de persona f\u00edsica representante de la persona jur\u00eddica solicitante.<\/li>\n<li>En el caso de oposici\u00f3n para recabar o consultar los datos y documentos que se refieren en el apartado 5 del punto S\u00e9ptimo o no autorizar la consulta de la informaci\u00f3n a que se refiere el apartado 6 del punto S\u00e9ptimo, los documentos acreditativos correspondientes.\u00a0<\/li>\n<li><strong>Informe de Vida laboral<\/strong> de la empresa, en el que conste el n\u00famero medio anual de personas trabajadoras en plantilla en situaci\u00f3n de alta en el a\u00f1o 2023.<\/li>\n<\/ol>\n<\/div>\n<h3>Anexos:<\/h3>\n<ul>\n<li>\n\t\t\t\t\t\t\t\t<span class=\"fa fa-file-word-o fa-lg\" aria-hidden=\"true\"><\/span><br \/>\n\t\t\t\t\t\t\t\t<a href=\"https:\/\/www.cantabria.es\/documents\/16401\/92360731\/Solicitud+CONVC+2025+ORDEN+IND-044-2024.docx\/80108161-5fd2-fb00-b947-0afbd3a1e8a0?t=1754566790894\" target=\"_blank\" rel=\"noopener noreferrer\">Modelo de Solicitud<\/a>\n<\/li>\n<li>\n\t\t\t\t\t\t\t\t<span class=\"fa fa-file-word-o fa-lg\" aria-hidden=\"true\"><\/span><br \/>\n\t\t\t\t\t\t\t\t<a href=\"https:\/\/www.cantabria.es\/documents\/16401\/92360731\/Memoria+CONVC+2025+ORDEN+IND-044-2024.docx\/8c82cee3-fd59-cae8-ea3a-0452e13553d6?t=1754566789910\" target=\"_blank\" rel=\"noopener noreferrer\">Anexo<\/a>\n<\/li>\n<\/ul>\n<h3>Lugar presentaci\u00f3n :<\/h3>\n<div>\n<p>Las <strong>personas jur\u00eddicas<\/strong> y dem\u00e1s sujetos recogidos en el art\u00edculo 14.2 de la ley 39\/2015, de 1 de octubre, del procedimiento administrativo com\u00fan de las administraciones p\u00fablicas, est\u00e1n <strong>obligados<\/strong> a presentar sus solicitudes a trav\u00e9s del <a href=\"https:\/\/rec.cantabria.es\/rec\/bienvenida.htm\" target=\"_blank\"><strong>Registro Electr\u00f3nico General<\/strong><\/a> de la Administraci\u00f3n de la Comunidad Aut\u00f3noma de Cantabria en la direcci\u00f3n electr\u00f3nica \u00absede.cantabria.es\u00bb.<\/p>\n<\/div>\n<h3>\u00d3rgano tramitador:<\/h3>\n<div>\n\t\t\t\tDirecci\u00f3n: \n<p><strong>SERVICIO C\u00c1NTABRO DE EMPLEO (C\u00d3DIGO DIR3 O00006439 &#8211; A06027808)<\/strong><br \/>\nPaseo General D\u00e1vila, 87 &#8211; 39006 Santander<\/p>\n<\/div>\n<p><span>Tel\u00e9fono: 942 20 52 47 &#8211; 942 20 50 78<\/span><\/p>\n<h3>Enlaces:<\/h3>\n<ul>\n<li><a href=\"https:\/\/boc.cantabria.es\/boces\/verAnuncioAction.do?idAnuBlob=409553\" target=\"_blank\" rel=\"noopener noreferrer\">Orden IND\/44\/2024, de 11 de septiembre, por la que se establecen las bases reguladoras y se convocan subvenciones del Programa \u00abJ\u00f3venes con Talento\u00bb, cofinanciadas por la Uni\u00f3n Europea, destinadas a las entidades del sector p\u00fablico institucional<\/a><\/li>\n<li><a href=\"https:\/\/boc.cantabria.es\/boces\/verAnuncioAction.do?idAnuBlob=423358\" target=\"_blank\" rel=\"noopener noreferrer\">Orden IND\/38\/2025, de 30 de julio, por la que se aprueba la convocatoria para 2025 del programa J\u00f3venes con Talento, cofinanciadas por la Uni\u00f3n Europea, destinadas a las entidades del sector p\u00fablico institucional de la Comunidad Aut\u00f3noma de Cant<\/a><\/li>\n<\/ul>\n<div class=\"noticias-iframe\">\n<p>\t\t\t\t<a href=\"https:\/\/twitter.com\/share\" class=\"twitter-share-button\" data-url=\"https%3A%2F%2Fwww.cantabria.es%2Fdetalle%2F-%2Fjournal%2Frss%2F16401%2FRSS_ULTIMAS_AYUDAS\" data-via=\"cantabriaes\" data-text=\"CONVOCATORIA 2025 Orden IND\/44\/2024\" data-related=\"anywhere:The Javascript API\" data-count=\"horizontal\"><br \/>\n\t\t\t\t\tTweet<br \/>\n\t\t\t\t<\/a><\/p><\/div>\n<\/div>","protected":false},"excerpt":{"rendered":"<p>Subvencion: CONVOCATORIA 2025 Orden IND\/44\/2024 Con certificado Servicio telef\u00f3nico 012 de atenci\u00f3n al ciudadano de Cantabria Descripci\u00f3n: Orden IND\/38\/2025, de 30 de julio, por la que se aprueba la convocatoria para 2025 del programa J\u00f3venes con Talento, cofinanciadas por la Uni\u00f3n Europea, destinadas a las entidades del sector p\u00fablico institucional de la Comunidad Aut\u00f3noma de [&hellip;]<\/p>\n","protected":false},"author":5,"featured_media":0,"comment_status":"","ping_status":"","sticky":false,"template":"","format":"standard","meta":{"site-sidebar-layout":"default","site-content-layout":"","ast-site-content-layout":"default","site-content-style":"default","site-sidebar-style":"default","ast-global-header-display":"","ast-banner-title-visibility":"","ast-main-header-display":"","ast-hfb-above-header-display":"","ast-hfb-below-header-display":"","ast-hfb-mobile-header-display":"","site-post-title":"","ast-breadcrumbs-content":"","ast-featured-img":"","footer-sml-layout":"","ast-disable-related-posts":"","theme-transparent-header-meta":"","adv-header-id-meta":"","stick-header-meta":"","header-above-stick-meta":"","header-main-stick-meta":"","header-below-stick-meta":"","astra-migrate-meta-layouts":"default","ast-page-background-enabled":"default","ast-page-background-meta":{"desktop":{"background-color":"var(--ast-global-color-4)","background-image":"","background-repeat":"repeat","background-position":"center center","background-size":"auto","background-attachment":"scroll","background-type":"","background-media":"","overlay-type":"","overlay-color":"","overlay-opacity":"","overlay-gradient":""},"tablet":{"background-color":"","background-image":"","background-repeat":"repeat","background-position":"center center","background-size":"auto","background-attachment":"scroll","background-type":"","background-media":"","overlay-type":"","overlay-color":"","overlay-opacity":"","overlay-gradient":""},"mobile":{"background-color":"","background-image":"","background-repeat":"repeat","background-position":"center center","background-size":"auto","background-attachment":"scroll","background-type":"","background-media":"","overlay-type":"","overlay-color":"","overlay-opacity":"","overlay-gradient":""}},"ast-content-background-meta":{"desktop":{"background-color":"var(--ast-global-color-5)","background-image":"","background-repeat":"repeat","background-position":"center center","background-size":"auto","background-attachment":"scroll","background-type":"","background-media":"","overlay-type":"","overlay-color":"","overlay-opacity":"","overlay-gradient":""},"tablet":{"background-color":"var(--ast-global-color-5)","background-image":"","background-repeat":"repeat","background-position":"center center","background-size":"auto","background-attachment":"scroll","background-type":"","background-media":"","overlay-type":"","overlay-color":"","overlay-opacity":"","overlay-gradient":""},"mobile":{"background-color":"var(--ast-global-color-5)","background-image":"","background-repeat":"repeat","background-position":"center center","background-size":"auto","background-attachment":"scroll","background-type":"","background-media":"","overlay-type":"","overlay-color":"","overlay-opacity":"","overlay-gradient":""}},"footnotes":""},"categories":[8],"tags":[],"class_list":["post-170446","post","type-post","status-publish","format-standard","hentry","category-ayudas-y-subvenciones"],"yoast_head":"<!-- This site is optimized with the Yoast SEO Premium plugin v20.9 (Yoast SEO v27.4) - https:\/\/yoast.com\/product\/yoast-seo-premium-wordpress\/ -->\n<title>CONVOCATORIA 2025 Orden IND\/44\/2024 - bip4ex<\/title>\n<meta name=\"robots\" content=\"index, follow, max-snippet:-1, max-image-preview:large, max-video-preview:-1\" \/>\n<link rel=\"canonical\" href=\"https:\/\/helloproject.es\/vigilancia\/convocatoria-2025-orden-ind-44-2024\/\" \/>\n<meta property=\"og:locale\" content=\"es_ES\" \/>\n<meta property=\"og:type\" content=\"article\" \/>\n<meta property=\"og:title\" content=\"CONVOCATORIA 2025 Orden IND\/44\/2024\" \/>\n<meta property=\"og:description\" content=\"Subvencion: CONVOCATORIA 2025 Orden IND\/44\/2024 Con certificado Servicio telef\u00f3nico 012 de atenci\u00f3n al ciudadano de Cantabria Descripci\u00f3n: Orden IND\/38\/2025, de 30 de julio, por la que se aprueba la convocatoria para 2025 del programa J\u00f3venes con Talento, cofinanciadas por la Uni\u00f3n Europea, destinadas a las entidades del sector p\u00fablico institucional de la Comunidad Aut\u00f3noma de [&hellip;]\" \/>\n<meta property=\"og:url\" content=\"https:\/\/helloproject.es\/vigilancia\/convocatoria-2025-orden-ind-44-2024\/\" \/>\n<meta property=\"og:site_name\" content=\"bip4ex\" \/>\n<meta property=\"article:published_time\" content=\"2025-08-08T08:28:36+00:00\" \/>\n<meta property=\"og:image\" content=\"https:\/\/www.cantabria.es\/documents\/26427\/21881598\/DNIe.jpg\/01f4c245-cfe3-9563-9845-0e0f97e7f720?t=1648806919369\" \/>\n<meta name=\"author\" content=\"Luis Miguel Mej\u00edas Ramos\" \/>\n<meta name=\"twitter:card\" content=\"summary_large_image\" \/>\n<meta name=\"twitter:label1\" content=\"Escrito por\" \/>\n\t<meta name=\"twitter:data1\" content=\"Luis Miguel Mej\u00edas Ramos\" \/>\n\t<meta name=\"twitter:label2\" content=\"Tiempo de lectura\" \/>\n\t<meta name=\"twitter:data2\" content=\"5 minutos\" \/>\n<script type=\"application\/ld+json\" class=\"yoast-schema-graph\">{\"@context\":\"https:\\\/\\\/schema.org\",\"@graph\":[{\"@type\":\"Article\",\"@id\":\"https:\\\/\\\/helloproject.es\\\/vigilancia\\\/convocatoria-2025-orden-ind-44-2024\\\/#article\",\"isPartOf\":{\"@id\":\"https:\\\/\\\/helloproject.es\\\/vigilancia\\\/convocatoria-2025-orden-ind-44-2024\\\/\"},\"author\":{\"name\":\"Luis Miguel Mej\u00edas Ramos\",\"@id\":\"https:\\\/\\\/helloproject.es\\\/vigilancia\\\/#\\\/schema\\\/person\\\/3767b0619d59a11570372c821f8619ca\"},\"headline\":\"CONVOCATORIA 2025 Orden IND\\\/44\\\/2024\",\"datePublished\":\"2025-08-08T08:28:36+00:00\",\"mainEntityOfPage\":{\"@id\":\"https:\\\/\\\/helloproject.es\\\/vigilancia\\\/convocatoria-2025-orden-ind-44-2024\\\/\"},\"wordCount\":980,\"publisher\":{\"@id\":\"https:\\\/\\\/helloproject.es\\\/vigilancia\\\/#organization\"},\"image\":{\"@id\":\"https:\\\/\\\/helloproject.es\\\/vigilancia\\\/convocatoria-2025-orden-ind-44-2024\\\/#primaryimage\"},\"thumbnailUrl\":\"https:\\\/\\\/www.cantabria.es\\\/documents\\\/26427\\\/21881598\\\/DNIe.jpg\\\/01f4c245-cfe3-9563-9845-0e0f97e7f720?t=1648806919369\",\"articleSection\":[\"Ayudas y Subvenciones\"],\"inLanguage\":\"es\"},{\"@type\":\"WebPage\",\"@id\":\"https:\\\/\\\/helloproject.es\\\/vigilancia\\\/convocatoria-2025-orden-ind-44-2024\\\/\",\"url\":\"https:\\\/\\\/helloproject.es\\\/vigilancia\\\/convocatoria-2025-orden-ind-44-2024\\\/\",\"name\":\"CONVOCATORIA 2025 Orden IND\\\/44\\\/2024 - bip4ex\",\"isPartOf\":{\"@id\":\"https:\\\/\\\/helloproject.es\\\/vigilancia\\\/#website\"},\"primaryImageOfPage\":{\"@id\":\"https:\\\/\\\/helloproject.es\\\/vigilancia\\\/convocatoria-2025-orden-ind-44-2024\\\/#primaryimage\"},\"image\":{\"@id\":\"https:\\\/\\\/helloproject.es\\\/vigilancia\\\/convocatoria-2025-orden-ind-44-2024\\\/#primaryimage\"},\"thumbnailUrl\":\"https:\\\/\\\/www.cantabria.es\\\/documents\\\/26427\\\/21881598\\\/DNIe.jpg\\\/01f4c245-cfe3-9563-9845-0e0f97e7f720?t=1648806919369\",\"datePublished\":\"2025-08-08T08:28:36+00:00\",\"breadcrumb\":{\"@id\":\"https:\\\/\\\/helloproject.es\\\/vigilancia\\\/convocatoria-2025-orden-ind-44-2024\\\/#breadcrumb\"},\"inLanguage\":\"es\",\"potentialAction\":[{\"@type\":\"ReadAction\",\"target\":[\"https:\\\/\\\/helloproject.es\\\/vigilancia\\\/convocatoria-2025-orden-ind-44-2024\\\/\"]}]},{\"@type\":\"ImageObject\",\"inLanguage\":\"es\",\"@id\":\"https:\\\/\\\/helloproject.es\\\/vigilancia\\\/convocatoria-2025-orden-ind-44-2024\\\/#primaryimage\",\"url\":\"https:\\\/\\\/www.cantabria.es\\\/documents\\\/26427\\\/21881598\\\/DNIe.jpg\\\/01f4c245-cfe3-9563-9845-0e0f97e7f720?t=1648806919369\",\"contentUrl\":\"https:\\\/\\\/www.cantabria.es\\\/documents\\\/26427\\\/21881598\\\/DNIe.jpg\\\/01f4c245-cfe3-9563-9845-0e0f97e7f720?t=1648806919369\"},{\"@type\":\"BreadcrumbList\",\"@id\":\"https:\\\/\\\/helloproject.es\\\/vigilancia\\\/convocatoria-2025-orden-ind-44-2024\\\/#breadcrumb\",\"itemListElement\":[{\"@type\":\"ListItem\",\"position\":1,\"name\":\"Home\",\"item\":\"https:\\\/\\\/helloproject.es\\\/vigilancia\\\/\"},{\"@type\":\"ListItem\",\"position\":2,\"name\":\"CONVOCATORIA 2025 Orden IND\\\/44\\\/2024\"}]},{\"@type\":\"WebSite\",\"@id\":\"https:\\\/\\\/helloproject.es\\\/vigilancia\\\/#website\",\"url\":\"https:\\\/\\\/helloproject.es\\\/vigilancia\\\/\",\"name\":\"bip4ex\",\"description\":\"Vigilancia Tecnol\u00f3gica\",\"publisher\":{\"@id\":\"https:\\\/\\\/helloproject.es\\\/vigilancia\\\/#organization\"},\"potentialAction\":[{\"@type\":\"SearchAction\",\"target\":{\"@type\":\"EntryPoint\",\"urlTemplate\":\"https:\\\/\\\/helloproject.es\\\/vigilancia\\\/?s={search_term_string}\"},\"query-input\":{\"@type\":\"PropertyValueSpecification\",\"valueRequired\":true,\"valueName\":\"search_term_string\"}}],\"inLanguage\":\"es\"},{\"@type\":\"Organization\",\"@id\":\"https:\\\/\\\/helloproject.es\\\/vigilancia\\\/#organization\",\"name\":\"Helloproject.es\",\"url\":\"https:\\\/\\\/helloproject.es\\\/vigilancia\\\/\",\"logo\":{\"@type\":\"ImageObject\",\"inLanguage\":\"es\",\"@id\":\"https:\\\/\\\/helloproject.es\\\/vigilancia\\\/#\\\/schema\\\/logo\\\/image\\\/\",\"url\":\"https:\\\/\\\/helloproject.es\\\/vigilancia\\\/wp-content\\\/uploads\\\/2023\\\/07\\\/bip4ex.png\",\"contentUrl\":\"https:\\\/\\\/helloproject.es\\\/vigilancia\\\/wp-content\\\/uploads\\\/2023\\\/07\\\/bip4ex.png\",\"width\":322,\"height\":365,\"caption\":\"Helloproject.es\"},\"image\":{\"@id\":\"https:\\\/\\\/helloproject.es\\\/vigilancia\\\/#\\\/schema\\\/logo\\\/image\\\/\"}},{\"@type\":\"Person\",\"@id\":\"https:\\\/\\\/helloproject.es\\\/vigilancia\\\/#\\\/schema\\\/person\\\/3767b0619d59a11570372c821f8619ca\",\"name\":\"Luis Miguel Mej\u00edas Ramos\",\"url\":\"https:\\\/\\\/helloproject.es\\\/vigilancia\\\/author\\\/luismi\\\/\"}]}<\/script>\n<!-- \/ Yoast SEO Premium plugin. -->","yoast_head_json":{"title":"CONVOCATORIA 2025 Orden IND\/44\/2024 - bip4ex","robots":{"index":"index","follow":"follow","max-snippet":"max-snippet:-1","max-image-preview":"max-image-preview:large","max-video-preview":"max-video-preview:-1"},"canonical":"https:\/\/helloproject.es\/vigilancia\/convocatoria-2025-orden-ind-44-2024\/","og_locale":"es_ES","og_type":"article","og_title":"CONVOCATORIA 2025 Orden IND\/44\/2024","og_description":"Subvencion: CONVOCATORIA 2025 Orden IND\/44\/2024 Con certificado Servicio telef\u00f3nico 012 de atenci\u00f3n al ciudadano de Cantabria Descripci\u00f3n: Orden IND\/38\/2025, de 30 de julio, por la que se aprueba la convocatoria para 2025 del programa J\u00f3venes con Talento, cofinanciadas por la Uni\u00f3n Europea, destinadas a las entidades del sector p\u00fablico institucional de la Comunidad Aut\u00f3noma de [&hellip;]","og_url":"https:\/\/helloproject.es\/vigilancia\/convocatoria-2025-orden-ind-44-2024\/","og_site_name":"bip4ex","article_published_time":"2025-08-08T08:28:36+00:00","og_image":[{"url":"https:\/\/www.cantabria.es\/documents\/26427\/21881598\/DNIe.jpg\/01f4c245-cfe3-9563-9845-0e0f97e7f720?t=1648806919369","type":"","width":"","height":""}],"author":"Luis Miguel Mej\u00edas Ramos","twitter_card":"summary_large_image","twitter_misc":{"Escrito por":"Luis Miguel Mej\u00edas Ramos","Tiempo de lectura":"5 minutos"},"schema":{"@context":"https:\/\/schema.org","@graph":[{"@type":"Article","@id":"https:\/\/helloproject.es\/vigilancia\/convocatoria-2025-orden-ind-44-2024\/#article","isPartOf":{"@id":"https:\/\/helloproject.es\/vigilancia\/convocatoria-2025-orden-ind-44-2024\/"},"author":{"name":"Luis Miguel Mej\u00edas Ramos","@id":"https:\/\/helloproject.es\/vigilancia\/#\/schema\/person\/3767b0619d59a11570372c821f8619ca"},"headline":"CONVOCATORIA 2025 Orden IND\/44\/2024","datePublished":"2025-08-08T08:28:36+00:00","mainEntityOfPage":{"@id":"https:\/\/helloproject.es\/vigilancia\/convocatoria-2025-orden-ind-44-2024\/"},"wordCount":980,"publisher":{"@id":"https:\/\/helloproject.es\/vigilancia\/#organization"},"image":{"@id":"https:\/\/helloproject.es\/vigilancia\/convocatoria-2025-orden-ind-44-2024\/#primaryimage"},"thumbnailUrl":"https:\/\/www.cantabria.es\/documents\/26427\/21881598\/DNIe.jpg\/01f4c245-cfe3-9563-9845-0e0f97e7f720?t=1648806919369","articleSection":["Ayudas y Subvenciones"],"inLanguage":"es"},{"@type":"WebPage","@id":"https:\/\/helloproject.es\/vigilancia\/convocatoria-2025-orden-ind-44-2024\/","url":"https:\/\/helloproject.es\/vigilancia\/convocatoria-2025-orden-ind-44-2024\/","name":"CONVOCATORIA 2025 Orden IND\/44\/2024 - bip4ex","isPartOf":{"@id":"https:\/\/helloproject.es\/vigilancia\/#website"},"primaryImageOfPage":{"@id":"https:\/\/helloproject.es\/vigilancia\/convocatoria-2025-orden-ind-44-2024\/#primaryimage"},"image":{"@id":"https:\/\/helloproject.es\/vigilancia\/convocatoria-2025-orden-ind-44-2024\/#primaryimage"},"thumbnailUrl":"https:\/\/www.cantabria.es\/documents\/26427\/21881598\/DNIe.jpg\/01f4c245-cfe3-9563-9845-0e0f97e7f720?t=1648806919369","datePublished":"2025-08-08T08:28:36+00:00","breadcrumb":{"@id":"https:\/\/helloproject.es\/vigilancia\/convocatoria-2025-orden-ind-44-2024\/#breadcrumb"},"inLanguage":"es","potentialAction":[{"@type":"ReadAction","target":["https:\/\/helloproject.es\/vigilancia\/convocatoria-2025-orden-ind-44-2024\/"]}]},{"@type":"ImageObject","inLanguage":"es","@id":"https:\/\/helloproject.es\/vigilancia\/convocatoria-2025-orden-ind-44-2024\/#primaryimage","url":"https:\/\/www.cantabria.es\/documents\/26427\/21881598\/DNIe.jpg\/01f4c245-cfe3-9563-9845-0e0f97e7f720?t=1648806919369","contentUrl":"https:\/\/www.cantabria.es\/documents\/26427\/21881598\/DNIe.jpg\/01f4c245-cfe3-9563-9845-0e0f97e7f720?t=1648806919369"},{"@type":"BreadcrumbList","@id":"https:\/\/helloproject.es\/vigilancia\/convocatoria-2025-orden-ind-44-2024\/#breadcrumb","itemListElement":[{"@type":"ListItem","position":1,"name":"Home","item":"https:\/\/helloproject.es\/vigilancia\/"},{"@type":"ListItem","position":2,"name":"CONVOCATORIA 2025 Orden IND\/44\/2024"}]},{"@type":"WebSite","@id":"https:\/\/helloproject.es\/vigilancia\/#website","url":"https:\/\/helloproject.es\/vigilancia\/","name":"bip4ex","description":"Vigilancia Tecnol\u00f3gica","publisher":{"@id":"https:\/\/helloproject.es\/vigilancia\/#organization"},"potentialAction":[{"@type":"SearchAction","target":{"@type":"EntryPoint","urlTemplate":"https:\/\/helloproject.es\/vigilancia\/?s={search_term_string}"},"query-input":{"@type":"PropertyValueSpecification","valueRequired":true,"valueName":"search_term_string"}}],"inLanguage":"es"},{"@type":"Organization","@id":"https:\/\/helloproject.es\/vigilancia\/#organization","name":"Helloproject.es","url":"https:\/\/helloproject.es\/vigilancia\/","logo":{"@type":"ImageObject","inLanguage":"es","@id":"https:\/\/helloproject.es\/vigilancia\/#\/schema\/logo\/image\/","url":"https:\/\/helloproject.es\/vigilancia\/wp-content\/uploads\/2023\/07\/bip4ex.png","contentUrl":"https:\/\/helloproject.es\/vigilancia\/wp-content\/uploads\/2023\/07\/bip4ex.png","width":322,"height":365,"caption":"Helloproject.es"},"image":{"@id":"https:\/\/helloproject.es\/vigilancia\/#\/schema\/logo\/image\/"}},{"@type":"Person","@id":"https:\/\/helloproject.es\/vigilancia\/#\/schema\/person\/3767b0619d59a11570372c821f8619ca","name":"Luis Miguel Mej\u00edas Ramos","url":"https:\/\/helloproject.es\/vigilancia\/author\/luismi\/"}]}},"_links":{"self":[{"href":"https:\/\/helloproject.es\/vigilancia\/wp-json\/wp\/v2\/posts\/170446","targetHints":{"allow":["GET"]}}],"collection":[{"href":"https:\/\/helloproject.es\/vigilancia\/wp-json\/wp\/v2\/posts"}],"about":[{"href":"https:\/\/helloproject.es\/vigilancia\/wp-json\/wp\/v2\/types\/post"}],"author":[{"embeddable":true,"href":"https:\/\/helloproject.es\/vigilancia\/wp-json\/wp\/v2\/users\/5"}],"replies":[{"embeddable":true,"href":"https:\/\/helloproject.es\/vigilancia\/wp-json\/wp\/v2\/comments?post=170446"}],"version-history":[{"count":0,"href":"https:\/\/helloproject.es\/vigilancia\/wp-json\/wp\/v2\/posts\/170446\/revisions"}],"wp:attachment":[{"href":"https:\/\/helloproject.es\/vigilancia\/wp-json\/wp\/v2\/media?parent=170446"}],"wp:term":[{"taxonomy":"category","embeddable":true,"href":"https:\/\/helloproject.es\/vigilancia\/wp-json\/wp\/v2\/categories?post=170446"},{"taxonomy":"post_tag","embeddable":true,"href":"https:\/\/helloproject.es\/vigilancia\/wp-json\/wp\/v2\/tags?post=170446"}],"curies":[{"name":"wp","href":"https:\/\/api.w.org\/{rel}","templated":true}]}}