{"id":170476,"date":"2025-08-08T10:28:16","date_gmt":"2025-08-08T09:28:16","guid":{"rendered":"https:\/\/helloproject.es\/vigilancia\/el-retroceso-acelerado-del-glaciar-perito-moreno-amenaza-su-integridad\/"},"modified":"2025-08-08T10:28:16","modified_gmt":"2025-08-08T09:28:16","slug":"el-retroceso-acelerado-del-glaciar-perito-moreno-amenaza-su-integridad","status":"publish","type":"post","link":"https:\/\/helloproject.es\/vigilancia\/el-retroceso-acelerado-del-glaciar-perito-moreno-amenaza-su-integridad\/","title":{"rendered":"El retroceso acelerado del glaciar Perito Moreno amenaza su integridad"},"content":{"rendered":"<p>El glaciar Perito Moreno, en Argentina, se est\u00e1 retirando m\u00e1s r\u00e1pido de lo que se cre\u00eda, de hecho, en algunas zonas se ha retra\u00eddo hasta 800 metros en los \u00faltimos a\u00f1os, y las nuevas evidencias muestran que un retroceso catastr\u00f3fico est\u00e1 cada vez m\u00e1s cerca.<\/p>\n<p>Se alimenta del Campo de hielo patag\u00f3nico sur y desemboca en el lago Argentino<\/p>\n<p>Con sus 30 kil\u00f3metros de longitud y situado en la Patagonia Argentina, el Perito Moreno, declarado Patrimonio de la Humanidad en 1981 por la Unesco, se alimenta del Campo de hielo patag\u00f3nico sur y desemboca en el lago Argentino.<\/p>\n<p>Un estudio de investigadores argentinos y alemanes publicado en Nature analiza la situaci\u00f3n del glaciar y advierte sobre ella.<\/p>\n<p>El Perito Moreno es uno de los glaciares m\u00e1s estables de la Patagonia y, a diferencia de la mayor\u00eda de los alimentados por los mismos campos de hielo, en el periodo de 2000 a 2019 retrocedi\u00f3 solo unos cien metros.<\/p>\n<p><a><\/a><\/p>\n<h2>Retroceso de 800 metros en 4 a\u00f1os<\/h2>\n<p>Sin embargo, el nuevo estudio muestra que desde entonces se ha producido un aumento sustancial en la velocidad de retroceso del glaciar.<\/p>\n<p>\u201cAunque todav\u00eda no perdi\u00f3 su apoyo y est\u00e1 relativamente estable, sabemos, por ejemplos de otros glaciares con din\u00e1micas similares, que cuando estos procesos comienzan son irreversibles\u201d, dijo a EFE Lucas Ruiz, del Instituto Argentino de Nivolog\u00eda, Glaciolog\u00eda y Ciencias Ambientales (Ianigla) y uno de los firmantes del estudio.<\/p>\n<p><img decoding=\"async\" src=\"https:\/\/www.agenciasinc.es\/bundles\/app\/images\/quotebefore.png\" \/><\/p>\n<p>Aunque todav\u00eda est\u00e1 relativamente estable, cuando estos procesos comienzan son irreversibles<\/p>\n<p>Lucas Ruiz, del Instituto Argentino de Nivolog\u00eda, Glaciolog\u00eda y Ciencias Ambientales<br \/>\n<img decoding=\"async\" src=\"https:\/\/www.agenciasinc.es\/bundles\/app\/images\/quoteafter.png\" \/><\/p>\n<p>Desde 2020 se observ\u00f3 una pronunciada recesi\u00f3n en la orilla noroeste del lago del Canal de los T\u00e9mpanos, donde el glaciar retrocedi\u00f3 800 metros en un per\u00edodo de solo cuatro a\u00f1os, indica la investigaci\u00f3n.<\/p>\n<p>Ruiz afirm\u00f3 que \u201cactualmente, la informaci\u00f3n o las nuevas evidencias muestran que el colapso o retroceso catastr\u00f3fico est\u00e1 cada vez m\u00e1s cerca\u201d.<\/p>\n<p><a><\/a><\/p>\n<h2>Casos similares cercanos<\/h2>\n<p>El investigador precis\u00f3 que, cuando se habla de colapso referido a un glaciar, hace referencia a un retroceso muy r\u00e1pido del frente, con una velocidad de kil\u00f3metros o de m\u00e1s de un kil\u00f3metro por a\u00f1o.<\/p>\n<p>El retroceso se est\u00e1 acelerando y ya sucedi\u00f3 algo similar en el\u00a0Upsala y en el Viedma \u2014dos glaciares cercanos\u2014, pero \u201clo que esperamos es que el frente retroceda varios kil\u00f3metros en pocos a\u00f1os hasta una nueva posici\u00f3n de estabilidad\u201d, seg\u00fan Ruiz.<\/p>\n<p><a><\/a><\/p>\n<h2>Principales cambios estructurales<\/h2>\n<p>El equipo, encabezado por Moritz Koch de la Universidad Fiedrich Alexander de Alemania, us\u00f3 datos de radar para medir el espesor del hielo del glaciar durante dos vuelos en helic\u00f3ptero en marzo de 2022.<\/p>\n<p>Adem\u00e1s, cartografiaron el lecho del lago m\u00e1s all\u00e1 del extremo del glaciar y combinaron estos estudios con datos satelitales para investigar los cambios en la altura y velocidad de la superficie entre 2000 y 2024.<\/p>\n<p>La tasa de adelgazamiento se ha multiplicado por m\u00e1s de diecis\u00e9is<\/p>\n<p>En los \u00faltimos a\u00f1os, la tasa de adelgazamiento del glaciar en su extremo terminal se ha multiplicado por m\u00e1s de diecis\u00e9is, pasando de 0,34 metros al a\u00f1o entre 2000 y 2019 a una media anual de 5,5 metros 2019 y 2024, indica el art\u00edculo.<\/p>\n<p>Los estudios tambi\u00e9n revelaron la presencia de una gran cresta debajo del extremo del glaciar, sobre la que actualmente se asienta y que podr\u00eda haber sido la causa de su estabilidad antes de 2019.<\/p>\n<p><a><\/a><\/p>\n<h2>Inminente colapso de Perito Moreno<\/h2>\n<p>Si la tasa actual de adelgazamiento del glaciar persiste, este se desprender\u00e1 de la cresta y, cuando pierda ese apoyo, \u201cel retroceso se va a acelerar tanto que es como un colapso\u201d, destac\u00f3 Ruiz, quien agreg\u00f3 que \u201ccada vez tenemos m\u00e1s evidencias de que este momento se est\u00e1 acercando\u201d.<\/p>\n<p>Cuando se desprenda de su cresta\u00a0el retroceso se va a acelerar tanto que es como un colapso<\/p>\n<p>En cuanto al r\u00e1pido retroceso detectado desde 2019, declar\u00f3 que el \u201cdisparador\u201d fue el cambio clim\u00e1tico, la p\u00e9rdida de masa debido a menores acumulaciones de nieve y el mayor derretimiento por el aumento de la temperatura.<\/p>\n<p>La informaci\u00f3n disponible, aunque no forma parte del actual estudio, se\u00f1ala que la p\u00e9rdida de masa del glaciar comenz\u00f3 unos a\u00f1os antes, a\u00f1adi\u00f3 Ruiz. Por otro lado, los glaciares tardan en responder al cambio clim\u00e1tico y, sobre todo, los que terminan en cuerpos de agua tienen retrocesos muy r\u00e1pidos.<\/p>\n<p>Los registros de temperatura del aire medidos cerca del extremo del glaciar desde mediados de la d\u00e9cada de 1990 hasta 2020 revelan una tendencia de calentamiento decenal de 0,2 grados cent\u00edgrados.<\/p>\n<p>Durante este periodo, se observ\u00f3 un calentamiento especialmente intenso en verano y primavera, lo que contribuy\u00f3 al aumento del deshielo superficial, indica el estudio.<\/p>\n<p>Referencia:<\/p>\n<p>Moritz Koch, Christian Sommer, Norbert Blindow, et. al. \u201cThe state and fate of Glaciar Perito Moreno Patagonia\u201d <a href=\"https:\/\/www.nature.com\/articles\/s43247-025-02515-7\" target=\"_blank\">Nature <\/a>(2025)<\/p>","protected":false},"excerpt":{"rendered":"<p>El glaciar Perito Moreno, en Argentina, se est\u00e1 retirando m\u00e1s r\u00e1pido de lo que se cre\u00eda, de hecho, en algunas zonas se ha retra\u00eddo hasta 800 metros en los \u00faltimos a\u00f1os, y las nuevas evidencias muestran que un retroceso catastr\u00f3fico est\u00e1 cada vez m\u00e1s cerca. Se alimenta del Campo de hielo patag\u00f3nico sur y desemboca [&hellip;]<\/p>\n","protected":false},"author":5,"featured_media":0,"comment_status":"","ping_status":"","sticky":false,"template":"","format":"standard","meta":{"site-sidebar-layout":"default","site-content-layout":"","ast-site-content-layout":"default","site-content-style":"default","site-sidebar-style":"default","ast-global-header-display":"","ast-banner-title-visibility":"","ast-main-header-display":"","ast-hfb-above-header-display":"","ast-hfb-below-header-display":"","ast-hfb-mobile-header-display":"","site-post-title":"","ast-breadcrumbs-content":"","ast-featured-img":"","footer-sml-layout":"","ast-disable-related-posts":"","theme-transparent-header-meta":"","adv-header-id-meta":"","stick-header-meta":"","header-above-stick-meta":"","header-main-stick-meta":"","header-below-stick-meta":"","astra-migrate-meta-layouts":"default","ast-page-background-enabled":"default","ast-page-background-meta":{"desktop":{"background-color":"var(--ast-global-color-4)","background-image":"","background-repeat":"repeat","background-position":"center center","background-size":"auto","background-attachment":"scroll","background-type":"","background-media":"","overlay-type":"","overlay-color":"","overlay-opacity":"","overlay-gradient":""},"tablet":{"background-color":"","background-image":"","background-repeat":"repeat","background-position":"center center","background-size":"auto","background-attachment":"scroll","background-type":"","background-media":"","overlay-type":"","overlay-color":"","overlay-opacity":"","overlay-gradient":""},"mobile":{"background-color":"","background-image":"","background-repeat":"repeat","background-position":"center center","background-size":"auto","background-attachment":"scroll","background-type":"","background-media":"","overlay-type":"","overlay-color":"","overlay-opacity":"","overlay-gradient":""}},"ast-content-background-meta":{"desktop":{"background-color":"var(--ast-global-color-5)","background-image":"","background-repeat":"repeat","background-position":"center center","background-size":"auto","background-attachment":"scroll","background-type":"","background-media":"","overlay-type":"","overlay-color":"","overlay-opacity":"","overlay-gradient":""},"tablet":{"background-color":"var(--ast-global-color-5)","background-image":"","background-repeat":"repeat","background-position":"center center","background-size":"auto","background-attachment":"scroll","background-type":"","background-media":"","overlay-type":"","overlay-color":"","overlay-opacity":"","overlay-gradient":""},"mobile":{"background-color":"var(--ast-global-color-5)","background-image":"","background-repeat":"repeat","background-position":"center center","background-size":"auto","background-attachment":"scroll","background-type":"","background-media":"","overlay-type":"","overlay-color":"","overlay-opacity":"","overlay-gradient":""}},"footnotes":""},"categories":[5],"tags":[],"class_list":["post-170476","post","type-post","status-publish","format-standard","hentry","category-noticias"],"yoast_head":"<!-- This site is optimized with the Yoast SEO Premium plugin v20.9 (Yoast SEO v27.4) - https:\/\/yoast.com\/product\/yoast-seo-premium-wordpress\/ -->\n<title>El retroceso acelerado del glaciar Perito Moreno amenaza su integridad - bip4ex<\/title>\n<meta name=\"robots\" content=\"index, follow, max-snippet:-1, max-image-preview:large, max-video-preview:-1\" \/>\n<link rel=\"canonical\" href=\"https:\/\/helloproject.es\/vigilancia\/el-retroceso-acelerado-del-glaciar-perito-moreno-amenaza-su-integridad\/\" \/>\n<meta property=\"og:locale\" content=\"es_ES\" \/>\n<meta property=\"og:type\" content=\"article\" \/>\n<meta property=\"og:title\" content=\"El retroceso acelerado del glaciar Perito Moreno amenaza su integridad\" \/>\n<meta property=\"og:description\" content=\"El glaciar Perito Moreno, en Argentina, se est\u00e1 retirando m\u00e1s r\u00e1pido de lo que se cre\u00eda, de hecho, en algunas zonas se ha retra\u00eddo hasta 800 metros en los \u00faltimos a\u00f1os, y las nuevas evidencias muestran que un retroceso catastr\u00f3fico est\u00e1 cada vez m\u00e1s cerca. Se alimenta del Campo de hielo patag\u00f3nico sur y desemboca [&hellip;]\" \/>\n<meta property=\"og:url\" content=\"https:\/\/helloproject.es\/vigilancia\/el-retroceso-acelerado-del-glaciar-perito-moreno-amenaza-su-integridad\/\" \/>\n<meta property=\"og:site_name\" content=\"bip4ex\" \/>\n<meta property=\"article:published_time\" content=\"2025-08-08T09:28:16+00:00\" \/>\n<meta property=\"og:image\" content=\"https:\/\/www.agenciasinc.es\/bundles\/app\/images\/quotebefore.png\" \/>\n<meta name=\"author\" content=\"Luis Miguel Mej\u00edas Ramos\" \/>\n<meta name=\"twitter:card\" content=\"summary_large_image\" \/>\n<meta name=\"twitter:label1\" content=\"Escrito por\" \/>\n\t<meta name=\"twitter:data1\" content=\"Luis Miguel Mej\u00edas Ramos\" \/>\n\t<meta name=\"twitter:label2\" content=\"Tiempo de lectura\" \/>\n\t<meta name=\"twitter:data2\" content=\"4 minutos\" \/>\n<script type=\"application\/ld+json\" class=\"yoast-schema-graph\">{\"@context\":\"https:\\\/\\\/schema.org\",\"@graph\":[{\"@type\":\"Article\",\"@id\":\"https:\\\/\\\/helloproject.es\\\/vigilancia\\\/el-retroceso-acelerado-del-glaciar-perito-moreno-amenaza-su-integridad\\\/#article\",\"isPartOf\":{\"@id\":\"https:\\\/\\\/helloproject.es\\\/vigilancia\\\/el-retroceso-acelerado-del-glaciar-perito-moreno-amenaza-su-integridad\\\/\"},\"author\":{\"name\":\"Luis Miguel Mej\u00edas Ramos\",\"@id\":\"https:\\\/\\\/helloproject.es\\\/vigilancia\\\/#\\\/schema\\\/person\\\/3767b0619d59a11570372c821f8619ca\"},\"headline\":\"El retroceso acelerado del glaciar Perito Moreno amenaza su integridad\",\"datePublished\":\"2025-08-08T09:28:16+00:00\",\"mainEntityOfPage\":{\"@id\":\"https:\\\/\\\/helloproject.es\\\/vigilancia\\\/el-retroceso-acelerado-del-glaciar-perito-moreno-amenaza-su-integridad\\\/\"},\"wordCount\":834,\"publisher\":{\"@id\":\"https:\\\/\\\/helloproject.es\\\/vigilancia\\\/#organization\"},\"image\":{\"@id\":\"https:\\\/\\\/helloproject.es\\\/vigilancia\\\/el-retroceso-acelerado-del-glaciar-perito-moreno-amenaza-su-integridad\\\/#primaryimage\"},\"thumbnailUrl\":\"https:\\\/\\\/www.agenciasinc.es\\\/bundles\\\/app\\\/images\\\/quotebefore.png\",\"articleSection\":[\"Noticias\"],\"inLanguage\":\"es\"},{\"@type\":\"WebPage\",\"@id\":\"https:\\\/\\\/helloproject.es\\\/vigilancia\\\/el-retroceso-acelerado-del-glaciar-perito-moreno-amenaza-su-integridad\\\/\",\"url\":\"https:\\\/\\\/helloproject.es\\\/vigilancia\\\/el-retroceso-acelerado-del-glaciar-perito-moreno-amenaza-su-integridad\\\/\",\"name\":\"El retroceso acelerado del glaciar Perito Moreno amenaza su integridad - bip4ex\",\"isPartOf\":{\"@id\":\"https:\\\/\\\/helloproject.es\\\/vigilancia\\\/#website\"},\"primaryImageOfPage\":{\"@id\":\"https:\\\/\\\/helloproject.es\\\/vigilancia\\\/el-retroceso-acelerado-del-glaciar-perito-moreno-amenaza-su-integridad\\\/#primaryimage\"},\"image\":{\"@id\":\"https:\\\/\\\/helloproject.es\\\/vigilancia\\\/el-retroceso-acelerado-del-glaciar-perito-moreno-amenaza-su-integridad\\\/#primaryimage\"},\"thumbnailUrl\":\"https:\\\/\\\/www.agenciasinc.es\\\/bundles\\\/app\\\/images\\\/quotebefore.png\",\"datePublished\":\"2025-08-08T09:28:16+00:00\",\"breadcrumb\":{\"@id\":\"https:\\\/\\\/helloproject.es\\\/vigilancia\\\/el-retroceso-acelerado-del-glaciar-perito-moreno-amenaza-su-integridad\\\/#breadcrumb\"},\"inLanguage\":\"es\",\"potentialAction\":[{\"@type\":\"ReadAction\",\"target\":[\"https:\\\/\\\/helloproject.es\\\/vigilancia\\\/el-retroceso-acelerado-del-glaciar-perito-moreno-amenaza-su-integridad\\\/\"]}]},{\"@type\":\"ImageObject\",\"inLanguage\":\"es\",\"@id\":\"https:\\\/\\\/helloproject.es\\\/vigilancia\\\/el-retroceso-acelerado-del-glaciar-perito-moreno-amenaza-su-integridad\\\/#primaryimage\",\"url\":\"https:\\\/\\\/www.agenciasinc.es\\\/bundles\\\/app\\\/images\\\/quotebefore.png\",\"contentUrl\":\"https:\\\/\\\/www.agenciasinc.es\\\/bundles\\\/app\\\/images\\\/quotebefore.png\"},{\"@type\":\"BreadcrumbList\",\"@id\":\"https:\\\/\\\/helloproject.es\\\/vigilancia\\\/el-retroceso-acelerado-del-glaciar-perito-moreno-amenaza-su-integridad\\\/#breadcrumb\",\"itemListElement\":[{\"@type\":\"ListItem\",\"position\":1,\"name\":\"Home\",\"item\":\"https:\\\/\\\/helloproject.es\\\/vigilancia\\\/\"},{\"@type\":\"ListItem\",\"position\":2,\"name\":\"El retroceso acelerado del glaciar Perito Moreno amenaza su integridad\"}]},{\"@type\":\"WebSite\",\"@id\":\"https:\\\/\\\/helloproject.es\\\/vigilancia\\\/#website\",\"url\":\"https:\\\/\\\/helloproject.es\\\/vigilancia\\\/\",\"name\":\"bip4ex\",\"description\":\"Vigilancia Tecnol\u00f3gica\",\"publisher\":{\"@id\":\"https:\\\/\\\/helloproject.es\\\/vigilancia\\\/#organization\"},\"potentialAction\":[{\"@type\":\"SearchAction\",\"target\":{\"@type\":\"EntryPoint\",\"urlTemplate\":\"https:\\\/\\\/helloproject.es\\\/vigilancia\\\/?s={search_term_string}\"},\"query-input\":{\"@type\":\"PropertyValueSpecification\",\"valueRequired\":true,\"valueName\":\"search_term_string\"}}],\"inLanguage\":\"es\"},{\"@type\":\"Organization\",\"@id\":\"https:\\\/\\\/helloproject.es\\\/vigilancia\\\/#organization\",\"name\":\"Helloproject.es\",\"url\":\"https:\\\/\\\/helloproject.es\\\/vigilancia\\\/\",\"logo\":{\"@type\":\"ImageObject\",\"inLanguage\":\"es\",\"@id\":\"https:\\\/\\\/helloproject.es\\\/vigilancia\\\/#\\\/schema\\\/logo\\\/image\\\/\",\"url\":\"https:\\\/\\\/helloproject.es\\\/vigilancia\\\/wp-content\\\/uploads\\\/2023\\\/07\\\/bip4ex.png\",\"contentUrl\":\"https:\\\/\\\/helloproject.es\\\/vigilancia\\\/wp-content\\\/uploads\\\/2023\\\/07\\\/bip4ex.png\",\"width\":322,\"height\":365,\"caption\":\"Helloproject.es\"},\"image\":{\"@id\":\"https:\\\/\\\/helloproject.es\\\/vigilancia\\\/#\\\/schema\\\/logo\\\/image\\\/\"}},{\"@type\":\"Person\",\"@id\":\"https:\\\/\\\/helloproject.es\\\/vigilancia\\\/#\\\/schema\\\/person\\\/3767b0619d59a11570372c821f8619ca\",\"name\":\"Luis Miguel Mej\u00edas Ramos\",\"url\":\"https:\\\/\\\/helloproject.es\\\/vigilancia\\\/author\\\/luismi\\\/\"}]}<\/script>\n<!-- \/ Yoast SEO Premium plugin. -->","yoast_head_json":{"title":"El retroceso acelerado del glaciar Perito Moreno amenaza su integridad - bip4ex","robots":{"index":"index","follow":"follow","max-snippet":"max-snippet:-1","max-image-preview":"max-image-preview:large","max-video-preview":"max-video-preview:-1"},"canonical":"https:\/\/helloproject.es\/vigilancia\/el-retroceso-acelerado-del-glaciar-perito-moreno-amenaza-su-integridad\/","og_locale":"es_ES","og_type":"article","og_title":"El retroceso acelerado del glaciar Perito Moreno amenaza su integridad","og_description":"El glaciar Perito Moreno, en Argentina, se est\u00e1 retirando m\u00e1s r\u00e1pido de lo que se cre\u00eda, de hecho, en algunas zonas se ha retra\u00eddo hasta 800 metros en los \u00faltimos a\u00f1os, y las nuevas evidencias muestran que un retroceso catastr\u00f3fico est\u00e1 cada vez m\u00e1s cerca. Se alimenta del Campo de hielo patag\u00f3nico sur y desemboca [&hellip;]","og_url":"https:\/\/helloproject.es\/vigilancia\/el-retroceso-acelerado-del-glaciar-perito-moreno-amenaza-su-integridad\/","og_site_name":"bip4ex","article_published_time":"2025-08-08T09:28:16+00:00","og_image":[{"url":"https:\/\/www.agenciasinc.es\/bundles\/app\/images\/quotebefore.png","type":"","width":"","height":""}],"author":"Luis Miguel Mej\u00edas Ramos","twitter_card":"summary_large_image","twitter_misc":{"Escrito por":"Luis Miguel Mej\u00edas Ramos","Tiempo de lectura":"4 minutos"},"schema":{"@context":"https:\/\/schema.org","@graph":[{"@type":"Article","@id":"https:\/\/helloproject.es\/vigilancia\/el-retroceso-acelerado-del-glaciar-perito-moreno-amenaza-su-integridad\/#article","isPartOf":{"@id":"https:\/\/helloproject.es\/vigilancia\/el-retroceso-acelerado-del-glaciar-perito-moreno-amenaza-su-integridad\/"},"author":{"name":"Luis Miguel Mej\u00edas Ramos","@id":"https:\/\/helloproject.es\/vigilancia\/#\/schema\/person\/3767b0619d59a11570372c821f8619ca"},"headline":"El retroceso acelerado del glaciar Perito Moreno amenaza su integridad","datePublished":"2025-08-08T09:28:16+00:00","mainEntityOfPage":{"@id":"https:\/\/helloproject.es\/vigilancia\/el-retroceso-acelerado-del-glaciar-perito-moreno-amenaza-su-integridad\/"},"wordCount":834,"publisher":{"@id":"https:\/\/helloproject.es\/vigilancia\/#organization"},"image":{"@id":"https:\/\/helloproject.es\/vigilancia\/el-retroceso-acelerado-del-glaciar-perito-moreno-amenaza-su-integridad\/#primaryimage"},"thumbnailUrl":"https:\/\/www.agenciasinc.es\/bundles\/app\/images\/quotebefore.png","articleSection":["Noticias"],"inLanguage":"es"},{"@type":"WebPage","@id":"https:\/\/helloproject.es\/vigilancia\/el-retroceso-acelerado-del-glaciar-perito-moreno-amenaza-su-integridad\/","url":"https:\/\/helloproject.es\/vigilancia\/el-retroceso-acelerado-del-glaciar-perito-moreno-amenaza-su-integridad\/","name":"El retroceso acelerado del glaciar Perito Moreno amenaza su integridad - bip4ex","isPartOf":{"@id":"https:\/\/helloproject.es\/vigilancia\/#website"},"primaryImageOfPage":{"@id":"https:\/\/helloproject.es\/vigilancia\/el-retroceso-acelerado-del-glaciar-perito-moreno-amenaza-su-integridad\/#primaryimage"},"image":{"@id":"https:\/\/helloproject.es\/vigilancia\/el-retroceso-acelerado-del-glaciar-perito-moreno-amenaza-su-integridad\/#primaryimage"},"thumbnailUrl":"https:\/\/www.agenciasinc.es\/bundles\/app\/images\/quotebefore.png","datePublished":"2025-08-08T09:28:16+00:00","breadcrumb":{"@id":"https:\/\/helloproject.es\/vigilancia\/el-retroceso-acelerado-del-glaciar-perito-moreno-amenaza-su-integridad\/#breadcrumb"},"inLanguage":"es","potentialAction":[{"@type":"ReadAction","target":["https:\/\/helloproject.es\/vigilancia\/el-retroceso-acelerado-del-glaciar-perito-moreno-amenaza-su-integridad\/"]}]},{"@type":"ImageObject","inLanguage":"es","@id":"https:\/\/helloproject.es\/vigilancia\/el-retroceso-acelerado-del-glaciar-perito-moreno-amenaza-su-integridad\/#primaryimage","url":"https:\/\/www.agenciasinc.es\/bundles\/app\/images\/quotebefore.png","contentUrl":"https:\/\/www.agenciasinc.es\/bundles\/app\/images\/quotebefore.png"},{"@type":"BreadcrumbList","@id":"https:\/\/helloproject.es\/vigilancia\/el-retroceso-acelerado-del-glaciar-perito-moreno-amenaza-su-integridad\/#breadcrumb","itemListElement":[{"@type":"ListItem","position":1,"name":"Home","item":"https:\/\/helloproject.es\/vigilancia\/"},{"@type":"ListItem","position":2,"name":"El retroceso acelerado del glaciar Perito Moreno amenaza su integridad"}]},{"@type":"WebSite","@id":"https:\/\/helloproject.es\/vigilancia\/#website","url":"https:\/\/helloproject.es\/vigilancia\/","name":"bip4ex","description":"Vigilancia Tecnol\u00f3gica","publisher":{"@id":"https:\/\/helloproject.es\/vigilancia\/#organization"},"potentialAction":[{"@type":"SearchAction","target":{"@type":"EntryPoint","urlTemplate":"https:\/\/helloproject.es\/vigilancia\/?s={search_term_string}"},"query-input":{"@type":"PropertyValueSpecification","valueRequired":true,"valueName":"search_term_string"}}],"inLanguage":"es"},{"@type":"Organization","@id":"https:\/\/helloproject.es\/vigilancia\/#organization","name":"Helloproject.es","url":"https:\/\/helloproject.es\/vigilancia\/","logo":{"@type":"ImageObject","inLanguage":"es","@id":"https:\/\/helloproject.es\/vigilancia\/#\/schema\/logo\/image\/","url":"https:\/\/helloproject.es\/vigilancia\/wp-content\/uploads\/2023\/07\/bip4ex.png","contentUrl":"https:\/\/helloproject.es\/vigilancia\/wp-content\/uploads\/2023\/07\/bip4ex.png","width":322,"height":365,"caption":"Helloproject.es"},"image":{"@id":"https:\/\/helloproject.es\/vigilancia\/#\/schema\/logo\/image\/"}},{"@type":"Person","@id":"https:\/\/helloproject.es\/vigilancia\/#\/schema\/person\/3767b0619d59a11570372c821f8619ca","name":"Luis Miguel Mej\u00edas Ramos","url":"https:\/\/helloproject.es\/vigilancia\/author\/luismi\/"}]}},"_links":{"self":[{"href":"https:\/\/helloproject.es\/vigilancia\/wp-json\/wp\/v2\/posts\/170476","targetHints":{"allow":["GET"]}}],"collection":[{"href":"https:\/\/helloproject.es\/vigilancia\/wp-json\/wp\/v2\/posts"}],"about":[{"href":"https:\/\/helloproject.es\/vigilancia\/wp-json\/wp\/v2\/types\/post"}],"author":[{"embeddable":true,"href":"https:\/\/helloproject.es\/vigilancia\/wp-json\/wp\/v2\/users\/5"}],"replies":[{"embeddable":true,"href":"https:\/\/helloproject.es\/vigilancia\/wp-json\/wp\/v2\/comments?post=170476"}],"version-history":[{"count":0,"href":"https:\/\/helloproject.es\/vigilancia\/wp-json\/wp\/v2\/posts\/170476\/revisions"}],"wp:attachment":[{"href":"https:\/\/helloproject.es\/vigilancia\/wp-json\/wp\/v2\/media?parent=170476"}],"wp:term":[{"taxonomy":"category","embeddable":true,"href":"https:\/\/helloproject.es\/vigilancia\/wp-json\/wp\/v2\/categories?post=170476"},{"taxonomy":"post_tag","embeddable":true,"href":"https:\/\/helloproject.es\/vigilancia\/wp-json\/wp\/v2\/tags?post=170476"}],"curies":[{"name":"wp","href":"https:\/\/api.w.org\/{rel}","templated":true}]}}