{"id":174079,"date":"2025-08-13T14:28:20","date_gmt":"2025-08-13T13:28:20","guid":{"rendered":"https:\/\/helloproject.es\/vigilancia\/el-fuego-sigue-arrasando-ourense-leon-y-zamora\/"},"modified":"2025-08-13T14:28:20","modified_gmt":"2025-08-13T13:28:20","slug":"el-fuego-sigue-arrasando-ourense-leon-y-zamora","status":"publish","type":"post","link":"https:\/\/helloproject.es\/vigilancia\/el-fuego-sigue-arrasando-ourense-leon-y-zamora\/","title":{"rendered":"El fuego sigue arrasando Ourense, Le\u00f3n y Zamora"},"content":{"rendered":"<p>La ola de incendios forestales que arrasa Espa\u00f1a desde hace d\u00edas ha dejado hasta el momento dos muertos, decenas de miles de hect\u00e1reas quemadas, miles de personas desalojadas y siguen arrasando Ourense, Le\u00f3n y Zamora, mientras que los de Madrid y Tarifa (C\u00e1diz) han sido controlados.<\/p>\n<p>El presidente del Gobierno, Pedro S\u00e1nchez, ha publicado este mi\u00e9rcoles un mensaje en la red social X agradeciendo a los equipos de emergencia su lucha contra el fuego y pidiendo precauci\u00f3n ante una situaci\u00f3n que, dice, \u201csigue siendo grave\u201d.<\/p>\n<p>Los incendios activos est\u00e1n ubicados en siete comunidades aut\u00f3nomas<\/p>\n<p>Los incendios activos ubicados en siete comunidades aut\u00f3nomas (Galicia, Castilla y Le\u00f3n, Extremadura, Castilla-La Mancha, Andaluc\u00eda, Madrid y Asturias) ha hecho que sus gobiernos hayan elevado esta ma\u00f1ana el nivel de\u00a0alerta y solicitado el apoyo de la Unidad Militar de Emergencias (UME).<\/p>\n<p>En lo que va de a\u00f1o un total de 199 incendios forestales han quemado una superficie de\u00a098 784 hect\u00e1reas en Espa\u00f1a, seg\u00fan datos difundidos este mi\u00e9rcoles por el Sistema Europeo de Informaci\u00f3n sobre Incendios Forestales (EFFIS, por sus siglas en ingl\u00e9s).<\/p>\n<p>La superficie calcinada es m\u00e1s del doble que la que ardi\u00f3 durante ese mismo periodo en 2024, cuando se hab\u00edan registrado 219 fuegos que arrasaron 42 615 hect\u00e1reas, pero el peor a\u00f1o sigue siendo 2022 cuando por estas fechas hab\u00edan ardido 306 555 hect\u00e1reas.<\/p>\n<p><a><\/a><\/p>\n<h2>Nueve incendios graves en Castilla y Le\u00f3n<\/h2>\n<p>Hasta nueve espacios naturales de Castilla y Le\u00f3n se ven afectados en estos momentos por los graves incendios forestales en Le\u00f3n, Zamora y Palencia, que causaron ayer la muerte de un bombero voluntario en Le\u00f3n, el desalojo de miles de vecinos y el corte de decenas de carreteras.<\/p>\n<p>Cuatro de los siete heridos por quemaduras en las provincias de Zamora y Le\u00f3n permanecen hospitalizados en estado cr\u00edtico, con quemaduras en uno de los casos en el 85 por ciento de su cuerpo.<\/p>\n<p>En la provincia de Zamora siguen sin poder\u00a0volver a su hogar\u00a0casi 400 personas de las 1 700 que pasaron la noche fuera de sus casas<\/p>\n<p>Los cinco siniestros que mantienen gran magnitud son los de Yeres y Llamas de Cabrera, en la provincia de Le\u00f3n; Puercas y Molezuelas de la Carballeda, en Zamora \u2014solo en este \u00faltimo hay 18 000 hect\u00e1reas quemadas\u2014 ; y Resoba, en la provincia de Palencia, todos ellos con el nivel 2, el m\u00e1ximo establecido por el protocolo.<\/p>\n<p>Adem\u00e1s, en nivel 1 de gravedad se encuentran otros cuatro incendios en la provincia de Le\u00f3n: los de Anllares del Sil, Orallo y Fasgar, este \u00faltimo el que arras\u00f3 el paraje cultural y natural de Las M\u00e9dulas, catalogado por la Unesco como Patrimonio de la Humanidad y que ha quedado muy afectado por el paso de las llamas.<\/p>\n<p>El cuarto se ha declarado esta misma ma\u00f1ana en la localidad de Pardesivil, donde amenaza una masa arb\u00f3rea de hasta 30 hect\u00e1reas y trabajan ya una quincena de medios humanos y materiales.<\/p>\n<p>Otros seis incendios permanecen activos en la comunidad, sin llegar a los niveles m\u00e1ximos de gravedad.<\/p>\n<p>En cuanto a los desalojos, en la provincia de Zamora siguen sin poder volver a su hogar casi 400 personas de las 1 700 que pasaron la noche fuera de sus casas; en Le\u00f3n m\u00e1s de 4 000 personas han sido desalojadas y ubicadas en albergues, polideportivos y un cuartel militar de los municipios de La Ba\u00f1eza y Astorga.<\/p>\n<p><a><\/a><\/p>\n<h2>8 000 hect\u00e1reas afectadas en Galicia<\/h2>\n<p>Los medios de extinci\u00f3n han tenido que emplearse a fondo durante toda la noche y la ma\u00f1ana en Galicia, donde el fuego ha arrasado ya 8 000 hect\u00e1reas, principalmente en la provincia de Ourense en la que se ha activado la situaci\u00f3n 2 de emergencia y se han desalojado varios n\u00facleos de poblaci\u00f3n. Tambi\u00e9n se mantiene el nivel 2 de emergencia en el fuego de Doz\u00f3n, en Pontevedra.<\/p>\n<p>Entre los incendios activos en Ourense est\u00e1n los de Chandrexa de Queixa, tanto el de Requeixo, con 4 500 hect\u00e1reas afectadas, como el de Parafita, adem\u00e1s de los de Maceda-Santiso, O\u00edmbra-A Ganxa y A Esculqueira. El \u00fanico incendio extinguido en la provincia ha sido el de Cartelle-Anfeoz.<\/p>\n<p>Entre los incendios activos en Ourense est\u00e1n los de Chandrexa de Queixa,\u00a0Maceda-Santiso, O\u00edmbra-A Ganxa y A Esculqueira<\/p>\n<p>Una veintena de habitantes de Somoza y otros tantos de Penapetada, en el municipio de Trive, han tenido que abandonar sus hogares, mientras que ni\u00f1os y monitores de un campamento pasaron la noche confinados en la Estaci\u00f3n de Monta\u00f1a de Manzaneda.<\/p>\n<p>En A Mezquita, medio centenar de usuarios de una residencia de la tercera edad tambi\u00e9n tuvieron que pasar la noche en otra de la provincia de Ourense por el incendio en la parroquia de Esculqueira.<\/p>\n<p><a><\/a><\/p>\n<h2>Tres incendios activos en Extremadura<\/h2>\n<p>Tres incendios permanecen activos en Extremadura con dos focos especialmente graves: Jarilla y Casares de las Hurdes, ambos en la provincia de C\u00e1ceres, a los que se ha sumado un tercer fuego en Santib\u00e1\u00f1ez el Alto (C\u00e1ceres), de menor magnitud.<\/p>\n<p>En Jarilla, el fuego, que se cree se inici\u00f3 por la ca\u00edda de un rayo, ha obligado a evacuar a m\u00e1s de 700 personas en tres localidades, de las cuales 286 est\u00e1n alojadas en albergues de Plasencia, 12 en una residencia de Ba\u00f1os de Montemayor y el resto en casas de familiares y amigos.<\/p>\n<p>La extinci\u00f3n de los diez fuegos activos en Asturias se est\u00e1 viendo dificultada por el viento<\/p>\n<p>La extinci\u00f3n de los diez fuegos que esta ma\u00f1ana continuaban activos en Asturias se est\u00e1 viendo dificultada por el viento, por lo que el Gobierno asturiano ha elevado el nivel de alerta y ha solicitado el apoyo de la Unidad Militar de Emergencias (UME).<\/p>\n<p>Preocupa especialmente la situaci\u00f3n en Cangas del Narcea, concejo del suroccidente asturiano lim\u00edtrofe con Le\u00f3n en el que hay activos tres incendios, uno de ellos en la zona de Cobos y Lim\u00e9s, en las cercan\u00edas del puerto de El Acebo, que ayer lleg\u00f3 a amenazar algunas aldeas y que est\u00e1 quemando pasto y matorral, principalmente.<\/p>\n<p><a><\/a><\/p>\n<h2>Controlado el incendio en Tres Cantos<\/h2>\n<p>El incendio declarado el lunes por la tarde en el municipio madrile\u00f1o de Tres Cantos y que se ha cobrado la vida de un vecino, ya ha sido controlado, aunque no extinguido, tras una noche \u2018favorable\u2019 en la que no se han cumplido las previsiones meteorol\u00f3gicas de viento y tormentas.<\/p>\n<p>El fuego ha arrasado 2 000 hect\u00e1reas en Tres Cantos, cifra que puede bajar tras el estudio de la zona<\/p>\n<p>El fuego ha arrasado 2 000 hect\u00e1reas, cifra que puede bajar tras el estudio de la zona porque hay gran parte de pinar que parece que puede ser recuperable.<\/p>\n<p>La investigaci\u00f3n sigue abierta y el delegado del Gobierno Francisco Mart\u00edn ha se\u00f1alado que, aunque no est\u00e1 100 % confirmado, todo apunta a que el fuego pudo iniciarse por causas naturales.<\/p>\n<p><a><\/a><\/p>\n<h2>Andaluc\u00eda: Tarifa y Jabugo, estabilizados<\/h2>\n<p>La Junta de Andaluc\u00eda ha dado por controlado el incendio de Tarifa que, seg\u00fan los primeros datos, \u201cpudo haber sido intencionado\u201d. Las 900 personas que fueron desalojadas en las playas de Atlanterra y Los Alemanes pudieron regresar anoche a sus casas.<\/p>\n<p>Los primeros datos apuntan que el incendio de Tarifa\u00a0pudo haber sido intencionado<\/p>\n<p>Tambi\u00e9n est\u00e1 estabilizado el que se declar\u00f3 en la tarde de ayer en la aldea Los Romeros, en Jabugo (Huelva), como consecuencia de la ca\u00edda de un rayo, por lo que las 240 personas que hab\u00edan sido desalojadas han podido regresar a sus casa.<\/p>","protected":false},"excerpt":{"rendered":"<p>La ola de incendios forestales que arrasa Espa\u00f1a desde hace d\u00edas ha dejado hasta el momento dos muertos, decenas de miles de hect\u00e1reas quemadas, miles de personas desalojadas y siguen arrasando Ourense, Le\u00f3n y Zamora, mientras que los de Madrid y Tarifa (C\u00e1diz) han sido controlados. El presidente del Gobierno, Pedro S\u00e1nchez, ha publicado este [&hellip;]<\/p>\n","protected":false},"author":5,"featured_media":0,"comment_status":"","ping_status":"","sticky":false,"template":"","format":"standard","meta":{"site-sidebar-layout":"default","site-content-layout":"","ast-site-content-layout":"default","site-content-style":"default","site-sidebar-style":"default","ast-global-header-display":"","ast-banner-title-visibility":"","ast-main-header-display":"","ast-hfb-above-header-display":"","ast-hfb-below-header-display":"","ast-hfb-mobile-header-display":"","site-post-title":"","ast-breadcrumbs-content":"","ast-featured-img":"","footer-sml-layout":"","ast-disable-related-posts":"","theme-transparent-header-meta":"","adv-header-id-meta":"","stick-header-meta":"","header-above-stick-meta":"","header-main-stick-meta":"","header-below-stick-meta":"","astra-migrate-meta-layouts":"default","ast-page-background-enabled":"default","ast-page-background-meta":{"desktop":{"background-color":"var(--ast-global-color-4)","background-image":"","background-repeat":"repeat","background-position":"center center","background-size":"auto","background-attachment":"scroll","background-type":"","background-media":"","overlay-type":"","overlay-color":"","overlay-opacity":"","overlay-gradient":""},"tablet":{"background-color":"","background-image":"","background-repeat":"repeat","background-position":"center center","background-size":"auto","background-attachment":"scroll","background-type":"","background-media":"","overlay-type":"","overlay-color":"","overlay-opacity":"","overlay-gradient":""},"mobile":{"background-color":"","background-image":"","background-repeat":"repeat","background-position":"center center","background-size":"auto","background-attachment":"scroll","background-type":"","background-media":"","overlay-type":"","overlay-color":"","overlay-opacity":"","overlay-gradient":""}},"ast-content-background-meta":{"desktop":{"background-color":"var(--ast-global-color-5)","background-image":"","background-repeat":"repeat","background-position":"center center","background-size":"auto","background-attachment":"scroll","background-type":"","background-media":"","overlay-type":"","overlay-color":"","overlay-opacity":"","overlay-gradient":""},"tablet":{"background-color":"var(--ast-global-color-5)","background-image":"","background-repeat":"repeat","background-position":"center center","background-size":"auto","background-attachment":"scroll","background-type":"","background-media":"","overlay-type":"","overlay-color":"","overlay-opacity":"","overlay-gradient":""},"mobile":{"background-color":"var(--ast-global-color-5)","background-image":"","background-repeat":"repeat","background-position":"center center","background-size":"auto","background-attachment":"scroll","background-type":"","background-media":"","overlay-type":"","overlay-color":"","overlay-opacity":"","overlay-gradient":""}},"footnotes":""},"categories":[5],"tags":[],"class_list":["post-174079","post","type-post","status-publish","format-standard","hentry","category-noticias"],"yoast_head":"<!-- This site is optimized with the Yoast SEO Premium plugin v20.9 (Yoast SEO v27.4) - https:\/\/yoast.com\/product\/yoast-seo-premium-wordpress\/ -->\n<title>El fuego sigue arrasando Ourense, Le\u00f3n y Zamora - bip4ex<\/title>\n<meta name=\"robots\" content=\"index, follow, max-snippet:-1, max-image-preview:large, max-video-preview:-1\" \/>\n<link rel=\"canonical\" href=\"https:\/\/helloproject.es\/vigilancia\/el-fuego-sigue-arrasando-ourense-leon-y-zamora\/\" \/>\n<meta property=\"og:locale\" content=\"es_ES\" \/>\n<meta property=\"og:type\" content=\"article\" \/>\n<meta property=\"og:title\" content=\"El fuego sigue arrasando Ourense, Le\u00f3n y Zamora\" \/>\n<meta property=\"og:description\" content=\"La ola de incendios forestales que arrasa Espa\u00f1a desde hace d\u00edas ha dejado hasta el momento dos muertos, decenas de miles de hect\u00e1reas quemadas, miles de personas desalojadas y siguen arrasando Ourense, Le\u00f3n y Zamora, mientras que los de Madrid y Tarifa (C\u00e1diz) han sido controlados. El presidente del Gobierno, Pedro S\u00e1nchez, ha publicado este [&hellip;]\" \/>\n<meta property=\"og:url\" content=\"https:\/\/helloproject.es\/vigilancia\/el-fuego-sigue-arrasando-ourense-leon-y-zamora\/\" \/>\n<meta property=\"og:site_name\" content=\"bip4ex\" \/>\n<meta property=\"article:published_time\" content=\"2025-08-13T13:28:20+00:00\" \/>\n<meta name=\"author\" content=\"Luis Miguel Mej\u00edas Ramos\" \/>\n<meta name=\"twitter:card\" content=\"summary_large_image\" \/>\n<meta name=\"twitter:label1\" content=\"Escrito por\" \/>\n\t<meta name=\"twitter:data1\" content=\"Luis Miguel Mej\u00edas Ramos\" \/>\n\t<meta name=\"twitter:label2\" content=\"Tiempo de lectura\" \/>\n\t<meta name=\"twitter:data2\" content=\"6 minutos\" \/>\n<script type=\"application\/ld+json\" class=\"yoast-schema-graph\">{\"@context\":\"https:\\\/\\\/schema.org\",\"@graph\":[{\"@type\":\"Article\",\"@id\":\"https:\\\/\\\/helloproject.es\\\/vigilancia\\\/el-fuego-sigue-arrasando-ourense-leon-y-zamora\\\/#article\",\"isPartOf\":{\"@id\":\"https:\\\/\\\/helloproject.es\\\/vigilancia\\\/el-fuego-sigue-arrasando-ourense-leon-y-zamora\\\/\"},\"author\":{\"name\":\"Luis Miguel Mej\u00edas Ramos\",\"@id\":\"https:\\\/\\\/helloproject.es\\\/vigilancia\\\/#\\\/schema\\\/person\\\/3767b0619d59a11570372c821f8619ca\"},\"headline\":\"El fuego sigue arrasando Ourense, Le\u00f3n y Zamora\",\"datePublished\":\"2025-08-13T13:28:20+00:00\",\"mainEntityOfPage\":{\"@id\":\"https:\\\/\\\/helloproject.es\\\/vigilancia\\\/el-fuego-sigue-arrasando-ourense-leon-y-zamora\\\/\"},\"wordCount\":1288,\"publisher\":{\"@id\":\"https:\\\/\\\/helloproject.es\\\/vigilancia\\\/#organization\"},\"articleSection\":[\"Noticias\"],\"inLanguage\":\"es\"},{\"@type\":\"WebPage\",\"@id\":\"https:\\\/\\\/helloproject.es\\\/vigilancia\\\/el-fuego-sigue-arrasando-ourense-leon-y-zamora\\\/\",\"url\":\"https:\\\/\\\/helloproject.es\\\/vigilancia\\\/el-fuego-sigue-arrasando-ourense-leon-y-zamora\\\/\",\"name\":\"El fuego sigue arrasando Ourense, Le\u00f3n y Zamora - bip4ex\",\"isPartOf\":{\"@id\":\"https:\\\/\\\/helloproject.es\\\/vigilancia\\\/#website\"},\"datePublished\":\"2025-08-13T13:28:20+00:00\",\"breadcrumb\":{\"@id\":\"https:\\\/\\\/helloproject.es\\\/vigilancia\\\/el-fuego-sigue-arrasando-ourense-leon-y-zamora\\\/#breadcrumb\"},\"inLanguage\":\"es\",\"potentialAction\":[{\"@type\":\"ReadAction\",\"target\":[\"https:\\\/\\\/helloproject.es\\\/vigilancia\\\/el-fuego-sigue-arrasando-ourense-leon-y-zamora\\\/\"]}]},{\"@type\":\"BreadcrumbList\",\"@id\":\"https:\\\/\\\/helloproject.es\\\/vigilancia\\\/el-fuego-sigue-arrasando-ourense-leon-y-zamora\\\/#breadcrumb\",\"itemListElement\":[{\"@type\":\"ListItem\",\"position\":1,\"name\":\"Home\",\"item\":\"https:\\\/\\\/helloproject.es\\\/vigilancia\\\/\"},{\"@type\":\"ListItem\",\"position\":2,\"name\":\"El fuego sigue arrasando Ourense, Le\u00f3n y Zamora\"}]},{\"@type\":\"WebSite\",\"@id\":\"https:\\\/\\\/helloproject.es\\\/vigilancia\\\/#website\",\"url\":\"https:\\\/\\\/helloproject.es\\\/vigilancia\\\/\",\"name\":\"bip4ex\",\"description\":\"Vigilancia Tecnol\u00f3gica\",\"publisher\":{\"@id\":\"https:\\\/\\\/helloproject.es\\\/vigilancia\\\/#organization\"},\"potentialAction\":[{\"@type\":\"SearchAction\",\"target\":{\"@type\":\"EntryPoint\",\"urlTemplate\":\"https:\\\/\\\/helloproject.es\\\/vigilancia\\\/?s={search_term_string}\"},\"query-input\":{\"@type\":\"PropertyValueSpecification\",\"valueRequired\":true,\"valueName\":\"search_term_string\"}}],\"inLanguage\":\"es\"},{\"@type\":\"Organization\",\"@id\":\"https:\\\/\\\/helloproject.es\\\/vigilancia\\\/#organization\",\"name\":\"Helloproject.es\",\"url\":\"https:\\\/\\\/helloproject.es\\\/vigilancia\\\/\",\"logo\":{\"@type\":\"ImageObject\",\"inLanguage\":\"es\",\"@id\":\"https:\\\/\\\/helloproject.es\\\/vigilancia\\\/#\\\/schema\\\/logo\\\/image\\\/\",\"url\":\"https:\\\/\\\/helloproject.es\\\/vigilancia\\\/wp-content\\\/uploads\\\/2023\\\/07\\\/bip4ex.png\",\"contentUrl\":\"https:\\\/\\\/helloproject.es\\\/vigilancia\\\/wp-content\\\/uploads\\\/2023\\\/07\\\/bip4ex.png\",\"width\":322,\"height\":365,\"caption\":\"Helloproject.es\"},\"image\":{\"@id\":\"https:\\\/\\\/helloproject.es\\\/vigilancia\\\/#\\\/schema\\\/logo\\\/image\\\/\"}},{\"@type\":\"Person\",\"@id\":\"https:\\\/\\\/helloproject.es\\\/vigilancia\\\/#\\\/schema\\\/person\\\/3767b0619d59a11570372c821f8619ca\",\"name\":\"Luis Miguel Mej\u00edas Ramos\",\"url\":\"https:\\\/\\\/helloproject.es\\\/vigilancia\\\/author\\\/luismi\\\/\"}]}<\/script>\n<!-- \/ Yoast SEO Premium plugin. -->","yoast_head_json":{"title":"El fuego sigue arrasando Ourense, Le\u00f3n y Zamora - bip4ex","robots":{"index":"index","follow":"follow","max-snippet":"max-snippet:-1","max-image-preview":"max-image-preview:large","max-video-preview":"max-video-preview:-1"},"canonical":"https:\/\/helloproject.es\/vigilancia\/el-fuego-sigue-arrasando-ourense-leon-y-zamora\/","og_locale":"es_ES","og_type":"article","og_title":"El fuego sigue arrasando Ourense, Le\u00f3n y Zamora","og_description":"La ola de incendios forestales que arrasa Espa\u00f1a desde hace d\u00edas ha dejado hasta el momento dos muertos, decenas de miles de hect\u00e1reas quemadas, miles de personas desalojadas y siguen arrasando Ourense, Le\u00f3n y Zamora, mientras que los de Madrid y Tarifa (C\u00e1diz) han sido controlados. El presidente del Gobierno, Pedro S\u00e1nchez, ha publicado este [&hellip;]","og_url":"https:\/\/helloproject.es\/vigilancia\/el-fuego-sigue-arrasando-ourense-leon-y-zamora\/","og_site_name":"bip4ex","article_published_time":"2025-08-13T13:28:20+00:00","author":"Luis Miguel Mej\u00edas Ramos","twitter_card":"summary_large_image","twitter_misc":{"Escrito por":"Luis Miguel Mej\u00edas Ramos","Tiempo de lectura":"6 minutos"},"schema":{"@context":"https:\/\/schema.org","@graph":[{"@type":"Article","@id":"https:\/\/helloproject.es\/vigilancia\/el-fuego-sigue-arrasando-ourense-leon-y-zamora\/#article","isPartOf":{"@id":"https:\/\/helloproject.es\/vigilancia\/el-fuego-sigue-arrasando-ourense-leon-y-zamora\/"},"author":{"name":"Luis Miguel Mej\u00edas Ramos","@id":"https:\/\/helloproject.es\/vigilancia\/#\/schema\/person\/3767b0619d59a11570372c821f8619ca"},"headline":"El fuego sigue arrasando Ourense, Le\u00f3n y Zamora","datePublished":"2025-08-13T13:28:20+00:00","mainEntityOfPage":{"@id":"https:\/\/helloproject.es\/vigilancia\/el-fuego-sigue-arrasando-ourense-leon-y-zamora\/"},"wordCount":1288,"publisher":{"@id":"https:\/\/helloproject.es\/vigilancia\/#organization"},"articleSection":["Noticias"],"inLanguage":"es"},{"@type":"WebPage","@id":"https:\/\/helloproject.es\/vigilancia\/el-fuego-sigue-arrasando-ourense-leon-y-zamora\/","url":"https:\/\/helloproject.es\/vigilancia\/el-fuego-sigue-arrasando-ourense-leon-y-zamora\/","name":"El fuego sigue arrasando Ourense, Le\u00f3n y Zamora - bip4ex","isPartOf":{"@id":"https:\/\/helloproject.es\/vigilancia\/#website"},"datePublished":"2025-08-13T13:28:20+00:00","breadcrumb":{"@id":"https:\/\/helloproject.es\/vigilancia\/el-fuego-sigue-arrasando-ourense-leon-y-zamora\/#breadcrumb"},"inLanguage":"es","potentialAction":[{"@type":"ReadAction","target":["https:\/\/helloproject.es\/vigilancia\/el-fuego-sigue-arrasando-ourense-leon-y-zamora\/"]}]},{"@type":"BreadcrumbList","@id":"https:\/\/helloproject.es\/vigilancia\/el-fuego-sigue-arrasando-ourense-leon-y-zamora\/#breadcrumb","itemListElement":[{"@type":"ListItem","position":1,"name":"Home","item":"https:\/\/helloproject.es\/vigilancia\/"},{"@type":"ListItem","position":2,"name":"El fuego sigue arrasando Ourense, Le\u00f3n y Zamora"}]},{"@type":"WebSite","@id":"https:\/\/helloproject.es\/vigilancia\/#website","url":"https:\/\/helloproject.es\/vigilancia\/","name":"bip4ex","description":"Vigilancia Tecnol\u00f3gica","publisher":{"@id":"https:\/\/helloproject.es\/vigilancia\/#organization"},"potentialAction":[{"@type":"SearchAction","target":{"@type":"EntryPoint","urlTemplate":"https:\/\/helloproject.es\/vigilancia\/?s={search_term_string}"},"query-input":{"@type":"PropertyValueSpecification","valueRequired":true,"valueName":"search_term_string"}}],"inLanguage":"es"},{"@type":"Organization","@id":"https:\/\/helloproject.es\/vigilancia\/#organization","name":"Helloproject.es","url":"https:\/\/helloproject.es\/vigilancia\/","logo":{"@type":"ImageObject","inLanguage":"es","@id":"https:\/\/helloproject.es\/vigilancia\/#\/schema\/logo\/image\/","url":"https:\/\/helloproject.es\/vigilancia\/wp-content\/uploads\/2023\/07\/bip4ex.png","contentUrl":"https:\/\/helloproject.es\/vigilancia\/wp-content\/uploads\/2023\/07\/bip4ex.png","width":322,"height":365,"caption":"Helloproject.es"},"image":{"@id":"https:\/\/helloproject.es\/vigilancia\/#\/schema\/logo\/image\/"}},{"@type":"Person","@id":"https:\/\/helloproject.es\/vigilancia\/#\/schema\/person\/3767b0619d59a11570372c821f8619ca","name":"Luis Miguel Mej\u00edas Ramos","url":"https:\/\/helloproject.es\/vigilancia\/author\/luismi\/"}]}},"_links":{"self":[{"href":"https:\/\/helloproject.es\/vigilancia\/wp-json\/wp\/v2\/posts\/174079","targetHints":{"allow":["GET"]}}],"collection":[{"href":"https:\/\/helloproject.es\/vigilancia\/wp-json\/wp\/v2\/posts"}],"about":[{"href":"https:\/\/helloproject.es\/vigilancia\/wp-json\/wp\/v2\/types\/post"}],"author":[{"embeddable":true,"href":"https:\/\/helloproject.es\/vigilancia\/wp-json\/wp\/v2\/users\/5"}],"replies":[{"embeddable":true,"href":"https:\/\/helloproject.es\/vigilancia\/wp-json\/wp\/v2\/comments?post=174079"}],"version-history":[{"count":0,"href":"https:\/\/helloproject.es\/vigilancia\/wp-json\/wp\/v2\/posts\/174079\/revisions"}],"wp:attachment":[{"href":"https:\/\/helloproject.es\/vigilancia\/wp-json\/wp\/v2\/media?parent=174079"}],"wp:term":[{"taxonomy":"category","embeddable":true,"href":"https:\/\/helloproject.es\/vigilancia\/wp-json\/wp\/v2\/categories?post=174079"},{"taxonomy":"post_tag","embeddable":true,"href":"https:\/\/helloproject.es\/vigilancia\/wp-json\/wp\/v2\/tags?post=174079"}],"curies":[{"name":"wp","href":"https:\/\/api.w.org\/{rel}","templated":true}]}}