{"id":177867,"date":"2025-08-19T17:17:15","date_gmt":"2025-08-19T16:17:15","guid":{"rendered":"https:\/\/helloproject.es\/vigilancia\/albares-refuerza-su-compromiso-con-ucrania-en-momentos-clave-de-las-negociaciones-de-paz\/"},"modified":"2025-08-19T17:17:15","modified_gmt":"2025-08-19T16:17:15","slug":"albares-refuerza-su-compromiso-con-ucrania-en-momentos-clave-de-las-negociaciones-de-paz","status":"publish","type":"post","link":"https:\/\/helloproject.es\/vigilancia\/albares-refuerza-su-compromiso-con-ucrania-en-momentos-clave-de-las-negociaciones-de-paz\/","title":{"rendered":"Albares refuerza su compromiso con Ucrania en momentos clave de las negociaciones de paz"},"content":{"rendered":"<p>\u200bEl ministro ha intensificado sus contactos con Kiev en las \u00faltimas semanas para mostrar el apoyo sin fisuras de Espa\u00f1a  La reuni\u00f3n de la Coalici\u00f3n de Voluntarios ha puesto de relieve la unidad y coordinaci\u00f3n de Europa para conseguir un alto el fuego y garant\u00edas de seguridad para Ucrania  Desde 2022 hasta mediados de 2025, la Cooperaci\u00f3n Espa\u00f1ola ha destinado 110 millones de euros en acci\u00f3n humanitaria a Ucrania\u200b<\/p>","protected":false},"excerpt":{"rendered":"<p>\u200bEl ministro ha intensificado sus contactos con Kiev en las \u00faltimas semanas para mostrar el apoyo sin fisuras de Espa\u00f1a La reuni\u00f3n de la Coalici\u00f3n de Voluntarios ha puesto de relieve la unidad y coordinaci\u00f3n de Europa para conseguir un alto el fuego y garant\u00edas de seguridad para Ucrania Desde 2022 hasta mediados de 2025, [&hellip;]<\/p>\n","protected":false},"author":5,"featured_media":0,"comment_status":"","ping_status":"","sticky":false,"template":"","format":"standard","meta":{"site-sidebar-layout":"default","site-content-layout":"","ast-site-content-layout":"default","site-content-style":"default","site-sidebar-style":"default","ast-global-header-display":"","ast-banner-title-visibility":"","ast-main-header-display":"","ast-hfb-above-header-display":"","ast-hfb-below-header-display":"","ast-hfb-mobile-header-display":"","site-post-title":"","ast-breadcrumbs-content":"","ast-featured-img":"","footer-sml-layout":"","ast-disable-related-posts":"","theme-transparent-header-meta":"","adv-header-id-meta":"","stick-header-meta":"","header-above-stick-meta":"","header-main-stick-meta":"","header-below-stick-meta":"","astra-migrate-meta-layouts":"default","ast-page-background-enabled":"default","ast-page-background-meta":{"desktop":{"background-color":"var(--ast-global-color-4)","background-image":"","background-repeat":"repeat","background-position":"center center","background-size":"auto","background-attachment":"scroll","background-type":"","background-media":"","overlay-type":"","overlay-color":"","overlay-opacity":"","overlay-gradient":""},"tablet":{"background-color":"","background-image":"","background-repeat":"repeat","background-position":"center center","background-size":"auto","background-attachment":"scroll","background-type":"","background-media":"","overlay-type":"","overlay-color":"","overlay-opacity":"","overlay-gradient":""},"mobile":{"background-color":"","background-image":"","background-repeat":"repeat","background-position":"center center","background-size":"auto","background-attachment":"scroll","background-type":"","background-media":"","overlay-type":"","overlay-color":"","overlay-opacity":"","overlay-gradient":""}},"ast-content-background-meta":{"desktop":{"background-color":"var(--ast-global-color-5)","background-image":"","background-repeat":"repeat","background-position":"center center","background-size":"auto","background-attachment":"scroll","background-type":"","background-media":"","overlay-type":"","overlay-color":"","overlay-opacity":"","overlay-gradient":""},"tablet":{"background-color":"var(--ast-global-color-5)","background-image":"","background-repeat":"repeat","background-position":"center center","background-size":"auto","background-attachment":"scroll","background-type":"","background-media":"","overlay-type":"","overlay-color":"","overlay-opacity":"","overlay-gradient":""},"mobile":{"background-color":"var(--ast-global-color-5)","background-image":"","background-repeat":"repeat","background-position":"center center","background-size":"auto","background-attachment":"scroll","background-type":"","background-media":"","overlay-type":"","overlay-color":"","overlay-opacity":"","overlay-gradient":""}},"footnotes":""},"categories":[5],"tags":[],"class_list":["post-177867","post","type-post","status-publish","format-standard","hentry","category-noticias"],"yoast_head":"<!-- This site is optimized with the Yoast SEO Premium plugin v20.9 (Yoast SEO v27.4) - https:\/\/yoast.com\/product\/yoast-seo-premium-wordpress\/ -->\n<title>Albares refuerza su compromiso con Ucrania en momentos clave de las negociaciones de paz - bip4ex<\/title>\n<meta name=\"robots\" content=\"index, follow, max-snippet:-1, max-image-preview:large, max-video-preview:-1\" \/>\n<link rel=\"canonical\" href=\"https:\/\/helloproject.es\/vigilancia\/albares-refuerza-su-compromiso-con-ucrania-en-momentos-clave-de-las-negociaciones-de-paz\/\" \/>\n<meta property=\"og:locale\" content=\"es_ES\" \/>\n<meta property=\"og:type\" content=\"article\" \/>\n<meta property=\"og:title\" content=\"Albares refuerza su compromiso con Ucrania en momentos clave de las negociaciones de paz\" \/>\n<meta property=\"og:description\" content=\"\u200bEl ministro ha intensificado sus contactos con Kiev en las \u00faltimas semanas para mostrar el apoyo sin fisuras de Espa\u00f1a La reuni\u00f3n de la Coalici\u00f3n de Voluntarios ha puesto de relieve la unidad y coordinaci\u00f3n de Europa para conseguir un alto el fuego y garant\u00edas de seguridad para Ucrania Desde 2022 hasta mediados de 2025, [&hellip;]\" \/>\n<meta property=\"og:url\" content=\"https:\/\/helloproject.es\/vigilancia\/albares-refuerza-su-compromiso-con-ucrania-en-momentos-clave-de-las-negociaciones-de-paz\/\" \/>\n<meta property=\"og:site_name\" content=\"bip4ex\" \/>\n<meta property=\"article:published_time\" content=\"2025-08-19T16:17:15+00:00\" \/>\n<meta name=\"author\" content=\"Luis Miguel Mej\u00edas Ramos\" \/>\n<meta name=\"twitter:card\" content=\"summary_large_image\" \/>\n<meta name=\"twitter:label1\" content=\"Escrito por\" \/>\n\t<meta name=\"twitter:data1\" content=\"Luis Miguel Mej\u00edas Ramos\" \/>\n<script type=\"application\/ld+json\" class=\"yoast-schema-graph\">{\"@context\":\"https:\\\/\\\/schema.org\",\"@graph\":[{\"@type\":\"Article\",\"@id\":\"https:\\\/\\\/helloproject.es\\\/vigilancia\\\/albares-refuerza-su-compromiso-con-ucrania-en-momentos-clave-de-las-negociaciones-de-paz\\\/#article\",\"isPartOf\":{\"@id\":\"https:\\\/\\\/helloproject.es\\\/vigilancia\\\/albares-refuerza-su-compromiso-con-ucrania-en-momentos-clave-de-las-negociaciones-de-paz\\\/\"},\"author\":{\"name\":\"Luis Miguel Mej\u00edas Ramos\",\"@id\":\"https:\\\/\\\/helloproject.es\\\/vigilancia\\\/#\\\/schema\\\/person\\\/3767b0619d59a11570372c821f8619ca\"},\"headline\":\"Albares refuerza su compromiso con Ucrania en momentos clave de las negociaciones de paz\",\"datePublished\":\"2025-08-19T16:17:15+00:00\",\"mainEntityOfPage\":{\"@id\":\"https:\\\/\\\/helloproject.es\\\/vigilancia\\\/albares-refuerza-su-compromiso-con-ucrania-en-momentos-clave-de-las-negociaciones-de-paz\\\/\"},\"wordCount\":88,\"publisher\":{\"@id\":\"https:\\\/\\\/helloproject.es\\\/vigilancia\\\/#organization\"},\"articleSection\":[\"Noticias\"],\"inLanguage\":\"es\"},{\"@type\":\"WebPage\",\"@id\":\"https:\\\/\\\/helloproject.es\\\/vigilancia\\\/albares-refuerza-su-compromiso-con-ucrania-en-momentos-clave-de-las-negociaciones-de-paz\\\/\",\"url\":\"https:\\\/\\\/helloproject.es\\\/vigilancia\\\/albares-refuerza-su-compromiso-con-ucrania-en-momentos-clave-de-las-negociaciones-de-paz\\\/\",\"name\":\"Albares refuerza su compromiso con Ucrania en momentos clave de las negociaciones de paz - bip4ex\",\"isPartOf\":{\"@id\":\"https:\\\/\\\/helloproject.es\\\/vigilancia\\\/#website\"},\"datePublished\":\"2025-08-19T16:17:15+00:00\",\"breadcrumb\":{\"@id\":\"https:\\\/\\\/helloproject.es\\\/vigilancia\\\/albares-refuerza-su-compromiso-con-ucrania-en-momentos-clave-de-las-negociaciones-de-paz\\\/#breadcrumb\"},\"inLanguage\":\"es\",\"potentialAction\":[{\"@type\":\"ReadAction\",\"target\":[\"https:\\\/\\\/helloproject.es\\\/vigilancia\\\/albares-refuerza-su-compromiso-con-ucrania-en-momentos-clave-de-las-negociaciones-de-paz\\\/\"]}]},{\"@type\":\"BreadcrumbList\",\"@id\":\"https:\\\/\\\/helloproject.es\\\/vigilancia\\\/albares-refuerza-su-compromiso-con-ucrania-en-momentos-clave-de-las-negociaciones-de-paz\\\/#breadcrumb\",\"itemListElement\":[{\"@type\":\"ListItem\",\"position\":1,\"name\":\"Home\",\"item\":\"https:\\\/\\\/helloproject.es\\\/vigilancia\\\/\"},{\"@type\":\"ListItem\",\"position\":2,\"name\":\"Albares refuerza su compromiso con Ucrania en momentos clave de las negociaciones de paz\"}]},{\"@type\":\"WebSite\",\"@id\":\"https:\\\/\\\/helloproject.es\\\/vigilancia\\\/#website\",\"url\":\"https:\\\/\\\/helloproject.es\\\/vigilancia\\\/\",\"name\":\"bip4ex\",\"description\":\"Vigilancia Tecnol\u00f3gica\",\"publisher\":{\"@id\":\"https:\\\/\\\/helloproject.es\\\/vigilancia\\\/#organization\"},\"potentialAction\":[{\"@type\":\"SearchAction\",\"target\":{\"@type\":\"EntryPoint\",\"urlTemplate\":\"https:\\\/\\\/helloproject.es\\\/vigilancia\\\/?s={search_term_string}\"},\"query-input\":{\"@type\":\"PropertyValueSpecification\",\"valueRequired\":true,\"valueName\":\"search_term_string\"}}],\"inLanguage\":\"es\"},{\"@type\":\"Organization\",\"@id\":\"https:\\\/\\\/helloproject.es\\\/vigilancia\\\/#organization\",\"name\":\"Helloproject.es\",\"url\":\"https:\\\/\\\/helloproject.es\\\/vigilancia\\\/\",\"logo\":{\"@type\":\"ImageObject\",\"inLanguage\":\"es\",\"@id\":\"https:\\\/\\\/helloproject.es\\\/vigilancia\\\/#\\\/schema\\\/logo\\\/image\\\/\",\"url\":\"https:\\\/\\\/helloproject.es\\\/vigilancia\\\/wp-content\\\/uploads\\\/2023\\\/07\\\/bip4ex.png\",\"contentUrl\":\"https:\\\/\\\/helloproject.es\\\/vigilancia\\\/wp-content\\\/uploads\\\/2023\\\/07\\\/bip4ex.png\",\"width\":322,\"height\":365,\"caption\":\"Helloproject.es\"},\"image\":{\"@id\":\"https:\\\/\\\/helloproject.es\\\/vigilancia\\\/#\\\/schema\\\/logo\\\/image\\\/\"}},{\"@type\":\"Person\",\"@id\":\"https:\\\/\\\/helloproject.es\\\/vigilancia\\\/#\\\/schema\\\/person\\\/3767b0619d59a11570372c821f8619ca\",\"name\":\"Luis Miguel Mej\u00edas Ramos\",\"url\":\"https:\\\/\\\/helloproject.es\\\/vigilancia\\\/author\\\/luismi\\\/\"}]}<\/script>\n<!-- \/ Yoast SEO Premium plugin. -->","yoast_head_json":{"title":"Albares refuerza su compromiso con Ucrania en momentos clave de las negociaciones de paz - bip4ex","robots":{"index":"index","follow":"follow","max-snippet":"max-snippet:-1","max-image-preview":"max-image-preview:large","max-video-preview":"max-video-preview:-1"},"canonical":"https:\/\/helloproject.es\/vigilancia\/albares-refuerza-su-compromiso-con-ucrania-en-momentos-clave-de-las-negociaciones-de-paz\/","og_locale":"es_ES","og_type":"article","og_title":"Albares refuerza su compromiso con Ucrania en momentos clave de las negociaciones de paz","og_description":"\u200bEl ministro ha intensificado sus contactos con Kiev en las \u00faltimas semanas para mostrar el apoyo sin fisuras de Espa\u00f1a La reuni\u00f3n de la Coalici\u00f3n de Voluntarios ha puesto de relieve la unidad y coordinaci\u00f3n de Europa para conseguir un alto el fuego y garant\u00edas de seguridad para Ucrania Desde 2022 hasta mediados de 2025, [&hellip;]","og_url":"https:\/\/helloproject.es\/vigilancia\/albares-refuerza-su-compromiso-con-ucrania-en-momentos-clave-de-las-negociaciones-de-paz\/","og_site_name":"bip4ex","article_published_time":"2025-08-19T16:17:15+00:00","author":"Luis Miguel Mej\u00edas Ramos","twitter_card":"summary_large_image","twitter_misc":{"Escrito por":"Luis Miguel Mej\u00edas Ramos"},"schema":{"@context":"https:\/\/schema.org","@graph":[{"@type":"Article","@id":"https:\/\/helloproject.es\/vigilancia\/albares-refuerza-su-compromiso-con-ucrania-en-momentos-clave-de-las-negociaciones-de-paz\/#article","isPartOf":{"@id":"https:\/\/helloproject.es\/vigilancia\/albares-refuerza-su-compromiso-con-ucrania-en-momentos-clave-de-las-negociaciones-de-paz\/"},"author":{"name":"Luis Miguel Mej\u00edas Ramos","@id":"https:\/\/helloproject.es\/vigilancia\/#\/schema\/person\/3767b0619d59a11570372c821f8619ca"},"headline":"Albares refuerza su compromiso con Ucrania en momentos clave de las negociaciones de paz","datePublished":"2025-08-19T16:17:15+00:00","mainEntityOfPage":{"@id":"https:\/\/helloproject.es\/vigilancia\/albares-refuerza-su-compromiso-con-ucrania-en-momentos-clave-de-las-negociaciones-de-paz\/"},"wordCount":88,"publisher":{"@id":"https:\/\/helloproject.es\/vigilancia\/#organization"},"articleSection":["Noticias"],"inLanguage":"es"},{"@type":"WebPage","@id":"https:\/\/helloproject.es\/vigilancia\/albares-refuerza-su-compromiso-con-ucrania-en-momentos-clave-de-las-negociaciones-de-paz\/","url":"https:\/\/helloproject.es\/vigilancia\/albares-refuerza-su-compromiso-con-ucrania-en-momentos-clave-de-las-negociaciones-de-paz\/","name":"Albares refuerza su compromiso con Ucrania en momentos clave de las negociaciones de paz - bip4ex","isPartOf":{"@id":"https:\/\/helloproject.es\/vigilancia\/#website"},"datePublished":"2025-08-19T16:17:15+00:00","breadcrumb":{"@id":"https:\/\/helloproject.es\/vigilancia\/albares-refuerza-su-compromiso-con-ucrania-en-momentos-clave-de-las-negociaciones-de-paz\/#breadcrumb"},"inLanguage":"es","potentialAction":[{"@type":"ReadAction","target":["https:\/\/helloproject.es\/vigilancia\/albares-refuerza-su-compromiso-con-ucrania-en-momentos-clave-de-las-negociaciones-de-paz\/"]}]},{"@type":"BreadcrumbList","@id":"https:\/\/helloproject.es\/vigilancia\/albares-refuerza-su-compromiso-con-ucrania-en-momentos-clave-de-las-negociaciones-de-paz\/#breadcrumb","itemListElement":[{"@type":"ListItem","position":1,"name":"Home","item":"https:\/\/helloproject.es\/vigilancia\/"},{"@type":"ListItem","position":2,"name":"Albares refuerza su compromiso con Ucrania en momentos clave de las negociaciones de paz"}]},{"@type":"WebSite","@id":"https:\/\/helloproject.es\/vigilancia\/#website","url":"https:\/\/helloproject.es\/vigilancia\/","name":"bip4ex","description":"Vigilancia Tecnol\u00f3gica","publisher":{"@id":"https:\/\/helloproject.es\/vigilancia\/#organization"},"potentialAction":[{"@type":"SearchAction","target":{"@type":"EntryPoint","urlTemplate":"https:\/\/helloproject.es\/vigilancia\/?s={search_term_string}"},"query-input":{"@type":"PropertyValueSpecification","valueRequired":true,"valueName":"search_term_string"}}],"inLanguage":"es"},{"@type":"Organization","@id":"https:\/\/helloproject.es\/vigilancia\/#organization","name":"Helloproject.es","url":"https:\/\/helloproject.es\/vigilancia\/","logo":{"@type":"ImageObject","inLanguage":"es","@id":"https:\/\/helloproject.es\/vigilancia\/#\/schema\/logo\/image\/","url":"https:\/\/helloproject.es\/vigilancia\/wp-content\/uploads\/2023\/07\/bip4ex.png","contentUrl":"https:\/\/helloproject.es\/vigilancia\/wp-content\/uploads\/2023\/07\/bip4ex.png","width":322,"height":365,"caption":"Helloproject.es"},"image":{"@id":"https:\/\/helloproject.es\/vigilancia\/#\/schema\/logo\/image\/"}},{"@type":"Person","@id":"https:\/\/helloproject.es\/vigilancia\/#\/schema\/person\/3767b0619d59a11570372c821f8619ca","name":"Luis Miguel Mej\u00edas Ramos","url":"https:\/\/helloproject.es\/vigilancia\/author\/luismi\/"}]}},"_links":{"self":[{"href":"https:\/\/helloproject.es\/vigilancia\/wp-json\/wp\/v2\/posts\/177867","targetHints":{"allow":["GET"]}}],"collection":[{"href":"https:\/\/helloproject.es\/vigilancia\/wp-json\/wp\/v2\/posts"}],"about":[{"href":"https:\/\/helloproject.es\/vigilancia\/wp-json\/wp\/v2\/types\/post"}],"author":[{"embeddable":true,"href":"https:\/\/helloproject.es\/vigilancia\/wp-json\/wp\/v2\/users\/5"}],"replies":[{"embeddable":true,"href":"https:\/\/helloproject.es\/vigilancia\/wp-json\/wp\/v2\/comments?post=177867"}],"version-history":[{"count":0,"href":"https:\/\/helloproject.es\/vigilancia\/wp-json\/wp\/v2\/posts\/177867\/revisions"}],"wp:attachment":[{"href":"https:\/\/helloproject.es\/vigilancia\/wp-json\/wp\/v2\/media?parent=177867"}],"wp:term":[{"taxonomy":"category","embeddable":true,"href":"https:\/\/helloproject.es\/vigilancia\/wp-json\/wp\/v2\/categories?post=177867"},{"taxonomy":"post_tag","embeddable":true,"href":"https:\/\/helloproject.es\/vigilancia\/wp-json\/wp\/v2\/tags?post=177867"}],"curies":[{"name":"wp","href":"https:\/\/api.w.org\/{rel}","templated":true}]}}