{"id":181236,"date":"2025-09-09T16:17:27","date_gmt":"2025-09-09T15:17:27","guid":{"rendered":"https:\/\/helloproject.es\/vigilancia\/sanidad-pone-en-marcha-el-primer-acuerdo-marco-del-plan-amat-i-2025-para-renovar-la-alta-tecnologia-sanitaria-del-sns\/"},"modified":"2025-09-09T16:17:27","modified_gmt":"2025-09-09T15:17:27","slug":"sanidad-pone-en-marcha-el-primer-acuerdo-marco-del-plan-amat-i-2025-para-renovar-la-alta-tecnologia-sanitaria-del-sns","status":"publish","type":"post","link":"https:\/\/helloproject.es\/vigilancia\/sanidad-pone-en-marcha-el-primer-acuerdo-marco-del-plan-amat-i-2025-para-renovar-la-alta-tecnologia-sanitaria-del-sns\/","title":{"rendered":"Sanidad pone en marcha el primer acuerdo marco del Plan AMAT-I 2025 para renovar la alta tecnolog\u00eda sanitaria del SNS"},"content":{"rendered":"<ul>\n<li><strong>El Instituto Nacional de Gesti\u00f3n Sanitaria<br \/>\n(INGESA) impulsa, en el marco del Ministerio de Sanidad, este<br \/>\nprimer acuerdo marco centrado en equipos de<br \/>\nNeonatolog\u00eda.<\/strong><\/li>\n<li><strong>Participan 11 comunidades aut\u00f3nomas, el<br \/>\nMinisterio de Defensa y los centros INGESA de Ceuta y<br \/>\nMelilla.<\/strong><\/li>\n<li><strong>La estimaci\u00f3n de ahorro acumulado con los<br \/>\nacuerdos marco del Plan AMAT-I (2024) supera los 40 millones de<br \/>\neuros.<\/strong><\/li>\n<li><strong>Esta estrategia contribuye a la equidad<br \/>\ntecnol\u00f3gica entre territorios y a diagn\u00f3sticos<br \/>\nm\u00e1s eficaces y menos invasivos.<\/strong><\/li>\n<\/ul>","protected":false},"excerpt":{"rendered":"<p>El Instituto Nacional de Gesti\u00f3n Sanitaria (INGESA) impulsa, en el marco del Ministerio de Sanidad, este primer acuerdo marco centrado en equipos de Neonatolog\u00eda. Participan 11 comunidades aut\u00f3nomas, el Ministerio de Defensa y los centros INGESA de Ceuta y Melilla. La estimaci\u00f3n de ahorro acumulado con los acuerdos marco del Plan AMAT-I (2024) supera los [&hellip;]<\/p>\n","protected":false},"author":5,"featured_media":0,"comment_status":"","ping_status":"","sticky":false,"template":"","format":"standard","meta":{"site-sidebar-layout":"default","site-content-layout":"","ast-site-content-layout":"default","site-content-style":"default","site-sidebar-style":"default","ast-global-header-display":"","ast-banner-title-visibility":"","ast-main-header-display":"","ast-hfb-above-header-display":"","ast-hfb-below-header-display":"","ast-hfb-mobile-header-display":"","site-post-title":"","ast-breadcrumbs-content":"","ast-featured-img":"","footer-sml-layout":"","ast-disable-related-posts":"","theme-transparent-header-meta":"","adv-header-id-meta":"","stick-header-meta":"","header-above-stick-meta":"","header-main-stick-meta":"","header-below-stick-meta":"","astra-migrate-meta-layouts":"default","ast-page-background-enabled":"default","ast-page-background-meta":{"desktop":{"background-color":"var(--ast-global-color-4)","background-image":"","background-repeat":"repeat","background-position":"center center","background-size":"auto","background-attachment":"scroll","background-type":"","background-media":"","overlay-type":"","overlay-color":"","overlay-opacity":"","overlay-gradient":""},"tablet":{"background-color":"","background-image":"","background-repeat":"repeat","background-position":"center center","background-size":"auto","background-attachment":"scroll","background-type":"","background-media":"","overlay-type":"","overlay-color":"","overlay-opacity":"","overlay-gradient":""},"mobile":{"background-color":"","background-image":"","background-repeat":"repeat","background-position":"center center","background-size":"auto","background-attachment":"scroll","background-type":"","background-media":"","overlay-type":"","overlay-color":"","overlay-opacity":"","overlay-gradient":""}},"ast-content-background-meta":{"desktop":{"background-color":"var(--ast-global-color-5)","background-image":"","background-repeat":"repeat","background-position":"center center","background-size":"auto","background-attachment":"scroll","background-type":"","background-media":"","overlay-type":"","overlay-color":"","overlay-opacity":"","overlay-gradient":""},"tablet":{"background-color":"var(--ast-global-color-5)","background-image":"","background-repeat":"repeat","background-position":"center center","background-size":"auto","background-attachment":"scroll","background-type":"","background-media":"","overlay-type":"","overlay-color":"","overlay-opacity":"","overlay-gradient":""},"mobile":{"background-color":"var(--ast-global-color-5)","background-image":"","background-repeat":"repeat","background-position":"center center","background-size":"auto","background-attachment":"scroll","background-type":"","background-media":"","overlay-type":"","overlay-color":"","overlay-opacity":"","overlay-gradient":""}},"footnotes":""},"categories":[5],"tags":[],"class_list":["post-181236","post","type-post","status-publish","format-standard","hentry","category-noticias"],"yoast_head":"<!-- This site is optimized with the Yoast SEO Premium plugin v20.9 (Yoast SEO v27.4) - https:\/\/yoast.com\/product\/yoast-seo-premium-wordpress\/ -->\n<title>Sanidad pone en marcha el primer acuerdo marco del Plan AMAT-I 2025 para renovar la alta tecnolog\u00eda sanitaria del SNS - bip4ex<\/title>\n<meta name=\"robots\" content=\"index, follow, max-snippet:-1, max-image-preview:large, max-video-preview:-1\" \/>\n<link rel=\"canonical\" href=\"https:\/\/helloproject.es\/vigilancia\/sanidad-pone-en-marcha-el-primer-acuerdo-marco-del-plan-amat-i-2025-para-renovar-la-alta-tecnologia-sanitaria-del-sns\/\" \/>\n<meta property=\"og:locale\" content=\"es_ES\" \/>\n<meta property=\"og:type\" content=\"article\" \/>\n<meta property=\"og:title\" content=\"Sanidad pone en marcha el primer acuerdo marco del Plan AMAT-I 2025 para renovar la alta tecnolog\u00eda sanitaria del SNS\" \/>\n<meta property=\"og:description\" content=\"El Instituto Nacional de Gesti\u00f3n Sanitaria (INGESA) impulsa, en el marco del Ministerio de Sanidad, este primer acuerdo marco centrado en equipos de Neonatolog\u00eda. Participan 11 comunidades aut\u00f3nomas, el Ministerio de Defensa y los centros INGESA de Ceuta y Melilla. La estimaci\u00f3n de ahorro acumulado con los acuerdos marco del Plan AMAT-I (2024) supera los [&hellip;]\" \/>\n<meta property=\"og:url\" content=\"https:\/\/helloproject.es\/vigilancia\/sanidad-pone-en-marcha-el-primer-acuerdo-marco-del-plan-amat-i-2025-para-renovar-la-alta-tecnologia-sanitaria-del-sns\/\" \/>\n<meta property=\"og:site_name\" content=\"bip4ex\" \/>\n<meta property=\"article:published_time\" content=\"2025-09-09T15:17:27+00:00\" \/>\n<meta name=\"author\" content=\"Luis Miguel Mej\u00edas Ramos\" \/>\n<meta name=\"twitter:card\" content=\"summary_large_image\" \/>\n<meta name=\"twitter:label1\" content=\"Escrito por\" \/>\n\t<meta name=\"twitter:data1\" content=\"Luis Miguel Mej\u00edas Ramos\" \/>\n<script type=\"application\/ld+json\" class=\"yoast-schema-graph\">{\"@context\":\"https:\\\/\\\/schema.org\",\"@graph\":[{\"@type\":\"Article\",\"@id\":\"https:\\\/\\\/helloproject.es\\\/vigilancia\\\/sanidad-pone-en-marcha-el-primer-acuerdo-marco-del-plan-amat-i-2025-para-renovar-la-alta-tecnologia-sanitaria-del-sns\\\/#article\",\"isPartOf\":{\"@id\":\"https:\\\/\\\/helloproject.es\\\/vigilancia\\\/sanidad-pone-en-marcha-el-primer-acuerdo-marco-del-plan-amat-i-2025-para-renovar-la-alta-tecnologia-sanitaria-del-sns\\\/\"},\"author\":{\"name\":\"Luis Miguel Mej\u00edas Ramos\",\"@id\":\"https:\\\/\\\/helloproject.es\\\/vigilancia\\\/#\\\/schema\\\/person\\\/3767b0619d59a11570372c821f8619ca\"},\"headline\":\"Sanidad pone en marcha el primer acuerdo marco del Plan AMAT-I 2025 para renovar la alta tecnolog\u00eda sanitaria del SNS\",\"datePublished\":\"2025-09-09T15:17:27+00:00\",\"mainEntityOfPage\":{\"@id\":\"https:\\\/\\\/helloproject.es\\\/vigilancia\\\/sanidad-pone-en-marcha-el-primer-acuerdo-marco-del-plan-amat-i-2025-para-renovar-la-alta-tecnologia-sanitaria-del-sns\\\/\"},\"wordCount\":100,\"publisher\":{\"@id\":\"https:\\\/\\\/helloproject.es\\\/vigilancia\\\/#organization\"},\"articleSection\":[\"Noticias\"],\"inLanguage\":\"es\"},{\"@type\":\"WebPage\",\"@id\":\"https:\\\/\\\/helloproject.es\\\/vigilancia\\\/sanidad-pone-en-marcha-el-primer-acuerdo-marco-del-plan-amat-i-2025-para-renovar-la-alta-tecnologia-sanitaria-del-sns\\\/\",\"url\":\"https:\\\/\\\/helloproject.es\\\/vigilancia\\\/sanidad-pone-en-marcha-el-primer-acuerdo-marco-del-plan-amat-i-2025-para-renovar-la-alta-tecnologia-sanitaria-del-sns\\\/\",\"name\":\"Sanidad pone en marcha el primer acuerdo marco del Plan AMAT-I 2025 para renovar la alta tecnolog\u00eda sanitaria del SNS - bip4ex\",\"isPartOf\":{\"@id\":\"https:\\\/\\\/helloproject.es\\\/vigilancia\\\/#website\"},\"datePublished\":\"2025-09-09T15:17:27+00:00\",\"breadcrumb\":{\"@id\":\"https:\\\/\\\/helloproject.es\\\/vigilancia\\\/sanidad-pone-en-marcha-el-primer-acuerdo-marco-del-plan-amat-i-2025-para-renovar-la-alta-tecnologia-sanitaria-del-sns\\\/#breadcrumb\"},\"inLanguage\":\"es\",\"potentialAction\":[{\"@type\":\"ReadAction\",\"target\":[\"https:\\\/\\\/helloproject.es\\\/vigilancia\\\/sanidad-pone-en-marcha-el-primer-acuerdo-marco-del-plan-amat-i-2025-para-renovar-la-alta-tecnologia-sanitaria-del-sns\\\/\"]}]},{\"@type\":\"BreadcrumbList\",\"@id\":\"https:\\\/\\\/helloproject.es\\\/vigilancia\\\/sanidad-pone-en-marcha-el-primer-acuerdo-marco-del-plan-amat-i-2025-para-renovar-la-alta-tecnologia-sanitaria-del-sns\\\/#breadcrumb\",\"itemListElement\":[{\"@type\":\"ListItem\",\"position\":1,\"name\":\"Home\",\"item\":\"https:\\\/\\\/helloproject.es\\\/vigilancia\\\/\"},{\"@type\":\"ListItem\",\"position\":2,\"name\":\"Sanidad pone en marcha el primer acuerdo marco del Plan AMAT-I 2025 para renovar la alta tecnolog\u00eda sanitaria del SNS\"}]},{\"@type\":\"WebSite\",\"@id\":\"https:\\\/\\\/helloproject.es\\\/vigilancia\\\/#website\",\"url\":\"https:\\\/\\\/helloproject.es\\\/vigilancia\\\/\",\"name\":\"bip4ex\",\"description\":\"Vigilancia Tecnol\u00f3gica\",\"publisher\":{\"@id\":\"https:\\\/\\\/helloproject.es\\\/vigilancia\\\/#organization\"},\"potentialAction\":[{\"@type\":\"SearchAction\",\"target\":{\"@type\":\"EntryPoint\",\"urlTemplate\":\"https:\\\/\\\/helloproject.es\\\/vigilancia\\\/?s={search_term_string}\"},\"query-input\":{\"@type\":\"PropertyValueSpecification\",\"valueRequired\":true,\"valueName\":\"search_term_string\"}}],\"inLanguage\":\"es\"},{\"@type\":\"Organization\",\"@id\":\"https:\\\/\\\/helloproject.es\\\/vigilancia\\\/#organization\",\"name\":\"Helloproject.es\",\"url\":\"https:\\\/\\\/helloproject.es\\\/vigilancia\\\/\",\"logo\":{\"@type\":\"ImageObject\",\"inLanguage\":\"es\",\"@id\":\"https:\\\/\\\/helloproject.es\\\/vigilancia\\\/#\\\/schema\\\/logo\\\/image\\\/\",\"url\":\"https:\\\/\\\/helloproject.es\\\/vigilancia\\\/wp-content\\\/uploads\\\/2023\\\/07\\\/bip4ex.png\",\"contentUrl\":\"https:\\\/\\\/helloproject.es\\\/vigilancia\\\/wp-content\\\/uploads\\\/2023\\\/07\\\/bip4ex.png\",\"width\":322,\"height\":365,\"caption\":\"Helloproject.es\"},\"image\":{\"@id\":\"https:\\\/\\\/helloproject.es\\\/vigilancia\\\/#\\\/schema\\\/logo\\\/image\\\/\"}},{\"@type\":\"Person\",\"@id\":\"https:\\\/\\\/helloproject.es\\\/vigilancia\\\/#\\\/schema\\\/person\\\/3767b0619d59a11570372c821f8619ca\",\"name\":\"Luis Miguel Mej\u00edas Ramos\",\"url\":\"https:\\\/\\\/helloproject.es\\\/vigilancia\\\/author\\\/luismi\\\/\"}]}<\/script>\n<!-- \/ Yoast SEO Premium plugin. -->","yoast_head_json":{"title":"Sanidad pone en marcha el primer acuerdo marco del Plan AMAT-I 2025 para renovar la alta tecnolog\u00eda sanitaria del SNS - bip4ex","robots":{"index":"index","follow":"follow","max-snippet":"max-snippet:-1","max-image-preview":"max-image-preview:large","max-video-preview":"max-video-preview:-1"},"canonical":"https:\/\/helloproject.es\/vigilancia\/sanidad-pone-en-marcha-el-primer-acuerdo-marco-del-plan-amat-i-2025-para-renovar-la-alta-tecnologia-sanitaria-del-sns\/","og_locale":"es_ES","og_type":"article","og_title":"Sanidad pone en marcha el primer acuerdo marco del Plan AMAT-I 2025 para renovar la alta tecnolog\u00eda sanitaria del SNS","og_description":"El Instituto Nacional de Gesti\u00f3n Sanitaria (INGESA) impulsa, en el marco del Ministerio de Sanidad, este primer acuerdo marco centrado en equipos de Neonatolog\u00eda. Participan 11 comunidades aut\u00f3nomas, el Ministerio de Defensa y los centros INGESA de Ceuta y Melilla. La estimaci\u00f3n de ahorro acumulado con los acuerdos marco del Plan AMAT-I (2024) supera los [&hellip;]","og_url":"https:\/\/helloproject.es\/vigilancia\/sanidad-pone-en-marcha-el-primer-acuerdo-marco-del-plan-amat-i-2025-para-renovar-la-alta-tecnologia-sanitaria-del-sns\/","og_site_name":"bip4ex","article_published_time":"2025-09-09T15:17:27+00:00","author":"Luis Miguel Mej\u00edas Ramos","twitter_card":"summary_large_image","twitter_misc":{"Escrito por":"Luis Miguel Mej\u00edas Ramos"},"schema":{"@context":"https:\/\/schema.org","@graph":[{"@type":"Article","@id":"https:\/\/helloproject.es\/vigilancia\/sanidad-pone-en-marcha-el-primer-acuerdo-marco-del-plan-amat-i-2025-para-renovar-la-alta-tecnologia-sanitaria-del-sns\/#article","isPartOf":{"@id":"https:\/\/helloproject.es\/vigilancia\/sanidad-pone-en-marcha-el-primer-acuerdo-marco-del-plan-amat-i-2025-para-renovar-la-alta-tecnologia-sanitaria-del-sns\/"},"author":{"name":"Luis Miguel Mej\u00edas Ramos","@id":"https:\/\/helloproject.es\/vigilancia\/#\/schema\/person\/3767b0619d59a11570372c821f8619ca"},"headline":"Sanidad pone en marcha el primer acuerdo marco del Plan AMAT-I 2025 para renovar la alta tecnolog\u00eda sanitaria del SNS","datePublished":"2025-09-09T15:17:27+00:00","mainEntityOfPage":{"@id":"https:\/\/helloproject.es\/vigilancia\/sanidad-pone-en-marcha-el-primer-acuerdo-marco-del-plan-amat-i-2025-para-renovar-la-alta-tecnologia-sanitaria-del-sns\/"},"wordCount":100,"publisher":{"@id":"https:\/\/helloproject.es\/vigilancia\/#organization"},"articleSection":["Noticias"],"inLanguage":"es"},{"@type":"WebPage","@id":"https:\/\/helloproject.es\/vigilancia\/sanidad-pone-en-marcha-el-primer-acuerdo-marco-del-plan-amat-i-2025-para-renovar-la-alta-tecnologia-sanitaria-del-sns\/","url":"https:\/\/helloproject.es\/vigilancia\/sanidad-pone-en-marcha-el-primer-acuerdo-marco-del-plan-amat-i-2025-para-renovar-la-alta-tecnologia-sanitaria-del-sns\/","name":"Sanidad pone en marcha el primer acuerdo marco del Plan AMAT-I 2025 para renovar la alta tecnolog\u00eda sanitaria del SNS - bip4ex","isPartOf":{"@id":"https:\/\/helloproject.es\/vigilancia\/#website"},"datePublished":"2025-09-09T15:17:27+00:00","breadcrumb":{"@id":"https:\/\/helloproject.es\/vigilancia\/sanidad-pone-en-marcha-el-primer-acuerdo-marco-del-plan-amat-i-2025-para-renovar-la-alta-tecnologia-sanitaria-del-sns\/#breadcrumb"},"inLanguage":"es","potentialAction":[{"@type":"ReadAction","target":["https:\/\/helloproject.es\/vigilancia\/sanidad-pone-en-marcha-el-primer-acuerdo-marco-del-plan-amat-i-2025-para-renovar-la-alta-tecnologia-sanitaria-del-sns\/"]}]},{"@type":"BreadcrumbList","@id":"https:\/\/helloproject.es\/vigilancia\/sanidad-pone-en-marcha-el-primer-acuerdo-marco-del-plan-amat-i-2025-para-renovar-la-alta-tecnologia-sanitaria-del-sns\/#breadcrumb","itemListElement":[{"@type":"ListItem","position":1,"name":"Home","item":"https:\/\/helloproject.es\/vigilancia\/"},{"@type":"ListItem","position":2,"name":"Sanidad pone en marcha el primer acuerdo marco del Plan AMAT-I 2025 para renovar la alta tecnolog\u00eda sanitaria del SNS"}]},{"@type":"WebSite","@id":"https:\/\/helloproject.es\/vigilancia\/#website","url":"https:\/\/helloproject.es\/vigilancia\/","name":"bip4ex","description":"Vigilancia Tecnol\u00f3gica","publisher":{"@id":"https:\/\/helloproject.es\/vigilancia\/#organization"},"potentialAction":[{"@type":"SearchAction","target":{"@type":"EntryPoint","urlTemplate":"https:\/\/helloproject.es\/vigilancia\/?s={search_term_string}"},"query-input":{"@type":"PropertyValueSpecification","valueRequired":true,"valueName":"search_term_string"}}],"inLanguage":"es"},{"@type":"Organization","@id":"https:\/\/helloproject.es\/vigilancia\/#organization","name":"Helloproject.es","url":"https:\/\/helloproject.es\/vigilancia\/","logo":{"@type":"ImageObject","inLanguage":"es","@id":"https:\/\/helloproject.es\/vigilancia\/#\/schema\/logo\/image\/","url":"https:\/\/helloproject.es\/vigilancia\/wp-content\/uploads\/2023\/07\/bip4ex.png","contentUrl":"https:\/\/helloproject.es\/vigilancia\/wp-content\/uploads\/2023\/07\/bip4ex.png","width":322,"height":365,"caption":"Helloproject.es"},"image":{"@id":"https:\/\/helloproject.es\/vigilancia\/#\/schema\/logo\/image\/"}},{"@type":"Person","@id":"https:\/\/helloproject.es\/vigilancia\/#\/schema\/person\/3767b0619d59a11570372c821f8619ca","name":"Luis Miguel Mej\u00edas Ramos","url":"https:\/\/helloproject.es\/vigilancia\/author\/luismi\/"}]}},"_links":{"self":[{"href":"https:\/\/helloproject.es\/vigilancia\/wp-json\/wp\/v2\/posts\/181236","targetHints":{"allow":["GET"]}}],"collection":[{"href":"https:\/\/helloproject.es\/vigilancia\/wp-json\/wp\/v2\/posts"}],"about":[{"href":"https:\/\/helloproject.es\/vigilancia\/wp-json\/wp\/v2\/types\/post"}],"author":[{"embeddable":true,"href":"https:\/\/helloproject.es\/vigilancia\/wp-json\/wp\/v2\/users\/5"}],"replies":[{"embeddable":true,"href":"https:\/\/helloproject.es\/vigilancia\/wp-json\/wp\/v2\/comments?post=181236"}],"version-history":[{"count":0,"href":"https:\/\/helloproject.es\/vigilancia\/wp-json\/wp\/v2\/posts\/181236\/revisions"}],"wp:attachment":[{"href":"https:\/\/helloproject.es\/vigilancia\/wp-json\/wp\/v2\/media?parent=181236"}],"wp:term":[{"taxonomy":"category","embeddable":true,"href":"https:\/\/helloproject.es\/vigilancia\/wp-json\/wp\/v2\/categories?post=181236"},{"taxonomy":"post_tag","embeddable":true,"href":"https:\/\/helloproject.es\/vigilancia\/wp-json\/wp\/v2\/tags?post=181236"}],"curies":[{"name":"wp","href":"https:\/\/api.w.org\/{rel}","templated":true}]}}