{"id":181321,"date":"2025-09-10T08:28:02","date_gmt":"2025-09-10T07:28:02","guid":{"rendered":"https:\/\/helloproject.es\/vigilancia\/nueva-ley-antitabaco-mas-zonas-sin-humo-cerco-a-vapers-y-prohibicion-de-uso-a-menores\/"},"modified":"2025-09-10T08:28:02","modified_gmt":"2025-09-10T07:28:02","slug":"nueva-ley-antitabaco-mas-zonas-sin-humo-cerco-a-vapers-y-prohibicion-de-uso-a-menores","status":"publish","type":"post","link":"https:\/\/helloproject.es\/vigilancia\/nueva-ley-antitabaco-mas-zonas-sin-humo-cerco-a-vapers-y-prohibicion-de-uso-a-menores\/","title":{"rendered":"Nueva ley antitabaco: m\u00e1s zonas sin humo, cerco a &#8216;vapers&#8217; y prohibici\u00f3n de uso a menores"},"content":{"rendered":"<p>La reforma de la ley de 2005 que ha elevado el Ministerio de Sanidad al Consejo de Ministros incorpora medidas para fortalecer la prevenci\u00f3n, proteger a los colectivos m\u00e1s vulnerables, especialmente los j\u00f3venes, y ofrecer mayor claridad jur\u00eddica frente a la proliferaci\u00f3n de nuevos productos relacionados con el tabaco que, hasta la fecha, carec\u00edan de una regulaci\u00f3n espec\u00edfica y adaptada a su naturaleza.<\/p>\n<p>Estas son las principales novedades que introduce el\u00a0anteproyecto, al que todav\u00eda le queda una segunda vuelta por el Consejo antes de someterse a la tramitaci\u00f3n parlamentaria:<\/p>\n<p><a><\/a><\/p>\n<h3>\u00bfCu\u00e1les son los productos relacionados?<\/h3>\n<p>La futura ley iguala la legislaci\u00f3n para tabaco convencional y los nuevos productos, que son: el cigarrillo electr\u00f3nico, con y sin nicotina, incluidos todos sus componentes (cartucho, dep\u00f3sito, dispositivo); las bolsitas de nicotina para uso oral, compuestas total o parcialmente por nicotina natural o sint\u00e9tica, en forma de sobres, polvo o comprimidos; productos a base de hierbas, utilizados para fumar, vaporizar o inhalar, como &#8216;shishas&#8217; o mezclas vegetales sin tabaco; dispositivos para el consumo de productos calentados, incluidos los que funcionan con tabaco u otros preparados.<\/p>\n<p>La reforma de la ley de 2005\u00a0incorpora medidas para fortalecer la prevenci\u00f3n, proteger a los colectivos m\u00e1s vulnerables, especialmente los j\u00f3venes<\/p>\n<p><a><\/a><\/p>\n<h3>Nuevas zonas sin humo y per\u00edmetro de 15 metros<\/h3>\n<p>El anteproyecto matiza algunas de las prohibiciones ya vigentes y a\u00f1ade algunas nuevas zonas libres de humo:<\/p>\n<p>&#8211; Veh\u00edculos de transporte con conductor, por ser lugares de trabajo.<\/p>\n<p>&#8211; Exteriores de centros sanitarios, educativos, universitarios y sociales.<\/p>\n<p>&#8211; En parques infantiles y zonas culturales o deportivas.<\/p>\n<p>&#8211; Terrazas de bares, estaciones de transporte, espect\u00e1culos y conciertos al aire libre.<\/p>\n<p>Tambi\u00e9n se refuerza la protecci\u00f3n de los entornos prohibiendo fumar en un per\u00edmetro que diste menos de 15 metros lineales de los accesos a edificios p\u00fablicos, centros sanitarios y sociales p\u00fablicos y privados, educativos, universidades, museos, bibliotecas y otros centros de ense\u00f1anza o culturales p\u00fablicos o privados, centros deportivos p\u00fablicos o privados y parques o recintos infantiles. Adem\u00e1s, se proh\u00edbe la\u00a0venta a menores de edad y, por primera vez, tambi\u00e9n de consumo por parte de este colectivo.<\/p>\n<p>Por otro lado, el texto de Sanidad proh\u00edbe expresamente la venta y suministro de cigarrillos electr\u00f3nicos de un solo uso.<\/p>\n<p><a><\/a><\/p>\n<h3>Y a la publicidad y patrocinio en redes y festivales<\/h3>\n<p>Queda prohibida toda forma de publicidad, promoci\u00f3n y patrocinio, directa o indirecta, incluyendo cualquier tipo de comunicaci\u00f3n comercial o promoci\u00f3n de productos del tabaco y productos relacionados, ya sea a trav\u00e9s de medios impresos, audiovisuales, digitales, redes sociales, o mediante distribuci\u00f3n de muestras o descuentos.<\/p>\n<p>Igualmente, se proh\u00edbe la publicidad en equipamientos, instalaciones y mobiliario situados en espacios de uso p\u00fablico o colectivo, incluyendo elementos presentes en bares, discotecas, terrazas u otros establecimientos de ocio. Esto comprende r\u00f3tulos, carteles, mobiliario urbano o de hosteler\u00eda que incorpore logotipos, im\u00e1genes o referencias a marcas de productos del tabaco o productos relacionados.<\/p>\n<p>El anteproyecto actualiza las infracciones, cuant\u00edas y responsabilidades para adecuarlo a las nuevas medidas y da 12 meses a los fabricantes para que adapten sus productos al nuevo marco legal\u00a0<\/p>\n<p>Tambi\u00e9n queda prohibido el patrocinio de actividades, eventos o contenidos por parte de empresas del sector, as\u00ed como la aparici\u00f3n de marcas vinculadas a estos productos en publicaciones, festivales, actividades culturales o deportivas, tanto presenciales como en entornos digitales.<\/p>\n<p>Se obliga a la se\u00f1alizaci\u00f3n clara en los espacios donde se proh\u00edbe su uso o consumo.<\/p>\n<p>El anteproyecto actualiza las infracciones, cuant\u00edas y responsabilidades para adecuarlo a las nuevas medidas y da 12 meses a los fabricantes para que adapten sus productos al nuevo marco legal y para permitir el agotamiento de existencias de cigarrillos electr\u00f3nicos de un solo uso. Las multas por infracci\u00f3n grave ser\u00e1n de hasta 600.000 euros.<\/p>\n<p>Asimismo, tras su supresi\u00f3n en 2014, se crea el Observatorio para la Prevenci\u00f3n del Tabaquismo, un \u00f3rgano de coordinaci\u00f3n interadministrativa para el seguimiento de pol\u00edticas p\u00fablicas en esta materia, con el objetivo de reforzar la gobernanza y la evaluaci\u00f3n en la lucha contra esta epidemia.\u00a0<\/p>\n<p><a><\/a><\/p>\n<h2>La venta de cigarrillos en Espa\u00f1a cae<\/h2>\n<p>Las ventas de cigarrillos en Espa\u00f1a en el \u00faltimo a\u00f1o cerrado (2024) se situaron en 2.143 millones de cajetillas, lo que supone una reducci\u00f3n del 53,8 % respecto a 2005, el a\u00f1o en el que se aprob\u00f3 la primera ley que prohib\u00eda fumar en espacios cerrados, una norma que entr\u00f3 en vigor en enero de 2006.<\/p>\n<p>Las ventas de cigarrillos en Espa\u00f1a en el \u00faltimo a\u00f1o cerrado (2024) se situaron en 2.143 millones de cajetillas, lo que supone una\u00a0reducci\u00f3n del 53,8 % respecto a 2005<\/p>\n<p>De acuerdo con los datos del Ministerio de Hacienda, en Espa\u00f1a se vendieron 4.634 millones de cajetillas de 20 cigarrillos en 2005, una cifra que se redujo un 2,81 % en 2006 con esa primera norma, que inclu\u00eda la regulaci\u00f3n, la venta, el suministro, el consumo y la publicidad de los productos del tabaco.<\/p>\n<p>De facto, seg\u00fan ha recordado este martes la ministra de Sanidad, M\u00f3nica Garc\u00eda, al presentar el nuevo anteproyecto de ley antitabaco, esta primera norma supuso la prohibici\u00f3n de fumar en espacios cerrados.<\/p>\n<p>Cinco a\u00f1os m\u00e1s tarde se elimin\u00f3 por completo el tabaco en los locales de restauraci\u00f3n, ha recordado Garc\u00eda.<\/p>\n<p>Con este cambio, en 2011, la venta de cigarrillos fue de 3.015 millones, a\u00fan un 28 % por encima de las que se han vendido en 2024.<\/p>\n<p>Con la nueva norma, est\u00e1 previsto que se proh\u00edba fumar en muchos m\u00e1s espacios p\u00fablicos, incluidas las terrazas de bares y restaurantes<\/p>\n<p>Los datos del Ministerio de Hacienda muestran una tendencia decreciente en las ventas de tabaco tanto en volumen como en valor desde la entrada en vigor de la ley antitabaco de 2010, que modificaba la anterior norma de 2005.<\/p>\n<p>Con la nueva norma, est\u00e1 previsto que se proh\u00edba fumar en muchos m\u00e1s espacios p\u00fablicos, incluidas las terrazas de bares y restaurantes.<\/p>","protected":false},"excerpt":{"rendered":"<p>La reforma de la ley de 2005 que ha elevado el Ministerio de Sanidad al Consejo de Ministros incorpora medidas para fortalecer la prevenci\u00f3n, proteger a los colectivos m\u00e1s vulnerables, especialmente los j\u00f3venes, y ofrecer mayor claridad jur\u00eddica frente a la proliferaci\u00f3n de nuevos productos relacionados con el tabaco que, hasta la fecha, carec\u00edan de [&hellip;]<\/p>\n","protected":false},"author":5,"featured_media":0,"comment_status":"","ping_status":"","sticky":false,"template":"","format":"standard","meta":{"site-sidebar-layout":"default","site-content-layout":"","ast-site-content-layout":"default","site-content-style":"default","site-sidebar-style":"default","ast-global-header-display":"","ast-banner-title-visibility":"","ast-main-header-display":"","ast-hfb-above-header-display":"","ast-hfb-below-header-display":"","ast-hfb-mobile-header-display":"","site-post-title":"","ast-breadcrumbs-content":"","ast-featured-img":"","footer-sml-layout":"","ast-disable-related-posts":"","theme-transparent-header-meta":"","adv-header-id-meta":"","stick-header-meta":"","header-above-stick-meta":"","header-main-stick-meta":"","header-below-stick-meta":"","astra-migrate-meta-layouts":"default","ast-page-background-enabled":"default","ast-page-background-meta":{"desktop":{"background-color":"var(--ast-global-color-4)","background-image":"","background-repeat":"repeat","background-position":"center center","background-size":"auto","background-attachment":"scroll","background-type":"","background-media":"","overlay-type":"","overlay-color":"","overlay-opacity":"","overlay-gradient":""},"tablet":{"background-color":"","background-image":"","background-repeat":"repeat","background-position":"center center","background-size":"auto","background-attachment":"scroll","background-type":"","background-media":"","overlay-type":"","overlay-color":"","overlay-opacity":"","overlay-gradient":""},"mobile":{"background-color":"","background-image":"","background-repeat":"repeat","background-position":"center center","background-size":"auto","background-attachment":"scroll","background-type":"","background-media":"","overlay-type":"","overlay-color":"","overlay-opacity":"","overlay-gradient":""}},"ast-content-background-meta":{"desktop":{"background-color":"var(--ast-global-color-5)","background-image":"","background-repeat":"repeat","background-position":"center center","background-size":"auto","background-attachment":"scroll","background-type":"","background-media":"","overlay-type":"","overlay-color":"","overlay-opacity":"","overlay-gradient":""},"tablet":{"background-color":"var(--ast-global-color-5)","background-image":"","background-repeat":"repeat","background-position":"center center","background-size":"auto","background-attachment":"scroll","background-type":"","background-media":"","overlay-type":"","overlay-color":"","overlay-opacity":"","overlay-gradient":""},"mobile":{"background-color":"var(--ast-global-color-5)","background-image":"","background-repeat":"repeat","background-position":"center center","background-size":"auto","background-attachment":"scroll","background-type":"","background-media":"","overlay-type":"","overlay-color":"","overlay-opacity":"","overlay-gradient":""}},"footnotes":""},"categories":[5],"tags":[],"class_list":["post-181321","post","type-post","status-publish","format-standard","hentry","category-noticias"],"yoast_head":"<!-- This site is optimized with the Yoast SEO Premium plugin v20.9 (Yoast SEO v27.4) - https:\/\/yoast.com\/product\/yoast-seo-premium-wordpress\/ -->\n<title>Nueva ley antitabaco: m\u00e1s zonas sin humo, cerco a &#039;vapers&#039; y prohibici\u00f3n de uso a menores - bip4ex<\/title>\n<meta name=\"robots\" content=\"index, follow, max-snippet:-1, max-image-preview:large, max-video-preview:-1\" \/>\n<link rel=\"canonical\" href=\"https:\/\/helloproject.es\/vigilancia\/nueva-ley-antitabaco-mas-zonas-sin-humo-cerco-a-vapers-y-prohibicion-de-uso-a-menores\/\" \/>\n<meta property=\"og:locale\" content=\"es_ES\" \/>\n<meta property=\"og:type\" content=\"article\" \/>\n<meta property=\"og:title\" content=\"Nueva ley antitabaco: m\u00e1s zonas sin humo, cerco a &#039;vapers&#039; y prohibici\u00f3n de uso a menores\" \/>\n<meta property=\"og:description\" content=\"La reforma de la ley de 2005 que ha elevado el Ministerio de Sanidad al Consejo de Ministros incorpora medidas para fortalecer la prevenci\u00f3n, proteger a los colectivos m\u00e1s vulnerables, especialmente los j\u00f3venes, y ofrecer mayor claridad jur\u00eddica frente a la proliferaci\u00f3n de nuevos productos relacionados con el tabaco que, hasta la fecha, carec\u00edan de [&hellip;]\" \/>\n<meta property=\"og:url\" content=\"https:\/\/helloproject.es\/vigilancia\/nueva-ley-antitabaco-mas-zonas-sin-humo-cerco-a-vapers-y-prohibicion-de-uso-a-menores\/\" \/>\n<meta property=\"og:site_name\" content=\"bip4ex\" \/>\n<meta property=\"article:published_time\" content=\"2025-09-10T07:28:02+00:00\" \/>\n<meta name=\"author\" content=\"Luis Miguel Mej\u00edas Ramos\" \/>\n<meta name=\"twitter:card\" content=\"summary_large_image\" \/>\n<meta name=\"twitter:label1\" content=\"Escrito por\" \/>\n\t<meta name=\"twitter:data1\" content=\"Luis Miguel Mej\u00edas Ramos\" \/>\n\t<meta name=\"twitter:label2\" content=\"Tiempo de lectura\" \/>\n\t<meta name=\"twitter:data2\" content=\"5 minutos\" \/>\n<script type=\"application\/ld+json\" class=\"yoast-schema-graph\">{\"@context\":\"https:\\\/\\\/schema.org\",\"@graph\":[{\"@type\":\"Article\",\"@id\":\"https:\\\/\\\/helloproject.es\\\/vigilancia\\\/nueva-ley-antitabaco-mas-zonas-sin-humo-cerco-a-vapers-y-prohibicion-de-uso-a-menores\\\/#article\",\"isPartOf\":{\"@id\":\"https:\\\/\\\/helloproject.es\\\/vigilancia\\\/nueva-ley-antitabaco-mas-zonas-sin-humo-cerco-a-vapers-y-prohibicion-de-uso-a-menores\\\/\"},\"author\":{\"name\":\"Luis Miguel Mej\u00edas Ramos\",\"@id\":\"https:\\\/\\\/helloproject.es\\\/vigilancia\\\/#\\\/schema\\\/person\\\/3767b0619d59a11570372c821f8619ca\"},\"headline\":\"Nueva ley antitabaco: m\u00e1s zonas sin humo, cerco a &#8216;vapers&#8217; y prohibici\u00f3n de uso a menores\",\"datePublished\":\"2025-09-10T07:28:02+00:00\",\"mainEntityOfPage\":{\"@id\":\"https:\\\/\\\/helloproject.es\\\/vigilancia\\\/nueva-ley-antitabaco-mas-zonas-sin-humo-cerco-a-vapers-y-prohibicion-de-uso-a-menores\\\/\"},\"wordCount\":1043,\"publisher\":{\"@id\":\"https:\\\/\\\/helloproject.es\\\/vigilancia\\\/#organization\"},\"articleSection\":[\"Noticias\"],\"inLanguage\":\"es\"},{\"@type\":\"WebPage\",\"@id\":\"https:\\\/\\\/helloproject.es\\\/vigilancia\\\/nueva-ley-antitabaco-mas-zonas-sin-humo-cerco-a-vapers-y-prohibicion-de-uso-a-menores\\\/\",\"url\":\"https:\\\/\\\/helloproject.es\\\/vigilancia\\\/nueva-ley-antitabaco-mas-zonas-sin-humo-cerco-a-vapers-y-prohibicion-de-uso-a-menores\\\/\",\"name\":\"Nueva ley antitabaco: m\u00e1s zonas sin humo, cerco a 'vapers' y prohibici\u00f3n de uso a menores - bip4ex\",\"isPartOf\":{\"@id\":\"https:\\\/\\\/helloproject.es\\\/vigilancia\\\/#website\"},\"datePublished\":\"2025-09-10T07:28:02+00:00\",\"breadcrumb\":{\"@id\":\"https:\\\/\\\/helloproject.es\\\/vigilancia\\\/nueva-ley-antitabaco-mas-zonas-sin-humo-cerco-a-vapers-y-prohibicion-de-uso-a-menores\\\/#breadcrumb\"},\"inLanguage\":\"es\",\"potentialAction\":[{\"@type\":\"ReadAction\",\"target\":[\"https:\\\/\\\/helloproject.es\\\/vigilancia\\\/nueva-ley-antitabaco-mas-zonas-sin-humo-cerco-a-vapers-y-prohibicion-de-uso-a-menores\\\/\"]}]},{\"@type\":\"BreadcrumbList\",\"@id\":\"https:\\\/\\\/helloproject.es\\\/vigilancia\\\/nueva-ley-antitabaco-mas-zonas-sin-humo-cerco-a-vapers-y-prohibicion-de-uso-a-menores\\\/#breadcrumb\",\"itemListElement\":[{\"@type\":\"ListItem\",\"position\":1,\"name\":\"Home\",\"item\":\"https:\\\/\\\/helloproject.es\\\/vigilancia\\\/\"},{\"@type\":\"ListItem\",\"position\":2,\"name\":\"Nueva ley antitabaco: m\u00e1s zonas sin humo, cerco a &#8216;vapers&#8217; y prohibici\u00f3n de uso a menores\"}]},{\"@type\":\"WebSite\",\"@id\":\"https:\\\/\\\/helloproject.es\\\/vigilancia\\\/#website\",\"url\":\"https:\\\/\\\/helloproject.es\\\/vigilancia\\\/\",\"name\":\"bip4ex\",\"description\":\"Vigilancia Tecnol\u00f3gica\",\"publisher\":{\"@id\":\"https:\\\/\\\/helloproject.es\\\/vigilancia\\\/#organization\"},\"potentialAction\":[{\"@type\":\"SearchAction\",\"target\":{\"@type\":\"EntryPoint\",\"urlTemplate\":\"https:\\\/\\\/helloproject.es\\\/vigilancia\\\/?s={search_term_string}\"},\"query-input\":{\"@type\":\"PropertyValueSpecification\",\"valueRequired\":true,\"valueName\":\"search_term_string\"}}],\"inLanguage\":\"es\"},{\"@type\":\"Organization\",\"@id\":\"https:\\\/\\\/helloproject.es\\\/vigilancia\\\/#organization\",\"name\":\"Helloproject.es\",\"url\":\"https:\\\/\\\/helloproject.es\\\/vigilancia\\\/\",\"logo\":{\"@type\":\"ImageObject\",\"inLanguage\":\"es\",\"@id\":\"https:\\\/\\\/helloproject.es\\\/vigilancia\\\/#\\\/schema\\\/logo\\\/image\\\/\",\"url\":\"https:\\\/\\\/helloproject.es\\\/vigilancia\\\/wp-content\\\/uploads\\\/2023\\\/07\\\/bip4ex.png\",\"contentUrl\":\"https:\\\/\\\/helloproject.es\\\/vigilancia\\\/wp-content\\\/uploads\\\/2023\\\/07\\\/bip4ex.png\",\"width\":322,\"height\":365,\"caption\":\"Helloproject.es\"},\"image\":{\"@id\":\"https:\\\/\\\/helloproject.es\\\/vigilancia\\\/#\\\/schema\\\/logo\\\/image\\\/\"}},{\"@type\":\"Person\",\"@id\":\"https:\\\/\\\/helloproject.es\\\/vigilancia\\\/#\\\/schema\\\/person\\\/3767b0619d59a11570372c821f8619ca\",\"name\":\"Luis Miguel Mej\u00edas Ramos\",\"url\":\"https:\\\/\\\/helloproject.es\\\/vigilancia\\\/author\\\/luismi\\\/\"}]}<\/script>\n<!-- \/ Yoast SEO Premium plugin. -->","yoast_head_json":{"title":"Nueva ley antitabaco: m\u00e1s zonas sin humo, cerco a 'vapers' y prohibici\u00f3n de uso a menores - bip4ex","robots":{"index":"index","follow":"follow","max-snippet":"max-snippet:-1","max-image-preview":"max-image-preview:large","max-video-preview":"max-video-preview:-1"},"canonical":"https:\/\/helloproject.es\/vigilancia\/nueva-ley-antitabaco-mas-zonas-sin-humo-cerco-a-vapers-y-prohibicion-de-uso-a-menores\/","og_locale":"es_ES","og_type":"article","og_title":"Nueva ley antitabaco: m\u00e1s zonas sin humo, cerco a 'vapers' y prohibici\u00f3n de uso a menores","og_description":"La reforma de la ley de 2005 que ha elevado el Ministerio de Sanidad al Consejo de Ministros incorpora medidas para fortalecer la prevenci\u00f3n, proteger a los colectivos m\u00e1s vulnerables, especialmente los j\u00f3venes, y ofrecer mayor claridad jur\u00eddica frente a la proliferaci\u00f3n de nuevos productos relacionados con el tabaco que, hasta la fecha, carec\u00edan de [&hellip;]","og_url":"https:\/\/helloproject.es\/vigilancia\/nueva-ley-antitabaco-mas-zonas-sin-humo-cerco-a-vapers-y-prohibicion-de-uso-a-menores\/","og_site_name":"bip4ex","article_published_time":"2025-09-10T07:28:02+00:00","author":"Luis Miguel Mej\u00edas Ramos","twitter_card":"summary_large_image","twitter_misc":{"Escrito por":"Luis Miguel Mej\u00edas Ramos","Tiempo de lectura":"5 minutos"},"schema":{"@context":"https:\/\/schema.org","@graph":[{"@type":"Article","@id":"https:\/\/helloproject.es\/vigilancia\/nueva-ley-antitabaco-mas-zonas-sin-humo-cerco-a-vapers-y-prohibicion-de-uso-a-menores\/#article","isPartOf":{"@id":"https:\/\/helloproject.es\/vigilancia\/nueva-ley-antitabaco-mas-zonas-sin-humo-cerco-a-vapers-y-prohibicion-de-uso-a-menores\/"},"author":{"name":"Luis Miguel Mej\u00edas Ramos","@id":"https:\/\/helloproject.es\/vigilancia\/#\/schema\/person\/3767b0619d59a11570372c821f8619ca"},"headline":"Nueva ley antitabaco: m\u00e1s zonas sin humo, cerco a &#8216;vapers&#8217; y prohibici\u00f3n de uso a menores","datePublished":"2025-09-10T07:28:02+00:00","mainEntityOfPage":{"@id":"https:\/\/helloproject.es\/vigilancia\/nueva-ley-antitabaco-mas-zonas-sin-humo-cerco-a-vapers-y-prohibicion-de-uso-a-menores\/"},"wordCount":1043,"publisher":{"@id":"https:\/\/helloproject.es\/vigilancia\/#organization"},"articleSection":["Noticias"],"inLanguage":"es"},{"@type":"WebPage","@id":"https:\/\/helloproject.es\/vigilancia\/nueva-ley-antitabaco-mas-zonas-sin-humo-cerco-a-vapers-y-prohibicion-de-uso-a-menores\/","url":"https:\/\/helloproject.es\/vigilancia\/nueva-ley-antitabaco-mas-zonas-sin-humo-cerco-a-vapers-y-prohibicion-de-uso-a-menores\/","name":"Nueva ley antitabaco: m\u00e1s zonas sin humo, cerco a 'vapers' y prohibici\u00f3n de uso a menores - bip4ex","isPartOf":{"@id":"https:\/\/helloproject.es\/vigilancia\/#website"},"datePublished":"2025-09-10T07:28:02+00:00","breadcrumb":{"@id":"https:\/\/helloproject.es\/vigilancia\/nueva-ley-antitabaco-mas-zonas-sin-humo-cerco-a-vapers-y-prohibicion-de-uso-a-menores\/#breadcrumb"},"inLanguage":"es","potentialAction":[{"@type":"ReadAction","target":["https:\/\/helloproject.es\/vigilancia\/nueva-ley-antitabaco-mas-zonas-sin-humo-cerco-a-vapers-y-prohibicion-de-uso-a-menores\/"]}]},{"@type":"BreadcrumbList","@id":"https:\/\/helloproject.es\/vigilancia\/nueva-ley-antitabaco-mas-zonas-sin-humo-cerco-a-vapers-y-prohibicion-de-uso-a-menores\/#breadcrumb","itemListElement":[{"@type":"ListItem","position":1,"name":"Home","item":"https:\/\/helloproject.es\/vigilancia\/"},{"@type":"ListItem","position":2,"name":"Nueva ley antitabaco: m\u00e1s zonas sin humo, cerco a &#8216;vapers&#8217; y prohibici\u00f3n de uso a menores"}]},{"@type":"WebSite","@id":"https:\/\/helloproject.es\/vigilancia\/#website","url":"https:\/\/helloproject.es\/vigilancia\/","name":"bip4ex","description":"Vigilancia Tecnol\u00f3gica","publisher":{"@id":"https:\/\/helloproject.es\/vigilancia\/#organization"},"potentialAction":[{"@type":"SearchAction","target":{"@type":"EntryPoint","urlTemplate":"https:\/\/helloproject.es\/vigilancia\/?s={search_term_string}"},"query-input":{"@type":"PropertyValueSpecification","valueRequired":true,"valueName":"search_term_string"}}],"inLanguage":"es"},{"@type":"Organization","@id":"https:\/\/helloproject.es\/vigilancia\/#organization","name":"Helloproject.es","url":"https:\/\/helloproject.es\/vigilancia\/","logo":{"@type":"ImageObject","inLanguage":"es","@id":"https:\/\/helloproject.es\/vigilancia\/#\/schema\/logo\/image\/","url":"https:\/\/helloproject.es\/vigilancia\/wp-content\/uploads\/2023\/07\/bip4ex.png","contentUrl":"https:\/\/helloproject.es\/vigilancia\/wp-content\/uploads\/2023\/07\/bip4ex.png","width":322,"height":365,"caption":"Helloproject.es"},"image":{"@id":"https:\/\/helloproject.es\/vigilancia\/#\/schema\/logo\/image\/"}},{"@type":"Person","@id":"https:\/\/helloproject.es\/vigilancia\/#\/schema\/person\/3767b0619d59a11570372c821f8619ca","name":"Luis Miguel Mej\u00edas Ramos","url":"https:\/\/helloproject.es\/vigilancia\/author\/luismi\/"}]}},"_links":{"self":[{"href":"https:\/\/helloproject.es\/vigilancia\/wp-json\/wp\/v2\/posts\/181321","targetHints":{"allow":["GET"]}}],"collection":[{"href":"https:\/\/helloproject.es\/vigilancia\/wp-json\/wp\/v2\/posts"}],"about":[{"href":"https:\/\/helloproject.es\/vigilancia\/wp-json\/wp\/v2\/types\/post"}],"author":[{"embeddable":true,"href":"https:\/\/helloproject.es\/vigilancia\/wp-json\/wp\/v2\/users\/5"}],"replies":[{"embeddable":true,"href":"https:\/\/helloproject.es\/vigilancia\/wp-json\/wp\/v2\/comments?post=181321"}],"version-history":[{"count":0,"href":"https:\/\/helloproject.es\/vigilancia\/wp-json\/wp\/v2\/posts\/181321\/revisions"}],"wp:attachment":[{"href":"https:\/\/helloproject.es\/vigilancia\/wp-json\/wp\/v2\/media?parent=181321"}],"wp:term":[{"taxonomy":"category","embeddable":true,"href":"https:\/\/helloproject.es\/vigilancia\/wp-json\/wp\/v2\/categories?post=181321"},{"taxonomy":"post_tag","embeddable":true,"href":"https:\/\/helloproject.es\/vigilancia\/wp-json\/wp\/v2\/tags?post=181321"}],"curies":[{"name":"wp","href":"https:\/\/api.w.org\/{rel}","templated":true}]}}