{"id":182306,"date":"2025-09-24T09:28:15","date_gmt":"2025-09-24T08:28:15","guid":{"rendered":"https:\/\/helloproject.es\/vigilancia\/desarrollan-una-terapia-genica-contra-el-sarcoma-de-ewing-un-tipo-de-cancer-infantil\/"},"modified":"2025-09-24T09:28:15","modified_gmt":"2025-09-24T08:28:15","slug":"desarrollan-una-terapia-genica-contra-el-sarcoma-de-ewing-un-tipo-de-cancer-infantil","status":"publish","type":"post","link":"https:\/\/helloproject.es\/vigilancia\/desarrollan-una-terapia-genica-contra-el-sarcoma-de-ewing-un-tipo-de-cancer-infantil\/","title":{"rendered":"Desarrollan una terapia g\u00e9nica contra el sarcoma de Ewing, un tipo de c\u00e1ncer infantil"},"content":{"rendered":"<p>Un estudio <a href=\"https:\/\/www.nature.com\/articles\/s41598-025-14945-6\" target=\"_blank\">publicado en la revista Scientific Reports<\/a> por un equipo del Instituto de Salud Carlos III (ISCIII) ha demostrado en estudios precl\u00ednicos que es posible destruir las c\u00e9lulas tumorales del sarcoma de Ewing mediante el empleo de una estrategia basada en genes \u2018suicidas\u2019. Esta denominaci\u00f3n se refiere al uso de un gen cuya expresi\u00f3n provoca el \u2018suicidio\u2019 de las propias c\u00e9lulas que lo expresan, favoreciendo la eliminaci\u00f3n de c\u00e9lulas tumorales.<\/p>\n<p>Cada a\u00f1o se diagnostican en Espa\u00f1a\u00a025 nuevos casos de sarcoma de Ewing, que afecta a ni\u00f1os y adolescentes<\/p>\n<p>El sarcoma de Ewing es un tipo de c\u00e1ncer infantil que\u00a0afecta a los huesos y los tejidos blandos y para el que ha habido pocos avances terap\u00e9uticos en los \u00faltimos a\u00f1os. Se trata de un tumor maligno que afecta a ni\u00f1os y adolescentes y del que se diagnostica cada a\u00f1o en Espa\u00f1a aproximadamente 25 nuevos casos, por lo que esta enfermedad se considera tambi\u00e9n, como la mayor\u00eda de los tumores infantiles, una enfermedad rara.<\/p>\n<p>Aunque actualmente se consiguen tasas de supervivencia de aproximadamente el 70 %, desde hace a\u00f1os no se vislumbran avances significativos en los tratamientos, por lo que es necesario avanzar en terapias innovadoras que tengan menos efectos secundarios que los tratamientos actuales (radioterapia y quimioterapia), y que permitan mejorar las tasas de supervivencia, especialmente en los pacientes con met\u00e1stasis y reca\u00eddas, que tienen mucho peor pron\u00f3stico.<\/p>\n<p><a><\/a><\/p>\n<h2>Una estrategia espec\u00edfica contra c\u00e9lulas tumorales<\/h2>\n<p>Los investigadores han utilizado para el estudio un adenovirus, un virus frecuentemente utilizado en terapia g\u00e9nica contra el c\u00e1ncer, para introducir en las c\u00e9lulas de sarcoma de Ewing un gen \u2018suicida\u2019 derivado del virus del herpes simplex (HSV-TK). Cuando las c\u00e9lulas de sarcoma de Ewing son infectadas por el adenovirus terap\u00e9utico, estas expresan el gen \u2018suicida\u2019 HSV-TK.<\/p>\n<p><a href=\"https:\/\/www.agenciasinc.es\/Noticias\/El-pais-de-residencia-puede-influir-en-la-deteccion-temprana-del-cancer-infantil\" target=\"_blank\">El pa\u00eds de residencia puede influir en la detecci\u00f3n temprana del c\u00e1ncer infantil<\/a><\/p>\n<p><a href=\"https:\/\/www.agenciasinc.es\/Noticias\/Nuevos-mecanismos-que-aumentan-la-agresividad-del-cancer-pediatrico-sarcoma-de-Ewing\" target=\"_blank\">Nuevos mecanismos que aumentan la agresividad del c\u00e1ncer pedi\u00e1trico sarcoma de Ewing<\/a><\/p>\n<p><a href=\"https:\/\/www.agenciasinc.es\/Noticias\/Un-bebe-con-una-enfermedad-rara-primer-paciente-tratado-mediante-terapia-genica\" target=\"_blank\">Un beb\u00e9 con una enfermedad rara, primer paciente tratado mediante terapia g\u00e9nica<\/a><\/p>\n<p>Este gen es inocuo, pero cuando se combina con el compuesto ganciclovir \u2014un f\u00e1rmaco com\u00fanmente utilizado para combatir las infecciones con los virus del herpes \u2014, es capaz de transformarlo en un compuesto t\u00f3xico que provoca la muerte, en este caso, de las c\u00e9lulas de sarcoma de Ewing.<\/p>\n<p>Una de las ventajas de la terapia desarrollada por este grupo es que el gen \u2018suicida\u2019 s\u00f3lo se expresa en las c\u00e9lulas de sarcoma de Ewing, otorg\u00e1ndole al sistema una gran especificidad y, por tanto, reduciendo la probabilidad de efectos secundarios de la terapia.\u00a0<\/p>\n<p><a><\/a><\/p>\n<h2>Reducci\u00f3n del tama\u00f1o del tumor<\/h2>\n<p>Esta estrategia ha sido previamente utilizada por el mismo grupo del ISCIII para expresar de manera espec\u00edfica el <a href=\"https:\/\/www.isciii.es\/w\/avances-terapias-sarcoma-ewing-crispr-c%C3%A1ncer-infantil?&amp;catId=448332&amp;catId=651580\" target=\"_blank\">sistema CRISPR\/Cas9 en c\u00e9lulas de sarcoma de Ewing<\/a>. Sin embargo, mientras que con la tecnolog\u00eda CRISPR\/Cas9 fue posible ralentizar el crecimiento tumoral, con esta nueva aproximaci\u00f3n los investigadores han conseguido reducir el tama\u00f1o del tumor, y en algunos casos su completa eliminaci\u00f3n en modelos precl\u00ednicos, lo que indica que esta nueva terapia con genes suicidas podr\u00eda ser potencialmente curativa.<\/p>\n<p><img decoding=\"async\" src=\"https:\/\/www.agenciasinc.es\/bundles\/app\/images\/quotebefore.png\" \/><\/p>\n<p>En los \u00faltimos 20 a\u00f1os no ha habido ning\u00fan avance significativo en los tratamientos para este c\u00e1ncer infantil. Es absolutamente imprescindible explorar nuevas v\u00edas de tratamiento<\/p>\n<p>Javier Alonso, ISCIII<br \/>\n<img decoding=\"async\" src=\"https:\/\/www.agenciasinc.es\/bundles\/app\/images\/quoteafter.png\" \/><\/p>\n<p>En palabras del director de la investigaci\u00f3n, Javier Alonso, en los \u00faltimos 20 a\u00f1os \u201cno ha habido ning\u00fan avance significativo en los tratamientos para este c\u00e1ncer infantil devastador. Es, por tanto, absolutamente imprescindible explorar nuevas v\u00edas de tratamiento que sean diferentes a los tratamientos convencionales, que sabemos ya han llegado al m\u00e1ximo que pueden dar\u201d.<\/p>\n<p>La nueva terapia ha demostrado ser muy espec\u00edfica y muy eficaz en los estudios precl\u00ednicos, \u201cpor lo que creemos que esta terapia podr\u00eda probarse en un primer ensayo cl\u00ednico en pacientes en un plazo relativamente corto de tiempo, si disponemos de la financiaci\u00f3n adecuada\u201d, concluye Alonso.<\/p>\n<p>Referencia:<\/p>\n<p>Cervera ST, Alonso J. Suicide gene therapy targeting ewing sarcoma via an ewing-specific GGAA promoter.\u00a0<a href=\"https:\/\/www.nature.com\/articles\/s41598-025-14945-6\" target=\"_blank\">Scientific Reports<\/a>\u00a0(2025).<\/p>","protected":false},"excerpt":{"rendered":"<p>Un estudio publicado en la revista Scientific Reports por un equipo del Instituto de Salud Carlos III (ISCIII) ha demostrado en estudios precl\u00ednicos que es posible destruir las c\u00e9lulas tumorales del sarcoma de Ewing mediante el empleo de una estrategia basada en genes \u2018suicidas\u2019. Esta denominaci\u00f3n se refiere al uso de un gen cuya expresi\u00f3n [&hellip;]<\/p>\n","protected":false},"author":5,"featured_media":0,"comment_status":"","ping_status":"","sticky":false,"template":"","format":"standard","meta":{"site-sidebar-layout":"default","site-content-layout":"","ast-site-content-layout":"default","site-content-style":"default","site-sidebar-style":"default","ast-global-header-display":"","ast-banner-title-visibility":"","ast-main-header-display":"","ast-hfb-above-header-display":"","ast-hfb-below-header-display":"","ast-hfb-mobile-header-display":"","site-post-title":"","ast-breadcrumbs-content":"","ast-featured-img":"","footer-sml-layout":"","ast-disable-related-posts":"","theme-transparent-header-meta":"","adv-header-id-meta":"","stick-header-meta":"","header-above-stick-meta":"","header-main-stick-meta":"","header-below-stick-meta":"","astra-migrate-meta-layouts":"default","ast-page-background-enabled":"default","ast-page-background-meta":{"desktop":{"background-color":"var(--ast-global-color-4)","background-image":"","background-repeat":"repeat","background-position":"center center","background-size":"auto","background-attachment":"scroll","background-type":"","background-media":"","overlay-type":"","overlay-color":"","overlay-opacity":"","overlay-gradient":""},"tablet":{"background-color":"","background-image":"","background-repeat":"repeat","background-position":"center center","background-size":"auto","background-attachment":"scroll","background-type":"","background-media":"","overlay-type":"","overlay-color":"","overlay-opacity":"","overlay-gradient":""},"mobile":{"background-color":"","background-image":"","background-repeat":"repeat","background-position":"center center","background-size":"auto","background-attachment":"scroll","background-type":"","background-media":"","overlay-type":"","overlay-color":"","overlay-opacity":"","overlay-gradient":""}},"ast-content-background-meta":{"desktop":{"background-color":"var(--ast-global-color-5)","background-image":"","background-repeat":"repeat","background-position":"center center","background-size":"auto","background-attachment":"scroll","background-type":"","background-media":"","overlay-type":"","overlay-color":"","overlay-opacity":"","overlay-gradient":""},"tablet":{"background-color":"var(--ast-global-color-5)","background-image":"","background-repeat":"repeat","background-position":"center center","background-size":"auto","background-attachment":"scroll","background-type":"","background-media":"","overlay-type":"","overlay-color":"","overlay-opacity":"","overlay-gradient":""},"mobile":{"background-color":"var(--ast-global-color-5)","background-image":"","background-repeat":"repeat","background-position":"center center","background-size":"auto","background-attachment":"scroll","background-type":"","background-media":"","overlay-type":"","overlay-color":"","overlay-opacity":"","overlay-gradient":""}},"footnotes":""},"categories":[5],"tags":[],"class_list":["post-182306","post","type-post","status-publish","format-standard","hentry","category-noticias"],"yoast_head":"<!-- This site is optimized with the Yoast SEO Premium plugin v20.9 (Yoast SEO v27.4) - https:\/\/yoast.com\/product\/yoast-seo-premium-wordpress\/ -->\n<title>Desarrollan una terapia g\u00e9nica contra el sarcoma de Ewing, un tipo de c\u00e1ncer infantil - bip4ex<\/title>\n<meta name=\"robots\" content=\"index, follow, max-snippet:-1, max-image-preview:large, max-video-preview:-1\" \/>\n<link rel=\"canonical\" href=\"https:\/\/helloproject.es\/vigilancia\/desarrollan-una-terapia-genica-contra-el-sarcoma-de-ewing-un-tipo-de-cancer-infantil\/\" \/>\n<meta property=\"og:locale\" content=\"es_ES\" \/>\n<meta property=\"og:type\" content=\"article\" \/>\n<meta property=\"og:title\" content=\"Desarrollan una terapia g\u00e9nica contra el sarcoma de Ewing, un tipo de c\u00e1ncer infantil\" \/>\n<meta property=\"og:description\" content=\"Un estudio publicado en la revista Scientific Reports por un equipo del Instituto de Salud Carlos III (ISCIII) ha demostrado en estudios precl\u00ednicos que es posible destruir las c\u00e9lulas tumorales del sarcoma de Ewing mediante el empleo de una estrategia basada en genes \u2018suicidas\u2019. Esta denominaci\u00f3n se refiere al uso de un gen cuya expresi\u00f3n [&hellip;]\" \/>\n<meta property=\"og:url\" content=\"https:\/\/helloproject.es\/vigilancia\/desarrollan-una-terapia-genica-contra-el-sarcoma-de-ewing-un-tipo-de-cancer-infantil\/\" \/>\n<meta property=\"og:site_name\" content=\"bip4ex\" \/>\n<meta property=\"article:published_time\" content=\"2025-09-24T08:28:15+00:00\" \/>\n<meta property=\"og:image\" content=\"https:\/\/www.agenciasinc.es\/bundles\/app\/images\/quotebefore.png\" \/>\n<meta name=\"author\" content=\"Luis Miguel Mej\u00edas Ramos\" \/>\n<meta name=\"twitter:card\" content=\"summary_large_image\" \/>\n<meta name=\"twitter:label1\" content=\"Escrito por\" \/>\n\t<meta name=\"twitter:data1\" content=\"Luis Miguel Mej\u00edas Ramos\" \/>\n\t<meta name=\"twitter:label2\" content=\"Tiempo de lectura\" \/>\n\t<meta name=\"twitter:data2\" content=\"4 minutos\" \/>\n<script type=\"application\/ld+json\" class=\"yoast-schema-graph\">{\"@context\":\"https:\\\/\\\/schema.org\",\"@graph\":[{\"@type\":\"Article\",\"@id\":\"https:\\\/\\\/helloproject.es\\\/vigilancia\\\/desarrollan-una-terapia-genica-contra-el-sarcoma-de-ewing-un-tipo-de-cancer-infantil\\\/#article\",\"isPartOf\":{\"@id\":\"https:\\\/\\\/helloproject.es\\\/vigilancia\\\/desarrollan-una-terapia-genica-contra-el-sarcoma-de-ewing-un-tipo-de-cancer-infantil\\\/\"},\"author\":{\"name\":\"Luis Miguel Mej\u00edas Ramos\",\"@id\":\"https:\\\/\\\/helloproject.es\\\/vigilancia\\\/#\\\/schema\\\/person\\\/3767b0619d59a11570372c821f8619ca\"},\"headline\":\"Desarrollan una terapia g\u00e9nica contra el sarcoma de Ewing, un tipo de c\u00e1ncer infantil\",\"datePublished\":\"2025-09-24T08:28:15+00:00\",\"mainEntityOfPage\":{\"@id\":\"https:\\\/\\\/helloproject.es\\\/vigilancia\\\/desarrollan-una-terapia-genica-contra-el-sarcoma-de-ewing-un-tipo-de-cancer-infantil\\\/\"},\"wordCount\":730,\"publisher\":{\"@id\":\"https:\\\/\\\/helloproject.es\\\/vigilancia\\\/#organization\"},\"image\":{\"@id\":\"https:\\\/\\\/helloproject.es\\\/vigilancia\\\/desarrollan-una-terapia-genica-contra-el-sarcoma-de-ewing-un-tipo-de-cancer-infantil\\\/#primaryimage\"},\"thumbnailUrl\":\"https:\\\/\\\/www.agenciasinc.es\\\/bundles\\\/app\\\/images\\\/quotebefore.png\",\"articleSection\":[\"Noticias\"],\"inLanguage\":\"es\"},{\"@type\":\"WebPage\",\"@id\":\"https:\\\/\\\/helloproject.es\\\/vigilancia\\\/desarrollan-una-terapia-genica-contra-el-sarcoma-de-ewing-un-tipo-de-cancer-infantil\\\/\",\"url\":\"https:\\\/\\\/helloproject.es\\\/vigilancia\\\/desarrollan-una-terapia-genica-contra-el-sarcoma-de-ewing-un-tipo-de-cancer-infantil\\\/\",\"name\":\"Desarrollan una terapia g\u00e9nica contra el sarcoma de Ewing, un tipo de c\u00e1ncer infantil - bip4ex\",\"isPartOf\":{\"@id\":\"https:\\\/\\\/helloproject.es\\\/vigilancia\\\/#website\"},\"primaryImageOfPage\":{\"@id\":\"https:\\\/\\\/helloproject.es\\\/vigilancia\\\/desarrollan-una-terapia-genica-contra-el-sarcoma-de-ewing-un-tipo-de-cancer-infantil\\\/#primaryimage\"},\"image\":{\"@id\":\"https:\\\/\\\/helloproject.es\\\/vigilancia\\\/desarrollan-una-terapia-genica-contra-el-sarcoma-de-ewing-un-tipo-de-cancer-infantil\\\/#primaryimage\"},\"thumbnailUrl\":\"https:\\\/\\\/www.agenciasinc.es\\\/bundles\\\/app\\\/images\\\/quotebefore.png\",\"datePublished\":\"2025-09-24T08:28:15+00:00\",\"breadcrumb\":{\"@id\":\"https:\\\/\\\/helloproject.es\\\/vigilancia\\\/desarrollan-una-terapia-genica-contra-el-sarcoma-de-ewing-un-tipo-de-cancer-infantil\\\/#breadcrumb\"},\"inLanguage\":\"es\",\"potentialAction\":[{\"@type\":\"ReadAction\",\"target\":[\"https:\\\/\\\/helloproject.es\\\/vigilancia\\\/desarrollan-una-terapia-genica-contra-el-sarcoma-de-ewing-un-tipo-de-cancer-infantil\\\/\"]}]},{\"@type\":\"ImageObject\",\"inLanguage\":\"es\",\"@id\":\"https:\\\/\\\/helloproject.es\\\/vigilancia\\\/desarrollan-una-terapia-genica-contra-el-sarcoma-de-ewing-un-tipo-de-cancer-infantil\\\/#primaryimage\",\"url\":\"https:\\\/\\\/www.agenciasinc.es\\\/bundles\\\/app\\\/images\\\/quotebefore.png\",\"contentUrl\":\"https:\\\/\\\/www.agenciasinc.es\\\/bundles\\\/app\\\/images\\\/quotebefore.png\"},{\"@type\":\"BreadcrumbList\",\"@id\":\"https:\\\/\\\/helloproject.es\\\/vigilancia\\\/desarrollan-una-terapia-genica-contra-el-sarcoma-de-ewing-un-tipo-de-cancer-infantil\\\/#breadcrumb\",\"itemListElement\":[{\"@type\":\"ListItem\",\"position\":1,\"name\":\"Home\",\"item\":\"https:\\\/\\\/helloproject.es\\\/vigilancia\\\/\"},{\"@type\":\"ListItem\",\"position\":2,\"name\":\"Desarrollan una terapia g\u00e9nica contra el sarcoma de Ewing, un tipo de c\u00e1ncer infantil\"}]},{\"@type\":\"WebSite\",\"@id\":\"https:\\\/\\\/helloproject.es\\\/vigilancia\\\/#website\",\"url\":\"https:\\\/\\\/helloproject.es\\\/vigilancia\\\/\",\"name\":\"bip4ex\",\"description\":\"Vigilancia Tecnol\u00f3gica\",\"publisher\":{\"@id\":\"https:\\\/\\\/helloproject.es\\\/vigilancia\\\/#organization\"},\"potentialAction\":[{\"@type\":\"SearchAction\",\"target\":{\"@type\":\"EntryPoint\",\"urlTemplate\":\"https:\\\/\\\/helloproject.es\\\/vigilancia\\\/?s={search_term_string}\"},\"query-input\":{\"@type\":\"PropertyValueSpecification\",\"valueRequired\":true,\"valueName\":\"search_term_string\"}}],\"inLanguage\":\"es\"},{\"@type\":\"Organization\",\"@id\":\"https:\\\/\\\/helloproject.es\\\/vigilancia\\\/#organization\",\"name\":\"Helloproject.es\",\"url\":\"https:\\\/\\\/helloproject.es\\\/vigilancia\\\/\",\"logo\":{\"@type\":\"ImageObject\",\"inLanguage\":\"es\",\"@id\":\"https:\\\/\\\/helloproject.es\\\/vigilancia\\\/#\\\/schema\\\/logo\\\/image\\\/\",\"url\":\"https:\\\/\\\/helloproject.es\\\/vigilancia\\\/wp-content\\\/uploads\\\/2023\\\/07\\\/bip4ex.png\",\"contentUrl\":\"https:\\\/\\\/helloproject.es\\\/vigilancia\\\/wp-content\\\/uploads\\\/2023\\\/07\\\/bip4ex.png\",\"width\":322,\"height\":365,\"caption\":\"Helloproject.es\"},\"image\":{\"@id\":\"https:\\\/\\\/helloproject.es\\\/vigilancia\\\/#\\\/schema\\\/logo\\\/image\\\/\"}},{\"@type\":\"Person\",\"@id\":\"https:\\\/\\\/helloproject.es\\\/vigilancia\\\/#\\\/schema\\\/person\\\/3767b0619d59a11570372c821f8619ca\",\"name\":\"Luis Miguel Mej\u00edas Ramos\",\"url\":\"https:\\\/\\\/helloproject.es\\\/vigilancia\\\/author\\\/luismi\\\/\"}]}<\/script>\n<!-- \/ Yoast SEO Premium plugin. -->","yoast_head_json":{"title":"Desarrollan una terapia g\u00e9nica contra el sarcoma de Ewing, un tipo de c\u00e1ncer infantil - bip4ex","robots":{"index":"index","follow":"follow","max-snippet":"max-snippet:-1","max-image-preview":"max-image-preview:large","max-video-preview":"max-video-preview:-1"},"canonical":"https:\/\/helloproject.es\/vigilancia\/desarrollan-una-terapia-genica-contra-el-sarcoma-de-ewing-un-tipo-de-cancer-infantil\/","og_locale":"es_ES","og_type":"article","og_title":"Desarrollan una terapia g\u00e9nica contra el sarcoma de Ewing, un tipo de c\u00e1ncer infantil","og_description":"Un estudio publicado en la revista Scientific Reports por un equipo del Instituto de Salud Carlos III (ISCIII) ha demostrado en estudios precl\u00ednicos que es posible destruir las c\u00e9lulas tumorales del sarcoma de Ewing mediante el empleo de una estrategia basada en genes \u2018suicidas\u2019. Esta denominaci\u00f3n se refiere al uso de un gen cuya expresi\u00f3n [&hellip;]","og_url":"https:\/\/helloproject.es\/vigilancia\/desarrollan-una-terapia-genica-contra-el-sarcoma-de-ewing-un-tipo-de-cancer-infantil\/","og_site_name":"bip4ex","article_published_time":"2025-09-24T08:28:15+00:00","og_image":[{"url":"https:\/\/www.agenciasinc.es\/bundles\/app\/images\/quotebefore.png","type":"","width":"","height":""}],"author":"Luis Miguel Mej\u00edas Ramos","twitter_card":"summary_large_image","twitter_misc":{"Escrito por":"Luis Miguel Mej\u00edas Ramos","Tiempo de lectura":"4 minutos"},"schema":{"@context":"https:\/\/schema.org","@graph":[{"@type":"Article","@id":"https:\/\/helloproject.es\/vigilancia\/desarrollan-una-terapia-genica-contra-el-sarcoma-de-ewing-un-tipo-de-cancer-infantil\/#article","isPartOf":{"@id":"https:\/\/helloproject.es\/vigilancia\/desarrollan-una-terapia-genica-contra-el-sarcoma-de-ewing-un-tipo-de-cancer-infantil\/"},"author":{"name":"Luis Miguel Mej\u00edas Ramos","@id":"https:\/\/helloproject.es\/vigilancia\/#\/schema\/person\/3767b0619d59a11570372c821f8619ca"},"headline":"Desarrollan una terapia g\u00e9nica contra el sarcoma de Ewing, un tipo de c\u00e1ncer infantil","datePublished":"2025-09-24T08:28:15+00:00","mainEntityOfPage":{"@id":"https:\/\/helloproject.es\/vigilancia\/desarrollan-una-terapia-genica-contra-el-sarcoma-de-ewing-un-tipo-de-cancer-infantil\/"},"wordCount":730,"publisher":{"@id":"https:\/\/helloproject.es\/vigilancia\/#organization"},"image":{"@id":"https:\/\/helloproject.es\/vigilancia\/desarrollan-una-terapia-genica-contra-el-sarcoma-de-ewing-un-tipo-de-cancer-infantil\/#primaryimage"},"thumbnailUrl":"https:\/\/www.agenciasinc.es\/bundles\/app\/images\/quotebefore.png","articleSection":["Noticias"],"inLanguage":"es"},{"@type":"WebPage","@id":"https:\/\/helloproject.es\/vigilancia\/desarrollan-una-terapia-genica-contra-el-sarcoma-de-ewing-un-tipo-de-cancer-infantil\/","url":"https:\/\/helloproject.es\/vigilancia\/desarrollan-una-terapia-genica-contra-el-sarcoma-de-ewing-un-tipo-de-cancer-infantil\/","name":"Desarrollan una terapia g\u00e9nica contra el sarcoma de Ewing, un tipo de c\u00e1ncer infantil - bip4ex","isPartOf":{"@id":"https:\/\/helloproject.es\/vigilancia\/#website"},"primaryImageOfPage":{"@id":"https:\/\/helloproject.es\/vigilancia\/desarrollan-una-terapia-genica-contra-el-sarcoma-de-ewing-un-tipo-de-cancer-infantil\/#primaryimage"},"image":{"@id":"https:\/\/helloproject.es\/vigilancia\/desarrollan-una-terapia-genica-contra-el-sarcoma-de-ewing-un-tipo-de-cancer-infantil\/#primaryimage"},"thumbnailUrl":"https:\/\/www.agenciasinc.es\/bundles\/app\/images\/quotebefore.png","datePublished":"2025-09-24T08:28:15+00:00","breadcrumb":{"@id":"https:\/\/helloproject.es\/vigilancia\/desarrollan-una-terapia-genica-contra-el-sarcoma-de-ewing-un-tipo-de-cancer-infantil\/#breadcrumb"},"inLanguage":"es","potentialAction":[{"@type":"ReadAction","target":["https:\/\/helloproject.es\/vigilancia\/desarrollan-una-terapia-genica-contra-el-sarcoma-de-ewing-un-tipo-de-cancer-infantil\/"]}]},{"@type":"ImageObject","inLanguage":"es","@id":"https:\/\/helloproject.es\/vigilancia\/desarrollan-una-terapia-genica-contra-el-sarcoma-de-ewing-un-tipo-de-cancer-infantil\/#primaryimage","url":"https:\/\/www.agenciasinc.es\/bundles\/app\/images\/quotebefore.png","contentUrl":"https:\/\/www.agenciasinc.es\/bundles\/app\/images\/quotebefore.png"},{"@type":"BreadcrumbList","@id":"https:\/\/helloproject.es\/vigilancia\/desarrollan-una-terapia-genica-contra-el-sarcoma-de-ewing-un-tipo-de-cancer-infantil\/#breadcrumb","itemListElement":[{"@type":"ListItem","position":1,"name":"Home","item":"https:\/\/helloproject.es\/vigilancia\/"},{"@type":"ListItem","position":2,"name":"Desarrollan una terapia g\u00e9nica contra el sarcoma de Ewing, un tipo de c\u00e1ncer infantil"}]},{"@type":"WebSite","@id":"https:\/\/helloproject.es\/vigilancia\/#website","url":"https:\/\/helloproject.es\/vigilancia\/","name":"bip4ex","description":"Vigilancia Tecnol\u00f3gica","publisher":{"@id":"https:\/\/helloproject.es\/vigilancia\/#organization"},"potentialAction":[{"@type":"SearchAction","target":{"@type":"EntryPoint","urlTemplate":"https:\/\/helloproject.es\/vigilancia\/?s={search_term_string}"},"query-input":{"@type":"PropertyValueSpecification","valueRequired":true,"valueName":"search_term_string"}}],"inLanguage":"es"},{"@type":"Organization","@id":"https:\/\/helloproject.es\/vigilancia\/#organization","name":"Helloproject.es","url":"https:\/\/helloproject.es\/vigilancia\/","logo":{"@type":"ImageObject","inLanguage":"es","@id":"https:\/\/helloproject.es\/vigilancia\/#\/schema\/logo\/image\/","url":"https:\/\/helloproject.es\/vigilancia\/wp-content\/uploads\/2023\/07\/bip4ex.png","contentUrl":"https:\/\/helloproject.es\/vigilancia\/wp-content\/uploads\/2023\/07\/bip4ex.png","width":322,"height":365,"caption":"Helloproject.es"},"image":{"@id":"https:\/\/helloproject.es\/vigilancia\/#\/schema\/logo\/image\/"}},{"@type":"Person","@id":"https:\/\/helloproject.es\/vigilancia\/#\/schema\/person\/3767b0619d59a11570372c821f8619ca","name":"Luis Miguel Mej\u00edas Ramos","url":"https:\/\/helloproject.es\/vigilancia\/author\/luismi\/"}]}},"_links":{"self":[{"href":"https:\/\/helloproject.es\/vigilancia\/wp-json\/wp\/v2\/posts\/182306","targetHints":{"allow":["GET"]}}],"collection":[{"href":"https:\/\/helloproject.es\/vigilancia\/wp-json\/wp\/v2\/posts"}],"about":[{"href":"https:\/\/helloproject.es\/vigilancia\/wp-json\/wp\/v2\/types\/post"}],"author":[{"embeddable":true,"href":"https:\/\/helloproject.es\/vigilancia\/wp-json\/wp\/v2\/users\/5"}],"replies":[{"embeddable":true,"href":"https:\/\/helloproject.es\/vigilancia\/wp-json\/wp\/v2\/comments?post=182306"}],"version-history":[{"count":0,"href":"https:\/\/helloproject.es\/vigilancia\/wp-json\/wp\/v2\/posts\/182306\/revisions"}],"wp:attachment":[{"href":"https:\/\/helloproject.es\/vigilancia\/wp-json\/wp\/v2\/media?parent=182306"}],"wp:term":[{"taxonomy":"category","embeddable":true,"href":"https:\/\/helloproject.es\/vigilancia\/wp-json\/wp\/v2\/categories?post=182306"},{"taxonomy":"post_tag","embeddable":true,"href":"https:\/\/helloproject.es\/vigilancia\/wp-json\/wp\/v2\/tags?post=182306"}],"curies":[{"name":"wp","href":"https:\/\/api.w.org\/{rel}","templated":true}]}}