{"id":182308,"date":"2025-09-24T10:17:16","date_gmt":"2025-09-24T09:17:16","guid":{"rendered":"https:\/\/helloproject.es\/vigilancia\/jornada-on-line-trails-and-routes-for-tourism-development\/"},"modified":"2025-09-24T10:17:16","modified_gmt":"2025-09-24T09:17:16","slug":"jornada-on-line-trails-and-routes-for-tourism-development","status":"publish","type":"post","link":"https:\/\/helloproject.es\/vigilancia\/jornada-on-line-trails-and-routes-for-tourism-development\/","title":{"rendered":"Jornada On \u2013 line\u00a0Trails and routes for tourism development"},"content":{"rendered":"<p>10 de octubre 10:30 \u2013 12:00 CEST<u><\/u><u><\/u><\/p>\n<p>\u00a0A trav\u00e9s de la\u00a0<b>Plataforma de Pol\u00edticas de Aprendizaje<\/b>\u00a0tendr\u00e1 lugar el webinar\u00a0<b>Senderos y Rutas para el Desarrollo Sostenible<\/b>.<u><\/u><u><\/u><\/p>\n<p>El patrimonio cultural y natural de Europa abarca paisajes naturales, ciudades hist\u00f3ricas, yacimientos arqueol\u00f3gicos, monumentos, museos, obras de arte e incluso creaciones literarias y musicales. Este patrimonio no solo es fundamental para la identidad de Europa, sino tambi\u00e9n un motor del desarrollo econ\u00f3mico local y regional.<u><\/u><u><\/u><\/p>\n<p>Una forma eficaz de mostrar esta riqueza es a trav\u00e9s de senderos y rutas culturales, los cuales, bien dise\u00f1ados se convierten en valiosos activos para el desarrollo regional sostenible, impulsando el turismo cultural, generando ingresos para las comunidades locales y fortaleciendo la cohesi\u00f3n social.<u><\/u><u><\/u><\/p>\n<p>Uno de los ejemplos m\u00e1s conocidos son las Rutas Culturales Europeas, una iniciativa lanzada por el Consejo de Europa en 1987. El programa destaca c\u00f3mo el diverso patrimonio de las regiones europeas contribuye a un legado cultural compartido. Invita a los ciudadanos a redescubrir sus ra\u00edces a la vez que fomenta el entendimiento intercultural. Al preservar y mejorar el patrimonio cultural y natural de Europa, las rutas apoyan no s\u00f3lo la vitalidad cultural y social, sino tambi\u00e9n el crecimiento econ\u00f3mico sostenible.<\/p>\n<ul>\n<li><span>M\u00e1s informaci\u00f3n en el siguiente <\/span><a href=\"https:\/\/www.interregeurope.eu\/policy-learning-platform\/events\/trails-routes-for-tourism-development\" target=\"_blank\" rel=\"noopener\" data-saferedirecturl=\"https:\/\/www.google.com\/url?q=https:\/\/www.interregeurope.eu\/policy-learning-platform\/events\/trails-routes-for-tourism-development&amp;source=gmail&amp;ust=1758784448322000&amp;usg=AOvVaw2DMcg2ChtOefwghit0gcFN\">enlace<\/a><span>.<\/span><\/li>\n<li>Inscripciones en el siguiente <a href=\"https:\/\/www.interregeurope.eu\/user\/login?destination=\/policy-learning-platform\/events\/trails-routes-for-tourism-development\" target=\"_blank\" rel=\"noopener\" data-saferedirecturl=\"https:\/\/www.google.com\/url?q=https:\/\/www.interregeurope.eu\/user\/login?destination%3D\/policy-learning-platform\/events\/trails-routes-for-tourism-development&amp;source=gmail&amp;ust=1758784448322000&amp;usg=AOvVaw10uTQ-PrfjyqFe9c1uL-AZ\">enlace<\/a>.<\/li>\n<\/ul>\n<p>The post <a href=\"https:\/\/femp-fondos-europa.es\/jornada-on-line-trails-and-routes-for-tourism-development\/\">Jornada On \u2013 line\u00a0Trails and routes for tourism development<\/a> appeared first on <a href=\"https:\/\/femp-fondos-europa.es\/\">Fondos Europeos NG y 2021-2027 &#8211; FEMP<\/a>.<\/p>","protected":false},"excerpt":{"rendered":"<p>10 de octubre 10:30 \u2013 12:00 CEST \u00a0A trav\u00e9s de la\u00a0Plataforma de Pol\u00edticas de Aprendizaje\u00a0tendr\u00e1 lugar el webinar\u00a0Senderos y Rutas para el Desarrollo Sostenible. El patrimonio cultural y natural de Europa abarca paisajes naturales, ciudades hist\u00f3ricas, yacimientos arqueol\u00f3gicos, monumentos, museos, obras de arte e incluso creaciones literarias y musicales. Este patrimonio no solo es fundamental [&hellip;]<\/p>\n","protected":false},"author":5,"featured_media":0,"comment_status":"","ping_status":"","sticky":false,"template":"","format":"standard","meta":{"site-sidebar-layout":"default","site-content-layout":"","ast-site-content-layout":"default","site-content-style":"default","site-sidebar-style":"default","ast-global-header-display":"","ast-banner-title-visibility":"","ast-main-header-display":"","ast-hfb-above-header-display":"","ast-hfb-below-header-display":"","ast-hfb-mobile-header-display":"","site-post-title":"","ast-breadcrumbs-content":"","ast-featured-img":"","footer-sml-layout":"","ast-disable-related-posts":"","theme-transparent-header-meta":"","adv-header-id-meta":"","stick-header-meta":"","header-above-stick-meta":"","header-main-stick-meta":"","header-below-stick-meta":"","astra-migrate-meta-layouts":"default","ast-page-background-enabled":"default","ast-page-background-meta":{"desktop":{"background-color":"var(--ast-global-color-4)","background-image":"","background-repeat":"repeat","background-position":"center center","background-size":"auto","background-attachment":"scroll","background-type":"","background-media":"","overlay-type":"","overlay-color":"","overlay-opacity":"","overlay-gradient":""},"tablet":{"background-color":"","background-image":"","background-repeat":"repeat","background-position":"center center","background-size":"auto","background-attachment":"scroll","background-type":"","background-media":"","overlay-type":"","overlay-color":"","overlay-opacity":"","overlay-gradient":""},"mobile":{"background-color":"","background-image":"","background-repeat":"repeat","background-position":"center center","background-size":"auto","background-attachment":"scroll","background-type":"","background-media":"","overlay-type":"","overlay-color":"","overlay-opacity":"","overlay-gradient":""}},"ast-content-background-meta":{"desktop":{"background-color":"var(--ast-global-color-5)","background-image":"","background-repeat":"repeat","background-position":"center center","background-size":"auto","background-attachment":"scroll","background-type":"","background-media":"","overlay-type":"","overlay-color":"","overlay-opacity":"","overlay-gradient":""},"tablet":{"background-color":"var(--ast-global-color-5)","background-image":"","background-repeat":"repeat","background-position":"center center","background-size":"auto","background-attachment":"scroll","background-type":"","background-media":"","overlay-type":"","overlay-color":"","overlay-opacity":"","overlay-gradient":""},"mobile":{"background-color":"var(--ast-global-color-5)","background-image":"","background-repeat":"repeat","background-position":"center center","background-size":"auto","background-attachment":"scroll","background-type":"","background-media":"","overlay-type":"","overlay-color":"","overlay-opacity":"","overlay-gradient":""}},"footnotes":""},"categories":[8],"tags":[],"class_list":["post-182308","post","type-post","status-publish","format-standard","hentry","category-ayudas-y-subvenciones"],"yoast_head":"<!-- This site is optimized with the Yoast SEO Premium plugin v20.9 (Yoast SEO v27.4) - https:\/\/yoast.com\/product\/yoast-seo-premium-wordpress\/ -->\n<title>Jornada On \u2013 line\u00a0Trails and routes for tourism development - bip4ex<\/title>\n<meta name=\"robots\" content=\"index, follow, max-snippet:-1, max-image-preview:large, max-video-preview:-1\" \/>\n<link rel=\"canonical\" href=\"https:\/\/helloproject.es\/vigilancia\/jornada-on-line-trails-and-routes-for-tourism-development\/\" \/>\n<meta property=\"og:locale\" content=\"es_ES\" \/>\n<meta property=\"og:type\" content=\"article\" \/>\n<meta property=\"og:title\" content=\"Jornada On \u2013 line\u00a0Trails and routes for tourism development\" \/>\n<meta property=\"og:description\" content=\"10 de octubre 10:30 \u2013 12:00 CEST \u00a0A trav\u00e9s de la\u00a0Plataforma de Pol\u00edticas de Aprendizaje\u00a0tendr\u00e1 lugar el webinar\u00a0Senderos y Rutas para el Desarrollo Sostenible. El patrimonio cultural y natural de Europa abarca paisajes naturales, ciudades hist\u00f3ricas, yacimientos arqueol\u00f3gicos, monumentos, museos, obras de arte e incluso creaciones literarias y musicales. Este patrimonio no solo es fundamental [&hellip;]\" \/>\n<meta property=\"og:url\" content=\"https:\/\/helloproject.es\/vigilancia\/jornada-on-line-trails-and-routes-for-tourism-development\/\" \/>\n<meta property=\"og:site_name\" content=\"bip4ex\" \/>\n<meta property=\"article:published_time\" content=\"2025-09-24T09:17:16+00:00\" \/>\n<meta name=\"author\" content=\"Luis Miguel Mej\u00edas Ramos\" \/>\n<meta name=\"twitter:card\" content=\"summary_large_image\" \/>\n<meta name=\"twitter:label1\" content=\"Escrito por\" \/>\n\t<meta name=\"twitter:data1\" content=\"Luis Miguel Mej\u00edas Ramos\" \/>\n\t<meta name=\"twitter:label2\" content=\"Tiempo de lectura\" \/>\n\t<meta name=\"twitter:data2\" content=\"1 minuto\" \/>\n<script type=\"application\/ld+json\" class=\"yoast-schema-graph\">{\"@context\":\"https:\\\/\\\/schema.org\",\"@graph\":[{\"@type\":\"Article\",\"@id\":\"https:\\\/\\\/helloproject.es\\\/vigilancia\\\/jornada-on-line-trails-and-routes-for-tourism-development\\\/#article\",\"isPartOf\":{\"@id\":\"https:\\\/\\\/helloproject.es\\\/vigilancia\\\/jornada-on-line-trails-and-routes-for-tourism-development\\\/\"},\"author\":{\"name\":\"Luis Miguel Mej\u00edas Ramos\",\"@id\":\"https:\\\/\\\/helloproject.es\\\/vigilancia\\\/#\\\/schema\\\/person\\\/3767b0619d59a11570372c821f8619ca\"},\"headline\":\"Jornada On \u2013 line\u00a0Trails and routes for tourism development\",\"datePublished\":\"2025-09-24T09:17:16+00:00\",\"mainEntityOfPage\":{\"@id\":\"https:\\\/\\\/helloproject.es\\\/vigilancia\\\/jornada-on-line-trails-and-routes-for-tourism-development\\\/\"},\"wordCount\":251,\"publisher\":{\"@id\":\"https:\\\/\\\/helloproject.es\\\/vigilancia\\\/#organization\"},\"articleSection\":[\"Ayudas y Subvenciones\"],\"inLanguage\":\"es\"},{\"@type\":\"WebPage\",\"@id\":\"https:\\\/\\\/helloproject.es\\\/vigilancia\\\/jornada-on-line-trails-and-routes-for-tourism-development\\\/\",\"url\":\"https:\\\/\\\/helloproject.es\\\/vigilancia\\\/jornada-on-line-trails-and-routes-for-tourism-development\\\/\",\"name\":\"Jornada On \u2013 line\u00a0Trails and routes for tourism development - bip4ex\",\"isPartOf\":{\"@id\":\"https:\\\/\\\/helloproject.es\\\/vigilancia\\\/#website\"},\"datePublished\":\"2025-09-24T09:17:16+00:00\",\"breadcrumb\":{\"@id\":\"https:\\\/\\\/helloproject.es\\\/vigilancia\\\/jornada-on-line-trails-and-routes-for-tourism-development\\\/#breadcrumb\"},\"inLanguage\":\"es\",\"potentialAction\":[{\"@type\":\"ReadAction\",\"target\":[\"https:\\\/\\\/helloproject.es\\\/vigilancia\\\/jornada-on-line-trails-and-routes-for-tourism-development\\\/\"]}]},{\"@type\":\"BreadcrumbList\",\"@id\":\"https:\\\/\\\/helloproject.es\\\/vigilancia\\\/jornada-on-line-trails-and-routes-for-tourism-development\\\/#breadcrumb\",\"itemListElement\":[{\"@type\":\"ListItem\",\"position\":1,\"name\":\"Home\",\"item\":\"https:\\\/\\\/helloproject.es\\\/vigilancia\\\/\"},{\"@type\":\"ListItem\",\"position\":2,\"name\":\"Jornada On \u2013 line\u00a0Trails and routes for tourism development\"}]},{\"@type\":\"WebSite\",\"@id\":\"https:\\\/\\\/helloproject.es\\\/vigilancia\\\/#website\",\"url\":\"https:\\\/\\\/helloproject.es\\\/vigilancia\\\/\",\"name\":\"bip4ex\",\"description\":\"Vigilancia Tecnol\u00f3gica\",\"publisher\":{\"@id\":\"https:\\\/\\\/helloproject.es\\\/vigilancia\\\/#organization\"},\"potentialAction\":[{\"@type\":\"SearchAction\",\"target\":{\"@type\":\"EntryPoint\",\"urlTemplate\":\"https:\\\/\\\/helloproject.es\\\/vigilancia\\\/?s={search_term_string}\"},\"query-input\":{\"@type\":\"PropertyValueSpecification\",\"valueRequired\":true,\"valueName\":\"search_term_string\"}}],\"inLanguage\":\"es\"},{\"@type\":\"Organization\",\"@id\":\"https:\\\/\\\/helloproject.es\\\/vigilancia\\\/#organization\",\"name\":\"Helloproject.es\",\"url\":\"https:\\\/\\\/helloproject.es\\\/vigilancia\\\/\",\"logo\":{\"@type\":\"ImageObject\",\"inLanguage\":\"es\",\"@id\":\"https:\\\/\\\/helloproject.es\\\/vigilancia\\\/#\\\/schema\\\/logo\\\/image\\\/\",\"url\":\"https:\\\/\\\/helloproject.es\\\/vigilancia\\\/wp-content\\\/uploads\\\/2023\\\/07\\\/bip4ex.png\",\"contentUrl\":\"https:\\\/\\\/helloproject.es\\\/vigilancia\\\/wp-content\\\/uploads\\\/2023\\\/07\\\/bip4ex.png\",\"width\":322,\"height\":365,\"caption\":\"Helloproject.es\"},\"image\":{\"@id\":\"https:\\\/\\\/helloproject.es\\\/vigilancia\\\/#\\\/schema\\\/logo\\\/image\\\/\"}},{\"@type\":\"Person\",\"@id\":\"https:\\\/\\\/helloproject.es\\\/vigilancia\\\/#\\\/schema\\\/person\\\/3767b0619d59a11570372c821f8619ca\",\"name\":\"Luis Miguel Mej\u00edas Ramos\",\"url\":\"https:\\\/\\\/helloproject.es\\\/vigilancia\\\/author\\\/luismi\\\/\"}]}<\/script>\n<!-- \/ Yoast SEO Premium plugin. -->","yoast_head_json":{"title":"Jornada On \u2013 line\u00a0Trails and routes for tourism development - bip4ex","robots":{"index":"index","follow":"follow","max-snippet":"max-snippet:-1","max-image-preview":"max-image-preview:large","max-video-preview":"max-video-preview:-1"},"canonical":"https:\/\/helloproject.es\/vigilancia\/jornada-on-line-trails-and-routes-for-tourism-development\/","og_locale":"es_ES","og_type":"article","og_title":"Jornada On \u2013 line\u00a0Trails and routes for tourism development","og_description":"10 de octubre 10:30 \u2013 12:00 CEST \u00a0A trav\u00e9s de la\u00a0Plataforma de Pol\u00edticas de Aprendizaje\u00a0tendr\u00e1 lugar el webinar\u00a0Senderos y Rutas para el Desarrollo Sostenible. El patrimonio cultural y natural de Europa abarca paisajes naturales, ciudades hist\u00f3ricas, yacimientos arqueol\u00f3gicos, monumentos, museos, obras de arte e incluso creaciones literarias y musicales. Este patrimonio no solo es fundamental [&hellip;]","og_url":"https:\/\/helloproject.es\/vigilancia\/jornada-on-line-trails-and-routes-for-tourism-development\/","og_site_name":"bip4ex","article_published_time":"2025-09-24T09:17:16+00:00","author":"Luis Miguel Mej\u00edas Ramos","twitter_card":"summary_large_image","twitter_misc":{"Escrito por":"Luis Miguel Mej\u00edas Ramos","Tiempo de lectura":"1 minuto"},"schema":{"@context":"https:\/\/schema.org","@graph":[{"@type":"Article","@id":"https:\/\/helloproject.es\/vigilancia\/jornada-on-line-trails-and-routes-for-tourism-development\/#article","isPartOf":{"@id":"https:\/\/helloproject.es\/vigilancia\/jornada-on-line-trails-and-routes-for-tourism-development\/"},"author":{"name":"Luis Miguel Mej\u00edas Ramos","@id":"https:\/\/helloproject.es\/vigilancia\/#\/schema\/person\/3767b0619d59a11570372c821f8619ca"},"headline":"Jornada On \u2013 line\u00a0Trails and routes for tourism development","datePublished":"2025-09-24T09:17:16+00:00","mainEntityOfPage":{"@id":"https:\/\/helloproject.es\/vigilancia\/jornada-on-line-trails-and-routes-for-tourism-development\/"},"wordCount":251,"publisher":{"@id":"https:\/\/helloproject.es\/vigilancia\/#organization"},"articleSection":["Ayudas y Subvenciones"],"inLanguage":"es"},{"@type":"WebPage","@id":"https:\/\/helloproject.es\/vigilancia\/jornada-on-line-trails-and-routes-for-tourism-development\/","url":"https:\/\/helloproject.es\/vigilancia\/jornada-on-line-trails-and-routes-for-tourism-development\/","name":"Jornada On \u2013 line\u00a0Trails and routes for tourism development - bip4ex","isPartOf":{"@id":"https:\/\/helloproject.es\/vigilancia\/#website"},"datePublished":"2025-09-24T09:17:16+00:00","breadcrumb":{"@id":"https:\/\/helloproject.es\/vigilancia\/jornada-on-line-trails-and-routes-for-tourism-development\/#breadcrumb"},"inLanguage":"es","potentialAction":[{"@type":"ReadAction","target":["https:\/\/helloproject.es\/vigilancia\/jornada-on-line-trails-and-routes-for-tourism-development\/"]}]},{"@type":"BreadcrumbList","@id":"https:\/\/helloproject.es\/vigilancia\/jornada-on-line-trails-and-routes-for-tourism-development\/#breadcrumb","itemListElement":[{"@type":"ListItem","position":1,"name":"Home","item":"https:\/\/helloproject.es\/vigilancia\/"},{"@type":"ListItem","position":2,"name":"Jornada On \u2013 line\u00a0Trails and routes for tourism development"}]},{"@type":"WebSite","@id":"https:\/\/helloproject.es\/vigilancia\/#website","url":"https:\/\/helloproject.es\/vigilancia\/","name":"bip4ex","description":"Vigilancia Tecnol\u00f3gica","publisher":{"@id":"https:\/\/helloproject.es\/vigilancia\/#organization"},"potentialAction":[{"@type":"SearchAction","target":{"@type":"EntryPoint","urlTemplate":"https:\/\/helloproject.es\/vigilancia\/?s={search_term_string}"},"query-input":{"@type":"PropertyValueSpecification","valueRequired":true,"valueName":"search_term_string"}}],"inLanguage":"es"},{"@type":"Organization","@id":"https:\/\/helloproject.es\/vigilancia\/#organization","name":"Helloproject.es","url":"https:\/\/helloproject.es\/vigilancia\/","logo":{"@type":"ImageObject","inLanguage":"es","@id":"https:\/\/helloproject.es\/vigilancia\/#\/schema\/logo\/image\/","url":"https:\/\/helloproject.es\/vigilancia\/wp-content\/uploads\/2023\/07\/bip4ex.png","contentUrl":"https:\/\/helloproject.es\/vigilancia\/wp-content\/uploads\/2023\/07\/bip4ex.png","width":322,"height":365,"caption":"Helloproject.es"},"image":{"@id":"https:\/\/helloproject.es\/vigilancia\/#\/schema\/logo\/image\/"}},{"@type":"Person","@id":"https:\/\/helloproject.es\/vigilancia\/#\/schema\/person\/3767b0619d59a11570372c821f8619ca","name":"Luis Miguel Mej\u00edas Ramos","url":"https:\/\/helloproject.es\/vigilancia\/author\/luismi\/"}]}},"_links":{"self":[{"href":"https:\/\/helloproject.es\/vigilancia\/wp-json\/wp\/v2\/posts\/182308","targetHints":{"allow":["GET"]}}],"collection":[{"href":"https:\/\/helloproject.es\/vigilancia\/wp-json\/wp\/v2\/posts"}],"about":[{"href":"https:\/\/helloproject.es\/vigilancia\/wp-json\/wp\/v2\/types\/post"}],"author":[{"embeddable":true,"href":"https:\/\/helloproject.es\/vigilancia\/wp-json\/wp\/v2\/users\/5"}],"replies":[{"embeddable":true,"href":"https:\/\/helloproject.es\/vigilancia\/wp-json\/wp\/v2\/comments?post=182308"}],"version-history":[{"count":0,"href":"https:\/\/helloproject.es\/vigilancia\/wp-json\/wp\/v2\/posts\/182308\/revisions"}],"wp:attachment":[{"href":"https:\/\/helloproject.es\/vigilancia\/wp-json\/wp\/v2\/media?parent=182308"}],"wp:term":[{"taxonomy":"category","embeddable":true,"href":"https:\/\/helloproject.es\/vigilancia\/wp-json\/wp\/v2\/categories?post=182308"},{"taxonomy":"post_tag","embeddable":true,"href":"https:\/\/helloproject.es\/vigilancia\/wp-json\/wp\/v2\/tags?post=182308"}],"curies":[{"name":"wp","href":"https:\/\/api.w.org\/{rel}","templated":true}]}}