{"id":182318,"date":"2025-09-24T19:28:21","date_gmt":"2025-09-24T18:28:21","guid":{"rendered":"https:\/\/helloproject.es\/vigilancia\/la-crisis-climatica-podria-recortar-casi-una-cuarta-parte-del-pib-mundial-per-capita-en-2100\/"},"modified":"2025-09-24T19:28:21","modified_gmt":"2025-09-24T18:28:21","slug":"la-crisis-climatica-podria-recortar-casi-una-cuarta-parte-del-pib-mundial-per-capita-en-2100","status":"publish","type":"post","link":"https:\/\/helloproject.es\/vigilancia\/la-crisis-climatica-podria-recortar-casi-una-cuarta-parte-del-pib-mundial-per-capita-en-2100\/","title":{"rendered":"La crisis clim\u00e1tica podr\u00eda recortar casi una cuarta parte del PIB mundial per c\u00e1pita en 2100"},"content":{"rendered":"<p>En comparaci\u00f3n con un escenario sin calentamiento adicional, el cambio clim\u00e1tico sin control podr\u00eda reducir de forma significativa la actividad econ\u00f3mica global, seg\u00fan un estudio publicado en la revista de acceso abierto PLOS Climate, liderado por Kamiar Mohaddes y Mehdi Raissi, investigadores de la Universidad de Cambridge (Reino Unido).<\/p>\n<p>El trabajo se\u00f1ala que cumplir con los objetivos del Acuerdo de Par\u00eds supondr\u00eda un beneficio econ\u00f3mico global del 0,25 % frente a un escenario en el que las temperaturas contin\u00faan aumentando al ritmo actual.<\/p>\n<p>Aunque la relaci\u00f3n entre cambio clim\u00e1tico y menor crecimiento econ\u00f3mico est\u00e1 ampliamente documentada, las estimaciones sobre la magnitud del impacto difieren seg\u00fan la metodolog\u00eda empleada en los modelos clim\u00e1ticos y econ\u00f3micos.<\/p>\n<p><a><\/a><\/p>\n<h2>An\u00e1lisis global con datos de 174 pa\u00edses<\/h2>\n<p>Los cient\u00edficos analizaron c\u00f3mo el aumento continuo de la temperatura entre 2015 y 2100 podr\u00eda afectar a las p\u00e9rdidas anuales del PIB per c\u00e1pita en <a href=\"http:\/\/files.econ.cam.ac.uk\/people-files\/faculty\/km418\/Annual_Country_Specific_Income_Loss_Estimates_of_SSP_Scenarios.xlsx\" target=\"_blank\">174 pa\u00edses<\/a>. Para ello emplearon proyecciones del <a href=\"https:\/\/www.ipcc.ch\/\" target=\"_blank\">Panel Internacional sobre el Cambio Clim\u00e1tico<\/a> (IPCC), que contemplan distintos ritmos de calentamiento, grados de variabilidad clim\u00e1tica y niveles de mitigaci\u00f3n y adaptaci\u00f3n.<\/p>\n<p>Las proyecciones se compararon con dos escenarios de referencia: uno en el que las temperaturas siguen las tendencias observadas entre 1960 y 2014, y otro hipot\u00e9tico sin m\u00e1s calentamiento.<\/p>\n<p>Las proyecciones se compararon con dos escenarios de referencia: uno en el que las temperaturas siguen las tendencias observadas entre 1960 y 2014, y otro hipot\u00e9tico sin m\u00e1s calentamiento<\/p>\n<p>Los resultados muestran que, si la temperatura media global contin\u00faa aumentando 0,04 \u00baC por a\u00f1o con escasas medidas de mitigaci\u00f3n o adaptaci\u00f3n, el PIB per c\u00e1pita mundial podr\u00eda caer entre un 10 y un 11 % para 2100.<\/p>\n<p>La variabilidad clim\u00e1tica natural elevar\u00eda estas p\u00e9rdidas hasta el 12 % al 14 %. En el escenario de emisiones m\u00e1s extremo, las p\u00e9rdidas alcanzar\u00edan entre el 20 y el 24 % en comparaci\u00f3n con el escenario de \u201cno m\u00e1s calentamiento\u201d.<\/p>\n<p><a><\/a><\/p>\n<h2>Ning\u00fan pa\u00eds es inmune<\/h2>\n<p>El impacto no ser\u00eda uniforme: los pa\u00edses m\u00e1s c\u00e1lidos y con menores ingresos soportar\u00edan ca\u00eddas entre un 30 % y un 60 % superiores al promedio global.<\/p>\n<p>Aunque la adaptaci\u00f3n no puede anular del todo los efectos del cambio clim\u00e1tico, los autores destacan su papel en reducir las p\u00e9rdidas. Adem\u00e1s, cumplir con los <a href=\"https:\/\/unfccc.int\/process-and-meetings\/the-paris-agreement\" target=\"_blank\">objetivos del Acuerdo de Par\u00eds de 2015<\/a> \u2014limitar el aumento de la temperatura a 0,01 \u00baC por a\u00f1o\u2014 generar\u00eda una ganancia econ\u00f3mica global de alrededor del 0,25 % respecto al escenario de tendencias hist\u00f3ricas.<\/p>\n<p>Aunque la adaptaci\u00f3n no puede anular del todo los efectos del cambio clim\u00e1tico, los autores destacan su papel en reducir las p\u00e9rdidas<\/p>\n<p>Los investigadores, argumentan: \u00abRetroceda menos de una d\u00e9cada y la mayor\u00eda de los economistas argumentar\u00edan que el cambio clim\u00e1tico era algo de lo que solo los pa\u00edses m\u00e1s c\u00e1lidos del sur deb\u00edan preocuparse. Hemos desafiado esta suposici\u00f3n: en una serie de trabajos hemos demostrado que el cambio clim\u00e1tico reduce los ingresos en todos los pa\u00edses, calientes y fr\u00edos, ricos y pobres por igual, y afectar\u00e1 a industrias que van desde el transporte hasta la manufactura y el comercio minorista, no solo a la agricultura y otros sectores com\u00fanmente asociados con la naturaleza\u00bb,<\/p>\n<p>\u00abNing\u00fan pa\u00eds es inmune al impacto del cambio clim\u00e1tico si no se reducen las emisiones de gases de efecto invernadero. Se necesitan medidas urgentes para abordar el cambio clim\u00e1tico y proteger a las econom\u00edas de nuevas p\u00e9rdidas de ingresos\u00bb, concluyen.<\/p>\n<p>Referencia:<\/p>\n<p>Mohaddes K, Raissi M. \u201cRising temperatures, melting incomes: Country-specific macroeconomic effects of climate scenarios\u201d.\u00a0<a href=\"https:\/\/doi.org\/10.1371\/journal.pclm.0000621\" target=\"_blank\">PLoS Clim<\/a>.\u00a0<\/p>","protected":false},"excerpt":{"rendered":"<p>En comparaci\u00f3n con un escenario sin calentamiento adicional, el cambio clim\u00e1tico sin control podr\u00eda reducir de forma significativa la actividad econ\u00f3mica global, seg\u00fan un estudio publicado en la revista de acceso abierto PLOS Climate, liderado por Kamiar Mohaddes y Mehdi Raissi, investigadores de la Universidad de Cambridge (Reino Unido). El trabajo se\u00f1ala que cumplir con [&hellip;]<\/p>\n","protected":false},"author":5,"featured_media":0,"comment_status":"","ping_status":"","sticky":false,"template":"","format":"standard","meta":{"site-sidebar-layout":"default","site-content-layout":"","ast-site-content-layout":"default","site-content-style":"default","site-sidebar-style":"default","ast-global-header-display":"","ast-banner-title-visibility":"","ast-main-header-display":"","ast-hfb-above-header-display":"","ast-hfb-below-header-display":"","ast-hfb-mobile-header-display":"","site-post-title":"","ast-breadcrumbs-content":"","ast-featured-img":"","footer-sml-layout":"","ast-disable-related-posts":"","theme-transparent-header-meta":"","adv-header-id-meta":"","stick-header-meta":"","header-above-stick-meta":"","header-main-stick-meta":"","header-below-stick-meta":"","astra-migrate-meta-layouts":"default","ast-page-background-enabled":"default","ast-page-background-meta":{"desktop":{"background-color":"var(--ast-global-color-4)","background-image":"","background-repeat":"repeat","background-position":"center center","background-size":"auto","background-attachment":"scroll","background-type":"","background-media":"","overlay-type":"","overlay-color":"","overlay-opacity":"","overlay-gradient":""},"tablet":{"background-color":"","background-image":"","background-repeat":"repeat","background-position":"center center","background-size":"auto","background-attachment":"scroll","background-type":"","background-media":"","overlay-type":"","overlay-color":"","overlay-opacity":"","overlay-gradient":""},"mobile":{"background-color":"","background-image":"","background-repeat":"repeat","background-position":"center center","background-size":"auto","background-attachment":"scroll","background-type":"","background-media":"","overlay-type":"","overlay-color":"","overlay-opacity":"","overlay-gradient":""}},"ast-content-background-meta":{"desktop":{"background-color":"var(--ast-global-color-5)","background-image":"","background-repeat":"repeat","background-position":"center center","background-size":"auto","background-attachment":"scroll","background-type":"","background-media":"","overlay-type":"","overlay-color":"","overlay-opacity":"","overlay-gradient":""},"tablet":{"background-color":"var(--ast-global-color-5)","background-image":"","background-repeat":"repeat","background-position":"center center","background-size":"auto","background-attachment":"scroll","background-type":"","background-media":"","overlay-type":"","overlay-color":"","overlay-opacity":"","overlay-gradient":""},"mobile":{"background-color":"var(--ast-global-color-5)","background-image":"","background-repeat":"repeat","background-position":"center center","background-size":"auto","background-attachment":"scroll","background-type":"","background-media":"","overlay-type":"","overlay-color":"","overlay-opacity":"","overlay-gradient":""}},"footnotes":""},"categories":[5],"tags":[],"class_list":["post-182318","post","type-post","status-publish","format-standard","hentry","category-noticias"],"yoast_head":"<!-- This site is optimized with the Yoast SEO Premium plugin v20.9 (Yoast SEO v27.4) - https:\/\/yoast.com\/product\/yoast-seo-premium-wordpress\/ -->\n<title>La crisis clim\u00e1tica podr\u00eda recortar casi una cuarta parte del PIB mundial per c\u00e1pita en 2100 - bip4ex<\/title>\n<meta name=\"robots\" content=\"index, follow, max-snippet:-1, max-image-preview:large, max-video-preview:-1\" \/>\n<link rel=\"canonical\" href=\"https:\/\/helloproject.es\/vigilancia\/la-crisis-climatica-podria-recortar-casi-una-cuarta-parte-del-pib-mundial-per-capita-en-2100\/\" \/>\n<meta property=\"og:locale\" content=\"es_ES\" \/>\n<meta property=\"og:type\" content=\"article\" \/>\n<meta property=\"og:title\" content=\"La crisis clim\u00e1tica podr\u00eda recortar casi una cuarta parte del PIB mundial per c\u00e1pita en 2100\" \/>\n<meta property=\"og:description\" content=\"En comparaci\u00f3n con un escenario sin calentamiento adicional, el cambio clim\u00e1tico sin control podr\u00eda reducir de forma significativa la actividad econ\u00f3mica global, seg\u00fan un estudio publicado en la revista de acceso abierto PLOS Climate, liderado por Kamiar Mohaddes y Mehdi Raissi, investigadores de la Universidad de Cambridge (Reino Unido). El trabajo se\u00f1ala que cumplir con [&hellip;]\" \/>\n<meta property=\"og:url\" content=\"https:\/\/helloproject.es\/vigilancia\/la-crisis-climatica-podria-recortar-casi-una-cuarta-parte-del-pib-mundial-per-capita-en-2100\/\" \/>\n<meta property=\"og:site_name\" content=\"bip4ex\" \/>\n<meta property=\"article:published_time\" content=\"2025-09-24T18:28:21+00:00\" \/>\n<meta name=\"author\" content=\"Luis Miguel Mej\u00edas Ramos\" \/>\n<meta name=\"twitter:card\" content=\"summary_large_image\" \/>\n<meta name=\"twitter:label1\" content=\"Escrito por\" \/>\n\t<meta name=\"twitter:data1\" content=\"Luis Miguel Mej\u00edas Ramos\" \/>\n\t<meta name=\"twitter:label2\" content=\"Tiempo de lectura\" \/>\n\t<meta name=\"twitter:data2\" content=\"3 minutos\" \/>\n<script type=\"application\/ld+json\" class=\"yoast-schema-graph\">{\"@context\":\"https:\\\/\\\/schema.org\",\"@graph\":[{\"@type\":\"Article\",\"@id\":\"https:\\\/\\\/helloproject.es\\\/vigilancia\\\/la-crisis-climatica-podria-recortar-casi-una-cuarta-parte-del-pib-mundial-per-capita-en-2100\\\/#article\",\"isPartOf\":{\"@id\":\"https:\\\/\\\/helloproject.es\\\/vigilancia\\\/la-crisis-climatica-podria-recortar-casi-una-cuarta-parte-del-pib-mundial-per-capita-en-2100\\\/\"},\"author\":{\"name\":\"Luis Miguel Mej\u00edas Ramos\",\"@id\":\"https:\\\/\\\/helloproject.es\\\/vigilancia\\\/#\\\/schema\\\/person\\\/3767b0619d59a11570372c821f8619ca\"},\"headline\":\"La crisis clim\u00e1tica podr\u00eda recortar casi una cuarta parte del PIB mundial per c\u00e1pita en 2100\",\"datePublished\":\"2025-09-24T18:28:21+00:00\",\"mainEntityOfPage\":{\"@id\":\"https:\\\/\\\/helloproject.es\\\/vigilancia\\\/la-crisis-climatica-podria-recortar-casi-una-cuarta-parte-del-pib-mundial-per-capita-en-2100\\\/\"},\"wordCount\":648,\"publisher\":{\"@id\":\"https:\\\/\\\/helloproject.es\\\/vigilancia\\\/#organization\"},\"articleSection\":[\"Noticias\"],\"inLanguage\":\"es\"},{\"@type\":\"WebPage\",\"@id\":\"https:\\\/\\\/helloproject.es\\\/vigilancia\\\/la-crisis-climatica-podria-recortar-casi-una-cuarta-parte-del-pib-mundial-per-capita-en-2100\\\/\",\"url\":\"https:\\\/\\\/helloproject.es\\\/vigilancia\\\/la-crisis-climatica-podria-recortar-casi-una-cuarta-parte-del-pib-mundial-per-capita-en-2100\\\/\",\"name\":\"La crisis clim\u00e1tica podr\u00eda recortar casi una cuarta parte del PIB mundial per c\u00e1pita en 2100 - bip4ex\",\"isPartOf\":{\"@id\":\"https:\\\/\\\/helloproject.es\\\/vigilancia\\\/#website\"},\"datePublished\":\"2025-09-24T18:28:21+00:00\",\"breadcrumb\":{\"@id\":\"https:\\\/\\\/helloproject.es\\\/vigilancia\\\/la-crisis-climatica-podria-recortar-casi-una-cuarta-parte-del-pib-mundial-per-capita-en-2100\\\/#breadcrumb\"},\"inLanguage\":\"es\",\"potentialAction\":[{\"@type\":\"ReadAction\",\"target\":[\"https:\\\/\\\/helloproject.es\\\/vigilancia\\\/la-crisis-climatica-podria-recortar-casi-una-cuarta-parte-del-pib-mundial-per-capita-en-2100\\\/\"]}]},{\"@type\":\"BreadcrumbList\",\"@id\":\"https:\\\/\\\/helloproject.es\\\/vigilancia\\\/la-crisis-climatica-podria-recortar-casi-una-cuarta-parte-del-pib-mundial-per-capita-en-2100\\\/#breadcrumb\",\"itemListElement\":[{\"@type\":\"ListItem\",\"position\":1,\"name\":\"Home\",\"item\":\"https:\\\/\\\/helloproject.es\\\/vigilancia\\\/\"},{\"@type\":\"ListItem\",\"position\":2,\"name\":\"La crisis clim\u00e1tica podr\u00eda recortar casi una cuarta parte del PIB mundial per c\u00e1pita en 2100\"}]},{\"@type\":\"WebSite\",\"@id\":\"https:\\\/\\\/helloproject.es\\\/vigilancia\\\/#website\",\"url\":\"https:\\\/\\\/helloproject.es\\\/vigilancia\\\/\",\"name\":\"bip4ex\",\"description\":\"Vigilancia Tecnol\u00f3gica\",\"publisher\":{\"@id\":\"https:\\\/\\\/helloproject.es\\\/vigilancia\\\/#organization\"},\"potentialAction\":[{\"@type\":\"SearchAction\",\"target\":{\"@type\":\"EntryPoint\",\"urlTemplate\":\"https:\\\/\\\/helloproject.es\\\/vigilancia\\\/?s={search_term_string}\"},\"query-input\":{\"@type\":\"PropertyValueSpecification\",\"valueRequired\":true,\"valueName\":\"search_term_string\"}}],\"inLanguage\":\"es\"},{\"@type\":\"Organization\",\"@id\":\"https:\\\/\\\/helloproject.es\\\/vigilancia\\\/#organization\",\"name\":\"Helloproject.es\",\"url\":\"https:\\\/\\\/helloproject.es\\\/vigilancia\\\/\",\"logo\":{\"@type\":\"ImageObject\",\"inLanguage\":\"es\",\"@id\":\"https:\\\/\\\/helloproject.es\\\/vigilancia\\\/#\\\/schema\\\/logo\\\/image\\\/\",\"url\":\"https:\\\/\\\/helloproject.es\\\/vigilancia\\\/wp-content\\\/uploads\\\/2023\\\/07\\\/bip4ex.png\",\"contentUrl\":\"https:\\\/\\\/helloproject.es\\\/vigilancia\\\/wp-content\\\/uploads\\\/2023\\\/07\\\/bip4ex.png\",\"width\":322,\"height\":365,\"caption\":\"Helloproject.es\"},\"image\":{\"@id\":\"https:\\\/\\\/helloproject.es\\\/vigilancia\\\/#\\\/schema\\\/logo\\\/image\\\/\"}},{\"@type\":\"Person\",\"@id\":\"https:\\\/\\\/helloproject.es\\\/vigilancia\\\/#\\\/schema\\\/person\\\/3767b0619d59a11570372c821f8619ca\",\"name\":\"Luis Miguel Mej\u00edas Ramos\",\"url\":\"https:\\\/\\\/helloproject.es\\\/vigilancia\\\/author\\\/luismi\\\/\"}]}<\/script>\n<!-- \/ Yoast SEO Premium plugin. -->","yoast_head_json":{"title":"La crisis clim\u00e1tica podr\u00eda recortar casi una cuarta parte del PIB mundial per c\u00e1pita en 2100 - bip4ex","robots":{"index":"index","follow":"follow","max-snippet":"max-snippet:-1","max-image-preview":"max-image-preview:large","max-video-preview":"max-video-preview:-1"},"canonical":"https:\/\/helloproject.es\/vigilancia\/la-crisis-climatica-podria-recortar-casi-una-cuarta-parte-del-pib-mundial-per-capita-en-2100\/","og_locale":"es_ES","og_type":"article","og_title":"La crisis clim\u00e1tica podr\u00eda recortar casi una cuarta parte del PIB mundial per c\u00e1pita en 2100","og_description":"En comparaci\u00f3n con un escenario sin calentamiento adicional, el cambio clim\u00e1tico sin control podr\u00eda reducir de forma significativa la actividad econ\u00f3mica global, seg\u00fan un estudio publicado en la revista de acceso abierto PLOS Climate, liderado por Kamiar Mohaddes y Mehdi Raissi, investigadores de la Universidad de Cambridge (Reino Unido). El trabajo se\u00f1ala que cumplir con [&hellip;]","og_url":"https:\/\/helloproject.es\/vigilancia\/la-crisis-climatica-podria-recortar-casi-una-cuarta-parte-del-pib-mundial-per-capita-en-2100\/","og_site_name":"bip4ex","article_published_time":"2025-09-24T18:28:21+00:00","author":"Luis Miguel Mej\u00edas Ramos","twitter_card":"summary_large_image","twitter_misc":{"Escrito por":"Luis Miguel Mej\u00edas Ramos","Tiempo de lectura":"3 minutos"},"schema":{"@context":"https:\/\/schema.org","@graph":[{"@type":"Article","@id":"https:\/\/helloproject.es\/vigilancia\/la-crisis-climatica-podria-recortar-casi-una-cuarta-parte-del-pib-mundial-per-capita-en-2100\/#article","isPartOf":{"@id":"https:\/\/helloproject.es\/vigilancia\/la-crisis-climatica-podria-recortar-casi-una-cuarta-parte-del-pib-mundial-per-capita-en-2100\/"},"author":{"name":"Luis Miguel Mej\u00edas Ramos","@id":"https:\/\/helloproject.es\/vigilancia\/#\/schema\/person\/3767b0619d59a11570372c821f8619ca"},"headline":"La crisis clim\u00e1tica podr\u00eda recortar casi una cuarta parte del PIB mundial per c\u00e1pita en 2100","datePublished":"2025-09-24T18:28:21+00:00","mainEntityOfPage":{"@id":"https:\/\/helloproject.es\/vigilancia\/la-crisis-climatica-podria-recortar-casi-una-cuarta-parte-del-pib-mundial-per-capita-en-2100\/"},"wordCount":648,"publisher":{"@id":"https:\/\/helloproject.es\/vigilancia\/#organization"},"articleSection":["Noticias"],"inLanguage":"es"},{"@type":"WebPage","@id":"https:\/\/helloproject.es\/vigilancia\/la-crisis-climatica-podria-recortar-casi-una-cuarta-parte-del-pib-mundial-per-capita-en-2100\/","url":"https:\/\/helloproject.es\/vigilancia\/la-crisis-climatica-podria-recortar-casi-una-cuarta-parte-del-pib-mundial-per-capita-en-2100\/","name":"La crisis clim\u00e1tica podr\u00eda recortar casi una cuarta parte del PIB mundial per c\u00e1pita en 2100 - bip4ex","isPartOf":{"@id":"https:\/\/helloproject.es\/vigilancia\/#website"},"datePublished":"2025-09-24T18:28:21+00:00","breadcrumb":{"@id":"https:\/\/helloproject.es\/vigilancia\/la-crisis-climatica-podria-recortar-casi-una-cuarta-parte-del-pib-mundial-per-capita-en-2100\/#breadcrumb"},"inLanguage":"es","potentialAction":[{"@type":"ReadAction","target":["https:\/\/helloproject.es\/vigilancia\/la-crisis-climatica-podria-recortar-casi-una-cuarta-parte-del-pib-mundial-per-capita-en-2100\/"]}]},{"@type":"BreadcrumbList","@id":"https:\/\/helloproject.es\/vigilancia\/la-crisis-climatica-podria-recortar-casi-una-cuarta-parte-del-pib-mundial-per-capita-en-2100\/#breadcrumb","itemListElement":[{"@type":"ListItem","position":1,"name":"Home","item":"https:\/\/helloproject.es\/vigilancia\/"},{"@type":"ListItem","position":2,"name":"La crisis clim\u00e1tica podr\u00eda recortar casi una cuarta parte del PIB mundial per c\u00e1pita en 2100"}]},{"@type":"WebSite","@id":"https:\/\/helloproject.es\/vigilancia\/#website","url":"https:\/\/helloproject.es\/vigilancia\/","name":"bip4ex","description":"Vigilancia Tecnol\u00f3gica","publisher":{"@id":"https:\/\/helloproject.es\/vigilancia\/#organization"},"potentialAction":[{"@type":"SearchAction","target":{"@type":"EntryPoint","urlTemplate":"https:\/\/helloproject.es\/vigilancia\/?s={search_term_string}"},"query-input":{"@type":"PropertyValueSpecification","valueRequired":true,"valueName":"search_term_string"}}],"inLanguage":"es"},{"@type":"Organization","@id":"https:\/\/helloproject.es\/vigilancia\/#organization","name":"Helloproject.es","url":"https:\/\/helloproject.es\/vigilancia\/","logo":{"@type":"ImageObject","inLanguage":"es","@id":"https:\/\/helloproject.es\/vigilancia\/#\/schema\/logo\/image\/","url":"https:\/\/helloproject.es\/vigilancia\/wp-content\/uploads\/2023\/07\/bip4ex.png","contentUrl":"https:\/\/helloproject.es\/vigilancia\/wp-content\/uploads\/2023\/07\/bip4ex.png","width":322,"height":365,"caption":"Helloproject.es"},"image":{"@id":"https:\/\/helloproject.es\/vigilancia\/#\/schema\/logo\/image\/"}},{"@type":"Person","@id":"https:\/\/helloproject.es\/vigilancia\/#\/schema\/person\/3767b0619d59a11570372c821f8619ca","name":"Luis Miguel Mej\u00edas Ramos","url":"https:\/\/helloproject.es\/vigilancia\/author\/luismi\/"}]}},"_links":{"self":[{"href":"https:\/\/helloproject.es\/vigilancia\/wp-json\/wp\/v2\/posts\/182318","targetHints":{"allow":["GET"]}}],"collection":[{"href":"https:\/\/helloproject.es\/vigilancia\/wp-json\/wp\/v2\/posts"}],"about":[{"href":"https:\/\/helloproject.es\/vigilancia\/wp-json\/wp\/v2\/types\/post"}],"author":[{"embeddable":true,"href":"https:\/\/helloproject.es\/vigilancia\/wp-json\/wp\/v2\/users\/5"}],"replies":[{"embeddable":true,"href":"https:\/\/helloproject.es\/vigilancia\/wp-json\/wp\/v2\/comments?post=182318"}],"version-history":[{"count":0,"href":"https:\/\/helloproject.es\/vigilancia\/wp-json\/wp\/v2\/posts\/182318\/revisions"}],"wp:attachment":[{"href":"https:\/\/helloproject.es\/vigilancia\/wp-json\/wp\/v2\/media?parent=182318"}],"wp:term":[{"taxonomy":"category","embeddable":true,"href":"https:\/\/helloproject.es\/vigilancia\/wp-json\/wp\/v2\/categories?post=182318"},{"taxonomy":"post_tag","embeddable":true,"href":"https:\/\/helloproject.es\/vigilancia\/wp-json\/wp\/v2\/tags?post=182318"}],"curies":[{"name":"wp","href":"https:\/\/api.w.org\/{rel}","templated":true}]}}