{"id":182334,"date":"2025-09-25T07:28:14","date_gmt":"2025-09-25T06:28:14","guid":{"rendered":"https:\/\/helloproject.es\/vigilancia\/por-que-recordamos-algunos-momentos-y-no-otros\/"},"modified":"2025-09-25T07:28:14","modified_gmt":"2025-09-25T06:28:14","slug":"por-que-recordamos-algunos-momentos-y-no-otros","status":"publish","type":"post","link":"https:\/\/helloproject.es\/vigilancia\/por-que-recordamos-algunos-momentos-y-no-otros\/","title":{"rendered":"\u00bfPor qu\u00e9 recordamos algunos momentos y no otros?"},"content":{"rendered":"<p>Los recuerdos no se conservan de la misma manera. Algunos se evocan con facilidad, llenos de detalles, casi tan vivos como el instante original. Otros resultan borrosos y los m\u00e1s esquivos se niegan a reaparecer. \u00bfPor qu\u00e9 el cerebro fija con tanta fuerza ciertos momentos y olvida otros?<\/p>\n<p>Un nuevo estudio de la Universidad de Boston (EE UU) ofrece una posible respuesta. Sugiere que los recuerdos de momentos rutinarios adquieren m\u00e1s fuerza cuando se asocian a un hecho significativo: algo sorprendente, gratificante o con carga emocional. Si un d\u00eda nos tocara un premio de loter\u00eda, probablemente recordar\u00edamos qu\u00e9 est\u00e1bamos haciendo instantes antes, aunque fueran cosas anodinas y poco memorables.<\/p>\n<p>Los resultados del trabajo, publicados en Science Advances, podr\u00edan derivar en tratamientos para personas con problemas de memoria o ayudar a estudiantes a retener conceptos complejos, seg\u00fan los autores.<\/p>\n<p><img decoding=\"async\" src=\"https:\/\/www.agenciasinc.es\/bundles\/app\/images\/quotebefore.png\" \/><\/p>\n<p>La memoria no es un simple dispositivo de grabaci\u00f3n pasiva: nuestro cerebro decide qu\u00e9 importa, y los eventos emocionales pueden retroceder en el tiempo para estabilizar recuerdos fr\u00e1giles<\/p>\n<p>Robert M. G. Reinhart (Universidad de Boston)<br \/>\n<img decoding=\"async\" src=\"https:\/\/www.agenciasinc.es\/bundles\/app\/images\/quoteafter.png\" \/><\/p>\n<p>\u201cLa memoria no es un simple dispositivo de grabaci\u00f3n pasiva: nuestro cerebro decide qu\u00e9 importa, y los eventos emocionales pueden retroceder en el tiempo para estabilizar recuerdos fr\u00e1giles\u201d, explica Robert M. G. Reinhart, profesor asociado de ciencias psicol\u00f3gicas y cerebrales en la Facultad de Artes y Ciencias de la Universidad de Boston.<\/p>\n<p><a><\/a><\/p>\n<h2>Reforzar recuerdos \u00fatiles y debilitar los da\u00f1inos<\/h2>\n<p>\u201cDesarrollar estrategias para reforzar recuerdos \u00fatiles o debilitar los da\u00f1inos ha sido un objetivo constante en la neurociencia cognitiva. Nuestro estudio sugiere que la relevancia emocional podr\u00eda aprovecharse de manera precisa para lograr esos fines\u201d; comenta\u00a0Reinhart.<\/p>\n<p>En su art\u00edculo, \u00e9l y sus colegas exponen el ejemplo de una persona que recorre el Parque Nacional de Yellowstone y se topa con una manada de bisontes. El asombro de ese instante no solo fijar\u00eda en la memoria esa vivencia extraordinaria, sino tambi\u00e9n muchas peque\u00f1as experiencias asociadas: una piedra en el camino o un animal escabull\u00e9ndose entre los arbustos.<\/p>\n<p><img decoding=\"async\" src=\"https:\/\/www.agenciasinc.es\/bundles\/app\/images\/quotebefore.png\" \/><\/p>\n<p>\u00a0Intentamos descubrir c\u00f3mo el cerebro refuerza de forma selectiva los recuerdos fr\u00e1giles<\/p>\n<p>Robert M. G. Reinhart<br \/>\n<img decoding=\"async\" src=\"https:\/\/www.agenciasinc.es\/bundles\/app\/images\/quoteafter.png\" \/><\/p>\n<p>\u201cLa pregunta es: \u00bfcu\u00e1les son los mecanismos que lo permiten?\u201d, dice Reinhart, tambi\u00e9n profesor asociado de ingenier\u00eda biom\u00e9dica y miembro del Centro de Neurociencia de Sistemas de la Universidad de Boston. \u201cEso intentamos descubrir: c\u00f3mo el cerebro refuerza de forma selectiva esos recuerdos fr\u00e1giles\u201d.<\/p>\n<p><a><\/a><\/p>\n<h2>El papel de los momentos especiales<\/h2>\n<p>Aunque es sabido que los momentos especiales ocupan un lugar privilegiado en nuestra memoria, los autores han estado divididos sobre dos conceptos: la mejora retroactiva y la proactiva de la memoria, que se refieren a la prioridad que reciben los recuerdos inmediatamente anteriores o posteriores a un hecho destacado. Estudios previos no coincid\u00edan en si los recuerdos m\u00e1s d\u00e9biles se consolidaban al vincularse a otro m\u00e1s importante.<\/p>\n<p>Reinhart afirma que este nuevo proyecto, con cerca de 650 participantes, diez estudios individuales y el uso de inteligencia artificial para analizar un conjunto m\u00e1s amplio de datos, es el primero que demuestra de manera concluyente que esa mejora de la memoria s\u00ed ocurre.<\/p>\n<p>A diferencia de trabajos anteriores, el equipo hall\u00f3 que el cerebro utiliza una escala gradual para decidir qu\u00e9 conservar<\/p>\n<p>A diferencia de trabajos anteriores, el equipo hall\u00f3 que el cerebro utiliza una escala gradual para decidir qu\u00e9 conservar. Muchos de los experimentos consistieron en mostrar a los participantes decenas de im\u00e1genes, asociadas a distintos niveles de recompensa, para luego someterlos a una prueba sorpresa de memoria al d\u00eda siguiente.<\/p>\n<p><a><\/a><\/p>\n<h2>Priorizaci\u00f3n gradual<\/h2>\n<p>En cuanto a los recuerdos posteriores a un evento, los proactivos, la fuerza de evocaci\u00f3n parec\u00eda depender del impacto emocional del momento destacado: cuanto m\u00e1s duradero era este, m\u00e1s probable resultaba que todo lo que vino despu\u00e9s se recordara. Con los retroactivos no ocurr\u00eda lo mismo. Estos se consolidaban con mayor probabilidad cuando compart\u00edan alg\u00fan rasgo con el evento principal, como un color coincidente. Seg\u00fan Reinhart, es la primera validaci\u00f3n en humanos de la \u201cpriorizaci\u00f3n gradual, un nuevo principio de c\u00f3mo el cerebro consolida las experiencias cotidianas\u201d.<\/p>\n<p>\u201cPor primera vez mostramos evidencia clara de que el cerebro rescata recuerdos d\u00e9biles de manera gradual, guiado por su similitud con los eventos emocionales\u201d, afirma Chenyang (Leo) Lin, primer autor del art\u00edculo y doctorando en el laboratorio de Reinhart. \u201cNo solo importa el momento, tambi\u00e9n la coincidencia conceptual\u201d.<\/p>\n<p>Los investigadores observaron adem\u00e1s que, si los recuerdos secundarios ten\u00edan carga emocional propia, el efecto de refuerzo se reduc\u00eda. \u201cEl cerebro parece priorizar recuerdos fr\u00e1giles que de otro modo desaparecer\u00edan\u201d, apunta Reinhart, que ha publicado numerosos trabajos de gran impacto sobre el funcionamiento de la memoria. Gran parte de su investigaci\u00f3n incluye el uso de estimulaci\u00f3n cerebral con t\u00e9cnicas no invasivas para mejorar la memoria en adultos mayores o reducir conductas obsesivo-compulsivas.<\/p>\n<p><a><\/a><\/p>\n<h2>Recuerdos y mejora de resultados acad\u00e9micos<\/h2>\n<p>Aunque el nuevo estudio se centr\u00f3 en identificar un mecanismo b\u00e1sico de codificaci\u00f3n de la memoria, Reinhart afirma que los hallazgos podr\u00edan servir de base para estudios cl\u00ednicos y aplicaciones pr\u00e1cticas.<\/p>\n<p>En educaci\u00f3n, vincular material emocionalmente atractivo con conceptos fr\u00e1giles podr\u00eda mejorar la retenci\u00f3n<\/p>\n<p>\u201cEl descubrimiento tiene amplias implicaciones tanto te\u00f3ricas como pr\u00e1cticas\u201d, asegura. \u201cEn educaci\u00f3n, vincular material emocionalmente atractivo con conceptos fr\u00e1giles podr\u00eda mejorar la retenci\u00f3n. En un entorno cl\u00ednico, ser\u00eda posible rescatar recuerdos debilitados por el envejecimiento normal. Tambi\u00e9n se puede aplicar lo contrario en personas con trastornos relacionados con el trauma: tal vez no convenga rescatar un recuerdo angustiante\u201d.<\/p>\n<p>La investigaci\u00f3n de Reinhart cuenta con financiaci\u00f3n de los Institutos Nacionales de Salud de EE UU, la Fundaci\u00f3n Internacional de Trastorno Obsesivo-Compulsivo, la Fundaci\u00f3n AE Research y aportaciones filantr\u00f3picas.<\/p>\n<p>Referencia:<\/p>\n<p>Chenyang (Leo) Lin et al.\u00a0\u201cSalient experiences enhance mundane memories through graded prioritization\u201d.\u00a0<a href=\"https:\/\/www.agenciasinc.es\/esl\/Noticias\/10.1126\/sciadv.ady1704\" target=\"_blank\">Science Advances<\/a>, 2025.\u00a0<\/p>","protected":false},"excerpt":{"rendered":"<p>Los recuerdos no se conservan de la misma manera. Algunos se evocan con facilidad, llenos de detalles, casi tan vivos como el instante original. Otros resultan borrosos y los m\u00e1s esquivos se niegan a reaparecer. \u00bfPor qu\u00e9 el cerebro fija con tanta fuerza ciertos momentos y olvida otros? Un nuevo estudio de la Universidad de [&hellip;]<\/p>\n","protected":false},"author":5,"featured_media":0,"comment_status":"","ping_status":"","sticky":false,"template":"","format":"standard","meta":{"site-sidebar-layout":"default","site-content-layout":"","ast-site-content-layout":"default","site-content-style":"default","site-sidebar-style":"default","ast-global-header-display":"","ast-banner-title-visibility":"","ast-main-header-display":"","ast-hfb-above-header-display":"","ast-hfb-below-header-display":"","ast-hfb-mobile-header-display":"","site-post-title":"","ast-breadcrumbs-content":"","ast-featured-img":"","footer-sml-layout":"","ast-disable-related-posts":"","theme-transparent-header-meta":"","adv-header-id-meta":"","stick-header-meta":"","header-above-stick-meta":"","header-main-stick-meta":"","header-below-stick-meta":"","astra-migrate-meta-layouts":"default","ast-page-background-enabled":"default","ast-page-background-meta":{"desktop":{"background-color":"var(--ast-global-color-4)","background-image":"","background-repeat":"repeat","background-position":"center center","background-size":"auto","background-attachment":"scroll","background-type":"","background-media":"","overlay-type":"","overlay-color":"","overlay-opacity":"","overlay-gradient":""},"tablet":{"background-color":"","background-image":"","background-repeat":"repeat","background-position":"center center","background-size":"auto","background-attachment":"scroll","background-type":"","background-media":"","overlay-type":"","overlay-color":"","overlay-opacity":"","overlay-gradient":""},"mobile":{"background-color":"","background-image":"","background-repeat":"repeat","background-position":"center center","background-size":"auto","background-attachment":"scroll","background-type":"","background-media":"","overlay-type":"","overlay-color":"","overlay-opacity":"","overlay-gradient":""}},"ast-content-background-meta":{"desktop":{"background-color":"var(--ast-global-color-5)","background-image":"","background-repeat":"repeat","background-position":"center center","background-size":"auto","background-attachment":"scroll","background-type":"","background-media":"","overlay-type":"","overlay-color":"","overlay-opacity":"","overlay-gradient":""},"tablet":{"background-color":"var(--ast-global-color-5)","background-image":"","background-repeat":"repeat","background-position":"center center","background-size":"auto","background-attachment":"scroll","background-type":"","background-media":"","overlay-type":"","overlay-color":"","overlay-opacity":"","overlay-gradient":""},"mobile":{"background-color":"var(--ast-global-color-5)","background-image":"","background-repeat":"repeat","background-position":"center center","background-size":"auto","background-attachment":"scroll","background-type":"","background-media":"","overlay-type":"","overlay-color":"","overlay-opacity":"","overlay-gradient":""}},"footnotes":""},"categories":[5],"tags":[],"class_list":["post-182334","post","type-post","status-publish","format-standard","hentry","category-noticias"],"yoast_head":"<!-- This site is optimized with the Yoast SEO Premium plugin v20.9 (Yoast SEO v27.4) - https:\/\/yoast.com\/product\/yoast-seo-premium-wordpress\/ -->\n<title>\u00bfPor qu\u00e9 recordamos algunos momentos y no otros? - bip4ex<\/title>\n<meta name=\"robots\" content=\"index, follow, max-snippet:-1, max-image-preview:large, max-video-preview:-1\" \/>\n<link rel=\"canonical\" href=\"https:\/\/helloproject.es\/vigilancia\/por-que-recordamos-algunos-momentos-y-no-otros\/\" \/>\n<meta property=\"og:locale\" content=\"es_ES\" \/>\n<meta property=\"og:type\" content=\"article\" \/>\n<meta property=\"og:title\" content=\"\u00bfPor qu\u00e9 recordamos algunos momentos y no otros?\" \/>\n<meta property=\"og:description\" content=\"Los recuerdos no se conservan de la misma manera. Algunos se evocan con facilidad, llenos de detalles, casi tan vivos como el instante original. Otros resultan borrosos y los m\u00e1s esquivos se niegan a reaparecer. \u00bfPor qu\u00e9 el cerebro fija con tanta fuerza ciertos momentos y olvida otros? Un nuevo estudio de la Universidad de [&hellip;]\" \/>\n<meta property=\"og:url\" content=\"https:\/\/helloproject.es\/vigilancia\/por-que-recordamos-algunos-momentos-y-no-otros\/\" \/>\n<meta property=\"og:site_name\" content=\"bip4ex\" \/>\n<meta property=\"article:published_time\" content=\"2025-09-25T06:28:14+00:00\" \/>\n<meta property=\"og:image\" content=\"https:\/\/www.agenciasinc.es\/bundles\/app\/images\/quotebefore.png\" \/>\n<meta name=\"author\" content=\"Luis Miguel Mej\u00edas Ramos\" \/>\n<meta name=\"twitter:card\" content=\"summary_large_image\" \/>\n<meta name=\"twitter:label1\" content=\"Escrito por\" \/>\n\t<meta name=\"twitter:data1\" content=\"Luis Miguel Mej\u00edas Ramos\" \/>\n\t<meta name=\"twitter:label2\" content=\"Tiempo de lectura\" \/>\n\t<meta name=\"twitter:data2\" content=\"5 minutos\" \/>\n<script type=\"application\/ld+json\" class=\"yoast-schema-graph\">{\"@context\":\"https:\\\/\\\/schema.org\",\"@graph\":[{\"@type\":\"Article\",\"@id\":\"https:\\\/\\\/helloproject.es\\\/vigilancia\\\/por-que-recordamos-algunos-momentos-y-no-otros\\\/#article\",\"isPartOf\":{\"@id\":\"https:\\\/\\\/helloproject.es\\\/vigilancia\\\/por-que-recordamos-algunos-momentos-y-no-otros\\\/\"},\"author\":{\"name\":\"Luis Miguel Mej\u00edas Ramos\",\"@id\":\"https:\\\/\\\/helloproject.es\\\/vigilancia\\\/#\\\/schema\\\/person\\\/3767b0619d59a11570372c821f8619ca\"},\"headline\":\"\u00bfPor qu\u00e9 recordamos algunos momentos y no otros?\",\"datePublished\":\"2025-09-25T06:28:14+00:00\",\"mainEntityOfPage\":{\"@id\":\"https:\\\/\\\/helloproject.es\\\/vigilancia\\\/por-que-recordamos-algunos-momentos-y-no-otros\\\/\"},\"wordCount\":1028,\"publisher\":{\"@id\":\"https:\\\/\\\/helloproject.es\\\/vigilancia\\\/#organization\"},\"image\":{\"@id\":\"https:\\\/\\\/helloproject.es\\\/vigilancia\\\/por-que-recordamos-algunos-momentos-y-no-otros\\\/#primaryimage\"},\"thumbnailUrl\":\"https:\\\/\\\/www.agenciasinc.es\\\/bundles\\\/app\\\/images\\\/quotebefore.png\",\"articleSection\":[\"Noticias\"],\"inLanguage\":\"es\"},{\"@type\":\"WebPage\",\"@id\":\"https:\\\/\\\/helloproject.es\\\/vigilancia\\\/por-que-recordamos-algunos-momentos-y-no-otros\\\/\",\"url\":\"https:\\\/\\\/helloproject.es\\\/vigilancia\\\/por-que-recordamos-algunos-momentos-y-no-otros\\\/\",\"name\":\"\u00bfPor qu\u00e9 recordamos algunos momentos y no otros? - bip4ex\",\"isPartOf\":{\"@id\":\"https:\\\/\\\/helloproject.es\\\/vigilancia\\\/#website\"},\"primaryImageOfPage\":{\"@id\":\"https:\\\/\\\/helloproject.es\\\/vigilancia\\\/por-que-recordamos-algunos-momentos-y-no-otros\\\/#primaryimage\"},\"image\":{\"@id\":\"https:\\\/\\\/helloproject.es\\\/vigilancia\\\/por-que-recordamos-algunos-momentos-y-no-otros\\\/#primaryimage\"},\"thumbnailUrl\":\"https:\\\/\\\/www.agenciasinc.es\\\/bundles\\\/app\\\/images\\\/quotebefore.png\",\"datePublished\":\"2025-09-25T06:28:14+00:00\",\"breadcrumb\":{\"@id\":\"https:\\\/\\\/helloproject.es\\\/vigilancia\\\/por-que-recordamos-algunos-momentos-y-no-otros\\\/#breadcrumb\"},\"inLanguage\":\"es\",\"potentialAction\":[{\"@type\":\"ReadAction\",\"target\":[\"https:\\\/\\\/helloproject.es\\\/vigilancia\\\/por-que-recordamos-algunos-momentos-y-no-otros\\\/\"]}]},{\"@type\":\"ImageObject\",\"inLanguage\":\"es\",\"@id\":\"https:\\\/\\\/helloproject.es\\\/vigilancia\\\/por-que-recordamos-algunos-momentos-y-no-otros\\\/#primaryimage\",\"url\":\"https:\\\/\\\/www.agenciasinc.es\\\/bundles\\\/app\\\/images\\\/quotebefore.png\",\"contentUrl\":\"https:\\\/\\\/www.agenciasinc.es\\\/bundles\\\/app\\\/images\\\/quotebefore.png\"},{\"@type\":\"BreadcrumbList\",\"@id\":\"https:\\\/\\\/helloproject.es\\\/vigilancia\\\/por-que-recordamos-algunos-momentos-y-no-otros\\\/#breadcrumb\",\"itemListElement\":[{\"@type\":\"ListItem\",\"position\":1,\"name\":\"Home\",\"item\":\"https:\\\/\\\/helloproject.es\\\/vigilancia\\\/\"},{\"@type\":\"ListItem\",\"position\":2,\"name\":\"\u00bfPor qu\u00e9 recordamos algunos momentos y no otros?\"}]},{\"@type\":\"WebSite\",\"@id\":\"https:\\\/\\\/helloproject.es\\\/vigilancia\\\/#website\",\"url\":\"https:\\\/\\\/helloproject.es\\\/vigilancia\\\/\",\"name\":\"bip4ex\",\"description\":\"Vigilancia Tecnol\u00f3gica\",\"publisher\":{\"@id\":\"https:\\\/\\\/helloproject.es\\\/vigilancia\\\/#organization\"},\"potentialAction\":[{\"@type\":\"SearchAction\",\"target\":{\"@type\":\"EntryPoint\",\"urlTemplate\":\"https:\\\/\\\/helloproject.es\\\/vigilancia\\\/?s={search_term_string}\"},\"query-input\":{\"@type\":\"PropertyValueSpecification\",\"valueRequired\":true,\"valueName\":\"search_term_string\"}}],\"inLanguage\":\"es\"},{\"@type\":\"Organization\",\"@id\":\"https:\\\/\\\/helloproject.es\\\/vigilancia\\\/#organization\",\"name\":\"Helloproject.es\",\"url\":\"https:\\\/\\\/helloproject.es\\\/vigilancia\\\/\",\"logo\":{\"@type\":\"ImageObject\",\"inLanguage\":\"es\",\"@id\":\"https:\\\/\\\/helloproject.es\\\/vigilancia\\\/#\\\/schema\\\/logo\\\/image\\\/\",\"url\":\"https:\\\/\\\/helloproject.es\\\/vigilancia\\\/wp-content\\\/uploads\\\/2023\\\/07\\\/bip4ex.png\",\"contentUrl\":\"https:\\\/\\\/helloproject.es\\\/vigilancia\\\/wp-content\\\/uploads\\\/2023\\\/07\\\/bip4ex.png\",\"width\":322,\"height\":365,\"caption\":\"Helloproject.es\"},\"image\":{\"@id\":\"https:\\\/\\\/helloproject.es\\\/vigilancia\\\/#\\\/schema\\\/logo\\\/image\\\/\"}},{\"@type\":\"Person\",\"@id\":\"https:\\\/\\\/helloproject.es\\\/vigilancia\\\/#\\\/schema\\\/person\\\/3767b0619d59a11570372c821f8619ca\",\"name\":\"Luis Miguel Mej\u00edas Ramos\",\"url\":\"https:\\\/\\\/helloproject.es\\\/vigilancia\\\/author\\\/luismi\\\/\"}]}<\/script>\n<!-- \/ Yoast SEO Premium plugin. -->","yoast_head_json":{"title":"\u00bfPor qu\u00e9 recordamos algunos momentos y no otros? - bip4ex","robots":{"index":"index","follow":"follow","max-snippet":"max-snippet:-1","max-image-preview":"max-image-preview:large","max-video-preview":"max-video-preview:-1"},"canonical":"https:\/\/helloproject.es\/vigilancia\/por-que-recordamos-algunos-momentos-y-no-otros\/","og_locale":"es_ES","og_type":"article","og_title":"\u00bfPor qu\u00e9 recordamos algunos momentos y no otros?","og_description":"Los recuerdos no se conservan de la misma manera. Algunos se evocan con facilidad, llenos de detalles, casi tan vivos como el instante original. Otros resultan borrosos y los m\u00e1s esquivos se niegan a reaparecer. \u00bfPor qu\u00e9 el cerebro fija con tanta fuerza ciertos momentos y olvida otros? Un nuevo estudio de la Universidad de [&hellip;]","og_url":"https:\/\/helloproject.es\/vigilancia\/por-que-recordamos-algunos-momentos-y-no-otros\/","og_site_name":"bip4ex","article_published_time":"2025-09-25T06:28:14+00:00","og_image":[{"url":"https:\/\/www.agenciasinc.es\/bundles\/app\/images\/quotebefore.png","type":"","width":"","height":""}],"author":"Luis Miguel Mej\u00edas Ramos","twitter_card":"summary_large_image","twitter_misc":{"Escrito por":"Luis Miguel Mej\u00edas Ramos","Tiempo de lectura":"5 minutos"},"schema":{"@context":"https:\/\/schema.org","@graph":[{"@type":"Article","@id":"https:\/\/helloproject.es\/vigilancia\/por-que-recordamos-algunos-momentos-y-no-otros\/#article","isPartOf":{"@id":"https:\/\/helloproject.es\/vigilancia\/por-que-recordamos-algunos-momentos-y-no-otros\/"},"author":{"name":"Luis Miguel Mej\u00edas Ramos","@id":"https:\/\/helloproject.es\/vigilancia\/#\/schema\/person\/3767b0619d59a11570372c821f8619ca"},"headline":"\u00bfPor qu\u00e9 recordamos algunos momentos y no otros?","datePublished":"2025-09-25T06:28:14+00:00","mainEntityOfPage":{"@id":"https:\/\/helloproject.es\/vigilancia\/por-que-recordamos-algunos-momentos-y-no-otros\/"},"wordCount":1028,"publisher":{"@id":"https:\/\/helloproject.es\/vigilancia\/#organization"},"image":{"@id":"https:\/\/helloproject.es\/vigilancia\/por-que-recordamos-algunos-momentos-y-no-otros\/#primaryimage"},"thumbnailUrl":"https:\/\/www.agenciasinc.es\/bundles\/app\/images\/quotebefore.png","articleSection":["Noticias"],"inLanguage":"es"},{"@type":"WebPage","@id":"https:\/\/helloproject.es\/vigilancia\/por-que-recordamos-algunos-momentos-y-no-otros\/","url":"https:\/\/helloproject.es\/vigilancia\/por-que-recordamos-algunos-momentos-y-no-otros\/","name":"\u00bfPor qu\u00e9 recordamos algunos momentos y no otros? - bip4ex","isPartOf":{"@id":"https:\/\/helloproject.es\/vigilancia\/#website"},"primaryImageOfPage":{"@id":"https:\/\/helloproject.es\/vigilancia\/por-que-recordamos-algunos-momentos-y-no-otros\/#primaryimage"},"image":{"@id":"https:\/\/helloproject.es\/vigilancia\/por-que-recordamos-algunos-momentos-y-no-otros\/#primaryimage"},"thumbnailUrl":"https:\/\/www.agenciasinc.es\/bundles\/app\/images\/quotebefore.png","datePublished":"2025-09-25T06:28:14+00:00","breadcrumb":{"@id":"https:\/\/helloproject.es\/vigilancia\/por-que-recordamos-algunos-momentos-y-no-otros\/#breadcrumb"},"inLanguage":"es","potentialAction":[{"@type":"ReadAction","target":["https:\/\/helloproject.es\/vigilancia\/por-que-recordamos-algunos-momentos-y-no-otros\/"]}]},{"@type":"ImageObject","inLanguage":"es","@id":"https:\/\/helloproject.es\/vigilancia\/por-que-recordamos-algunos-momentos-y-no-otros\/#primaryimage","url":"https:\/\/www.agenciasinc.es\/bundles\/app\/images\/quotebefore.png","contentUrl":"https:\/\/www.agenciasinc.es\/bundles\/app\/images\/quotebefore.png"},{"@type":"BreadcrumbList","@id":"https:\/\/helloproject.es\/vigilancia\/por-que-recordamos-algunos-momentos-y-no-otros\/#breadcrumb","itemListElement":[{"@type":"ListItem","position":1,"name":"Home","item":"https:\/\/helloproject.es\/vigilancia\/"},{"@type":"ListItem","position":2,"name":"\u00bfPor qu\u00e9 recordamos algunos momentos y no otros?"}]},{"@type":"WebSite","@id":"https:\/\/helloproject.es\/vigilancia\/#website","url":"https:\/\/helloproject.es\/vigilancia\/","name":"bip4ex","description":"Vigilancia Tecnol\u00f3gica","publisher":{"@id":"https:\/\/helloproject.es\/vigilancia\/#organization"},"potentialAction":[{"@type":"SearchAction","target":{"@type":"EntryPoint","urlTemplate":"https:\/\/helloproject.es\/vigilancia\/?s={search_term_string}"},"query-input":{"@type":"PropertyValueSpecification","valueRequired":true,"valueName":"search_term_string"}}],"inLanguage":"es"},{"@type":"Organization","@id":"https:\/\/helloproject.es\/vigilancia\/#organization","name":"Helloproject.es","url":"https:\/\/helloproject.es\/vigilancia\/","logo":{"@type":"ImageObject","inLanguage":"es","@id":"https:\/\/helloproject.es\/vigilancia\/#\/schema\/logo\/image\/","url":"https:\/\/helloproject.es\/vigilancia\/wp-content\/uploads\/2023\/07\/bip4ex.png","contentUrl":"https:\/\/helloproject.es\/vigilancia\/wp-content\/uploads\/2023\/07\/bip4ex.png","width":322,"height":365,"caption":"Helloproject.es"},"image":{"@id":"https:\/\/helloproject.es\/vigilancia\/#\/schema\/logo\/image\/"}},{"@type":"Person","@id":"https:\/\/helloproject.es\/vigilancia\/#\/schema\/person\/3767b0619d59a11570372c821f8619ca","name":"Luis Miguel Mej\u00edas Ramos","url":"https:\/\/helloproject.es\/vigilancia\/author\/luismi\/"}]}},"_links":{"self":[{"href":"https:\/\/helloproject.es\/vigilancia\/wp-json\/wp\/v2\/posts\/182334","targetHints":{"allow":["GET"]}}],"collection":[{"href":"https:\/\/helloproject.es\/vigilancia\/wp-json\/wp\/v2\/posts"}],"about":[{"href":"https:\/\/helloproject.es\/vigilancia\/wp-json\/wp\/v2\/types\/post"}],"author":[{"embeddable":true,"href":"https:\/\/helloproject.es\/vigilancia\/wp-json\/wp\/v2\/users\/5"}],"replies":[{"embeddable":true,"href":"https:\/\/helloproject.es\/vigilancia\/wp-json\/wp\/v2\/comments?post=182334"}],"version-history":[{"count":0,"href":"https:\/\/helloproject.es\/vigilancia\/wp-json\/wp\/v2\/posts\/182334\/revisions"}],"wp:attachment":[{"href":"https:\/\/helloproject.es\/vigilancia\/wp-json\/wp\/v2\/media?parent=182334"}],"wp:term":[{"taxonomy":"category","embeddable":true,"href":"https:\/\/helloproject.es\/vigilancia\/wp-json\/wp\/v2\/categories?post=182334"},{"taxonomy":"post_tag","embeddable":true,"href":"https:\/\/helloproject.es\/vigilancia\/wp-json\/wp\/v2\/tags?post=182334"}],"curies":[{"name":"wp","href":"https:\/\/api.w.org\/{rel}","templated":true}]}}