{"id":182350,"date":"2025-09-25T09:17:33","date_gmt":"2025-09-25T08:17:33","guid":{"rendered":"https:\/\/helloproject.es\/vigilancia\/barometro-internacional-de-la-innovacion-2026\/"},"modified":"2025-09-25T09:17:33","modified_gmt":"2025-09-25T08:17:33","slug":"barometro-internacional-de-la-innovacion-2026","status":"publish","type":"post","link":"https:\/\/helloproject.es\/vigilancia\/barometro-internacional-de-la-innovacion-2026\/","title":{"rendered":"Bar\u00f3metro Internacional de la Innovaci\u00f3n 2026"},"content":{"rendered":"<p><span class=\"large\">El Bar\u00f3metro Internacional de la Innovaci\u00f3n de Ayming ofrece una visi\u00f3n \u00fanica de c\u00f3mo las organizaciones de todo el mundo abordan el reto de innovar en un entorno cada vez m\u00e1s complejo y competitivo. <\/span><\/p>\n<p>A trav\u00e9s de las opiniones de directivos y responsables de I+D de distintos sectores y pa\u00edses, nuestro estudio revela tendencias, prioridades y desaf\u00edos que marcan el pulso de la innovaci\u00f3n a nivel global. M\u00e1s que un informe, el Bar\u00f3metro es una invitaci\u00f3n a reflexionar sobre el papel estrat\u00e9gico de la innovaci\u00f3n como motor de resiliencia, crecimiento y diferenciaci\u00f3n en el largo plazo.<\/p>\n<h2>Bar\u00f3metro Internacional de la Innovaci\u00f3n 2026: El sector Defensa como catalizador de la Innovaci\u00f3n<\/h2>\n<p>Las preocupaciones por la <strong>seguridad nacional se est\u00e1n convirtiendo r\u00e1pidamente en un factor determinante<\/strong> en las estrategias de innovaci\u00f3n corporativa en todo el mundo, seg\u00fan nuestro VII Bar\u00f3metro Internacional de Innovaci\u00f3n<em>.<\/em><\/p>\n<p>Las <strong>preocupaciones por la seguridad nacional,<\/strong> desde la inestabilidad geopol\u00edtica hasta las vulnerabilidades de la cadena de suministro, se han convertido en una prioridad absoluta para las empresas, que han integrado este aspecto en su planificaci\u00f3n estrat\u00e9gica.<\/p>\n<p><strong>Sin embargo, m\u00e1s que diluir la Innovaci\u00f3n, estas presiones la est\u00e1n impulsando.<\/strong> En el informe de este a\u00f1o, las empresas afirman haber innovado de forma eficaz en respuesta directa a las amenazas a la seguridad nacional en los \u00faltimos cinco a\u00f1os y esperan aumentar su inversi\u00f3n en innovaci\u00f3n relacionada con la seguridad en los pr\u00f3ximos dos a\u00f1os.<\/p>\n<h3><strong>Algunas conclusiones del VII Bar\u00f3metro Internacional de la Innovaci\u00f3n<\/strong><\/h3>\n<p>A pesar del vol\u00e1til panorama macroecon\u00f3mico, la innovaci\u00f3n sigue siendo un imperativo estrat\u00e9gico. Este a\u00f1o, el informe revela que:<\/p>\n<ul>\n<li>El 96 % de las empresas cuenta ahora con un <strong>equipo dedicado a la innovaci\u00f3n,<\/strong> frente al 78 % del a\u00f1o pasado.<\/li>\n<li>La <strong>IA se ha convertido en la principal prioridad<\/strong> en materia de innovaci\u00f3n, superando a las \u00abnuevas herramientas y tecnolog\u00edas\u00bb del a\u00f1o pasado, lo que indica su divergencia con respecto a la tecnolog\u00eda general.<\/li>\n<li>La<strong> escasez de talento se ha convertido en el principal obst\u00e1culo<\/strong> para la innovaci\u00f3n, siendo el sector energ\u00e9tico el m\u00e1s afectado.<\/li>\n<\/ul>\n<p><strong><span class=\"large\">\ud83d\udcd8 \u00a1Rellena el formulario y consigue tu copia!<\/span><\/strong><\/p>\n<hr \/>\n<h4><strong>Metodolog\u00eda<\/strong><\/h4>\n<p>En junio de 2025, Ayming encuest\u00f3 a 850 directores de I+D e innovaci\u00f3n, directores financieros, directores ejecutivos y directores de tecnolog\u00eda. Los encuestados se distribuyen de manera equitativa entre los siguientes 17 pa\u00edses: B\u00e9lgica, Canad\u00e1, China, Rep\u00fablica Checa, Francia, Alemania, Hungr\u00eda, Irlanda, Italia, Polonia, Portugal, Singapur, Eslovaquia, Espa\u00f1a, Pa\u00edses Bajos, Reino Unido y Estados Unidos.<\/p>\n<p>Los encuestados proceden de nueve sectores: Automoci\u00f3n; Ingenier\u00eda Civil y Construcci\u00f3n; Bienes de Consumo e Industria Manufactura; Industria Agroalimentario; Energ\u00eda, Petr\u00f3leo y Gas, y Renovables; Finanzas, Cpital y Tecnolog\u00eda Financiera; Tecnolog\u00edas de la Informaci\u00f3n y de la Comunicaci\u00f3n (TIC); Productos Farmac\u00e9uticos, Salud y Ciencias de la Vida; y, como novedad este a\u00f1o, Defensa y Seguridad Nacional; y Aviaci\u00f3n.<\/p>\n<p>Los encuestados tambi\u00e9n se dividen entre grandes y peque\u00f1as empresas.<\/p>\n<p>The post <a href=\"https:\/\/www.ayming.es\/insights-y-noticias\/publicaciones\/barometro-internacional-innovacion\/\">Bar\u00f3metro Internacional de la Innovaci\u00f3n 2026<\/a> appeared first on <a href=\"https:\/\/www.ayming.es\/\">Ayming Espa\u00f1a<\/a>.<\/p>","protected":false},"excerpt":{"rendered":"<p>El Bar\u00f3metro Internacional de la Innovaci\u00f3n de Ayming ofrece una visi\u00f3n \u00fanica de c\u00f3mo las organizaciones de todo el mundo abordan el reto de innovar en un entorno cada vez m\u00e1s complejo y competitivo. A trav\u00e9s de las opiniones de directivos y responsables de I+D de distintos sectores y pa\u00edses, nuestro estudio revela tendencias, prioridades [&hellip;]<\/p>\n","protected":false},"author":5,"featured_media":0,"comment_status":"","ping_status":"","sticky":false,"template":"","format":"standard","meta":{"site-sidebar-layout":"default","site-content-layout":"","ast-site-content-layout":"default","site-content-style":"default","site-sidebar-style":"default","ast-global-header-display":"","ast-banner-title-visibility":"","ast-main-header-display":"","ast-hfb-above-header-display":"","ast-hfb-below-header-display":"","ast-hfb-mobile-header-display":"","site-post-title":"","ast-breadcrumbs-content":"","ast-featured-img":"","footer-sml-layout":"","ast-disable-related-posts":"","theme-transparent-header-meta":"","adv-header-id-meta":"","stick-header-meta":"","header-above-stick-meta":"","header-main-stick-meta":"","header-below-stick-meta":"","astra-migrate-meta-layouts":"default","ast-page-background-enabled":"default","ast-page-background-meta":{"desktop":{"background-color":"var(--ast-global-color-4)","background-image":"","background-repeat":"repeat","background-position":"center center","background-size":"auto","background-attachment":"scroll","background-type":"","background-media":"","overlay-type":"","overlay-color":"","overlay-opacity":"","overlay-gradient":""},"tablet":{"background-color":"","background-image":"","background-repeat":"repeat","background-position":"center center","background-size":"auto","background-attachment":"scroll","background-type":"","background-media":"","overlay-type":"","overlay-color":"","overlay-opacity":"","overlay-gradient":""},"mobile":{"background-color":"","background-image":"","background-repeat":"repeat","background-position":"center center","background-size":"auto","background-attachment":"scroll","background-type":"","background-media":"","overlay-type":"","overlay-color":"","overlay-opacity":"","overlay-gradient":""}},"ast-content-background-meta":{"desktop":{"background-color":"var(--ast-global-color-5)","background-image":"","background-repeat":"repeat","background-position":"center center","background-size":"auto","background-attachment":"scroll","background-type":"","background-media":"","overlay-type":"","overlay-color":"","overlay-opacity":"","overlay-gradient":""},"tablet":{"background-color":"var(--ast-global-color-5)","background-image":"","background-repeat":"repeat","background-position":"center center","background-size":"auto","background-attachment":"scroll","background-type":"","background-media":"","overlay-type":"","overlay-color":"","overlay-opacity":"","overlay-gradient":""},"mobile":{"background-color":"var(--ast-global-color-5)","background-image":"","background-repeat":"repeat","background-position":"center center","background-size":"auto","background-attachment":"scroll","background-type":"","background-media":"","overlay-type":"","overlay-color":"","overlay-opacity":"","overlay-gradient":""}},"footnotes":""},"categories":[5],"tags":[],"class_list":["post-182350","post","type-post","status-publish","format-standard","hentry","category-noticias"],"yoast_head":"<!-- This site is optimized with the Yoast SEO Premium plugin v20.9 (Yoast SEO v27.4) - https:\/\/yoast.com\/product\/yoast-seo-premium-wordpress\/ -->\n<title>Bar\u00f3metro Internacional de la Innovaci\u00f3n 2026 - bip4ex<\/title>\n<meta name=\"robots\" content=\"index, follow, max-snippet:-1, max-image-preview:large, max-video-preview:-1\" \/>\n<link rel=\"canonical\" href=\"https:\/\/helloproject.es\/vigilancia\/barometro-internacional-de-la-innovacion-2026\/\" \/>\n<meta property=\"og:locale\" content=\"es_ES\" \/>\n<meta property=\"og:type\" content=\"article\" \/>\n<meta property=\"og:title\" content=\"Bar\u00f3metro Internacional de la Innovaci\u00f3n 2026\" \/>\n<meta property=\"og:description\" content=\"El Bar\u00f3metro Internacional de la Innovaci\u00f3n de Ayming ofrece una visi\u00f3n \u00fanica de c\u00f3mo las organizaciones de todo el mundo abordan el reto de innovar en un entorno cada vez m\u00e1s complejo y competitivo. A trav\u00e9s de las opiniones de directivos y responsables de I+D de distintos sectores y pa\u00edses, nuestro estudio revela tendencias, prioridades [&hellip;]\" \/>\n<meta property=\"og:url\" content=\"https:\/\/helloproject.es\/vigilancia\/barometro-internacional-de-la-innovacion-2026\/\" \/>\n<meta property=\"og:site_name\" content=\"bip4ex\" \/>\n<meta property=\"article:published_time\" content=\"2025-09-25T08:17:33+00:00\" \/>\n<meta name=\"author\" content=\"Luis Miguel Mej\u00edas Ramos\" \/>\n<meta name=\"twitter:card\" content=\"summary_large_image\" \/>\n<meta name=\"twitter:label1\" content=\"Escrito por\" \/>\n\t<meta name=\"twitter:data1\" content=\"Luis Miguel Mej\u00edas Ramos\" \/>\n\t<meta name=\"twitter:label2\" content=\"Tiempo de lectura\" \/>\n\t<meta name=\"twitter:data2\" content=\"3 minutos\" \/>\n<script type=\"application\/ld+json\" class=\"yoast-schema-graph\">{\"@context\":\"https:\\\/\\\/schema.org\",\"@graph\":[{\"@type\":\"Article\",\"@id\":\"https:\\\/\\\/helloproject.es\\\/vigilancia\\\/barometro-internacional-de-la-innovacion-2026\\\/#article\",\"isPartOf\":{\"@id\":\"https:\\\/\\\/helloproject.es\\\/vigilancia\\\/barometro-internacional-de-la-innovacion-2026\\\/\"},\"author\":{\"name\":\"Luis Miguel Mej\u00edas Ramos\",\"@id\":\"https:\\\/\\\/helloproject.es\\\/vigilancia\\\/#\\\/schema\\\/person\\\/3767b0619d59a11570372c821f8619ca\"},\"headline\":\"Bar\u00f3metro Internacional de la Innovaci\u00f3n 2026\",\"datePublished\":\"2025-09-25T08:17:33+00:00\",\"mainEntityOfPage\":{\"@id\":\"https:\\\/\\\/helloproject.es\\\/vigilancia\\\/barometro-internacional-de-la-innovacion-2026\\\/\"},\"wordCount\":563,\"publisher\":{\"@id\":\"https:\\\/\\\/helloproject.es\\\/vigilancia\\\/#organization\"},\"articleSection\":[\"Noticias\"],\"inLanguage\":\"es\"},{\"@type\":\"WebPage\",\"@id\":\"https:\\\/\\\/helloproject.es\\\/vigilancia\\\/barometro-internacional-de-la-innovacion-2026\\\/\",\"url\":\"https:\\\/\\\/helloproject.es\\\/vigilancia\\\/barometro-internacional-de-la-innovacion-2026\\\/\",\"name\":\"Bar\u00f3metro Internacional de la Innovaci\u00f3n 2026 - bip4ex\",\"isPartOf\":{\"@id\":\"https:\\\/\\\/helloproject.es\\\/vigilancia\\\/#website\"},\"datePublished\":\"2025-09-25T08:17:33+00:00\",\"breadcrumb\":{\"@id\":\"https:\\\/\\\/helloproject.es\\\/vigilancia\\\/barometro-internacional-de-la-innovacion-2026\\\/#breadcrumb\"},\"inLanguage\":\"es\",\"potentialAction\":[{\"@type\":\"ReadAction\",\"target\":[\"https:\\\/\\\/helloproject.es\\\/vigilancia\\\/barometro-internacional-de-la-innovacion-2026\\\/\"]}]},{\"@type\":\"BreadcrumbList\",\"@id\":\"https:\\\/\\\/helloproject.es\\\/vigilancia\\\/barometro-internacional-de-la-innovacion-2026\\\/#breadcrumb\",\"itemListElement\":[{\"@type\":\"ListItem\",\"position\":1,\"name\":\"Home\",\"item\":\"https:\\\/\\\/helloproject.es\\\/vigilancia\\\/\"},{\"@type\":\"ListItem\",\"position\":2,\"name\":\"Bar\u00f3metro Internacional de la Innovaci\u00f3n 2026\"}]},{\"@type\":\"WebSite\",\"@id\":\"https:\\\/\\\/helloproject.es\\\/vigilancia\\\/#website\",\"url\":\"https:\\\/\\\/helloproject.es\\\/vigilancia\\\/\",\"name\":\"bip4ex\",\"description\":\"Vigilancia Tecnol\u00f3gica\",\"publisher\":{\"@id\":\"https:\\\/\\\/helloproject.es\\\/vigilancia\\\/#organization\"},\"potentialAction\":[{\"@type\":\"SearchAction\",\"target\":{\"@type\":\"EntryPoint\",\"urlTemplate\":\"https:\\\/\\\/helloproject.es\\\/vigilancia\\\/?s={search_term_string}\"},\"query-input\":{\"@type\":\"PropertyValueSpecification\",\"valueRequired\":true,\"valueName\":\"search_term_string\"}}],\"inLanguage\":\"es\"},{\"@type\":\"Organization\",\"@id\":\"https:\\\/\\\/helloproject.es\\\/vigilancia\\\/#organization\",\"name\":\"Helloproject.es\",\"url\":\"https:\\\/\\\/helloproject.es\\\/vigilancia\\\/\",\"logo\":{\"@type\":\"ImageObject\",\"inLanguage\":\"es\",\"@id\":\"https:\\\/\\\/helloproject.es\\\/vigilancia\\\/#\\\/schema\\\/logo\\\/image\\\/\",\"url\":\"https:\\\/\\\/helloproject.es\\\/vigilancia\\\/wp-content\\\/uploads\\\/2023\\\/07\\\/bip4ex.png\",\"contentUrl\":\"https:\\\/\\\/helloproject.es\\\/vigilancia\\\/wp-content\\\/uploads\\\/2023\\\/07\\\/bip4ex.png\",\"width\":322,\"height\":365,\"caption\":\"Helloproject.es\"},\"image\":{\"@id\":\"https:\\\/\\\/helloproject.es\\\/vigilancia\\\/#\\\/schema\\\/logo\\\/image\\\/\"}},{\"@type\":\"Person\",\"@id\":\"https:\\\/\\\/helloproject.es\\\/vigilancia\\\/#\\\/schema\\\/person\\\/3767b0619d59a11570372c821f8619ca\",\"name\":\"Luis Miguel Mej\u00edas Ramos\",\"url\":\"https:\\\/\\\/helloproject.es\\\/vigilancia\\\/author\\\/luismi\\\/\"}]}<\/script>\n<!-- \/ Yoast SEO Premium plugin. -->","yoast_head_json":{"title":"Bar\u00f3metro Internacional de la Innovaci\u00f3n 2026 - bip4ex","robots":{"index":"index","follow":"follow","max-snippet":"max-snippet:-1","max-image-preview":"max-image-preview:large","max-video-preview":"max-video-preview:-1"},"canonical":"https:\/\/helloproject.es\/vigilancia\/barometro-internacional-de-la-innovacion-2026\/","og_locale":"es_ES","og_type":"article","og_title":"Bar\u00f3metro Internacional de la Innovaci\u00f3n 2026","og_description":"El Bar\u00f3metro Internacional de la Innovaci\u00f3n de Ayming ofrece una visi\u00f3n \u00fanica de c\u00f3mo las organizaciones de todo el mundo abordan el reto de innovar en un entorno cada vez m\u00e1s complejo y competitivo. A trav\u00e9s de las opiniones de directivos y responsables de I+D de distintos sectores y pa\u00edses, nuestro estudio revela tendencias, prioridades [&hellip;]","og_url":"https:\/\/helloproject.es\/vigilancia\/barometro-internacional-de-la-innovacion-2026\/","og_site_name":"bip4ex","article_published_time":"2025-09-25T08:17:33+00:00","author":"Luis Miguel Mej\u00edas Ramos","twitter_card":"summary_large_image","twitter_misc":{"Escrito por":"Luis Miguel Mej\u00edas Ramos","Tiempo de lectura":"3 minutos"},"schema":{"@context":"https:\/\/schema.org","@graph":[{"@type":"Article","@id":"https:\/\/helloproject.es\/vigilancia\/barometro-internacional-de-la-innovacion-2026\/#article","isPartOf":{"@id":"https:\/\/helloproject.es\/vigilancia\/barometro-internacional-de-la-innovacion-2026\/"},"author":{"name":"Luis Miguel Mej\u00edas Ramos","@id":"https:\/\/helloproject.es\/vigilancia\/#\/schema\/person\/3767b0619d59a11570372c821f8619ca"},"headline":"Bar\u00f3metro Internacional de la Innovaci\u00f3n 2026","datePublished":"2025-09-25T08:17:33+00:00","mainEntityOfPage":{"@id":"https:\/\/helloproject.es\/vigilancia\/barometro-internacional-de-la-innovacion-2026\/"},"wordCount":563,"publisher":{"@id":"https:\/\/helloproject.es\/vigilancia\/#organization"},"articleSection":["Noticias"],"inLanguage":"es"},{"@type":"WebPage","@id":"https:\/\/helloproject.es\/vigilancia\/barometro-internacional-de-la-innovacion-2026\/","url":"https:\/\/helloproject.es\/vigilancia\/barometro-internacional-de-la-innovacion-2026\/","name":"Bar\u00f3metro Internacional de la Innovaci\u00f3n 2026 - bip4ex","isPartOf":{"@id":"https:\/\/helloproject.es\/vigilancia\/#website"},"datePublished":"2025-09-25T08:17:33+00:00","breadcrumb":{"@id":"https:\/\/helloproject.es\/vigilancia\/barometro-internacional-de-la-innovacion-2026\/#breadcrumb"},"inLanguage":"es","potentialAction":[{"@type":"ReadAction","target":["https:\/\/helloproject.es\/vigilancia\/barometro-internacional-de-la-innovacion-2026\/"]}]},{"@type":"BreadcrumbList","@id":"https:\/\/helloproject.es\/vigilancia\/barometro-internacional-de-la-innovacion-2026\/#breadcrumb","itemListElement":[{"@type":"ListItem","position":1,"name":"Home","item":"https:\/\/helloproject.es\/vigilancia\/"},{"@type":"ListItem","position":2,"name":"Bar\u00f3metro Internacional de la Innovaci\u00f3n 2026"}]},{"@type":"WebSite","@id":"https:\/\/helloproject.es\/vigilancia\/#website","url":"https:\/\/helloproject.es\/vigilancia\/","name":"bip4ex","description":"Vigilancia Tecnol\u00f3gica","publisher":{"@id":"https:\/\/helloproject.es\/vigilancia\/#organization"},"potentialAction":[{"@type":"SearchAction","target":{"@type":"EntryPoint","urlTemplate":"https:\/\/helloproject.es\/vigilancia\/?s={search_term_string}"},"query-input":{"@type":"PropertyValueSpecification","valueRequired":true,"valueName":"search_term_string"}}],"inLanguage":"es"},{"@type":"Organization","@id":"https:\/\/helloproject.es\/vigilancia\/#organization","name":"Helloproject.es","url":"https:\/\/helloproject.es\/vigilancia\/","logo":{"@type":"ImageObject","inLanguage":"es","@id":"https:\/\/helloproject.es\/vigilancia\/#\/schema\/logo\/image\/","url":"https:\/\/helloproject.es\/vigilancia\/wp-content\/uploads\/2023\/07\/bip4ex.png","contentUrl":"https:\/\/helloproject.es\/vigilancia\/wp-content\/uploads\/2023\/07\/bip4ex.png","width":322,"height":365,"caption":"Helloproject.es"},"image":{"@id":"https:\/\/helloproject.es\/vigilancia\/#\/schema\/logo\/image\/"}},{"@type":"Person","@id":"https:\/\/helloproject.es\/vigilancia\/#\/schema\/person\/3767b0619d59a11570372c821f8619ca","name":"Luis Miguel Mej\u00edas Ramos","url":"https:\/\/helloproject.es\/vigilancia\/author\/luismi\/"}]}},"_links":{"self":[{"href":"https:\/\/helloproject.es\/vigilancia\/wp-json\/wp\/v2\/posts\/182350","targetHints":{"allow":["GET"]}}],"collection":[{"href":"https:\/\/helloproject.es\/vigilancia\/wp-json\/wp\/v2\/posts"}],"about":[{"href":"https:\/\/helloproject.es\/vigilancia\/wp-json\/wp\/v2\/types\/post"}],"author":[{"embeddable":true,"href":"https:\/\/helloproject.es\/vigilancia\/wp-json\/wp\/v2\/users\/5"}],"replies":[{"embeddable":true,"href":"https:\/\/helloproject.es\/vigilancia\/wp-json\/wp\/v2\/comments?post=182350"}],"version-history":[{"count":0,"href":"https:\/\/helloproject.es\/vigilancia\/wp-json\/wp\/v2\/posts\/182350\/revisions"}],"wp:attachment":[{"href":"https:\/\/helloproject.es\/vigilancia\/wp-json\/wp\/v2\/media?parent=182350"}],"wp:term":[{"taxonomy":"category","embeddable":true,"href":"https:\/\/helloproject.es\/vigilancia\/wp-json\/wp\/v2\/categories?post=182350"},{"taxonomy":"post_tag","embeddable":true,"href":"https:\/\/helloproject.es\/vigilancia\/wp-json\/wp\/v2\/tags?post=182350"}],"curies":[{"name":"wp","href":"https:\/\/api.w.org\/{rel}","templated":true}]}}