{"id":182351,"date":"2025-09-25T09:28:51","date_gmt":"2025-09-25T08:28:51","guid":{"rendered":"https:\/\/helloproject.es\/vigilancia\/convocatoria-2025-orden-ind-41-2025\/"},"modified":"2025-09-25T09:28:51","modified_gmt":"2025-09-25T08:28:51","slug":"convocatoria-2025-orden-ind-41-2025","status":"publish","type":"post","link":"https:\/\/helloproject.es\/vigilancia\/convocatoria-2025-orden-ind-41-2025\/","title":{"rendered":"CONVOCATORIA 2025 Orden IND\/41\/2025"},"content":{"rendered":"<div class=\"ayuda_subvencion plantillas\">\n<div class=\"portlet-topper\">\n\t\t\t    <strong class=\"sr-only\">Subvencion:<\/strong>\n<h2 class=\"portlet-title\">CONVOCATORIA 2025 Orden IND\/41\/2025<\/h2>\n<\/div>\n<div class=\"iconosTramitacion\">\n<p>\t\t\t\t\t<a href=\"https:\/\/rec.cantabria.es\/rec\/auth\/prepare-cert-login.htm?forward=IND-I-041-2025\" title=\"Con certificado\"><img decoding=\"async\" src=\"https:\/\/www.cantabria.es\/documents\/26427\/21881598\/DNIe.jpg\/01f4c245-cfe3-9563-9845-0e0f97e7f720?t=1648806919369\" alt=\"\" aria-hidden=\"true\" \/><span class=\"sr-only\">Con certificado<\/span><\/a><\/p>\n<p>\t\t\t<a target=\"_blank\" href=\"https:\/\/sede.cantabria.es\/sede\/ayuda\/012-telefono-de-atencion-administrativa\" title=\"Servicio telef\u00f3nico 012 de atenci\u00f3n al ciudadano de Cantabria\"><img decoding=\"async\" src=\"https:\/\/www.cantabria.es\/documents\/26427\/21881598\/012.jpg\/d4445702-c7cf-c44a-3ce9-b0288c1d9b9a?t=1648806893827\" alt=\"\" aria-hidden=\"true\" \/><span class=\"sr-only\">Servicio telef\u00f3nico 012 de atenci\u00f3n al ciudadano de Cantabria<\/span><\/a>\n\t\t<\/p><\/div>\n<h3>Descripci\u00f3n:<\/h3>\n<p><span>Orden IND\/44\/2025, de 17 de septiembre, por la que se aprueba la convocatoria para 2025 de subvenciones destinadas a entidades locales para realizar actuaciones de asesoramiento para el autoempleo, el emprendimiento viable y la dinamizaci\u00f3n del desarrollo econ\u00f3mico local.<\/span><\/p>\n<h3>Bolet\u00edn Oficial de Cantabria<\/h3>\n<p><span>N\u00famero BOC: 184 Extracto Convocatoria<\/span><\/p>\n<p><span>Fecha BOC: 25\/09\/2025<\/span><\/p>\n<p>\n\t\t\t\t\t<span><br \/>\n\t\t\t\t\t\t<a href=\"https:\/\/boc.cantabria.es\/boces\/verAnuncioAction.do?idAnuBlob=424965\" target=\"_blank\" rel=\"noopener noreferrer\">Enlace BOC<\/a><\/span><\/p>\n<p>\t\t\t\t\t\n\t\t\t\t<\/p>\n<h3>Fecha inicio plazo presentaci\u00f3n:<\/h3>\n<p><span>26\/09\/2025<\/span><\/p>\n<h3>Fecha finalizaci\u00f3n plazo presentaci\u00f3n:<\/h3>\n<p><span>09\/10\/2025<\/span><\/p>\n<h3>Beneficiarios:<\/h3>\n<div>\n<p>Podr\u00e1n ser beneficiarios de las ayudas establecidas en la presente convocatoria los <strong>ayuntamientos y entidades locales supramunicipales<\/strong>, entendiendo por \u00e9stas las <strong>comarcas<\/strong>, <strong>mancomunidades y otras agrupaciones de car\u00e1cter vinculado supramunicipal<\/strong>, siempre que se encuentren en el \u00e1mbito territorial de la Comunidad Aut\u00f3noma <strong>de Cantabria y acreditadas <\/strong>a fecha de publicaci\u00f3n del extracto de la convocatoria, <strong>como punto atenci\u00f3n de Cantabria Emprendedora<\/strong> de acuerdo a lo establecido en la Orden HAC\/19\/2013, de 2 de mayo de 2013, siempre y cuando cumplan los requisitos establecidos en el art\u00edculo 13 de la Ley 38\/2003, de 17 de noviembre, General de Subvenciones, y en el art\u00edculo 12 de la Ley de Cantabria 10\/2006, de 17 de julio, de Subvenciones de Cantabria.<\/p>\n<\/div>\n<h3>Documentaci\u00f3n a adjuntar:<\/h3>\n<div>\n<p><strong>Las solicitudes, firmadas electr\u00f3nicamente por la alcaldesa o el alcalde del Ayuntamiento o la persona que ejerza como representante legal del resto de beneficiarios<\/strong>, se acompa\u00f1ar\u00e1n de la siguiente documentaci\u00f3n:<\/p>\n<ol start=\"1\">\n<li><strong>S\u00f3lo en el caso de entidades locales supramunicipales<\/strong>, <strong>escritura p\u00fablica de constituci\u00f3n y\/o de los estatutos actualizados<\/strong>, en su caso. <strong>En caso de no coincidir los municipios integrantes<\/strong> de la entidad supramunicipal con los se\u00f1alados en los estatutos actualizados publicados en el Bolet\u00edn Oficial de Cantabria, se deber\u00e1 aportar <strong>documentaci\u00f3n <\/strong>que acredite la <strong>composici\u00f3n actual de la entidad supramunicipal<\/strong> a fecha de publicaci\u00f3n del extracto de la convocatoria.<\/li>\n<li><strong>Contrato de trabajo<\/strong> de las personas contratadas como <strong>agente de desarrollo local<\/strong> por la entidad local que realizan las actividades objeto de subvenci\u00f3n.<\/li>\n<\/ol>\n<p><strong>En ning\u00fan caso ser\u00e1 necesario aportar la documentaci\u00f3n exigida <\/strong>en esta Orden <strong>que <\/strong>ya <strong>obrara en <\/strong>poder de cualquier \u00f3rgano o unidad de l<strong>a Administraci\u00f3n <\/strong>de la Comunidad Aut\u00f3noma <strong>de Cantabria<\/strong>, <strong>siempre que se cumplan<\/strong> los siguientes <strong>requisitos<\/strong>:<\/p>\n<ol start=\"1\">\n<li>Que la entidad solicitante identifique el documento o documentos afectados.<\/li>\n<li>Que la entidad solicitante haga constar la fecha y el \u00f3rgano o dependencia y procedimiento en que fueron entregados.<\/li>\n<li>Que no hayan transcurrido m\u00e1s de cinco a\u00f1os desde la finalizaci\u00f3n del procedimiento al que correspondan.<\/li>\n<li>Que la entidad solicitante presente su consentimiento para que pueda ser consultada y comprobada dicha documentaci\u00f3n.<\/li>\n<\/ol>\n<p>De conformidad con el art\u00edculo 28 de la Ley 39\/2015, de 1 de octubre, el Servicio C\u00e1ntabro de Empleo podr\u00e1 <strong>consultar o recabar, en ausencia de oposici\u00f3n expresa <\/strong>de la entidad interesada, la <strong>documentaci\u00f3n <\/strong>que se indica a continuaci\u00f3n:<\/p>\n<ol start=\"1\">\n<li>Los datos o documentos emitidos o en poder de la Administraci\u00f3n de la Comunidad Aut\u00f3noma de Cantabria.<\/li>\n<li>Documento Nacional de Identidad o documento acreditativo de la identidad o tarjeta equivalente de las personas extranjeras residentes en territorio espa\u00f1ol, de quien ejerza la representaci\u00f3n de la entidad solicitante, caso de ser necesario.<\/li>\n<li>Cumplimiento de obligaciones con la Seguridad Social.<\/li>\n<li>Cumplimiento de obligaciones con la Administraci\u00f3n de la Comunidad Aut\u00f3noma de Cantabria.<\/li>\n<\/ol>\n<p>La entidad interesada <strong>podr\u00e1 autorizar<\/strong> <strong>expresamente <\/strong>al Servicio C\u00e1ntabro de Empleo <strong>para recabar datos de<\/strong> car\u00e1cter tributario a la Agencia Estatal de Administraci\u00f3n Tributaria (<strong>AEAT<\/strong>) cuando resulten necesarios para la resoluci\u00f3n de este procedimiento, en particular en relaci\u00f3n con el cumplimiento de obligaciones tributarias con la Agencia Estatal de Administraci\u00f3n Tributaria.<\/p>\n<p>La <strong>informaci\u00f3n <\/strong>sobre el <strong>tratamiento de datos de car\u00e1cter personal<\/strong> a que se refieren los apartados anteriores figurar\u00e1 en la solicitud y alcanzar\u00e1 a todas aquellas actuaciones de comprobaci\u00f3n sobre los referidos datos que la Administraci\u00f3n deba efectuar, tanto durante la tramitaci\u00f3n del procedimiento, como posteriormente durante el seguimiento y control de la subvenci\u00f3n que pueda ser otorgada. No obstante, cada solicitante <strong>podr\u00e1 oponerse de forma expresa <\/strong>en cualquier momento, a trav\u00e9s de comunicaci\u00f3n escrita al Servicio C\u00e1ntabro de Empleo en tal sentido. En este supuesto, la persona interesada <strong>deber\u00e1 aportar los documentos acreditativos<\/strong> correspondientes seg\u00fan sean necesarios a efectos de tramitaci\u00f3n, seguimiento y control de la subvenci\u00f3n, siendo la no aportaci\u00f3n de \u00e9stos causa para requerirle de conformidad con lo dispuesto en el art\u00edculo 68.1 o, en su caso, el art\u00edculo 73.2 de la Ley 39\/2015, de 1 de octubre.<\/p>\n<\/div>\n<h3>Anexos:<\/h3>\n<ul>\n<li>\n\t\t\t\t\t\t\t\t<span class=\"fa fa-file-word-o fa-lg\" aria-hidden=\"true\"><\/span><br \/>\n\t\t\t\t\t\t\t\t<a href=\"https:\/\/www.cantabria.es\/documents\/16401\/99416699\/Solicitud+Convc+2025+Orden+IND-041-2025.docx\/69803207-68b9-23f6-2ca0-f5b389f57a31?t=1758704214343\" target=\"_blank\" rel=\"noopener noreferrer\">Modelo de Solicitud<\/a>\n<\/li>\n<\/ul>\n<h3>Lugar presentaci\u00f3n :<\/h3>\n<div>\n<p>Las personas jur\u00eddicas y dem\u00e1s sujetos recogidos en el art\u00edculo 14.2 de la ley 39\/2015, de 1 de octubre, del procedimiento administrativo com\u00fan de las administraciones p\u00fablicas, est\u00e1n obligados a presentar sus solicitudes a trav\u00e9s del <a href=\"https:\/\/rec.cantabria.es\/rec\/bienvenida.htm\"><strong>Registro Electr\u00f3nico General<\/strong><\/a> de la Administraci\u00f3n de la Comunidad Aut\u00f3noma de Cantabria en la direcci\u00f3n electr\u00f3nica \u00absede.cantabria.es\u00bb.<\/p>\n<\/div>\n<h3>\u00d3rgano tramitador:<\/h3>\n<div>\n\t\t\t\tDirecci\u00f3n: \n<p><strong>SERVICIO C\u00c1NTABRO DE EMPLEO (C\u00d3DIGO DIR3 O00006439 \u2013 A06027808)<\/strong><\/p>\n<p>Paseo General D\u00e1vila, 87 &#8211; 39006 Santander<\/p>\n<\/div>\n<p><span>Tel\u00e9fono: 942 20 50 77 &#8211; 942 20 70 36<\/span><\/p>\n<h3>Enlaces:<\/h3>\n<ul>\n<li><a href=\"https:\/\/boc.cantabria.es\/boces\/verAnuncioAction.do?idAnuBlob=424139\" target=\"_blank\" rel=\"noopener noreferrer\">Orden IND\/41\/2025, de 25 de agosto, por la que se establecen las bases reguladoras de subvenciones destinadas a entidades locales para realizar actuaciones de asesoramiento para el autoempleo, el emprendimiento viable y la dinamizaci\u00f3n del desar<\/a><\/li>\n<li><a href=\"https:\/\/boc.cantabria.es\/boces\/verAnuncioAction.do?idAnuBlob=424918\" target=\"_blank\" rel=\"noopener noreferrer\">Orden IND\/44\/2025, de 17 de septiembre, por la que se aprueba la convocatoria para 2025 de subvenciones destinadas a entidades locales para realizar actuaciones de asesoramiento para el autoempleo, el emprendimiento viable y la dinamizaci\u00f3n del <\/a><\/li>\n<\/ul>\n<div class=\"noticias-iframe\">\n<p>\t\t\t\t<a href=\"https:\/\/twitter.com\/share\" class=\"twitter-share-button\" data-url=\"https%3A%2F%2Fwww.cantabria.es%2Fdetalle%2F-%2Fjournal%2Frss%2F16401%2FRSS_ULTIMAS_AYUDAS\" data-via=\"cantabriaes\" data-text=\"CONVOCATORIA 2025 Orden IND\/41\/2025\" data-related=\"anywhere:The Javascript API\" data-count=\"horizontal\"><br \/>\n\t\t\t\t\tTweet<br \/>\n\t\t\t\t<\/a><\/p><\/div>\n<\/div>","protected":false},"excerpt":{"rendered":"<p>Subvencion: CONVOCATORIA 2025 Orden IND\/41\/2025 Con certificado Servicio telef\u00f3nico 012 de atenci\u00f3n al ciudadano de Cantabria Descripci\u00f3n: Orden IND\/44\/2025, de 17 de septiembre, por la que se aprueba la convocatoria para 2025 de subvenciones destinadas a entidades locales para realizar actuaciones de asesoramiento para el autoempleo, el emprendimiento viable y la dinamizaci\u00f3n del desarrollo econ\u00f3mico [&hellip;]<\/p>\n","protected":false},"author":5,"featured_media":0,"comment_status":"","ping_status":"","sticky":false,"template":"","format":"standard","meta":{"site-sidebar-layout":"default","site-content-layout":"","ast-site-content-layout":"default","site-content-style":"default","site-sidebar-style":"default","ast-global-header-display":"","ast-banner-title-visibility":"","ast-main-header-display":"","ast-hfb-above-header-display":"","ast-hfb-below-header-display":"","ast-hfb-mobile-header-display":"","site-post-title":"","ast-breadcrumbs-content":"","ast-featured-img":"","footer-sml-layout":"","ast-disable-related-posts":"","theme-transparent-header-meta":"","adv-header-id-meta":"","stick-header-meta":"","header-above-stick-meta":"","header-main-stick-meta":"","header-below-stick-meta":"","astra-migrate-meta-layouts":"default","ast-page-background-enabled":"default","ast-page-background-meta":{"desktop":{"background-color":"var(--ast-global-color-4)","background-image":"","background-repeat":"repeat","background-position":"center center","background-size":"auto","background-attachment":"scroll","background-type":"","background-media":"","overlay-type":"","overlay-color":"","overlay-opacity":"","overlay-gradient":""},"tablet":{"background-color":"","background-image":"","background-repeat":"repeat","background-position":"center center","background-size":"auto","background-attachment":"scroll","background-type":"","background-media":"","overlay-type":"","overlay-color":"","overlay-opacity":"","overlay-gradient":""},"mobile":{"background-color":"","background-image":"","background-repeat":"repeat","background-position":"center center","background-size":"auto","background-attachment":"scroll","background-type":"","background-media":"","overlay-type":"","overlay-color":"","overlay-opacity":"","overlay-gradient":""}},"ast-content-background-meta":{"desktop":{"background-color":"var(--ast-global-color-5)","background-image":"","background-repeat":"repeat","background-position":"center center","background-size":"auto","background-attachment":"scroll","background-type":"","background-media":"","overlay-type":"","overlay-color":"","overlay-opacity":"","overlay-gradient":""},"tablet":{"background-color":"var(--ast-global-color-5)","background-image":"","background-repeat":"repeat","background-position":"center center","background-size":"auto","background-attachment":"scroll","background-type":"","background-media":"","overlay-type":"","overlay-color":"","overlay-opacity":"","overlay-gradient":""},"mobile":{"background-color":"var(--ast-global-color-5)","background-image":"","background-repeat":"repeat","background-position":"center center","background-size":"auto","background-attachment":"scroll","background-type":"","background-media":"","overlay-type":"","overlay-color":"","overlay-opacity":"","overlay-gradient":""}},"footnotes":""},"categories":[8],"tags":[],"class_list":["post-182351","post","type-post","status-publish","format-standard","hentry","category-ayudas-y-subvenciones"],"yoast_head":"<!-- This site is optimized with the Yoast SEO Premium plugin v20.9 (Yoast SEO v27.4) - https:\/\/yoast.com\/product\/yoast-seo-premium-wordpress\/ -->\n<title>CONVOCATORIA 2025 Orden IND\/41\/2025 - bip4ex<\/title>\n<meta name=\"robots\" content=\"index, follow, max-snippet:-1, max-image-preview:large, max-video-preview:-1\" \/>\n<link rel=\"canonical\" href=\"https:\/\/helloproject.es\/vigilancia\/convocatoria-2025-orden-ind-41-2025\/\" \/>\n<meta property=\"og:locale\" content=\"es_ES\" \/>\n<meta property=\"og:type\" content=\"article\" \/>\n<meta property=\"og:title\" content=\"CONVOCATORIA 2025 Orden IND\/41\/2025\" \/>\n<meta property=\"og:description\" content=\"Subvencion: CONVOCATORIA 2025 Orden IND\/41\/2025 Con certificado Servicio telef\u00f3nico 012 de atenci\u00f3n al ciudadano de Cantabria Descripci\u00f3n: Orden IND\/44\/2025, de 17 de septiembre, por la que se aprueba la convocatoria para 2025 de subvenciones destinadas a entidades locales para realizar actuaciones de asesoramiento para el autoempleo, el emprendimiento viable y la dinamizaci\u00f3n del desarrollo econ\u00f3mico [&hellip;]\" \/>\n<meta property=\"og:url\" content=\"https:\/\/helloproject.es\/vigilancia\/convocatoria-2025-orden-ind-41-2025\/\" \/>\n<meta property=\"og:site_name\" content=\"bip4ex\" \/>\n<meta property=\"article:published_time\" content=\"2025-09-25T08:28:51+00:00\" \/>\n<meta property=\"og:image\" content=\"https:\/\/www.cantabria.es\/documents\/26427\/21881598\/DNIe.jpg\/01f4c245-cfe3-9563-9845-0e0f97e7f720?t=1648806919369\" \/>\n<meta name=\"author\" content=\"Luis Miguel Mej\u00edas Ramos\" \/>\n<meta name=\"twitter:card\" content=\"summary_large_image\" \/>\n<meta name=\"twitter:label1\" content=\"Escrito por\" \/>\n\t<meta name=\"twitter:data1\" content=\"Luis Miguel Mej\u00edas Ramos\" \/>\n\t<meta name=\"twitter:label2\" content=\"Tiempo de lectura\" \/>\n\t<meta name=\"twitter:data2\" content=\"5 minutos\" \/>\n<script type=\"application\/ld+json\" class=\"yoast-schema-graph\">{\"@context\":\"https:\\\/\\\/schema.org\",\"@graph\":[{\"@type\":\"Article\",\"@id\":\"https:\\\/\\\/helloproject.es\\\/vigilancia\\\/convocatoria-2025-orden-ind-41-2025\\\/#article\",\"isPartOf\":{\"@id\":\"https:\\\/\\\/helloproject.es\\\/vigilancia\\\/convocatoria-2025-orden-ind-41-2025\\\/\"},\"author\":{\"name\":\"Luis Miguel Mej\u00edas Ramos\",\"@id\":\"https:\\\/\\\/helloproject.es\\\/vigilancia\\\/#\\\/schema\\\/person\\\/3767b0619d59a11570372c821f8619ca\"},\"headline\":\"CONVOCATORIA 2025 Orden IND\\\/41\\\/2025\",\"datePublished\":\"2025-09-25T08:28:51+00:00\",\"mainEntityOfPage\":{\"@id\":\"https:\\\/\\\/helloproject.es\\\/vigilancia\\\/convocatoria-2025-orden-ind-41-2025\\\/\"},\"wordCount\":941,\"publisher\":{\"@id\":\"https:\\\/\\\/helloproject.es\\\/vigilancia\\\/#organization\"},\"image\":{\"@id\":\"https:\\\/\\\/helloproject.es\\\/vigilancia\\\/convocatoria-2025-orden-ind-41-2025\\\/#primaryimage\"},\"thumbnailUrl\":\"https:\\\/\\\/www.cantabria.es\\\/documents\\\/26427\\\/21881598\\\/DNIe.jpg\\\/01f4c245-cfe3-9563-9845-0e0f97e7f720?t=1648806919369\",\"articleSection\":[\"Ayudas y Subvenciones\"],\"inLanguage\":\"es\"},{\"@type\":\"WebPage\",\"@id\":\"https:\\\/\\\/helloproject.es\\\/vigilancia\\\/convocatoria-2025-orden-ind-41-2025\\\/\",\"url\":\"https:\\\/\\\/helloproject.es\\\/vigilancia\\\/convocatoria-2025-orden-ind-41-2025\\\/\",\"name\":\"CONVOCATORIA 2025 Orden IND\\\/41\\\/2025 - bip4ex\",\"isPartOf\":{\"@id\":\"https:\\\/\\\/helloproject.es\\\/vigilancia\\\/#website\"},\"primaryImageOfPage\":{\"@id\":\"https:\\\/\\\/helloproject.es\\\/vigilancia\\\/convocatoria-2025-orden-ind-41-2025\\\/#primaryimage\"},\"image\":{\"@id\":\"https:\\\/\\\/helloproject.es\\\/vigilancia\\\/convocatoria-2025-orden-ind-41-2025\\\/#primaryimage\"},\"thumbnailUrl\":\"https:\\\/\\\/www.cantabria.es\\\/documents\\\/26427\\\/21881598\\\/DNIe.jpg\\\/01f4c245-cfe3-9563-9845-0e0f97e7f720?t=1648806919369\",\"datePublished\":\"2025-09-25T08:28:51+00:00\",\"breadcrumb\":{\"@id\":\"https:\\\/\\\/helloproject.es\\\/vigilancia\\\/convocatoria-2025-orden-ind-41-2025\\\/#breadcrumb\"},\"inLanguage\":\"es\",\"potentialAction\":[{\"@type\":\"ReadAction\",\"target\":[\"https:\\\/\\\/helloproject.es\\\/vigilancia\\\/convocatoria-2025-orden-ind-41-2025\\\/\"]}]},{\"@type\":\"ImageObject\",\"inLanguage\":\"es\",\"@id\":\"https:\\\/\\\/helloproject.es\\\/vigilancia\\\/convocatoria-2025-orden-ind-41-2025\\\/#primaryimage\",\"url\":\"https:\\\/\\\/www.cantabria.es\\\/documents\\\/26427\\\/21881598\\\/DNIe.jpg\\\/01f4c245-cfe3-9563-9845-0e0f97e7f720?t=1648806919369\",\"contentUrl\":\"https:\\\/\\\/www.cantabria.es\\\/documents\\\/26427\\\/21881598\\\/DNIe.jpg\\\/01f4c245-cfe3-9563-9845-0e0f97e7f720?t=1648806919369\"},{\"@type\":\"BreadcrumbList\",\"@id\":\"https:\\\/\\\/helloproject.es\\\/vigilancia\\\/convocatoria-2025-orden-ind-41-2025\\\/#breadcrumb\",\"itemListElement\":[{\"@type\":\"ListItem\",\"position\":1,\"name\":\"Home\",\"item\":\"https:\\\/\\\/helloproject.es\\\/vigilancia\\\/\"},{\"@type\":\"ListItem\",\"position\":2,\"name\":\"CONVOCATORIA 2025 Orden IND\\\/41\\\/2025\"}]},{\"@type\":\"WebSite\",\"@id\":\"https:\\\/\\\/helloproject.es\\\/vigilancia\\\/#website\",\"url\":\"https:\\\/\\\/helloproject.es\\\/vigilancia\\\/\",\"name\":\"bip4ex\",\"description\":\"Vigilancia Tecnol\u00f3gica\",\"publisher\":{\"@id\":\"https:\\\/\\\/helloproject.es\\\/vigilancia\\\/#organization\"},\"potentialAction\":[{\"@type\":\"SearchAction\",\"target\":{\"@type\":\"EntryPoint\",\"urlTemplate\":\"https:\\\/\\\/helloproject.es\\\/vigilancia\\\/?s={search_term_string}\"},\"query-input\":{\"@type\":\"PropertyValueSpecification\",\"valueRequired\":true,\"valueName\":\"search_term_string\"}}],\"inLanguage\":\"es\"},{\"@type\":\"Organization\",\"@id\":\"https:\\\/\\\/helloproject.es\\\/vigilancia\\\/#organization\",\"name\":\"Helloproject.es\",\"url\":\"https:\\\/\\\/helloproject.es\\\/vigilancia\\\/\",\"logo\":{\"@type\":\"ImageObject\",\"inLanguage\":\"es\",\"@id\":\"https:\\\/\\\/helloproject.es\\\/vigilancia\\\/#\\\/schema\\\/logo\\\/image\\\/\",\"url\":\"https:\\\/\\\/helloproject.es\\\/vigilancia\\\/wp-content\\\/uploads\\\/2023\\\/07\\\/bip4ex.png\",\"contentUrl\":\"https:\\\/\\\/helloproject.es\\\/vigilancia\\\/wp-content\\\/uploads\\\/2023\\\/07\\\/bip4ex.png\",\"width\":322,\"height\":365,\"caption\":\"Helloproject.es\"},\"image\":{\"@id\":\"https:\\\/\\\/helloproject.es\\\/vigilancia\\\/#\\\/schema\\\/logo\\\/image\\\/\"}},{\"@type\":\"Person\",\"@id\":\"https:\\\/\\\/helloproject.es\\\/vigilancia\\\/#\\\/schema\\\/person\\\/3767b0619d59a11570372c821f8619ca\",\"name\":\"Luis Miguel Mej\u00edas Ramos\",\"url\":\"https:\\\/\\\/helloproject.es\\\/vigilancia\\\/author\\\/luismi\\\/\"}]}<\/script>\n<!-- \/ Yoast SEO Premium plugin. -->","yoast_head_json":{"title":"CONVOCATORIA 2025 Orden IND\/41\/2025 - bip4ex","robots":{"index":"index","follow":"follow","max-snippet":"max-snippet:-1","max-image-preview":"max-image-preview:large","max-video-preview":"max-video-preview:-1"},"canonical":"https:\/\/helloproject.es\/vigilancia\/convocatoria-2025-orden-ind-41-2025\/","og_locale":"es_ES","og_type":"article","og_title":"CONVOCATORIA 2025 Orden IND\/41\/2025","og_description":"Subvencion: CONVOCATORIA 2025 Orden IND\/41\/2025 Con certificado Servicio telef\u00f3nico 012 de atenci\u00f3n al ciudadano de Cantabria Descripci\u00f3n: Orden IND\/44\/2025, de 17 de septiembre, por la que se aprueba la convocatoria para 2025 de subvenciones destinadas a entidades locales para realizar actuaciones de asesoramiento para el autoempleo, el emprendimiento viable y la dinamizaci\u00f3n del desarrollo econ\u00f3mico [&hellip;]","og_url":"https:\/\/helloproject.es\/vigilancia\/convocatoria-2025-orden-ind-41-2025\/","og_site_name":"bip4ex","article_published_time":"2025-09-25T08:28:51+00:00","og_image":[{"url":"https:\/\/www.cantabria.es\/documents\/26427\/21881598\/DNIe.jpg\/01f4c245-cfe3-9563-9845-0e0f97e7f720?t=1648806919369","type":"","width":"","height":""}],"author":"Luis Miguel Mej\u00edas Ramos","twitter_card":"summary_large_image","twitter_misc":{"Escrito por":"Luis Miguel Mej\u00edas Ramos","Tiempo de lectura":"5 minutos"},"schema":{"@context":"https:\/\/schema.org","@graph":[{"@type":"Article","@id":"https:\/\/helloproject.es\/vigilancia\/convocatoria-2025-orden-ind-41-2025\/#article","isPartOf":{"@id":"https:\/\/helloproject.es\/vigilancia\/convocatoria-2025-orden-ind-41-2025\/"},"author":{"name":"Luis Miguel Mej\u00edas Ramos","@id":"https:\/\/helloproject.es\/vigilancia\/#\/schema\/person\/3767b0619d59a11570372c821f8619ca"},"headline":"CONVOCATORIA 2025 Orden IND\/41\/2025","datePublished":"2025-09-25T08:28:51+00:00","mainEntityOfPage":{"@id":"https:\/\/helloproject.es\/vigilancia\/convocatoria-2025-orden-ind-41-2025\/"},"wordCount":941,"publisher":{"@id":"https:\/\/helloproject.es\/vigilancia\/#organization"},"image":{"@id":"https:\/\/helloproject.es\/vigilancia\/convocatoria-2025-orden-ind-41-2025\/#primaryimage"},"thumbnailUrl":"https:\/\/www.cantabria.es\/documents\/26427\/21881598\/DNIe.jpg\/01f4c245-cfe3-9563-9845-0e0f97e7f720?t=1648806919369","articleSection":["Ayudas y Subvenciones"],"inLanguage":"es"},{"@type":"WebPage","@id":"https:\/\/helloproject.es\/vigilancia\/convocatoria-2025-orden-ind-41-2025\/","url":"https:\/\/helloproject.es\/vigilancia\/convocatoria-2025-orden-ind-41-2025\/","name":"CONVOCATORIA 2025 Orden IND\/41\/2025 - bip4ex","isPartOf":{"@id":"https:\/\/helloproject.es\/vigilancia\/#website"},"primaryImageOfPage":{"@id":"https:\/\/helloproject.es\/vigilancia\/convocatoria-2025-orden-ind-41-2025\/#primaryimage"},"image":{"@id":"https:\/\/helloproject.es\/vigilancia\/convocatoria-2025-orden-ind-41-2025\/#primaryimage"},"thumbnailUrl":"https:\/\/www.cantabria.es\/documents\/26427\/21881598\/DNIe.jpg\/01f4c245-cfe3-9563-9845-0e0f97e7f720?t=1648806919369","datePublished":"2025-09-25T08:28:51+00:00","breadcrumb":{"@id":"https:\/\/helloproject.es\/vigilancia\/convocatoria-2025-orden-ind-41-2025\/#breadcrumb"},"inLanguage":"es","potentialAction":[{"@type":"ReadAction","target":["https:\/\/helloproject.es\/vigilancia\/convocatoria-2025-orden-ind-41-2025\/"]}]},{"@type":"ImageObject","inLanguage":"es","@id":"https:\/\/helloproject.es\/vigilancia\/convocatoria-2025-orden-ind-41-2025\/#primaryimage","url":"https:\/\/www.cantabria.es\/documents\/26427\/21881598\/DNIe.jpg\/01f4c245-cfe3-9563-9845-0e0f97e7f720?t=1648806919369","contentUrl":"https:\/\/www.cantabria.es\/documents\/26427\/21881598\/DNIe.jpg\/01f4c245-cfe3-9563-9845-0e0f97e7f720?t=1648806919369"},{"@type":"BreadcrumbList","@id":"https:\/\/helloproject.es\/vigilancia\/convocatoria-2025-orden-ind-41-2025\/#breadcrumb","itemListElement":[{"@type":"ListItem","position":1,"name":"Home","item":"https:\/\/helloproject.es\/vigilancia\/"},{"@type":"ListItem","position":2,"name":"CONVOCATORIA 2025 Orden IND\/41\/2025"}]},{"@type":"WebSite","@id":"https:\/\/helloproject.es\/vigilancia\/#website","url":"https:\/\/helloproject.es\/vigilancia\/","name":"bip4ex","description":"Vigilancia Tecnol\u00f3gica","publisher":{"@id":"https:\/\/helloproject.es\/vigilancia\/#organization"},"potentialAction":[{"@type":"SearchAction","target":{"@type":"EntryPoint","urlTemplate":"https:\/\/helloproject.es\/vigilancia\/?s={search_term_string}"},"query-input":{"@type":"PropertyValueSpecification","valueRequired":true,"valueName":"search_term_string"}}],"inLanguage":"es"},{"@type":"Organization","@id":"https:\/\/helloproject.es\/vigilancia\/#organization","name":"Helloproject.es","url":"https:\/\/helloproject.es\/vigilancia\/","logo":{"@type":"ImageObject","inLanguage":"es","@id":"https:\/\/helloproject.es\/vigilancia\/#\/schema\/logo\/image\/","url":"https:\/\/helloproject.es\/vigilancia\/wp-content\/uploads\/2023\/07\/bip4ex.png","contentUrl":"https:\/\/helloproject.es\/vigilancia\/wp-content\/uploads\/2023\/07\/bip4ex.png","width":322,"height":365,"caption":"Helloproject.es"},"image":{"@id":"https:\/\/helloproject.es\/vigilancia\/#\/schema\/logo\/image\/"}},{"@type":"Person","@id":"https:\/\/helloproject.es\/vigilancia\/#\/schema\/person\/3767b0619d59a11570372c821f8619ca","name":"Luis Miguel Mej\u00edas Ramos","url":"https:\/\/helloproject.es\/vigilancia\/author\/luismi\/"}]}},"_links":{"self":[{"href":"https:\/\/helloproject.es\/vigilancia\/wp-json\/wp\/v2\/posts\/182351","targetHints":{"allow":["GET"]}}],"collection":[{"href":"https:\/\/helloproject.es\/vigilancia\/wp-json\/wp\/v2\/posts"}],"about":[{"href":"https:\/\/helloproject.es\/vigilancia\/wp-json\/wp\/v2\/types\/post"}],"author":[{"embeddable":true,"href":"https:\/\/helloproject.es\/vigilancia\/wp-json\/wp\/v2\/users\/5"}],"replies":[{"embeddable":true,"href":"https:\/\/helloproject.es\/vigilancia\/wp-json\/wp\/v2\/comments?post=182351"}],"version-history":[{"count":0,"href":"https:\/\/helloproject.es\/vigilancia\/wp-json\/wp\/v2\/posts\/182351\/revisions"}],"wp:attachment":[{"href":"https:\/\/helloproject.es\/vigilancia\/wp-json\/wp\/v2\/media?parent=182351"}],"wp:term":[{"taxonomy":"category","embeddable":true,"href":"https:\/\/helloproject.es\/vigilancia\/wp-json\/wp\/v2\/categories?post=182351"},{"taxonomy":"post_tag","embeddable":true,"href":"https:\/\/helloproject.es\/vigilancia\/wp-json\/wp\/v2\/tags?post=182351"}],"curies":[{"name":"wp","href":"https:\/\/api.w.org\/{rel}","templated":true}]}}