{"id":182358,"date":"2025-09-25T12:28:16","date_gmt":"2025-09-25T11:28:16","guid":{"rendered":"https:\/\/helloproject.es\/vigilancia\/los-astronautas-de-artemis-ii-listos-para-explorar-la-cara-oculta-de-la-luna\/"},"modified":"2025-09-25T12:28:16","modified_gmt":"2025-09-25T11:28:16","slug":"los-astronautas-de-artemis-ii-listos-para-explorar-la-cara-oculta-de-la-luna","status":"publish","type":"post","link":"https:\/\/helloproject.es\/vigilancia\/los-astronautas-de-artemis-ii-listos-para-explorar-la-cara-oculta-de-la-luna\/","title":{"rendered":"Los astronautas de Artemis II, listos para explorar la cara oculta de la Luna"},"content":{"rendered":"<p>Los cuatro astronautas de Artemis II, la primera misi\u00f3n de la NASA a la Luna en 50 a\u00f1os, cuyo despegue podr\u00eda suceder el pr\u00f3ximo febrero, afirmaron este mi\u00e9rcoles que est\u00e1n listos para volar y anunciaron que seguramente vean con sus ojos una parte del sat\u00e9lite que nunca antes haya sido observado.<\/p>\n<p>\u201cEstamos en el punto en el que ahora estamos preparados para volar\u201d, afirm\u00f3 el comandante de la misi\u00f3n, Reid Wiseman, durante una rueda de prensa en las instalaciones de la NASA en Houston (Texas).<\/p>\n<p>La misi\u00f3n durar\u00e1 diez d\u00edas, en los que la c\u00e1psula\u00a0Orion, bautizada como Integrity, rodear\u00e1 una vez la Luna.<\/p>\n<p>Aunque\u00a0Artemis II\u00a0no tocar\u00e1 la Luna, ser\u00e1 la \u00faltima prueba antes del regreso del ser humano a la superficie lunar, previsto con\u00a0Artemis III. La misi\u00f3n durar\u00e1 diez d\u00edas, en los que la c\u00e1psula\u00a0Orion, bautizada como Integrity, rodear\u00e1 una vez la Luna.<\/p>\n<p>Este ser\u00e1 el mayor acercamiento humano al sat\u00e9lite desde Apolo 17, que aluniz\u00f3 en diciembre de 1972 y cerr\u00f3 el programa Apolo.<\/p>\n<p><a href=\"https:\/\/www.agenciasinc.es\/Noticias\/La-NASA-retrasa-sus-misiones-tripuladas-a-la-Luna\" target=\"_blank\">https:\/\/www.agenciasinc.es\/Noticias\/La-NASA-retrasa-sus-misiones-tripuladas-a-la-Luna<\/a><\/p>\n<p><a href=\"https:\/\/www.agenciasinc.es\/Noticias\/EE-UU-quiere-pisar-el-polo-sur-de-la-Luna-antes-que-China\" target=\"_blank\">https:\/\/www.agenciasinc.es\/Noticias\/EE-UU-quiere-pisar-el-polo-sur-de-la-Luna-antes-que-China<\/a><\/p>\n<p><a href=\"https:\/\/www.agenciasinc.es\/Noticias\/Espana-se-une-al-programa-Artemis-de-EE-UU-para-la-exploracion-espacial\" target=\"_blank\">https:\/\/www.agenciasinc.es\/Noticias\/Espana-se-une-al-programa-Artemis-de-EE-UU-para-la-exploracion-espacial<\/a><\/p>\n<p>El lanzamiento est\u00e1 programado para abril de 2026, aunque la NASA anunci\u00f3 que intentar\u00e1\u00a0adelantarlo a febrero. Uno de los momentos clave ser\u00e1 el sobrevuelo a unos 10.000 kil\u00f3metros de distancia, con alta probabilidad de que los astronautas puedan observar la cara oculta de la Luna desde la c\u00e1psula.<\/p>\n<p>\u201cEs muy probable que, dependiendo de la fecha de lanzamiento, veamos cosas que ning\u00fan ser humano ha visto jam\u00e1s\u201d, a\u00f1adi\u00f3 Wiseman.<\/p>\n<p><a><\/a><\/p>\n<h2>Una astronauta de r\u00e9cord<\/h2>\n<p>Junto a \u00e9l viajan el piloto Victor Glover, el especialista de misi\u00f3n de la Agencia Espacial Canadiense, Jeremy Hansen, y la astronauta de la NASA Christina Koch, quien ostenta el r\u00e9cord del vuelo espacial m\u00e1s largo realizado por una mujer (328 d\u00edas) y particip\u00f3 en la primera caminata espacial exclusivamente femenina.<\/p>\n<p>Durante el vuelo, los astronautas realizar\u00e1n pruebas clave que sentar\u00e1n las bases para Artemis III, la misi\u00f3n que prev\u00e9 el regreso del ser humano a la Luna en 2027<\/p>\n<p>Hansen explic\u00f3 que han trabajado con cient\u00edficos de la NASA para aprender a identificar regiones lunares que podr\u00edan ser \u00fatiles para futuras misiones de recolecci\u00f3n de datos o para el alunizaje de un r\u00f3ver. \u201cEl ojo humano es un sistema m\u00e1gico\u201d, resumi\u00f3.<\/p>\n<p>Durante el vuelo, el equipo llevar\u00e1 a cabo pruebas y comprobaciones que servir\u00e1n de base para Artemis III, cuyo objetivo ser\u00e1 pisar la Luna por primera vez en m\u00e1s de cinco d\u00e9cadas. Este hito no se espera antes de 2027.<\/p>\n<p><a><\/a><\/p>\n<h2>Adaptaci\u00f3n al entorno espacial<\/h2>\n<p>Adem\u00e1s, los astronautas participar\u00e1n en cuatro investigaciones sobre la adaptaci\u00f3n humana al entorno espacial. Estos estudios analizar\u00e1n el impacto en las c\u00e9lulas, el sistema inmunitario y otros cambios fisiol\u00f3gicos, y contribuir\u00e1n a crear un repositorio con datos biom\u00e9dicos detallados.<\/p>\n<p>Estudios analizar\u00e1n el impacto en las c\u00e9lulas, el sistema inmunitario y otros cambios fisiol\u00f3gicos para crear un repositorio con datos biom\u00e9dicos<\/p>\n<p>Koch destac\u00f3 que el viaje aportar\u00e1 beneficios a la \u201cinnovaci\u00f3n, tecnolog\u00eda y desarrollo, no solo para misiones futuras, sino tambi\u00e9n para aplicaciones en la Tierra\u201d.<\/p>\n<p>La NASA inaugur\u00f3 el programa Artemis con el lanzamiento de la misi\u00f3n no tripulada Artemis I en 2022, que puso a prueba el rendimiento del cohete SLS y la nave Orion en un vuelo de larga duraci\u00f3n.\u00a0Artemis II despegar\u00e1 desde el Centro Espacial Kennedy, en Florida, y aterrizar\u00e1 en el Pac\u00edfico oriental, cerca de la costa de San Diego (EE UU).<\/p>","protected":false},"excerpt":{"rendered":"<p>Los cuatro astronautas de Artemis II, la primera misi\u00f3n de la NASA a la Luna en 50 a\u00f1os, cuyo despegue podr\u00eda suceder el pr\u00f3ximo febrero, afirmaron este mi\u00e9rcoles que est\u00e1n listos para volar y anunciaron que seguramente vean con sus ojos una parte del sat\u00e9lite que nunca antes haya sido observado. \u201cEstamos en el punto [&hellip;]<\/p>\n","protected":false},"author":5,"featured_media":0,"comment_status":"","ping_status":"","sticky":false,"template":"","format":"standard","meta":{"site-sidebar-layout":"default","site-content-layout":"","ast-site-content-layout":"default","site-content-style":"default","site-sidebar-style":"default","ast-global-header-display":"","ast-banner-title-visibility":"","ast-main-header-display":"","ast-hfb-above-header-display":"","ast-hfb-below-header-display":"","ast-hfb-mobile-header-display":"","site-post-title":"","ast-breadcrumbs-content":"","ast-featured-img":"","footer-sml-layout":"","ast-disable-related-posts":"","theme-transparent-header-meta":"","adv-header-id-meta":"","stick-header-meta":"","header-above-stick-meta":"","header-main-stick-meta":"","header-below-stick-meta":"","astra-migrate-meta-layouts":"default","ast-page-background-enabled":"default","ast-page-background-meta":{"desktop":{"background-color":"var(--ast-global-color-4)","background-image":"","background-repeat":"repeat","background-position":"center center","background-size":"auto","background-attachment":"scroll","background-type":"","background-media":"","overlay-type":"","overlay-color":"","overlay-opacity":"","overlay-gradient":""},"tablet":{"background-color":"","background-image":"","background-repeat":"repeat","background-position":"center center","background-size":"auto","background-attachment":"scroll","background-type":"","background-media":"","overlay-type":"","overlay-color":"","overlay-opacity":"","overlay-gradient":""},"mobile":{"background-color":"","background-image":"","background-repeat":"repeat","background-position":"center center","background-size":"auto","background-attachment":"scroll","background-type":"","background-media":"","overlay-type":"","overlay-color":"","overlay-opacity":"","overlay-gradient":""}},"ast-content-background-meta":{"desktop":{"background-color":"var(--ast-global-color-5)","background-image":"","background-repeat":"repeat","background-position":"center center","background-size":"auto","background-attachment":"scroll","background-type":"","background-media":"","overlay-type":"","overlay-color":"","overlay-opacity":"","overlay-gradient":""},"tablet":{"background-color":"var(--ast-global-color-5)","background-image":"","background-repeat":"repeat","background-position":"center center","background-size":"auto","background-attachment":"scroll","background-type":"","background-media":"","overlay-type":"","overlay-color":"","overlay-opacity":"","overlay-gradient":""},"mobile":{"background-color":"var(--ast-global-color-5)","background-image":"","background-repeat":"repeat","background-position":"center center","background-size":"auto","background-attachment":"scroll","background-type":"","background-media":"","overlay-type":"","overlay-color":"","overlay-opacity":"","overlay-gradient":""}},"footnotes":""},"categories":[5],"tags":[],"class_list":["post-182358","post","type-post","status-publish","format-standard","hentry","category-noticias"],"yoast_head":"<!-- This site is optimized with the Yoast SEO Premium plugin v20.9 (Yoast SEO v27.4) - https:\/\/yoast.com\/product\/yoast-seo-premium-wordpress\/ -->\n<title>Los astronautas de Artemis II, listos para explorar la cara oculta de la Luna - bip4ex<\/title>\n<meta name=\"robots\" content=\"index, follow, max-snippet:-1, max-image-preview:large, max-video-preview:-1\" \/>\n<link rel=\"canonical\" href=\"https:\/\/helloproject.es\/vigilancia\/los-astronautas-de-artemis-ii-listos-para-explorar-la-cara-oculta-de-la-luna\/\" \/>\n<meta property=\"og:locale\" content=\"es_ES\" \/>\n<meta property=\"og:type\" content=\"article\" \/>\n<meta property=\"og:title\" content=\"Los astronautas de Artemis II, listos para explorar la cara oculta de la Luna\" \/>\n<meta property=\"og:description\" content=\"Los cuatro astronautas de Artemis II, la primera misi\u00f3n de la NASA a la Luna en 50 a\u00f1os, cuyo despegue podr\u00eda suceder el pr\u00f3ximo febrero, afirmaron este mi\u00e9rcoles que est\u00e1n listos para volar y anunciaron que seguramente vean con sus ojos una parte del sat\u00e9lite que nunca antes haya sido observado. \u201cEstamos en el punto [&hellip;]\" \/>\n<meta property=\"og:url\" content=\"https:\/\/helloproject.es\/vigilancia\/los-astronautas-de-artemis-ii-listos-para-explorar-la-cara-oculta-de-la-luna\/\" \/>\n<meta property=\"og:site_name\" content=\"bip4ex\" \/>\n<meta property=\"article:published_time\" content=\"2025-09-25T11:28:16+00:00\" \/>\n<meta name=\"author\" content=\"Luis Miguel Mej\u00edas Ramos\" \/>\n<meta name=\"twitter:card\" content=\"summary_large_image\" \/>\n<meta name=\"twitter:label1\" content=\"Escrito por\" \/>\n\t<meta name=\"twitter:data1\" content=\"Luis Miguel Mej\u00edas Ramos\" \/>\n\t<meta name=\"twitter:label2\" content=\"Tiempo de lectura\" \/>\n\t<meta name=\"twitter:data2\" content=\"3 minutos\" \/>\n<script type=\"application\/ld+json\" class=\"yoast-schema-graph\">{\"@context\":\"https:\\\/\\\/schema.org\",\"@graph\":[{\"@type\":\"Article\",\"@id\":\"https:\\\/\\\/helloproject.es\\\/vigilancia\\\/los-astronautas-de-artemis-ii-listos-para-explorar-la-cara-oculta-de-la-luna\\\/#article\",\"isPartOf\":{\"@id\":\"https:\\\/\\\/helloproject.es\\\/vigilancia\\\/los-astronautas-de-artemis-ii-listos-para-explorar-la-cara-oculta-de-la-luna\\\/\"},\"author\":{\"name\":\"Luis Miguel Mej\u00edas Ramos\",\"@id\":\"https:\\\/\\\/helloproject.es\\\/vigilancia\\\/#\\\/schema\\\/person\\\/3767b0619d59a11570372c821f8619ca\"},\"headline\":\"Los astronautas de Artemis II, listos para explorar la cara oculta de la Luna\",\"datePublished\":\"2025-09-25T11:28:16+00:00\",\"mainEntityOfPage\":{\"@id\":\"https:\\\/\\\/helloproject.es\\\/vigilancia\\\/los-astronautas-de-artemis-ii-listos-para-explorar-la-cara-oculta-de-la-luna\\\/\"},\"wordCount\":635,\"publisher\":{\"@id\":\"https:\\\/\\\/helloproject.es\\\/vigilancia\\\/#organization\"},\"articleSection\":[\"Noticias\"],\"inLanguage\":\"es\"},{\"@type\":\"WebPage\",\"@id\":\"https:\\\/\\\/helloproject.es\\\/vigilancia\\\/los-astronautas-de-artemis-ii-listos-para-explorar-la-cara-oculta-de-la-luna\\\/\",\"url\":\"https:\\\/\\\/helloproject.es\\\/vigilancia\\\/los-astronautas-de-artemis-ii-listos-para-explorar-la-cara-oculta-de-la-luna\\\/\",\"name\":\"Los astronautas de Artemis II, listos para explorar la cara oculta de la Luna - bip4ex\",\"isPartOf\":{\"@id\":\"https:\\\/\\\/helloproject.es\\\/vigilancia\\\/#website\"},\"datePublished\":\"2025-09-25T11:28:16+00:00\",\"breadcrumb\":{\"@id\":\"https:\\\/\\\/helloproject.es\\\/vigilancia\\\/los-astronautas-de-artemis-ii-listos-para-explorar-la-cara-oculta-de-la-luna\\\/#breadcrumb\"},\"inLanguage\":\"es\",\"potentialAction\":[{\"@type\":\"ReadAction\",\"target\":[\"https:\\\/\\\/helloproject.es\\\/vigilancia\\\/los-astronautas-de-artemis-ii-listos-para-explorar-la-cara-oculta-de-la-luna\\\/\"]}]},{\"@type\":\"BreadcrumbList\",\"@id\":\"https:\\\/\\\/helloproject.es\\\/vigilancia\\\/los-astronautas-de-artemis-ii-listos-para-explorar-la-cara-oculta-de-la-luna\\\/#breadcrumb\",\"itemListElement\":[{\"@type\":\"ListItem\",\"position\":1,\"name\":\"Home\",\"item\":\"https:\\\/\\\/helloproject.es\\\/vigilancia\\\/\"},{\"@type\":\"ListItem\",\"position\":2,\"name\":\"Los astronautas de Artemis II, listos para explorar la cara oculta de la Luna\"}]},{\"@type\":\"WebSite\",\"@id\":\"https:\\\/\\\/helloproject.es\\\/vigilancia\\\/#website\",\"url\":\"https:\\\/\\\/helloproject.es\\\/vigilancia\\\/\",\"name\":\"bip4ex\",\"description\":\"Vigilancia Tecnol\u00f3gica\",\"publisher\":{\"@id\":\"https:\\\/\\\/helloproject.es\\\/vigilancia\\\/#organization\"},\"potentialAction\":[{\"@type\":\"SearchAction\",\"target\":{\"@type\":\"EntryPoint\",\"urlTemplate\":\"https:\\\/\\\/helloproject.es\\\/vigilancia\\\/?s={search_term_string}\"},\"query-input\":{\"@type\":\"PropertyValueSpecification\",\"valueRequired\":true,\"valueName\":\"search_term_string\"}}],\"inLanguage\":\"es\"},{\"@type\":\"Organization\",\"@id\":\"https:\\\/\\\/helloproject.es\\\/vigilancia\\\/#organization\",\"name\":\"Helloproject.es\",\"url\":\"https:\\\/\\\/helloproject.es\\\/vigilancia\\\/\",\"logo\":{\"@type\":\"ImageObject\",\"inLanguage\":\"es\",\"@id\":\"https:\\\/\\\/helloproject.es\\\/vigilancia\\\/#\\\/schema\\\/logo\\\/image\\\/\",\"url\":\"https:\\\/\\\/helloproject.es\\\/vigilancia\\\/wp-content\\\/uploads\\\/2023\\\/07\\\/bip4ex.png\",\"contentUrl\":\"https:\\\/\\\/helloproject.es\\\/vigilancia\\\/wp-content\\\/uploads\\\/2023\\\/07\\\/bip4ex.png\",\"width\":322,\"height\":365,\"caption\":\"Helloproject.es\"},\"image\":{\"@id\":\"https:\\\/\\\/helloproject.es\\\/vigilancia\\\/#\\\/schema\\\/logo\\\/image\\\/\"}},{\"@type\":\"Person\",\"@id\":\"https:\\\/\\\/helloproject.es\\\/vigilancia\\\/#\\\/schema\\\/person\\\/3767b0619d59a11570372c821f8619ca\",\"name\":\"Luis Miguel Mej\u00edas Ramos\",\"url\":\"https:\\\/\\\/helloproject.es\\\/vigilancia\\\/author\\\/luismi\\\/\"}]}<\/script>\n<!-- \/ Yoast SEO Premium plugin. -->","yoast_head_json":{"title":"Los astronautas de Artemis II, listos para explorar la cara oculta de la Luna - bip4ex","robots":{"index":"index","follow":"follow","max-snippet":"max-snippet:-1","max-image-preview":"max-image-preview:large","max-video-preview":"max-video-preview:-1"},"canonical":"https:\/\/helloproject.es\/vigilancia\/los-astronautas-de-artemis-ii-listos-para-explorar-la-cara-oculta-de-la-luna\/","og_locale":"es_ES","og_type":"article","og_title":"Los astronautas de Artemis II, listos para explorar la cara oculta de la Luna","og_description":"Los cuatro astronautas de Artemis II, la primera misi\u00f3n de la NASA a la Luna en 50 a\u00f1os, cuyo despegue podr\u00eda suceder el pr\u00f3ximo febrero, afirmaron este mi\u00e9rcoles que est\u00e1n listos para volar y anunciaron que seguramente vean con sus ojos una parte del sat\u00e9lite que nunca antes haya sido observado. \u201cEstamos en el punto [&hellip;]","og_url":"https:\/\/helloproject.es\/vigilancia\/los-astronautas-de-artemis-ii-listos-para-explorar-la-cara-oculta-de-la-luna\/","og_site_name":"bip4ex","article_published_time":"2025-09-25T11:28:16+00:00","author":"Luis Miguel Mej\u00edas Ramos","twitter_card":"summary_large_image","twitter_misc":{"Escrito por":"Luis Miguel Mej\u00edas Ramos","Tiempo de lectura":"3 minutos"},"schema":{"@context":"https:\/\/schema.org","@graph":[{"@type":"Article","@id":"https:\/\/helloproject.es\/vigilancia\/los-astronautas-de-artemis-ii-listos-para-explorar-la-cara-oculta-de-la-luna\/#article","isPartOf":{"@id":"https:\/\/helloproject.es\/vigilancia\/los-astronautas-de-artemis-ii-listos-para-explorar-la-cara-oculta-de-la-luna\/"},"author":{"name":"Luis Miguel Mej\u00edas Ramos","@id":"https:\/\/helloproject.es\/vigilancia\/#\/schema\/person\/3767b0619d59a11570372c821f8619ca"},"headline":"Los astronautas de Artemis II, listos para explorar la cara oculta de la Luna","datePublished":"2025-09-25T11:28:16+00:00","mainEntityOfPage":{"@id":"https:\/\/helloproject.es\/vigilancia\/los-astronautas-de-artemis-ii-listos-para-explorar-la-cara-oculta-de-la-luna\/"},"wordCount":635,"publisher":{"@id":"https:\/\/helloproject.es\/vigilancia\/#organization"},"articleSection":["Noticias"],"inLanguage":"es"},{"@type":"WebPage","@id":"https:\/\/helloproject.es\/vigilancia\/los-astronautas-de-artemis-ii-listos-para-explorar-la-cara-oculta-de-la-luna\/","url":"https:\/\/helloproject.es\/vigilancia\/los-astronautas-de-artemis-ii-listos-para-explorar-la-cara-oculta-de-la-luna\/","name":"Los astronautas de Artemis II, listos para explorar la cara oculta de la Luna - bip4ex","isPartOf":{"@id":"https:\/\/helloproject.es\/vigilancia\/#website"},"datePublished":"2025-09-25T11:28:16+00:00","breadcrumb":{"@id":"https:\/\/helloproject.es\/vigilancia\/los-astronautas-de-artemis-ii-listos-para-explorar-la-cara-oculta-de-la-luna\/#breadcrumb"},"inLanguage":"es","potentialAction":[{"@type":"ReadAction","target":["https:\/\/helloproject.es\/vigilancia\/los-astronautas-de-artemis-ii-listos-para-explorar-la-cara-oculta-de-la-luna\/"]}]},{"@type":"BreadcrumbList","@id":"https:\/\/helloproject.es\/vigilancia\/los-astronautas-de-artemis-ii-listos-para-explorar-la-cara-oculta-de-la-luna\/#breadcrumb","itemListElement":[{"@type":"ListItem","position":1,"name":"Home","item":"https:\/\/helloproject.es\/vigilancia\/"},{"@type":"ListItem","position":2,"name":"Los astronautas de Artemis II, listos para explorar la cara oculta de la Luna"}]},{"@type":"WebSite","@id":"https:\/\/helloproject.es\/vigilancia\/#website","url":"https:\/\/helloproject.es\/vigilancia\/","name":"bip4ex","description":"Vigilancia Tecnol\u00f3gica","publisher":{"@id":"https:\/\/helloproject.es\/vigilancia\/#organization"},"potentialAction":[{"@type":"SearchAction","target":{"@type":"EntryPoint","urlTemplate":"https:\/\/helloproject.es\/vigilancia\/?s={search_term_string}"},"query-input":{"@type":"PropertyValueSpecification","valueRequired":true,"valueName":"search_term_string"}}],"inLanguage":"es"},{"@type":"Organization","@id":"https:\/\/helloproject.es\/vigilancia\/#organization","name":"Helloproject.es","url":"https:\/\/helloproject.es\/vigilancia\/","logo":{"@type":"ImageObject","inLanguage":"es","@id":"https:\/\/helloproject.es\/vigilancia\/#\/schema\/logo\/image\/","url":"https:\/\/helloproject.es\/vigilancia\/wp-content\/uploads\/2023\/07\/bip4ex.png","contentUrl":"https:\/\/helloproject.es\/vigilancia\/wp-content\/uploads\/2023\/07\/bip4ex.png","width":322,"height":365,"caption":"Helloproject.es"},"image":{"@id":"https:\/\/helloproject.es\/vigilancia\/#\/schema\/logo\/image\/"}},{"@type":"Person","@id":"https:\/\/helloproject.es\/vigilancia\/#\/schema\/person\/3767b0619d59a11570372c821f8619ca","name":"Luis Miguel Mej\u00edas Ramos","url":"https:\/\/helloproject.es\/vigilancia\/author\/luismi\/"}]}},"_links":{"self":[{"href":"https:\/\/helloproject.es\/vigilancia\/wp-json\/wp\/v2\/posts\/182358","targetHints":{"allow":["GET"]}}],"collection":[{"href":"https:\/\/helloproject.es\/vigilancia\/wp-json\/wp\/v2\/posts"}],"about":[{"href":"https:\/\/helloproject.es\/vigilancia\/wp-json\/wp\/v2\/types\/post"}],"author":[{"embeddable":true,"href":"https:\/\/helloproject.es\/vigilancia\/wp-json\/wp\/v2\/users\/5"}],"replies":[{"embeddable":true,"href":"https:\/\/helloproject.es\/vigilancia\/wp-json\/wp\/v2\/comments?post=182358"}],"version-history":[{"count":0,"href":"https:\/\/helloproject.es\/vigilancia\/wp-json\/wp\/v2\/posts\/182358\/revisions"}],"wp:attachment":[{"href":"https:\/\/helloproject.es\/vigilancia\/wp-json\/wp\/v2\/media?parent=182358"}],"wp:term":[{"taxonomy":"category","embeddable":true,"href":"https:\/\/helloproject.es\/vigilancia\/wp-json\/wp\/v2\/categories?post=182358"},{"taxonomy":"post_tag","embeddable":true,"href":"https:\/\/helloproject.es\/vigilancia\/wp-json\/wp\/v2\/tags?post=182358"}],"curies":[{"name":"wp","href":"https:\/\/api.w.org\/{rel}","templated":true}]}}