{"id":182375,"date":"2025-09-25T21:17:34","date_gmt":"2025-09-25T20:17:34","guid":{"rendered":"https:\/\/helloproject.es\/vigilancia\/monica-garcia-en-la-onu-genocidio-con-todas-sus-letras-es-importante-nombrarlo\/"},"modified":"2025-09-25T21:17:34","modified_gmt":"2025-09-25T20:17:34","slug":"monica-garcia-en-la-onu-genocidio-con-todas-sus-letras-es-importante-nombrarlo","status":"publish","type":"post","link":"https:\/\/helloproject.es\/vigilancia\/monica-garcia-en-la-onu-genocidio-con-todas-sus-letras-es-importante-nombrarlo\/","title":{"rendered":"M\u00f3nica Garc\u00eda en la ONU: \u00abGenocidio, con todas sus letras, es importante nombrarlo\u00bb"},"content":{"rendered":"<ul>\n<li><strong>La ministra de Sanidad ha participado este jueves en la<br \/>\nsesi\u00f3n plenaria de la 4\u00aa Reuni\u00f3n de Alto Nivel<br \/>\ncelebrada en el marco del 80\u00ba periodo de sesiones de la<br \/>\nAsamblea General de Naciones Unidas.<\/strong><\/li>\n<li><strong>Garc\u00eda ha se\u00f1alado en Nueva York la<br \/>\nnecesidad de que la comunidad internacional act\u00fae con la<br \/>\nmisma firmeza frente a todas las violaciones de derechos<br \/>\nhumanos.<\/strong><\/li>\n<li><strong>Durante la sesi\u00f3n plenaria ha defendido un<br \/>\nmultilateralismo eficaz y la integraci\u00f3n de la salud mental<br \/>\ny la prevenci\u00f3n de enfermedades no transmisibles en las<br \/>\npol\u00edticas internacionales.<\/strong><\/li>\n<\/ul>","protected":false},"excerpt":{"rendered":"<p>La ministra de Sanidad ha participado este jueves en la sesi\u00f3n plenaria de la 4\u00aa Reuni\u00f3n de Alto Nivel celebrada en el marco del 80\u00ba periodo de sesiones de la Asamblea General de Naciones Unidas. Garc\u00eda ha se\u00f1alado en Nueva York la necesidad de que la comunidad internacional act\u00fae con la misma firmeza frente a [&hellip;]<\/p>\n","protected":false},"author":5,"featured_media":0,"comment_status":"","ping_status":"","sticky":false,"template":"","format":"standard","meta":{"site-sidebar-layout":"default","site-content-layout":"","ast-site-content-layout":"default","site-content-style":"default","site-sidebar-style":"default","ast-global-header-display":"","ast-banner-title-visibility":"","ast-main-header-display":"","ast-hfb-above-header-display":"","ast-hfb-below-header-display":"","ast-hfb-mobile-header-display":"","site-post-title":"","ast-breadcrumbs-content":"","ast-featured-img":"","footer-sml-layout":"","ast-disable-related-posts":"","theme-transparent-header-meta":"","adv-header-id-meta":"","stick-header-meta":"","header-above-stick-meta":"","header-main-stick-meta":"","header-below-stick-meta":"","astra-migrate-meta-layouts":"default","ast-page-background-enabled":"default","ast-page-background-meta":{"desktop":{"background-color":"var(--ast-global-color-4)","background-image":"","background-repeat":"repeat","background-position":"center center","background-size":"auto","background-attachment":"scroll","background-type":"","background-media":"","overlay-type":"","overlay-color":"","overlay-opacity":"","overlay-gradient":""},"tablet":{"background-color":"","background-image":"","background-repeat":"repeat","background-position":"center center","background-size":"auto","background-attachment":"scroll","background-type":"","background-media":"","overlay-type":"","overlay-color":"","overlay-opacity":"","overlay-gradient":""},"mobile":{"background-color":"","background-image":"","background-repeat":"repeat","background-position":"center center","background-size":"auto","background-attachment":"scroll","background-type":"","background-media":"","overlay-type":"","overlay-color":"","overlay-opacity":"","overlay-gradient":""}},"ast-content-background-meta":{"desktop":{"background-color":"var(--ast-global-color-5)","background-image":"","background-repeat":"repeat","background-position":"center center","background-size":"auto","background-attachment":"scroll","background-type":"","background-media":"","overlay-type":"","overlay-color":"","overlay-opacity":"","overlay-gradient":""},"tablet":{"background-color":"var(--ast-global-color-5)","background-image":"","background-repeat":"repeat","background-position":"center center","background-size":"auto","background-attachment":"scroll","background-type":"","background-media":"","overlay-type":"","overlay-color":"","overlay-opacity":"","overlay-gradient":""},"mobile":{"background-color":"var(--ast-global-color-5)","background-image":"","background-repeat":"repeat","background-position":"center center","background-size":"auto","background-attachment":"scroll","background-type":"","background-media":"","overlay-type":"","overlay-color":"","overlay-opacity":"","overlay-gradient":""}},"footnotes":""},"categories":[5],"tags":[],"class_list":["post-182375","post","type-post","status-publish","format-standard","hentry","category-noticias"],"yoast_head":"<!-- This site is optimized with the Yoast SEO Premium plugin v20.9 (Yoast SEO v27.4) - https:\/\/yoast.com\/product\/yoast-seo-premium-wordpress\/ -->\n<title>M\u00f3nica Garc\u00eda en la ONU: &quot;Genocidio, con todas sus letras, es importante nombrarlo&quot; - bip4ex<\/title>\n<meta name=\"robots\" content=\"index, follow, max-snippet:-1, max-image-preview:large, max-video-preview:-1\" \/>\n<link rel=\"canonical\" href=\"https:\/\/helloproject.es\/vigilancia\/monica-garcia-en-la-onu-genocidio-con-todas-sus-letras-es-importante-nombrarlo\/\" \/>\n<meta property=\"og:locale\" content=\"es_ES\" \/>\n<meta property=\"og:type\" content=\"article\" \/>\n<meta property=\"og:title\" content=\"M\u00f3nica Garc\u00eda en la ONU: &quot;Genocidio, con todas sus letras, es importante nombrarlo&quot;\" \/>\n<meta property=\"og:description\" content=\"La ministra de Sanidad ha participado este jueves en la sesi\u00f3n plenaria de la 4\u00aa Reuni\u00f3n de Alto Nivel celebrada en el marco del 80\u00ba periodo de sesiones de la Asamblea General de Naciones Unidas. Garc\u00eda ha se\u00f1alado en Nueva York la necesidad de que la comunidad internacional act\u00fae con la misma firmeza frente a [&hellip;]\" \/>\n<meta property=\"og:url\" content=\"https:\/\/helloproject.es\/vigilancia\/monica-garcia-en-la-onu-genocidio-con-todas-sus-letras-es-importante-nombrarlo\/\" \/>\n<meta property=\"og:site_name\" content=\"bip4ex\" \/>\n<meta property=\"article:published_time\" content=\"2025-09-25T20:17:34+00:00\" \/>\n<meta name=\"author\" content=\"Luis Miguel Mej\u00edas Ramos\" \/>\n<meta name=\"twitter:card\" content=\"summary_large_image\" \/>\n<meta name=\"twitter:label1\" content=\"Escrito por\" \/>\n\t<meta name=\"twitter:data1\" content=\"Luis Miguel Mej\u00edas Ramos\" \/>\n<script type=\"application\/ld+json\" class=\"yoast-schema-graph\">{\"@context\":\"https:\\\/\\\/schema.org\",\"@graph\":[{\"@type\":\"Article\",\"@id\":\"https:\\\/\\\/helloproject.es\\\/vigilancia\\\/monica-garcia-en-la-onu-genocidio-con-todas-sus-letras-es-importante-nombrarlo\\\/#article\",\"isPartOf\":{\"@id\":\"https:\\\/\\\/helloproject.es\\\/vigilancia\\\/monica-garcia-en-la-onu-genocidio-con-todas-sus-letras-es-importante-nombrarlo\\\/\"},\"author\":{\"name\":\"Luis Miguel Mej\u00edas Ramos\",\"@id\":\"https:\\\/\\\/helloproject.es\\\/vigilancia\\\/#\\\/schema\\\/person\\\/3767b0619d59a11570372c821f8619ca\"},\"headline\":\"M\u00f3nica Garc\u00eda en la ONU: \u00abGenocidio, con todas sus letras, es importante nombrarlo\u00bb\",\"datePublished\":\"2025-09-25T20:17:34+00:00\",\"mainEntityOfPage\":{\"@id\":\"https:\\\/\\\/helloproject.es\\\/vigilancia\\\/monica-garcia-en-la-onu-genocidio-con-todas-sus-letras-es-importante-nombrarlo\\\/\"},\"wordCount\":110,\"publisher\":{\"@id\":\"https:\\\/\\\/helloproject.es\\\/vigilancia\\\/#organization\"},\"articleSection\":[\"Noticias\"],\"inLanguage\":\"es\"},{\"@type\":\"WebPage\",\"@id\":\"https:\\\/\\\/helloproject.es\\\/vigilancia\\\/monica-garcia-en-la-onu-genocidio-con-todas-sus-letras-es-importante-nombrarlo\\\/\",\"url\":\"https:\\\/\\\/helloproject.es\\\/vigilancia\\\/monica-garcia-en-la-onu-genocidio-con-todas-sus-letras-es-importante-nombrarlo\\\/\",\"name\":\"M\u00f3nica Garc\u00eda en la ONU: \\\"Genocidio, con todas sus letras, es importante nombrarlo\\\" - bip4ex\",\"isPartOf\":{\"@id\":\"https:\\\/\\\/helloproject.es\\\/vigilancia\\\/#website\"},\"datePublished\":\"2025-09-25T20:17:34+00:00\",\"breadcrumb\":{\"@id\":\"https:\\\/\\\/helloproject.es\\\/vigilancia\\\/monica-garcia-en-la-onu-genocidio-con-todas-sus-letras-es-importante-nombrarlo\\\/#breadcrumb\"},\"inLanguage\":\"es\",\"potentialAction\":[{\"@type\":\"ReadAction\",\"target\":[\"https:\\\/\\\/helloproject.es\\\/vigilancia\\\/monica-garcia-en-la-onu-genocidio-con-todas-sus-letras-es-importante-nombrarlo\\\/\"]}]},{\"@type\":\"BreadcrumbList\",\"@id\":\"https:\\\/\\\/helloproject.es\\\/vigilancia\\\/monica-garcia-en-la-onu-genocidio-con-todas-sus-letras-es-importante-nombrarlo\\\/#breadcrumb\",\"itemListElement\":[{\"@type\":\"ListItem\",\"position\":1,\"name\":\"Home\",\"item\":\"https:\\\/\\\/helloproject.es\\\/vigilancia\\\/\"},{\"@type\":\"ListItem\",\"position\":2,\"name\":\"M\u00f3nica Garc\u00eda en la ONU: \u00abGenocidio, con todas sus letras, es importante nombrarlo\u00bb\"}]},{\"@type\":\"WebSite\",\"@id\":\"https:\\\/\\\/helloproject.es\\\/vigilancia\\\/#website\",\"url\":\"https:\\\/\\\/helloproject.es\\\/vigilancia\\\/\",\"name\":\"bip4ex\",\"description\":\"Vigilancia Tecnol\u00f3gica\",\"publisher\":{\"@id\":\"https:\\\/\\\/helloproject.es\\\/vigilancia\\\/#organization\"},\"potentialAction\":[{\"@type\":\"SearchAction\",\"target\":{\"@type\":\"EntryPoint\",\"urlTemplate\":\"https:\\\/\\\/helloproject.es\\\/vigilancia\\\/?s={search_term_string}\"},\"query-input\":{\"@type\":\"PropertyValueSpecification\",\"valueRequired\":true,\"valueName\":\"search_term_string\"}}],\"inLanguage\":\"es\"},{\"@type\":\"Organization\",\"@id\":\"https:\\\/\\\/helloproject.es\\\/vigilancia\\\/#organization\",\"name\":\"Helloproject.es\",\"url\":\"https:\\\/\\\/helloproject.es\\\/vigilancia\\\/\",\"logo\":{\"@type\":\"ImageObject\",\"inLanguage\":\"es\",\"@id\":\"https:\\\/\\\/helloproject.es\\\/vigilancia\\\/#\\\/schema\\\/logo\\\/image\\\/\",\"url\":\"https:\\\/\\\/helloproject.es\\\/vigilancia\\\/wp-content\\\/uploads\\\/2023\\\/07\\\/bip4ex.png\",\"contentUrl\":\"https:\\\/\\\/helloproject.es\\\/vigilancia\\\/wp-content\\\/uploads\\\/2023\\\/07\\\/bip4ex.png\",\"width\":322,\"height\":365,\"caption\":\"Helloproject.es\"},\"image\":{\"@id\":\"https:\\\/\\\/helloproject.es\\\/vigilancia\\\/#\\\/schema\\\/logo\\\/image\\\/\"}},{\"@type\":\"Person\",\"@id\":\"https:\\\/\\\/helloproject.es\\\/vigilancia\\\/#\\\/schema\\\/person\\\/3767b0619d59a11570372c821f8619ca\",\"name\":\"Luis Miguel Mej\u00edas Ramos\",\"url\":\"https:\\\/\\\/helloproject.es\\\/vigilancia\\\/author\\\/luismi\\\/\"}]}<\/script>\n<!-- \/ Yoast SEO Premium plugin. -->","yoast_head_json":{"title":"M\u00f3nica Garc\u00eda en la ONU: \"Genocidio, con todas sus letras, es importante nombrarlo\" - bip4ex","robots":{"index":"index","follow":"follow","max-snippet":"max-snippet:-1","max-image-preview":"max-image-preview:large","max-video-preview":"max-video-preview:-1"},"canonical":"https:\/\/helloproject.es\/vigilancia\/monica-garcia-en-la-onu-genocidio-con-todas-sus-letras-es-importante-nombrarlo\/","og_locale":"es_ES","og_type":"article","og_title":"M\u00f3nica Garc\u00eda en la ONU: \"Genocidio, con todas sus letras, es importante nombrarlo\"","og_description":"La ministra de Sanidad ha participado este jueves en la sesi\u00f3n plenaria de la 4\u00aa Reuni\u00f3n de Alto Nivel celebrada en el marco del 80\u00ba periodo de sesiones de la Asamblea General de Naciones Unidas. Garc\u00eda ha se\u00f1alado en Nueva York la necesidad de que la comunidad internacional act\u00fae con la misma firmeza frente a [&hellip;]","og_url":"https:\/\/helloproject.es\/vigilancia\/monica-garcia-en-la-onu-genocidio-con-todas-sus-letras-es-importante-nombrarlo\/","og_site_name":"bip4ex","article_published_time":"2025-09-25T20:17:34+00:00","author":"Luis Miguel Mej\u00edas Ramos","twitter_card":"summary_large_image","twitter_misc":{"Escrito por":"Luis Miguel Mej\u00edas Ramos"},"schema":{"@context":"https:\/\/schema.org","@graph":[{"@type":"Article","@id":"https:\/\/helloproject.es\/vigilancia\/monica-garcia-en-la-onu-genocidio-con-todas-sus-letras-es-importante-nombrarlo\/#article","isPartOf":{"@id":"https:\/\/helloproject.es\/vigilancia\/monica-garcia-en-la-onu-genocidio-con-todas-sus-letras-es-importante-nombrarlo\/"},"author":{"name":"Luis Miguel Mej\u00edas Ramos","@id":"https:\/\/helloproject.es\/vigilancia\/#\/schema\/person\/3767b0619d59a11570372c821f8619ca"},"headline":"M\u00f3nica Garc\u00eda en la ONU: \u00abGenocidio, con todas sus letras, es importante nombrarlo\u00bb","datePublished":"2025-09-25T20:17:34+00:00","mainEntityOfPage":{"@id":"https:\/\/helloproject.es\/vigilancia\/monica-garcia-en-la-onu-genocidio-con-todas-sus-letras-es-importante-nombrarlo\/"},"wordCount":110,"publisher":{"@id":"https:\/\/helloproject.es\/vigilancia\/#organization"},"articleSection":["Noticias"],"inLanguage":"es"},{"@type":"WebPage","@id":"https:\/\/helloproject.es\/vigilancia\/monica-garcia-en-la-onu-genocidio-con-todas-sus-letras-es-importante-nombrarlo\/","url":"https:\/\/helloproject.es\/vigilancia\/monica-garcia-en-la-onu-genocidio-con-todas-sus-letras-es-importante-nombrarlo\/","name":"M\u00f3nica Garc\u00eda en la ONU: \"Genocidio, con todas sus letras, es importante nombrarlo\" - bip4ex","isPartOf":{"@id":"https:\/\/helloproject.es\/vigilancia\/#website"},"datePublished":"2025-09-25T20:17:34+00:00","breadcrumb":{"@id":"https:\/\/helloproject.es\/vigilancia\/monica-garcia-en-la-onu-genocidio-con-todas-sus-letras-es-importante-nombrarlo\/#breadcrumb"},"inLanguage":"es","potentialAction":[{"@type":"ReadAction","target":["https:\/\/helloproject.es\/vigilancia\/monica-garcia-en-la-onu-genocidio-con-todas-sus-letras-es-importante-nombrarlo\/"]}]},{"@type":"BreadcrumbList","@id":"https:\/\/helloproject.es\/vigilancia\/monica-garcia-en-la-onu-genocidio-con-todas-sus-letras-es-importante-nombrarlo\/#breadcrumb","itemListElement":[{"@type":"ListItem","position":1,"name":"Home","item":"https:\/\/helloproject.es\/vigilancia\/"},{"@type":"ListItem","position":2,"name":"M\u00f3nica Garc\u00eda en la ONU: \u00abGenocidio, con todas sus letras, es importante nombrarlo\u00bb"}]},{"@type":"WebSite","@id":"https:\/\/helloproject.es\/vigilancia\/#website","url":"https:\/\/helloproject.es\/vigilancia\/","name":"bip4ex","description":"Vigilancia Tecnol\u00f3gica","publisher":{"@id":"https:\/\/helloproject.es\/vigilancia\/#organization"},"potentialAction":[{"@type":"SearchAction","target":{"@type":"EntryPoint","urlTemplate":"https:\/\/helloproject.es\/vigilancia\/?s={search_term_string}"},"query-input":{"@type":"PropertyValueSpecification","valueRequired":true,"valueName":"search_term_string"}}],"inLanguage":"es"},{"@type":"Organization","@id":"https:\/\/helloproject.es\/vigilancia\/#organization","name":"Helloproject.es","url":"https:\/\/helloproject.es\/vigilancia\/","logo":{"@type":"ImageObject","inLanguage":"es","@id":"https:\/\/helloproject.es\/vigilancia\/#\/schema\/logo\/image\/","url":"https:\/\/helloproject.es\/vigilancia\/wp-content\/uploads\/2023\/07\/bip4ex.png","contentUrl":"https:\/\/helloproject.es\/vigilancia\/wp-content\/uploads\/2023\/07\/bip4ex.png","width":322,"height":365,"caption":"Helloproject.es"},"image":{"@id":"https:\/\/helloproject.es\/vigilancia\/#\/schema\/logo\/image\/"}},{"@type":"Person","@id":"https:\/\/helloproject.es\/vigilancia\/#\/schema\/person\/3767b0619d59a11570372c821f8619ca","name":"Luis Miguel Mej\u00edas Ramos","url":"https:\/\/helloproject.es\/vigilancia\/author\/luismi\/"}]}},"_links":{"self":[{"href":"https:\/\/helloproject.es\/vigilancia\/wp-json\/wp\/v2\/posts\/182375","targetHints":{"allow":["GET"]}}],"collection":[{"href":"https:\/\/helloproject.es\/vigilancia\/wp-json\/wp\/v2\/posts"}],"about":[{"href":"https:\/\/helloproject.es\/vigilancia\/wp-json\/wp\/v2\/types\/post"}],"author":[{"embeddable":true,"href":"https:\/\/helloproject.es\/vigilancia\/wp-json\/wp\/v2\/users\/5"}],"replies":[{"embeddable":true,"href":"https:\/\/helloproject.es\/vigilancia\/wp-json\/wp\/v2\/comments?post=182375"}],"version-history":[{"count":0,"href":"https:\/\/helloproject.es\/vigilancia\/wp-json\/wp\/v2\/posts\/182375\/revisions"}],"wp:attachment":[{"href":"https:\/\/helloproject.es\/vigilancia\/wp-json\/wp\/v2\/media?parent=182375"}],"wp:term":[{"taxonomy":"category","embeddable":true,"href":"https:\/\/helloproject.es\/vigilancia\/wp-json\/wp\/v2\/categories?post=182375"},{"taxonomy":"post_tag","embeddable":true,"href":"https:\/\/helloproject.es\/vigilancia\/wp-json\/wp\/v2\/tags?post=182375"}],"curies":[{"name":"wp","href":"https:\/\/api.w.org\/{rel}","templated":true}]}}