{"id":182914,"date":"2025-10-02T19:28:21","date_gmt":"2025-10-02T18:28:21","guid":{"rendered":"https:\/\/helloproject.es\/vigilancia\/la-frecuencia-y-el-coste-de-los-incendios-forestales-se-disparan-en-cuatro-decadas\/"},"modified":"2025-10-02T19:28:21","modified_gmt":"2025-10-02T18:28:21","slug":"la-frecuencia-y-el-coste-de-los-incendios-forestales-se-disparan-en-cuatro-decadas","status":"publish","type":"post","link":"https:\/\/helloproject.es\/vigilancia\/la-frecuencia-y-el-coste-de-los-incendios-forestales-se-disparan-en-cuatro-decadas\/","title":{"rendered":"La frecuencia y el coste de los incendios forestales se disparan en cuatro d\u00e9cadas"},"content":{"rendered":"<p>Un <a href=\"https:\/\/doi.org\/10.1126\/science.adr5127\" target=\"_blank\">nuevo estudio<\/a> publicado en la revista Science revela que los desastres causados por incendios forestales se han disparado en frecuencia y coste en todo el mundo. Casi la mitad de los episodios m\u00e1s graves registrados en los \u00faltimos 44 a\u00f1os se concentran \u00fanicamente en la \u00faltima d\u00e9cada.<\/p>\n<p>En concreto, el trabajo muestra un fuerte aumento de los desastres por incendios desde 2015. \u201cEl cambio clim\u00e1tico es un factor clave, ya que las condiciones m\u00e1s c\u00e1lidas y secas crean paisajes m\u00e1s propensos al fuego. Pero la aceleraci\u00f3n tambi\u00e9n refleja la colisi\u00f3n de esta se\u00f1al clim\u00e1tica con factores humanos, como poblaciones densas, la expansi\u00f3n de los bordes urbanos y la acumulaci\u00f3n de combustible en algunos lugares. Los desastres ocurren cuando estas fuerzas convergen\u201d, declara a SINC Calum Cunningham, que lidera el estudio en la Universidad de Tasmania (Australia).<\/p>\n<p><img decoding=\"async\" src=\"https:\/\/www.agenciasinc.es\/bundles\/app\/images\/quotebefore.png\" \/><\/p>\n<p>Los gobiernos deber\u00edan recopilar y publicar de forma sistem\u00e1tica datos sobre las p\u00e9rdidas ocasionadas por los incendios<\/p>\n<p>Calum Cunningham, Universidad de Tasmania<br \/>\n<img decoding=\"async\" src=\"https:\/\/www.agenciasinc.es\/bundles\/app\/images\/quoteafter.png\" \/><\/p>\n<p>Los hallazgos de la investigaci\u00f3n se basan en un an\u00e1lisis de datos globales e informes internacionales sobre cat\u00e1strofes, que revelan una tendencia preocupante y subrayan la necesidad de adaptarse a un mundo cada vez m\u00e1s propenso a los incendios.<\/p>\n<p>\u201cLos gobiernos deber\u00edan recopilar y publicar de forma sistem\u00e1tica datos sobre las p\u00e9rdidas ocasionadas por los incendios, tanto humanas como econ\u00f3micas. La notificaci\u00f3n estandarizada, las bases de datos abiertas y los registros a largo plazo son fundamentales. Sin datos transparentes, es muy dif\u00edcil que cient\u00edficos y gestores puedan seguir tendencias, evaluar la adaptaci\u00f3n y aprender de los desastres en otros lugares para que la historia no se repita\u201d, se\u00f1ala Cunningham.<\/p>\n<p>La cuenca mediterr\u00e1nea, el sur de Australia, el oeste de Norteam\u00e9rica y partes de Chile destacan como zonas de muy alto riesgo. \u201cEstas regiones combinan vegetaci\u00f3n altamente inflamable, condiciones meteorol\u00f3gicas extremas para incendios y poblaciones densas. La riqueza tambi\u00e9n influye, porque los grandes desastres resultan m\u00e1s da\u00f1inos econ\u00f3micamente cuando el fuego afecta a zonas con activos de alto valor\u201d, indica el cient\u00edfico.<\/p>\n<p><img decoding=\"async\" src=\"https:\/\/www.agenciasinc.es\/bundles\/app\/images\/quotebefore.png\" \/><\/p>\n<p>La adaptaci\u00f3n debe ser multinivel. Esto implica viviendas m\u00e1s seguras, la rehabilitaci\u00f3n de edificios existentes y la creaci\u00f3n de espacios defendibles<\/p>\n<p>Calum Cunningham<br \/>\n<img decoding=\"async\" src=\"https:\/\/www.agenciasinc.es\/bundles\/app\/images\/quoteafter.png\" \/><\/p>\n<p>Respecto a c\u00f3mo evolucionar\u00e1n las estrategias de adaptaci\u00f3n en estas regiones, Cunningham recalca: \u201cLa adaptaci\u00f3n debe ser multinivel. Esto implica viviendas m\u00e1s seguras y c\u00f3digos de construcci\u00f3n adecuados, la rehabilitaci\u00f3n de edificios existentes, la creaci\u00f3n de espacios defendibles, mejores planes de evacuaci\u00f3n y comunicaci\u00f3n, as\u00ed como la gesti\u00f3n de combustibles en los paisajes circundantes. Urge pasar de la supresi\u00f3n reactiva a la preparaci\u00f3n proactiva\u201d.<\/p>\n<p><a><\/a><\/p>\n<h2>Clima extremo y factores humanos<\/h2>\n<p>Pese a la creciente preocupaci\u00f3n, los autores de este estudio se\u00f1alan que hasta ahora apenas exist\u00edan evidencias globales y sistem\u00e1ticas que confirmaran si los incendios forestales con consecuencias sociales y econ\u00f3micas graves se estaban volviendo m\u00e1s frecuentes o costosos.<\/p>\n<p>Para cubrir este vac\u00edo, el equipo recopil\u00f3 dos bases de datos globales de desastres: <a href=\"https:\/\/www.munichre.com\/en\/solutions\/for-industry-clients\/natcatservice.html\" target=\"_blank\">NatCatSERVICE<\/a>, uno de los conjuntos de datos m\u00e1s completos, y la base de datos de acceso p\u00fablico <a href=\"https:\/\/www.emdat.be\/\" target=\"_blank\">Emergency Events Database (EM-DAT),<\/a> con el fin de examinar los desastres por incendios entre 1980 y 2023.<\/p>\n<p>Los desastres por incendios se han intensificado de forma dr\u00e1stica en las \u00faltimas d\u00e9cadas, con un aumento marcado desde 2015<\/p>\n<p>Al integrar ambos conjuntos de datos, los autores pudieron evaluar a escala global tanto los impactos sociales como las p\u00e9rdidas econ\u00f3micas de los principales desastres forestales.<\/p>\n<p>El estudio concluye que los desastres por incendios se han intensificado de forma dr\u00e1stica en las \u00faltimas d\u00e9cadas, con un aumento marcado desde 2015: las crisis econ\u00f3micas se han multiplicado por cuatro desde 1980 y casi la mitad de los eventos m\u00e1s da\u00f1inos se concentran en la \u00faltima d\u00e9cada.<\/p>\n<p>\u201cNuestro estudio muestra que est\u00e1n aumentando en todos los continentes, vinculados al cambio clim\u00e1tico y a vulnerabilidades compartidas. Esto convierte al fuego en un reto global, que requiere cooperaci\u00f3n internacional, aprendizaje compartido y el reconocimiento de que muchos pa\u00edses enfrentan problemas similares\u201d, destaca Cunningham.<\/p>\n<p><img decoding=\"async\" src=\"https:\/\/www.agenciasinc.es\/bundles\/app\/images\/quotebefore.png\" \/><\/p>\n<p>Est\u00e1n aumentando en todos los continentes, vinculados al cambio clim\u00e1tico y a vulnerabilidades compartidas<\/p>\n<p>Calum Cunningham<br \/>\n<img decoding=\"async\" src=\"https:\/\/www.agenciasinc.es\/bundles\/app\/images\/quoteafter.png\" \/><\/p>\n<p>Esta escalada responde tanto a condiciones clim\u00e1ticas extremas como a factores humanos \u2014expansi\u00f3n urbana, cambios de uso del suelo y pol\u00edticas de supresi\u00f3n del fuego\u2014, con especial impacto en biomas propensos al fuego y en zonas urbanas pr\u00f3speras donde las p\u00e9rdidas econ\u00f3micas resultan mayores.<\/p>\n<p>\u201cNo existe un enfoque \u00fanico para el tratamiento de los combustibles. La gesti\u00f3n del territorio debe adaptarse al contexto local, a la cultura y al ecosistema de cada lugar. En algunos lugares puede implicar quemas prescritas; en ciertos casos, usar cabras para consumir el combustible; y en otros, realizar un desbroce mec\u00e1nico de la vegetaci\u00f3n excesivamente densa\u201d, concluye Cunningham.<\/p>\n<p><a><\/a><\/p>\n<h2>Mitigaci\u00f3n y prevenci\u00f3n proactiva<\/h2>\n<p>Los incendios forestales catastr\u00f3ficos \u2014los que provocan grandes da\u00f1os y elevan dr\u00e1sticamente los costes de supresi\u00f3n\u2014 se est\u00e1n volviendo cada vez m\u00e1s frecuentes e intensos en todo el mundo, una tendencia que se agrava con el cambio clim\u00e1tico.<\/p>\n<p>En otra <a href=\"https:\/\/doi.org\/10.1126\/science.adx1230\" target=\"_blank\">investigaci\u00f3n<\/a> publicada en la revista Science, un equipo de cient\u00edficos presenta un caso de estudio de un gobierno en una encrucijada, el de la Columbia Brit\u00e1nica (Canad\u00e1). El trabajo analiza que, si los costos directos e indirectos de los incendios contin\u00faan creciendo, tambi\u00e9n podr\u00eda aumentar la motivaci\u00f3n para invertir m\u00e1s en mitigaci\u00f3n.<\/p>\n<p><img decoding=\"async\" src=\"https:\/\/www.agenciasinc.es\/bundles\/app\/images\/quotebefore.png\" \/><\/p>\n<p>Estas actuaciones son mucho m\u00e1s baratas, ya que la prevenci\u00f3n puede ser hasta 600 veces m\u00e1s eficiente seg\u00fan algunos estudios<\/p>\n<p>Robin Gregory, Universidad de British Columbia<br \/>\n<img decoding=\"async\" src=\"https:\/\/www.agenciasinc.es\/bundles\/app\/images\/quoteafter.png\" \/><\/p>\n<p>\u201cRealmente no sabemos cu\u00e1les ser\u00e1n los costos a largo plazo ni cu\u00e1nto tiempo tardaremos en ver resultados. Lo que s\u00ed sabemos es que estas actuaciones son mucho m\u00e1s baratas, ya que la prevenci\u00f3n puede ser hasta 600 veces m\u00e1s eficiente seg\u00fan algunos estudios\u201d, dice a SINC Robin Gregory, de la Universidad de British Columbia (Canad\u00e1) y el Instituto de Investigaci\u00f3n de Oreg\u00f3n (EE UU), autor principal del estudio.<\/p>\n<p>Los mandatarios pol\u00edticos de esta regi\u00f3n tuvieron que decidir si seguir gastando de forma reactiva en recuperaci\u00f3n o invertir en estrategias que reduzcan el riesgo de incendios futuros.<\/p>\n<p>En la \u00faltima d\u00e9cada, la Columbia Brit\u00e1nica ha perdido m\u00e1s de\u00a07 millones de hect\u00e1reas por incendios, con un coste que supera los 4 800 millones de d\u00f3lares, sin contar los impactos sobre la salud y la econom\u00eda local.<\/p>\n<p>\u201cHemos tenido bastante \u00e9xito con las quemas prescritas. Comenzamos con logros sencillos: quemas de baja complejidad, en lugares peque\u00f1os y seguros, que nos permiten construir confianza p\u00fablica y fortalecer nuestra propia capacidad. Explicamos al p\u00fablico qu\u00e9 hacemos y por qu\u00e9, y somos honestos sobre el humo y los efectos sobre la fauna\u201d.<\/p>\n<p><img decoding=\"async\" src=\"https:\/\/www.agenciasinc.es\/bundles\/app\/images\/quotebefore.png\" \/><\/p>\n<p>Explicamos al p\u00fablico qu\u00e9 hacemos y por qu\u00e9, y somos honestos sobre el humo y los efectos sobre la fauna<\/p>\n<p>Robin Gregory<br \/>\n<img decoding=\"async\" src=\"https:\/\/www.agenciasinc.es\/bundles\/app\/images\/quoteafter.png\" \/><\/p>\n<p>El equipo de Gregory colabor\u00f3 estrechamente con pol\u00edticos y cient\u00edficos, y advierte que ampliar la mitigaci\u00f3n requiere apoyo social para mantener inversiones durante d\u00e9cadas.<\/p>\n<p>\u201cTambi\u00e9n generamos confianza mostrando que contamos con suficientes recursos: ver un gran cami\u00f3n rojo en su vecindario durante la quema les da tranquilidad, y aunque cueste un poco m\u00e1s, vale la pena. Adem\u00e1s de trabajar con el p\u00fablico, colaboramos estrechamente con los pol\u00edticos, llev\u00e1ndolos a excursiones de campo y manteni\u00e9ndolos bien informados\u201d, explica.<\/p>\n<p><a><\/a><\/p>\n<h2>Diferentes estrategias seg\u00fan el lugar<\/h2>\n<p>La gu\u00eda que usaron para fortalecer la resiliencia frente a incendios a escala de paisaje se bas\u00f3 en la ciencia ind\u00edgena. \u201cSabemos que los paisajes hist\u00f3ricos no soportaban los grandes incendios de alta intensidad que vemos hoy, los cuales causan da\u00f1os significativos a la sociedad, el medio ambiente y la econom\u00eda. El mosaico de bosques quemados y no quemados, praderas h\u00famedas, pastizales, matorrales y bosques de hoja dura funcionaba como barrera que limitaba la propagaci\u00f3n del fuego y reduc\u00edan su intensidad cuando ocurr\u00eda\u201d, explica Gregory.<\/p>\n<p><img decoding=\"async\" src=\"https:\/\/www.agenciasinc.es\/bundles\/app\/images\/quotebefore.png\" \/><\/p>\n<p>Adelantarse a esta crisis no ser\u00e1 barato, y actualmente esta zona enfrenta un d\u00e9ficit presupuestario de 12 mil millones de d\u00f3lares<\/p>\n<p>Robin Gregory<br \/>\n<img decoding=\"async\" src=\"https:\/\/www.agenciasinc.es\/bundles\/app\/images\/quoteafter.png\" \/><\/p>\n<p>Actualmente trabajan con la Naci\u00f3n Ktunaxa en el sureste de la Columbia Brit\u00e1nica y la Naci\u00f3n Lillooet en el centro-sur, con planes de resiliencia a escala de paisaje sobre estos territorios tradicionales (3,8 millones de hect\u00e1reas y 1,3 millones de hect\u00e1reas, respectivamente).<\/p>\n<p>\u201cAdelantarse a esta crisis no ser\u00e1 barato, y actualmente esta zona enfrenta un d\u00e9ficit presupuestario de 12 mil millones de d\u00f3lares. La Columbia Brit\u00e1nica es una provincia grande, con poca poblaci\u00f3n y costosa infraestructura, adem\u00e1s de programas sociales importantes como salud, educaci\u00f3n, vivienda y tratamiento de adicciones\u201d, argumenta el experto.<\/p>\n<p><a><\/a><\/p>\n<h2>La urgencia de anticiparse<\/h2>\n<p>Para Gregory es crucial estar preparados y que este problema no les coja por sorpresa a las regiones afectadas. \u201cPersonalmente, creo que los residentes de la Columbia Brit\u00e1nica est\u00e1n mucho m\u00e1s adelantados que los pol\u00edticos en reconocer la crisis y en querer anticiparse a ella. En Victoria parece existir cierta par\u00e1lisis ante este problema, mientras que otras jurisdicciones act\u00faan de manera m\u00e1s agresiva con cambios legislativos, de pol\u00edticas y financiamiento para adelantarse a la crisis\u201d, asegura.\u00a0\u00a0<\/p>\n<p><img decoding=\"async\" src=\"https:\/\/www.agenciasinc.es\/bundles\/app\/images\/quotebefore.png\" \/><\/p>\n<p>Los residentes de la Columbia Brit\u00e1nica est\u00e1n mucho m\u00e1s adelantados que los pol\u00edticos en reconocer la crisis y en querer anticiparse a ella<\/p>\n<p>Robin Gregory<br \/>\n<img decoding=\"async\" src=\"https:\/\/www.agenciasinc.es\/bundles\/app\/images\/quoteafter.png\" \/><\/p>\n<p>Otra lecci\u00f3n clave, seg\u00fan el equipo, es dar esperanza a la poblaci\u00f3n mostrando que se est\u00e1 tomando el problema en serio y que existe una soluci\u00f3n. \u201cHasta ahora, en la Columbia Brit\u00e1nica no veo que se est\u00e9n dando ninguno de estos pasos\u201d, enfatiza.<\/p>\n<p>Por \u00faltimo, los autores plantean cuatro recomendaciones clave en su estudio. En primer lugar, proponen definir objetivos claros de resiliencia basados en an\u00e1lisis econ\u00f3micos y de riesgo. Tambi\u00e9n destacan la importancia de promover la comprensi\u00f3n y el respaldo de la ciudadan\u00eda para asumir sacrificios a corto plazo, como las quemas prescritas, y de llevar a cabo intervenciones colaborativas y pr\u00e1cticas a escala de paisaje con cient\u00edficos, l\u00edderes ind\u00edgenas, industria y comunidades.<\/p>\n<p>Referencias:<\/p>\n<p>Calum X. Cunningham et al. \u201cClimate-linked escalation of societally disastrous wildfires\u201d.\u00a0<a href=\"https:\/\/doi.org\/10.1126\/science.adr5127\" target=\"_blank\">Science<\/a>.<\/p>\n<p>Robert Gray et al. \u201cWildfire management at a crossroads: Mitigation and prevention or response and recovery?\u201d.\u00a0<a href=\"https:\/\/doi.org\/10.1126\/science.adx1230\" target=\"_blank\">Science<\/a>.<\/p>","protected":false},"excerpt":{"rendered":"<p>Un nuevo estudio publicado en la revista Science revela que los desastres causados por incendios forestales se han disparado en frecuencia y coste en todo el mundo. Casi la mitad de los episodios m\u00e1s graves registrados en los \u00faltimos 44 a\u00f1os se concentran \u00fanicamente en la \u00faltima d\u00e9cada. En concreto, el trabajo muestra un fuerte [&hellip;]<\/p>\n","protected":false},"author":5,"featured_media":0,"comment_status":"","ping_status":"","sticky":false,"template":"","format":"standard","meta":{"site-sidebar-layout":"default","site-content-layout":"","ast-site-content-layout":"default","site-content-style":"default","site-sidebar-style":"default","ast-global-header-display":"","ast-banner-title-visibility":"","ast-main-header-display":"","ast-hfb-above-header-display":"","ast-hfb-below-header-display":"","ast-hfb-mobile-header-display":"","site-post-title":"","ast-breadcrumbs-content":"","ast-featured-img":"","footer-sml-layout":"","ast-disable-related-posts":"","theme-transparent-header-meta":"","adv-header-id-meta":"","stick-header-meta":"","header-above-stick-meta":"","header-main-stick-meta":"","header-below-stick-meta":"","astra-migrate-meta-layouts":"default","ast-page-background-enabled":"default","ast-page-background-meta":{"desktop":{"background-color":"var(--ast-global-color-4)","background-image":"","background-repeat":"repeat","background-position":"center center","background-size":"auto","background-attachment":"scroll","background-type":"","background-media":"","overlay-type":"","overlay-color":"","overlay-opacity":"","overlay-gradient":""},"tablet":{"background-color":"","background-image":"","background-repeat":"repeat","background-position":"center center","background-size":"auto","background-attachment":"scroll","background-type":"","background-media":"","overlay-type":"","overlay-color":"","overlay-opacity":"","overlay-gradient":""},"mobile":{"background-color":"","background-image":"","background-repeat":"repeat","background-position":"center center","background-size":"auto","background-attachment":"scroll","background-type":"","background-media":"","overlay-type":"","overlay-color":"","overlay-opacity":"","overlay-gradient":""}},"ast-content-background-meta":{"desktop":{"background-color":"var(--ast-global-color-5)","background-image":"","background-repeat":"repeat","background-position":"center center","background-size":"auto","background-attachment":"scroll","background-type":"","background-media":"","overlay-type":"","overlay-color":"","overlay-opacity":"","overlay-gradient":""},"tablet":{"background-color":"var(--ast-global-color-5)","background-image":"","background-repeat":"repeat","background-position":"center center","background-size":"auto","background-attachment":"scroll","background-type":"","background-media":"","overlay-type":"","overlay-color":"","overlay-opacity":"","overlay-gradient":""},"mobile":{"background-color":"var(--ast-global-color-5)","background-image":"","background-repeat":"repeat","background-position":"center center","background-size":"auto","background-attachment":"scroll","background-type":"","background-media":"","overlay-type":"","overlay-color":"","overlay-opacity":"","overlay-gradient":""}},"footnotes":""},"categories":[5],"tags":[],"class_list":["post-182914","post","type-post","status-publish","format-standard","hentry","category-noticias"],"yoast_head":"<!-- This site is optimized with the Yoast SEO Premium plugin v20.9 (Yoast SEO v27.4) - https:\/\/yoast.com\/product\/yoast-seo-premium-wordpress\/ -->\n<title>La frecuencia y el coste de los incendios forestales se disparan en cuatro d\u00e9cadas - bip4ex<\/title>\n<meta name=\"robots\" content=\"index, follow, max-snippet:-1, max-image-preview:large, max-video-preview:-1\" \/>\n<link rel=\"canonical\" href=\"https:\/\/helloproject.es\/vigilancia\/la-frecuencia-y-el-coste-de-los-incendios-forestales-se-disparan-en-cuatro-decadas\/\" \/>\n<meta property=\"og:locale\" content=\"es_ES\" \/>\n<meta property=\"og:type\" content=\"article\" \/>\n<meta property=\"og:title\" content=\"La frecuencia y el coste de los incendios forestales se disparan en cuatro d\u00e9cadas\" \/>\n<meta property=\"og:description\" content=\"Un nuevo estudio publicado en la revista Science revela que los desastres causados por incendios forestales se han disparado en frecuencia y coste en todo el mundo. Casi la mitad de los episodios m\u00e1s graves registrados en los \u00faltimos 44 a\u00f1os se concentran \u00fanicamente en la \u00faltima d\u00e9cada. En concreto, el trabajo muestra un fuerte [&hellip;]\" \/>\n<meta property=\"og:url\" content=\"https:\/\/helloproject.es\/vigilancia\/la-frecuencia-y-el-coste-de-los-incendios-forestales-se-disparan-en-cuatro-decadas\/\" \/>\n<meta property=\"og:site_name\" content=\"bip4ex\" \/>\n<meta property=\"article:published_time\" content=\"2025-10-02T18:28:21+00:00\" \/>\n<meta property=\"og:image\" content=\"https:\/\/www.agenciasinc.es\/bundles\/app\/images\/quotebefore.png\" \/>\n<meta name=\"author\" content=\"Luis Miguel Mej\u00edas Ramos\" \/>\n<meta name=\"twitter:card\" content=\"summary_large_image\" \/>\n<meta name=\"twitter:label1\" content=\"Escrito por\" \/>\n\t<meta name=\"twitter:data1\" content=\"Luis Miguel Mej\u00edas Ramos\" \/>\n\t<meta name=\"twitter:label2\" content=\"Tiempo de lectura\" \/>\n\t<meta name=\"twitter:data2\" content=\"9 minutos\" \/>\n<script type=\"application\/ld+json\" class=\"yoast-schema-graph\">{\"@context\":\"https:\\\/\\\/schema.org\",\"@graph\":[{\"@type\":\"Article\",\"@id\":\"https:\\\/\\\/helloproject.es\\\/vigilancia\\\/la-frecuencia-y-el-coste-de-los-incendios-forestales-se-disparan-en-cuatro-decadas\\\/#article\",\"isPartOf\":{\"@id\":\"https:\\\/\\\/helloproject.es\\\/vigilancia\\\/la-frecuencia-y-el-coste-de-los-incendios-forestales-se-disparan-en-cuatro-decadas\\\/\"},\"author\":{\"name\":\"Luis Miguel Mej\u00edas Ramos\",\"@id\":\"https:\\\/\\\/helloproject.es\\\/vigilancia\\\/#\\\/schema\\\/person\\\/3767b0619d59a11570372c821f8619ca\"},\"headline\":\"La frecuencia y el coste de los incendios forestales se disparan en cuatro d\u00e9cadas\",\"datePublished\":\"2025-10-02T18:28:21+00:00\",\"mainEntityOfPage\":{\"@id\":\"https:\\\/\\\/helloproject.es\\\/vigilancia\\\/la-frecuencia-y-el-coste-de-los-incendios-forestales-se-disparan-en-cuatro-decadas\\\/\"},\"wordCount\":1826,\"publisher\":{\"@id\":\"https:\\\/\\\/helloproject.es\\\/vigilancia\\\/#organization\"},\"image\":{\"@id\":\"https:\\\/\\\/helloproject.es\\\/vigilancia\\\/la-frecuencia-y-el-coste-de-los-incendios-forestales-se-disparan-en-cuatro-decadas\\\/#primaryimage\"},\"thumbnailUrl\":\"https:\\\/\\\/www.agenciasinc.es\\\/bundles\\\/app\\\/images\\\/quotebefore.png\",\"articleSection\":[\"Noticias\"],\"inLanguage\":\"es\"},{\"@type\":\"WebPage\",\"@id\":\"https:\\\/\\\/helloproject.es\\\/vigilancia\\\/la-frecuencia-y-el-coste-de-los-incendios-forestales-se-disparan-en-cuatro-decadas\\\/\",\"url\":\"https:\\\/\\\/helloproject.es\\\/vigilancia\\\/la-frecuencia-y-el-coste-de-los-incendios-forestales-se-disparan-en-cuatro-decadas\\\/\",\"name\":\"La frecuencia y el coste de los incendios forestales se disparan en cuatro d\u00e9cadas - bip4ex\",\"isPartOf\":{\"@id\":\"https:\\\/\\\/helloproject.es\\\/vigilancia\\\/#website\"},\"primaryImageOfPage\":{\"@id\":\"https:\\\/\\\/helloproject.es\\\/vigilancia\\\/la-frecuencia-y-el-coste-de-los-incendios-forestales-se-disparan-en-cuatro-decadas\\\/#primaryimage\"},\"image\":{\"@id\":\"https:\\\/\\\/helloproject.es\\\/vigilancia\\\/la-frecuencia-y-el-coste-de-los-incendios-forestales-se-disparan-en-cuatro-decadas\\\/#primaryimage\"},\"thumbnailUrl\":\"https:\\\/\\\/www.agenciasinc.es\\\/bundles\\\/app\\\/images\\\/quotebefore.png\",\"datePublished\":\"2025-10-02T18:28:21+00:00\",\"breadcrumb\":{\"@id\":\"https:\\\/\\\/helloproject.es\\\/vigilancia\\\/la-frecuencia-y-el-coste-de-los-incendios-forestales-se-disparan-en-cuatro-decadas\\\/#breadcrumb\"},\"inLanguage\":\"es\",\"potentialAction\":[{\"@type\":\"ReadAction\",\"target\":[\"https:\\\/\\\/helloproject.es\\\/vigilancia\\\/la-frecuencia-y-el-coste-de-los-incendios-forestales-se-disparan-en-cuatro-decadas\\\/\"]}]},{\"@type\":\"ImageObject\",\"inLanguage\":\"es\",\"@id\":\"https:\\\/\\\/helloproject.es\\\/vigilancia\\\/la-frecuencia-y-el-coste-de-los-incendios-forestales-se-disparan-en-cuatro-decadas\\\/#primaryimage\",\"url\":\"https:\\\/\\\/www.agenciasinc.es\\\/bundles\\\/app\\\/images\\\/quotebefore.png\",\"contentUrl\":\"https:\\\/\\\/www.agenciasinc.es\\\/bundles\\\/app\\\/images\\\/quotebefore.png\"},{\"@type\":\"BreadcrumbList\",\"@id\":\"https:\\\/\\\/helloproject.es\\\/vigilancia\\\/la-frecuencia-y-el-coste-de-los-incendios-forestales-se-disparan-en-cuatro-decadas\\\/#breadcrumb\",\"itemListElement\":[{\"@type\":\"ListItem\",\"position\":1,\"name\":\"Home\",\"item\":\"https:\\\/\\\/helloproject.es\\\/vigilancia\\\/\"},{\"@type\":\"ListItem\",\"position\":2,\"name\":\"La frecuencia y el coste de los incendios forestales se disparan en cuatro d\u00e9cadas\"}]},{\"@type\":\"WebSite\",\"@id\":\"https:\\\/\\\/helloproject.es\\\/vigilancia\\\/#website\",\"url\":\"https:\\\/\\\/helloproject.es\\\/vigilancia\\\/\",\"name\":\"bip4ex\",\"description\":\"Vigilancia Tecnol\u00f3gica\",\"publisher\":{\"@id\":\"https:\\\/\\\/helloproject.es\\\/vigilancia\\\/#organization\"},\"potentialAction\":[{\"@type\":\"SearchAction\",\"target\":{\"@type\":\"EntryPoint\",\"urlTemplate\":\"https:\\\/\\\/helloproject.es\\\/vigilancia\\\/?s={search_term_string}\"},\"query-input\":{\"@type\":\"PropertyValueSpecification\",\"valueRequired\":true,\"valueName\":\"search_term_string\"}}],\"inLanguage\":\"es\"},{\"@type\":\"Organization\",\"@id\":\"https:\\\/\\\/helloproject.es\\\/vigilancia\\\/#organization\",\"name\":\"Helloproject.es\",\"url\":\"https:\\\/\\\/helloproject.es\\\/vigilancia\\\/\",\"logo\":{\"@type\":\"ImageObject\",\"inLanguage\":\"es\",\"@id\":\"https:\\\/\\\/helloproject.es\\\/vigilancia\\\/#\\\/schema\\\/logo\\\/image\\\/\",\"url\":\"https:\\\/\\\/helloproject.es\\\/vigilancia\\\/wp-content\\\/uploads\\\/2023\\\/07\\\/bip4ex.png\",\"contentUrl\":\"https:\\\/\\\/helloproject.es\\\/vigilancia\\\/wp-content\\\/uploads\\\/2023\\\/07\\\/bip4ex.png\",\"width\":322,\"height\":365,\"caption\":\"Helloproject.es\"},\"image\":{\"@id\":\"https:\\\/\\\/helloproject.es\\\/vigilancia\\\/#\\\/schema\\\/logo\\\/image\\\/\"}},{\"@type\":\"Person\",\"@id\":\"https:\\\/\\\/helloproject.es\\\/vigilancia\\\/#\\\/schema\\\/person\\\/3767b0619d59a11570372c821f8619ca\",\"name\":\"Luis Miguel Mej\u00edas Ramos\",\"url\":\"https:\\\/\\\/helloproject.es\\\/vigilancia\\\/author\\\/luismi\\\/\"}]}<\/script>\n<!-- \/ Yoast SEO Premium plugin. -->","yoast_head_json":{"title":"La frecuencia y el coste de los incendios forestales se disparan en cuatro d\u00e9cadas - bip4ex","robots":{"index":"index","follow":"follow","max-snippet":"max-snippet:-1","max-image-preview":"max-image-preview:large","max-video-preview":"max-video-preview:-1"},"canonical":"https:\/\/helloproject.es\/vigilancia\/la-frecuencia-y-el-coste-de-los-incendios-forestales-se-disparan-en-cuatro-decadas\/","og_locale":"es_ES","og_type":"article","og_title":"La frecuencia y el coste de los incendios forestales se disparan en cuatro d\u00e9cadas","og_description":"Un nuevo estudio publicado en la revista Science revela que los desastres causados por incendios forestales se han disparado en frecuencia y coste en todo el mundo. Casi la mitad de los episodios m\u00e1s graves registrados en los \u00faltimos 44 a\u00f1os se concentran \u00fanicamente en la \u00faltima d\u00e9cada. En concreto, el trabajo muestra un fuerte [&hellip;]","og_url":"https:\/\/helloproject.es\/vigilancia\/la-frecuencia-y-el-coste-de-los-incendios-forestales-se-disparan-en-cuatro-decadas\/","og_site_name":"bip4ex","article_published_time":"2025-10-02T18:28:21+00:00","og_image":[{"url":"https:\/\/www.agenciasinc.es\/bundles\/app\/images\/quotebefore.png","type":"","width":"","height":""}],"author":"Luis Miguel Mej\u00edas Ramos","twitter_card":"summary_large_image","twitter_misc":{"Escrito por":"Luis Miguel Mej\u00edas Ramos","Tiempo de lectura":"9 minutos"},"schema":{"@context":"https:\/\/schema.org","@graph":[{"@type":"Article","@id":"https:\/\/helloproject.es\/vigilancia\/la-frecuencia-y-el-coste-de-los-incendios-forestales-se-disparan-en-cuatro-decadas\/#article","isPartOf":{"@id":"https:\/\/helloproject.es\/vigilancia\/la-frecuencia-y-el-coste-de-los-incendios-forestales-se-disparan-en-cuatro-decadas\/"},"author":{"name":"Luis Miguel Mej\u00edas Ramos","@id":"https:\/\/helloproject.es\/vigilancia\/#\/schema\/person\/3767b0619d59a11570372c821f8619ca"},"headline":"La frecuencia y el coste de los incendios forestales se disparan en cuatro d\u00e9cadas","datePublished":"2025-10-02T18:28:21+00:00","mainEntityOfPage":{"@id":"https:\/\/helloproject.es\/vigilancia\/la-frecuencia-y-el-coste-de-los-incendios-forestales-se-disparan-en-cuatro-decadas\/"},"wordCount":1826,"publisher":{"@id":"https:\/\/helloproject.es\/vigilancia\/#organization"},"image":{"@id":"https:\/\/helloproject.es\/vigilancia\/la-frecuencia-y-el-coste-de-los-incendios-forestales-se-disparan-en-cuatro-decadas\/#primaryimage"},"thumbnailUrl":"https:\/\/www.agenciasinc.es\/bundles\/app\/images\/quotebefore.png","articleSection":["Noticias"],"inLanguage":"es"},{"@type":"WebPage","@id":"https:\/\/helloproject.es\/vigilancia\/la-frecuencia-y-el-coste-de-los-incendios-forestales-se-disparan-en-cuatro-decadas\/","url":"https:\/\/helloproject.es\/vigilancia\/la-frecuencia-y-el-coste-de-los-incendios-forestales-se-disparan-en-cuatro-decadas\/","name":"La frecuencia y el coste de los incendios forestales se disparan en cuatro d\u00e9cadas - bip4ex","isPartOf":{"@id":"https:\/\/helloproject.es\/vigilancia\/#website"},"primaryImageOfPage":{"@id":"https:\/\/helloproject.es\/vigilancia\/la-frecuencia-y-el-coste-de-los-incendios-forestales-se-disparan-en-cuatro-decadas\/#primaryimage"},"image":{"@id":"https:\/\/helloproject.es\/vigilancia\/la-frecuencia-y-el-coste-de-los-incendios-forestales-se-disparan-en-cuatro-decadas\/#primaryimage"},"thumbnailUrl":"https:\/\/www.agenciasinc.es\/bundles\/app\/images\/quotebefore.png","datePublished":"2025-10-02T18:28:21+00:00","breadcrumb":{"@id":"https:\/\/helloproject.es\/vigilancia\/la-frecuencia-y-el-coste-de-los-incendios-forestales-se-disparan-en-cuatro-decadas\/#breadcrumb"},"inLanguage":"es","potentialAction":[{"@type":"ReadAction","target":["https:\/\/helloproject.es\/vigilancia\/la-frecuencia-y-el-coste-de-los-incendios-forestales-se-disparan-en-cuatro-decadas\/"]}]},{"@type":"ImageObject","inLanguage":"es","@id":"https:\/\/helloproject.es\/vigilancia\/la-frecuencia-y-el-coste-de-los-incendios-forestales-se-disparan-en-cuatro-decadas\/#primaryimage","url":"https:\/\/www.agenciasinc.es\/bundles\/app\/images\/quotebefore.png","contentUrl":"https:\/\/www.agenciasinc.es\/bundles\/app\/images\/quotebefore.png"},{"@type":"BreadcrumbList","@id":"https:\/\/helloproject.es\/vigilancia\/la-frecuencia-y-el-coste-de-los-incendios-forestales-se-disparan-en-cuatro-decadas\/#breadcrumb","itemListElement":[{"@type":"ListItem","position":1,"name":"Home","item":"https:\/\/helloproject.es\/vigilancia\/"},{"@type":"ListItem","position":2,"name":"La frecuencia y el coste de los incendios forestales se disparan en cuatro d\u00e9cadas"}]},{"@type":"WebSite","@id":"https:\/\/helloproject.es\/vigilancia\/#website","url":"https:\/\/helloproject.es\/vigilancia\/","name":"bip4ex","description":"Vigilancia Tecnol\u00f3gica","publisher":{"@id":"https:\/\/helloproject.es\/vigilancia\/#organization"},"potentialAction":[{"@type":"SearchAction","target":{"@type":"EntryPoint","urlTemplate":"https:\/\/helloproject.es\/vigilancia\/?s={search_term_string}"},"query-input":{"@type":"PropertyValueSpecification","valueRequired":true,"valueName":"search_term_string"}}],"inLanguage":"es"},{"@type":"Organization","@id":"https:\/\/helloproject.es\/vigilancia\/#organization","name":"Helloproject.es","url":"https:\/\/helloproject.es\/vigilancia\/","logo":{"@type":"ImageObject","inLanguage":"es","@id":"https:\/\/helloproject.es\/vigilancia\/#\/schema\/logo\/image\/","url":"https:\/\/helloproject.es\/vigilancia\/wp-content\/uploads\/2023\/07\/bip4ex.png","contentUrl":"https:\/\/helloproject.es\/vigilancia\/wp-content\/uploads\/2023\/07\/bip4ex.png","width":322,"height":365,"caption":"Helloproject.es"},"image":{"@id":"https:\/\/helloproject.es\/vigilancia\/#\/schema\/logo\/image\/"}},{"@type":"Person","@id":"https:\/\/helloproject.es\/vigilancia\/#\/schema\/person\/3767b0619d59a11570372c821f8619ca","name":"Luis Miguel Mej\u00edas Ramos","url":"https:\/\/helloproject.es\/vigilancia\/author\/luismi\/"}]}},"_links":{"self":[{"href":"https:\/\/helloproject.es\/vigilancia\/wp-json\/wp\/v2\/posts\/182914","targetHints":{"allow":["GET"]}}],"collection":[{"href":"https:\/\/helloproject.es\/vigilancia\/wp-json\/wp\/v2\/posts"}],"about":[{"href":"https:\/\/helloproject.es\/vigilancia\/wp-json\/wp\/v2\/types\/post"}],"author":[{"embeddable":true,"href":"https:\/\/helloproject.es\/vigilancia\/wp-json\/wp\/v2\/users\/5"}],"replies":[{"embeddable":true,"href":"https:\/\/helloproject.es\/vigilancia\/wp-json\/wp\/v2\/comments?post=182914"}],"version-history":[{"count":0,"href":"https:\/\/helloproject.es\/vigilancia\/wp-json\/wp\/v2\/posts\/182914\/revisions"}],"wp:attachment":[{"href":"https:\/\/helloproject.es\/vigilancia\/wp-json\/wp\/v2\/media?parent=182914"}],"wp:term":[{"taxonomy":"category","embeddable":true,"href":"https:\/\/helloproject.es\/vigilancia\/wp-json\/wp\/v2\/categories?post=182914"},{"taxonomy":"post_tag","embeddable":true,"href":"https:\/\/helloproject.es\/vigilancia\/wp-json\/wp\/v2\/tags?post=182914"}],"curies":[{"name":"wp","href":"https:\/\/api.w.org\/{rel}","templated":true}]}}