{"id":183002,"date":"2025-10-03T09:28:11","date_gmt":"2025-10-03T08:28:11","guid":{"rendered":"https:\/\/helloproject.es\/vigilancia\/asi-construimos-mapas-geometricos-mentales-para-orientarnos-en-el-mundo\/"},"modified":"2025-10-03T09:28:11","modified_gmt":"2025-10-03T08:28:11","slug":"asi-construimos-mapas-geometricos-mentales-para-orientarnos-en-el-mundo","status":"publish","type":"post","link":"https:\/\/helloproject.es\/vigilancia\/asi-construimos-mapas-geometricos-mentales-para-orientarnos-en-el-mundo\/","title":{"rendered":"As\u00ed construimos mapas geom\u00e9tricos mentales para orientarnos en el mundo"},"content":{"rendered":"<p>Cuando entramos por primera vez en una habitaci\u00f3n, nuestra mente pone en marcha todos sus trucos. De manera totalmente subconsciente, se activa un sistema de representaci\u00f3n que no solo nos permite ubicarnos en el espacio, sino tambi\u00e9n poner en relaci\u00f3n todo lo que acontece en ese instante y la memoria de las cosas que pasaron. Las ventanas, las puertas, la orientaci\u00f3n de los muebles, la disposici\u00f3n de los libros sobre una mesa\u2026 todo queda registrado de golpe en nuestro cerebro.<\/p>\n<p>Pongamos que salimos de la habitaci\u00f3n por un pasillo. Mientras nos alejamos, un mapa mental tejido por la actividad el\u00e9ctrica de cientos de neuronas emerge en nuestra consciencia.<\/p>\n<p>Como Alicia en la madriguera del conejo, el pasillo se alarga. Lo recorremos tocando las paredes, sintiendo los cambios de rugosidad, captando peque\u00f1as se\u00f1ales que nos dan pistas sobre d\u00f3nde estamos. Al fondo hay una puerta; la cruzamos, pero sorprendentemente, desemboca en la misma habitaci\u00f3n por el lado contrario. Entonces lo entendemos todo: el pasillo es circular. En ese momento, nuestro cerebro ha cerrado un bucle: ha tejido un mapa mental que conecta las representaciones mentales del inicio y el fin del recorrido.<\/p>\n<p><img decoding=\"async\" src=\"https:\/\/www.agenciasinc.es\/bundles\/app\/images\/quotebefore.png\" \/><\/p>\n<p>En un\u00a0estudio\u00a0en\u00a0\u2018Neuron\u2019, hemos demostrado por primera vez que la informaci\u00f3n de nuestro entorno se organiza en el cerebro de forma geom\u00e9trica<\/p>\n<p><img decoding=\"async\" src=\"https:\/\/www.agenciasinc.es\/bundles\/app\/images\/quoteafter.png\" \/><br \/>\n<a><\/a><\/p>\n<h2>Neuronas que se activan en anillos<\/h2>\n<p>En un reciente\u00a0<a href=\"https:\/\/www.cell.com\/neuron\/abstract\/S0896-6273(25)00048-0\" target=\"_blank\">estudio<\/a>, publicado en\u00a0Neuron, hemos demostrado por primera vez que la informaci\u00f3n de nuestro entorno se organiza en el cerebro de forma geom\u00e9trica.<\/p>\n<p>Lo hemos conseguido analizando los registros de la actividad de cientos de neuronas en el\u00a0hipocampo, una regi\u00f3n del cerebro clave para la\u00a0memoria y la navegaci\u00f3n. En el caso de la habitaci\u00f3n y el pasillo, esta representaci\u00f3n adopta la configuraci\u00f3n de anillos tridimensionales.<\/p>\n<p>                    <img decoding=\"async\" src=\"https:\/\/cdn.agenciasinc.es\/var\/ezwebin_site\/storage\/images\/_aliases\/img_1col\/media\/images\/file-20250915-56-4pw6o1\/12346720-1-esl-MX\/file-20250915-56-4pw6o1.jpg\" alt=\"\" \/><\/p>\n<p>Resumen de los hallazgos publicados en Neuron. \/Julio Esparza, primer autor del trabajo<\/p>\n<p>    document.addEventListener(\u00abDOMContentLoaded\u00bb, function() {<br \/>\n        var img = document.querySelector(&#8216;.image-container img&#8217;);<br \/>\n        if (img) {<br \/>\n            img.alt = \u00abResumen de los hallazgos publicados en Neuron. \/Julio Esparza, primer autor del trabajo\u00bb;<br \/>\n        }<br \/>\n    });<\/p>\n<p>En el laboratorio, hemos podido observar que cada vez que un ratoncito va y viene por los pasillos de un laberinto, sus neuronas se activan siguiendo una trayectoria que da una vuelta completa en un espacio abstracto: un anillo que representa la experiencia completa del recorrido.<\/p>\n<p><img decoding=\"async\" src=\"https:\/\/www.agenciasinc.es\/bundles\/app\/images\/quotebefore.png\" \/><\/p>\n<p>Cada vez que un rat\u00f3n recorre un laberinto, sus neuronas se activan siguiendo una trayectoria que forma un anillo en un espacio abstracto, representando la experiencia completa del recorrido<\/p>\n<p><img decoding=\"async\" src=\"https:\/\/www.agenciasinc.es\/bundles\/app\/images\/quoteafter.png\" \/><br \/>\n<a><\/a><\/p>\n<h2>No todas las neuronas participan igual<\/h2>\n<p>Lo m\u00e1s fascinante es que no todas las neuronas participan igual. Algunas codifican\u00a0informaci\u00f3n sensorial muy concreta, como la textura del suelo, la presencia de una recompensa o la direcci\u00f3n de los giros en el laberinto. Otras, en cambio, registran y utilizan\u00a0informaci\u00f3n externa al laberinto para organizar la representaci\u00f3n, es decir, se apoyan en se\u00f1ales del entorno m\u00e1s amplio, como la localizaci\u00f3n respecto a la habitaci\u00f3n donde se encontraba o la posici\u00f3n de un objeto de referencia, para mantener la orientaci\u00f3n estable.<\/p>\n<p>Estas diferentes poblaciones neuronales forman anillos paralelos en el espacio de la actividad neuronal, pero tienen una funci\u00f3n distinta. Cuando todo va bien, trabajan coordinadas para dar estabilidad a la experiencia. Pero si algo nos desorienta (por ejemplo, si alguien nos diera vueltas o nos cubriera los ojos mientras nos gu\u00eda hacia otro punto), entonces se despliegan otros mecanismos.<\/p>\n<p>En ese caso, una de estas representaciones se mantiene fija, como una br\u00fajula interna, y ayuda a mantener la percepci\u00f3n del entorno. Otras neuronas se reorientan buscando representar el cambio. De ese reajuste mental nos llega la certeza de que estamos orientados.<\/p>\n<p><a><\/a><\/p>\n<h2>La geometr\u00eda de la actividad cerebral<\/h2>\n<p>El espacio es el contenedor habitual de nuestras vivencias. Saber que el cerebro codifica su estructura con formas geom\u00e9tricas precisas abre nuevas puertas para entender c\u00f3mo pensamos, recordamos y nos orientamos en el mundo.<\/p>\n<p><img decoding=\"async\" src=\"https:\/\/www.agenciasinc.es\/bundles\/app\/images\/quotebefore.png\" \/><\/p>\n<p>La geometr\u00eda y la topolog\u00eda de la actividad cerebral conforman un campo emergente que une matem\u00e1ticas, ciencia de datos y bioingenier\u00eda para estudiar el cerebro<\/p>\n<p><img decoding=\"async\" src=\"https:\/\/www.agenciasinc.es\/bundles\/app\/images\/quoteafter.png\" \/><\/p>\n<p>El estudio de la geometr\u00eda y la topolog\u00eda de la actividad cerebral es un campo emergente que a\u00fana matem\u00e1ticas y ciencia de datos con las m\u00e1s sofisticadas herramientas de bioingenier\u00eda aplicadas al estudio del cerebro.<\/p>\n<p>Hoy podemos identificar subtipos de neuronas en base a su perfil gen\u00e9tico \u2013por ejemplo, las neuronas excitadoras, las inhibidoras y las\u00a0<a href=\"https:\/\/es.wikipedia.org\/wiki\/Grupos_de_c%C3%A9lulas_dopamin%C3%A9rgicas\" target=\"_blank\">que producen dopamina<\/a>\u00a0son gen\u00e9ticamente diferentes\u2013 y modificarlo para expresar prote\u00ednas fluorescentes que nos permitan ver su actividad y controlarla en tiempo real.<\/p>\n<p><img decoding=\"async\" src=\"https:\/\/www.agenciasinc.es\/bundles\/app\/images\/quotebefore.png\" \/><\/p>\n<p>Estos hallazgos\u00a0abren el camino a aplicaciones en neurotecnolog\u00eda, IA y, alg\u00fan d\u00eda, quiz\u00e1, en el tratamiento de trastornos neurol\u00f3gicos donde estos mapas se deterioran, como el alzh\u00e9imer<\/p>\n<p><img decoding=\"async\" src=\"https:\/\/www.agenciasinc.es\/bundles\/app\/images\/quoteafter.png\" \/><\/p>\n<p>Estos abordajes est\u00e1n permitiendo avanzar en una comprensi\u00f3n mucho m\u00e1s profunda de c\u00f3mo el cerebro construye sus mapas internos. Cada descubrimiento no solo nos ayuda a descifrar los fundamentos biol\u00f3gicos de la memoria y la orientaci\u00f3n, sino que tambi\u00e9n abre el camino a nuevas aplicaciones en neurotecnolog\u00eda, inteligencia artificial y, alg\u00fan d\u00eda, quiz\u00e1, en el tratamiento de trastornos neurol\u00f3gicos donde estos mapas se deterioran, como el alzh\u00e9imer.<\/p>\n<p>Liset Men\u00e9ndez de la Prida, directora del Laboratorio de Circuitos Neuronales, Instituto Cajal &#8211; CSIC.\u00a0<\/p>","protected":false},"excerpt":{"rendered":"<p>Cuando entramos por primera vez en una habitaci\u00f3n, nuestra mente pone en marcha todos sus trucos. De manera totalmente subconsciente, se activa un sistema de representaci\u00f3n que no solo nos permite ubicarnos en el espacio, sino tambi\u00e9n poner en relaci\u00f3n todo lo que acontece en ese instante y la memoria de las cosas que pasaron. [&hellip;]<\/p>\n","protected":false},"author":5,"featured_media":0,"comment_status":"","ping_status":"","sticky":false,"template":"","format":"standard","meta":{"site-sidebar-layout":"default","site-content-layout":"","ast-site-content-layout":"default","site-content-style":"default","site-sidebar-style":"default","ast-global-header-display":"","ast-banner-title-visibility":"","ast-main-header-display":"","ast-hfb-above-header-display":"","ast-hfb-below-header-display":"","ast-hfb-mobile-header-display":"","site-post-title":"","ast-breadcrumbs-content":"","ast-featured-img":"","footer-sml-layout":"","ast-disable-related-posts":"","theme-transparent-header-meta":"","adv-header-id-meta":"","stick-header-meta":"","header-above-stick-meta":"","header-main-stick-meta":"","header-below-stick-meta":"","astra-migrate-meta-layouts":"default","ast-page-background-enabled":"default","ast-page-background-meta":{"desktop":{"background-color":"var(--ast-global-color-4)","background-image":"","background-repeat":"repeat","background-position":"center center","background-size":"auto","background-attachment":"scroll","background-type":"","background-media":"","overlay-type":"","overlay-color":"","overlay-opacity":"","overlay-gradient":""},"tablet":{"background-color":"","background-image":"","background-repeat":"repeat","background-position":"center center","background-size":"auto","background-attachment":"scroll","background-type":"","background-media":"","overlay-type":"","overlay-color":"","overlay-opacity":"","overlay-gradient":""},"mobile":{"background-color":"","background-image":"","background-repeat":"repeat","background-position":"center center","background-size":"auto","background-attachment":"scroll","background-type":"","background-media":"","overlay-type":"","overlay-color":"","overlay-opacity":"","overlay-gradient":""}},"ast-content-background-meta":{"desktop":{"background-color":"var(--ast-global-color-5)","background-image":"","background-repeat":"repeat","background-position":"center center","background-size":"auto","background-attachment":"scroll","background-type":"","background-media":"","overlay-type":"","overlay-color":"","overlay-opacity":"","overlay-gradient":""},"tablet":{"background-color":"var(--ast-global-color-5)","background-image":"","background-repeat":"repeat","background-position":"center center","background-size":"auto","background-attachment":"scroll","background-type":"","background-media":"","overlay-type":"","overlay-color":"","overlay-opacity":"","overlay-gradient":""},"mobile":{"background-color":"var(--ast-global-color-5)","background-image":"","background-repeat":"repeat","background-position":"center center","background-size":"auto","background-attachment":"scroll","background-type":"","background-media":"","overlay-type":"","overlay-color":"","overlay-opacity":"","overlay-gradient":""}},"footnotes":""},"categories":[5],"tags":[],"class_list":["post-183002","post","type-post","status-publish","format-standard","hentry","category-noticias"],"yoast_head":"<!-- This site is optimized with the Yoast SEO Premium plugin v20.9 (Yoast SEO v27.4) - https:\/\/yoast.com\/product\/yoast-seo-premium-wordpress\/ -->\n<title>As\u00ed construimos mapas geom\u00e9tricos mentales para orientarnos en el mundo - bip4ex<\/title>\n<meta name=\"robots\" content=\"index, follow, max-snippet:-1, max-image-preview:large, max-video-preview:-1\" \/>\n<link rel=\"canonical\" href=\"https:\/\/helloproject.es\/vigilancia\/asi-construimos-mapas-geometricos-mentales-para-orientarnos-en-el-mundo\/\" \/>\n<meta property=\"og:locale\" content=\"es_ES\" \/>\n<meta property=\"og:type\" content=\"article\" \/>\n<meta property=\"og:title\" content=\"As\u00ed construimos mapas geom\u00e9tricos mentales para orientarnos en el mundo\" \/>\n<meta property=\"og:description\" content=\"Cuando entramos por primera vez en una habitaci\u00f3n, nuestra mente pone en marcha todos sus trucos. De manera totalmente subconsciente, se activa un sistema de representaci\u00f3n que no solo nos permite ubicarnos en el espacio, sino tambi\u00e9n poner en relaci\u00f3n todo lo que acontece en ese instante y la memoria de las cosas que pasaron. [&hellip;]\" \/>\n<meta property=\"og:url\" content=\"https:\/\/helloproject.es\/vigilancia\/asi-construimos-mapas-geometricos-mentales-para-orientarnos-en-el-mundo\/\" \/>\n<meta property=\"og:site_name\" content=\"bip4ex\" \/>\n<meta property=\"article:published_time\" content=\"2025-10-03T08:28:11+00:00\" \/>\n<meta property=\"og:image\" content=\"https:\/\/www.agenciasinc.es\/bundles\/app\/images\/quotebefore.png\" \/>\n<meta name=\"author\" content=\"Luis Miguel Mej\u00edas Ramos\" \/>\n<meta name=\"twitter:card\" content=\"summary_large_image\" \/>\n<meta name=\"twitter:label1\" content=\"Escrito por\" \/>\n\t<meta name=\"twitter:data1\" content=\"Luis Miguel Mej\u00edas Ramos\" \/>\n\t<meta name=\"twitter:label2\" content=\"Tiempo de lectura\" \/>\n\t<meta name=\"twitter:data2\" content=\"5 minutos\" \/>\n<script type=\"application\/ld+json\" class=\"yoast-schema-graph\">{\"@context\":\"https:\\\/\\\/schema.org\",\"@graph\":[{\"@type\":\"Article\",\"@id\":\"https:\\\/\\\/helloproject.es\\\/vigilancia\\\/asi-construimos-mapas-geometricos-mentales-para-orientarnos-en-el-mundo\\\/#article\",\"isPartOf\":{\"@id\":\"https:\\\/\\\/helloproject.es\\\/vigilancia\\\/asi-construimos-mapas-geometricos-mentales-para-orientarnos-en-el-mundo\\\/\"},\"author\":{\"name\":\"Luis Miguel Mej\u00edas Ramos\",\"@id\":\"https:\\\/\\\/helloproject.es\\\/vigilancia\\\/#\\\/schema\\\/person\\\/3767b0619d59a11570372c821f8619ca\"},\"headline\":\"As\u00ed construimos mapas geom\u00e9tricos mentales para orientarnos en el mundo\",\"datePublished\":\"2025-10-03T08:28:11+00:00\",\"mainEntityOfPage\":{\"@id\":\"https:\\\/\\\/helloproject.es\\\/vigilancia\\\/asi-construimos-mapas-geometricos-mentales-para-orientarnos-en-el-mundo\\\/\"},\"wordCount\":932,\"publisher\":{\"@id\":\"https:\\\/\\\/helloproject.es\\\/vigilancia\\\/#organization\"},\"image\":{\"@id\":\"https:\\\/\\\/helloproject.es\\\/vigilancia\\\/asi-construimos-mapas-geometricos-mentales-para-orientarnos-en-el-mundo\\\/#primaryimage\"},\"thumbnailUrl\":\"https:\\\/\\\/www.agenciasinc.es\\\/bundles\\\/app\\\/images\\\/quotebefore.png\",\"articleSection\":[\"Noticias\"],\"inLanguage\":\"es\"},{\"@type\":\"WebPage\",\"@id\":\"https:\\\/\\\/helloproject.es\\\/vigilancia\\\/asi-construimos-mapas-geometricos-mentales-para-orientarnos-en-el-mundo\\\/\",\"url\":\"https:\\\/\\\/helloproject.es\\\/vigilancia\\\/asi-construimos-mapas-geometricos-mentales-para-orientarnos-en-el-mundo\\\/\",\"name\":\"As\u00ed construimos mapas geom\u00e9tricos mentales para orientarnos en el mundo - bip4ex\",\"isPartOf\":{\"@id\":\"https:\\\/\\\/helloproject.es\\\/vigilancia\\\/#website\"},\"primaryImageOfPage\":{\"@id\":\"https:\\\/\\\/helloproject.es\\\/vigilancia\\\/asi-construimos-mapas-geometricos-mentales-para-orientarnos-en-el-mundo\\\/#primaryimage\"},\"image\":{\"@id\":\"https:\\\/\\\/helloproject.es\\\/vigilancia\\\/asi-construimos-mapas-geometricos-mentales-para-orientarnos-en-el-mundo\\\/#primaryimage\"},\"thumbnailUrl\":\"https:\\\/\\\/www.agenciasinc.es\\\/bundles\\\/app\\\/images\\\/quotebefore.png\",\"datePublished\":\"2025-10-03T08:28:11+00:00\",\"breadcrumb\":{\"@id\":\"https:\\\/\\\/helloproject.es\\\/vigilancia\\\/asi-construimos-mapas-geometricos-mentales-para-orientarnos-en-el-mundo\\\/#breadcrumb\"},\"inLanguage\":\"es\",\"potentialAction\":[{\"@type\":\"ReadAction\",\"target\":[\"https:\\\/\\\/helloproject.es\\\/vigilancia\\\/asi-construimos-mapas-geometricos-mentales-para-orientarnos-en-el-mundo\\\/\"]}]},{\"@type\":\"ImageObject\",\"inLanguage\":\"es\",\"@id\":\"https:\\\/\\\/helloproject.es\\\/vigilancia\\\/asi-construimos-mapas-geometricos-mentales-para-orientarnos-en-el-mundo\\\/#primaryimage\",\"url\":\"https:\\\/\\\/www.agenciasinc.es\\\/bundles\\\/app\\\/images\\\/quotebefore.png\",\"contentUrl\":\"https:\\\/\\\/www.agenciasinc.es\\\/bundles\\\/app\\\/images\\\/quotebefore.png\"},{\"@type\":\"BreadcrumbList\",\"@id\":\"https:\\\/\\\/helloproject.es\\\/vigilancia\\\/asi-construimos-mapas-geometricos-mentales-para-orientarnos-en-el-mundo\\\/#breadcrumb\",\"itemListElement\":[{\"@type\":\"ListItem\",\"position\":1,\"name\":\"Home\",\"item\":\"https:\\\/\\\/helloproject.es\\\/vigilancia\\\/\"},{\"@type\":\"ListItem\",\"position\":2,\"name\":\"As\u00ed construimos mapas geom\u00e9tricos mentales para orientarnos en el mundo\"}]},{\"@type\":\"WebSite\",\"@id\":\"https:\\\/\\\/helloproject.es\\\/vigilancia\\\/#website\",\"url\":\"https:\\\/\\\/helloproject.es\\\/vigilancia\\\/\",\"name\":\"bip4ex\",\"description\":\"Vigilancia Tecnol\u00f3gica\",\"publisher\":{\"@id\":\"https:\\\/\\\/helloproject.es\\\/vigilancia\\\/#organization\"},\"potentialAction\":[{\"@type\":\"SearchAction\",\"target\":{\"@type\":\"EntryPoint\",\"urlTemplate\":\"https:\\\/\\\/helloproject.es\\\/vigilancia\\\/?s={search_term_string}\"},\"query-input\":{\"@type\":\"PropertyValueSpecification\",\"valueRequired\":true,\"valueName\":\"search_term_string\"}}],\"inLanguage\":\"es\"},{\"@type\":\"Organization\",\"@id\":\"https:\\\/\\\/helloproject.es\\\/vigilancia\\\/#organization\",\"name\":\"Helloproject.es\",\"url\":\"https:\\\/\\\/helloproject.es\\\/vigilancia\\\/\",\"logo\":{\"@type\":\"ImageObject\",\"inLanguage\":\"es\",\"@id\":\"https:\\\/\\\/helloproject.es\\\/vigilancia\\\/#\\\/schema\\\/logo\\\/image\\\/\",\"url\":\"https:\\\/\\\/helloproject.es\\\/vigilancia\\\/wp-content\\\/uploads\\\/2023\\\/07\\\/bip4ex.png\",\"contentUrl\":\"https:\\\/\\\/helloproject.es\\\/vigilancia\\\/wp-content\\\/uploads\\\/2023\\\/07\\\/bip4ex.png\",\"width\":322,\"height\":365,\"caption\":\"Helloproject.es\"},\"image\":{\"@id\":\"https:\\\/\\\/helloproject.es\\\/vigilancia\\\/#\\\/schema\\\/logo\\\/image\\\/\"}},{\"@type\":\"Person\",\"@id\":\"https:\\\/\\\/helloproject.es\\\/vigilancia\\\/#\\\/schema\\\/person\\\/3767b0619d59a11570372c821f8619ca\",\"name\":\"Luis Miguel Mej\u00edas Ramos\",\"url\":\"https:\\\/\\\/helloproject.es\\\/vigilancia\\\/author\\\/luismi\\\/\"}]}<\/script>\n<!-- \/ Yoast SEO Premium plugin. -->","yoast_head_json":{"title":"As\u00ed construimos mapas geom\u00e9tricos mentales para orientarnos en el mundo - bip4ex","robots":{"index":"index","follow":"follow","max-snippet":"max-snippet:-1","max-image-preview":"max-image-preview:large","max-video-preview":"max-video-preview:-1"},"canonical":"https:\/\/helloproject.es\/vigilancia\/asi-construimos-mapas-geometricos-mentales-para-orientarnos-en-el-mundo\/","og_locale":"es_ES","og_type":"article","og_title":"As\u00ed construimos mapas geom\u00e9tricos mentales para orientarnos en el mundo","og_description":"Cuando entramos por primera vez en una habitaci\u00f3n, nuestra mente pone en marcha todos sus trucos. De manera totalmente subconsciente, se activa un sistema de representaci\u00f3n que no solo nos permite ubicarnos en el espacio, sino tambi\u00e9n poner en relaci\u00f3n todo lo que acontece en ese instante y la memoria de las cosas que pasaron. [&hellip;]","og_url":"https:\/\/helloproject.es\/vigilancia\/asi-construimos-mapas-geometricos-mentales-para-orientarnos-en-el-mundo\/","og_site_name":"bip4ex","article_published_time":"2025-10-03T08:28:11+00:00","og_image":[{"url":"https:\/\/www.agenciasinc.es\/bundles\/app\/images\/quotebefore.png","type":"","width":"","height":""}],"author":"Luis Miguel Mej\u00edas Ramos","twitter_card":"summary_large_image","twitter_misc":{"Escrito por":"Luis Miguel Mej\u00edas Ramos","Tiempo de lectura":"5 minutos"},"schema":{"@context":"https:\/\/schema.org","@graph":[{"@type":"Article","@id":"https:\/\/helloproject.es\/vigilancia\/asi-construimos-mapas-geometricos-mentales-para-orientarnos-en-el-mundo\/#article","isPartOf":{"@id":"https:\/\/helloproject.es\/vigilancia\/asi-construimos-mapas-geometricos-mentales-para-orientarnos-en-el-mundo\/"},"author":{"name":"Luis Miguel Mej\u00edas Ramos","@id":"https:\/\/helloproject.es\/vigilancia\/#\/schema\/person\/3767b0619d59a11570372c821f8619ca"},"headline":"As\u00ed construimos mapas geom\u00e9tricos mentales para orientarnos en el mundo","datePublished":"2025-10-03T08:28:11+00:00","mainEntityOfPage":{"@id":"https:\/\/helloproject.es\/vigilancia\/asi-construimos-mapas-geometricos-mentales-para-orientarnos-en-el-mundo\/"},"wordCount":932,"publisher":{"@id":"https:\/\/helloproject.es\/vigilancia\/#organization"},"image":{"@id":"https:\/\/helloproject.es\/vigilancia\/asi-construimos-mapas-geometricos-mentales-para-orientarnos-en-el-mundo\/#primaryimage"},"thumbnailUrl":"https:\/\/www.agenciasinc.es\/bundles\/app\/images\/quotebefore.png","articleSection":["Noticias"],"inLanguage":"es"},{"@type":"WebPage","@id":"https:\/\/helloproject.es\/vigilancia\/asi-construimos-mapas-geometricos-mentales-para-orientarnos-en-el-mundo\/","url":"https:\/\/helloproject.es\/vigilancia\/asi-construimos-mapas-geometricos-mentales-para-orientarnos-en-el-mundo\/","name":"As\u00ed construimos mapas geom\u00e9tricos mentales para orientarnos en el mundo - bip4ex","isPartOf":{"@id":"https:\/\/helloproject.es\/vigilancia\/#website"},"primaryImageOfPage":{"@id":"https:\/\/helloproject.es\/vigilancia\/asi-construimos-mapas-geometricos-mentales-para-orientarnos-en-el-mundo\/#primaryimage"},"image":{"@id":"https:\/\/helloproject.es\/vigilancia\/asi-construimos-mapas-geometricos-mentales-para-orientarnos-en-el-mundo\/#primaryimage"},"thumbnailUrl":"https:\/\/www.agenciasinc.es\/bundles\/app\/images\/quotebefore.png","datePublished":"2025-10-03T08:28:11+00:00","breadcrumb":{"@id":"https:\/\/helloproject.es\/vigilancia\/asi-construimos-mapas-geometricos-mentales-para-orientarnos-en-el-mundo\/#breadcrumb"},"inLanguage":"es","potentialAction":[{"@type":"ReadAction","target":["https:\/\/helloproject.es\/vigilancia\/asi-construimos-mapas-geometricos-mentales-para-orientarnos-en-el-mundo\/"]}]},{"@type":"ImageObject","inLanguage":"es","@id":"https:\/\/helloproject.es\/vigilancia\/asi-construimos-mapas-geometricos-mentales-para-orientarnos-en-el-mundo\/#primaryimage","url":"https:\/\/www.agenciasinc.es\/bundles\/app\/images\/quotebefore.png","contentUrl":"https:\/\/www.agenciasinc.es\/bundles\/app\/images\/quotebefore.png"},{"@type":"BreadcrumbList","@id":"https:\/\/helloproject.es\/vigilancia\/asi-construimos-mapas-geometricos-mentales-para-orientarnos-en-el-mundo\/#breadcrumb","itemListElement":[{"@type":"ListItem","position":1,"name":"Home","item":"https:\/\/helloproject.es\/vigilancia\/"},{"@type":"ListItem","position":2,"name":"As\u00ed construimos mapas geom\u00e9tricos mentales para orientarnos en el mundo"}]},{"@type":"WebSite","@id":"https:\/\/helloproject.es\/vigilancia\/#website","url":"https:\/\/helloproject.es\/vigilancia\/","name":"bip4ex","description":"Vigilancia Tecnol\u00f3gica","publisher":{"@id":"https:\/\/helloproject.es\/vigilancia\/#organization"},"potentialAction":[{"@type":"SearchAction","target":{"@type":"EntryPoint","urlTemplate":"https:\/\/helloproject.es\/vigilancia\/?s={search_term_string}"},"query-input":{"@type":"PropertyValueSpecification","valueRequired":true,"valueName":"search_term_string"}}],"inLanguage":"es"},{"@type":"Organization","@id":"https:\/\/helloproject.es\/vigilancia\/#organization","name":"Helloproject.es","url":"https:\/\/helloproject.es\/vigilancia\/","logo":{"@type":"ImageObject","inLanguage":"es","@id":"https:\/\/helloproject.es\/vigilancia\/#\/schema\/logo\/image\/","url":"https:\/\/helloproject.es\/vigilancia\/wp-content\/uploads\/2023\/07\/bip4ex.png","contentUrl":"https:\/\/helloproject.es\/vigilancia\/wp-content\/uploads\/2023\/07\/bip4ex.png","width":322,"height":365,"caption":"Helloproject.es"},"image":{"@id":"https:\/\/helloproject.es\/vigilancia\/#\/schema\/logo\/image\/"}},{"@type":"Person","@id":"https:\/\/helloproject.es\/vigilancia\/#\/schema\/person\/3767b0619d59a11570372c821f8619ca","name":"Luis Miguel Mej\u00edas Ramos","url":"https:\/\/helloproject.es\/vigilancia\/author\/luismi\/"}]}},"_links":{"self":[{"href":"https:\/\/helloproject.es\/vigilancia\/wp-json\/wp\/v2\/posts\/183002","targetHints":{"allow":["GET"]}}],"collection":[{"href":"https:\/\/helloproject.es\/vigilancia\/wp-json\/wp\/v2\/posts"}],"about":[{"href":"https:\/\/helloproject.es\/vigilancia\/wp-json\/wp\/v2\/types\/post"}],"author":[{"embeddable":true,"href":"https:\/\/helloproject.es\/vigilancia\/wp-json\/wp\/v2\/users\/5"}],"replies":[{"embeddable":true,"href":"https:\/\/helloproject.es\/vigilancia\/wp-json\/wp\/v2\/comments?post=183002"}],"version-history":[{"count":0,"href":"https:\/\/helloproject.es\/vigilancia\/wp-json\/wp\/v2\/posts\/183002\/revisions"}],"wp:attachment":[{"href":"https:\/\/helloproject.es\/vigilancia\/wp-json\/wp\/v2\/media?parent=183002"}],"wp:term":[{"taxonomy":"category","embeddable":true,"href":"https:\/\/helloproject.es\/vigilancia\/wp-json\/wp\/v2\/categories?post=183002"},{"taxonomy":"post_tag","embeddable":true,"href":"https:\/\/helloproject.es\/vigilancia\/wp-json\/wp\/v2\/tags?post=183002"}],"curies":[{"name":"wp","href":"https:\/\/api.w.org\/{rel}","templated":true}]}}