{"id":185873,"date":"2025-10-27T09:28:37","date_gmt":"2025-10-27T08:28:37","guid":{"rendered":"https:\/\/helloproject.es\/vigilancia\/convocatoria-2025-orden-ctd-12-2025\/"},"modified":"2025-10-27T09:28:37","modified_gmt":"2025-10-27T08:28:37","slug":"convocatoria-2025-orden-ctd-12-2025","status":"publish","type":"post","link":"https:\/\/helloproject.es\/vigilancia\/convocatoria-2025-orden-ctd-12-2025\/","title":{"rendered":"CONVOCATORIA 2025 Orden CTD\/12\/2025"},"content":{"rendered":"<div class=\"ayuda_subvencion plantillas\">\n<div class=\"portlet-topper\">\n\t\t\t    <strong class=\"sr-only\">Subvencion:<\/strong>\n<h2 class=\"portlet-title\">CONVOCATORIA 2025 Orden CTD\/12\/2025<\/h2>\n<\/div>\n<div class=\"iconosTramitacion\">\n<p>\t\t\t\t\t<a href=\"https:\/\/rec.cantabria.es\/rec\/auth\/prepare-cert-login.htm?forward=CTD-I-012-2025\" title=\"Con certificado\"><img decoding=\"async\" src=\"https:\/\/www.cantabria.es\/documents\/26427\/21881598\/DNIe.jpg\/01f4c245-cfe3-9563-9845-0e0f97e7f720?t=1648806919369\" alt=\"\" aria-hidden=\"true\" \/><span class=\"sr-only\">Con certificado<\/span><\/a><\/p>\n<p>\t\t\t<a target=\"_blank\" href=\"https:\/\/sede.cantabria.es\/sede\/ayuda\/012-telefono-de-atencion-administrativa\" title=\"Servicio telef\u00f3nico 012 de atenci\u00f3n al ciudadano de Cantabria\"><img decoding=\"async\" src=\"https:\/\/www.cantabria.es\/documents\/26427\/21881598\/012.jpg\/d4445702-c7cf-c44a-3ce9-b0288c1d9b9a?t=1648806893827\" alt=\"\" aria-hidden=\"true\" \/><span class=\"sr-only\">Servicio telef\u00f3nico 012 de atenci\u00f3n al ciudadano de Cantabria<\/span><\/a>\n\t\t<\/p><\/div>\n<h3>Descripci\u00f3n:<\/h3>\n<p><span>Orden CTD\/12\/2025, de 17 de octubre, por la que se establecen las bases reguladoras y se aprueba la convocatoria de subvenciones, en r\u00e9gimen de concurrencia competitiva, a titulares de salas de exhibici\u00f3n cinematogr\u00e1fica, para favorecer la creaci\u00f3n de audiencias en la Comunidad Aut\u00f3noma de Cantabria durante el a\u00f1o 2025.<\/span><\/p>\n<h3>Bolet\u00edn Oficial de Cantabria<\/h3>\n<p><span>N\u00famero BOC: 206 Extracto Convocatoria<\/span><\/p>\n<p><span>Fecha BOC: 27\/10\/2025<\/span><\/p>\n<p>\n\t\t\t\t\t<span><br \/>\n\t\t\t\t\t\t<a href=\"https:\/\/boc.cantabria.es\/boces\/verAnuncioAction.do?idAnuBlob=426288\" target=\"_blank\" rel=\"noopener noreferrer\">Enlace BOC<\/a><\/span><\/p>\n<p>\t\t\t\t\t\n\t\t\t\t<\/p>\n<h3>Fecha inicio plazo presentaci\u00f3n:<\/h3>\n<p><span>28\/10\/2025<\/span><\/p>\n<h3>Fecha finalizaci\u00f3n plazo presentaci\u00f3n:<\/h3>\n<p><span>10\/11\/2025<\/span><\/p>\n<h3>Beneficiarios:<\/h3>\n<div>\n<p>Podr\u00e1n ser beneficiarios de estas subvenciones:<\/p>\n<ol start=\"1\">\n<li><strong>Las Entidades Locales de Cantabria <\/strong>que sean titulares de salas de exhibici\u00f3n o complejos cinematogr\u00e1ficos.<\/li>\n<li><strong>Las empresas privadas<\/strong>, ya sean <strong>personas f\u00edsicas<\/strong> (empresarios individuales) o <strong>personas jur\u00eddicas privadas con forma societaria<\/strong> (sociedades mercantiles o civiles) que sean <strong>titulares de salas de exhibici\u00f3n o complejos cinematogr\u00e1ficos ubicados en<\/strong> la Comunidad Aut\u00f3noma de <strong>Cantabria<\/strong>, y que cumplan los siguientes requisitos:<\/li>\n<\/ol>\n<p>&#8211; Tener residencia legal o establecimiento en Espa\u00f1a.<\/p>\n<p>&#8211; Estar dada de alta en el Impuesto de Actividades Econ\u00f3micas, en el ep\u00edgrafe correspondiente a las actividades de proyecci\u00f3n audiovisual en sala cinematogr\u00e1fica.<\/p>\n<p>&#8211; Estar inscrita en el Registro Administrativo de Empresas Cinematogr\u00e1ficas del Instituto de la Cinematograf\u00eda y de las Artes Audiovisuales.<\/p>\n<p>&#8211; Mantener, durante el a\u00f1o 2025, una programaci\u00f3n estable y continua en la sala de exhibici\u00f3n o complejo cinematogr\u00e1fico.<\/p>\n<p>Los requisitos exigidos para obtener la condici\u00f3n de beneficiario deber\u00e1n mantenerse durante la instrucci\u00f3n del procedimiento de concesi\u00f3n de las subvenciones y hasta la completa justificaci\u00f3n de la subvenci\u00f3n que, en su caso, se conceda.<\/p>\n<p><strong>Quedan expresamente excluidas <\/strong>de la presente l\u00ednea de subvenciones:<\/p>\n<ol start=\"1\">\n<li>Las empresas privadas que gestionen salas de exhibici\u00f3n cinematogr\u00e1fica de titularidad p\u00fablica de cualquier Administraci\u00f3n.<\/li>\n<li>Las empresas privadas titulares de salas \u00abX\u00bb.<\/li>\n<li>Las empresas privadas que tengan su residencia fiscal en pa\u00edses y territorios considerados para\u00edsos fiscales en el Real Decreto 1080\/1991, de 5 de julio, por el que se determinan los pa\u00edses o territorios a que se refieren los art\u00edculos 2.\u00ba, apartado 3, n\u00famero 4, de la Ley 17\/1991, de 27 de mayo, de Medidas Fiscales Urgentes, y 62 de la Ley 31\/1990, de 27 de diciembre, de Presupuestos Generales del Estado para 1991.<\/li>\n<\/ol>\n<p>En ning\u00fan caso podr\u00e1n adquirir la condici\u00f3n de beneficiarios quienes se hallaren en alguna de las circunstancias establecidas en el art\u00edculo 12, apartados 2 y 3, de la Ley de Cantabria 10\/2006, de 17 de julio.<\/p>\n<\/div>\n<h3>Documentaci\u00f3n a adjuntar:<\/h3>\n<div>\n<p>Las solicitudes se formular\u00e1n con arreglo al modelo del <strong>Anexo I<\/strong>, ir\u00e1n debidamente cumplimentadas y <strong>firmadas por el interesado\/a o por quien ostente su representaci\u00f3n<\/strong>, y deber\u00e1n ir acompa\u00f1adas de la siguiente documentaci\u00f3n:<\/p>\n<ol start=\"1\">\n<li><strong>Memoria t\u00e9cnica y econ\u00f3mica <\/strong>de la sala de exhibici\u00f3n o complejo cinematogr\u00e1fico ubicado en Cantabria para el que se solicita la subvenci\u00f3n, igualmente suscrita por el interesado\/a o su representante legal, con el siguiente contenido m\u00ednimo:<\/li>\n<\/ol>\n<ul>\n<li><strong>Datos generales de la sala de exhibici\u00f3n o complejo cinematogr\u00e1fico<\/strong>, que incluir\u00e1 en todo caso su denominaci\u00f3n, ubicaci\u00f3n, aforo y breve descripci\u00f3n de su equipamiento t\u00e9cnico. En el caso de complejos con dos o m\u00e1s salas\/pantallas, se especificar\u00e1 su n\u00famero y el aforo de cada sala.<\/li>\n<li><strong>Relaci\u00f3n de pel\u00edculas exhibidas entre el 1 de julio de 2023 y el 30 de junio de 2024<\/strong>, incluyendo su t\u00edtulo, nacionalidad, n\u00famero de sesiones programadas en cada sala\/pantalla y fecha de tales sesiones.<\/li>\n<li><strong>Relaci\u00f3n de pel\u00edculas exhibidas entre el 1 de julio de 2024 y el 30 de junio de 2025<\/strong>, incluyendo su t\u00edtulo, nacionalidad, n\u00famero de sesiones programadas en cada sala\/pantalla y fecha de tales sesiones.<\/li>\n<li><strong>Porcentaje de sesiones de pel\u00edculas comunitarias<\/strong>, calculado sobre el total de las sesiones programadas por cada sala o complejo cinematogr\u00e1fico, entre el 1 de julio de 2024 y el 30 de junio de 2025.<\/li>\n<\/ul>\n<p>En el caso de <strong>complejos cinematogr\u00e1ficos<\/strong> con dos o m\u00e1s pantallas, se calcular\u00e1 dicho porcentaje en t\u00e9rminos globales, sin perjuicio de que deba incluirse en la memoria la informaci\u00f3n requerida en el n\u00famero 3\u00ba, desglosada por cada una de las salas\/pantallas.<\/p>\n<ul>\n<li><strong>Incremento del porcentaje de sesiones de pel\u00edculas comunitarias<\/strong> programadas por cada sala o complejo cinematogr\u00e1fico entre el 1 de julio de 2024 y el 30 de junio de 2025, respecto del porcentaje de las programadas entre el 1 de julio de 2023 y el 30 de junio de 2024.<\/li>\n<\/ul>\n<p>En el caso de <strong>complejos cinematogr\u00e1ficos<\/strong>, se calcular\u00e1n ambos porcentajes en t\u00e9rminos globales, sin perjuicio de que deba incluirse en la memoria la informaci\u00f3n requerida en los n\u00fameros 2\u00ba y 3\u00ba, desglosada por cada una de las salas\/pantallas.<\/p>\n<ul>\n<li><strong>Informaci\u00f3n<\/strong> relativa a los <strong>trabajadores <\/strong>de la sala de exhibici\u00f3n o complejo cinematogr\u00e1fico con contrato laboral en vigor entre el 1 de julio de 2024 y el 30 de junio de 2025, que deber\u00e1 ir acompa\u00f1ada de documento expedido por la Tesorer\u00eda General de la Seguridad Social que corrobore los datos contenidos en la memoria.<\/li>\n<li><strong>N\u00famero <\/strong>de <strong>a\u00f1os <\/strong>de <strong>actividad <\/strong>de la sala o complejo cinematogr\u00e1fico.<\/li>\n<li><strong>N\u00famero <\/strong>de <strong>entradas vendidas y porcentaje <\/strong>de <strong>ocupaci\u00f3n <\/strong>de <strong>aforo <\/strong>de la sala o complejo cinematogr\u00e1fico entre el 1 de julio de 2024 y el 30 de junio de 2025.<\/li>\n<\/ul>\n<p>La falta de aportaci\u00f3n de la informaci\u00f3n necesaria para la aplicaci\u00f3n de alguno\/s de los criterios de valoraci\u00f3n previstos en el art\u00edculo 5 de esta Orden determinar\u00e1 que no se otorgue puntuaci\u00f3n alguna por esos criterios.<\/p>\n<ul>\n<li><strong>Presupuesto detallado del proyecto<\/strong>, con desglose pormenorizado y desagregado de gastos e ingresos, que se elaborar\u00e1 conforme al modelo que consta como <strong>Anexo II<\/strong>.<\/li>\n<\/ul>\n<p>El presupuesto de gastos debe ser coherente con las fuentes de financiaci\u00f3n estimadas por el interesado, de forma que se garantice la viabilidad econ\u00f3mica del proyecto.<\/p>\n<p>En el presupuesto de gastos \u00fanicamente se consignar\u00e1n aqu\u00e9llos que sean susceptibles de ser calificados como subvencionables, a tenor de lo previsto en el art\u00edculo 3 de esta Orden.<\/p>\n<p>En el caso de gastos presupuestados que est\u00e9n sujetos a tributaci\u00f3n por IVA, el solicitante deber\u00e1 consignar, de forma separada, el importe correspondiente a la base imponible, el de la cuota tributaria a abonar por dicho impuesto y el importe total, IVA incluido. Y deber\u00e1 tener en cuenta la regla prevista en el apartado 6 del art\u00edculo 3, a la hora de determinar si las cuotas por IVA pueden ser consideradas gasto subvencionable.<\/p>\n<p>Los gastos presupuestados deber\u00e1n ajustarse a precios de mercado.<\/p>\n<p>En el supuesto de que el \u00f3rgano instructor constate que alguno de los gastos presupuestados por el solicitante no es subvencionable, se excluir\u00e1 del presupuesto de la actividad.<\/p>\n<p>En el presupuesto de ingresos deber\u00e1n consignarse la aportaci\u00f3n econ\u00f3mica a realizar por el solicitante y el resto de fuentes de financiaci\u00f3n disponibles, p\u00fablicas o privadas, para sufragar los gastos que genere el desarrollo del proyecto, de forma que el plan de financiaci\u00f3n propuesto resulte equilibrado respecto de la estimaci\u00f3n de gastos realizada.<\/p>\n<p>El solicitante deber\u00e1 disponer de la documentaci\u00f3n justificativa que acredite la veracidad de todos los datos incluidos en su memoria t\u00e9cnica y econ\u00f3mica, cuya aportaci\u00f3n podr\u00e1 ser requerida por el \u00f3rgano instructor en cualquier momento de la tramitaci\u00f3n del procedimiento.<\/p>\n<ol start=\"2\">\n<li><strong>Documentaci\u00f3n adicional<\/strong> a presentar por los solicitantes que sean <strong>empresas privadas<\/strong>:<\/li>\n<\/ol>\n<ul>\n<li><strong>Certificado <\/strong>acreditativo de estar dada de <strong>alta <\/strong>en el <strong>Impuesto sobre Actividades Econ\u00f3micas (I.A.E)<\/strong>, en el ep\u00edgrafe correspondiente a las actividades de proyecci\u00f3n audiovisual en sala cinematogr\u00e1fica, o documento administrativo equivalente.<\/li>\n<li><strong>Certificado <\/strong>acreditativo de la <strong>inscripci\u00f3n <\/strong>en el <strong>Registro Administrativo de Empresas Cinematogr\u00e1ficas del Instituto de la Cinematograf\u00eda y de las Artes Audiovisuales<\/strong>, <strong>o documento <\/strong>administrativo <strong>equivalente<\/strong>.<\/li>\n<li>En el caso de que el solicitante sea un <strong>empresario individual<\/strong>, se aportar\u00e1 documento acreditativo de su <strong>alta <\/strong>en el <strong>R\u00e9gimen Especial de Trabajadores Aut\u00f3nomos de la Seguridad Social<\/strong>.<\/li>\n<\/ul>\n<p>En el caso de que el solicitante sea una <strong>sociedad civil<\/strong>, se aportar\u00e1 <strong>copia <\/strong>del <strong>contrato <\/strong>formalizado para su <strong>constituci\u00f3n <\/strong>y, en su caso, de sus posteriores modificaciones.<\/p>\n<p>En el caso de que el solicitante sea una <strong>sociedad mercantil<\/strong>, se aportar\u00e1 <strong>copia <\/strong>de la <strong>escritura <\/strong>de <strong>constituci\u00f3n <\/strong>y, en su caso, de sus posteriores modificaciones, incluyendo los vigentes estatutos sociales.<\/p>\n<ul>\n<li><strong>Documentaci\u00f3n acreditativa <\/strong>de la <strong>representaci\u00f3n <\/strong>de la empresa por parte del firmante de la solicitud y de la memoria t\u00e9cnica y econ\u00f3mica de la actividad, salvo en el caso de profesionales aut\u00f3nomos que firmen su propia solicitud.<\/li>\n<\/ul>\n<p>De conformidad con lo dispuesto en el art\u00edculo 28 de la Ley 39\/2015, de 1 de octubre, el <strong>\u00f3rgano instructor<\/strong> del procedimiento <strong>podr\u00e1 recabar<\/strong> de los organismos competentes la siguiente informaci\u00f3n:<\/p>\n<ol start=\"1\">\n<li>Identidad y domicilio del interesado y, en su caso, identidad de su representante legal.<\/li>\n<li>El cumplimiento de sus obligaciones tributarias con la Agencia Estatal de Administraci\u00f3n Tributaria.<\/li>\n<li>El cumplimiento de sus obligaciones frente a la Seguridad Social.<\/li>\n<li>El cumplimiento de sus obligaciones con la Administraci\u00f3n de la Comunidad Aut\u00f3noma de Cantabria.<\/li>\n<li>El resto de datos o documentos emitidos o en poder de cualquier Administraci\u00f3n P\u00fablica (alta en el Impuesto de Actividades Econ\u00f3micas, alta en el R\u00e9gimen Especial de Trabajadores Aut\u00f3nomos, etc.)<\/li>\n<\/ol>\n<p>En el caso de <strong>personas jur\u00eddicas<\/strong>, la <strong>obtenci\u00f3n <\/strong>de dicha <strong>informaci\u00f3n deber\u00e1 ser autorizada expresamente<\/strong> por el solicitante.<\/p>\n<p>En el caso de <strong>personas f\u00edsicas<\/strong>, <strong>el solicitante podr\u00e1 oponerse expresamente<\/strong> <strong>a <\/strong>tales <strong>consultas<\/strong>, <strong>a trav\u00e9s<\/strong> de <strong>comunicaci\u00f3n escrita<\/strong> a la Direcci\u00f3n General de Cultura y Patrimonio Hist\u00f3rico, manifestando su voluntad en tal sentido. En este supuesto, <strong>deber\u00e1 presentar los documentos acreditativos correspondientes<\/strong>, siendo la no aportaci\u00f3n de \u00e9stos causa de requerimiento, de conformidad con lo dispuesto en los art\u00edculos 68.1 y 73.2 de la Ley 39\/2015, de 1 de octubre. Las certificaciones que se presenten a tal efecto deber\u00e1n haber sido expedidas de forma gen\u00e9rica o a efectos de obtenci\u00f3n de subvenciones, por lo que no son v\u00e1lidas las emitidas para cualquier otra finalidad. Igualmente se considerar\u00e1n cumplidas las anteriores obligaciones cuando las deudas est\u00e9n aplazadas, fraccionadas o se hubiera acordado su suspensi\u00f3n como consecuencia de impugnaci\u00f3n, extremos que deber\u00e1n acreditarse mediante la presentaci\u00f3n de la resoluci\u00f3n en la que se concedan los aplazamientos o fraccionamientos o se acuerde la suspensi\u00f3n.<\/p>\n<p>En el caso de que el solicitante sea una <strong>Entidad Local<\/strong>, bastar\u00e1 la presentaci\u00f3n de una <strong>declaraci\u00f3n responsable<\/strong> de estar al corriente de las <strong>obligaciones tributarias<\/strong> <strong>y con<\/strong> la <strong>Seguridad Social<\/strong>, <strong>as\u00ed como<\/strong> del resto de las obligaciones <strong>con la Comunidad Aut\u00f3noma de Cantabria<\/strong>, firmada por el interventor o el secretario-interventor.<\/p>\n<p><strong>No ser\u00e1 necesario aportar la documentaci\u00f3n<\/strong> exigida que ya obrase <strong>en poder<\/strong> de cualquier \u00f3rgano o unidad <strong>de la Administraci\u00f3n<\/strong>, siempre que se cumplan los siguientes requisitos:<\/p>\n<ol start=\"1\">\n<li>Que se identifique el documento o documentos afectados.<\/li>\n<li>Que se haga constar la fecha y el \u00f3rgano o dependencia y procedimiento en que fueron entregados.<\/li>\n<li>Que no hayan transcurrido m\u00e1s de cinco a\u00f1os desde la finalizaci\u00f3n del procedimiento al que correspondan.<\/li>\n<\/ol>\n<p>En el caso de certificados previamente presentados por el interesado para acreditar que se halla al corriente de las obligaciones con la Agencia Estatal de Administraci\u00f3n Tributaria, la Tesorer\u00eda General de la Seguridad Social y la Agencia C\u00e1ntabra de Administraci\u00f3n Tributaria, \u00fanicamente podr\u00e1 invocarse la previsi\u00f3n contenida en este apartado si no hubiera expirado la validez de los mismos (seis meses para los certificados de la AEAT y TGSS y 3 meses para los de la ACAT).<\/p>\n<\/div>\n<h3>Anexos:<\/h3>\n<ul>\n<li>\n\t\t\t\t\t\t\t\t<span class=\"fa fa-file-word-o fa-lg\" aria-hidden=\"true\"><\/span><br \/>\n\t\t\t\t\t\t\t\t<a href=\"https:\/\/www.cantabria.es\/documents\/16401\/103918182\/Solicitud+Convc+2025+Orden+CTD-012-2025.docx\/45cfd5ff-38da-98f6-b521-f18321224c3f?t=1761298275079\" target=\"_blank\" rel=\"noopener noreferrer\">Modelo de Solicitud<\/a>\n<\/li>\n<li>\n\t\t\t\t\t\t\t\t<span class=\"fa fa-file-archive-o fa-lg\" aria-hidden=\"true\"><\/span><br \/>\n\t\t\t\t\t\t\t\t<a href=\"https:\/\/www.cantabria.es\/documents\/16401\/103918182\/Anexos+Convc+2025+Orden+CTD-012-2025.zip\/5b9e4a28-3570-15b0-6f14-fd210f0429c9?t=1761298274440\" target=\"_blank\" rel=\"noopener noreferrer\">Anexos<\/a>\n<\/li>\n<\/ul>\n<h3>Lugar presentaci\u00f3n :<\/h3>\n<div>\n<p>Las <strong>personas jur\u00eddicas <\/strong>y dem\u00e1s sujetos recogidos en el art\u00edculo 14.2 de la ley 39\/2015, de 1 de octubre, del procedimiento administrativo com\u00fan de las administraciones p\u00fablicas, <strong>est\u00e1n obligados <\/strong>a presentar sus solicitudes a trav\u00e9s del <a href=\"https:\/\/rec.cantabria.es\/rec\/bienvenida.htm\"><strong>Registro Electr\u00f3nico General<\/strong><\/a> de la Administraci\u00f3n de la Comunidad Aut\u00f3noma de Cantabria en la direcci\u00f3n electr\u00f3nica \u00absede.cantabria.es\u00bb.<\/p>\n<p>Las <strong>personas f\u00edsicas <\/strong>pueden presentar sus solicitudes en cualquiera de los lugares establecidos a los que se hace referencia en el art\u00edculo 134.8 de la Ley de Cantabria 5\/2018, de 22 de noviembre, de R\u00e9gimen Jur\u00eddico del Gobierno, de la Administraci\u00f3n y del Sector P\u00fablico Institucional de la Comunidad Aut\u00f3noma de Cantabria: a trav\u00e9s del <a href=\"http:\/\/https\/\/rec.cantabria.es\/rec\/bienvenida.htm\"><strong>Registro Electr\u00f3nico General <\/strong><\/a>o en la <strong><a href=\"https:\/\/www.cantabria.es\/web\/atencion-a-la-ciudadania\/registros\">Oficina de Asistencia en Materia de Registro<\/a>\u00a0<\/strong>de la Consejer\u00eda.<\/p>\n<\/div>\n<h3>\u00d3rgano tramitador:<\/h3>\n<div>\n\t\t\t\tDirecci\u00f3n: \n<p><strong>DIRECCI\u00d3N GENERAL DE CULTURA Y PATRIMONIO HIST\u00d3RICO (C\u00d3DIGO DIR3 O00006454 &#8211; A06045081)<\/strong><\/p>\n<p>C\/Juan de Santander, 19 \u2013 39009 Santander<\/p>\n<\/div>\n<p><span>Tel\u00e9fono: 942 20 72 27<\/span><\/p>\n<h3>Enlaces:<\/h3>\n<ul>\n<li><a href=\"https:\/\/boc.cantabria.es\/boces\/verAnuncioAction.do?idAnuBlob=426206\" target=\"_blank\" rel=\"noopener noreferrer\">Orden CTD\/12\/2025, de 17 de octubre, por la que se establecen las bases reguladoras y se aprueba la convocatoria de subvenciones, en r\u00e9gimen de concurrencia competitiva, a titulares de salas de exhibici\u00f3n cinematogr\u00e1fica, para favorecer la creac<\/a><\/li>\n<\/ul>\n<div class=\"noticias-iframe\">\n<p>\t\t\t\t<a href=\"https:\/\/twitter.com\/share\" class=\"twitter-share-button\" data-url=\"https%3A%2F%2Fwww.cantabria.es%2Fdetalle%2F-%2Fjournal%2Frss%2F16401%2FRSS_ULTIMAS_AYUDAS\" data-via=\"cantabriaes\" data-text=\"CONVOCATORIA 2025 Orden CTD\/12\/2025\" data-related=\"anywhere:The Javascript API\" data-count=\"horizontal\"><br \/>\n\t\t\t\t\tTweet<br \/>\n\t\t\t\t<\/a><\/p><\/div>\n<\/div>","protected":false},"excerpt":{"rendered":"<p>Subvencion: CONVOCATORIA 2025 Orden CTD\/12\/2025 Con certificado Servicio telef\u00f3nico 012 de atenci\u00f3n al ciudadano de Cantabria Descripci\u00f3n: Orden CTD\/12\/2025, de 17 de octubre, por la que se establecen las bases reguladoras y se aprueba la convocatoria de subvenciones, en r\u00e9gimen de concurrencia competitiva, a titulares de salas de exhibici\u00f3n cinematogr\u00e1fica, para favorecer la creaci\u00f3n de [&hellip;]<\/p>\n","protected":false},"author":5,"featured_media":0,"comment_status":"","ping_status":"","sticky":false,"template":"","format":"standard","meta":{"site-sidebar-layout":"default","site-content-layout":"","ast-site-content-layout":"default","site-content-style":"default","site-sidebar-style":"default","ast-global-header-display":"","ast-banner-title-visibility":"","ast-main-header-display":"","ast-hfb-above-header-display":"","ast-hfb-below-header-display":"","ast-hfb-mobile-header-display":"","site-post-title":"","ast-breadcrumbs-content":"","ast-featured-img":"","footer-sml-layout":"","ast-disable-related-posts":"","theme-transparent-header-meta":"","adv-header-id-meta":"","stick-header-meta":"","header-above-stick-meta":"","header-main-stick-meta":"","header-below-stick-meta":"","astra-migrate-meta-layouts":"default","ast-page-background-enabled":"default","ast-page-background-meta":{"desktop":{"background-color":"var(--ast-global-color-4)","background-image":"","background-repeat":"repeat","background-position":"center center","background-size":"auto","background-attachment":"scroll","background-type":"","background-media":"","overlay-type":"","overlay-color":"","overlay-opacity":"","overlay-gradient":""},"tablet":{"background-color":"","background-image":"","background-repeat":"repeat","background-position":"center center","background-size":"auto","background-attachment":"scroll","background-type":"","background-media":"","overlay-type":"","overlay-color":"","overlay-opacity":"","overlay-gradient":""},"mobile":{"background-color":"","background-image":"","background-repeat":"repeat","background-position":"center center","background-size":"auto","background-attachment":"scroll","background-type":"","background-media":"","overlay-type":"","overlay-color":"","overlay-opacity":"","overlay-gradient":""}},"ast-content-background-meta":{"desktop":{"background-color":"var(--ast-global-color-5)","background-image":"","background-repeat":"repeat","background-position":"center center","background-size":"auto","background-attachment":"scroll","background-type":"","background-media":"","overlay-type":"","overlay-color":"","overlay-opacity":"","overlay-gradient":""},"tablet":{"background-color":"var(--ast-global-color-5)","background-image":"","background-repeat":"repeat","background-position":"center center","background-size":"auto","background-attachment":"scroll","background-type":"","background-media":"","overlay-type":"","overlay-color":"","overlay-opacity":"","overlay-gradient":""},"mobile":{"background-color":"var(--ast-global-color-5)","background-image":"","background-repeat":"repeat","background-position":"center center","background-size":"auto","background-attachment":"scroll","background-type":"","background-media":"","overlay-type":"","overlay-color":"","overlay-opacity":"","overlay-gradient":""}},"footnotes":""},"categories":[8],"tags":[],"class_list":["post-185873","post","type-post","status-publish","format-standard","hentry","category-ayudas-y-subvenciones"],"yoast_head":"<!-- This site is optimized with the Yoast SEO Premium plugin v20.9 (Yoast SEO v27.4) - https:\/\/yoast.com\/product\/yoast-seo-premium-wordpress\/ -->\n<title>CONVOCATORIA 2025 Orden CTD\/12\/2025 - bip4ex<\/title>\n<meta name=\"robots\" content=\"index, follow, max-snippet:-1, max-image-preview:large, max-video-preview:-1\" \/>\n<link rel=\"canonical\" href=\"https:\/\/helloproject.es\/vigilancia\/convocatoria-2025-orden-ctd-12-2025\/\" \/>\n<meta property=\"og:locale\" content=\"es_ES\" \/>\n<meta property=\"og:type\" content=\"article\" \/>\n<meta property=\"og:title\" content=\"CONVOCATORIA 2025 Orden CTD\/12\/2025\" \/>\n<meta property=\"og:description\" content=\"Subvencion: CONVOCATORIA 2025 Orden CTD\/12\/2025 Con certificado Servicio telef\u00f3nico 012 de atenci\u00f3n al ciudadano de Cantabria Descripci\u00f3n: Orden CTD\/12\/2025, de 17 de octubre, por la que se establecen las bases reguladoras y se aprueba la convocatoria de subvenciones, en r\u00e9gimen de concurrencia competitiva, a titulares de salas de exhibici\u00f3n cinematogr\u00e1fica, para favorecer la creaci\u00f3n de [&hellip;]\" \/>\n<meta property=\"og:url\" content=\"https:\/\/helloproject.es\/vigilancia\/convocatoria-2025-orden-ctd-12-2025\/\" \/>\n<meta property=\"og:site_name\" content=\"bip4ex\" \/>\n<meta property=\"article:published_time\" content=\"2025-10-27T08:28:37+00:00\" \/>\n<meta property=\"og:image\" content=\"https:\/\/www.cantabria.es\/documents\/26427\/21881598\/DNIe.jpg\/01f4c245-cfe3-9563-9845-0e0f97e7f720?t=1648806919369\" \/>\n<meta name=\"author\" content=\"Luis Miguel Mej\u00edas Ramos\" \/>\n<meta name=\"twitter:card\" content=\"summary_large_image\" \/>\n<meta name=\"twitter:label1\" content=\"Escrito por\" \/>\n\t<meta name=\"twitter:data1\" content=\"Luis Miguel Mej\u00edas Ramos\" \/>\n\t<meta name=\"twitter:label2\" content=\"Tiempo de lectura\" \/>\n\t<meta name=\"twitter:data2\" content=\"11 minutos\" \/>\n<script type=\"application\/ld+json\" class=\"yoast-schema-graph\">{\"@context\":\"https:\\\/\\\/schema.org\",\"@graph\":[{\"@type\":\"Article\",\"@id\":\"https:\\\/\\\/helloproject.es\\\/vigilancia\\\/convocatoria-2025-orden-ctd-12-2025\\\/#article\",\"isPartOf\":{\"@id\":\"https:\\\/\\\/helloproject.es\\\/vigilancia\\\/convocatoria-2025-orden-ctd-12-2025\\\/\"},\"author\":{\"name\":\"Luis Miguel Mej\u00edas Ramos\",\"@id\":\"https:\\\/\\\/helloproject.es\\\/vigilancia\\\/#\\\/schema\\\/person\\\/3767b0619d59a11570372c821f8619ca\"},\"headline\":\"CONVOCATORIA 2025 Orden CTD\\\/12\\\/2025\",\"datePublished\":\"2025-10-27T08:28:37+00:00\",\"mainEntityOfPage\":{\"@id\":\"https:\\\/\\\/helloproject.es\\\/vigilancia\\\/convocatoria-2025-orden-ctd-12-2025\\\/\"},\"wordCount\":2193,\"publisher\":{\"@id\":\"https:\\\/\\\/helloproject.es\\\/vigilancia\\\/#organization\"},\"image\":{\"@id\":\"https:\\\/\\\/helloproject.es\\\/vigilancia\\\/convocatoria-2025-orden-ctd-12-2025\\\/#primaryimage\"},\"thumbnailUrl\":\"https:\\\/\\\/www.cantabria.es\\\/documents\\\/26427\\\/21881598\\\/DNIe.jpg\\\/01f4c245-cfe3-9563-9845-0e0f97e7f720?t=1648806919369\",\"articleSection\":[\"Ayudas y Subvenciones\"],\"inLanguage\":\"es\"},{\"@type\":\"WebPage\",\"@id\":\"https:\\\/\\\/helloproject.es\\\/vigilancia\\\/convocatoria-2025-orden-ctd-12-2025\\\/\",\"url\":\"https:\\\/\\\/helloproject.es\\\/vigilancia\\\/convocatoria-2025-orden-ctd-12-2025\\\/\",\"name\":\"CONVOCATORIA 2025 Orden CTD\\\/12\\\/2025 - bip4ex\",\"isPartOf\":{\"@id\":\"https:\\\/\\\/helloproject.es\\\/vigilancia\\\/#website\"},\"primaryImageOfPage\":{\"@id\":\"https:\\\/\\\/helloproject.es\\\/vigilancia\\\/convocatoria-2025-orden-ctd-12-2025\\\/#primaryimage\"},\"image\":{\"@id\":\"https:\\\/\\\/helloproject.es\\\/vigilancia\\\/convocatoria-2025-orden-ctd-12-2025\\\/#primaryimage\"},\"thumbnailUrl\":\"https:\\\/\\\/www.cantabria.es\\\/documents\\\/26427\\\/21881598\\\/DNIe.jpg\\\/01f4c245-cfe3-9563-9845-0e0f97e7f720?t=1648806919369\",\"datePublished\":\"2025-10-27T08:28:37+00:00\",\"breadcrumb\":{\"@id\":\"https:\\\/\\\/helloproject.es\\\/vigilancia\\\/convocatoria-2025-orden-ctd-12-2025\\\/#breadcrumb\"},\"inLanguage\":\"es\",\"potentialAction\":[{\"@type\":\"ReadAction\",\"target\":[\"https:\\\/\\\/helloproject.es\\\/vigilancia\\\/convocatoria-2025-orden-ctd-12-2025\\\/\"]}]},{\"@type\":\"ImageObject\",\"inLanguage\":\"es\",\"@id\":\"https:\\\/\\\/helloproject.es\\\/vigilancia\\\/convocatoria-2025-orden-ctd-12-2025\\\/#primaryimage\",\"url\":\"https:\\\/\\\/www.cantabria.es\\\/documents\\\/26427\\\/21881598\\\/DNIe.jpg\\\/01f4c245-cfe3-9563-9845-0e0f97e7f720?t=1648806919369\",\"contentUrl\":\"https:\\\/\\\/www.cantabria.es\\\/documents\\\/26427\\\/21881598\\\/DNIe.jpg\\\/01f4c245-cfe3-9563-9845-0e0f97e7f720?t=1648806919369\"},{\"@type\":\"BreadcrumbList\",\"@id\":\"https:\\\/\\\/helloproject.es\\\/vigilancia\\\/convocatoria-2025-orden-ctd-12-2025\\\/#breadcrumb\",\"itemListElement\":[{\"@type\":\"ListItem\",\"position\":1,\"name\":\"Home\",\"item\":\"https:\\\/\\\/helloproject.es\\\/vigilancia\\\/\"},{\"@type\":\"ListItem\",\"position\":2,\"name\":\"CONVOCATORIA 2025 Orden CTD\\\/12\\\/2025\"}]},{\"@type\":\"WebSite\",\"@id\":\"https:\\\/\\\/helloproject.es\\\/vigilancia\\\/#website\",\"url\":\"https:\\\/\\\/helloproject.es\\\/vigilancia\\\/\",\"name\":\"bip4ex\",\"description\":\"Vigilancia Tecnol\u00f3gica\",\"publisher\":{\"@id\":\"https:\\\/\\\/helloproject.es\\\/vigilancia\\\/#organization\"},\"potentialAction\":[{\"@type\":\"SearchAction\",\"target\":{\"@type\":\"EntryPoint\",\"urlTemplate\":\"https:\\\/\\\/helloproject.es\\\/vigilancia\\\/?s={search_term_string}\"},\"query-input\":{\"@type\":\"PropertyValueSpecification\",\"valueRequired\":true,\"valueName\":\"search_term_string\"}}],\"inLanguage\":\"es\"},{\"@type\":\"Organization\",\"@id\":\"https:\\\/\\\/helloproject.es\\\/vigilancia\\\/#organization\",\"name\":\"Helloproject.es\",\"url\":\"https:\\\/\\\/helloproject.es\\\/vigilancia\\\/\",\"logo\":{\"@type\":\"ImageObject\",\"inLanguage\":\"es\",\"@id\":\"https:\\\/\\\/helloproject.es\\\/vigilancia\\\/#\\\/schema\\\/logo\\\/image\\\/\",\"url\":\"https:\\\/\\\/helloproject.es\\\/vigilancia\\\/wp-content\\\/uploads\\\/2023\\\/07\\\/bip4ex.png\",\"contentUrl\":\"https:\\\/\\\/helloproject.es\\\/vigilancia\\\/wp-content\\\/uploads\\\/2023\\\/07\\\/bip4ex.png\",\"width\":322,\"height\":365,\"caption\":\"Helloproject.es\"},\"image\":{\"@id\":\"https:\\\/\\\/helloproject.es\\\/vigilancia\\\/#\\\/schema\\\/logo\\\/image\\\/\"}},{\"@type\":\"Person\",\"@id\":\"https:\\\/\\\/helloproject.es\\\/vigilancia\\\/#\\\/schema\\\/person\\\/3767b0619d59a11570372c821f8619ca\",\"name\":\"Luis Miguel Mej\u00edas Ramos\",\"url\":\"https:\\\/\\\/helloproject.es\\\/vigilancia\\\/author\\\/luismi\\\/\"}]}<\/script>\n<!-- \/ Yoast SEO Premium plugin. -->","yoast_head_json":{"title":"CONVOCATORIA 2025 Orden CTD\/12\/2025 - bip4ex","robots":{"index":"index","follow":"follow","max-snippet":"max-snippet:-1","max-image-preview":"max-image-preview:large","max-video-preview":"max-video-preview:-1"},"canonical":"https:\/\/helloproject.es\/vigilancia\/convocatoria-2025-orden-ctd-12-2025\/","og_locale":"es_ES","og_type":"article","og_title":"CONVOCATORIA 2025 Orden CTD\/12\/2025","og_description":"Subvencion: CONVOCATORIA 2025 Orden CTD\/12\/2025 Con certificado Servicio telef\u00f3nico 012 de atenci\u00f3n al ciudadano de Cantabria Descripci\u00f3n: Orden CTD\/12\/2025, de 17 de octubre, por la que se establecen las bases reguladoras y se aprueba la convocatoria de subvenciones, en r\u00e9gimen de concurrencia competitiva, a titulares de salas de exhibici\u00f3n cinematogr\u00e1fica, para favorecer la creaci\u00f3n de [&hellip;]","og_url":"https:\/\/helloproject.es\/vigilancia\/convocatoria-2025-orden-ctd-12-2025\/","og_site_name":"bip4ex","article_published_time":"2025-10-27T08:28:37+00:00","og_image":[{"url":"https:\/\/www.cantabria.es\/documents\/26427\/21881598\/DNIe.jpg\/01f4c245-cfe3-9563-9845-0e0f97e7f720?t=1648806919369","type":"","width":"","height":""}],"author":"Luis Miguel Mej\u00edas Ramos","twitter_card":"summary_large_image","twitter_misc":{"Escrito por":"Luis Miguel Mej\u00edas Ramos","Tiempo de lectura":"11 minutos"},"schema":{"@context":"https:\/\/schema.org","@graph":[{"@type":"Article","@id":"https:\/\/helloproject.es\/vigilancia\/convocatoria-2025-orden-ctd-12-2025\/#article","isPartOf":{"@id":"https:\/\/helloproject.es\/vigilancia\/convocatoria-2025-orden-ctd-12-2025\/"},"author":{"name":"Luis Miguel Mej\u00edas Ramos","@id":"https:\/\/helloproject.es\/vigilancia\/#\/schema\/person\/3767b0619d59a11570372c821f8619ca"},"headline":"CONVOCATORIA 2025 Orden CTD\/12\/2025","datePublished":"2025-10-27T08:28:37+00:00","mainEntityOfPage":{"@id":"https:\/\/helloproject.es\/vigilancia\/convocatoria-2025-orden-ctd-12-2025\/"},"wordCount":2193,"publisher":{"@id":"https:\/\/helloproject.es\/vigilancia\/#organization"},"image":{"@id":"https:\/\/helloproject.es\/vigilancia\/convocatoria-2025-orden-ctd-12-2025\/#primaryimage"},"thumbnailUrl":"https:\/\/www.cantabria.es\/documents\/26427\/21881598\/DNIe.jpg\/01f4c245-cfe3-9563-9845-0e0f97e7f720?t=1648806919369","articleSection":["Ayudas y Subvenciones"],"inLanguage":"es"},{"@type":"WebPage","@id":"https:\/\/helloproject.es\/vigilancia\/convocatoria-2025-orden-ctd-12-2025\/","url":"https:\/\/helloproject.es\/vigilancia\/convocatoria-2025-orden-ctd-12-2025\/","name":"CONVOCATORIA 2025 Orden CTD\/12\/2025 - bip4ex","isPartOf":{"@id":"https:\/\/helloproject.es\/vigilancia\/#website"},"primaryImageOfPage":{"@id":"https:\/\/helloproject.es\/vigilancia\/convocatoria-2025-orden-ctd-12-2025\/#primaryimage"},"image":{"@id":"https:\/\/helloproject.es\/vigilancia\/convocatoria-2025-orden-ctd-12-2025\/#primaryimage"},"thumbnailUrl":"https:\/\/www.cantabria.es\/documents\/26427\/21881598\/DNIe.jpg\/01f4c245-cfe3-9563-9845-0e0f97e7f720?t=1648806919369","datePublished":"2025-10-27T08:28:37+00:00","breadcrumb":{"@id":"https:\/\/helloproject.es\/vigilancia\/convocatoria-2025-orden-ctd-12-2025\/#breadcrumb"},"inLanguage":"es","potentialAction":[{"@type":"ReadAction","target":["https:\/\/helloproject.es\/vigilancia\/convocatoria-2025-orden-ctd-12-2025\/"]}]},{"@type":"ImageObject","inLanguage":"es","@id":"https:\/\/helloproject.es\/vigilancia\/convocatoria-2025-orden-ctd-12-2025\/#primaryimage","url":"https:\/\/www.cantabria.es\/documents\/26427\/21881598\/DNIe.jpg\/01f4c245-cfe3-9563-9845-0e0f97e7f720?t=1648806919369","contentUrl":"https:\/\/www.cantabria.es\/documents\/26427\/21881598\/DNIe.jpg\/01f4c245-cfe3-9563-9845-0e0f97e7f720?t=1648806919369"},{"@type":"BreadcrumbList","@id":"https:\/\/helloproject.es\/vigilancia\/convocatoria-2025-orden-ctd-12-2025\/#breadcrumb","itemListElement":[{"@type":"ListItem","position":1,"name":"Home","item":"https:\/\/helloproject.es\/vigilancia\/"},{"@type":"ListItem","position":2,"name":"CONVOCATORIA 2025 Orden CTD\/12\/2025"}]},{"@type":"WebSite","@id":"https:\/\/helloproject.es\/vigilancia\/#website","url":"https:\/\/helloproject.es\/vigilancia\/","name":"bip4ex","description":"Vigilancia Tecnol\u00f3gica","publisher":{"@id":"https:\/\/helloproject.es\/vigilancia\/#organization"},"potentialAction":[{"@type":"SearchAction","target":{"@type":"EntryPoint","urlTemplate":"https:\/\/helloproject.es\/vigilancia\/?s={search_term_string}"},"query-input":{"@type":"PropertyValueSpecification","valueRequired":true,"valueName":"search_term_string"}}],"inLanguage":"es"},{"@type":"Organization","@id":"https:\/\/helloproject.es\/vigilancia\/#organization","name":"Helloproject.es","url":"https:\/\/helloproject.es\/vigilancia\/","logo":{"@type":"ImageObject","inLanguage":"es","@id":"https:\/\/helloproject.es\/vigilancia\/#\/schema\/logo\/image\/","url":"https:\/\/helloproject.es\/vigilancia\/wp-content\/uploads\/2023\/07\/bip4ex.png","contentUrl":"https:\/\/helloproject.es\/vigilancia\/wp-content\/uploads\/2023\/07\/bip4ex.png","width":322,"height":365,"caption":"Helloproject.es"},"image":{"@id":"https:\/\/helloproject.es\/vigilancia\/#\/schema\/logo\/image\/"}},{"@type":"Person","@id":"https:\/\/helloproject.es\/vigilancia\/#\/schema\/person\/3767b0619d59a11570372c821f8619ca","name":"Luis Miguel Mej\u00edas Ramos","url":"https:\/\/helloproject.es\/vigilancia\/author\/luismi\/"}]}},"_links":{"self":[{"href":"https:\/\/helloproject.es\/vigilancia\/wp-json\/wp\/v2\/posts\/185873","targetHints":{"allow":["GET"]}}],"collection":[{"href":"https:\/\/helloproject.es\/vigilancia\/wp-json\/wp\/v2\/posts"}],"about":[{"href":"https:\/\/helloproject.es\/vigilancia\/wp-json\/wp\/v2\/types\/post"}],"author":[{"embeddable":true,"href":"https:\/\/helloproject.es\/vigilancia\/wp-json\/wp\/v2\/users\/5"}],"replies":[{"embeddable":true,"href":"https:\/\/helloproject.es\/vigilancia\/wp-json\/wp\/v2\/comments?post=185873"}],"version-history":[{"count":0,"href":"https:\/\/helloproject.es\/vigilancia\/wp-json\/wp\/v2\/posts\/185873\/revisions"}],"wp:attachment":[{"href":"https:\/\/helloproject.es\/vigilancia\/wp-json\/wp\/v2\/media?parent=185873"}],"wp:term":[{"taxonomy":"category","embeddable":true,"href":"https:\/\/helloproject.es\/vigilancia\/wp-json\/wp\/v2\/categories?post=185873"},{"taxonomy":"post_tag","embeddable":true,"href":"https:\/\/helloproject.es\/vigilancia\/wp-json\/wp\/v2\/tags?post=185873"}],"curies":[{"name":"wp","href":"https:\/\/api.w.org\/{rel}","templated":true}]}}