{"id":185891,"date":"2025-10-27T11:28:10","date_gmt":"2025-10-27T10:28:10","guid":{"rendered":"https:\/\/helloproject.es\/vigilancia\/el-agua-que-se-pierde-mientras-la-guardamos-revelan-las-perdidas-ocultas-por-evaporacion-en-los-embalses\/"},"modified":"2025-10-27T11:28:10","modified_gmt":"2025-10-27T10:28:10","slug":"el-agua-que-se-pierde-mientras-la-guardamos-revelan-las-perdidas-ocultas-por-evaporacion-en-los-embalses","status":"publish","type":"post","link":"https:\/\/helloproject.es\/vigilancia\/el-agua-que-se-pierde-mientras-la-guardamos-revelan-las-perdidas-ocultas-por-evaporacion-en-los-embalses\/","title":{"rendered":"El agua que se pierde mientras la guardamos: revelan las p\u00e9rdidas ocultas por evaporaci\u00f3n en los embalses"},"content":{"rendered":"<p>Los embalses de agua son esenciales para garantizar el suministro en periodos de sequ\u00eda, especialmente en Espa\u00f1a, donde las olas de calor y la falta de precipitaciones son cada vez m\u00e1s frecuentes.<\/p>\n<p>Un equipo integrado por investigadores de la Universitat de les Illes Balears, la Universidad de La Rioja y el Instituto Pirenaico de Ecolog\u00eda (IPE-CSIC) ha puesto de manifiesto un problema que a menudo pasa desapercibido: gran parte del agua almacenada se evapora, vuelve a la atm\u00f3sfera y reduce la cantidad disponible.<\/p>\n<p>El estudio, publicado en la revista cient\u00edfica Earth\u2019s Future,\u00a0ha analizado datos de m\u00e1s de 360 embalses que acumulan casi todo el volumen de almacenamiento en Espa\u00f1a.<\/p>\n<p>Este fen\u00f3meno amenaza la eficacia de los embalses, especialmente en un contexto de emergencia clim\u00e1tica que altera los ciclos del agua<\/p>\n<p>De este modo, ha puesto a cuerpo descubierto que la evaporaci\u00f3n puede llegar a significar p\u00e9rdidas importantes, que se incrementan con el aumento de la temperatura y los veranos m\u00e1s secos. Este fen\u00f3meno amenaza la eficacia de los embalses, especialmente en un contexto de emergencia clim\u00e1tica que altera los ciclos del agua.<\/p>\n<p>El estudio de los investigadores del grupo consolidado de I+D+i de Recursos H\u00eddricos, Estudios Urbanos y Cambio Global (GLOWATER &amp; Urban Studies) de la UIB ha permitido calcular que la evaporaci\u00f3n ha ido aumentando constantemente a lo largo de las \u00faltimas d\u00e9cadas, a un ritmo de casi 28 millones de metros c\u00fabicos cada a\u00f1o desde 1961 a 2018. Esto ha comportado una p\u00e9rdida total de 114.000 millones de metros c\u00fabicos de agua, que es de unos 2.000 millones de metros c\u00fabicos cada a\u00f1o.<\/p>\n<p><a><\/a><\/p>\n<h2>M\u00e1s embalses, m\u00e1s evaporaci\u00f3n<\/h2>\n<p>La construcci\u00f3n de nuevos embalses durante estas d\u00e9cadas ha permitido incrementar las reservas de agua, pero tambi\u00e9n ha aumentado de manera notable la superficie de agua expuesta a la evaporaci\u00f3n. Seg\u00fan se\u00f1alan los investigadores, este incremento de reservas ha tenido un impacto 22 veces m\u00e1s grande en la p\u00e9rdida de agua que el incremento de temperaturas asociadas al cambio clim\u00e1tico.<\/p>\n<p>Los investigadores han elaborado tambi\u00e9n proyecciones futuras de la evaporaci\u00f3n de agua, y el escenario es todav\u00eda m\u00e1s preocupante.<\/p>\n<p><img decoding=\"async\" src=\"https:\/\/www.agenciasinc.es\/bundles\/app\/images\/quotebefore.png\" \/><\/p>\n<p>Nuestras proyecciones futuras muestran que, a finales de este siglo, la evaporaci\u00f3n podr\u00eda aumentar un 35 % m\u00e1s del que hemos visto en las \u00faltimas d\u00e9cada<\/p>\n<p>elso Garcia, UIB<br \/>\n<img decoding=\"async\" src=\"https:\/\/www.agenciasinc.es\/bundles\/app\/images\/quoteafter.png\" \/><\/p>\n<p>\u00abNuestras proyecciones futuras muestran que, a finales de este siglo, la evaporaci\u00f3n podr\u00eda aumentar un 35 % m\u00e1s del que hemos visto en las \u00faltimas d\u00e9cadas, especialmente en escenarios con altas emisiones de gases de efecto invernadero\u00bb, asegura\u00a0Celso Garcia, catedr\u00e1tico del departamento de Geograf\u00eda e investigador principal del grupo GLOWATER &amp; Urban Studies de la UIB.<\/p>\n<p>Estos resultados sugieren que mientras que el aumento de las temperaturas conducir\u00e1 a m\u00e1s evaporaci\u00f3n, la cantidad de agua en los embalses continuar\u00e1 siendo el factor m\u00e1s importante para determinar la cantidad de agua que se pierde.<\/p>\n<p>La investigaci\u00f3n demuestra que la evaporaci\u00f3n a los embalses es una fuente de p\u00e9rdida de agua crucial que hay que tener mucho en cuenta, y expone la necesidad de desarrollar estrategias de gesti\u00f3n h\u00eddrica m\u00e1s efectivas para asegurar la disponibilidad de agua ante un futuro cada vez m\u00e1s incierto por el cambio clim\u00e1tico.<\/p>\n<p><a><\/a><\/p>\n<h2>Las cuencas mediterr\u00e1neas, al l\u00edmite<\/h2>\n<p>Los resultados de este estudio toman todav\u00eda m\u00e1s importancia despu\u00e9s de que recientemente se hicieran p\u00fablicos los resultados de otro trabajo que ha contado con la participaci\u00f3n de investigadores del grupo GLOWATER &amp; Urban Studies, seg\u00fan el cual las cuencas mediterr\u00e1neas espa\u00f1olas se encuentran al l\u00edmite.<\/p>\n<p>Este otro trabajo, publicado en la prestigiosa revista\u00a0Environmental Research Letters, se\u00f1ala que estas cuencas no disponen de suficiente agua dulce para cubrir las necesidades humanas y a la vez mantener una buena salud de los ecosistemas naturales; especialmente en un contexto de cambio clim\u00e1tico y de una menor aportaci\u00f3n de agua desde las cabeceras de las cuencas.<\/p>\n<p>Los investigadores proponen\u00a0contener la demanda en las \u00e1reas sometidas a mayor tensi\u00f3n, evitando la implantaci\u00f3n de grandes industrias y complejos tur\u00edsticos<\/p>\n<p>Los resultados logrados son el resultado del trabajo de una red de investigaci\u00f3n financiada por el Ministerio de Ciencia, Innovaci\u00f3n y Universidades y la Agencia Estatal de Investigaci\u00f3n. Los investigadores plantean que las pol\u00edticas centradas a aumentar la oferta construyendo m\u00e1s embalses o fomentando la desalinizaci\u00f3n y la regeneraci\u00f3n del agua son insuficientes.<\/p>\n<p>Entre otras medidas, los investigadores proponen contener la demanda en las \u00e1reas sometidas a mayor tensi\u00f3n, evitando la implantaci\u00f3n de grandes industrias y complejos tur\u00edsticos.<\/p>\n<p>Referencias:<\/p>\n<p>Lorenzo-Lacruz, J., Mor\u00e1n-Tejeda, E., Vicente-Serrano, S. M., &amp; Garcia, C. (2025). \u00abLosing water by storing it: The oversighted side of intensive water regulation and damming\u00bb.\u00a0<a href=\"https:\/\/doi.org\/10.1029\/2024EF005675\" target=\"_blank\">Earth&#8217;s Future<\/a>,\u00a0<\/p>\n<p>S. Sabater et al. (2025).\u00a0<a href=\"https:\/\/doi.org\/10.1088\/1748-9326\/adfbfc\" target=\"_blank\">Environmental Research Letters<\/a>.\u00a0<\/p>","protected":false},"excerpt":{"rendered":"<p>Los embalses de agua son esenciales para garantizar el suministro en periodos de sequ\u00eda, especialmente en Espa\u00f1a, donde las olas de calor y la falta de precipitaciones son cada vez m\u00e1s frecuentes. Un equipo integrado por investigadores de la Universitat de les Illes Balears, la Universidad de La Rioja y el Instituto Pirenaico de Ecolog\u00eda [&hellip;]<\/p>\n","protected":false},"author":5,"featured_media":0,"comment_status":"","ping_status":"","sticky":false,"template":"","format":"standard","meta":{"site-sidebar-layout":"default","site-content-layout":"","ast-site-content-layout":"default","site-content-style":"default","site-sidebar-style":"default","ast-global-header-display":"","ast-banner-title-visibility":"","ast-main-header-display":"","ast-hfb-above-header-display":"","ast-hfb-below-header-display":"","ast-hfb-mobile-header-display":"","site-post-title":"","ast-breadcrumbs-content":"","ast-featured-img":"","footer-sml-layout":"","ast-disable-related-posts":"","theme-transparent-header-meta":"","adv-header-id-meta":"","stick-header-meta":"","header-above-stick-meta":"","header-main-stick-meta":"","header-below-stick-meta":"","astra-migrate-meta-layouts":"default","ast-page-background-enabled":"default","ast-page-background-meta":{"desktop":{"background-color":"var(--ast-global-color-4)","background-image":"","background-repeat":"repeat","background-position":"center center","background-size":"auto","background-attachment":"scroll","background-type":"","background-media":"","overlay-type":"","overlay-color":"","overlay-opacity":"","overlay-gradient":""},"tablet":{"background-color":"","background-image":"","background-repeat":"repeat","background-position":"center center","background-size":"auto","background-attachment":"scroll","background-type":"","background-media":"","overlay-type":"","overlay-color":"","overlay-opacity":"","overlay-gradient":""},"mobile":{"background-color":"","background-image":"","background-repeat":"repeat","background-position":"center center","background-size":"auto","background-attachment":"scroll","background-type":"","background-media":"","overlay-type":"","overlay-color":"","overlay-opacity":"","overlay-gradient":""}},"ast-content-background-meta":{"desktop":{"background-color":"var(--ast-global-color-5)","background-image":"","background-repeat":"repeat","background-position":"center center","background-size":"auto","background-attachment":"scroll","background-type":"","background-media":"","overlay-type":"","overlay-color":"","overlay-opacity":"","overlay-gradient":""},"tablet":{"background-color":"var(--ast-global-color-5)","background-image":"","background-repeat":"repeat","background-position":"center center","background-size":"auto","background-attachment":"scroll","background-type":"","background-media":"","overlay-type":"","overlay-color":"","overlay-opacity":"","overlay-gradient":""},"mobile":{"background-color":"var(--ast-global-color-5)","background-image":"","background-repeat":"repeat","background-position":"center center","background-size":"auto","background-attachment":"scroll","background-type":"","background-media":"","overlay-type":"","overlay-color":"","overlay-opacity":"","overlay-gradient":""}},"footnotes":""},"categories":[5],"tags":[],"class_list":["post-185891","post","type-post","status-publish","format-standard","hentry","category-noticias"],"yoast_head":"<!-- This site is optimized with the Yoast SEO Premium plugin v20.9 (Yoast SEO v27.4) - https:\/\/yoast.com\/product\/yoast-seo-premium-wordpress\/ -->\n<title>El agua que se pierde mientras la guardamos: revelan las p\u00e9rdidas ocultas por evaporaci\u00f3n en los embalses - bip4ex<\/title>\n<meta name=\"robots\" content=\"index, follow, max-snippet:-1, max-image-preview:large, max-video-preview:-1\" \/>\n<link rel=\"canonical\" href=\"https:\/\/helloproject.es\/vigilancia\/el-agua-que-se-pierde-mientras-la-guardamos-revelan-las-perdidas-ocultas-por-evaporacion-en-los-embalses\/\" \/>\n<meta property=\"og:locale\" content=\"es_ES\" \/>\n<meta property=\"og:type\" content=\"article\" \/>\n<meta property=\"og:title\" content=\"El agua que se pierde mientras la guardamos: revelan las p\u00e9rdidas ocultas por evaporaci\u00f3n en los embalses\" \/>\n<meta property=\"og:description\" content=\"Los embalses de agua son esenciales para garantizar el suministro en periodos de sequ\u00eda, especialmente en Espa\u00f1a, donde las olas de calor y la falta de precipitaciones son cada vez m\u00e1s frecuentes. Un equipo integrado por investigadores de la Universitat de les Illes Balears, la Universidad de La Rioja y el Instituto Pirenaico de Ecolog\u00eda [&hellip;]\" \/>\n<meta property=\"og:url\" content=\"https:\/\/helloproject.es\/vigilancia\/el-agua-que-se-pierde-mientras-la-guardamos-revelan-las-perdidas-ocultas-por-evaporacion-en-los-embalses\/\" \/>\n<meta property=\"og:site_name\" content=\"bip4ex\" \/>\n<meta property=\"article:published_time\" content=\"2025-10-27T10:28:10+00:00\" \/>\n<meta property=\"og:image\" content=\"https:\/\/www.agenciasinc.es\/bundles\/app\/images\/quotebefore.png\" \/>\n<meta name=\"author\" content=\"Luis Miguel Mej\u00edas Ramos\" \/>\n<meta name=\"twitter:card\" content=\"summary_large_image\" \/>\n<meta name=\"twitter:label1\" content=\"Escrito por\" \/>\n\t<meta name=\"twitter:data1\" content=\"Luis Miguel Mej\u00edas Ramos\" \/>\n\t<meta name=\"twitter:label2\" content=\"Tiempo de lectura\" \/>\n\t<meta name=\"twitter:data2\" content=\"4 minutos\" \/>\n<script type=\"application\/ld+json\" class=\"yoast-schema-graph\">{\"@context\":\"https:\\\/\\\/schema.org\",\"@graph\":[{\"@type\":\"Article\",\"@id\":\"https:\\\/\\\/helloproject.es\\\/vigilancia\\\/el-agua-que-se-pierde-mientras-la-guardamos-revelan-las-perdidas-ocultas-por-evaporacion-en-los-embalses\\\/#article\",\"isPartOf\":{\"@id\":\"https:\\\/\\\/helloproject.es\\\/vigilancia\\\/el-agua-que-se-pierde-mientras-la-guardamos-revelan-las-perdidas-ocultas-por-evaporacion-en-los-embalses\\\/\"},\"author\":{\"name\":\"Luis Miguel Mej\u00edas Ramos\",\"@id\":\"https:\\\/\\\/helloproject.es\\\/vigilancia\\\/#\\\/schema\\\/person\\\/3767b0619d59a11570372c821f8619ca\"},\"headline\":\"El agua que se pierde mientras la guardamos: revelan las p\u00e9rdidas ocultas por evaporaci\u00f3n en los embalses\",\"datePublished\":\"2025-10-27T10:28:10+00:00\",\"mainEntityOfPage\":{\"@id\":\"https:\\\/\\\/helloproject.es\\\/vigilancia\\\/el-agua-que-se-pierde-mientras-la-guardamos-revelan-las-perdidas-ocultas-por-evaporacion-en-los-embalses\\\/\"},\"wordCount\":869,\"publisher\":{\"@id\":\"https:\\\/\\\/helloproject.es\\\/vigilancia\\\/#organization\"},\"image\":{\"@id\":\"https:\\\/\\\/helloproject.es\\\/vigilancia\\\/el-agua-que-se-pierde-mientras-la-guardamos-revelan-las-perdidas-ocultas-por-evaporacion-en-los-embalses\\\/#primaryimage\"},\"thumbnailUrl\":\"https:\\\/\\\/www.agenciasinc.es\\\/bundles\\\/app\\\/images\\\/quotebefore.png\",\"articleSection\":[\"Noticias\"],\"inLanguage\":\"es\"},{\"@type\":\"WebPage\",\"@id\":\"https:\\\/\\\/helloproject.es\\\/vigilancia\\\/el-agua-que-se-pierde-mientras-la-guardamos-revelan-las-perdidas-ocultas-por-evaporacion-en-los-embalses\\\/\",\"url\":\"https:\\\/\\\/helloproject.es\\\/vigilancia\\\/el-agua-que-se-pierde-mientras-la-guardamos-revelan-las-perdidas-ocultas-por-evaporacion-en-los-embalses\\\/\",\"name\":\"El agua que se pierde mientras la guardamos: revelan las p\u00e9rdidas ocultas por evaporaci\u00f3n en los embalses - bip4ex\",\"isPartOf\":{\"@id\":\"https:\\\/\\\/helloproject.es\\\/vigilancia\\\/#website\"},\"primaryImageOfPage\":{\"@id\":\"https:\\\/\\\/helloproject.es\\\/vigilancia\\\/el-agua-que-se-pierde-mientras-la-guardamos-revelan-las-perdidas-ocultas-por-evaporacion-en-los-embalses\\\/#primaryimage\"},\"image\":{\"@id\":\"https:\\\/\\\/helloproject.es\\\/vigilancia\\\/el-agua-que-se-pierde-mientras-la-guardamos-revelan-las-perdidas-ocultas-por-evaporacion-en-los-embalses\\\/#primaryimage\"},\"thumbnailUrl\":\"https:\\\/\\\/www.agenciasinc.es\\\/bundles\\\/app\\\/images\\\/quotebefore.png\",\"datePublished\":\"2025-10-27T10:28:10+00:00\",\"breadcrumb\":{\"@id\":\"https:\\\/\\\/helloproject.es\\\/vigilancia\\\/el-agua-que-se-pierde-mientras-la-guardamos-revelan-las-perdidas-ocultas-por-evaporacion-en-los-embalses\\\/#breadcrumb\"},\"inLanguage\":\"es\",\"potentialAction\":[{\"@type\":\"ReadAction\",\"target\":[\"https:\\\/\\\/helloproject.es\\\/vigilancia\\\/el-agua-que-se-pierde-mientras-la-guardamos-revelan-las-perdidas-ocultas-por-evaporacion-en-los-embalses\\\/\"]}]},{\"@type\":\"ImageObject\",\"inLanguage\":\"es\",\"@id\":\"https:\\\/\\\/helloproject.es\\\/vigilancia\\\/el-agua-que-se-pierde-mientras-la-guardamos-revelan-las-perdidas-ocultas-por-evaporacion-en-los-embalses\\\/#primaryimage\",\"url\":\"https:\\\/\\\/www.agenciasinc.es\\\/bundles\\\/app\\\/images\\\/quotebefore.png\",\"contentUrl\":\"https:\\\/\\\/www.agenciasinc.es\\\/bundles\\\/app\\\/images\\\/quotebefore.png\"},{\"@type\":\"BreadcrumbList\",\"@id\":\"https:\\\/\\\/helloproject.es\\\/vigilancia\\\/el-agua-que-se-pierde-mientras-la-guardamos-revelan-las-perdidas-ocultas-por-evaporacion-en-los-embalses\\\/#breadcrumb\",\"itemListElement\":[{\"@type\":\"ListItem\",\"position\":1,\"name\":\"Home\",\"item\":\"https:\\\/\\\/helloproject.es\\\/vigilancia\\\/\"},{\"@type\":\"ListItem\",\"position\":2,\"name\":\"El agua que se pierde mientras la guardamos: revelan las p\u00e9rdidas ocultas por evaporaci\u00f3n en los embalses\"}]},{\"@type\":\"WebSite\",\"@id\":\"https:\\\/\\\/helloproject.es\\\/vigilancia\\\/#website\",\"url\":\"https:\\\/\\\/helloproject.es\\\/vigilancia\\\/\",\"name\":\"bip4ex\",\"description\":\"Vigilancia Tecnol\u00f3gica\",\"publisher\":{\"@id\":\"https:\\\/\\\/helloproject.es\\\/vigilancia\\\/#organization\"},\"potentialAction\":[{\"@type\":\"SearchAction\",\"target\":{\"@type\":\"EntryPoint\",\"urlTemplate\":\"https:\\\/\\\/helloproject.es\\\/vigilancia\\\/?s={search_term_string}\"},\"query-input\":{\"@type\":\"PropertyValueSpecification\",\"valueRequired\":true,\"valueName\":\"search_term_string\"}}],\"inLanguage\":\"es\"},{\"@type\":\"Organization\",\"@id\":\"https:\\\/\\\/helloproject.es\\\/vigilancia\\\/#organization\",\"name\":\"Helloproject.es\",\"url\":\"https:\\\/\\\/helloproject.es\\\/vigilancia\\\/\",\"logo\":{\"@type\":\"ImageObject\",\"inLanguage\":\"es\",\"@id\":\"https:\\\/\\\/helloproject.es\\\/vigilancia\\\/#\\\/schema\\\/logo\\\/image\\\/\",\"url\":\"https:\\\/\\\/helloproject.es\\\/vigilancia\\\/wp-content\\\/uploads\\\/2023\\\/07\\\/bip4ex.png\",\"contentUrl\":\"https:\\\/\\\/helloproject.es\\\/vigilancia\\\/wp-content\\\/uploads\\\/2023\\\/07\\\/bip4ex.png\",\"width\":322,\"height\":365,\"caption\":\"Helloproject.es\"},\"image\":{\"@id\":\"https:\\\/\\\/helloproject.es\\\/vigilancia\\\/#\\\/schema\\\/logo\\\/image\\\/\"}},{\"@type\":\"Person\",\"@id\":\"https:\\\/\\\/helloproject.es\\\/vigilancia\\\/#\\\/schema\\\/person\\\/3767b0619d59a11570372c821f8619ca\",\"name\":\"Luis Miguel Mej\u00edas Ramos\",\"url\":\"https:\\\/\\\/helloproject.es\\\/vigilancia\\\/author\\\/luismi\\\/\"}]}<\/script>\n<!-- \/ Yoast SEO Premium plugin. -->","yoast_head_json":{"title":"El agua que se pierde mientras la guardamos: revelan las p\u00e9rdidas ocultas por evaporaci\u00f3n en los embalses - bip4ex","robots":{"index":"index","follow":"follow","max-snippet":"max-snippet:-1","max-image-preview":"max-image-preview:large","max-video-preview":"max-video-preview:-1"},"canonical":"https:\/\/helloproject.es\/vigilancia\/el-agua-que-se-pierde-mientras-la-guardamos-revelan-las-perdidas-ocultas-por-evaporacion-en-los-embalses\/","og_locale":"es_ES","og_type":"article","og_title":"El agua que se pierde mientras la guardamos: revelan las p\u00e9rdidas ocultas por evaporaci\u00f3n en los embalses","og_description":"Los embalses de agua son esenciales para garantizar el suministro en periodos de sequ\u00eda, especialmente en Espa\u00f1a, donde las olas de calor y la falta de precipitaciones son cada vez m\u00e1s frecuentes. Un equipo integrado por investigadores de la Universitat de les Illes Balears, la Universidad de La Rioja y el Instituto Pirenaico de Ecolog\u00eda [&hellip;]","og_url":"https:\/\/helloproject.es\/vigilancia\/el-agua-que-se-pierde-mientras-la-guardamos-revelan-las-perdidas-ocultas-por-evaporacion-en-los-embalses\/","og_site_name":"bip4ex","article_published_time":"2025-10-27T10:28:10+00:00","og_image":[{"url":"https:\/\/www.agenciasinc.es\/bundles\/app\/images\/quotebefore.png","type":"","width":"","height":""}],"author":"Luis Miguel Mej\u00edas Ramos","twitter_card":"summary_large_image","twitter_misc":{"Escrito por":"Luis Miguel Mej\u00edas Ramos","Tiempo de lectura":"4 minutos"},"schema":{"@context":"https:\/\/schema.org","@graph":[{"@type":"Article","@id":"https:\/\/helloproject.es\/vigilancia\/el-agua-que-se-pierde-mientras-la-guardamos-revelan-las-perdidas-ocultas-por-evaporacion-en-los-embalses\/#article","isPartOf":{"@id":"https:\/\/helloproject.es\/vigilancia\/el-agua-que-se-pierde-mientras-la-guardamos-revelan-las-perdidas-ocultas-por-evaporacion-en-los-embalses\/"},"author":{"name":"Luis Miguel Mej\u00edas Ramos","@id":"https:\/\/helloproject.es\/vigilancia\/#\/schema\/person\/3767b0619d59a11570372c821f8619ca"},"headline":"El agua que se pierde mientras la guardamos: revelan las p\u00e9rdidas ocultas por evaporaci\u00f3n en los embalses","datePublished":"2025-10-27T10:28:10+00:00","mainEntityOfPage":{"@id":"https:\/\/helloproject.es\/vigilancia\/el-agua-que-se-pierde-mientras-la-guardamos-revelan-las-perdidas-ocultas-por-evaporacion-en-los-embalses\/"},"wordCount":869,"publisher":{"@id":"https:\/\/helloproject.es\/vigilancia\/#organization"},"image":{"@id":"https:\/\/helloproject.es\/vigilancia\/el-agua-que-se-pierde-mientras-la-guardamos-revelan-las-perdidas-ocultas-por-evaporacion-en-los-embalses\/#primaryimage"},"thumbnailUrl":"https:\/\/www.agenciasinc.es\/bundles\/app\/images\/quotebefore.png","articleSection":["Noticias"],"inLanguage":"es"},{"@type":"WebPage","@id":"https:\/\/helloproject.es\/vigilancia\/el-agua-que-se-pierde-mientras-la-guardamos-revelan-las-perdidas-ocultas-por-evaporacion-en-los-embalses\/","url":"https:\/\/helloproject.es\/vigilancia\/el-agua-que-se-pierde-mientras-la-guardamos-revelan-las-perdidas-ocultas-por-evaporacion-en-los-embalses\/","name":"El agua que se pierde mientras la guardamos: revelan las p\u00e9rdidas ocultas por evaporaci\u00f3n en los embalses - bip4ex","isPartOf":{"@id":"https:\/\/helloproject.es\/vigilancia\/#website"},"primaryImageOfPage":{"@id":"https:\/\/helloproject.es\/vigilancia\/el-agua-que-se-pierde-mientras-la-guardamos-revelan-las-perdidas-ocultas-por-evaporacion-en-los-embalses\/#primaryimage"},"image":{"@id":"https:\/\/helloproject.es\/vigilancia\/el-agua-que-se-pierde-mientras-la-guardamos-revelan-las-perdidas-ocultas-por-evaporacion-en-los-embalses\/#primaryimage"},"thumbnailUrl":"https:\/\/www.agenciasinc.es\/bundles\/app\/images\/quotebefore.png","datePublished":"2025-10-27T10:28:10+00:00","breadcrumb":{"@id":"https:\/\/helloproject.es\/vigilancia\/el-agua-que-se-pierde-mientras-la-guardamos-revelan-las-perdidas-ocultas-por-evaporacion-en-los-embalses\/#breadcrumb"},"inLanguage":"es","potentialAction":[{"@type":"ReadAction","target":["https:\/\/helloproject.es\/vigilancia\/el-agua-que-se-pierde-mientras-la-guardamos-revelan-las-perdidas-ocultas-por-evaporacion-en-los-embalses\/"]}]},{"@type":"ImageObject","inLanguage":"es","@id":"https:\/\/helloproject.es\/vigilancia\/el-agua-que-se-pierde-mientras-la-guardamos-revelan-las-perdidas-ocultas-por-evaporacion-en-los-embalses\/#primaryimage","url":"https:\/\/www.agenciasinc.es\/bundles\/app\/images\/quotebefore.png","contentUrl":"https:\/\/www.agenciasinc.es\/bundles\/app\/images\/quotebefore.png"},{"@type":"BreadcrumbList","@id":"https:\/\/helloproject.es\/vigilancia\/el-agua-que-se-pierde-mientras-la-guardamos-revelan-las-perdidas-ocultas-por-evaporacion-en-los-embalses\/#breadcrumb","itemListElement":[{"@type":"ListItem","position":1,"name":"Home","item":"https:\/\/helloproject.es\/vigilancia\/"},{"@type":"ListItem","position":2,"name":"El agua que se pierde mientras la guardamos: revelan las p\u00e9rdidas ocultas por evaporaci\u00f3n en los embalses"}]},{"@type":"WebSite","@id":"https:\/\/helloproject.es\/vigilancia\/#website","url":"https:\/\/helloproject.es\/vigilancia\/","name":"bip4ex","description":"Vigilancia Tecnol\u00f3gica","publisher":{"@id":"https:\/\/helloproject.es\/vigilancia\/#organization"},"potentialAction":[{"@type":"SearchAction","target":{"@type":"EntryPoint","urlTemplate":"https:\/\/helloproject.es\/vigilancia\/?s={search_term_string}"},"query-input":{"@type":"PropertyValueSpecification","valueRequired":true,"valueName":"search_term_string"}}],"inLanguage":"es"},{"@type":"Organization","@id":"https:\/\/helloproject.es\/vigilancia\/#organization","name":"Helloproject.es","url":"https:\/\/helloproject.es\/vigilancia\/","logo":{"@type":"ImageObject","inLanguage":"es","@id":"https:\/\/helloproject.es\/vigilancia\/#\/schema\/logo\/image\/","url":"https:\/\/helloproject.es\/vigilancia\/wp-content\/uploads\/2023\/07\/bip4ex.png","contentUrl":"https:\/\/helloproject.es\/vigilancia\/wp-content\/uploads\/2023\/07\/bip4ex.png","width":322,"height":365,"caption":"Helloproject.es"},"image":{"@id":"https:\/\/helloproject.es\/vigilancia\/#\/schema\/logo\/image\/"}},{"@type":"Person","@id":"https:\/\/helloproject.es\/vigilancia\/#\/schema\/person\/3767b0619d59a11570372c821f8619ca","name":"Luis Miguel Mej\u00edas Ramos","url":"https:\/\/helloproject.es\/vigilancia\/author\/luismi\/"}]}},"_links":{"self":[{"href":"https:\/\/helloproject.es\/vigilancia\/wp-json\/wp\/v2\/posts\/185891","targetHints":{"allow":["GET"]}}],"collection":[{"href":"https:\/\/helloproject.es\/vigilancia\/wp-json\/wp\/v2\/posts"}],"about":[{"href":"https:\/\/helloproject.es\/vigilancia\/wp-json\/wp\/v2\/types\/post"}],"author":[{"embeddable":true,"href":"https:\/\/helloproject.es\/vigilancia\/wp-json\/wp\/v2\/users\/5"}],"replies":[{"embeddable":true,"href":"https:\/\/helloproject.es\/vigilancia\/wp-json\/wp\/v2\/comments?post=185891"}],"version-history":[{"count":0,"href":"https:\/\/helloproject.es\/vigilancia\/wp-json\/wp\/v2\/posts\/185891\/revisions"}],"wp:attachment":[{"href":"https:\/\/helloproject.es\/vigilancia\/wp-json\/wp\/v2\/media?parent=185891"}],"wp:term":[{"taxonomy":"category","embeddable":true,"href":"https:\/\/helloproject.es\/vigilancia\/wp-json\/wp\/v2\/categories?post=185891"},{"taxonomy":"post_tag","embeddable":true,"href":"https:\/\/helloproject.es\/vigilancia\/wp-json\/wp\/v2\/tags?post=185891"}],"curies":[{"name":"wp","href":"https:\/\/api.w.org\/{rel}","templated":true}]}}